{"id":105451,"date":"2024-05-24T17:32:41","date_gmt":"2024-05-24T20:32:41","guid":{"rendered":"https:\/\/regiaonews.net.br\/2022\/?p=105451"},"modified":"2024-05-24T18:55:16","modified_gmt":"2024-05-24T21:55:16","slug":"governo-investe-r-143-milhoes-em-prevencao-a-enchentes-em-araraquara","status":"publish","type":"post","link":"https:\/\/regiaonews.net.br\/2022\/2024\/05\/24\/governo-investe-r-143-milhoes-em-prevencao-a-enchentes-em-araraquara\/","title":{"rendered":"Governo investe R$ 143 milh\u00f5es em preven\u00e7\u00e3o a enchentes em Araraquara"},"content":{"rendered":"<p>Com objetivo de evitar alagamentos em \u00e1reas sens\u00edveis da cidade, permitindo o enfretamento dos impactos de eventos clim\u00e1ticos extremos e promovendo desenvolvimento urbano sustent\u00e1vel e seguran\u00e7a para a popula\u00e7\u00e3o, o presidente Luiz In\u00e1cio Lula da Silva participou, nesta sexta-feira (24), da assinatura da ordem de servi\u00e7o de obras de macrodrenagem e reurbaniza\u00e7\u00e3o de \u00e1reas afetadas por enchentes em Araraquara, no interior de S\u00e3o Paulo. As obras ter\u00e3o investimento de R$ 143 milh\u00f5es do governo federal, por meio do Minist\u00e9rio das Cidades.<img decoding=\"async\" src=\"https:\/\/agenciabrasil.ebc.com.br\/ebc.png?id=1597047&amp;o=node\" \/><img decoding=\"async\" src=\"https:\/\/agenciabrasil.ebc.com.br\/ebc.gif?id=1597047&amp;o=node\" \/><\/p>\n<p>Em discurso, Lula falou sobre a\u00e7\u00f5es diversas do governo federal e disse que voltou \u00e0 Presid\u00eancia da Rep\u00fablica porque o pa\u00eds \u201cestava sendo destro\u00e7ado pelo negacionismo, por pessoas que negavam [a ci\u00eancia]\u201d. Para o presidente, \u00e9 preciso combater a intoler\u00e2ncia e resgatar a civilidade no pa\u00eds e o respeito entre as pessoas.<\/p>\n<blockquote><p>\u201cQueremos construir um pa\u00eds que vive em harmonia, que tenha fraternidade, que tenha solidariedade, como agora a solidariedade do Brasil inteiro com o povo do Rio Grande do Sul, que est\u00e1 sofrendo\u00a0a<a href=\"https:\/\/agenciabrasil.ebc.com.br\/geral\/noticia\/2024-05\/tragedia-no-rs-traz-debate-sobre-adaptacao-as-mudancas-climaticas\" target=\"_blank\" rel=\"noopener\">\u00a0maior cat\u00e1strofe clim\u00e1tica da hist\u00f3ria<\/a>\u00a0daquele estado []. \u00c9 esse pa\u00eds que queremos criar, que uma cidade ajude a outro, um prefeito ajude o outro, que um irm\u00e3o ajude o outro\u201d, ressaltou Lula.<\/p><\/blockquote>\n<p>Em dezembro de 2022,\u00a0<a href=\"https:\/\/agenciabrasil.ebc.com.br\/geral\/noticia\/2023-01\/presidente-vai-a-araraquara-verificar-danos-causados-pela-chuva\" target=\"_blank\" rel=\"noopener\">Araraquara foi atingida por fortes chuvas\u00a0<\/a>e entrou em situa\u00e7\u00e3o de emerg\u00eancia; nove pontos do munic\u00edpio foram afetados, e a queda de uma ponte deixou mortos e feridos. Desde ent\u00e3o, o governo federal liberou R$ 5,1 milh\u00f5es para recupera\u00e7\u00e3o de cinco dessas \u00e1reas.<\/p>\n<p>Est\u00e3o previstas, agora, obras de saneamento integrado nas bacias do Ribeir\u00e3o do Ouro, C\u00f3rrego da Servid\u00e3o, C\u00f3rrego Cap\u00e3o do Paiva e afluentes. Por meio do Minist\u00e9rio dos Transportes, o governo federal tamb\u00e9m cedeu \u00e0 prefeitura de Araraquara um trecho desativado da ferrovia operada pela Concession\u00e1ria Rumo para a constru\u00e7\u00e3o de uma lagoa de reten\u00e7\u00e3o, para prevenir inunda\u00e7\u00f5es na cidade.<\/p>\n<p>No local ser\u00e1 constru\u00eddo o Parque dos Trilhos, com \u00e1reas verdes, de lazer e conviv\u00eancia, al\u00e9m de ciclovias. O parque \u00e9 visto como s\u00edmbolo de jun\u00e7\u00e3o da cidade, antigamente dividida pela linha f\u00e9rrea, pois ligar\u00e1 a \u00e1rea central e a Vila Xavier, que conta com cerca de 40 mil habitantes. \u201cCulturalmente, os trilhos separavam n\u00e3o s\u00f3 a cidade, mas os moradores. Os que tinham mais condi\u00e7\u00f5es financeiras viviam na parte dos trilhos pr\u00f3xima ao centro. Os demais, no \u2018bairro dos pobres\u2019, a Vila Xavier\u201d, explicou a Presid\u00eancia da Rep\u00fablica em comunicado.<\/p>\n<h2>A\u00e7\u00f5es em sa\u00fade<\/h2>\n<p>Durante a cerim\u00f4nia com o presidente Lula, a ministra da Sa\u00fade, N\u00edsia Trindade, e o prefeito de Araraquara, Edinho Silva, assinaram a ades\u00e3o do munic\u00edpio ao<a href=\"https:\/\/agenciabrasil.ebc.com.br\/saude\/noticia\/2024-04\/saude-anuncia-politica-para-ampliar-acesso-especialistas-no-sus\" target=\"_blank\" rel=\"noopener\">\u00a0programa Mais Acesso a Especialistas<\/a>, do Minist\u00e9rio da Sa\u00fade. No termo, a prefeitura se compromete a disponibilizar sua rede de servi\u00e7os para os munic\u00edpios pr\u00f3ximos.<\/p>\n<p>O prefeito deu, tamb\u00e9m, a ordem para in\u00edcio de obras de reforma de tr\u00eas Unidades de Pronto Atendimento (UPAs) da cidade: Central, Vila Xavier e Vale Verde. As obras contar\u00e3o com recursos do governo federal, por meio do Minist\u00e9rio da Sa\u00fade, no montante de R$ 6,9 milh\u00f5es.<\/p>\n<p>Antes do evento, Lula visitou a Escola Municipal de Ensino Fundamental Henrique Scabello, para acompanhar uma a\u00e7\u00e3o de sa\u00fade bucal com os alunos, do programa Sa\u00fade na Escola. A a\u00e7\u00e3o visa a diminui\u00e7\u00e3o da ocorr\u00eancia de c\u00e1ries e outros agravos por meio de avalia\u00e7\u00f5es da sa\u00fade bucal dos estudantes, escova\u00e7\u00e3o dental supervisionada, aplica\u00e7\u00e3o t\u00f3pica de fl\u00faor e Tratamento Restaurador Atraum\u00e1tico (TRA).<\/p>\n<p>Ag\u00eanciaBrasil<\/p>\n","protected":false},"excerpt":{"rendered":"<p>Com objetivo de evitar alagamentos em \u00e1reas sens\u00edveis da cidade,<\/p>\n","protected":false},"author":2,"featured_media":105453,"comment_status":"open","ping_status":"open","sticky":false,"template":"","format":"standard","meta":{"footnotes":""},"categories":[77,25],"tags":[],"class_list":["post-105451","post","type-post","status-publish","format-standard","has-post-thumbnail","hentry","category-araraquara","category-cidades"],"yoast_head":"<!-- This site is optimized with the Yoast SEO plugin v27.4 - https:\/\/yoast.com\/product\/yoast-seo-wordpress\/ -->\n<title>Governo investe R$ 143 milh\u00f5es em preven\u00e7\u00e3o a enchentes em Araraquara - Regi\u00e3o News<\/title>\n<meta name=\"robots\" content=\"index, follow, max-snippet:-1, max-image-preview:large, max-video-preview:-1\" \/>\n<link rel=\"canonical\" href=\"https:\/\/regiaonews.net.br\/2022\/2024\/05\/24\/governo-investe-r-143-milhoes-em-prevencao-a-enchentes-em-araraquara\/\" \/>\n<meta property=\"og:locale\" content=\"pt_BR\" \/>\n<meta property=\"og:type\" content=\"article\" \/>\n<meta property=\"og:title\" content=\"Governo investe R$ 143 milh\u00f5es em preven\u00e7\u00e3o a enchentes em Araraquara - Regi\u00e3o News\" \/>\n<meta property=\"og:description\" content=\"Com objetivo de evitar alagamentos em \u00e1reas sens\u00edveis da cidade,\" \/>\n<meta property=\"og:url\" content=\"https:\/\/regiaonews.net.br\/2022\/2024\/05\/24\/governo-investe-r-143-milhoes-em-prevencao-a-enchentes-em-araraquara\/\" \/>\n<meta property=\"og:site_name\" content=\"Regi\u00e3o News\" \/>\n<meta property=\"article:published_time\" content=\"2024-05-24T20:32:41+00:00\" \/>\n<meta property=\"article:modified_time\" content=\"2024-05-24T21:55:16+00:00\" \/>\n<meta property=\"og:image\" content=\"https:\/\/regiaonews.net.br\/2022\/wp-content\/uploads\/2024\/05\/53742454432_fe62802929_o-1.webp\" \/>\n\t<meta property=\"og:image:width\" content=\"1170\" \/>\n\t<meta property=\"og:image:height\" content=\"700\" \/>\n\t<meta property=\"og:image:type\" content=\"image\/webp\" \/>\n<meta name=\"author\" content=\"Roberto\" \/>\n<meta name=\"twitter:card\" content=\"summary_large_image\" \/>\n<meta name=\"twitter:label1\" content=\"Escrito por\" \/>\n\t<meta name=\"twitter:data1\" content=\"Roberto\" \/>\n\t<meta name=\"twitter:label2\" content=\"Est. tempo de leitura\" \/>\n\t<meta name=\"twitter:data2\" content=\"4 minutos\" \/>\n<script type=\"application\/ld+json\" class=\"yoast-schema-graph\">{\"@context\":\"https:\\\/\\\/schema.org\",\"@graph\":[{\"@type\":\"Article\",\"@id\":\"https:\\\/\\\/regiaonews.net.br\\\/2022\\\/2024\\\/05\\\/24\\\/governo-investe-r-143-milhoes-em-prevencao-a-enchentes-em-araraquara\\\/#article\",\"isPartOf\":{\"@id\":\"https:\\\/\\\/regiaonews.net.br\\\/2022\\\/2024\\\/05\\\/24\\\/governo-investe-r-143-milhoes-em-prevencao-a-enchentes-em-araraquara\\\/\"},\"author\":{\"name\":\"Roberto\",\"@id\":\"https:\\\/\\\/regiaonews.net.br\\\/2022\\\/#\\\/schema\\\/person\\\/2d205a608a5aa97ac279d7a5e6d89ad8\"},\"headline\":\"Governo investe R$ 143 milh\u00f5es em preven\u00e7\u00e3o a enchentes em Araraquara\",\"datePublished\":\"2024-05-24T20:32:41+00:00\",\"dateModified\":\"2024-05-24T21:55:16+00:00\",\"mainEntityOfPage\":{\"@id\":\"https:\\\/\\\/regiaonews.net.br\\\/2022\\\/2024\\\/05\\\/24\\\/governo-investe-r-143-milhoes-em-prevencao-a-enchentes-em-araraquara\\\/\"},\"wordCount\":648,\"commentCount\":0,\"publisher\":{\"@id\":\"https:\\\/\\\/regiaonews.net.br\\\/2022\\\/#organization\"},\"image\":{\"@id\":\"https:\\\/\\\/regiaonews.net.br\\\/2022\\\/2024\\\/05\\\/24\\\/governo-investe-r-143-milhoes-em-prevencao-a-enchentes-em-araraquara\\\/#primaryimage\"},\"thumbnailUrl\":\"https:\\\/\\\/regiaonews.net.br\\\/2022\\\/wp-content\\\/uploads\\\/2024\\\/05\\\/53742454432_fe62802929_o-1.webp\",\"articleSection\":[\"Araraquara\",\"Cidades\"],\"inLanguage\":\"pt-BR\",\"potentialAction\":[{\"@type\":\"CommentAction\",\"name\":\"Comment\",\"target\":[\"https:\\\/\\\/regiaonews.net.br\\\/2022\\\/2024\\\/05\\\/24\\\/governo-investe-r-143-milhoes-em-prevencao-a-enchentes-em-araraquara\\\/#respond\"]}]},{\"@type\":\"WebPage\",\"@id\":\"https:\\\/\\\/regiaonews.net.br\\\/2022\\\/2024\\\/05\\\/24\\\/governo-investe-r-143-milhoes-em-prevencao-a-enchentes-em-araraquara\\\/\",\"url\":\"https:\\\/\\\/regiaonews.net.br\\\/2022\\\/2024\\\/05\\\/24\\\/governo-investe-r-143-milhoes-em-prevencao-a-enchentes-em-araraquara\\\/\",\"name\":\"Governo investe R$ 143 milh\u00f5es em preven\u00e7\u00e3o a enchentes em Araraquara - Regi\u00e3o News\",\"isPartOf\":{\"@id\":\"https:\\\/\\\/regiaonews.net.br\\\/2022\\\/#website\"},\"primaryImageOfPage\":{\"@id\":\"https:\\\/\\\/regiaonews.net.br\\\/2022\\\/2024\\\/05\\\/24\\\/governo-investe-r-143-milhoes-em-prevencao-a-enchentes-em-araraquara\\\/#primaryimage\"},\"image\":{\"@id\":\"https:\\\/\\\/regiaonews.net.br\\\/2022\\\/2024\\\/05\\\/24\\\/governo-investe-r-143-milhoes-em-prevencao-a-enchentes-em-araraquara\\\/#primaryimage\"},\"thumbnailUrl\":\"https:\\\/\\\/regiaonews.net.br\\\/2022\\\/wp-content\\\/uploads\\\/2024\\\/05\\\/53742454432_fe62802929_o-1.webp\",\"datePublished\":\"2024-05-24T20:32:41+00:00\",\"dateModified\":\"2024-05-24T21:55:16+00:00\",\"breadcrumb\":{\"@id\":\"https:\\\/\\\/regiaonews.net.br\\\/2022\\\/2024\\\/05\\\/24\\\/governo-investe-r-143-milhoes-em-prevencao-a-enchentes-em-araraquara\\\/#breadcrumb\"},\"inLanguage\":\"pt-BR\",\"potentialAction\":[{\"@type\":\"ReadAction\",\"target\":[\"https:\\\/\\\/regiaonews.net.br\\\/2022\\\/2024\\\/05\\\/24\\\/governo-investe-r-143-milhoes-em-prevencao-a-enchentes-em-araraquara\\\/\"]}]},{\"@type\":\"ImageObject\",\"inLanguage\":\"pt-BR\",\"@id\":\"https:\\\/\\\/regiaonews.net.br\\\/2022\\\/2024\\\/05\\\/24\\\/governo-investe-r-143-milhoes-em-prevencao-a-enchentes-em-araraquara\\\/#primaryimage\",\"url\":\"https:\\\/\\\/regiaonews.net.br\\\/2022\\\/wp-content\\\/uploads\\\/2024\\\/05\\\/53742454432_fe62802929_o-1.webp\",\"contentUrl\":\"https:\\\/\\\/regiaonews.net.br\\\/2022\\\/wp-content\\\/uploads\\\/2024\\\/05\\\/53742454432_fe62802929_o-1.webp\",\"width\":1170,\"height\":700},{\"@type\":\"BreadcrumbList\",\"@id\":\"https:\\\/\\\/regiaonews.net.br\\\/2022\\\/2024\\\/05\\\/24\\\/governo-investe-r-143-milhoes-em-prevencao-a-enchentes-em-araraquara\\\/#breadcrumb\",\"itemListElement\":[{\"@type\":\"ListItem\",\"position\":1,\"name\":\"In\u00edcio\",\"item\":\"https:\\\/\\\/regiaonews.net.br\\\/2022\\\/\"},{\"@type\":\"ListItem\",\"position\":2,\"name\":\"Governo investe R$ 143 milh\u00f5es em preven\u00e7\u00e3o a enchentes em Araraquara\"}]},{\"@type\":\"WebSite\",\"@id\":\"https:\\\/\\\/regiaonews.net.br\\\/2022\\\/#website\",\"url\":\"https:\\\/\\\/regiaonews.net.br\\\/2022\\\/\",\"name\":\"Regi\u00e3o News\",\"description\":\"Site de Not\u00edcias de Barretos e regi\u00e3o\",\"publisher\":{\"@id\":\"https:\\\/\\\/regiaonews.net.br\\\/2022\\\/#organization\"},\"potentialAction\":[{\"@type\":\"SearchAction\",\"target\":{\"@type\":\"EntryPoint\",\"urlTemplate\":\"https:\\\/\\\/regiaonews.net.br\\\/2022\\\/?s={search_term_string}\"},\"query-input\":{\"@type\":\"PropertyValueSpecification\",\"valueRequired\":true,\"valueName\":\"search_term_string\"}}],\"inLanguage\":\"pt-BR\"},{\"@type\":\"Organization\",\"@id\":\"https:\\\/\\\/regiaonews.net.br\\\/2022\\\/#organization\",\"name\":\"Regi\u00e3o News\",\"url\":\"https:\\\/\\\/regiaonews.net.br\\\/2022\\\/\",\"logo\":{\"@type\":\"ImageObject\",\"inLanguage\":\"pt-BR\",\"@id\":\"https:\\\/\\\/regiaonews.net.br\\\/2022\\\/#\\\/schema\\\/logo\\\/image\\\/\",\"url\":\"https:\\\/\\\/regiaonews.net.br\\\/2022\\\/wp-content\\\/uploads\\\/2026\\\/03\\\/regiao-13-anos-scaled.jpg\",\"contentUrl\":\"https:\\\/\\\/regiaonews.net.br\\\/2022\\\/wp-content\\\/uploads\\\/2026\\\/03\\\/regiao-13-anos-scaled.jpg\",\"width\":2560,\"height\":635,\"caption\":\"Regi\u00e3o News\"},\"image\":{\"@id\":\"https:\\\/\\\/regiaonews.net.br\\\/2022\\\/#\\\/schema\\\/logo\\\/image\\\/\"}},{\"@type\":\"Person\",\"@id\":\"https:\\\/\\\/regiaonews.net.br\\\/2022\\\/#\\\/schema\\\/person\\\/2d205a608a5aa97ac279d7a5e6d89ad8\",\"name\":\"Roberto\",\"image\":{\"@type\":\"ImageObject\",\"inLanguage\":\"pt-BR\",\"@id\":\"https:\\\/\\\/secure.gravatar.com\\\/avatar\\\/42749d8b712ff9d59ca93dc150494e5b55a44134482993f5baeb97e61b7ecc89?s=96&d=mm&r=g\",\"url\":\"https:\\\/\\\/secure.gravatar.com\\\/avatar\\\/42749d8b712ff9d59ca93dc150494e5b55a44134482993f5baeb97e61b7ecc89?s=96&d=mm&r=g\",\"contentUrl\":\"https:\\\/\\\/secure.gravatar.com\\\/avatar\\\/42749d8b712ff9d59ca93dc150494e5b55a44134482993f5baeb97e61b7ecc89?s=96&d=mm&r=g\",\"caption\":\"Roberto\"},\"url\":\"https:\\\/\\\/regiaonews.net.br\\\/2022\\\/author\\\/roberto\\\/\"}]}<\/script>\n<!-- \/ Yoast SEO plugin. -->","yoast_head_json":{"title":"Governo investe R$ 143 milh\u00f5es em preven\u00e7\u00e3o a enchentes em Araraquara - Regi\u00e3o News","robots":{"index":"index","follow":"follow","max-snippet":"max-snippet:-1","max-image-preview":"max-image-preview:large","max-video-preview":"max-video-preview:-1"},"canonical":"https:\/\/regiaonews.net.br\/2022\/2024\/05\/24\/governo-investe-r-143-milhoes-em-prevencao-a-enchentes-em-araraquara\/","og_locale":"pt_BR","og_type":"article","og_title":"Governo investe R$ 143 milh\u00f5es em preven\u00e7\u00e3o a enchentes em Araraquara - Regi\u00e3o News","og_description":"Com objetivo de evitar alagamentos em \u00e1reas sens\u00edveis da cidade,","og_url":"https:\/\/regiaonews.net.br\/2022\/2024\/05\/24\/governo-investe-r-143-milhoes-em-prevencao-a-enchentes-em-araraquara\/","og_site_name":"Regi\u00e3o News","article_published_time":"2024-05-24T20:32:41+00:00","article_modified_time":"2024-05-24T21:55:16+00:00","og_image":[{"width":1170,"height":700,"url":"https:\/\/regiaonews.net.br\/2022\/wp-content\/uploads\/2024\/05\/53742454432_fe62802929_o-1.webp","type":"image\/webp"}],"author":"Roberto","twitter_card":"summary_large_image","twitter_misc":{"Escrito por":"Roberto","Est. tempo de leitura":"4 minutos"},"schema":{"@context":"https:\/\/schema.org","@graph":[{"@type":"Article","@id":"https:\/\/regiaonews.net.br\/2022\/2024\/05\/24\/governo-investe-r-143-milhoes-em-prevencao-a-enchentes-em-araraquara\/#article","isPartOf":{"@id":"https:\/\/regiaonews.net.br\/2022\/2024\/05\/24\/governo-investe-r-143-milhoes-em-prevencao-a-enchentes-em-araraquara\/"},"author":{"name":"Roberto","@id":"https:\/\/regiaonews.net.br\/2022\/#\/schema\/person\/2d205a608a5aa97ac279d7a5e6d89ad8"},"headline":"Governo investe R$ 143 milh\u00f5es em preven\u00e7\u00e3o a enchentes em Araraquara","datePublished":"2024-05-24T20:32:41+00:00","dateModified":"2024-05-24T21:55:16+00:00","mainEntityOfPage":{"@id":"https:\/\/regiaonews.net.br\/2022\/2024\/05\/24\/governo-investe-r-143-milhoes-em-prevencao-a-enchentes-em-araraquara\/"},"wordCount":648,"commentCount":0,"publisher":{"@id":"https:\/\/regiaonews.net.br\/2022\/#organization"},"image":{"@id":"https:\/\/regiaonews.net.br\/2022\/2024\/05\/24\/governo-investe-r-143-milhoes-em-prevencao-a-enchentes-em-araraquara\/#primaryimage"},"thumbnailUrl":"https:\/\/regiaonews.net.br\/2022\/wp-content\/uploads\/2024\/05\/53742454432_fe62802929_o-1.webp","articleSection":["Araraquara","Cidades"],"inLanguage":"pt-BR","potentialAction":[{"@type":"CommentAction","name":"Comment","target":["https:\/\/regiaonews.net.br\/2022\/2024\/05\/24\/governo-investe-r-143-milhoes-em-prevencao-a-enchentes-em-araraquara\/#respond"]}]},{"@type":"WebPage","@id":"https:\/\/regiaonews.net.br\/2022\/2024\/05\/24\/governo-investe-r-143-milhoes-em-prevencao-a-enchentes-em-araraquara\/","url":"https:\/\/regiaonews.net.br\/2022\/2024\/05\/24\/governo-investe-r-143-milhoes-em-prevencao-a-enchentes-em-araraquara\/","name":"Governo investe R$ 143 milh\u00f5es em preven\u00e7\u00e3o a enchentes em Araraquara - Regi\u00e3o News","isPartOf":{"@id":"https:\/\/regiaonews.net.br\/2022\/#website"},"primaryImageOfPage":{"@id":"https:\/\/regiaonews.net.br\/2022\/2024\/05\/24\/governo-investe-r-143-milhoes-em-prevencao-a-enchentes-em-araraquara\/#primaryimage"},"image":{"@id":"https:\/\/regiaonews.net.br\/2022\/2024\/05\/24\/governo-investe-r-143-milhoes-em-prevencao-a-enchentes-em-araraquara\/#primaryimage"},"thumbnailUrl":"https:\/\/regiaonews.net.br\/2022\/wp-content\/uploads\/2024\/05\/53742454432_fe62802929_o-1.webp","datePublished":"2024-05-24T20:32:41+00:00","dateModified":"2024-05-24T21:55:16+00:00","breadcrumb":{"@id":"https:\/\/regiaonews.net.br\/2022\/2024\/05\/24\/governo-investe-r-143-milhoes-em-prevencao-a-enchentes-em-araraquara\/#breadcrumb"},"inLanguage":"pt-BR","potentialAction":[{"@type":"ReadAction","target":["https:\/\/regiaonews.net.br\/2022\/2024\/05\/24\/governo-investe-r-143-milhoes-em-prevencao-a-enchentes-em-araraquara\/"]}]},{"@type":"ImageObject","inLanguage":"pt-BR","@id":"https:\/\/regiaonews.net.br\/2022\/2024\/05\/24\/governo-investe-r-143-milhoes-em-prevencao-a-enchentes-em-araraquara\/#primaryimage","url":"https:\/\/regiaonews.net.br\/2022\/wp-content\/uploads\/2024\/05\/53742454432_fe62802929_o-1.webp","contentUrl":"https:\/\/regiaonews.net.br\/2022\/wp-content\/uploads\/2024\/05\/53742454432_fe62802929_o-1.webp","width":1170,"height":700},{"@type":"BreadcrumbList","@id":"https:\/\/regiaonews.net.br\/2022\/2024\/05\/24\/governo-investe-r-143-milhoes-em-prevencao-a-enchentes-em-araraquara\/#breadcrumb","itemListElement":[{"@type":"ListItem","position":1,"name":"In\u00edcio","item":"https:\/\/regiaonews.net.br\/2022\/"},{"@type":"ListItem","position":2,"name":"Governo investe R$ 143 milh\u00f5es em preven\u00e7\u00e3o a enchentes em Araraquara"}]},{"@type":"WebSite","@id":"https:\/\/regiaonews.net.br\/2022\/#website","url":"https:\/\/regiaonews.net.br\/2022\/","name":"Regi\u00e3o News","description":"Site de Not\u00edcias de Barretos e regi\u00e3o","publisher":{"@id":"https:\/\/regiaonews.net.br\/2022\/#organization"},"potentialAction":[{"@type":"SearchAction","target":{"@type":"EntryPoint","urlTemplate":"https:\/\/regiaonews.net.br\/2022\/?s={search_term_string}"},"query-input":{"@type":"PropertyValueSpecification","valueRequired":true,"valueName":"search_term_string"}}],"inLanguage":"pt-BR"},{"@type":"Organization","@id":"https:\/\/regiaonews.net.br\/2022\/#organization","name":"Regi\u00e3o News","url":"https:\/\/regiaonews.net.br\/2022\/","logo":{"@type":"ImageObject","inLanguage":"pt-BR","@id":"https:\/\/regiaonews.net.br\/2022\/#\/schema\/logo\/image\/","url":"https:\/\/regiaonews.net.br\/2022\/wp-content\/uploads\/2026\/03\/regiao-13-anos-scaled.jpg","contentUrl":"https:\/\/regiaonews.net.br\/2022\/wp-content\/uploads\/2026\/03\/regiao-13-anos-scaled.jpg","width":2560,"height":635,"caption":"Regi\u00e3o News"},"image":{"@id":"https:\/\/regiaonews.net.br\/2022\/#\/schema\/logo\/image\/"}},{"@type":"Person","@id":"https:\/\/regiaonews.net.br\/2022\/#\/schema\/person\/2d205a608a5aa97ac279d7a5e6d89ad8","name":"Roberto","image":{"@type":"ImageObject","inLanguage":"pt-BR","@id":"https:\/\/secure.gravatar.com\/avatar\/42749d8b712ff9d59ca93dc150494e5b55a44134482993f5baeb97e61b7ecc89?s=96&d=mm&r=g","url":"https:\/\/secure.gravatar.com\/avatar\/42749d8b712ff9d59ca93dc150494e5b55a44134482993f5baeb97e61b7ecc89?s=96&d=mm&r=g","contentUrl":"https:\/\/secure.gravatar.com\/avatar\/42749d8b712ff9d59ca93dc150494e5b55a44134482993f5baeb97e61b7ecc89?s=96&d=mm&r=g","caption":"Roberto"},"url":"https:\/\/regiaonews.net.br\/2022\/author\/roberto\/"}]}},"publishpress_future_action":{"enabled":false,"date":"2026-05-03 05:11:21","action":"change-status","newStatus":"draft","terms":[],"taxonomy":"category","extraData":[]},"publishpress_future_workflow_manual_trigger":{"enabledWorkflows":[]},"_links":{"self":[{"href":"https:\/\/regiaonews.net.br\/2022\/wp-json\/wp\/v2\/posts\/105451","targetHints":{"allow":["GET"]}}],"collection":[{"href":"https:\/\/regiaonews.net.br\/2022\/wp-json\/wp\/v2\/posts"}],"about":[{"href":"https:\/\/regiaonews.net.br\/2022\/wp-json\/wp\/v2\/types\/post"}],"author":[{"embeddable":true,"href":"https:\/\/regiaonews.net.br\/2022\/wp-json\/wp\/v2\/users\/2"}],"replies":[{"embeddable":true,"href":"https:\/\/regiaonews.net.br\/2022\/wp-json\/wp\/v2\/comments?post=105451"}],"version-history":[{"count":2,"href":"https:\/\/regiaonews.net.br\/2022\/wp-json\/wp\/v2\/posts\/105451\/revisions"}],"predecessor-version":[{"id":105455,"href":"https:\/\/regiaonews.net.br\/2022\/wp-json\/wp\/v2\/posts\/105451\/revisions\/105455"}],"wp:featuredmedia":[{"embeddable":true,"href":"https:\/\/regiaonews.net.br\/2022\/wp-json\/wp\/v2\/media\/105453"}],"wp:attachment":[{"href":"https:\/\/regiaonews.net.br\/2022\/wp-json\/wp\/v2\/media?parent=105451"}],"wp:term":[{"taxonomy":"category","embeddable":true,"href":"https:\/\/regiaonews.net.br\/2022\/wp-json\/wp\/v2\/categories?post=105451"},{"taxonomy":"post_tag","embeddable":true,"href":"https:\/\/regiaonews.net.br\/2022\/wp-json\/wp\/v2\/tags?post=105451"}],"curies":[{"name":"wp","href":"https:\/\/api.w.org\/{rel}","templated":true}]}}