{"id":105439,"date":"2024-05-24T14:31:48","date_gmt":"2024-05-24T17:31:48","guid":{"rendered":"https:\/\/regiaonews.net.br\/2022\/?p=105439"},"modified":"2024-05-24T14:31:48","modified_gmt":"2024-05-24T17:31:48","slug":"concurso-unificado-sera-em-18-de-agosto-confirma-ministerio-da-gestao","status":"publish","type":"post","link":"https:\/\/regiaonews.net.br\/2022\/2024\/05\/24\/concurso-unificado-sera-em-18-de-agosto-confirma-ministerio-da-gestao\/","title":{"rendered":"Concurso Unificado ser\u00e1 em 18 de agosto, confirma Minist\u00e9rio da Gest\u00e3o"},"content":{"rendered":"<p>O Concurso Nacional Unificado (CNU) j\u00e1 tem nova data de aplica\u00e7\u00e3o das provas: 18 de agosto. O cart\u00e3o de confirma\u00e7\u00e3o de inscri\u00e7\u00e3o, com os detalhes sobre os locais de provas, ser\u00e1 divulgado em 7 de agosto. A informa\u00e7\u00e3o foi divulgada pelo Minist\u00e9rio da Gest\u00e3o e da Inova\u00e7\u00e3o em Servi\u00e7os P\u00fablicos (MGI) na manh\u00e3 desta quinta-feira (23).<br \/>\nA prova tem mais de 2,1 milh\u00f5es de candidatos inscritos que v\u00e3o disputar 6.640 vagas em 21 \u00f3rg\u00e3os da administra\u00e7\u00e3o p\u00fablica federal. Sal\u00e1rios iniciais podem chegar a R$ 22,9 mil. O cronograma completo ser\u00e1 divulgado pelo governo federal, em breve.<br \/>\nInicialmente, as provas ocorreriam em 5 de maio. No entanto, dois dias antes do evento, em 3 de maio, o governo federal adiou o concurso, por causa das fortes chuvas que atingiram quase 95% (468, dos 497) dos munic\u00edpios ga\u00fachos. Desde o fim de abril, a trag\u00e9dia j\u00e1 provocou 163 mortes, al\u00e9m de alagamentos e preju\u00edzos ainda\u00a0n\u00e3o\u00a0calculados.<\/p>\n","protected":false},"excerpt":{"rendered":"<p>O Concurso Nacional Unificado (CNU) j\u00e1 tem nova data de<\/p>\n","protected":false},"author":2,"featured_media":105440,"comment_status":"open","ping_status":"open","sticky":false,"template":"","format":"standard","meta":{"footnotes":""},"categories":[24,3],"tags":[],"class_list":["post-105439","post","type-post","status-publish","format-standard","has-post-thumbnail","hentry","category-brasil","category-geral"],"yoast_head":"<!-- This site is optimized with the Yoast SEO plugin v27.4 - https:\/\/yoast.com\/product\/yoast-seo-wordpress\/ -->\n<title>Concurso Unificado ser\u00e1 em 18 de agosto, confirma Minist\u00e9rio da Gest\u00e3o - Regi\u00e3o News<\/title>\n<meta name=\"robots\" content=\"index, follow, max-snippet:-1, max-image-preview:large, max-video-preview:-1\" \/>\n<link rel=\"canonical\" href=\"https:\/\/regiaonews.net.br\/2022\/2024\/05\/24\/concurso-unificado-sera-em-18-de-agosto-confirma-ministerio-da-gestao\/\" \/>\n<meta property=\"og:locale\" content=\"pt_BR\" \/>\n<meta property=\"og:type\" content=\"article\" \/>\n<meta property=\"og:title\" content=\"Concurso Unificado ser\u00e1 em 18 de agosto, confirma Minist\u00e9rio da Gest\u00e3o - Regi\u00e3o News\" \/>\n<meta property=\"og:description\" content=\"O Concurso Nacional Unificado (CNU) j\u00e1 tem nova data de\" \/>\n<meta property=\"og:url\" content=\"https:\/\/regiaonews.net.br\/2022\/2024\/05\/24\/concurso-unificado-sera-em-18-de-agosto-confirma-ministerio-da-gestao\/\" \/>\n<meta property=\"og:site_name\" content=\"Regi\u00e3o News\" \/>\n<meta property=\"article:published_time\" content=\"2024-05-24T17:31:48+00:00\" \/>\n<meta property=\"og:image\" content=\"https:\/\/regiaonews.net.br\/2022\/wp-content\/uploads\/2024\/05\/Imagem-do-WhatsApp-de-2024-05-24-as-10.39.41_535e6fbc.jpg\" \/>\n\t<meta property=\"og:image:width\" content=\"514\" \/>\n\t<meta property=\"og:image:height\" content=\"309\" \/>\n\t<meta property=\"og:image:type\" content=\"image\/jpeg\" \/>\n<meta name=\"author\" content=\"Roberto\" \/>\n<meta name=\"twitter:card\" content=\"summary_large_image\" \/>\n<meta name=\"twitter:label1\" content=\"Escrito por\" \/>\n\t<meta name=\"twitter:data1\" content=\"Roberto\" \/>\n\t<meta name=\"twitter:label2\" content=\"Est. tempo de leitura\" \/>\n\t<meta name=\"twitter:data2\" content=\"1 minuto\" \/>\n<script type=\"application\/ld+json\" class=\"yoast-schema-graph\">{\"@context\":\"https:\\\/\\\/schema.org\",\"@graph\":[{\"@type\":\"Article\",\"@id\":\"https:\\\/\\\/regiaonews.net.br\\\/2022\\\/2024\\\/05\\\/24\\\/concurso-unificado-sera-em-18-de-agosto-confirma-ministerio-da-gestao\\\/#article\",\"isPartOf\":{\"@id\":\"https:\\\/\\\/regiaonews.net.br\\\/2022\\\/2024\\\/05\\\/24\\\/concurso-unificado-sera-em-18-de-agosto-confirma-ministerio-da-gestao\\\/\"},\"author\":{\"name\":\"Roberto\",\"@id\":\"https:\\\/\\\/regiaonews.net.br\\\/2022\\\/#\\\/schema\\\/person\\\/2d205a608a5aa97ac279d7a5e6d89ad8\"},\"headline\":\"Concurso Unificado ser\u00e1 em 18 de agosto, confirma Minist\u00e9rio da Gest\u00e3o\",\"datePublished\":\"2024-05-24T17:31:48+00:00\",\"mainEntityOfPage\":{\"@id\":\"https:\\\/\\\/regiaonews.net.br\\\/2022\\\/2024\\\/05\\\/24\\\/concurso-unificado-sera-em-18-de-agosto-confirma-ministerio-da-gestao\\\/\"},\"wordCount\":176,\"commentCount\":0,\"publisher\":{\"@id\":\"https:\\\/\\\/regiaonews.net.br\\\/2022\\\/#organization\"},\"image\":{\"@id\":\"https:\\\/\\\/regiaonews.net.br\\\/2022\\\/2024\\\/05\\\/24\\\/concurso-unificado-sera-em-18-de-agosto-confirma-ministerio-da-gestao\\\/#primaryimage\"},\"thumbnailUrl\":\"https:\\\/\\\/regiaonews.net.br\\\/2022\\\/wp-content\\\/uploads\\\/2024\\\/05\\\/Imagem-do-WhatsApp-de-2024-05-24-as-10.39.41_535e6fbc.jpg\",\"articleSection\":[\"Brasil\",\"Geral\"],\"inLanguage\":\"pt-BR\",\"potentialAction\":[{\"@type\":\"CommentAction\",\"name\":\"Comment\",\"target\":[\"https:\\\/\\\/regiaonews.net.br\\\/2022\\\/2024\\\/05\\\/24\\\/concurso-unificado-sera-em-18-de-agosto-confirma-ministerio-da-gestao\\\/#respond\"]}]},{\"@type\":\"WebPage\",\"@id\":\"https:\\\/\\\/regiaonews.net.br\\\/2022\\\/2024\\\/05\\\/24\\\/concurso-unificado-sera-em-18-de-agosto-confirma-ministerio-da-gestao\\\/\",\"url\":\"https:\\\/\\\/regiaonews.net.br\\\/2022\\\/2024\\\/05\\\/24\\\/concurso-unificado-sera-em-18-de-agosto-confirma-ministerio-da-gestao\\\/\",\"name\":\"Concurso Unificado ser\u00e1 em 18 de agosto, confirma Minist\u00e9rio da Gest\u00e3o - Regi\u00e3o News\",\"isPartOf\":{\"@id\":\"https:\\\/\\\/regiaonews.net.br\\\/2022\\\/#website\"},\"primaryImageOfPage\":{\"@id\":\"https:\\\/\\\/regiaonews.net.br\\\/2022\\\/2024\\\/05\\\/24\\\/concurso-unificado-sera-em-18-de-agosto-confirma-ministerio-da-gestao\\\/#primaryimage\"},\"image\":{\"@id\":\"https:\\\/\\\/regiaonews.net.br\\\/2022\\\/2024\\\/05\\\/24\\\/concurso-unificado-sera-em-18-de-agosto-confirma-ministerio-da-gestao\\\/#primaryimage\"},\"thumbnailUrl\":\"https:\\\/\\\/regiaonews.net.br\\\/2022\\\/wp-content\\\/uploads\\\/2024\\\/05\\\/Imagem-do-WhatsApp-de-2024-05-24-as-10.39.41_535e6fbc.jpg\",\"datePublished\":\"2024-05-24T17:31:48+00:00\",\"breadcrumb\":{\"@id\":\"https:\\\/\\\/regiaonews.net.br\\\/2022\\\/2024\\\/05\\\/24\\\/concurso-unificado-sera-em-18-de-agosto-confirma-ministerio-da-gestao\\\/#breadcrumb\"},\"inLanguage\":\"pt-BR\",\"potentialAction\":[{\"@type\":\"ReadAction\",\"target\":[\"https:\\\/\\\/regiaonews.net.br\\\/2022\\\/2024\\\/05\\\/24\\\/concurso-unificado-sera-em-18-de-agosto-confirma-ministerio-da-gestao\\\/\"]}]},{\"@type\":\"ImageObject\",\"inLanguage\":\"pt-BR\",\"@id\":\"https:\\\/\\\/regiaonews.net.br\\\/2022\\\/2024\\\/05\\\/24\\\/concurso-unificado-sera-em-18-de-agosto-confirma-ministerio-da-gestao\\\/#primaryimage\",\"url\":\"https:\\\/\\\/regiaonews.net.br\\\/2022\\\/wp-content\\\/uploads\\\/2024\\\/05\\\/Imagem-do-WhatsApp-de-2024-05-24-as-10.39.41_535e6fbc.jpg\",\"contentUrl\":\"https:\\\/\\\/regiaonews.net.br\\\/2022\\\/wp-content\\\/uploads\\\/2024\\\/05\\\/Imagem-do-WhatsApp-de-2024-05-24-as-10.39.41_535e6fbc.jpg\",\"width\":514,\"height\":309},{\"@type\":\"BreadcrumbList\",\"@id\":\"https:\\\/\\\/regiaonews.net.br\\\/2022\\\/2024\\\/05\\\/24\\\/concurso-unificado-sera-em-18-de-agosto-confirma-ministerio-da-gestao\\\/#breadcrumb\",\"itemListElement\":[{\"@type\":\"ListItem\",\"position\":1,\"name\":\"In\u00edcio\",\"item\":\"https:\\\/\\\/regiaonews.net.br\\\/2022\\\/\"},{\"@type\":\"ListItem\",\"position\":2,\"name\":\"Concurso Unificado ser\u00e1 em 18 de agosto, confirma Minist\u00e9rio da Gest\u00e3o\"}]},{\"@type\":\"WebSite\",\"@id\":\"https:\\\/\\\/regiaonews.net.br\\\/2022\\\/#website\",\"url\":\"https:\\\/\\\/regiaonews.net.br\\\/2022\\\/\",\"name\":\"Regi\u00e3o News\",\"description\":\"Site de Not\u00edcias de Barretos e regi\u00e3o\",\"publisher\":{\"@id\":\"https:\\\/\\\/regiaonews.net.br\\\/2022\\\/#organization\"},\"potentialAction\":[{\"@type\":\"SearchAction\",\"target\":{\"@type\":\"EntryPoint\",\"urlTemplate\":\"https:\\\/\\\/regiaonews.net.br\\\/2022\\\/?s={search_term_string}\"},\"query-input\":{\"@type\":\"PropertyValueSpecification\",\"valueRequired\":true,\"valueName\":\"search_term_string\"}}],\"inLanguage\":\"pt-BR\"},{\"@type\":\"Organization\",\"@id\":\"https:\\\/\\\/regiaonews.net.br\\\/2022\\\/#organization\",\"name\":\"Regi\u00e3o News\",\"url\":\"https:\\\/\\\/regiaonews.net.br\\\/2022\\\/\",\"logo\":{\"@type\":\"ImageObject\",\"inLanguage\":\"pt-BR\",\"@id\":\"https:\\\/\\\/regiaonews.net.br\\\/2022\\\/#\\\/schema\\\/logo\\\/image\\\/\",\"url\":\"https:\\\/\\\/regiaonews.net.br\\\/2022\\\/wp-content\\\/uploads\\\/2026\\\/03\\\/regiao-13-anos-scaled.jpg\",\"contentUrl\":\"https:\\\/\\\/regiaonews.net.br\\\/2022\\\/wp-content\\\/uploads\\\/2026\\\/03\\\/regiao-13-anos-scaled.jpg\",\"width\":2560,\"height\":635,\"caption\":\"Regi\u00e3o News\"},\"image\":{\"@id\":\"https:\\\/\\\/regiaonews.net.br\\\/2022\\\/#\\\/schema\\\/logo\\\/image\\\/\"}},{\"@type\":\"Person\",\"@id\":\"https:\\\/\\\/regiaonews.net.br\\\/2022\\\/#\\\/schema\\\/person\\\/2d205a608a5aa97ac279d7a5e6d89ad8\",\"name\":\"Roberto\",\"image\":{\"@type\":\"ImageObject\",\"inLanguage\":\"pt-BR\",\"@id\":\"https:\\\/\\\/secure.gravatar.com\\\/avatar\\\/42749d8b712ff9d59ca93dc150494e5b55a44134482993f5baeb97e61b7ecc89?s=96&d=mm&r=g\",\"url\":\"https:\\\/\\\/secure.gravatar.com\\\/avatar\\\/42749d8b712ff9d59ca93dc150494e5b55a44134482993f5baeb97e61b7ecc89?s=96&d=mm&r=g\",\"contentUrl\":\"https:\\\/\\\/secure.gravatar.com\\\/avatar\\\/42749d8b712ff9d59ca93dc150494e5b55a44134482993f5baeb97e61b7ecc89?s=96&d=mm&r=g\",\"caption\":\"Roberto\"},\"url\":\"https:\\\/\\\/regiaonews.net.br\\\/2022\\\/author\\\/roberto\\\/\"}]}<\/script>\n<!-- \/ Yoast SEO plugin. -->","yoast_head_json":{"title":"Concurso Unificado ser\u00e1 em 18 de agosto, confirma Minist\u00e9rio da Gest\u00e3o - Regi\u00e3o News","robots":{"index":"index","follow":"follow","max-snippet":"max-snippet:-1","max-image-preview":"max-image-preview:large","max-video-preview":"max-video-preview:-1"},"canonical":"https:\/\/regiaonews.net.br\/2022\/2024\/05\/24\/concurso-unificado-sera-em-18-de-agosto-confirma-ministerio-da-gestao\/","og_locale":"pt_BR","og_type":"article","og_title":"Concurso Unificado ser\u00e1 em 18 de agosto, confirma Minist\u00e9rio da Gest\u00e3o - Regi\u00e3o News","og_description":"O Concurso Nacional Unificado (CNU) j\u00e1 tem nova data de","og_url":"https:\/\/regiaonews.net.br\/2022\/2024\/05\/24\/concurso-unificado-sera-em-18-de-agosto-confirma-ministerio-da-gestao\/","og_site_name":"Regi\u00e3o News","article_published_time":"2024-05-24T17:31:48+00:00","og_image":[{"width":514,"height":309,"url":"https:\/\/regiaonews.net.br\/2022\/wp-content\/uploads\/2024\/05\/Imagem-do-WhatsApp-de-2024-05-24-as-10.39.41_535e6fbc.jpg","type":"image\/jpeg"}],"author":"Roberto","twitter_card":"summary_large_image","twitter_misc":{"Escrito por":"Roberto","Est. tempo de leitura":"1 minuto"},"schema":{"@context":"https:\/\/schema.org","@graph":[{"@type":"Article","@id":"https:\/\/regiaonews.net.br\/2022\/2024\/05\/24\/concurso-unificado-sera-em-18-de-agosto-confirma-ministerio-da-gestao\/#article","isPartOf":{"@id":"https:\/\/regiaonews.net.br\/2022\/2024\/05\/24\/concurso-unificado-sera-em-18-de-agosto-confirma-ministerio-da-gestao\/"},"author":{"name":"Roberto","@id":"https:\/\/regiaonews.net.br\/2022\/#\/schema\/person\/2d205a608a5aa97ac279d7a5e6d89ad8"},"headline":"Concurso Unificado ser\u00e1 em 18 de agosto, confirma Minist\u00e9rio da Gest\u00e3o","datePublished":"2024-05-24T17:31:48+00:00","mainEntityOfPage":{"@id":"https:\/\/regiaonews.net.br\/2022\/2024\/05\/24\/concurso-unificado-sera-em-18-de-agosto-confirma-ministerio-da-gestao\/"},"wordCount":176,"commentCount":0,"publisher":{"@id":"https:\/\/regiaonews.net.br\/2022\/#organization"},"image":{"@id":"https:\/\/regiaonews.net.br\/2022\/2024\/05\/24\/concurso-unificado-sera-em-18-de-agosto-confirma-ministerio-da-gestao\/#primaryimage"},"thumbnailUrl":"https:\/\/regiaonews.net.br\/2022\/wp-content\/uploads\/2024\/05\/Imagem-do-WhatsApp-de-2024-05-24-as-10.39.41_535e6fbc.jpg","articleSection":["Brasil","Geral"],"inLanguage":"pt-BR","potentialAction":[{"@type":"CommentAction","name":"Comment","target":["https:\/\/regiaonews.net.br\/2022\/2024\/05\/24\/concurso-unificado-sera-em-18-de-agosto-confirma-ministerio-da-gestao\/#respond"]}]},{"@type":"WebPage","@id":"https:\/\/regiaonews.net.br\/2022\/2024\/05\/24\/concurso-unificado-sera-em-18-de-agosto-confirma-ministerio-da-gestao\/","url":"https:\/\/regiaonews.net.br\/2022\/2024\/05\/24\/concurso-unificado-sera-em-18-de-agosto-confirma-ministerio-da-gestao\/","name":"Concurso Unificado ser\u00e1 em 18 de agosto, confirma Minist\u00e9rio da Gest\u00e3o - Regi\u00e3o News","isPartOf":{"@id":"https:\/\/regiaonews.net.br\/2022\/#website"},"primaryImageOfPage":{"@id":"https:\/\/regiaonews.net.br\/2022\/2024\/05\/24\/concurso-unificado-sera-em-18-de-agosto-confirma-ministerio-da-gestao\/#primaryimage"},"image":{"@id":"https:\/\/regiaonews.net.br\/2022\/2024\/05\/24\/concurso-unificado-sera-em-18-de-agosto-confirma-ministerio-da-gestao\/#primaryimage"},"thumbnailUrl":"https:\/\/regiaonews.net.br\/2022\/wp-content\/uploads\/2024\/05\/Imagem-do-WhatsApp-de-2024-05-24-as-10.39.41_535e6fbc.jpg","datePublished":"2024-05-24T17:31:48+00:00","breadcrumb":{"@id":"https:\/\/regiaonews.net.br\/2022\/2024\/05\/24\/concurso-unificado-sera-em-18-de-agosto-confirma-ministerio-da-gestao\/#breadcrumb"},"inLanguage":"pt-BR","potentialAction":[{"@type":"ReadAction","target":["https:\/\/regiaonews.net.br\/2022\/2024\/05\/24\/concurso-unificado-sera-em-18-de-agosto-confirma-ministerio-da-gestao\/"]}]},{"@type":"ImageObject","inLanguage":"pt-BR","@id":"https:\/\/regiaonews.net.br\/2022\/2024\/05\/24\/concurso-unificado-sera-em-18-de-agosto-confirma-ministerio-da-gestao\/#primaryimage","url":"https:\/\/regiaonews.net.br\/2022\/wp-content\/uploads\/2024\/05\/Imagem-do-WhatsApp-de-2024-05-24-as-10.39.41_535e6fbc.jpg","contentUrl":"https:\/\/regiaonews.net.br\/2022\/wp-content\/uploads\/2024\/05\/Imagem-do-WhatsApp-de-2024-05-24-as-10.39.41_535e6fbc.jpg","width":514,"height":309},{"@type":"BreadcrumbList","@id":"https:\/\/regiaonews.net.br\/2022\/2024\/05\/24\/concurso-unificado-sera-em-18-de-agosto-confirma-ministerio-da-gestao\/#breadcrumb","itemListElement":[{"@type":"ListItem","position":1,"name":"In\u00edcio","item":"https:\/\/regiaonews.net.br\/2022\/"},{"@type":"ListItem","position":2,"name":"Concurso Unificado ser\u00e1 em 18 de agosto, confirma Minist\u00e9rio da Gest\u00e3o"}]},{"@type":"WebSite","@id":"https:\/\/regiaonews.net.br\/2022\/#website","url":"https:\/\/regiaonews.net.br\/2022\/","name":"Regi\u00e3o News","description":"Site de Not\u00edcias de Barretos e regi\u00e3o","publisher":{"@id":"https:\/\/regiaonews.net.br\/2022\/#organization"},"potentialAction":[{"@type":"SearchAction","target":{"@type":"EntryPoint","urlTemplate":"https:\/\/regiaonews.net.br\/2022\/?s={search_term_string}"},"query-input":{"@type":"PropertyValueSpecification","valueRequired":true,"valueName":"search_term_string"}}],"inLanguage":"pt-BR"},{"@type":"Organization","@id":"https:\/\/regiaonews.net.br\/2022\/#organization","name":"Regi\u00e3o News","url":"https:\/\/regiaonews.net.br\/2022\/","logo":{"@type":"ImageObject","inLanguage":"pt-BR","@id":"https:\/\/regiaonews.net.br\/2022\/#\/schema\/logo\/image\/","url":"https:\/\/regiaonews.net.br\/2022\/wp-content\/uploads\/2026\/03\/regiao-13-anos-scaled.jpg","contentUrl":"https:\/\/regiaonews.net.br\/2022\/wp-content\/uploads\/2026\/03\/regiao-13-anos-scaled.jpg","width":2560,"height":635,"caption":"Regi\u00e3o News"},"image":{"@id":"https:\/\/regiaonews.net.br\/2022\/#\/schema\/logo\/image\/"}},{"@type":"Person","@id":"https:\/\/regiaonews.net.br\/2022\/#\/schema\/person\/2d205a608a5aa97ac279d7a5e6d89ad8","name":"Roberto","image":{"@type":"ImageObject","inLanguage":"pt-BR","@id":"https:\/\/secure.gravatar.com\/avatar\/42749d8b712ff9d59ca93dc150494e5b55a44134482993f5baeb97e61b7ecc89?s=96&d=mm&r=g","url":"https:\/\/secure.gravatar.com\/avatar\/42749d8b712ff9d59ca93dc150494e5b55a44134482993f5baeb97e61b7ecc89?s=96&d=mm&r=g","contentUrl":"https:\/\/secure.gravatar.com\/avatar\/42749d8b712ff9d59ca93dc150494e5b55a44134482993f5baeb97e61b7ecc89?s=96&d=mm&r=g","caption":"Roberto"},"url":"https:\/\/regiaonews.net.br\/2022\/author\/roberto\/"}]}},"publishpress_future_action":{"enabled":false,"date":"2026-05-03 02:12:11","action":"change-status","newStatus":"draft","terms":[],"taxonomy":"category","extraData":[]},"publishpress_future_workflow_manual_trigger":{"enabledWorkflows":[]},"_links":{"self":[{"href":"https:\/\/regiaonews.net.br\/2022\/wp-json\/wp\/v2\/posts\/105439","targetHints":{"allow":["GET"]}}],"collection":[{"href":"https:\/\/regiaonews.net.br\/2022\/wp-json\/wp\/v2\/posts"}],"about":[{"href":"https:\/\/regiaonews.net.br\/2022\/wp-json\/wp\/v2\/types\/post"}],"author":[{"embeddable":true,"href":"https:\/\/regiaonews.net.br\/2022\/wp-json\/wp\/v2\/users\/2"}],"replies":[{"embeddable":true,"href":"https:\/\/regiaonews.net.br\/2022\/wp-json\/wp\/v2\/comments?post=105439"}],"version-history":[{"count":1,"href":"https:\/\/regiaonews.net.br\/2022\/wp-json\/wp\/v2\/posts\/105439\/revisions"}],"predecessor-version":[{"id":105441,"href":"https:\/\/regiaonews.net.br\/2022\/wp-json\/wp\/v2\/posts\/105439\/revisions\/105441"}],"wp:featuredmedia":[{"embeddable":true,"href":"https:\/\/regiaonews.net.br\/2022\/wp-json\/wp\/v2\/media\/105440"}],"wp:attachment":[{"href":"https:\/\/regiaonews.net.br\/2022\/wp-json\/wp\/v2\/media?parent=105439"}],"wp:term":[{"taxonomy":"category","embeddable":true,"href":"https:\/\/regiaonews.net.br\/2022\/wp-json\/wp\/v2\/categories?post=105439"},{"taxonomy":"post_tag","embeddable":true,"href":"https:\/\/regiaonews.net.br\/2022\/wp-json\/wp\/v2\/tags?post=105439"}],"curies":[{"name":"wp","href":"https:\/\/api.w.org\/{rel}","templated":true}]}}