{"id":105395,"date":"2024-05-23T19:26:08","date_gmt":"2024-05-23T22:26:08","guid":{"rendered":"https:\/\/regiaonews.net.br\/2022\/?p=105395"},"modified":"2024-05-23T19:27:39","modified_gmt":"2024-05-23T22:27:39","slug":"motorista-e-socorrido-apos-caminhao-tombar-em-alca-de-acesso-na-faria-lima","status":"publish","type":"post","link":"https:\/\/regiaonews.net.br\/2022\/2024\/05\/23\/motorista-e-socorrido-apos-caminhao-tombar-em-alca-de-acesso-na-faria-lima\/","title":{"rendered":"Motorista \u00e9 socorrido ap\u00f3s caminh\u00e3o tombar em al\u00e7a de acesso na Faria Lima"},"content":{"rendered":"<p>&nbsp;<\/p>\n<p>Um poss\u00edvel problema no freio do caminh\u00e3o teria provocado o acidente<\/p>\n<p>Equipes do SAMU, Corpo de Bombeiros, Pol\u00edcia Rodovi\u00e1ria e da concession\u00e1ria TEBE foram acionadas para atendimento de um acidente no km 426 da rodovia Brigadeiro Faria Lima em Barretos, por volta das 15 horas de quinta \u2013feira (23). O motorista de 26 anos dirigia um caminh\u00e3o Volvo de Orl\u00e2ndia \u2013 SP, pela rodovia Brigadeiro Faria Lima, pela pista sentido norte e ao adentrar al\u00e7a para acesso \u00e0 rodovia Assis Chateaubriand, ocorreu um problema no freio, o que fez com que perdesse o controle da dire\u00e7\u00e3o vindo a tombar no canteiro central. O caminh\u00e3o estava transportando uma carga de farinha de osso, que havia carregado no Frigor\u00edfico JBS em Barretos com destino a Orl\u00e2ndia. Quando as equipes de resgate chegaram o motorista estava preso nas ferragens. Ele foi retirado pelo Corpo de Bombeiros e entregue aos cuidados do SAMU, que o levou para a Santa Casa. \u201c N\u00f3s fomos acionados um tombamento de um caminh\u00e3o na Assis Chateaubriand com a Faria Lima, em que o motorista ficou preso nas ferragens. Foi necess\u00e1rio a utiliza\u00e7\u00e3o de t\u00e9cnicas e ferramentas de desencarceramento para poder abrir espa\u00e7o para fazer a retirada desse motorista. Aparentemente ele apresentava apenas ferimentos leve e est\u00e1 sendo socorrido pela Unidade do SAMU, que nos apoiou no local. O resgate durou aproximadamente de 30 a 40 minutos\u201d, confirmou o subtenente Freizinger do Corpo de Bombeiros.<\/p>\n<p>Parte da carga espalhou-se na pista e foi realizada a limpeza pela equipe da concession\u00e1ria TEBE, sendo o local sinalizado e preservado pela Pol\u00edcia Rodovi\u00e1ria que registrou a ocorr\u00eancia.<\/p>\n<p>&nbsp;<\/p>\n<p>Foto Caminh\u00e3o carregado com farinha de osso tombou no trevo da Faria Lima com a Assis Chateaubriand ( Tininho Junior)<\/p>\n<p>&nbsp;<\/p>\n","protected":false},"excerpt":{"rendered":"<p>&nbsp; Um poss\u00edvel problema no freio do caminh\u00e3o teria provocado<\/p>\n","protected":false},"author":2,"featured_media":105396,"comment_status":"open","ping_status":"open","sticky":false,"template":"","format":"standard","meta":{"footnotes":""},"categories":[14,23],"tags":[],"class_list":["post-105395","post","type-post","status-publish","format-standard","has-post-thumbnail","hentry","category-barretos","category-policia"],"yoast_head":"<!-- This site is optimized with the Yoast SEO plugin v27.4 - https:\/\/yoast.com\/product\/yoast-seo-wordpress\/ -->\n<title>Motorista \u00e9 socorrido ap\u00f3s caminh\u00e3o tombar em al\u00e7a de acesso na Faria Lima - Regi\u00e3o News<\/title>\n<meta name=\"robots\" content=\"index, follow, max-snippet:-1, max-image-preview:large, max-video-preview:-1\" \/>\n<link rel=\"canonical\" href=\"https:\/\/regiaonews.net.br\/2022\/2024\/05\/23\/motorista-e-socorrido-apos-caminhao-tombar-em-alca-de-acesso-na-faria-lima\/\" \/>\n<meta property=\"og:locale\" content=\"pt_BR\" \/>\n<meta property=\"og:type\" content=\"article\" \/>\n<meta property=\"og:title\" content=\"Motorista \u00e9 socorrido ap\u00f3s caminh\u00e3o tombar em al\u00e7a de acesso na Faria Lima - Regi\u00e3o News\" \/>\n<meta property=\"og:description\" content=\"&nbsp; Um poss\u00edvel problema no freio do caminh\u00e3o teria provocado\" \/>\n<meta property=\"og:url\" content=\"https:\/\/regiaonews.net.br\/2022\/2024\/05\/23\/motorista-e-socorrido-apos-caminhao-tombar-em-alca-de-acesso-na-faria-lima\/\" \/>\n<meta property=\"og:site_name\" content=\"Regi\u00e3o News\" \/>\n<meta property=\"article:published_time\" content=\"2024-05-23T22:26:08+00:00\" \/>\n<meta property=\"article:modified_time\" content=\"2024-05-23T22:27:39+00:00\" \/>\n<meta property=\"og:image\" content=\"https:\/\/regiaonews.net.br\/2022\/wp-content\/uploads\/2024\/05\/WhatsApp-Image-2024-05-23-at-18.56.02.jpeg\" \/>\n\t<meta property=\"og:image:width\" content=\"1600\" \/>\n\t<meta property=\"og:image:height\" content=\"1200\" \/>\n\t<meta property=\"og:image:type\" content=\"image\/jpeg\" \/>\n<meta name=\"author\" content=\"Roberto\" \/>\n<meta name=\"twitter:card\" content=\"summary_large_image\" \/>\n<meta name=\"twitter:label1\" content=\"Escrito por\" \/>\n\t<meta name=\"twitter:data1\" content=\"Roberto\" \/>\n\t<meta name=\"twitter:label2\" content=\"Est. tempo de leitura\" \/>\n\t<meta name=\"twitter:data2\" content=\"2 minutos\" \/>\n<script type=\"application\/ld+json\" class=\"yoast-schema-graph\">{\"@context\":\"https:\\\/\\\/schema.org\",\"@graph\":[{\"@type\":\"Article\",\"@id\":\"https:\\\/\\\/regiaonews.net.br\\\/2022\\\/2024\\\/05\\\/23\\\/motorista-e-socorrido-apos-caminhao-tombar-em-alca-de-acesso-na-faria-lima\\\/#article\",\"isPartOf\":{\"@id\":\"https:\\\/\\\/regiaonews.net.br\\\/2022\\\/2024\\\/05\\\/23\\\/motorista-e-socorrido-apos-caminhao-tombar-em-alca-de-acesso-na-faria-lima\\\/\"},\"author\":{\"name\":\"Roberto\",\"@id\":\"https:\\\/\\\/regiaonews.net.br\\\/2022\\\/#\\\/schema\\\/person\\\/2d205a608a5aa97ac279d7a5e6d89ad8\"},\"headline\":\"Motorista \u00e9 socorrido ap\u00f3s caminh\u00e3o tombar em al\u00e7a de acesso na Faria Lima\",\"datePublished\":\"2024-05-23T22:26:08+00:00\",\"dateModified\":\"2024-05-23T22:27:39+00:00\",\"mainEntityOfPage\":{\"@id\":\"https:\\\/\\\/regiaonews.net.br\\\/2022\\\/2024\\\/05\\\/23\\\/motorista-e-socorrido-apos-caminhao-tombar-em-alca-de-acesso-na-faria-lima\\\/\"},\"wordCount\":316,\"commentCount\":0,\"publisher\":{\"@id\":\"https:\\\/\\\/regiaonews.net.br\\\/2022\\\/#organization\"},\"image\":{\"@id\":\"https:\\\/\\\/regiaonews.net.br\\\/2022\\\/2024\\\/05\\\/23\\\/motorista-e-socorrido-apos-caminhao-tombar-em-alca-de-acesso-na-faria-lima\\\/#primaryimage\"},\"thumbnailUrl\":\"https:\\\/\\\/regiaonews.net.br\\\/2022\\\/wp-content\\\/uploads\\\/2024\\\/05\\\/WhatsApp-Image-2024-05-23-at-18.56.02.jpeg\",\"articleSection\":[\"Barretos\",\"Policia\"],\"inLanguage\":\"pt-BR\",\"potentialAction\":[{\"@type\":\"CommentAction\",\"name\":\"Comment\",\"target\":[\"https:\\\/\\\/regiaonews.net.br\\\/2022\\\/2024\\\/05\\\/23\\\/motorista-e-socorrido-apos-caminhao-tombar-em-alca-de-acesso-na-faria-lima\\\/#respond\"]}]},{\"@type\":\"WebPage\",\"@id\":\"https:\\\/\\\/regiaonews.net.br\\\/2022\\\/2024\\\/05\\\/23\\\/motorista-e-socorrido-apos-caminhao-tombar-em-alca-de-acesso-na-faria-lima\\\/\",\"url\":\"https:\\\/\\\/regiaonews.net.br\\\/2022\\\/2024\\\/05\\\/23\\\/motorista-e-socorrido-apos-caminhao-tombar-em-alca-de-acesso-na-faria-lima\\\/\",\"name\":\"Motorista \u00e9 socorrido ap\u00f3s caminh\u00e3o tombar em al\u00e7a de acesso na Faria Lima - Regi\u00e3o News\",\"isPartOf\":{\"@id\":\"https:\\\/\\\/regiaonews.net.br\\\/2022\\\/#website\"},\"primaryImageOfPage\":{\"@id\":\"https:\\\/\\\/regiaonews.net.br\\\/2022\\\/2024\\\/05\\\/23\\\/motorista-e-socorrido-apos-caminhao-tombar-em-alca-de-acesso-na-faria-lima\\\/#primaryimage\"},\"image\":{\"@id\":\"https:\\\/\\\/regiaonews.net.br\\\/2022\\\/2024\\\/05\\\/23\\\/motorista-e-socorrido-apos-caminhao-tombar-em-alca-de-acesso-na-faria-lima\\\/#primaryimage\"},\"thumbnailUrl\":\"https:\\\/\\\/regiaonews.net.br\\\/2022\\\/wp-content\\\/uploads\\\/2024\\\/05\\\/WhatsApp-Image-2024-05-23-at-18.56.02.jpeg\",\"datePublished\":\"2024-05-23T22:26:08+00:00\",\"dateModified\":\"2024-05-23T22:27:39+00:00\",\"breadcrumb\":{\"@id\":\"https:\\\/\\\/regiaonews.net.br\\\/2022\\\/2024\\\/05\\\/23\\\/motorista-e-socorrido-apos-caminhao-tombar-em-alca-de-acesso-na-faria-lima\\\/#breadcrumb\"},\"inLanguage\":\"pt-BR\",\"potentialAction\":[{\"@type\":\"ReadAction\",\"target\":[\"https:\\\/\\\/regiaonews.net.br\\\/2022\\\/2024\\\/05\\\/23\\\/motorista-e-socorrido-apos-caminhao-tombar-em-alca-de-acesso-na-faria-lima\\\/\"]}]},{\"@type\":\"ImageObject\",\"inLanguage\":\"pt-BR\",\"@id\":\"https:\\\/\\\/regiaonews.net.br\\\/2022\\\/2024\\\/05\\\/23\\\/motorista-e-socorrido-apos-caminhao-tombar-em-alca-de-acesso-na-faria-lima\\\/#primaryimage\",\"url\":\"https:\\\/\\\/regiaonews.net.br\\\/2022\\\/wp-content\\\/uploads\\\/2024\\\/05\\\/WhatsApp-Image-2024-05-23-at-18.56.02.jpeg\",\"contentUrl\":\"https:\\\/\\\/regiaonews.net.br\\\/2022\\\/wp-content\\\/uploads\\\/2024\\\/05\\\/WhatsApp-Image-2024-05-23-at-18.56.02.jpeg\",\"width\":1600,\"height\":1200},{\"@type\":\"BreadcrumbList\",\"@id\":\"https:\\\/\\\/regiaonews.net.br\\\/2022\\\/2024\\\/05\\\/23\\\/motorista-e-socorrido-apos-caminhao-tombar-em-alca-de-acesso-na-faria-lima\\\/#breadcrumb\",\"itemListElement\":[{\"@type\":\"ListItem\",\"position\":1,\"name\":\"In\u00edcio\",\"item\":\"https:\\\/\\\/regiaonews.net.br\\\/2022\\\/\"},{\"@type\":\"ListItem\",\"position\":2,\"name\":\"Motorista \u00e9 socorrido ap\u00f3s caminh\u00e3o tombar em al\u00e7a de acesso na Faria Lima\"}]},{\"@type\":\"WebSite\",\"@id\":\"https:\\\/\\\/regiaonews.net.br\\\/2022\\\/#website\",\"url\":\"https:\\\/\\\/regiaonews.net.br\\\/2022\\\/\",\"name\":\"Regi\u00e3o News\",\"description\":\"Site de Not\u00edcias de Barretos e regi\u00e3o\",\"publisher\":{\"@id\":\"https:\\\/\\\/regiaonews.net.br\\\/2022\\\/#organization\"},\"potentialAction\":[{\"@type\":\"SearchAction\",\"target\":{\"@type\":\"EntryPoint\",\"urlTemplate\":\"https:\\\/\\\/regiaonews.net.br\\\/2022\\\/?s={search_term_string}\"},\"query-input\":{\"@type\":\"PropertyValueSpecification\",\"valueRequired\":true,\"valueName\":\"search_term_string\"}}],\"inLanguage\":\"pt-BR\"},{\"@type\":\"Organization\",\"@id\":\"https:\\\/\\\/regiaonews.net.br\\\/2022\\\/#organization\",\"name\":\"Regi\u00e3o News\",\"url\":\"https:\\\/\\\/regiaonews.net.br\\\/2022\\\/\",\"logo\":{\"@type\":\"ImageObject\",\"inLanguage\":\"pt-BR\",\"@id\":\"https:\\\/\\\/regiaonews.net.br\\\/2022\\\/#\\\/schema\\\/logo\\\/image\\\/\",\"url\":\"https:\\\/\\\/regiaonews.net.br\\\/2022\\\/wp-content\\\/uploads\\\/2026\\\/03\\\/regiao-13-anos-scaled.jpg\",\"contentUrl\":\"https:\\\/\\\/regiaonews.net.br\\\/2022\\\/wp-content\\\/uploads\\\/2026\\\/03\\\/regiao-13-anos-scaled.jpg\",\"width\":2560,\"height\":635,\"caption\":\"Regi\u00e3o News\"},\"image\":{\"@id\":\"https:\\\/\\\/regiaonews.net.br\\\/2022\\\/#\\\/schema\\\/logo\\\/image\\\/\"}},{\"@type\":\"Person\",\"@id\":\"https:\\\/\\\/regiaonews.net.br\\\/2022\\\/#\\\/schema\\\/person\\\/2d205a608a5aa97ac279d7a5e6d89ad8\",\"name\":\"Roberto\",\"image\":{\"@type\":\"ImageObject\",\"inLanguage\":\"pt-BR\",\"@id\":\"https:\\\/\\\/secure.gravatar.com\\\/avatar\\\/42749d8b712ff9d59ca93dc150494e5b55a44134482993f5baeb97e61b7ecc89?s=96&d=mm&r=g\",\"url\":\"https:\\\/\\\/secure.gravatar.com\\\/avatar\\\/42749d8b712ff9d59ca93dc150494e5b55a44134482993f5baeb97e61b7ecc89?s=96&d=mm&r=g\",\"contentUrl\":\"https:\\\/\\\/secure.gravatar.com\\\/avatar\\\/42749d8b712ff9d59ca93dc150494e5b55a44134482993f5baeb97e61b7ecc89?s=96&d=mm&r=g\",\"caption\":\"Roberto\"},\"url\":\"https:\\\/\\\/regiaonews.net.br\\\/2022\\\/author\\\/roberto\\\/\"}]}<\/script>\n<!-- \/ Yoast SEO plugin. -->","yoast_head_json":{"title":"Motorista \u00e9 socorrido ap\u00f3s caminh\u00e3o tombar em al\u00e7a de acesso na Faria Lima - Regi\u00e3o News","robots":{"index":"index","follow":"follow","max-snippet":"max-snippet:-1","max-image-preview":"max-image-preview:large","max-video-preview":"max-video-preview:-1"},"canonical":"https:\/\/regiaonews.net.br\/2022\/2024\/05\/23\/motorista-e-socorrido-apos-caminhao-tombar-em-alca-de-acesso-na-faria-lima\/","og_locale":"pt_BR","og_type":"article","og_title":"Motorista \u00e9 socorrido ap\u00f3s caminh\u00e3o tombar em al\u00e7a de acesso na Faria Lima - Regi\u00e3o News","og_description":"&nbsp; Um poss\u00edvel problema no freio do caminh\u00e3o teria provocado","og_url":"https:\/\/regiaonews.net.br\/2022\/2024\/05\/23\/motorista-e-socorrido-apos-caminhao-tombar-em-alca-de-acesso-na-faria-lima\/","og_site_name":"Regi\u00e3o News","article_published_time":"2024-05-23T22:26:08+00:00","article_modified_time":"2024-05-23T22:27:39+00:00","og_image":[{"width":1600,"height":1200,"url":"https:\/\/regiaonews.net.br\/2022\/wp-content\/uploads\/2024\/05\/WhatsApp-Image-2024-05-23-at-18.56.02.jpeg","type":"image\/jpeg"}],"author":"Roberto","twitter_card":"summary_large_image","twitter_misc":{"Escrito por":"Roberto","Est. tempo de leitura":"2 minutos"},"schema":{"@context":"https:\/\/schema.org","@graph":[{"@type":"Article","@id":"https:\/\/regiaonews.net.br\/2022\/2024\/05\/23\/motorista-e-socorrido-apos-caminhao-tombar-em-alca-de-acesso-na-faria-lima\/#article","isPartOf":{"@id":"https:\/\/regiaonews.net.br\/2022\/2024\/05\/23\/motorista-e-socorrido-apos-caminhao-tombar-em-alca-de-acesso-na-faria-lima\/"},"author":{"name":"Roberto","@id":"https:\/\/regiaonews.net.br\/2022\/#\/schema\/person\/2d205a608a5aa97ac279d7a5e6d89ad8"},"headline":"Motorista \u00e9 socorrido ap\u00f3s caminh\u00e3o tombar em al\u00e7a de acesso na Faria Lima","datePublished":"2024-05-23T22:26:08+00:00","dateModified":"2024-05-23T22:27:39+00:00","mainEntityOfPage":{"@id":"https:\/\/regiaonews.net.br\/2022\/2024\/05\/23\/motorista-e-socorrido-apos-caminhao-tombar-em-alca-de-acesso-na-faria-lima\/"},"wordCount":316,"commentCount":0,"publisher":{"@id":"https:\/\/regiaonews.net.br\/2022\/#organization"},"image":{"@id":"https:\/\/regiaonews.net.br\/2022\/2024\/05\/23\/motorista-e-socorrido-apos-caminhao-tombar-em-alca-de-acesso-na-faria-lima\/#primaryimage"},"thumbnailUrl":"https:\/\/regiaonews.net.br\/2022\/wp-content\/uploads\/2024\/05\/WhatsApp-Image-2024-05-23-at-18.56.02.jpeg","articleSection":["Barretos","Policia"],"inLanguage":"pt-BR","potentialAction":[{"@type":"CommentAction","name":"Comment","target":["https:\/\/regiaonews.net.br\/2022\/2024\/05\/23\/motorista-e-socorrido-apos-caminhao-tombar-em-alca-de-acesso-na-faria-lima\/#respond"]}]},{"@type":"WebPage","@id":"https:\/\/regiaonews.net.br\/2022\/2024\/05\/23\/motorista-e-socorrido-apos-caminhao-tombar-em-alca-de-acesso-na-faria-lima\/","url":"https:\/\/regiaonews.net.br\/2022\/2024\/05\/23\/motorista-e-socorrido-apos-caminhao-tombar-em-alca-de-acesso-na-faria-lima\/","name":"Motorista \u00e9 socorrido ap\u00f3s caminh\u00e3o tombar em al\u00e7a de acesso na Faria Lima - Regi\u00e3o News","isPartOf":{"@id":"https:\/\/regiaonews.net.br\/2022\/#website"},"primaryImageOfPage":{"@id":"https:\/\/regiaonews.net.br\/2022\/2024\/05\/23\/motorista-e-socorrido-apos-caminhao-tombar-em-alca-de-acesso-na-faria-lima\/#primaryimage"},"image":{"@id":"https:\/\/regiaonews.net.br\/2022\/2024\/05\/23\/motorista-e-socorrido-apos-caminhao-tombar-em-alca-de-acesso-na-faria-lima\/#primaryimage"},"thumbnailUrl":"https:\/\/regiaonews.net.br\/2022\/wp-content\/uploads\/2024\/05\/WhatsApp-Image-2024-05-23-at-18.56.02.jpeg","datePublished":"2024-05-23T22:26:08+00:00","dateModified":"2024-05-23T22:27:39+00:00","breadcrumb":{"@id":"https:\/\/regiaonews.net.br\/2022\/2024\/05\/23\/motorista-e-socorrido-apos-caminhao-tombar-em-alca-de-acesso-na-faria-lima\/#breadcrumb"},"inLanguage":"pt-BR","potentialAction":[{"@type":"ReadAction","target":["https:\/\/regiaonews.net.br\/2022\/2024\/05\/23\/motorista-e-socorrido-apos-caminhao-tombar-em-alca-de-acesso-na-faria-lima\/"]}]},{"@type":"ImageObject","inLanguage":"pt-BR","@id":"https:\/\/regiaonews.net.br\/2022\/2024\/05\/23\/motorista-e-socorrido-apos-caminhao-tombar-em-alca-de-acesso-na-faria-lima\/#primaryimage","url":"https:\/\/regiaonews.net.br\/2022\/wp-content\/uploads\/2024\/05\/WhatsApp-Image-2024-05-23-at-18.56.02.jpeg","contentUrl":"https:\/\/regiaonews.net.br\/2022\/wp-content\/uploads\/2024\/05\/WhatsApp-Image-2024-05-23-at-18.56.02.jpeg","width":1600,"height":1200},{"@type":"BreadcrumbList","@id":"https:\/\/regiaonews.net.br\/2022\/2024\/05\/23\/motorista-e-socorrido-apos-caminhao-tombar-em-alca-de-acesso-na-faria-lima\/#breadcrumb","itemListElement":[{"@type":"ListItem","position":1,"name":"In\u00edcio","item":"https:\/\/regiaonews.net.br\/2022\/"},{"@type":"ListItem","position":2,"name":"Motorista \u00e9 socorrido ap\u00f3s caminh\u00e3o tombar em al\u00e7a de acesso na Faria Lima"}]},{"@type":"WebSite","@id":"https:\/\/regiaonews.net.br\/2022\/#website","url":"https:\/\/regiaonews.net.br\/2022\/","name":"Regi\u00e3o News","description":"Site de Not\u00edcias de Barretos e regi\u00e3o","publisher":{"@id":"https:\/\/regiaonews.net.br\/2022\/#organization"},"potentialAction":[{"@type":"SearchAction","target":{"@type":"EntryPoint","urlTemplate":"https:\/\/regiaonews.net.br\/2022\/?s={search_term_string}"},"query-input":{"@type":"PropertyValueSpecification","valueRequired":true,"valueName":"search_term_string"}}],"inLanguage":"pt-BR"},{"@type":"Organization","@id":"https:\/\/regiaonews.net.br\/2022\/#organization","name":"Regi\u00e3o News","url":"https:\/\/regiaonews.net.br\/2022\/","logo":{"@type":"ImageObject","inLanguage":"pt-BR","@id":"https:\/\/regiaonews.net.br\/2022\/#\/schema\/logo\/image\/","url":"https:\/\/regiaonews.net.br\/2022\/wp-content\/uploads\/2026\/03\/regiao-13-anos-scaled.jpg","contentUrl":"https:\/\/regiaonews.net.br\/2022\/wp-content\/uploads\/2026\/03\/regiao-13-anos-scaled.jpg","width":2560,"height":635,"caption":"Regi\u00e3o News"},"image":{"@id":"https:\/\/regiaonews.net.br\/2022\/#\/schema\/logo\/image\/"}},{"@type":"Person","@id":"https:\/\/regiaonews.net.br\/2022\/#\/schema\/person\/2d205a608a5aa97ac279d7a5e6d89ad8","name":"Roberto","image":{"@type":"ImageObject","inLanguage":"pt-BR","@id":"https:\/\/secure.gravatar.com\/avatar\/42749d8b712ff9d59ca93dc150494e5b55a44134482993f5baeb97e61b7ecc89?s=96&d=mm&r=g","url":"https:\/\/secure.gravatar.com\/avatar\/42749d8b712ff9d59ca93dc150494e5b55a44134482993f5baeb97e61b7ecc89?s=96&d=mm&r=g","contentUrl":"https:\/\/secure.gravatar.com\/avatar\/42749d8b712ff9d59ca93dc150494e5b55a44134482993f5baeb97e61b7ecc89?s=96&d=mm&r=g","caption":"Roberto"},"url":"https:\/\/regiaonews.net.br\/2022\/author\/roberto\/"}]}},"publishpress_future_action":{"enabled":false,"date":"2026-05-03 05:35:45","action":"change-status","newStatus":"draft","terms":[],"taxonomy":"category","extraData":[]},"publishpress_future_workflow_manual_trigger":{"enabledWorkflows":[]},"_links":{"self":[{"href":"https:\/\/regiaonews.net.br\/2022\/wp-json\/wp\/v2\/posts\/105395","targetHints":{"allow":["GET"]}}],"collection":[{"href":"https:\/\/regiaonews.net.br\/2022\/wp-json\/wp\/v2\/posts"}],"about":[{"href":"https:\/\/regiaonews.net.br\/2022\/wp-json\/wp\/v2\/types\/post"}],"author":[{"embeddable":true,"href":"https:\/\/regiaonews.net.br\/2022\/wp-json\/wp\/v2\/users\/2"}],"replies":[{"embeddable":true,"href":"https:\/\/regiaonews.net.br\/2022\/wp-json\/wp\/v2\/comments?post=105395"}],"version-history":[{"count":3,"href":"https:\/\/regiaonews.net.br\/2022\/wp-json\/wp\/v2\/posts\/105395\/revisions"}],"predecessor-version":[{"id":105399,"href":"https:\/\/regiaonews.net.br\/2022\/wp-json\/wp\/v2\/posts\/105395\/revisions\/105399"}],"wp:featuredmedia":[{"embeddable":true,"href":"https:\/\/regiaonews.net.br\/2022\/wp-json\/wp\/v2\/media\/105396"}],"wp:attachment":[{"href":"https:\/\/regiaonews.net.br\/2022\/wp-json\/wp\/v2\/media?parent=105395"}],"wp:term":[{"taxonomy":"category","embeddable":true,"href":"https:\/\/regiaonews.net.br\/2022\/wp-json\/wp\/v2\/categories?post=105395"},{"taxonomy":"post_tag","embeddable":true,"href":"https:\/\/regiaonews.net.br\/2022\/wp-json\/wp\/v2\/tags?post=105395"}],"curies":[{"name":"wp","href":"https:\/\/api.w.org\/{rel}","templated":true}]}}