{"id":105382,"date":"2024-05-23T17:15:23","date_gmt":"2024-05-23T20:15:23","guid":{"rendered":"https:\/\/regiaonews.net.br\/2022\/?p=105382"},"modified":"2024-05-23T17:19:20","modified_gmt":"2024-05-23T20:19:20","slug":"tebe-realiza-campanha-de-conscientizacao-do-uso-da-passarela-em-bebedouro","status":"publish","type":"post","link":"https:\/\/regiaonews.net.br\/2022\/2024\/05\/23\/tebe-realiza-campanha-de-conscientizacao-do-uso-da-passarela-em-bebedouro\/","title":{"rendered":"TEBE realiza campanha de conscientiza\u00e7\u00e3o do uso da passarela em Bebedouro"},"content":{"rendered":"<p>A a\u00e7\u00e3o que foi realizada pela Concession\u00e1ria de Rodovias TEBE no dia 21 de maio, das 06h00 \u00e0s 08h00, faz parte da programa\u00e7\u00e3o das atividades em comemora\u00e7\u00e3o \u00e0 campanha \u201cMaio Amarelo\u201d que neste ano tem o tema \u201cPaz no Tr\u00e2nsito come\u00e7a por VOC\u00ca\u201d, contou com a parceria da Pol\u00edcia Militar Rodovi\u00e1ria e com apoio da ARTESP _ Ag\u00eancia Reguladora de Transportes do Estado de S\u00e3o Paulo e tem o objetivo de conscientizar os usu\u00e1rios sobre a import\u00e2ncia de utilizarem a passarela, que fica no trecho urbano da Rodovia Comendador Pedro Monteleone \u2013 SP 351, km 154,549, no munic\u00edpio de Bebedouro.<\/p>\n<p><a href=\"https:\/\/regiaonews.net.br\/2022\/wp-content\/uploads\/2024\/05\/WhatsApp-Image-2024-05-23-at-15.37.09-1.jpeg\"><img loading=\"lazy\" decoding=\"async\" class=\"alignnone size-medium wp-image-105387\" src=\"https:\/\/regiaonews.net.br\/2022\/wp-content\/uploads\/2024\/05\/WhatsApp-Image-2024-05-23-at-15.37.09-1-300x268.jpeg\" alt=\"\" width=\"300\" height=\"268\" srcset=\"https:\/\/regiaonews.net.br\/2022\/wp-content\/uploads\/2024\/05\/WhatsApp-Image-2024-05-23-at-15.37.09-1-300x268.jpeg 300w, https:\/\/regiaonews.net.br\/2022\/wp-content\/uploads\/2024\/05\/WhatsApp-Image-2024-05-23-at-15.37.09-1-250x223.jpeg 250w, https:\/\/regiaonews.net.br\/2022\/wp-content\/uploads\/2024\/05\/WhatsApp-Image-2024-05-23-at-15.37.09-1.jpeg 431w\" sizes=\"auto, (max-width: 300px) 100vw, 300px\" \/><\/a><\/p>\n<p>A equipe da TEBE orientou os usu\u00e1rios sobre a import\u00e2ncia do uso da passarela e sobre os riscos que envolvem a travessia de ciclistas e pedestres pela rodovia e aproveitou para refor\u00e7ar os cuidados no tr\u00e2nsito, com a distribui\u00e7\u00e3o material educativo com 10 dicas de Seguran\u00e7a no Tr\u00e2nsito. Quem passou pelo local recebeu tamb\u00e9m um kit lanche na passarela.<\/p>\n<p>&nbsp;<\/p>\n<p>Para a TEBE o objetivo \u00e9 fazer um trabalho de conscientiza\u00e7\u00e3o e de preven\u00e7\u00e3o de riscos de acidentes. \u201cPara termos um tr\u00e2nsito mais humano e seguro, \u00e9 muito importante este envolvimento da empresa com a comunidade, autoridades e m\u00eddias locais, levando a conscientiza\u00e7\u00e3o para toda popula\u00e7\u00e3o\u201d, diz o diretor-presidente, Ant\u00f4nio Carlos Chinelato.<\/p>\n","protected":false},"excerpt":{"rendered":"<p>A a\u00e7\u00e3o que foi realizada pela Concession\u00e1ria de Rodovias TEBE<\/p>\n","protected":false},"author":2,"featured_media":105383,"comment_status":"open","ping_status":"open","sticky":false,"template":"","format":"standard","meta":{"footnotes":""},"categories":[4,25],"tags":[],"class_list":["post-105382","post","type-post","status-publish","format-standard","has-post-thumbnail","hentry","category-bebedouro","category-cidades"],"yoast_head":"<!-- This site is optimized with the Yoast SEO plugin v27.4 - https:\/\/yoast.com\/product\/yoast-seo-wordpress\/ -->\n<title>TEBE realiza campanha de conscientiza\u00e7\u00e3o do uso da passarela em Bebedouro - Regi\u00e3o News<\/title>\n<meta name=\"robots\" content=\"index, follow, max-snippet:-1, max-image-preview:large, max-video-preview:-1\" \/>\n<link rel=\"canonical\" href=\"https:\/\/regiaonews.net.br\/2022\/2024\/05\/23\/tebe-realiza-campanha-de-conscientizacao-do-uso-da-passarela-em-bebedouro\/\" \/>\n<meta property=\"og:locale\" content=\"pt_BR\" \/>\n<meta property=\"og:type\" content=\"article\" \/>\n<meta property=\"og:title\" content=\"TEBE realiza campanha de conscientiza\u00e7\u00e3o do uso da passarela em Bebedouro - Regi\u00e3o News\" \/>\n<meta property=\"og:description\" content=\"A a\u00e7\u00e3o que foi realizada pela Concession\u00e1ria de Rodovias TEBE\" \/>\n<meta property=\"og:url\" content=\"https:\/\/regiaonews.net.br\/2022\/2024\/05\/23\/tebe-realiza-campanha-de-conscientizacao-do-uso-da-passarela-em-bebedouro\/\" \/>\n<meta property=\"og:site_name\" content=\"Regi\u00e3o News\" \/>\n<meta property=\"article:published_time\" content=\"2024-05-23T20:15:23+00:00\" \/>\n<meta property=\"article:modified_time\" content=\"2024-05-23T20:19:20+00:00\" \/>\n<meta property=\"og:image\" content=\"https:\/\/regiaonews.net.br\/2022\/wp-content\/uploads\/2024\/05\/WhatsApp-Image-2024-05-23-at-15.37.09.jpeg\" \/>\n\t<meta property=\"og:image:width\" content=\"545\" \/>\n\t<meta property=\"og:image:height\" content=\"352\" \/>\n\t<meta property=\"og:image:type\" content=\"image\/jpeg\" \/>\n<meta name=\"author\" content=\"Roberto\" \/>\n<meta name=\"twitter:card\" content=\"summary_large_image\" \/>\n<meta name=\"twitter:label1\" content=\"Escrito por\" \/>\n\t<meta name=\"twitter:data1\" content=\"Roberto\" \/>\n\t<meta name=\"twitter:label2\" content=\"Est. tempo de leitura\" \/>\n\t<meta name=\"twitter:data2\" content=\"2 minutos\" \/>\n<script type=\"application\/ld+json\" class=\"yoast-schema-graph\">{\"@context\":\"https:\\\/\\\/schema.org\",\"@graph\":[{\"@type\":\"Article\",\"@id\":\"https:\\\/\\\/regiaonews.net.br\\\/2022\\\/2024\\\/05\\\/23\\\/tebe-realiza-campanha-de-conscientizacao-do-uso-da-passarela-em-bebedouro\\\/#article\",\"isPartOf\":{\"@id\":\"https:\\\/\\\/regiaonews.net.br\\\/2022\\\/2024\\\/05\\\/23\\\/tebe-realiza-campanha-de-conscientizacao-do-uso-da-passarela-em-bebedouro\\\/\"},\"author\":{\"name\":\"Roberto\",\"@id\":\"https:\\\/\\\/regiaonews.net.br\\\/2022\\\/#\\\/schema\\\/person\\\/2d205a608a5aa97ac279d7a5e6d89ad8\"},\"headline\":\"TEBE realiza campanha de conscientiza\u00e7\u00e3o do uso da passarela em Bebedouro\",\"datePublished\":\"2024-05-23T20:15:23+00:00\",\"dateModified\":\"2024-05-23T20:19:20+00:00\",\"mainEntityOfPage\":{\"@id\":\"https:\\\/\\\/regiaonews.net.br\\\/2022\\\/2024\\\/05\\\/23\\\/tebe-realiza-campanha-de-conscientizacao-do-uso-da-passarela-em-bebedouro\\\/\"},\"wordCount\":243,\"commentCount\":0,\"publisher\":{\"@id\":\"https:\\\/\\\/regiaonews.net.br\\\/2022\\\/#organization\"},\"image\":{\"@id\":\"https:\\\/\\\/regiaonews.net.br\\\/2022\\\/2024\\\/05\\\/23\\\/tebe-realiza-campanha-de-conscientizacao-do-uso-da-passarela-em-bebedouro\\\/#primaryimage\"},\"thumbnailUrl\":\"https:\\\/\\\/regiaonews.net.br\\\/2022\\\/wp-content\\\/uploads\\\/2024\\\/05\\\/WhatsApp-Image-2024-05-23-at-15.37.09.jpeg\",\"articleSection\":[\"Bebedouro\",\"Cidades\"],\"inLanguage\":\"pt-BR\",\"potentialAction\":[{\"@type\":\"CommentAction\",\"name\":\"Comment\",\"target\":[\"https:\\\/\\\/regiaonews.net.br\\\/2022\\\/2024\\\/05\\\/23\\\/tebe-realiza-campanha-de-conscientizacao-do-uso-da-passarela-em-bebedouro\\\/#respond\"]}]},{\"@type\":\"WebPage\",\"@id\":\"https:\\\/\\\/regiaonews.net.br\\\/2022\\\/2024\\\/05\\\/23\\\/tebe-realiza-campanha-de-conscientizacao-do-uso-da-passarela-em-bebedouro\\\/\",\"url\":\"https:\\\/\\\/regiaonews.net.br\\\/2022\\\/2024\\\/05\\\/23\\\/tebe-realiza-campanha-de-conscientizacao-do-uso-da-passarela-em-bebedouro\\\/\",\"name\":\"TEBE realiza campanha de conscientiza\u00e7\u00e3o do uso da passarela em Bebedouro - Regi\u00e3o News\",\"isPartOf\":{\"@id\":\"https:\\\/\\\/regiaonews.net.br\\\/2022\\\/#website\"},\"primaryImageOfPage\":{\"@id\":\"https:\\\/\\\/regiaonews.net.br\\\/2022\\\/2024\\\/05\\\/23\\\/tebe-realiza-campanha-de-conscientizacao-do-uso-da-passarela-em-bebedouro\\\/#primaryimage\"},\"image\":{\"@id\":\"https:\\\/\\\/regiaonews.net.br\\\/2022\\\/2024\\\/05\\\/23\\\/tebe-realiza-campanha-de-conscientizacao-do-uso-da-passarela-em-bebedouro\\\/#primaryimage\"},\"thumbnailUrl\":\"https:\\\/\\\/regiaonews.net.br\\\/2022\\\/wp-content\\\/uploads\\\/2024\\\/05\\\/WhatsApp-Image-2024-05-23-at-15.37.09.jpeg\",\"datePublished\":\"2024-05-23T20:15:23+00:00\",\"dateModified\":\"2024-05-23T20:19:20+00:00\",\"breadcrumb\":{\"@id\":\"https:\\\/\\\/regiaonews.net.br\\\/2022\\\/2024\\\/05\\\/23\\\/tebe-realiza-campanha-de-conscientizacao-do-uso-da-passarela-em-bebedouro\\\/#breadcrumb\"},\"inLanguage\":\"pt-BR\",\"potentialAction\":[{\"@type\":\"ReadAction\",\"target\":[\"https:\\\/\\\/regiaonews.net.br\\\/2022\\\/2024\\\/05\\\/23\\\/tebe-realiza-campanha-de-conscientizacao-do-uso-da-passarela-em-bebedouro\\\/\"]}]},{\"@type\":\"ImageObject\",\"inLanguage\":\"pt-BR\",\"@id\":\"https:\\\/\\\/regiaonews.net.br\\\/2022\\\/2024\\\/05\\\/23\\\/tebe-realiza-campanha-de-conscientizacao-do-uso-da-passarela-em-bebedouro\\\/#primaryimage\",\"url\":\"https:\\\/\\\/regiaonews.net.br\\\/2022\\\/wp-content\\\/uploads\\\/2024\\\/05\\\/WhatsApp-Image-2024-05-23-at-15.37.09.jpeg\",\"contentUrl\":\"https:\\\/\\\/regiaonews.net.br\\\/2022\\\/wp-content\\\/uploads\\\/2024\\\/05\\\/WhatsApp-Image-2024-05-23-at-15.37.09.jpeg\",\"width\":545,\"height\":352},{\"@type\":\"BreadcrumbList\",\"@id\":\"https:\\\/\\\/regiaonews.net.br\\\/2022\\\/2024\\\/05\\\/23\\\/tebe-realiza-campanha-de-conscientizacao-do-uso-da-passarela-em-bebedouro\\\/#breadcrumb\",\"itemListElement\":[{\"@type\":\"ListItem\",\"position\":1,\"name\":\"In\u00edcio\",\"item\":\"https:\\\/\\\/regiaonews.net.br\\\/2022\\\/\"},{\"@type\":\"ListItem\",\"position\":2,\"name\":\"TEBE realiza campanha de conscientiza\u00e7\u00e3o do uso da passarela em Bebedouro\"}]},{\"@type\":\"WebSite\",\"@id\":\"https:\\\/\\\/regiaonews.net.br\\\/2022\\\/#website\",\"url\":\"https:\\\/\\\/regiaonews.net.br\\\/2022\\\/\",\"name\":\"Regi\u00e3o News\",\"description\":\"Site de Not\u00edcias de Barretos e regi\u00e3o\",\"publisher\":{\"@id\":\"https:\\\/\\\/regiaonews.net.br\\\/2022\\\/#organization\"},\"potentialAction\":[{\"@type\":\"SearchAction\",\"target\":{\"@type\":\"EntryPoint\",\"urlTemplate\":\"https:\\\/\\\/regiaonews.net.br\\\/2022\\\/?s={search_term_string}\"},\"query-input\":{\"@type\":\"PropertyValueSpecification\",\"valueRequired\":true,\"valueName\":\"search_term_string\"}}],\"inLanguage\":\"pt-BR\"},{\"@type\":\"Organization\",\"@id\":\"https:\\\/\\\/regiaonews.net.br\\\/2022\\\/#organization\",\"name\":\"Regi\u00e3o News\",\"url\":\"https:\\\/\\\/regiaonews.net.br\\\/2022\\\/\",\"logo\":{\"@type\":\"ImageObject\",\"inLanguage\":\"pt-BR\",\"@id\":\"https:\\\/\\\/regiaonews.net.br\\\/2022\\\/#\\\/schema\\\/logo\\\/image\\\/\",\"url\":\"https:\\\/\\\/regiaonews.net.br\\\/2022\\\/wp-content\\\/uploads\\\/2026\\\/03\\\/regiao-13-anos-scaled.jpg\",\"contentUrl\":\"https:\\\/\\\/regiaonews.net.br\\\/2022\\\/wp-content\\\/uploads\\\/2026\\\/03\\\/regiao-13-anos-scaled.jpg\",\"width\":2560,\"height\":635,\"caption\":\"Regi\u00e3o News\"},\"image\":{\"@id\":\"https:\\\/\\\/regiaonews.net.br\\\/2022\\\/#\\\/schema\\\/logo\\\/image\\\/\"}},{\"@type\":\"Person\",\"@id\":\"https:\\\/\\\/regiaonews.net.br\\\/2022\\\/#\\\/schema\\\/person\\\/2d205a608a5aa97ac279d7a5e6d89ad8\",\"name\":\"Roberto\",\"image\":{\"@type\":\"ImageObject\",\"inLanguage\":\"pt-BR\",\"@id\":\"https:\\\/\\\/secure.gravatar.com\\\/avatar\\\/42749d8b712ff9d59ca93dc150494e5b55a44134482993f5baeb97e61b7ecc89?s=96&d=mm&r=g\",\"url\":\"https:\\\/\\\/secure.gravatar.com\\\/avatar\\\/42749d8b712ff9d59ca93dc150494e5b55a44134482993f5baeb97e61b7ecc89?s=96&d=mm&r=g\",\"contentUrl\":\"https:\\\/\\\/secure.gravatar.com\\\/avatar\\\/42749d8b712ff9d59ca93dc150494e5b55a44134482993f5baeb97e61b7ecc89?s=96&d=mm&r=g\",\"caption\":\"Roberto\"},\"url\":\"https:\\\/\\\/regiaonews.net.br\\\/2022\\\/author\\\/roberto\\\/\"}]}<\/script>\n<!-- \/ Yoast SEO plugin. -->","yoast_head_json":{"title":"TEBE realiza campanha de conscientiza\u00e7\u00e3o do uso da passarela em Bebedouro - Regi\u00e3o News","robots":{"index":"index","follow":"follow","max-snippet":"max-snippet:-1","max-image-preview":"max-image-preview:large","max-video-preview":"max-video-preview:-1"},"canonical":"https:\/\/regiaonews.net.br\/2022\/2024\/05\/23\/tebe-realiza-campanha-de-conscientizacao-do-uso-da-passarela-em-bebedouro\/","og_locale":"pt_BR","og_type":"article","og_title":"TEBE realiza campanha de conscientiza\u00e7\u00e3o do uso da passarela em Bebedouro - Regi\u00e3o News","og_description":"A a\u00e7\u00e3o que foi realizada pela Concession\u00e1ria de Rodovias TEBE","og_url":"https:\/\/regiaonews.net.br\/2022\/2024\/05\/23\/tebe-realiza-campanha-de-conscientizacao-do-uso-da-passarela-em-bebedouro\/","og_site_name":"Regi\u00e3o News","article_published_time":"2024-05-23T20:15:23+00:00","article_modified_time":"2024-05-23T20:19:20+00:00","og_image":[{"width":545,"height":352,"url":"https:\/\/regiaonews.net.br\/2022\/wp-content\/uploads\/2024\/05\/WhatsApp-Image-2024-05-23-at-15.37.09.jpeg","type":"image\/jpeg"}],"author":"Roberto","twitter_card":"summary_large_image","twitter_misc":{"Escrito por":"Roberto","Est. tempo de leitura":"2 minutos"},"schema":{"@context":"https:\/\/schema.org","@graph":[{"@type":"Article","@id":"https:\/\/regiaonews.net.br\/2022\/2024\/05\/23\/tebe-realiza-campanha-de-conscientizacao-do-uso-da-passarela-em-bebedouro\/#article","isPartOf":{"@id":"https:\/\/regiaonews.net.br\/2022\/2024\/05\/23\/tebe-realiza-campanha-de-conscientizacao-do-uso-da-passarela-em-bebedouro\/"},"author":{"name":"Roberto","@id":"https:\/\/regiaonews.net.br\/2022\/#\/schema\/person\/2d205a608a5aa97ac279d7a5e6d89ad8"},"headline":"TEBE realiza campanha de conscientiza\u00e7\u00e3o do uso da passarela em Bebedouro","datePublished":"2024-05-23T20:15:23+00:00","dateModified":"2024-05-23T20:19:20+00:00","mainEntityOfPage":{"@id":"https:\/\/regiaonews.net.br\/2022\/2024\/05\/23\/tebe-realiza-campanha-de-conscientizacao-do-uso-da-passarela-em-bebedouro\/"},"wordCount":243,"commentCount":0,"publisher":{"@id":"https:\/\/regiaonews.net.br\/2022\/#organization"},"image":{"@id":"https:\/\/regiaonews.net.br\/2022\/2024\/05\/23\/tebe-realiza-campanha-de-conscientizacao-do-uso-da-passarela-em-bebedouro\/#primaryimage"},"thumbnailUrl":"https:\/\/regiaonews.net.br\/2022\/wp-content\/uploads\/2024\/05\/WhatsApp-Image-2024-05-23-at-15.37.09.jpeg","articleSection":["Bebedouro","Cidades"],"inLanguage":"pt-BR","potentialAction":[{"@type":"CommentAction","name":"Comment","target":["https:\/\/regiaonews.net.br\/2022\/2024\/05\/23\/tebe-realiza-campanha-de-conscientizacao-do-uso-da-passarela-em-bebedouro\/#respond"]}]},{"@type":"WebPage","@id":"https:\/\/regiaonews.net.br\/2022\/2024\/05\/23\/tebe-realiza-campanha-de-conscientizacao-do-uso-da-passarela-em-bebedouro\/","url":"https:\/\/regiaonews.net.br\/2022\/2024\/05\/23\/tebe-realiza-campanha-de-conscientizacao-do-uso-da-passarela-em-bebedouro\/","name":"TEBE realiza campanha de conscientiza\u00e7\u00e3o do uso da passarela em Bebedouro - Regi\u00e3o News","isPartOf":{"@id":"https:\/\/regiaonews.net.br\/2022\/#website"},"primaryImageOfPage":{"@id":"https:\/\/regiaonews.net.br\/2022\/2024\/05\/23\/tebe-realiza-campanha-de-conscientizacao-do-uso-da-passarela-em-bebedouro\/#primaryimage"},"image":{"@id":"https:\/\/regiaonews.net.br\/2022\/2024\/05\/23\/tebe-realiza-campanha-de-conscientizacao-do-uso-da-passarela-em-bebedouro\/#primaryimage"},"thumbnailUrl":"https:\/\/regiaonews.net.br\/2022\/wp-content\/uploads\/2024\/05\/WhatsApp-Image-2024-05-23-at-15.37.09.jpeg","datePublished":"2024-05-23T20:15:23+00:00","dateModified":"2024-05-23T20:19:20+00:00","breadcrumb":{"@id":"https:\/\/regiaonews.net.br\/2022\/2024\/05\/23\/tebe-realiza-campanha-de-conscientizacao-do-uso-da-passarela-em-bebedouro\/#breadcrumb"},"inLanguage":"pt-BR","potentialAction":[{"@type":"ReadAction","target":["https:\/\/regiaonews.net.br\/2022\/2024\/05\/23\/tebe-realiza-campanha-de-conscientizacao-do-uso-da-passarela-em-bebedouro\/"]}]},{"@type":"ImageObject","inLanguage":"pt-BR","@id":"https:\/\/regiaonews.net.br\/2022\/2024\/05\/23\/tebe-realiza-campanha-de-conscientizacao-do-uso-da-passarela-em-bebedouro\/#primaryimage","url":"https:\/\/regiaonews.net.br\/2022\/wp-content\/uploads\/2024\/05\/WhatsApp-Image-2024-05-23-at-15.37.09.jpeg","contentUrl":"https:\/\/regiaonews.net.br\/2022\/wp-content\/uploads\/2024\/05\/WhatsApp-Image-2024-05-23-at-15.37.09.jpeg","width":545,"height":352},{"@type":"BreadcrumbList","@id":"https:\/\/regiaonews.net.br\/2022\/2024\/05\/23\/tebe-realiza-campanha-de-conscientizacao-do-uso-da-passarela-em-bebedouro\/#breadcrumb","itemListElement":[{"@type":"ListItem","position":1,"name":"In\u00edcio","item":"https:\/\/regiaonews.net.br\/2022\/"},{"@type":"ListItem","position":2,"name":"TEBE realiza campanha de conscientiza\u00e7\u00e3o do uso da passarela em Bebedouro"}]},{"@type":"WebSite","@id":"https:\/\/regiaonews.net.br\/2022\/#website","url":"https:\/\/regiaonews.net.br\/2022\/","name":"Regi\u00e3o News","description":"Site de Not\u00edcias de Barretos e regi\u00e3o","publisher":{"@id":"https:\/\/regiaonews.net.br\/2022\/#organization"},"potentialAction":[{"@type":"SearchAction","target":{"@type":"EntryPoint","urlTemplate":"https:\/\/regiaonews.net.br\/2022\/?s={search_term_string}"},"query-input":{"@type":"PropertyValueSpecification","valueRequired":true,"valueName":"search_term_string"}}],"inLanguage":"pt-BR"},{"@type":"Organization","@id":"https:\/\/regiaonews.net.br\/2022\/#organization","name":"Regi\u00e3o News","url":"https:\/\/regiaonews.net.br\/2022\/","logo":{"@type":"ImageObject","inLanguage":"pt-BR","@id":"https:\/\/regiaonews.net.br\/2022\/#\/schema\/logo\/image\/","url":"https:\/\/regiaonews.net.br\/2022\/wp-content\/uploads\/2026\/03\/regiao-13-anos-scaled.jpg","contentUrl":"https:\/\/regiaonews.net.br\/2022\/wp-content\/uploads\/2026\/03\/regiao-13-anos-scaled.jpg","width":2560,"height":635,"caption":"Regi\u00e3o News"},"image":{"@id":"https:\/\/regiaonews.net.br\/2022\/#\/schema\/logo\/image\/"}},{"@type":"Person","@id":"https:\/\/regiaonews.net.br\/2022\/#\/schema\/person\/2d205a608a5aa97ac279d7a5e6d89ad8","name":"Roberto","image":{"@type":"ImageObject","inLanguage":"pt-BR","@id":"https:\/\/secure.gravatar.com\/avatar\/42749d8b712ff9d59ca93dc150494e5b55a44134482993f5baeb97e61b7ecc89?s=96&d=mm&r=g","url":"https:\/\/secure.gravatar.com\/avatar\/42749d8b712ff9d59ca93dc150494e5b55a44134482993f5baeb97e61b7ecc89?s=96&d=mm&r=g","contentUrl":"https:\/\/secure.gravatar.com\/avatar\/42749d8b712ff9d59ca93dc150494e5b55a44134482993f5baeb97e61b7ecc89?s=96&d=mm&r=g","caption":"Roberto"},"url":"https:\/\/regiaonews.net.br\/2022\/author\/roberto\/"}]}},"publishpress_future_action":{"enabled":false,"date":"2026-05-03 10:33:42","action":"change-status","newStatus":"draft","terms":[],"taxonomy":"category","extraData":[]},"publishpress_future_workflow_manual_trigger":{"enabledWorkflows":[]},"_links":{"self":[{"href":"https:\/\/regiaonews.net.br\/2022\/wp-json\/wp\/v2\/posts\/105382","targetHints":{"allow":["GET"]}}],"collection":[{"href":"https:\/\/regiaonews.net.br\/2022\/wp-json\/wp\/v2\/posts"}],"about":[{"href":"https:\/\/regiaonews.net.br\/2022\/wp-json\/wp\/v2\/types\/post"}],"author":[{"embeddable":true,"href":"https:\/\/regiaonews.net.br\/2022\/wp-json\/wp\/v2\/users\/2"}],"replies":[{"embeddable":true,"href":"https:\/\/regiaonews.net.br\/2022\/wp-json\/wp\/v2\/comments?post=105382"}],"version-history":[{"count":4,"href":"https:\/\/regiaonews.net.br\/2022\/wp-json\/wp\/v2\/posts\/105382\/revisions"}],"predecessor-version":[{"id":105388,"href":"https:\/\/regiaonews.net.br\/2022\/wp-json\/wp\/v2\/posts\/105382\/revisions\/105388"}],"wp:featuredmedia":[{"embeddable":true,"href":"https:\/\/regiaonews.net.br\/2022\/wp-json\/wp\/v2\/media\/105383"}],"wp:attachment":[{"href":"https:\/\/regiaonews.net.br\/2022\/wp-json\/wp\/v2\/media?parent=105382"}],"wp:term":[{"taxonomy":"category","embeddable":true,"href":"https:\/\/regiaonews.net.br\/2022\/wp-json\/wp\/v2\/categories?post=105382"},{"taxonomy":"post_tag","embeddable":true,"href":"https:\/\/regiaonews.net.br\/2022\/wp-json\/wp\/v2\/tags?post=105382"}],"curies":[{"name":"wp","href":"https:\/\/api.w.org\/{rel}","templated":true}]}}