{"id":105370,"date":"2024-05-23T13:32:40","date_gmt":"2024-05-23T16:32:40","guid":{"rendered":"https:\/\/regiaonews.net.br\/2022\/?p=105370"},"modified":"2024-05-23T13:32:40","modified_gmt":"2024-05-23T16:32:40","slug":"tres-estudantes-sao-premiadas-em-concurso-da-pastoral-marginalizada","status":"publish","type":"post","link":"https:\/\/regiaonews.net.br\/2022\/2024\/05\/23\/tres-estudantes-sao-premiadas-em-concurso-da-pastoral-marginalizada\/","title":{"rendered":"Tr\u00eas estudantes s\u00e3o premiadas em concurso da Pastoral Marginalizada"},"content":{"rendered":"<p>A Pastoral da Mulher Marginalizada desenvolve h\u00e1 14 anos o projeto Fa\u00e7a Bonito junto \u00e0s escolas de Barretos, com o objetivo de levar orienta\u00e7\u00f5es sobre as quest\u00f5es relacionadas a abuso e explora\u00e7\u00e3o sexual de crian\u00e7as e adolescentes. Ap\u00f3s palestras ministradas pela advogada e ex-delegada, dra. Gl\u00e1ucia Martins Sim\u00f5es, os estudantes das escolas estaduais Maria Helena Scannavino, Paulina Nunes de Moraes e F\u00e1bio Junqueira Franco escreveram reda\u00e7\u00e3o sobre o tema. \u201cAtrav\u00e9s das palestras os alunos receberam informa\u00e7\u00f5es sobre o abuso e a explora\u00e7\u00e3o. Em seguida escrevem sobre a orienta\u00e7\u00e3o da professor para concorrer ao pr\u00eamio\u201d, explicou Heloisa Chubaci, integrante da Pastoral.<br \/>\nA coordenadora diocesana da Pastoral da Mulher Marginalizada, Nivalda Duarte Menezes, disse que o projeto teve in\u00edcio no m\u00eas de fevereiro e acontece na cidade h\u00e1 14 anos, inclusive auxiliando a chegar at\u00e9 algumas den\u00fancias. \u201cCada escola nos envia as 10 melhores reda\u00e7\u00f5es, onde das 30 recebidas, premiamos as tr\u00eas melhores. O projeto \u00e9 uma preven\u00e7\u00e3o nas escolas e nestas reda\u00e7\u00f5es a gente encontra muitas den\u00fancias que s\u00e3o encaminhadas \u00e0s autoridades\u201d, afirmou Nivalda.<br \/>\nO bispo da Diocese de Barretos, Dom Milton Kenan J\u00fanior, disse que \u00e9 importante essas orienta\u00e7\u00f5es para que os jovens tenham conhecimento do crime de abusos de menores, onde quer que ele ocorra. \u201cInfelizmente a gente sabe que o maior \u00edndice de abuso hoje acontece nas fam\u00edlias, \u00e9 importante que as crian\u00e7as e os jovens, e as pr\u00f3prias fam\u00edlias tenham consci\u00eancia. O abuso \u00e9 uma agress\u00e3o que deixa graves sequelas\u201d, orientou.<br \/>\nAo final do evento, foram premiados os seguintes alunos: 1\u00ba lugar \u2013 M\u00f4nica Rafaela da Silva Ara\u00fajo \u2013 pr\u00eamio Notebook \u2013 escola Maria Helena Scannavino; 2\u00ba lugar \u2013 Karol da Silva Marques Nascimento \u2013 pr\u00eamio bicicleta \u2013 Escola Paulina Nunes de Moraes e 3\u00ba lugar \u2013 Sofia Aparecida Rodrigues Gon\u00e7alves \u2013 pr\u00eamio bicicleta \u2013 Escola F\u00e1bio Junqueira\u00a0Franco.<\/p>\n","protected":false},"excerpt":{"rendered":"<p>A Pastoral da Mulher Marginalizada desenvolve h\u00e1 14 anos o<\/p>\n","protected":false},"author":2,"featured_media":105371,"comment_status":"open","ping_status":"open","sticky":false,"template":"","format":"standard","meta":{"footnotes":""},"categories":[14,3],"tags":[],"class_list":["post-105370","post","type-post","status-publish","format-standard","has-post-thumbnail","hentry","category-barretos","category-geral"],"yoast_head":"<!-- This site is optimized with the Yoast SEO plugin v27.4 - https:\/\/yoast.com\/product\/yoast-seo-wordpress\/ -->\n<title>Tr\u00eas estudantes s\u00e3o premiadas em concurso da Pastoral Marginalizada - Regi\u00e3o News<\/title>\n<meta name=\"robots\" content=\"index, follow, max-snippet:-1, max-image-preview:large, max-video-preview:-1\" \/>\n<link rel=\"canonical\" href=\"https:\/\/regiaonews.net.br\/2022\/2024\/05\/23\/tres-estudantes-sao-premiadas-em-concurso-da-pastoral-marginalizada\/\" \/>\n<meta property=\"og:locale\" content=\"pt_BR\" \/>\n<meta property=\"og:type\" content=\"article\" \/>\n<meta property=\"og:title\" content=\"Tr\u00eas estudantes s\u00e3o premiadas em concurso da Pastoral Marginalizada - Regi\u00e3o News\" \/>\n<meta property=\"og:description\" content=\"A Pastoral da Mulher Marginalizada desenvolve h\u00e1 14 anos o\" \/>\n<meta property=\"og:url\" content=\"https:\/\/regiaonews.net.br\/2022\/2024\/05\/23\/tres-estudantes-sao-premiadas-em-concurso-da-pastoral-marginalizada\/\" \/>\n<meta property=\"og:site_name\" content=\"Regi\u00e3o News\" \/>\n<meta property=\"article:published_time\" content=\"2024-05-23T16:32:40+00:00\" \/>\n<meta property=\"og:image\" content=\"https:\/\/regiaonews.net.br\/2022\/wp-content\/uploads\/2024\/05\/Imagem-do-WhatsApp-de-2024-05-23-as-11.45.19_29c7fa8c.jpg\" \/>\n\t<meta property=\"og:image:width\" content=\"1600\" \/>\n\t<meta property=\"og:image:height\" content=\"1200\" \/>\n\t<meta property=\"og:image:type\" content=\"image\/jpeg\" \/>\n<meta name=\"author\" content=\"Roberto\" \/>\n<meta name=\"twitter:card\" content=\"summary_large_image\" \/>\n<meta name=\"twitter:label1\" content=\"Escrito por\" \/>\n\t<meta name=\"twitter:data1\" content=\"Roberto\" \/>\n\t<meta name=\"twitter:label2\" content=\"Est. tempo de leitura\" \/>\n\t<meta name=\"twitter:data2\" content=\"2 minutos\" \/>\n<script type=\"application\/ld+json\" class=\"yoast-schema-graph\">{\"@context\":\"https:\\\/\\\/schema.org\",\"@graph\":[{\"@type\":\"Article\",\"@id\":\"https:\\\/\\\/regiaonews.net.br\\\/2022\\\/2024\\\/05\\\/23\\\/tres-estudantes-sao-premiadas-em-concurso-da-pastoral-marginalizada\\\/#article\",\"isPartOf\":{\"@id\":\"https:\\\/\\\/regiaonews.net.br\\\/2022\\\/2024\\\/05\\\/23\\\/tres-estudantes-sao-premiadas-em-concurso-da-pastoral-marginalizada\\\/\"},\"author\":{\"name\":\"Roberto\",\"@id\":\"https:\\\/\\\/regiaonews.net.br\\\/2022\\\/#\\\/schema\\\/person\\\/2d205a608a5aa97ac279d7a5e6d89ad8\"},\"headline\":\"Tr\u00eas estudantes s\u00e3o premiadas em concurso da Pastoral Marginalizada\",\"datePublished\":\"2024-05-23T16:32:40+00:00\",\"mainEntityOfPage\":{\"@id\":\"https:\\\/\\\/regiaonews.net.br\\\/2022\\\/2024\\\/05\\\/23\\\/tres-estudantes-sao-premiadas-em-concurso-da-pastoral-marginalizada\\\/\"},\"wordCount\":332,\"commentCount\":0,\"publisher\":{\"@id\":\"https:\\\/\\\/regiaonews.net.br\\\/2022\\\/#organization\"},\"image\":{\"@id\":\"https:\\\/\\\/regiaonews.net.br\\\/2022\\\/2024\\\/05\\\/23\\\/tres-estudantes-sao-premiadas-em-concurso-da-pastoral-marginalizada\\\/#primaryimage\"},\"thumbnailUrl\":\"https:\\\/\\\/regiaonews.net.br\\\/2022\\\/wp-content\\\/uploads\\\/2024\\\/05\\\/Imagem-do-WhatsApp-de-2024-05-23-as-11.45.19_29c7fa8c.jpg\",\"articleSection\":[\"Barretos\",\"Geral\"],\"inLanguage\":\"pt-BR\",\"potentialAction\":[{\"@type\":\"CommentAction\",\"name\":\"Comment\",\"target\":[\"https:\\\/\\\/regiaonews.net.br\\\/2022\\\/2024\\\/05\\\/23\\\/tres-estudantes-sao-premiadas-em-concurso-da-pastoral-marginalizada\\\/#respond\"]}]},{\"@type\":\"WebPage\",\"@id\":\"https:\\\/\\\/regiaonews.net.br\\\/2022\\\/2024\\\/05\\\/23\\\/tres-estudantes-sao-premiadas-em-concurso-da-pastoral-marginalizada\\\/\",\"url\":\"https:\\\/\\\/regiaonews.net.br\\\/2022\\\/2024\\\/05\\\/23\\\/tres-estudantes-sao-premiadas-em-concurso-da-pastoral-marginalizada\\\/\",\"name\":\"Tr\u00eas estudantes s\u00e3o premiadas em concurso da Pastoral Marginalizada - Regi\u00e3o News\",\"isPartOf\":{\"@id\":\"https:\\\/\\\/regiaonews.net.br\\\/2022\\\/#website\"},\"primaryImageOfPage\":{\"@id\":\"https:\\\/\\\/regiaonews.net.br\\\/2022\\\/2024\\\/05\\\/23\\\/tres-estudantes-sao-premiadas-em-concurso-da-pastoral-marginalizada\\\/#primaryimage\"},\"image\":{\"@id\":\"https:\\\/\\\/regiaonews.net.br\\\/2022\\\/2024\\\/05\\\/23\\\/tres-estudantes-sao-premiadas-em-concurso-da-pastoral-marginalizada\\\/#primaryimage\"},\"thumbnailUrl\":\"https:\\\/\\\/regiaonews.net.br\\\/2022\\\/wp-content\\\/uploads\\\/2024\\\/05\\\/Imagem-do-WhatsApp-de-2024-05-23-as-11.45.19_29c7fa8c.jpg\",\"datePublished\":\"2024-05-23T16:32:40+00:00\",\"breadcrumb\":{\"@id\":\"https:\\\/\\\/regiaonews.net.br\\\/2022\\\/2024\\\/05\\\/23\\\/tres-estudantes-sao-premiadas-em-concurso-da-pastoral-marginalizada\\\/#breadcrumb\"},\"inLanguage\":\"pt-BR\",\"potentialAction\":[{\"@type\":\"ReadAction\",\"target\":[\"https:\\\/\\\/regiaonews.net.br\\\/2022\\\/2024\\\/05\\\/23\\\/tres-estudantes-sao-premiadas-em-concurso-da-pastoral-marginalizada\\\/\"]}]},{\"@type\":\"ImageObject\",\"inLanguage\":\"pt-BR\",\"@id\":\"https:\\\/\\\/regiaonews.net.br\\\/2022\\\/2024\\\/05\\\/23\\\/tres-estudantes-sao-premiadas-em-concurso-da-pastoral-marginalizada\\\/#primaryimage\",\"url\":\"https:\\\/\\\/regiaonews.net.br\\\/2022\\\/wp-content\\\/uploads\\\/2024\\\/05\\\/Imagem-do-WhatsApp-de-2024-05-23-as-11.45.19_29c7fa8c.jpg\",\"contentUrl\":\"https:\\\/\\\/regiaonews.net.br\\\/2022\\\/wp-content\\\/uploads\\\/2024\\\/05\\\/Imagem-do-WhatsApp-de-2024-05-23-as-11.45.19_29c7fa8c.jpg\",\"width\":1600,\"height\":1200},{\"@type\":\"BreadcrumbList\",\"@id\":\"https:\\\/\\\/regiaonews.net.br\\\/2022\\\/2024\\\/05\\\/23\\\/tres-estudantes-sao-premiadas-em-concurso-da-pastoral-marginalizada\\\/#breadcrumb\",\"itemListElement\":[{\"@type\":\"ListItem\",\"position\":1,\"name\":\"In\u00edcio\",\"item\":\"https:\\\/\\\/regiaonews.net.br\\\/2022\\\/\"},{\"@type\":\"ListItem\",\"position\":2,\"name\":\"Tr\u00eas estudantes s\u00e3o premiadas em concurso da Pastoral Marginalizada\"}]},{\"@type\":\"WebSite\",\"@id\":\"https:\\\/\\\/regiaonews.net.br\\\/2022\\\/#website\",\"url\":\"https:\\\/\\\/regiaonews.net.br\\\/2022\\\/\",\"name\":\"Regi\u00e3o News\",\"description\":\"Site de Not\u00edcias de Barretos e regi\u00e3o\",\"publisher\":{\"@id\":\"https:\\\/\\\/regiaonews.net.br\\\/2022\\\/#organization\"},\"potentialAction\":[{\"@type\":\"SearchAction\",\"target\":{\"@type\":\"EntryPoint\",\"urlTemplate\":\"https:\\\/\\\/regiaonews.net.br\\\/2022\\\/?s={search_term_string}\"},\"query-input\":{\"@type\":\"PropertyValueSpecification\",\"valueRequired\":true,\"valueName\":\"search_term_string\"}}],\"inLanguage\":\"pt-BR\"},{\"@type\":\"Organization\",\"@id\":\"https:\\\/\\\/regiaonews.net.br\\\/2022\\\/#organization\",\"name\":\"Regi\u00e3o News\",\"url\":\"https:\\\/\\\/regiaonews.net.br\\\/2022\\\/\",\"logo\":{\"@type\":\"ImageObject\",\"inLanguage\":\"pt-BR\",\"@id\":\"https:\\\/\\\/regiaonews.net.br\\\/2022\\\/#\\\/schema\\\/logo\\\/image\\\/\",\"url\":\"https:\\\/\\\/regiaonews.net.br\\\/2022\\\/wp-content\\\/uploads\\\/2026\\\/03\\\/regiao-13-anos-scaled.jpg\",\"contentUrl\":\"https:\\\/\\\/regiaonews.net.br\\\/2022\\\/wp-content\\\/uploads\\\/2026\\\/03\\\/regiao-13-anos-scaled.jpg\",\"width\":2560,\"height\":635,\"caption\":\"Regi\u00e3o News\"},\"image\":{\"@id\":\"https:\\\/\\\/regiaonews.net.br\\\/2022\\\/#\\\/schema\\\/logo\\\/image\\\/\"}},{\"@type\":\"Person\",\"@id\":\"https:\\\/\\\/regiaonews.net.br\\\/2022\\\/#\\\/schema\\\/person\\\/2d205a608a5aa97ac279d7a5e6d89ad8\",\"name\":\"Roberto\",\"image\":{\"@type\":\"ImageObject\",\"inLanguage\":\"pt-BR\",\"@id\":\"https:\\\/\\\/secure.gravatar.com\\\/avatar\\\/42749d8b712ff9d59ca93dc150494e5b55a44134482993f5baeb97e61b7ecc89?s=96&d=mm&r=g\",\"url\":\"https:\\\/\\\/secure.gravatar.com\\\/avatar\\\/42749d8b712ff9d59ca93dc150494e5b55a44134482993f5baeb97e61b7ecc89?s=96&d=mm&r=g\",\"contentUrl\":\"https:\\\/\\\/secure.gravatar.com\\\/avatar\\\/42749d8b712ff9d59ca93dc150494e5b55a44134482993f5baeb97e61b7ecc89?s=96&d=mm&r=g\",\"caption\":\"Roberto\"},\"url\":\"https:\\\/\\\/regiaonews.net.br\\\/2022\\\/author\\\/roberto\\\/\"}]}<\/script>\n<!-- \/ Yoast SEO plugin. -->","yoast_head_json":{"title":"Tr\u00eas estudantes s\u00e3o premiadas em concurso da Pastoral Marginalizada - Regi\u00e3o News","robots":{"index":"index","follow":"follow","max-snippet":"max-snippet:-1","max-image-preview":"max-image-preview:large","max-video-preview":"max-video-preview:-1"},"canonical":"https:\/\/regiaonews.net.br\/2022\/2024\/05\/23\/tres-estudantes-sao-premiadas-em-concurso-da-pastoral-marginalizada\/","og_locale":"pt_BR","og_type":"article","og_title":"Tr\u00eas estudantes s\u00e3o premiadas em concurso da Pastoral Marginalizada - Regi\u00e3o News","og_description":"A Pastoral da Mulher Marginalizada desenvolve h\u00e1 14 anos o","og_url":"https:\/\/regiaonews.net.br\/2022\/2024\/05\/23\/tres-estudantes-sao-premiadas-em-concurso-da-pastoral-marginalizada\/","og_site_name":"Regi\u00e3o News","article_published_time":"2024-05-23T16:32:40+00:00","og_image":[{"width":1600,"height":1200,"url":"https:\/\/regiaonews.net.br\/2022\/wp-content\/uploads\/2024\/05\/Imagem-do-WhatsApp-de-2024-05-23-as-11.45.19_29c7fa8c.jpg","type":"image\/jpeg"}],"author":"Roberto","twitter_card":"summary_large_image","twitter_misc":{"Escrito por":"Roberto","Est. tempo de leitura":"2 minutos"},"schema":{"@context":"https:\/\/schema.org","@graph":[{"@type":"Article","@id":"https:\/\/regiaonews.net.br\/2022\/2024\/05\/23\/tres-estudantes-sao-premiadas-em-concurso-da-pastoral-marginalizada\/#article","isPartOf":{"@id":"https:\/\/regiaonews.net.br\/2022\/2024\/05\/23\/tres-estudantes-sao-premiadas-em-concurso-da-pastoral-marginalizada\/"},"author":{"name":"Roberto","@id":"https:\/\/regiaonews.net.br\/2022\/#\/schema\/person\/2d205a608a5aa97ac279d7a5e6d89ad8"},"headline":"Tr\u00eas estudantes s\u00e3o premiadas em concurso da Pastoral Marginalizada","datePublished":"2024-05-23T16:32:40+00:00","mainEntityOfPage":{"@id":"https:\/\/regiaonews.net.br\/2022\/2024\/05\/23\/tres-estudantes-sao-premiadas-em-concurso-da-pastoral-marginalizada\/"},"wordCount":332,"commentCount":0,"publisher":{"@id":"https:\/\/regiaonews.net.br\/2022\/#organization"},"image":{"@id":"https:\/\/regiaonews.net.br\/2022\/2024\/05\/23\/tres-estudantes-sao-premiadas-em-concurso-da-pastoral-marginalizada\/#primaryimage"},"thumbnailUrl":"https:\/\/regiaonews.net.br\/2022\/wp-content\/uploads\/2024\/05\/Imagem-do-WhatsApp-de-2024-05-23-as-11.45.19_29c7fa8c.jpg","articleSection":["Barretos","Geral"],"inLanguage":"pt-BR","potentialAction":[{"@type":"CommentAction","name":"Comment","target":["https:\/\/regiaonews.net.br\/2022\/2024\/05\/23\/tres-estudantes-sao-premiadas-em-concurso-da-pastoral-marginalizada\/#respond"]}]},{"@type":"WebPage","@id":"https:\/\/regiaonews.net.br\/2022\/2024\/05\/23\/tres-estudantes-sao-premiadas-em-concurso-da-pastoral-marginalizada\/","url":"https:\/\/regiaonews.net.br\/2022\/2024\/05\/23\/tres-estudantes-sao-premiadas-em-concurso-da-pastoral-marginalizada\/","name":"Tr\u00eas estudantes s\u00e3o premiadas em concurso da Pastoral Marginalizada - Regi\u00e3o News","isPartOf":{"@id":"https:\/\/regiaonews.net.br\/2022\/#website"},"primaryImageOfPage":{"@id":"https:\/\/regiaonews.net.br\/2022\/2024\/05\/23\/tres-estudantes-sao-premiadas-em-concurso-da-pastoral-marginalizada\/#primaryimage"},"image":{"@id":"https:\/\/regiaonews.net.br\/2022\/2024\/05\/23\/tres-estudantes-sao-premiadas-em-concurso-da-pastoral-marginalizada\/#primaryimage"},"thumbnailUrl":"https:\/\/regiaonews.net.br\/2022\/wp-content\/uploads\/2024\/05\/Imagem-do-WhatsApp-de-2024-05-23-as-11.45.19_29c7fa8c.jpg","datePublished":"2024-05-23T16:32:40+00:00","breadcrumb":{"@id":"https:\/\/regiaonews.net.br\/2022\/2024\/05\/23\/tres-estudantes-sao-premiadas-em-concurso-da-pastoral-marginalizada\/#breadcrumb"},"inLanguage":"pt-BR","potentialAction":[{"@type":"ReadAction","target":["https:\/\/regiaonews.net.br\/2022\/2024\/05\/23\/tres-estudantes-sao-premiadas-em-concurso-da-pastoral-marginalizada\/"]}]},{"@type":"ImageObject","inLanguage":"pt-BR","@id":"https:\/\/regiaonews.net.br\/2022\/2024\/05\/23\/tres-estudantes-sao-premiadas-em-concurso-da-pastoral-marginalizada\/#primaryimage","url":"https:\/\/regiaonews.net.br\/2022\/wp-content\/uploads\/2024\/05\/Imagem-do-WhatsApp-de-2024-05-23-as-11.45.19_29c7fa8c.jpg","contentUrl":"https:\/\/regiaonews.net.br\/2022\/wp-content\/uploads\/2024\/05\/Imagem-do-WhatsApp-de-2024-05-23-as-11.45.19_29c7fa8c.jpg","width":1600,"height":1200},{"@type":"BreadcrumbList","@id":"https:\/\/regiaonews.net.br\/2022\/2024\/05\/23\/tres-estudantes-sao-premiadas-em-concurso-da-pastoral-marginalizada\/#breadcrumb","itemListElement":[{"@type":"ListItem","position":1,"name":"In\u00edcio","item":"https:\/\/regiaonews.net.br\/2022\/"},{"@type":"ListItem","position":2,"name":"Tr\u00eas estudantes s\u00e3o premiadas em concurso da Pastoral Marginalizada"}]},{"@type":"WebSite","@id":"https:\/\/regiaonews.net.br\/2022\/#website","url":"https:\/\/regiaonews.net.br\/2022\/","name":"Regi\u00e3o News","description":"Site de Not\u00edcias de Barretos e regi\u00e3o","publisher":{"@id":"https:\/\/regiaonews.net.br\/2022\/#organization"},"potentialAction":[{"@type":"SearchAction","target":{"@type":"EntryPoint","urlTemplate":"https:\/\/regiaonews.net.br\/2022\/?s={search_term_string}"},"query-input":{"@type":"PropertyValueSpecification","valueRequired":true,"valueName":"search_term_string"}}],"inLanguage":"pt-BR"},{"@type":"Organization","@id":"https:\/\/regiaonews.net.br\/2022\/#organization","name":"Regi\u00e3o News","url":"https:\/\/regiaonews.net.br\/2022\/","logo":{"@type":"ImageObject","inLanguage":"pt-BR","@id":"https:\/\/regiaonews.net.br\/2022\/#\/schema\/logo\/image\/","url":"https:\/\/regiaonews.net.br\/2022\/wp-content\/uploads\/2026\/03\/regiao-13-anos-scaled.jpg","contentUrl":"https:\/\/regiaonews.net.br\/2022\/wp-content\/uploads\/2026\/03\/regiao-13-anos-scaled.jpg","width":2560,"height":635,"caption":"Regi\u00e3o News"},"image":{"@id":"https:\/\/regiaonews.net.br\/2022\/#\/schema\/logo\/image\/"}},{"@type":"Person","@id":"https:\/\/regiaonews.net.br\/2022\/#\/schema\/person\/2d205a608a5aa97ac279d7a5e6d89ad8","name":"Roberto","image":{"@type":"ImageObject","inLanguage":"pt-BR","@id":"https:\/\/secure.gravatar.com\/avatar\/42749d8b712ff9d59ca93dc150494e5b55a44134482993f5baeb97e61b7ecc89?s=96&d=mm&r=g","url":"https:\/\/secure.gravatar.com\/avatar\/42749d8b712ff9d59ca93dc150494e5b55a44134482993f5baeb97e61b7ecc89?s=96&d=mm&r=g","contentUrl":"https:\/\/secure.gravatar.com\/avatar\/42749d8b712ff9d59ca93dc150494e5b55a44134482993f5baeb97e61b7ecc89?s=96&d=mm&r=g","caption":"Roberto"},"url":"https:\/\/regiaonews.net.br\/2022\/author\/roberto\/"}]}},"publishpress_future_action":{"enabled":false,"date":"2026-05-03 11:04:26","action":"change-status","newStatus":"draft","terms":[],"taxonomy":"category","extraData":[]},"publishpress_future_workflow_manual_trigger":{"enabledWorkflows":[]},"_links":{"self":[{"href":"https:\/\/regiaonews.net.br\/2022\/wp-json\/wp\/v2\/posts\/105370","targetHints":{"allow":["GET"]}}],"collection":[{"href":"https:\/\/regiaonews.net.br\/2022\/wp-json\/wp\/v2\/posts"}],"about":[{"href":"https:\/\/regiaonews.net.br\/2022\/wp-json\/wp\/v2\/types\/post"}],"author":[{"embeddable":true,"href":"https:\/\/regiaonews.net.br\/2022\/wp-json\/wp\/v2\/users\/2"}],"replies":[{"embeddable":true,"href":"https:\/\/regiaonews.net.br\/2022\/wp-json\/wp\/v2\/comments?post=105370"}],"version-history":[{"count":1,"href":"https:\/\/regiaonews.net.br\/2022\/wp-json\/wp\/v2\/posts\/105370\/revisions"}],"predecessor-version":[{"id":105372,"href":"https:\/\/regiaonews.net.br\/2022\/wp-json\/wp\/v2\/posts\/105370\/revisions\/105372"}],"wp:featuredmedia":[{"embeddable":true,"href":"https:\/\/regiaonews.net.br\/2022\/wp-json\/wp\/v2\/media\/105371"}],"wp:attachment":[{"href":"https:\/\/regiaonews.net.br\/2022\/wp-json\/wp\/v2\/media?parent=105370"}],"wp:term":[{"taxonomy":"category","embeddable":true,"href":"https:\/\/regiaonews.net.br\/2022\/wp-json\/wp\/v2\/categories?post=105370"},{"taxonomy":"post_tag","embeddable":true,"href":"https:\/\/regiaonews.net.br\/2022\/wp-json\/wp\/v2\/tags?post=105370"}],"curies":[{"name":"wp","href":"https:\/\/api.w.org\/{rel}","templated":true}]}}