{"id":105367,"date":"2024-05-23T13:31:50","date_gmt":"2024-05-23T16:31:50","guid":{"rendered":"https:\/\/regiaonews.net.br\/2022\/?p=105367"},"modified":"2024-05-23T13:31:50","modified_gmt":"2024-05-23T16:31:50","slug":"desvendando-o-fomento-sp-barretos-sedia-encontro-no-cine-barretos-e-reuniao-regional-com-secretarios-municipais-no-recinto","status":"publish","type":"post","link":"https:\/\/regiaonews.net.br\/2022\/2024\/05\/23\/desvendando-o-fomento-sp-barretos-sedia-encontro-no-cine-barretos-e-reuniao-regional-com-secretarios-municipais-no-recinto\/","title":{"rendered":"Desvendando o Fomento SP: Barretos sedia encontro no Cine Barretos e reuni\u00e3o regional com secret\u00e1rios municipais no Recinto"},"content":{"rendered":"<h3 style=\"text-align: center;\">As discuss\u00f5es sobre possibilidades de incentivo \u00e0 Cultura foram realizadas paralelamente ao Revelando SP<\/h3>\n<p>\u201cBarretos \u00e9 tradi\u00e7\u00e3o\u201d. Enquanto ecoava na parte externa do Recinto Paulo de Lima Correa o som das apresenta\u00e7\u00f5es art\u00edsticas da Trupe Revelando SP, na primeira tarde do Festival, e o p\u00fablico apreciava as diversas atra\u00e7\u00f5es, do lado de dentro da Casa do Criador era momento de pensar novas possibilidades culturais. A secret\u00e1ria de Estado de Cultura, Economia e Ind\u00fastria Criativas, Mar\u00edlia Marton, e a equipe t\u00e9cnica da pasta se reuniram com representantes de mais de 10 cidades para tirar d\u00favidas e explicar mais sobre como elaborar projetos para acessar editais culturais estaduais, nacionais e da iniciativa privada.<\/p>\n<p>A prefeita de Barretos, Paula Lemos, participou da abertura dessa reuni\u00e3o. \u201cO Recinto \u00e9 o ber\u00e7o da cultura barretense. Nossa cidade \u00e9 conhecida mundialmente pela Festa do Pe\u00e3o, que come\u00e7ou neste espa\u00e7o. Estou muito feliz em receber aqui a secret\u00e1ria estadual de Cultura e ainda trazendo muitas ideias\u201d, destacou.<\/p>\n<p>Paula ressaltou que, na atual gest\u00e3o municipal, Barretos conta com uma nova perspectiva de cultura. \u201cDobramos o or\u00e7amento, pois acreditamos no papel da cultura no processo de transforma\u00e7\u00e3o da vida das pessoas. Al\u00e9m disso, nessa nova perspectiva, a Secretaria passou a apoiar as pessoas interessadas em fazer cultura na cidade, colaborando quanto a como inscrever projetos\u201d, lembrou.<\/p>\n<p>Al\u00e9m da reuni\u00e3o com os secret\u00e1rios municipais de Cultura \u00e0 tarde, tamb\u00e9m na sexta-feira, 17, houve um encontro aberto ao p\u00fablico pela manh\u00e3, no Cine Barretos. A secret\u00e1ria Mar\u00edlia destacou que o \u2018Desvendando o Fomento SP\u2019 re\u00fane empres\u00e1rios, contadores e advogados tributaristas para explicar a esse p\u00fablico sobre as leis de incentivo. No Cine Barretos, tamb\u00e9m participaram representantes dos setores de Finan\u00e7as e Contabilidade da Prefeitura e interessados de diferentes cidades.<\/p>\n<p>\u201cA cultura \u00e9 realmente um espa\u00e7o de transforma\u00e7\u00e3o e com um valor agregado de renda. Nesse programa, explicamos sobre as possibilidades que as empresas t\u00eam de atrelar suas marcas \u00e0s produ\u00e7\u00f5es culturais, utilizando-se das isen\u00e7\u00f5es fiscais\u201d, afirmou a secret\u00e1ria de Estado.<\/p>\n<p>Para mais informa\u00e7\u00f5es sobre as formas de ren\u00fancia fiscal possibilitadas pelo Proac ICMS, Proac Editais, PNAB e outros programas de incentivo, interessados podem acessar https:\/\/proac.sp.gov.br\/ ou procurar a Secretaria Municipal de Cultura &amp; Economia Criativa na Av. 15, n. 724.<\/p>\n","protected":false},"excerpt":{"rendered":"<p>As discuss\u00f5es sobre possibilidades de incentivo \u00e0 Cultura foram realizadas<\/p>\n","protected":false},"author":2,"featured_media":105368,"comment_status":"open","ping_status":"open","sticky":false,"template":"","format":"standard","meta":{"footnotes":""},"categories":[14,3],"tags":[],"class_list":["post-105367","post","type-post","status-publish","format-standard","has-post-thumbnail","hentry","category-barretos","category-geral"],"yoast_head":"<!-- This site is optimized with the Yoast SEO plugin v27.4 - https:\/\/yoast.com\/product\/yoast-seo-wordpress\/ -->\n<title>Desvendando o Fomento SP: Barretos sedia encontro no Cine Barretos e reuni\u00e3o regional com secret\u00e1rios municipais no Recinto - Regi\u00e3o News<\/title>\n<meta name=\"robots\" content=\"index, follow, max-snippet:-1, max-image-preview:large, max-video-preview:-1\" \/>\n<link rel=\"canonical\" href=\"https:\/\/regiaonews.net.br\/2022\/2024\/05\/23\/desvendando-o-fomento-sp-barretos-sedia-encontro-no-cine-barretos-e-reuniao-regional-com-secretarios-municipais-no-recinto\/\" \/>\n<meta property=\"og:locale\" content=\"pt_BR\" \/>\n<meta property=\"og:type\" content=\"article\" \/>\n<meta property=\"og:title\" content=\"Desvendando o Fomento SP: Barretos sedia encontro no Cine Barretos e reuni\u00e3o regional com secret\u00e1rios municipais no Recinto - Regi\u00e3o News\" \/>\n<meta property=\"og:description\" content=\"As discuss\u00f5es sobre possibilidades de incentivo \u00e0 Cultura foram realizadas\" \/>\n<meta property=\"og:url\" content=\"https:\/\/regiaonews.net.br\/2022\/2024\/05\/23\/desvendando-o-fomento-sp-barretos-sedia-encontro-no-cine-barretos-e-reuniao-regional-com-secretarios-municipais-no-recinto\/\" \/>\n<meta property=\"og:site_name\" content=\"Regi\u00e3o News\" \/>\n<meta property=\"article:published_time\" content=\"2024-05-23T16:31:50+00:00\" \/>\n<meta property=\"og:image\" content=\"https:\/\/regiaonews.net.br\/2022\/wp-content\/uploads\/2024\/05\/Imagem-do-WhatsApp-de-2024-05-23-as-11.36.39_6720a834.jpg\" \/>\n\t<meta property=\"og:image:width\" content=\"1600\" \/>\n\t<meta property=\"og:image:height\" content=\"1200\" \/>\n\t<meta property=\"og:image:type\" content=\"image\/jpeg\" \/>\n<meta name=\"author\" content=\"Roberto\" \/>\n<meta name=\"twitter:card\" content=\"summary_large_image\" \/>\n<meta name=\"twitter:label1\" content=\"Escrito por\" \/>\n\t<meta name=\"twitter:data1\" content=\"Roberto\" \/>\n\t<meta name=\"twitter:label2\" content=\"Est. tempo de leitura\" \/>\n\t<meta name=\"twitter:data2\" content=\"3 minutos\" \/>\n<script type=\"application\/ld+json\" class=\"yoast-schema-graph\">{\"@context\":\"https:\\\/\\\/schema.org\",\"@graph\":[{\"@type\":\"Article\",\"@id\":\"https:\\\/\\\/regiaonews.net.br\\\/2022\\\/2024\\\/05\\\/23\\\/desvendando-o-fomento-sp-barretos-sedia-encontro-no-cine-barretos-e-reuniao-regional-com-secretarios-municipais-no-recinto\\\/#article\",\"isPartOf\":{\"@id\":\"https:\\\/\\\/regiaonews.net.br\\\/2022\\\/2024\\\/05\\\/23\\\/desvendando-o-fomento-sp-barretos-sedia-encontro-no-cine-barretos-e-reuniao-regional-com-secretarios-municipais-no-recinto\\\/\"},\"author\":{\"name\":\"Roberto\",\"@id\":\"https:\\\/\\\/regiaonews.net.br\\\/2022\\\/#\\\/schema\\\/person\\\/2d205a608a5aa97ac279d7a5e6d89ad8\"},\"headline\":\"Desvendando o Fomento SP: Barretos sedia encontro no Cine Barretos e reuni\u00e3o regional com secret\u00e1rios municipais no Recinto\",\"datePublished\":\"2024-05-23T16:31:50+00:00\",\"mainEntityOfPage\":{\"@id\":\"https:\\\/\\\/regiaonews.net.br\\\/2022\\\/2024\\\/05\\\/23\\\/desvendando-o-fomento-sp-barretos-sedia-encontro-no-cine-barretos-e-reuniao-regional-com-secretarios-municipais-no-recinto\\\/\"},\"wordCount\":424,\"commentCount\":0,\"publisher\":{\"@id\":\"https:\\\/\\\/regiaonews.net.br\\\/2022\\\/#organization\"},\"image\":{\"@id\":\"https:\\\/\\\/regiaonews.net.br\\\/2022\\\/2024\\\/05\\\/23\\\/desvendando-o-fomento-sp-barretos-sedia-encontro-no-cine-barretos-e-reuniao-regional-com-secretarios-municipais-no-recinto\\\/#primaryimage\"},\"thumbnailUrl\":\"https:\\\/\\\/regiaonews.net.br\\\/2022\\\/wp-content\\\/uploads\\\/2024\\\/05\\\/Imagem-do-WhatsApp-de-2024-05-23-as-11.36.39_6720a834.jpg\",\"articleSection\":[\"Barretos\",\"Geral\"],\"inLanguage\":\"pt-BR\",\"potentialAction\":[{\"@type\":\"CommentAction\",\"name\":\"Comment\",\"target\":[\"https:\\\/\\\/regiaonews.net.br\\\/2022\\\/2024\\\/05\\\/23\\\/desvendando-o-fomento-sp-barretos-sedia-encontro-no-cine-barretos-e-reuniao-regional-com-secretarios-municipais-no-recinto\\\/#respond\"]}]},{\"@type\":\"WebPage\",\"@id\":\"https:\\\/\\\/regiaonews.net.br\\\/2022\\\/2024\\\/05\\\/23\\\/desvendando-o-fomento-sp-barretos-sedia-encontro-no-cine-barretos-e-reuniao-regional-com-secretarios-municipais-no-recinto\\\/\",\"url\":\"https:\\\/\\\/regiaonews.net.br\\\/2022\\\/2024\\\/05\\\/23\\\/desvendando-o-fomento-sp-barretos-sedia-encontro-no-cine-barretos-e-reuniao-regional-com-secretarios-municipais-no-recinto\\\/\",\"name\":\"Desvendando o Fomento SP: Barretos sedia encontro no Cine Barretos e reuni\u00e3o regional com secret\u00e1rios municipais no Recinto - Regi\u00e3o News\",\"isPartOf\":{\"@id\":\"https:\\\/\\\/regiaonews.net.br\\\/2022\\\/#website\"},\"primaryImageOfPage\":{\"@id\":\"https:\\\/\\\/regiaonews.net.br\\\/2022\\\/2024\\\/05\\\/23\\\/desvendando-o-fomento-sp-barretos-sedia-encontro-no-cine-barretos-e-reuniao-regional-com-secretarios-municipais-no-recinto\\\/#primaryimage\"},\"image\":{\"@id\":\"https:\\\/\\\/regiaonews.net.br\\\/2022\\\/2024\\\/05\\\/23\\\/desvendando-o-fomento-sp-barretos-sedia-encontro-no-cine-barretos-e-reuniao-regional-com-secretarios-municipais-no-recinto\\\/#primaryimage\"},\"thumbnailUrl\":\"https:\\\/\\\/regiaonews.net.br\\\/2022\\\/wp-content\\\/uploads\\\/2024\\\/05\\\/Imagem-do-WhatsApp-de-2024-05-23-as-11.36.39_6720a834.jpg\",\"datePublished\":\"2024-05-23T16:31:50+00:00\",\"breadcrumb\":{\"@id\":\"https:\\\/\\\/regiaonews.net.br\\\/2022\\\/2024\\\/05\\\/23\\\/desvendando-o-fomento-sp-barretos-sedia-encontro-no-cine-barretos-e-reuniao-regional-com-secretarios-municipais-no-recinto\\\/#breadcrumb\"},\"inLanguage\":\"pt-BR\",\"potentialAction\":[{\"@type\":\"ReadAction\",\"target\":[\"https:\\\/\\\/regiaonews.net.br\\\/2022\\\/2024\\\/05\\\/23\\\/desvendando-o-fomento-sp-barretos-sedia-encontro-no-cine-barretos-e-reuniao-regional-com-secretarios-municipais-no-recinto\\\/\"]}]},{\"@type\":\"ImageObject\",\"inLanguage\":\"pt-BR\",\"@id\":\"https:\\\/\\\/regiaonews.net.br\\\/2022\\\/2024\\\/05\\\/23\\\/desvendando-o-fomento-sp-barretos-sedia-encontro-no-cine-barretos-e-reuniao-regional-com-secretarios-municipais-no-recinto\\\/#primaryimage\",\"url\":\"https:\\\/\\\/regiaonews.net.br\\\/2022\\\/wp-content\\\/uploads\\\/2024\\\/05\\\/Imagem-do-WhatsApp-de-2024-05-23-as-11.36.39_6720a834.jpg\",\"contentUrl\":\"https:\\\/\\\/regiaonews.net.br\\\/2022\\\/wp-content\\\/uploads\\\/2024\\\/05\\\/Imagem-do-WhatsApp-de-2024-05-23-as-11.36.39_6720a834.jpg\",\"width\":1600,\"height\":1200},{\"@type\":\"BreadcrumbList\",\"@id\":\"https:\\\/\\\/regiaonews.net.br\\\/2022\\\/2024\\\/05\\\/23\\\/desvendando-o-fomento-sp-barretos-sedia-encontro-no-cine-barretos-e-reuniao-regional-com-secretarios-municipais-no-recinto\\\/#breadcrumb\",\"itemListElement\":[{\"@type\":\"ListItem\",\"position\":1,\"name\":\"In\u00edcio\",\"item\":\"https:\\\/\\\/regiaonews.net.br\\\/2022\\\/\"},{\"@type\":\"ListItem\",\"position\":2,\"name\":\"Desvendando o Fomento SP: Barretos sedia encontro no Cine Barretos e reuni\u00e3o regional com secret\u00e1rios municipais no Recinto\"}]},{\"@type\":\"WebSite\",\"@id\":\"https:\\\/\\\/regiaonews.net.br\\\/2022\\\/#website\",\"url\":\"https:\\\/\\\/regiaonews.net.br\\\/2022\\\/\",\"name\":\"Regi\u00e3o News\",\"description\":\"Site de Not\u00edcias de Barretos e regi\u00e3o\",\"publisher\":{\"@id\":\"https:\\\/\\\/regiaonews.net.br\\\/2022\\\/#organization\"},\"potentialAction\":[{\"@type\":\"SearchAction\",\"target\":{\"@type\":\"EntryPoint\",\"urlTemplate\":\"https:\\\/\\\/regiaonews.net.br\\\/2022\\\/?s={search_term_string}\"},\"query-input\":{\"@type\":\"PropertyValueSpecification\",\"valueRequired\":true,\"valueName\":\"search_term_string\"}}],\"inLanguage\":\"pt-BR\"},{\"@type\":\"Organization\",\"@id\":\"https:\\\/\\\/regiaonews.net.br\\\/2022\\\/#organization\",\"name\":\"Regi\u00e3o News\",\"url\":\"https:\\\/\\\/regiaonews.net.br\\\/2022\\\/\",\"logo\":{\"@type\":\"ImageObject\",\"inLanguage\":\"pt-BR\",\"@id\":\"https:\\\/\\\/regiaonews.net.br\\\/2022\\\/#\\\/schema\\\/logo\\\/image\\\/\",\"url\":\"https:\\\/\\\/regiaonews.net.br\\\/2022\\\/wp-content\\\/uploads\\\/2026\\\/03\\\/regiao-13-anos-scaled.jpg\",\"contentUrl\":\"https:\\\/\\\/regiaonews.net.br\\\/2022\\\/wp-content\\\/uploads\\\/2026\\\/03\\\/regiao-13-anos-scaled.jpg\",\"width\":2560,\"height\":635,\"caption\":\"Regi\u00e3o News\"},\"image\":{\"@id\":\"https:\\\/\\\/regiaonews.net.br\\\/2022\\\/#\\\/schema\\\/logo\\\/image\\\/\"}},{\"@type\":\"Person\",\"@id\":\"https:\\\/\\\/regiaonews.net.br\\\/2022\\\/#\\\/schema\\\/person\\\/2d205a608a5aa97ac279d7a5e6d89ad8\",\"name\":\"Roberto\",\"image\":{\"@type\":\"ImageObject\",\"inLanguage\":\"pt-BR\",\"@id\":\"https:\\\/\\\/secure.gravatar.com\\\/avatar\\\/42749d8b712ff9d59ca93dc150494e5b55a44134482993f5baeb97e61b7ecc89?s=96&d=mm&r=g\",\"url\":\"https:\\\/\\\/secure.gravatar.com\\\/avatar\\\/42749d8b712ff9d59ca93dc150494e5b55a44134482993f5baeb97e61b7ecc89?s=96&d=mm&r=g\",\"contentUrl\":\"https:\\\/\\\/secure.gravatar.com\\\/avatar\\\/42749d8b712ff9d59ca93dc150494e5b55a44134482993f5baeb97e61b7ecc89?s=96&d=mm&r=g\",\"caption\":\"Roberto\"},\"url\":\"https:\\\/\\\/regiaonews.net.br\\\/2022\\\/author\\\/roberto\\\/\"}]}<\/script>\n<!-- \/ Yoast SEO plugin. -->","yoast_head_json":{"title":"Desvendando o Fomento SP: Barretos sedia encontro no Cine Barretos e reuni\u00e3o regional com secret\u00e1rios municipais no Recinto - Regi\u00e3o News","robots":{"index":"index","follow":"follow","max-snippet":"max-snippet:-1","max-image-preview":"max-image-preview:large","max-video-preview":"max-video-preview:-1"},"canonical":"https:\/\/regiaonews.net.br\/2022\/2024\/05\/23\/desvendando-o-fomento-sp-barretos-sedia-encontro-no-cine-barretos-e-reuniao-regional-com-secretarios-municipais-no-recinto\/","og_locale":"pt_BR","og_type":"article","og_title":"Desvendando o Fomento SP: Barretos sedia encontro no Cine Barretos e reuni\u00e3o regional com secret\u00e1rios municipais no Recinto - Regi\u00e3o News","og_description":"As discuss\u00f5es sobre possibilidades de incentivo \u00e0 Cultura foram realizadas","og_url":"https:\/\/regiaonews.net.br\/2022\/2024\/05\/23\/desvendando-o-fomento-sp-barretos-sedia-encontro-no-cine-barretos-e-reuniao-regional-com-secretarios-municipais-no-recinto\/","og_site_name":"Regi\u00e3o News","article_published_time":"2024-05-23T16:31:50+00:00","og_image":[{"width":1600,"height":1200,"url":"https:\/\/regiaonews.net.br\/2022\/wp-content\/uploads\/2024\/05\/Imagem-do-WhatsApp-de-2024-05-23-as-11.36.39_6720a834.jpg","type":"image\/jpeg"}],"author":"Roberto","twitter_card":"summary_large_image","twitter_misc":{"Escrito por":"Roberto","Est. tempo de leitura":"3 minutos"},"schema":{"@context":"https:\/\/schema.org","@graph":[{"@type":"Article","@id":"https:\/\/regiaonews.net.br\/2022\/2024\/05\/23\/desvendando-o-fomento-sp-barretos-sedia-encontro-no-cine-barretos-e-reuniao-regional-com-secretarios-municipais-no-recinto\/#article","isPartOf":{"@id":"https:\/\/regiaonews.net.br\/2022\/2024\/05\/23\/desvendando-o-fomento-sp-barretos-sedia-encontro-no-cine-barretos-e-reuniao-regional-com-secretarios-municipais-no-recinto\/"},"author":{"name":"Roberto","@id":"https:\/\/regiaonews.net.br\/2022\/#\/schema\/person\/2d205a608a5aa97ac279d7a5e6d89ad8"},"headline":"Desvendando o Fomento SP: Barretos sedia encontro no Cine Barretos e reuni\u00e3o regional com secret\u00e1rios municipais no Recinto","datePublished":"2024-05-23T16:31:50+00:00","mainEntityOfPage":{"@id":"https:\/\/regiaonews.net.br\/2022\/2024\/05\/23\/desvendando-o-fomento-sp-barretos-sedia-encontro-no-cine-barretos-e-reuniao-regional-com-secretarios-municipais-no-recinto\/"},"wordCount":424,"commentCount":0,"publisher":{"@id":"https:\/\/regiaonews.net.br\/2022\/#organization"},"image":{"@id":"https:\/\/regiaonews.net.br\/2022\/2024\/05\/23\/desvendando-o-fomento-sp-barretos-sedia-encontro-no-cine-barretos-e-reuniao-regional-com-secretarios-municipais-no-recinto\/#primaryimage"},"thumbnailUrl":"https:\/\/regiaonews.net.br\/2022\/wp-content\/uploads\/2024\/05\/Imagem-do-WhatsApp-de-2024-05-23-as-11.36.39_6720a834.jpg","articleSection":["Barretos","Geral"],"inLanguage":"pt-BR","potentialAction":[{"@type":"CommentAction","name":"Comment","target":["https:\/\/regiaonews.net.br\/2022\/2024\/05\/23\/desvendando-o-fomento-sp-barretos-sedia-encontro-no-cine-barretos-e-reuniao-regional-com-secretarios-municipais-no-recinto\/#respond"]}]},{"@type":"WebPage","@id":"https:\/\/regiaonews.net.br\/2022\/2024\/05\/23\/desvendando-o-fomento-sp-barretos-sedia-encontro-no-cine-barretos-e-reuniao-regional-com-secretarios-municipais-no-recinto\/","url":"https:\/\/regiaonews.net.br\/2022\/2024\/05\/23\/desvendando-o-fomento-sp-barretos-sedia-encontro-no-cine-barretos-e-reuniao-regional-com-secretarios-municipais-no-recinto\/","name":"Desvendando o Fomento SP: Barretos sedia encontro no Cine Barretos e reuni\u00e3o regional com secret\u00e1rios municipais no Recinto - Regi\u00e3o News","isPartOf":{"@id":"https:\/\/regiaonews.net.br\/2022\/#website"},"primaryImageOfPage":{"@id":"https:\/\/regiaonews.net.br\/2022\/2024\/05\/23\/desvendando-o-fomento-sp-barretos-sedia-encontro-no-cine-barretos-e-reuniao-regional-com-secretarios-municipais-no-recinto\/#primaryimage"},"image":{"@id":"https:\/\/regiaonews.net.br\/2022\/2024\/05\/23\/desvendando-o-fomento-sp-barretos-sedia-encontro-no-cine-barretos-e-reuniao-regional-com-secretarios-municipais-no-recinto\/#primaryimage"},"thumbnailUrl":"https:\/\/regiaonews.net.br\/2022\/wp-content\/uploads\/2024\/05\/Imagem-do-WhatsApp-de-2024-05-23-as-11.36.39_6720a834.jpg","datePublished":"2024-05-23T16:31:50+00:00","breadcrumb":{"@id":"https:\/\/regiaonews.net.br\/2022\/2024\/05\/23\/desvendando-o-fomento-sp-barretos-sedia-encontro-no-cine-barretos-e-reuniao-regional-com-secretarios-municipais-no-recinto\/#breadcrumb"},"inLanguage":"pt-BR","potentialAction":[{"@type":"ReadAction","target":["https:\/\/regiaonews.net.br\/2022\/2024\/05\/23\/desvendando-o-fomento-sp-barretos-sedia-encontro-no-cine-barretos-e-reuniao-regional-com-secretarios-municipais-no-recinto\/"]}]},{"@type":"ImageObject","inLanguage":"pt-BR","@id":"https:\/\/regiaonews.net.br\/2022\/2024\/05\/23\/desvendando-o-fomento-sp-barretos-sedia-encontro-no-cine-barretos-e-reuniao-regional-com-secretarios-municipais-no-recinto\/#primaryimage","url":"https:\/\/regiaonews.net.br\/2022\/wp-content\/uploads\/2024\/05\/Imagem-do-WhatsApp-de-2024-05-23-as-11.36.39_6720a834.jpg","contentUrl":"https:\/\/regiaonews.net.br\/2022\/wp-content\/uploads\/2024\/05\/Imagem-do-WhatsApp-de-2024-05-23-as-11.36.39_6720a834.jpg","width":1600,"height":1200},{"@type":"BreadcrumbList","@id":"https:\/\/regiaonews.net.br\/2022\/2024\/05\/23\/desvendando-o-fomento-sp-barretos-sedia-encontro-no-cine-barretos-e-reuniao-regional-com-secretarios-municipais-no-recinto\/#breadcrumb","itemListElement":[{"@type":"ListItem","position":1,"name":"In\u00edcio","item":"https:\/\/regiaonews.net.br\/2022\/"},{"@type":"ListItem","position":2,"name":"Desvendando o Fomento SP: Barretos sedia encontro no Cine Barretos e reuni\u00e3o regional com secret\u00e1rios municipais no Recinto"}]},{"@type":"WebSite","@id":"https:\/\/regiaonews.net.br\/2022\/#website","url":"https:\/\/regiaonews.net.br\/2022\/","name":"Regi\u00e3o News","description":"Site de Not\u00edcias de Barretos e regi\u00e3o","publisher":{"@id":"https:\/\/regiaonews.net.br\/2022\/#organization"},"potentialAction":[{"@type":"SearchAction","target":{"@type":"EntryPoint","urlTemplate":"https:\/\/regiaonews.net.br\/2022\/?s={search_term_string}"},"query-input":{"@type":"PropertyValueSpecification","valueRequired":true,"valueName":"search_term_string"}}],"inLanguage":"pt-BR"},{"@type":"Organization","@id":"https:\/\/regiaonews.net.br\/2022\/#organization","name":"Regi\u00e3o News","url":"https:\/\/regiaonews.net.br\/2022\/","logo":{"@type":"ImageObject","inLanguage":"pt-BR","@id":"https:\/\/regiaonews.net.br\/2022\/#\/schema\/logo\/image\/","url":"https:\/\/regiaonews.net.br\/2022\/wp-content\/uploads\/2026\/03\/regiao-13-anos-scaled.jpg","contentUrl":"https:\/\/regiaonews.net.br\/2022\/wp-content\/uploads\/2026\/03\/regiao-13-anos-scaled.jpg","width":2560,"height":635,"caption":"Regi\u00e3o News"},"image":{"@id":"https:\/\/regiaonews.net.br\/2022\/#\/schema\/logo\/image\/"}},{"@type":"Person","@id":"https:\/\/regiaonews.net.br\/2022\/#\/schema\/person\/2d205a608a5aa97ac279d7a5e6d89ad8","name":"Roberto","image":{"@type":"ImageObject","inLanguage":"pt-BR","@id":"https:\/\/secure.gravatar.com\/avatar\/42749d8b712ff9d59ca93dc150494e5b55a44134482993f5baeb97e61b7ecc89?s=96&d=mm&r=g","url":"https:\/\/secure.gravatar.com\/avatar\/42749d8b712ff9d59ca93dc150494e5b55a44134482993f5baeb97e61b7ecc89?s=96&d=mm&r=g","contentUrl":"https:\/\/secure.gravatar.com\/avatar\/42749d8b712ff9d59ca93dc150494e5b55a44134482993f5baeb97e61b7ecc89?s=96&d=mm&r=g","caption":"Roberto"},"url":"https:\/\/regiaonews.net.br\/2022\/author\/roberto\/"}]}},"publishpress_future_action":{"enabled":false,"date":"2026-05-03 09:32:58","action":"change-status","newStatus":"draft","terms":[],"taxonomy":"category","extraData":[]},"publishpress_future_workflow_manual_trigger":{"enabledWorkflows":[]},"_links":{"self":[{"href":"https:\/\/regiaonews.net.br\/2022\/wp-json\/wp\/v2\/posts\/105367","targetHints":{"allow":["GET"]}}],"collection":[{"href":"https:\/\/regiaonews.net.br\/2022\/wp-json\/wp\/v2\/posts"}],"about":[{"href":"https:\/\/regiaonews.net.br\/2022\/wp-json\/wp\/v2\/types\/post"}],"author":[{"embeddable":true,"href":"https:\/\/regiaonews.net.br\/2022\/wp-json\/wp\/v2\/users\/2"}],"replies":[{"embeddable":true,"href":"https:\/\/regiaonews.net.br\/2022\/wp-json\/wp\/v2\/comments?post=105367"}],"version-history":[{"count":1,"href":"https:\/\/regiaonews.net.br\/2022\/wp-json\/wp\/v2\/posts\/105367\/revisions"}],"predecessor-version":[{"id":105369,"href":"https:\/\/regiaonews.net.br\/2022\/wp-json\/wp\/v2\/posts\/105367\/revisions\/105369"}],"wp:featuredmedia":[{"embeddable":true,"href":"https:\/\/regiaonews.net.br\/2022\/wp-json\/wp\/v2\/media\/105368"}],"wp:attachment":[{"href":"https:\/\/regiaonews.net.br\/2022\/wp-json\/wp\/v2\/media?parent=105367"}],"wp:term":[{"taxonomy":"category","embeddable":true,"href":"https:\/\/regiaonews.net.br\/2022\/wp-json\/wp\/v2\/categories?post=105367"},{"taxonomy":"post_tag","embeddable":true,"href":"https:\/\/regiaonews.net.br\/2022\/wp-json\/wp\/v2\/tags?post=105367"}],"curies":[{"name":"wp","href":"https:\/\/api.w.org\/{rel}","templated":true}]}}