{"id":105324,"date":"2024-05-21T18:02:31","date_gmt":"2024-05-21T21:02:31","guid":{"rendered":"https:\/\/regiaonews.net.br\/2022\/?p=105324"},"modified":"2024-05-21T18:02:31","modified_gmt":"2024-05-21T21:02:31","slug":"goleiro-cassio-e-recebido-por-torcedores-do-cruzeiro-em-minas","status":"publish","type":"post","link":"https:\/\/regiaonews.net.br\/2022\/2024\/05\/21\/goleiro-cassio-e-recebido-por-torcedores-do-cruzeiro-em-minas\/","title":{"rendered":"Goleiro C\u00e1ssio \u00e9 recebido por torcedores do Cruzeiro em Minas"},"content":{"rendered":"<p>O goleiro C\u00e1ssio chegou no in\u00edcio da tarde desta ter\u00e7a-feira (21) \u00e0 Toca da Raposa II, em Belo Horizonte, para assinar contrato com o clube celeste. O jogador de 36 anos foi recebido por centenas de torcedores, que tiveram entrada liberada ao local. \u201cCerteza que vou ser muito feliz aqui!\u201d, disse o goleiro em entrevista pela primeira como jogador do Cruzeiro.<br \/>\nO goleiro, que estava no Corinthians desde 2012, rescindiu contrato com o clube paulista para fechar com o Cruzeiro. O clube celeste ir\u00e1 anunciar a contrata\u00e7\u00e3o ap\u00f3s exames m\u00e9dicos. Na recep\u00e7\u00e3o na Toca II, al\u00e9m dos torcedores, Pedro Louren\u00e7o, empres\u00e1rio e s\u00f3cio-majorit\u00e1rio da Sociedade An\u00f4nima do Futebol (SAF) cruzeirense; e Alexandre Mattos, CEO do futebol, estavam no CT. C\u00e1ssio chegou a BH nesta ter\u00e7a e seguiu diretamente \u00e0 Toca II. O refor\u00e7o cruzeirense desembarcou em um hangar no Aeroporto da Pampulha ap\u00f3s viajar de S\u00e3o Paulo para a capital mineira em um avi\u00e3o de Pedrinho, dono da SAF.<br \/>\nEstreia s\u00f3 em julho<br \/>\nC\u00e1ssio ter\u00e1 que esperar a abertura da janela de transfer\u00eancias, em 10 de julho, para ser regularizado e ter condi\u00e7\u00f5es de atuar. At\u00e9 l\u00e1, o refor\u00e7o apenas treinar\u00e1 com o elenco na Toca da Raposa II. Em 10 ou 11 de julho, em est\u00e1dio a ser confirmado, o time celeste visitar\u00e1 o Palmeiras, pela 18\u00aa rodada do Campeonato Brasileiro. O jogo pode marcar a estreia de C\u00e1ssio com a camisa do Cruzeiro.<\/p>\n<p>Foto &#8211; Divulga\u00e7\u00e3o\/Cruzeiro\/Gustavo Aleixo<\/p>\n<p>Fonte &#8211; CNN Brasil<\/p>\n","protected":false},"excerpt":{"rendered":"<p>O goleiro C\u00e1ssio chegou no in\u00edcio da tarde desta ter\u00e7a-feira<\/p>\n","protected":false},"author":2,"featured_media":105325,"comment_status":"open","ping_status":"open","sticky":false,"template":"","format":"standard","meta":{"footnotes":""},"categories":[24,21],"tags":[],"class_list":["post-105324","post","type-post","status-publish","format-standard","has-post-thumbnail","hentry","category-brasil","category-esporte"],"yoast_head":"<!-- This site is optimized with the Yoast SEO plugin v27.4 - https:\/\/yoast.com\/product\/yoast-seo-wordpress\/ -->\n<title>Goleiro C\u00e1ssio \u00e9 recebido por torcedores do Cruzeiro em Minas - Regi\u00e3o News<\/title>\n<meta name=\"robots\" content=\"index, follow, max-snippet:-1, max-image-preview:large, max-video-preview:-1\" \/>\n<link rel=\"canonical\" href=\"https:\/\/regiaonews.net.br\/2022\/2024\/05\/21\/goleiro-cassio-e-recebido-por-torcedores-do-cruzeiro-em-minas\/\" \/>\n<meta property=\"og:locale\" content=\"pt_BR\" \/>\n<meta property=\"og:type\" content=\"article\" \/>\n<meta property=\"og:title\" content=\"Goleiro C\u00e1ssio \u00e9 recebido por torcedores do Cruzeiro em Minas - Regi\u00e3o News\" \/>\n<meta property=\"og:description\" content=\"O goleiro C\u00e1ssio chegou no in\u00edcio da tarde desta ter\u00e7a-feira\" \/>\n<meta property=\"og:url\" content=\"https:\/\/regiaonews.net.br\/2022\/2024\/05\/21\/goleiro-cassio-e-recebido-por-torcedores-do-cruzeiro-em-minas\/\" \/>\n<meta property=\"og:site_name\" content=\"Regi\u00e3o News\" \/>\n<meta property=\"article:published_time\" content=\"2024-05-21T21:02:31+00:00\" \/>\n<meta property=\"og:image\" content=\"https:\/\/regiaonews.net.br\/2022\/wp-content\/uploads\/2024\/05\/WhatsApp-Image-2024-05-21-at-18.00.19.jpeg\" \/>\n\t<meta property=\"og:image:width\" content=\"688\" \/>\n\t<meta property=\"og:image:height\" content=\"383\" \/>\n\t<meta property=\"og:image:type\" content=\"image\/jpeg\" \/>\n<meta name=\"author\" content=\"Roberto\" \/>\n<meta name=\"twitter:card\" content=\"summary_large_image\" \/>\n<meta name=\"twitter:label1\" content=\"Escrito por\" \/>\n\t<meta name=\"twitter:data1\" content=\"Roberto\" \/>\n\t<meta name=\"twitter:label2\" content=\"Est. tempo de leitura\" \/>\n\t<meta name=\"twitter:data2\" content=\"2 minutos\" \/>\n<script type=\"application\/ld+json\" class=\"yoast-schema-graph\">{\"@context\":\"https:\\\/\\\/schema.org\",\"@graph\":[{\"@type\":\"Article\",\"@id\":\"https:\\\/\\\/regiaonews.net.br\\\/2022\\\/2024\\\/05\\\/21\\\/goleiro-cassio-e-recebido-por-torcedores-do-cruzeiro-em-minas\\\/#article\",\"isPartOf\":{\"@id\":\"https:\\\/\\\/regiaonews.net.br\\\/2022\\\/2024\\\/05\\\/21\\\/goleiro-cassio-e-recebido-por-torcedores-do-cruzeiro-em-minas\\\/\"},\"author\":{\"name\":\"Roberto\",\"@id\":\"https:\\\/\\\/regiaonews.net.br\\\/2022\\\/#\\\/schema\\\/person\\\/2d205a608a5aa97ac279d7a5e6d89ad8\"},\"headline\":\"Goleiro C\u00e1ssio \u00e9 recebido por torcedores do Cruzeiro em Minas\",\"datePublished\":\"2024-05-21T21:02:31+00:00\",\"mainEntityOfPage\":{\"@id\":\"https:\\\/\\\/regiaonews.net.br\\\/2022\\\/2024\\\/05\\\/21\\\/goleiro-cassio-e-recebido-por-torcedores-do-cruzeiro-em-minas\\\/\"},\"wordCount\":272,\"commentCount\":0,\"publisher\":{\"@id\":\"https:\\\/\\\/regiaonews.net.br\\\/2022\\\/#organization\"},\"image\":{\"@id\":\"https:\\\/\\\/regiaonews.net.br\\\/2022\\\/2024\\\/05\\\/21\\\/goleiro-cassio-e-recebido-por-torcedores-do-cruzeiro-em-minas\\\/#primaryimage\"},\"thumbnailUrl\":\"https:\\\/\\\/regiaonews.net.br\\\/2022\\\/wp-content\\\/uploads\\\/2024\\\/05\\\/WhatsApp-Image-2024-05-21-at-18.00.19.jpeg\",\"articleSection\":[\"Brasil\",\"Esporte\"],\"inLanguage\":\"pt-BR\",\"potentialAction\":[{\"@type\":\"CommentAction\",\"name\":\"Comment\",\"target\":[\"https:\\\/\\\/regiaonews.net.br\\\/2022\\\/2024\\\/05\\\/21\\\/goleiro-cassio-e-recebido-por-torcedores-do-cruzeiro-em-minas\\\/#respond\"]}]},{\"@type\":\"WebPage\",\"@id\":\"https:\\\/\\\/regiaonews.net.br\\\/2022\\\/2024\\\/05\\\/21\\\/goleiro-cassio-e-recebido-por-torcedores-do-cruzeiro-em-minas\\\/\",\"url\":\"https:\\\/\\\/regiaonews.net.br\\\/2022\\\/2024\\\/05\\\/21\\\/goleiro-cassio-e-recebido-por-torcedores-do-cruzeiro-em-minas\\\/\",\"name\":\"Goleiro C\u00e1ssio \u00e9 recebido por torcedores do Cruzeiro em Minas - Regi\u00e3o News\",\"isPartOf\":{\"@id\":\"https:\\\/\\\/regiaonews.net.br\\\/2022\\\/#website\"},\"primaryImageOfPage\":{\"@id\":\"https:\\\/\\\/regiaonews.net.br\\\/2022\\\/2024\\\/05\\\/21\\\/goleiro-cassio-e-recebido-por-torcedores-do-cruzeiro-em-minas\\\/#primaryimage\"},\"image\":{\"@id\":\"https:\\\/\\\/regiaonews.net.br\\\/2022\\\/2024\\\/05\\\/21\\\/goleiro-cassio-e-recebido-por-torcedores-do-cruzeiro-em-minas\\\/#primaryimage\"},\"thumbnailUrl\":\"https:\\\/\\\/regiaonews.net.br\\\/2022\\\/wp-content\\\/uploads\\\/2024\\\/05\\\/WhatsApp-Image-2024-05-21-at-18.00.19.jpeg\",\"datePublished\":\"2024-05-21T21:02:31+00:00\",\"breadcrumb\":{\"@id\":\"https:\\\/\\\/regiaonews.net.br\\\/2022\\\/2024\\\/05\\\/21\\\/goleiro-cassio-e-recebido-por-torcedores-do-cruzeiro-em-minas\\\/#breadcrumb\"},\"inLanguage\":\"pt-BR\",\"potentialAction\":[{\"@type\":\"ReadAction\",\"target\":[\"https:\\\/\\\/regiaonews.net.br\\\/2022\\\/2024\\\/05\\\/21\\\/goleiro-cassio-e-recebido-por-torcedores-do-cruzeiro-em-minas\\\/\"]}]},{\"@type\":\"ImageObject\",\"inLanguage\":\"pt-BR\",\"@id\":\"https:\\\/\\\/regiaonews.net.br\\\/2022\\\/2024\\\/05\\\/21\\\/goleiro-cassio-e-recebido-por-torcedores-do-cruzeiro-em-minas\\\/#primaryimage\",\"url\":\"https:\\\/\\\/regiaonews.net.br\\\/2022\\\/wp-content\\\/uploads\\\/2024\\\/05\\\/WhatsApp-Image-2024-05-21-at-18.00.19.jpeg\",\"contentUrl\":\"https:\\\/\\\/regiaonews.net.br\\\/2022\\\/wp-content\\\/uploads\\\/2024\\\/05\\\/WhatsApp-Image-2024-05-21-at-18.00.19.jpeg\",\"width\":688,\"height\":383},{\"@type\":\"BreadcrumbList\",\"@id\":\"https:\\\/\\\/regiaonews.net.br\\\/2022\\\/2024\\\/05\\\/21\\\/goleiro-cassio-e-recebido-por-torcedores-do-cruzeiro-em-minas\\\/#breadcrumb\",\"itemListElement\":[{\"@type\":\"ListItem\",\"position\":1,\"name\":\"In\u00edcio\",\"item\":\"https:\\\/\\\/regiaonews.net.br\\\/2022\\\/\"},{\"@type\":\"ListItem\",\"position\":2,\"name\":\"Goleiro C\u00e1ssio \u00e9 recebido por torcedores do Cruzeiro em Minas\"}]},{\"@type\":\"WebSite\",\"@id\":\"https:\\\/\\\/regiaonews.net.br\\\/2022\\\/#website\",\"url\":\"https:\\\/\\\/regiaonews.net.br\\\/2022\\\/\",\"name\":\"Regi\u00e3o News\",\"description\":\"Site de Not\u00edcias de Barretos e regi\u00e3o\",\"publisher\":{\"@id\":\"https:\\\/\\\/regiaonews.net.br\\\/2022\\\/#organization\"},\"potentialAction\":[{\"@type\":\"SearchAction\",\"target\":{\"@type\":\"EntryPoint\",\"urlTemplate\":\"https:\\\/\\\/regiaonews.net.br\\\/2022\\\/?s={search_term_string}\"},\"query-input\":{\"@type\":\"PropertyValueSpecification\",\"valueRequired\":true,\"valueName\":\"search_term_string\"}}],\"inLanguage\":\"pt-BR\"},{\"@type\":\"Organization\",\"@id\":\"https:\\\/\\\/regiaonews.net.br\\\/2022\\\/#organization\",\"name\":\"Regi\u00e3o News\",\"url\":\"https:\\\/\\\/regiaonews.net.br\\\/2022\\\/\",\"logo\":{\"@type\":\"ImageObject\",\"inLanguage\":\"pt-BR\",\"@id\":\"https:\\\/\\\/regiaonews.net.br\\\/2022\\\/#\\\/schema\\\/logo\\\/image\\\/\",\"url\":\"https:\\\/\\\/regiaonews.net.br\\\/2022\\\/wp-content\\\/uploads\\\/2026\\\/03\\\/regiao-13-anos-scaled.jpg\",\"contentUrl\":\"https:\\\/\\\/regiaonews.net.br\\\/2022\\\/wp-content\\\/uploads\\\/2026\\\/03\\\/regiao-13-anos-scaled.jpg\",\"width\":2560,\"height\":635,\"caption\":\"Regi\u00e3o News\"},\"image\":{\"@id\":\"https:\\\/\\\/regiaonews.net.br\\\/2022\\\/#\\\/schema\\\/logo\\\/image\\\/\"}},{\"@type\":\"Person\",\"@id\":\"https:\\\/\\\/regiaonews.net.br\\\/2022\\\/#\\\/schema\\\/person\\\/2d205a608a5aa97ac279d7a5e6d89ad8\",\"name\":\"Roberto\",\"image\":{\"@type\":\"ImageObject\",\"inLanguage\":\"pt-BR\",\"@id\":\"https:\\\/\\\/secure.gravatar.com\\\/avatar\\\/42749d8b712ff9d59ca93dc150494e5b55a44134482993f5baeb97e61b7ecc89?s=96&d=mm&r=g\",\"url\":\"https:\\\/\\\/secure.gravatar.com\\\/avatar\\\/42749d8b712ff9d59ca93dc150494e5b55a44134482993f5baeb97e61b7ecc89?s=96&d=mm&r=g\",\"contentUrl\":\"https:\\\/\\\/secure.gravatar.com\\\/avatar\\\/42749d8b712ff9d59ca93dc150494e5b55a44134482993f5baeb97e61b7ecc89?s=96&d=mm&r=g\",\"caption\":\"Roberto\"},\"url\":\"https:\\\/\\\/regiaonews.net.br\\\/2022\\\/author\\\/roberto\\\/\"}]}<\/script>\n<!-- \/ Yoast SEO plugin. -->","yoast_head_json":{"title":"Goleiro C\u00e1ssio \u00e9 recebido por torcedores do Cruzeiro em Minas - Regi\u00e3o News","robots":{"index":"index","follow":"follow","max-snippet":"max-snippet:-1","max-image-preview":"max-image-preview:large","max-video-preview":"max-video-preview:-1"},"canonical":"https:\/\/regiaonews.net.br\/2022\/2024\/05\/21\/goleiro-cassio-e-recebido-por-torcedores-do-cruzeiro-em-minas\/","og_locale":"pt_BR","og_type":"article","og_title":"Goleiro C\u00e1ssio \u00e9 recebido por torcedores do Cruzeiro em Minas - Regi\u00e3o News","og_description":"O goleiro C\u00e1ssio chegou no in\u00edcio da tarde desta ter\u00e7a-feira","og_url":"https:\/\/regiaonews.net.br\/2022\/2024\/05\/21\/goleiro-cassio-e-recebido-por-torcedores-do-cruzeiro-em-minas\/","og_site_name":"Regi\u00e3o News","article_published_time":"2024-05-21T21:02:31+00:00","og_image":[{"width":688,"height":383,"url":"https:\/\/regiaonews.net.br\/2022\/wp-content\/uploads\/2024\/05\/WhatsApp-Image-2024-05-21-at-18.00.19.jpeg","type":"image\/jpeg"}],"author":"Roberto","twitter_card":"summary_large_image","twitter_misc":{"Escrito por":"Roberto","Est. tempo de leitura":"2 minutos"},"schema":{"@context":"https:\/\/schema.org","@graph":[{"@type":"Article","@id":"https:\/\/regiaonews.net.br\/2022\/2024\/05\/21\/goleiro-cassio-e-recebido-por-torcedores-do-cruzeiro-em-minas\/#article","isPartOf":{"@id":"https:\/\/regiaonews.net.br\/2022\/2024\/05\/21\/goleiro-cassio-e-recebido-por-torcedores-do-cruzeiro-em-minas\/"},"author":{"name":"Roberto","@id":"https:\/\/regiaonews.net.br\/2022\/#\/schema\/person\/2d205a608a5aa97ac279d7a5e6d89ad8"},"headline":"Goleiro C\u00e1ssio \u00e9 recebido por torcedores do Cruzeiro em Minas","datePublished":"2024-05-21T21:02:31+00:00","mainEntityOfPage":{"@id":"https:\/\/regiaonews.net.br\/2022\/2024\/05\/21\/goleiro-cassio-e-recebido-por-torcedores-do-cruzeiro-em-minas\/"},"wordCount":272,"commentCount":0,"publisher":{"@id":"https:\/\/regiaonews.net.br\/2022\/#organization"},"image":{"@id":"https:\/\/regiaonews.net.br\/2022\/2024\/05\/21\/goleiro-cassio-e-recebido-por-torcedores-do-cruzeiro-em-minas\/#primaryimage"},"thumbnailUrl":"https:\/\/regiaonews.net.br\/2022\/wp-content\/uploads\/2024\/05\/WhatsApp-Image-2024-05-21-at-18.00.19.jpeg","articleSection":["Brasil","Esporte"],"inLanguage":"pt-BR","potentialAction":[{"@type":"CommentAction","name":"Comment","target":["https:\/\/regiaonews.net.br\/2022\/2024\/05\/21\/goleiro-cassio-e-recebido-por-torcedores-do-cruzeiro-em-minas\/#respond"]}]},{"@type":"WebPage","@id":"https:\/\/regiaonews.net.br\/2022\/2024\/05\/21\/goleiro-cassio-e-recebido-por-torcedores-do-cruzeiro-em-minas\/","url":"https:\/\/regiaonews.net.br\/2022\/2024\/05\/21\/goleiro-cassio-e-recebido-por-torcedores-do-cruzeiro-em-minas\/","name":"Goleiro C\u00e1ssio \u00e9 recebido por torcedores do Cruzeiro em Minas - Regi\u00e3o News","isPartOf":{"@id":"https:\/\/regiaonews.net.br\/2022\/#website"},"primaryImageOfPage":{"@id":"https:\/\/regiaonews.net.br\/2022\/2024\/05\/21\/goleiro-cassio-e-recebido-por-torcedores-do-cruzeiro-em-minas\/#primaryimage"},"image":{"@id":"https:\/\/regiaonews.net.br\/2022\/2024\/05\/21\/goleiro-cassio-e-recebido-por-torcedores-do-cruzeiro-em-minas\/#primaryimage"},"thumbnailUrl":"https:\/\/regiaonews.net.br\/2022\/wp-content\/uploads\/2024\/05\/WhatsApp-Image-2024-05-21-at-18.00.19.jpeg","datePublished":"2024-05-21T21:02:31+00:00","breadcrumb":{"@id":"https:\/\/regiaonews.net.br\/2022\/2024\/05\/21\/goleiro-cassio-e-recebido-por-torcedores-do-cruzeiro-em-minas\/#breadcrumb"},"inLanguage":"pt-BR","potentialAction":[{"@type":"ReadAction","target":["https:\/\/regiaonews.net.br\/2022\/2024\/05\/21\/goleiro-cassio-e-recebido-por-torcedores-do-cruzeiro-em-minas\/"]}]},{"@type":"ImageObject","inLanguage":"pt-BR","@id":"https:\/\/regiaonews.net.br\/2022\/2024\/05\/21\/goleiro-cassio-e-recebido-por-torcedores-do-cruzeiro-em-minas\/#primaryimage","url":"https:\/\/regiaonews.net.br\/2022\/wp-content\/uploads\/2024\/05\/WhatsApp-Image-2024-05-21-at-18.00.19.jpeg","contentUrl":"https:\/\/regiaonews.net.br\/2022\/wp-content\/uploads\/2024\/05\/WhatsApp-Image-2024-05-21-at-18.00.19.jpeg","width":688,"height":383},{"@type":"BreadcrumbList","@id":"https:\/\/regiaonews.net.br\/2022\/2024\/05\/21\/goleiro-cassio-e-recebido-por-torcedores-do-cruzeiro-em-minas\/#breadcrumb","itemListElement":[{"@type":"ListItem","position":1,"name":"In\u00edcio","item":"https:\/\/regiaonews.net.br\/2022\/"},{"@type":"ListItem","position":2,"name":"Goleiro C\u00e1ssio \u00e9 recebido por torcedores do Cruzeiro em Minas"}]},{"@type":"WebSite","@id":"https:\/\/regiaonews.net.br\/2022\/#website","url":"https:\/\/regiaonews.net.br\/2022\/","name":"Regi\u00e3o News","description":"Site de Not\u00edcias de Barretos e regi\u00e3o","publisher":{"@id":"https:\/\/regiaonews.net.br\/2022\/#organization"},"potentialAction":[{"@type":"SearchAction","target":{"@type":"EntryPoint","urlTemplate":"https:\/\/regiaonews.net.br\/2022\/?s={search_term_string}"},"query-input":{"@type":"PropertyValueSpecification","valueRequired":true,"valueName":"search_term_string"}}],"inLanguage":"pt-BR"},{"@type":"Organization","@id":"https:\/\/regiaonews.net.br\/2022\/#organization","name":"Regi\u00e3o News","url":"https:\/\/regiaonews.net.br\/2022\/","logo":{"@type":"ImageObject","inLanguage":"pt-BR","@id":"https:\/\/regiaonews.net.br\/2022\/#\/schema\/logo\/image\/","url":"https:\/\/regiaonews.net.br\/2022\/wp-content\/uploads\/2026\/03\/regiao-13-anos-scaled.jpg","contentUrl":"https:\/\/regiaonews.net.br\/2022\/wp-content\/uploads\/2026\/03\/regiao-13-anos-scaled.jpg","width":2560,"height":635,"caption":"Regi\u00e3o News"},"image":{"@id":"https:\/\/regiaonews.net.br\/2022\/#\/schema\/logo\/image\/"}},{"@type":"Person","@id":"https:\/\/regiaonews.net.br\/2022\/#\/schema\/person\/2d205a608a5aa97ac279d7a5e6d89ad8","name":"Roberto","image":{"@type":"ImageObject","inLanguage":"pt-BR","@id":"https:\/\/secure.gravatar.com\/avatar\/42749d8b712ff9d59ca93dc150494e5b55a44134482993f5baeb97e61b7ecc89?s=96&d=mm&r=g","url":"https:\/\/secure.gravatar.com\/avatar\/42749d8b712ff9d59ca93dc150494e5b55a44134482993f5baeb97e61b7ecc89?s=96&d=mm&r=g","contentUrl":"https:\/\/secure.gravatar.com\/avatar\/42749d8b712ff9d59ca93dc150494e5b55a44134482993f5baeb97e61b7ecc89?s=96&d=mm&r=g","caption":"Roberto"},"url":"https:\/\/regiaonews.net.br\/2022\/author\/roberto\/"}]}},"publishpress_future_action":{"enabled":false,"date":"2026-05-03 10:53:09","action":"change-status","newStatus":"draft","terms":[],"taxonomy":"category","extraData":[]},"publishpress_future_workflow_manual_trigger":{"enabledWorkflows":[]},"_links":{"self":[{"href":"https:\/\/regiaonews.net.br\/2022\/wp-json\/wp\/v2\/posts\/105324","targetHints":{"allow":["GET"]}}],"collection":[{"href":"https:\/\/regiaonews.net.br\/2022\/wp-json\/wp\/v2\/posts"}],"about":[{"href":"https:\/\/regiaonews.net.br\/2022\/wp-json\/wp\/v2\/types\/post"}],"author":[{"embeddable":true,"href":"https:\/\/regiaonews.net.br\/2022\/wp-json\/wp\/v2\/users\/2"}],"replies":[{"embeddable":true,"href":"https:\/\/regiaonews.net.br\/2022\/wp-json\/wp\/v2\/comments?post=105324"}],"version-history":[{"count":1,"href":"https:\/\/regiaonews.net.br\/2022\/wp-json\/wp\/v2\/posts\/105324\/revisions"}],"predecessor-version":[{"id":105326,"href":"https:\/\/regiaonews.net.br\/2022\/wp-json\/wp\/v2\/posts\/105324\/revisions\/105326"}],"wp:featuredmedia":[{"embeddable":true,"href":"https:\/\/regiaonews.net.br\/2022\/wp-json\/wp\/v2\/media\/105325"}],"wp:attachment":[{"href":"https:\/\/regiaonews.net.br\/2022\/wp-json\/wp\/v2\/media?parent=105324"}],"wp:term":[{"taxonomy":"category","embeddable":true,"href":"https:\/\/regiaonews.net.br\/2022\/wp-json\/wp\/v2\/categories?post=105324"},{"taxonomy":"post_tag","embeddable":true,"href":"https:\/\/regiaonews.net.br\/2022\/wp-json\/wp\/v2\/tags?post=105324"}],"curies":[{"name":"wp","href":"https:\/\/api.w.org\/{rel}","templated":true}]}}