{"id":105321,"date":"2024-05-21T18:00:23","date_gmt":"2024-05-21T21:00:23","guid":{"rendered":"https:\/\/regiaonews.net.br\/2022\/?p=105321"},"modified":"2024-05-21T18:00:24","modified_gmt":"2024-05-21T21:00:24","slug":"semana-juridica-do-unifeb-traz-palestrantes-renomados-e-reconhecidos-nacionalmente","status":"publish","type":"post","link":"https:\/\/regiaonews.net.br\/2022\/2024\/05\/21\/semana-juridica-do-unifeb-traz-palestrantes-renomados-e-reconhecidos-nacionalmente\/","title":{"rendered":"Semana Jur\u00eddica do UNIFEB traz palestrantes renomados e reconhecidos nacionalmente"},"content":{"rendered":"<p>O evento tem como protagonistas os alunos, que al\u00e9m de organizarem a semana, participam como debatedores entre as palestras. Tamb\u00e9m todo ano um egresso de Direito do Centro Universit\u00e1rio \u00e9 convidado para apresentar seu case de sucesso<\/p>\n<p>Barretos, 21 de maio de 2024 &#8211; Entre os dias 13 e 17 de maio aconteceu a XXIV Semana Jur\u00eddica do UNIFEB (Centro Universit\u00e1rio da Funda\u00e7\u00e3o Educacional de Barretos), com grandes nomes do Direito conhecidos nacionalmente. O evento foi realizado no Teatro Jorge Andrade e tamb\u00e9m celebrou a nota 4 no ENADE conquistada pela gradua\u00e7\u00e3o em 2023.<br \/>\nPara o coordenador do curso de Direito do Centro Universit\u00e1rio, Prof. Me. Leandro Alvarenga, a Semana Jur\u00eddica deste ano foi a maior realizada no per\u00edodo p\u00f3s-pandemia. \u201cTrouxemos grande nomes, conhecidos nacionalmente, como o Prof. Rog\u00e9rio Cury e a Dra. Nathany Rodrigues, al\u00e9m da tradi\u00e7\u00e3o de sempre termos um aluno egresso de sucesso palestrando, como foi o caso do Dr. Caio Lino de Andrade, advogado corporativo da Minerva Foods. Tamb\u00e9m devemos enfatizar a forte ades\u00e3o dos corpos discente e docente ao evento\u201d, destacou.<br \/>\nAlvarenga ressalta que todas as palestras tiveram discuss\u00f5es vanguardistas, altamente pertinentes para o momento atual do mercado de trabalho forense. \u201cO Prof. Rog\u00e9rio Cury apresentou as novas tend\u00eancias do direito penal e do direito processual penal, apontando a import\u00e2ncia da forma\u00e7\u00e3o multidisciplinar que o advogado moderno deve possuir. J\u00e1 a Dra. Nathany Rodrigues abordou a import\u00e2ncia do uso das redes sociais como forma de se realizar publicidade sem ferir as regras deontol\u00f3gicas da OAB. Por fim, o Dr. Caio Lino, juntamente com os doutores Felipe Cruz e Bruno Ricardo Scarmato, apresentaram a advocacia corporativa, \u00e1rea do mercado de trabalho que vem se expandindo no Brasil\u201d, explicou.<br \/>\nSegundo o coordenador, a Semana Jur\u00eddica do UNIFEB cresce a cada ano e tem se tornado refer\u00eancia nacional entre as semanas culturais na \u00e1rea do Direito, em raz\u00e3o da forte participa\u00e7\u00e3o dos alunos, que coordenam a execu\u00e7\u00e3o do evento. \u201cS\u00e3o os discentes que planejam, organizam e dirigem as Semanas Jur\u00eddicas. Al\u00e9m disso, em todas as palestras temos, tamb\u00e9m, a participa\u00e7\u00e3o de um discente atuando como debatedor, formulando perguntas e apresentando suas impress\u00f5es para o palestrante. Por fim, estamos notando, cada vez mais que, ao tornar a aluna e o aluno protagonistas da experi\u00eancia de ensino-aprendizagem, estamos formando discentes mais preparados, respons\u00e1veis e com compet\u00eancias comportamentais desenvolvidas, capacitando-os para entrarem forte no mercado de trabalho de modo a ocuparem vagas de destaque\u201d, salientou Alvarenga.<br \/>\nA programa\u00e7\u00e3o da Semana Jur\u00eddica tamb\u00e9m contou com o torneio interno de futsal masculino e feminino realizado na quadra do Centro Universit\u00e1rio.<br \/>\nA pr\u00f3xima Semana Jur\u00eddica do UNIFEB j\u00e1 tem data marcada e acontecer\u00e1 entre 12 e 15 de maio com grande expectativa j\u00e1 que ser\u00e1 a XXV edi\u00e7\u00e3o.<\/p>\n","protected":false},"excerpt":{"rendered":"<p>O evento tem como protagonistas os alunos, que al\u00e9m de<\/p>\n","protected":false},"author":2,"featured_media":105322,"comment_status":"open","ping_status":"open","sticky":false,"template":"","format":"standard","meta":{"footnotes":""},"categories":[14,25],"tags":[],"class_list":["post-105321","post","type-post","status-publish","format-standard","has-post-thumbnail","hentry","category-barretos","category-cidades"],"yoast_head":"<!-- This site is optimized with the Yoast SEO plugin v27.4 - https:\/\/yoast.com\/product\/yoast-seo-wordpress\/ -->\n<title>Semana Jur\u00eddica do UNIFEB traz palestrantes renomados e reconhecidos nacionalmente - Regi\u00e3o News<\/title>\n<meta name=\"robots\" content=\"index, follow, max-snippet:-1, max-image-preview:large, max-video-preview:-1\" \/>\n<link rel=\"canonical\" href=\"https:\/\/regiaonews.net.br\/2022\/2024\/05\/21\/semana-juridica-do-unifeb-traz-palestrantes-renomados-e-reconhecidos-nacionalmente\/\" \/>\n<meta property=\"og:locale\" content=\"pt_BR\" \/>\n<meta property=\"og:type\" content=\"article\" \/>\n<meta property=\"og:title\" content=\"Semana Jur\u00eddica do UNIFEB traz palestrantes renomados e reconhecidos nacionalmente - Regi\u00e3o News\" \/>\n<meta property=\"og:description\" content=\"O evento tem como protagonistas os alunos, que al\u00e9m de\" \/>\n<meta property=\"og:url\" content=\"https:\/\/regiaonews.net.br\/2022\/2024\/05\/21\/semana-juridica-do-unifeb-traz-palestrantes-renomados-e-reconhecidos-nacionalmente\/\" \/>\n<meta property=\"og:site_name\" content=\"Regi\u00e3o News\" \/>\n<meta property=\"article:published_time\" content=\"2024-05-21T21:00:23+00:00\" \/>\n<meta property=\"article:modified_time\" content=\"2024-05-21T21:00:24+00:00\" \/>\n<meta property=\"og:image\" content=\"https:\/\/regiaonews.net.br\/2022\/wp-content\/uploads\/2024\/05\/WhatsApp-Image-2024-05-21-at-17.17.24.jpeg\" \/>\n\t<meta property=\"og:image:width\" content=\"1600\" \/>\n\t<meta property=\"og:image:height\" content=\"900\" \/>\n\t<meta property=\"og:image:type\" content=\"image\/jpeg\" \/>\n<meta name=\"author\" content=\"Roberto\" \/>\n<meta name=\"twitter:card\" content=\"summary_large_image\" \/>\n<meta name=\"twitter:label1\" content=\"Escrito por\" \/>\n\t<meta name=\"twitter:data1\" content=\"Roberto\" \/>\n\t<meta name=\"twitter:label2\" content=\"Est. tempo de leitura\" \/>\n\t<meta name=\"twitter:data2\" content=\"3 minutos\" \/>\n<script type=\"application\/ld+json\" class=\"yoast-schema-graph\">{\"@context\":\"https:\\\/\\\/schema.org\",\"@graph\":[{\"@type\":\"Article\",\"@id\":\"https:\\\/\\\/regiaonews.net.br\\\/2022\\\/2024\\\/05\\\/21\\\/semana-juridica-do-unifeb-traz-palestrantes-renomados-e-reconhecidos-nacionalmente\\\/#article\",\"isPartOf\":{\"@id\":\"https:\\\/\\\/regiaonews.net.br\\\/2022\\\/2024\\\/05\\\/21\\\/semana-juridica-do-unifeb-traz-palestrantes-renomados-e-reconhecidos-nacionalmente\\\/\"},\"author\":{\"name\":\"Roberto\",\"@id\":\"https:\\\/\\\/regiaonews.net.br\\\/2022\\\/#\\\/schema\\\/person\\\/2d205a608a5aa97ac279d7a5e6d89ad8\"},\"headline\":\"Semana Jur\u00eddica do UNIFEB traz palestrantes renomados e reconhecidos nacionalmente\",\"datePublished\":\"2024-05-21T21:00:23+00:00\",\"dateModified\":\"2024-05-21T21:00:24+00:00\",\"mainEntityOfPage\":{\"@id\":\"https:\\\/\\\/regiaonews.net.br\\\/2022\\\/2024\\\/05\\\/21\\\/semana-juridica-do-unifeb-traz-palestrantes-renomados-e-reconhecidos-nacionalmente\\\/\"},\"wordCount\":501,\"commentCount\":0,\"publisher\":{\"@id\":\"https:\\\/\\\/regiaonews.net.br\\\/2022\\\/#organization\"},\"image\":{\"@id\":\"https:\\\/\\\/regiaonews.net.br\\\/2022\\\/2024\\\/05\\\/21\\\/semana-juridica-do-unifeb-traz-palestrantes-renomados-e-reconhecidos-nacionalmente\\\/#primaryimage\"},\"thumbnailUrl\":\"https:\\\/\\\/regiaonews.net.br\\\/2022\\\/wp-content\\\/uploads\\\/2024\\\/05\\\/WhatsApp-Image-2024-05-21-at-17.17.24.jpeg\",\"articleSection\":[\"Barretos\",\"Cidades\"],\"inLanguage\":\"pt-BR\",\"potentialAction\":[{\"@type\":\"CommentAction\",\"name\":\"Comment\",\"target\":[\"https:\\\/\\\/regiaonews.net.br\\\/2022\\\/2024\\\/05\\\/21\\\/semana-juridica-do-unifeb-traz-palestrantes-renomados-e-reconhecidos-nacionalmente\\\/#respond\"]}]},{\"@type\":\"WebPage\",\"@id\":\"https:\\\/\\\/regiaonews.net.br\\\/2022\\\/2024\\\/05\\\/21\\\/semana-juridica-do-unifeb-traz-palestrantes-renomados-e-reconhecidos-nacionalmente\\\/\",\"url\":\"https:\\\/\\\/regiaonews.net.br\\\/2022\\\/2024\\\/05\\\/21\\\/semana-juridica-do-unifeb-traz-palestrantes-renomados-e-reconhecidos-nacionalmente\\\/\",\"name\":\"Semana Jur\u00eddica do UNIFEB traz palestrantes renomados e reconhecidos nacionalmente - Regi\u00e3o News\",\"isPartOf\":{\"@id\":\"https:\\\/\\\/regiaonews.net.br\\\/2022\\\/#website\"},\"primaryImageOfPage\":{\"@id\":\"https:\\\/\\\/regiaonews.net.br\\\/2022\\\/2024\\\/05\\\/21\\\/semana-juridica-do-unifeb-traz-palestrantes-renomados-e-reconhecidos-nacionalmente\\\/#primaryimage\"},\"image\":{\"@id\":\"https:\\\/\\\/regiaonews.net.br\\\/2022\\\/2024\\\/05\\\/21\\\/semana-juridica-do-unifeb-traz-palestrantes-renomados-e-reconhecidos-nacionalmente\\\/#primaryimage\"},\"thumbnailUrl\":\"https:\\\/\\\/regiaonews.net.br\\\/2022\\\/wp-content\\\/uploads\\\/2024\\\/05\\\/WhatsApp-Image-2024-05-21-at-17.17.24.jpeg\",\"datePublished\":\"2024-05-21T21:00:23+00:00\",\"dateModified\":\"2024-05-21T21:00:24+00:00\",\"breadcrumb\":{\"@id\":\"https:\\\/\\\/regiaonews.net.br\\\/2022\\\/2024\\\/05\\\/21\\\/semana-juridica-do-unifeb-traz-palestrantes-renomados-e-reconhecidos-nacionalmente\\\/#breadcrumb\"},\"inLanguage\":\"pt-BR\",\"potentialAction\":[{\"@type\":\"ReadAction\",\"target\":[\"https:\\\/\\\/regiaonews.net.br\\\/2022\\\/2024\\\/05\\\/21\\\/semana-juridica-do-unifeb-traz-palestrantes-renomados-e-reconhecidos-nacionalmente\\\/\"]}]},{\"@type\":\"ImageObject\",\"inLanguage\":\"pt-BR\",\"@id\":\"https:\\\/\\\/regiaonews.net.br\\\/2022\\\/2024\\\/05\\\/21\\\/semana-juridica-do-unifeb-traz-palestrantes-renomados-e-reconhecidos-nacionalmente\\\/#primaryimage\",\"url\":\"https:\\\/\\\/regiaonews.net.br\\\/2022\\\/wp-content\\\/uploads\\\/2024\\\/05\\\/WhatsApp-Image-2024-05-21-at-17.17.24.jpeg\",\"contentUrl\":\"https:\\\/\\\/regiaonews.net.br\\\/2022\\\/wp-content\\\/uploads\\\/2024\\\/05\\\/WhatsApp-Image-2024-05-21-at-17.17.24.jpeg\",\"width\":1600,\"height\":900},{\"@type\":\"BreadcrumbList\",\"@id\":\"https:\\\/\\\/regiaonews.net.br\\\/2022\\\/2024\\\/05\\\/21\\\/semana-juridica-do-unifeb-traz-palestrantes-renomados-e-reconhecidos-nacionalmente\\\/#breadcrumb\",\"itemListElement\":[{\"@type\":\"ListItem\",\"position\":1,\"name\":\"In\u00edcio\",\"item\":\"https:\\\/\\\/regiaonews.net.br\\\/2022\\\/\"},{\"@type\":\"ListItem\",\"position\":2,\"name\":\"Semana Jur\u00eddica do UNIFEB traz palestrantes renomados e reconhecidos nacionalmente\"}]},{\"@type\":\"WebSite\",\"@id\":\"https:\\\/\\\/regiaonews.net.br\\\/2022\\\/#website\",\"url\":\"https:\\\/\\\/regiaonews.net.br\\\/2022\\\/\",\"name\":\"Regi\u00e3o News\",\"description\":\"Site de Not\u00edcias de Barretos e regi\u00e3o\",\"publisher\":{\"@id\":\"https:\\\/\\\/regiaonews.net.br\\\/2022\\\/#organization\"},\"potentialAction\":[{\"@type\":\"SearchAction\",\"target\":{\"@type\":\"EntryPoint\",\"urlTemplate\":\"https:\\\/\\\/regiaonews.net.br\\\/2022\\\/?s={search_term_string}\"},\"query-input\":{\"@type\":\"PropertyValueSpecification\",\"valueRequired\":true,\"valueName\":\"search_term_string\"}}],\"inLanguage\":\"pt-BR\"},{\"@type\":\"Organization\",\"@id\":\"https:\\\/\\\/regiaonews.net.br\\\/2022\\\/#organization\",\"name\":\"Regi\u00e3o News\",\"url\":\"https:\\\/\\\/regiaonews.net.br\\\/2022\\\/\",\"logo\":{\"@type\":\"ImageObject\",\"inLanguage\":\"pt-BR\",\"@id\":\"https:\\\/\\\/regiaonews.net.br\\\/2022\\\/#\\\/schema\\\/logo\\\/image\\\/\",\"url\":\"https:\\\/\\\/regiaonews.net.br\\\/2022\\\/wp-content\\\/uploads\\\/2026\\\/03\\\/regiao-13-anos-scaled.jpg\",\"contentUrl\":\"https:\\\/\\\/regiaonews.net.br\\\/2022\\\/wp-content\\\/uploads\\\/2026\\\/03\\\/regiao-13-anos-scaled.jpg\",\"width\":2560,\"height\":635,\"caption\":\"Regi\u00e3o News\"},\"image\":{\"@id\":\"https:\\\/\\\/regiaonews.net.br\\\/2022\\\/#\\\/schema\\\/logo\\\/image\\\/\"}},{\"@type\":\"Person\",\"@id\":\"https:\\\/\\\/regiaonews.net.br\\\/2022\\\/#\\\/schema\\\/person\\\/2d205a608a5aa97ac279d7a5e6d89ad8\",\"name\":\"Roberto\",\"image\":{\"@type\":\"ImageObject\",\"inLanguage\":\"pt-BR\",\"@id\":\"https:\\\/\\\/secure.gravatar.com\\\/avatar\\\/42749d8b712ff9d59ca93dc150494e5b55a44134482993f5baeb97e61b7ecc89?s=96&d=mm&r=g\",\"url\":\"https:\\\/\\\/secure.gravatar.com\\\/avatar\\\/42749d8b712ff9d59ca93dc150494e5b55a44134482993f5baeb97e61b7ecc89?s=96&d=mm&r=g\",\"contentUrl\":\"https:\\\/\\\/secure.gravatar.com\\\/avatar\\\/42749d8b712ff9d59ca93dc150494e5b55a44134482993f5baeb97e61b7ecc89?s=96&d=mm&r=g\",\"caption\":\"Roberto\"},\"url\":\"https:\\\/\\\/regiaonews.net.br\\\/2022\\\/author\\\/roberto\\\/\"}]}<\/script>\n<!-- \/ Yoast SEO plugin. -->","yoast_head_json":{"title":"Semana Jur\u00eddica do UNIFEB traz palestrantes renomados e reconhecidos nacionalmente - Regi\u00e3o News","robots":{"index":"index","follow":"follow","max-snippet":"max-snippet:-1","max-image-preview":"max-image-preview:large","max-video-preview":"max-video-preview:-1"},"canonical":"https:\/\/regiaonews.net.br\/2022\/2024\/05\/21\/semana-juridica-do-unifeb-traz-palestrantes-renomados-e-reconhecidos-nacionalmente\/","og_locale":"pt_BR","og_type":"article","og_title":"Semana Jur\u00eddica do UNIFEB traz palestrantes renomados e reconhecidos nacionalmente - Regi\u00e3o News","og_description":"O evento tem como protagonistas os alunos, que al\u00e9m de","og_url":"https:\/\/regiaonews.net.br\/2022\/2024\/05\/21\/semana-juridica-do-unifeb-traz-palestrantes-renomados-e-reconhecidos-nacionalmente\/","og_site_name":"Regi\u00e3o News","article_published_time":"2024-05-21T21:00:23+00:00","article_modified_time":"2024-05-21T21:00:24+00:00","og_image":[{"width":1600,"height":900,"url":"https:\/\/regiaonews.net.br\/2022\/wp-content\/uploads\/2024\/05\/WhatsApp-Image-2024-05-21-at-17.17.24.jpeg","type":"image\/jpeg"}],"author":"Roberto","twitter_card":"summary_large_image","twitter_misc":{"Escrito por":"Roberto","Est. tempo de leitura":"3 minutos"},"schema":{"@context":"https:\/\/schema.org","@graph":[{"@type":"Article","@id":"https:\/\/regiaonews.net.br\/2022\/2024\/05\/21\/semana-juridica-do-unifeb-traz-palestrantes-renomados-e-reconhecidos-nacionalmente\/#article","isPartOf":{"@id":"https:\/\/regiaonews.net.br\/2022\/2024\/05\/21\/semana-juridica-do-unifeb-traz-palestrantes-renomados-e-reconhecidos-nacionalmente\/"},"author":{"name":"Roberto","@id":"https:\/\/regiaonews.net.br\/2022\/#\/schema\/person\/2d205a608a5aa97ac279d7a5e6d89ad8"},"headline":"Semana Jur\u00eddica do UNIFEB traz palestrantes renomados e reconhecidos nacionalmente","datePublished":"2024-05-21T21:00:23+00:00","dateModified":"2024-05-21T21:00:24+00:00","mainEntityOfPage":{"@id":"https:\/\/regiaonews.net.br\/2022\/2024\/05\/21\/semana-juridica-do-unifeb-traz-palestrantes-renomados-e-reconhecidos-nacionalmente\/"},"wordCount":501,"commentCount":0,"publisher":{"@id":"https:\/\/regiaonews.net.br\/2022\/#organization"},"image":{"@id":"https:\/\/regiaonews.net.br\/2022\/2024\/05\/21\/semana-juridica-do-unifeb-traz-palestrantes-renomados-e-reconhecidos-nacionalmente\/#primaryimage"},"thumbnailUrl":"https:\/\/regiaonews.net.br\/2022\/wp-content\/uploads\/2024\/05\/WhatsApp-Image-2024-05-21-at-17.17.24.jpeg","articleSection":["Barretos","Cidades"],"inLanguage":"pt-BR","potentialAction":[{"@type":"CommentAction","name":"Comment","target":["https:\/\/regiaonews.net.br\/2022\/2024\/05\/21\/semana-juridica-do-unifeb-traz-palestrantes-renomados-e-reconhecidos-nacionalmente\/#respond"]}]},{"@type":"WebPage","@id":"https:\/\/regiaonews.net.br\/2022\/2024\/05\/21\/semana-juridica-do-unifeb-traz-palestrantes-renomados-e-reconhecidos-nacionalmente\/","url":"https:\/\/regiaonews.net.br\/2022\/2024\/05\/21\/semana-juridica-do-unifeb-traz-palestrantes-renomados-e-reconhecidos-nacionalmente\/","name":"Semana Jur\u00eddica do UNIFEB traz palestrantes renomados e reconhecidos nacionalmente - Regi\u00e3o News","isPartOf":{"@id":"https:\/\/regiaonews.net.br\/2022\/#website"},"primaryImageOfPage":{"@id":"https:\/\/regiaonews.net.br\/2022\/2024\/05\/21\/semana-juridica-do-unifeb-traz-palestrantes-renomados-e-reconhecidos-nacionalmente\/#primaryimage"},"image":{"@id":"https:\/\/regiaonews.net.br\/2022\/2024\/05\/21\/semana-juridica-do-unifeb-traz-palestrantes-renomados-e-reconhecidos-nacionalmente\/#primaryimage"},"thumbnailUrl":"https:\/\/regiaonews.net.br\/2022\/wp-content\/uploads\/2024\/05\/WhatsApp-Image-2024-05-21-at-17.17.24.jpeg","datePublished":"2024-05-21T21:00:23+00:00","dateModified":"2024-05-21T21:00:24+00:00","breadcrumb":{"@id":"https:\/\/regiaonews.net.br\/2022\/2024\/05\/21\/semana-juridica-do-unifeb-traz-palestrantes-renomados-e-reconhecidos-nacionalmente\/#breadcrumb"},"inLanguage":"pt-BR","potentialAction":[{"@type":"ReadAction","target":["https:\/\/regiaonews.net.br\/2022\/2024\/05\/21\/semana-juridica-do-unifeb-traz-palestrantes-renomados-e-reconhecidos-nacionalmente\/"]}]},{"@type":"ImageObject","inLanguage":"pt-BR","@id":"https:\/\/regiaonews.net.br\/2022\/2024\/05\/21\/semana-juridica-do-unifeb-traz-palestrantes-renomados-e-reconhecidos-nacionalmente\/#primaryimage","url":"https:\/\/regiaonews.net.br\/2022\/wp-content\/uploads\/2024\/05\/WhatsApp-Image-2024-05-21-at-17.17.24.jpeg","contentUrl":"https:\/\/regiaonews.net.br\/2022\/wp-content\/uploads\/2024\/05\/WhatsApp-Image-2024-05-21-at-17.17.24.jpeg","width":1600,"height":900},{"@type":"BreadcrumbList","@id":"https:\/\/regiaonews.net.br\/2022\/2024\/05\/21\/semana-juridica-do-unifeb-traz-palestrantes-renomados-e-reconhecidos-nacionalmente\/#breadcrumb","itemListElement":[{"@type":"ListItem","position":1,"name":"In\u00edcio","item":"https:\/\/regiaonews.net.br\/2022\/"},{"@type":"ListItem","position":2,"name":"Semana Jur\u00eddica do UNIFEB traz palestrantes renomados e reconhecidos nacionalmente"}]},{"@type":"WebSite","@id":"https:\/\/regiaonews.net.br\/2022\/#website","url":"https:\/\/regiaonews.net.br\/2022\/","name":"Regi\u00e3o News","description":"Site de Not\u00edcias de Barretos e regi\u00e3o","publisher":{"@id":"https:\/\/regiaonews.net.br\/2022\/#organization"},"potentialAction":[{"@type":"SearchAction","target":{"@type":"EntryPoint","urlTemplate":"https:\/\/regiaonews.net.br\/2022\/?s={search_term_string}"},"query-input":{"@type":"PropertyValueSpecification","valueRequired":true,"valueName":"search_term_string"}}],"inLanguage":"pt-BR"},{"@type":"Organization","@id":"https:\/\/regiaonews.net.br\/2022\/#organization","name":"Regi\u00e3o News","url":"https:\/\/regiaonews.net.br\/2022\/","logo":{"@type":"ImageObject","inLanguage":"pt-BR","@id":"https:\/\/regiaonews.net.br\/2022\/#\/schema\/logo\/image\/","url":"https:\/\/regiaonews.net.br\/2022\/wp-content\/uploads\/2026\/03\/regiao-13-anos-scaled.jpg","contentUrl":"https:\/\/regiaonews.net.br\/2022\/wp-content\/uploads\/2026\/03\/regiao-13-anos-scaled.jpg","width":2560,"height":635,"caption":"Regi\u00e3o News"},"image":{"@id":"https:\/\/regiaonews.net.br\/2022\/#\/schema\/logo\/image\/"}},{"@type":"Person","@id":"https:\/\/regiaonews.net.br\/2022\/#\/schema\/person\/2d205a608a5aa97ac279d7a5e6d89ad8","name":"Roberto","image":{"@type":"ImageObject","inLanguage":"pt-BR","@id":"https:\/\/secure.gravatar.com\/avatar\/42749d8b712ff9d59ca93dc150494e5b55a44134482993f5baeb97e61b7ecc89?s=96&d=mm&r=g","url":"https:\/\/secure.gravatar.com\/avatar\/42749d8b712ff9d59ca93dc150494e5b55a44134482993f5baeb97e61b7ecc89?s=96&d=mm&r=g","contentUrl":"https:\/\/secure.gravatar.com\/avatar\/42749d8b712ff9d59ca93dc150494e5b55a44134482993f5baeb97e61b7ecc89?s=96&d=mm&r=g","caption":"Roberto"},"url":"https:\/\/regiaonews.net.br\/2022\/author\/roberto\/"}]}},"publishpress_future_action":{"enabled":false,"date":"2026-05-03 09:22:54","action":"change-status","newStatus":"draft","terms":[],"taxonomy":"category","extraData":[]},"publishpress_future_workflow_manual_trigger":{"enabledWorkflows":[]},"_links":{"self":[{"href":"https:\/\/regiaonews.net.br\/2022\/wp-json\/wp\/v2\/posts\/105321","targetHints":{"allow":["GET"]}}],"collection":[{"href":"https:\/\/regiaonews.net.br\/2022\/wp-json\/wp\/v2\/posts"}],"about":[{"href":"https:\/\/regiaonews.net.br\/2022\/wp-json\/wp\/v2\/types\/post"}],"author":[{"embeddable":true,"href":"https:\/\/regiaonews.net.br\/2022\/wp-json\/wp\/v2\/users\/2"}],"replies":[{"embeddable":true,"href":"https:\/\/regiaonews.net.br\/2022\/wp-json\/wp\/v2\/comments?post=105321"}],"version-history":[{"count":1,"href":"https:\/\/regiaonews.net.br\/2022\/wp-json\/wp\/v2\/posts\/105321\/revisions"}],"predecessor-version":[{"id":105323,"href":"https:\/\/regiaonews.net.br\/2022\/wp-json\/wp\/v2\/posts\/105321\/revisions\/105323"}],"wp:featuredmedia":[{"embeddable":true,"href":"https:\/\/regiaonews.net.br\/2022\/wp-json\/wp\/v2\/media\/105322"}],"wp:attachment":[{"href":"https:\/\/regiaonews.net.br\/2022\/wp-json\/wp\/v2\/media?parent=105321"}],"wp:term":[{"taxonomy":"category","embeddable":true,"href":"https:\/\/regiaonews.net.br\/2022\/wp-json\/wp\/v2\/categories?post=105321"},{"taxonomy":"post_tag","embeddable":true,"href":"https:\/\/regiaonews.net.br\/2022\/wp-json\/wp\/v2\/tags?post=105321"}],"curies":[{"name":"wp","href":"https:\/\/api.w.org\/{rel}","templated":true}]}}