{"id":105302,"date":"2024-05-21T14:01:00","date_gmt":"2024-05-21T17:01:00","guid":{"rendered":"https:\/\/regiaonews.net.br\/2022\/?p=105302"},"modified":"2024-05-21T14:01:00","modified_gmt":"2024-05-21T17:01:00","slug":"uti-aeromovel-da-pm-de-sp-socorre-idosa-em-estado-grave-no-rs","status":"publish","type":"post","link":"https:\/\/regiaonews.net.br\/2022\/2024\/05\/21\/uti-aeromovel-da-pm-de-sp-socorre-idosa-em-estado-grave-no-rs\/","title":{"rendered":"UTI aerom\u00f3vel da PM de SP socorre idosa em estado grave no RS"},"content":{"rendered":"<div class=\"col-lg-12 mt-2\">\n<h3 style=\"text-align: center;\">Equipes paulistas seguem empenhadas na ajuda ao povo ga\u00facho<\/h3>\n<div>Uma idosa, de 74 anos, em estado grave, foi resgatada pelo helic\u00f3ptero \u00c1guia da Pol\u00edcia Militar. A aeronave, que est\u00e1 no Rio Grande do Sul desde o in\u00edcio do m\u00eas, \u00e9 equipada com uma Unidade de Terapia Intensiva para resgates m\u00e9dicos.<\/div>\n<div><\/div>\n<div>O socorro aconteceu na segunda-feira (20), na cidade de Teut\u00f4nia (RS), onde 157 pessoas morreram por causa das chuvas intensas, conforme o \u00faltimo balan\u00e7o da Defesa Civil.<\/div>\n<div><\/div>\n<div>A v\u00edtima resgatada tem insufici\u00eancia renal aguda e insufici\u00eancia respirat\u00f3ria. Ela j\u00e1 estava internada em um hospital do munic\u00edpio, mas como a situa\u00e7\u00e3o se agravou, precisou ser transportada com urg\u00eancia para uma unidade de sa\u00fade mais equipada.<\/div>\n<div><\/div>\n<div>Devido \u00e0 adapta\u00e7\u00e3o do \u00c1guia 33 para transportar pacientes com problemas de sa\u00fade, o Centro Integrado de Comando e Controle do estado ga\u00facho acionou as equipes do Comando de Avia\u00e7\u00e3o da Pol\u00edcia Militar (CavPM) de S\u00e3o Paulo. Segundo o capit\u00e3o Eduardo Pelegrini, um trajeto que seria feito por tr\u00eas ou quatro horas por via terrestre, foi realizado em cerca de 35 minutos com o helic\u00f3ptero.<\/div>\n<div>\n<div>\u201cA situa\u00e7\u00e3o aqui fez com que a rede hospitalar se saturasse, seria muito arriscado levar essa senhora por via terrestre, o estado dela \u00e9 cr\u00edtico\u201d, observou o policial.<\/div>\n<div><\/div>\n<div>Imagens mostram a idosa deitada na maca do helic\u00f3ptero, equipado com aparelhos respirat\u00f3rios, card\u00edacos e outros itens m\u00e9dicos que auxiliaram a transportar a v\u00edtima em seguran\u00e7a. O \u00c1guia 33 j\u00e1 fez o transporte de 27 pessoas com problemas graves de sa\u00fade por meio da UTI aerom\u00f3vel desde o in\u00edcio da opera\u00e7\u00e3o.<\/div>\n<div><\/div>\n<div><b>Leia mais:\u00a0<\/b><a href=\"https:\/\/www.ssp.sp.gov.br\/noticia\/57384\"><b>M\u00e9dicos volunt\u00e1rios ajudam bombeiros de SP a resgatar mais de 200 animais no RS<\/b><\/a><\/div>\n<div><\/div>\n<div>Al\u00e9m do \u00c1guia 33, outros dois helic\u00f3pteros (\u00c1guia 12 e 24) da corpora\u00e7\u00e3o paulista, equipados com guincho el\u00e9trico, est\u00e3o empenhados nas miss\u00f5es de salvamento e apoio no transporte de pessoas e materiais. Um avi\u00e3o King Air tamb\u00e9m est\u00e1 \u00e0 disposi\u00e7\u00e3o para o transporte das tropas.<\/div>\n<div><\/div>\n<div>Integrando as equipes de resgate desde a \u00faltima sexta-feira (17), o capit\u00e3o Pelegrini afirma que \u00e9 dif\u00edcil ver o cen\u00e1rio de desastre que as chuvas deixaram no Sul, mas \u00e9 grato por poder ajudar.<\/div>\n<div><\/div>\n<div><b>Novas equipes paulistas deslocadas para apoio no RS<\/b><\/div>\n<div><\/div>\n<div>Uma nova equipe da Pol\u00edcia Civil de S\u00e3o Paulo foi deslocada na segunda-feira (20) para apoiar nos salvamentos no Rio Grande do Sul.<\/div>\n<div><\/div>\n<div>No total, foram 23 agentes, entre investigadores, papiloscopistas, escriv\u00e3es e carcereiros, que atuam em delegacias da Regi\u00e3o Metropolitana de S\u00e3o Paulo. O novo efetivo soma-se aos 29 policiais civis paulistas que j\u00e1 est\u00e3o l\u00e1.<\/div>\n<div><\/div>\n<div>Ainda hoje (21), os 33 bombeiros que est\u00e3o no Sul, desde a semana passada, retornam para S\u00e3o Paulo, mas outros 44 chegam na sequ\u00eancia para substituir as equipes.<\/div>\n<div><\/div>\n<div><b>Leia tamb\u00e9m:\u00a0<\/b><a href=\"https:\/\/www.ssp.sp.gov.br\/noticia\/57359\"><b>&#8216;Nunca vi cen\u00e1rio t\u00e3o catastr\u00f3fico em 19 anos de carreira&#8217;, diz sargento, sobre resgates no RS<\/b><\/a><\/div>\n<\/div>\n<\/div>\n<div class=\"col-lg-12\"><\/div>\n","protected":false},"excerpt":{"rendered":"<p>Equipes paulistas seguem empenhadas na ajuda ao povo ga\u00facho Uma<\/p>\n","protected":false},"author":2,"featured_media":105303,"comment_status":"open","ping_status":"open","sticky":false,"template":"","format":"standard","meta":{"footnotes":""},"categories":[7,3],"tags":[],"class_list":["post-105302","post","type-post","status-publish","format-standard","has-post-thumbnail","hentry","category-estado-de-sao-paulo","category-geral"],"yoast_head":"<!-- This site is optimized with the Yoast SEO plugin v27.4 - https:\/\/yoast.com\/product\/yoast-seo-wordpress\/ -->\n<title>UTI aerom\u00f3vel da PM de SP socorre idosa em estado grave no RS - Regi\u00e3o News<\/title>\n<meta name=\"robots\" content=\"index, follow, max-snippet:-1, max-image-preview:large, max-video-preview:-1\" \/>\n<link rel=\"canonical\" href=\"https:\/\/regiaonews.net.br\/2022\/2024\/05\/21\/uti-aeromovel-da-pm-de-sp-socorre-idosa-em-estado-grave-no-rs\/\" \/>\n<meta property=\"og:locale\" content=\"pt_BR\" \/>\n<meta property=\"og:type\" content=\"article\" \/>\n<meta property=\"og:title\" content=\"UTI aerom\u00f3vel da PM de SP socorre idosa em estado grave no RS - Regi\u00e3o News\" \/>\n<meta property=\"og:description\" content=\"Equipes paulistas seguem empenhadas na ajuda ao povo ga\u00facho Uma\" \/>\n<meta property=\"og:url\" content=\"https:\/\/regiaonews.net.br\/2022\/2024\/05\/21\/uti-aeromovel-da-pm-de-sp-socorre-idosa-em-estado-grave-no-rs\/\" \/>\n<meta property=\"og:site_name\" content=\"Regi\u00e3o News\" \/>\n<meta property=\"article:published_time\" content=\"2024-05-21T17:01:00+00:00\" \/>\n<meta property=\"og:image\" content=\"https:\/\/regiaonews.net.br\/2022\/wp-content\/uploads\/2024\/05\/D00054720.jpg\" \/>\n\t<meta property=\"og:image:width\" content=\"600\" \/>\n\t<meta property=\"og:image:height\" content=\"800\" \/>\n\t<meta property=\"og:image:type\" content=\"image\/jpeg\" \/>\n<meta name=\"author\" content=\"Roberto\" \/>\n<meta name=\"twitter:card\" content=\"summary_large_image\" \/>\n<meta name=\"twitter:label1\" content=\"Escrito por\" \/>\n\t<meta name=\"twitter:data1\" content=\"Roberto\" \/>\n\t<meta name=\"twitter:label2\" content=\"Est. tempo de leitura\" \/>\n\t<meta name=\"twitter:data2\" content=\"3 minutos\" \/>\n<script type=\"application\/ld+json\" class=\"yoast-schema-graph\">{\"@context\":\"https:\\\/\\\/schema.org\",\"@graph\":[{\"@type\":\"Article\",\"@id\":\"https:\\\/\\\/regiaonews.net.br\\\/2022\\\/2024\\\/05\\\/21\\\/uti-aeromovel-da-pm-de-sp-socorre-idosa-em-estado-grave-no-rs\\\/#article\",\"isPartOf\":{\"@id\":\"https:\\\/\\\/regiaonews.net.br\\\/2022\\\/2024\\\/05\\\/21\\\/uti-aeromovel-da-pm-de-sp-socorre-idosa-em-estado-grave-no-rs\\\/\"},\"author\":{\"name\":\"Roberto\",\"@id\":\"https:\\\/\\\/regiaonews.net.br\\\/2022\\\/#\\\/schema\\\/person\\\/2d205a608a5aa97ac279d7a5e6d89ad8\"},\"headline\":\"UTI aerom\u00f3vel da PM de SP socorre idosa em estado grave no RS\",\"datePublished\":\"2024-05-21T17:01:00+00:00\",\"mainEntityOfPage\":{\"@id\":\"https:\\\/\\\/regiaonews.net.br\\\/2022\\\/2024\\\/05\\\/21\\\/uti-aeromovel-da-pm-de-sp-socorre-idosa-em-estado-grave-no-rs\\\/\"},\"wordCount\":517,\"commentCount\":0,\"publisher\":{\"@id\":\"https:\\\/\\\/regiaonews.net.br\\\/2022\\\/#organization\"},\"image\":{\"@id\":\"https:\\\/\\\/regiaonews.net.br\\\/2022\\\/2024\\\/05\\\/21\\\/uti-aeromovel-da-pm-de-sp-socorre-idosa-em-estado-grave-no-rs\\\/#primaryimage\"},\"thumbnailUrl\":\"https:\\\/\\\/regiaonews.net.br\\\/2022\\\/wp-content\\\/uploads\\\/2024\\\/05\\\/D00054720.jpg\",\"articleSection\":[\"Estado de S\u00e3o Paulo\",\"Geral\"],\"inLanguage\":\"pt-BR\",\"potentialAction\":[{\"@type\":\"CommentAction\",\"name\":\"Comment\",\"target\":[\"https:\\\/\\\/regiaonews.net.br\\\/2022\\\/2024\\\/05\\\/21\\\/uti-aeromovel-da-pm-de-sp-socorre-idosa-em-estado-grave-no-rs\\\/#respond\"]}]},{\"@type\":\"WebPage\",\"@id\":\"https:\\\/\\\/regiaonews.net.br\\\/2022\\\/2024\\\/05\\\/21\\\/uti-aeromovel-da-pm-de-sp-socorre-idosa-em-estado-grave-no-rs\\\/\",\"url\":\"https:\\\/\\\/regiaonews.net.br\\\/2022\\\/2024\\\/05\\\/21\\\/uti-aeromovel-da-pm-de-sp-socorre-idosa-em-estado-grave-no-rs\\\/\",\"name\":\"UTI aerom\u00f3vel da PM de SP socorre idosa em estado grave no RS - Regi\u00e3o News\",\"isPartOf\":{\"@id\":\"https:\\\/\\\/regiaonews.net.br\\\/2022\\\/#website\"},\"primaryImageOfPage\":{\"@id\":\"https:\\\/\\\/regiaonews.net.br\\\/2022\\\/2024\\\/05\\\/21\\\/uti-aeromovel-da-pm-de-sp-socorre-idosa-em-estado-grave-no-rs\\\/#primaryimage\"},\"image\":{\"@id\":\"https:\\\/\\\/regiaonews.net.br\\\/2022\\\/2024\\\/05\\\/21\\\/uti-aeromovel-da-pm-de-sp-socorre-idosa-em-estado-grave-no-rs\\\/#primaryimage\"},\"thumbnailUrl\":\"https:\\\/\\\/regiaonews.net.br\\\/2022\\\/wp-content\\\/uploads\\\/2024\\\/05\\\/D00054720.jpg\",\"datePublished\":\"2024-05-21T17:01:00+00:00\",\"breadcrumb\":{\"@id\":\"https:\\\/\\\/regiaonews.net.br\\\/2022\\\/2024\\\/05\\\/21\\\/uti-aeromovel-da-pm-de-sp-socorre-idosa-em-estado-grave-no-rs\\\/#breadcrumb\"},\"inLanguage\":\"pt-BR\",\"potentialAction\":[{\"@type\":\"ReadAction\",\"target\":[\"https:\\\/\\\/regiaonews.net.br\\\/2022\\\/2024\\\/05\\\/21\\\/uti-aeromovel-da-pm-de-sp-socorre-idosa-em-estado-grave-no-rs\\\/\"]}]},{\"@type\":\"ImageObject\",\"inLanguage\":\"pt-BR\",\"@id\":\"https:\\\/\\\/regiaonews.net.br\\\/2022\\\/2024\\\/05\\\/21\\\/uti-aeromovel-da-pm-de-sp-socorre-idosa-em-estado-grave-no-rs\\\/#primaryimage\",\"url\":\"https:\\\/\\\/regiaonews.net.br\\\/2022\\\/wp-content\\\/uploads\\\/2024\\\/05\\\/D00054720.jpg\",\"contentUrl\":\"https:\\\/\\\/regiaonews.net.br\\\/2022\\\/wp-content\\\/uploads\\\/2024\\\/05\\\/D00054720.jpg\",\"width\":600,\"height\":800},{\"@type\":\"BreadcrumbList\",\"@id\":\"https:\\\/\\\/regiaonews.net.br\\\/2022\\\/2024\\\/05\\\/21\\\/uti-aeromovel-da-pm-de-sp-socorre-idosa-em-estado-grave-no-rs\\\/#breadcrumb\",\"itemListElement\":[{\"@type\":\"ListItem\",\"position\":1,\"name\":\"In\u00edcio\",\"item\":\"https:\\\/\\\/regiaonews.net.br\\\/2022\\\/\"},{\"@type\":\"ListItem\",\"position\":2,\"name\":\"UTI aerom\u00f3vel da PM de SP socorre idosa em estado grave no RS\"}]},{\"@type\":\"WebSite\",\"@id\":\"https:\\\/\\\/regiaonews.net.br\\\/2022\\\/#website\",\"url\":\"https:\\\/\\\/regiaonews.net.br\\\/2022\\\/\",\"name\":\"Regi\u00e3o News\",\"description\":\"Site de Not\u00edcias de Barretos e regi\u00e3o\",\"publisher\":{\"@id\":\"https:\\\/\\\/regiaonews.net.br\\\/2022\\\/#organization\"},\"potentialAction\":[{\"@type\":\"SearchAction\",\"target\":{\"@type\":\"EntryPoint\",\"urlTemplate\":\"https:\\\/\\\/regiaonews.net.br\\\/2022\\\/?s={search_term_string}\"},\"query-input\":{\"@type\":\"PropertyValueSpecification\",\"valueRequired\":true,\"valueName\":\"search_term_string\"}}],\"inLanguage\":\"pt-BR\"},{\"@type\":\"Organization\",\"@id\":\"https:\\\/\\\/regiaonews.net.br\\\/2022\\\/#organization\",\"name\":\"Regi\u00e3o News\",\"url\":\"https:\\\/\\\/regiaonews.net.br\\\/2022\\\/\",\"logo\":{\"@type\":\"ImageObject\",\"inLanguage\":\"pt-BR\",\"@id\":\"https:\\\/\\\/regiaonews.net.br\\\/2022\\\/#\\\/schema\\\/logo\\\/image\\\/\",\"url\":\"https:\\\/\\\/regiaonews.net.br\\\/2022\\\/wp-content\\\/uploads\\\/2026\\\/03\\\/regiao-13-anos-scaled.jpg\",\"contentUrl\":\"https:\\\/\\\/regiaonews.net.br\\\/2022\\\/wp-content\\\/uploads\\\/2026\\\/03\\\/regiao-13-anos-scaled.jpg\",\"width\":2560,\"height\":635,\"caption\":\"Regi\u00e3o News\"},\"image\":{\"@id\":\"https:\\\/\\\/regiaonews.net.br\\\/2022\\\/#\\\/schema\\\/logo\\\/image\\\/\"}},{\"@type\":\"Person\",\"@id\":\"https:\\\/\\\/regiaonews.net.br\\\/2022\\\/#\\\/schema\\\/person\\\/2d205a608a5aa97ac279d7a5e6d89ad8\",\"name\":\"Roberto\",\"image\":{\"@type\":\"ImageObject\",\"inLanguage\":\"pt-BR\",\"@id\":\"https:\\\/\\\/secure.gravatar.com\\\/avatar\\\/42749d8b712ff9d59ca93dc150494e5b55a44134482993f5baeb97e61b7ecc89?s=96&d=mm&r=g\",\"url\":\"https:\\\/\\\/secure.gravatar.com\\\/avatar\\\/42749d8b712ff9d59ca93dc150494e5b55a44134482993f5baeb97e61b7ecc89?s=96&d=mm&r=g\",\"contentUrl\":\"https:\\\/\\\/secure.gravatar.com\\\/avatar\\\/42749d8b712ff9d59ca93dc150494e5b55a44134482993f5baeb97e61b7ecc89?s=96&d=mm&r=g\",\"caption\":\"Roberto\"},\"url\":\"https:\\\/\\\/regiaonews.net.br\\\/2022\\\/author\\\/roberto\\\/\"}]}<\/script>\n<!-- \/ Yoast SEO plugin. -->","yoast_head_json":{"title":"UTI aerom\u00f3vel da PM de SP socorre idosa em estado grave no RS - Regi\u00e3o News","robots":{"index":"index","follow":"follow","max-snippet":"max-snippet:-1","max-image-preview":"max-image-preview:large","max-video-preview":"max-video-preview:-1"},"canonical":"https:\/\/regiaonews.net.br\/2022\/2024\/05\/21\/uti-aeromovel-da-pm-de-sp-socorre-idosa-em-estado-grave-no-rs\/","og_locale":"pt_BR","og_type":"article","og_title":"UTI aerom\u00f3vel da PM de SP socorre idosa em estado grave no RS - Regi\u00e3o News","og_description":"Equipes paulistas seguem empenhadas na ajuda ao povo ga\u00facho Uma","og_url":"https:\/\/regiaonews.net.br\/2022\/2024\/05\/21\/uti-aeromovel-da-pm-de-sp-socorre-idosa-em-estado-grave-no-rs\/","og_site_name":"Regi\u00e3o News","article_published_time":"2024-05-21T17:01:00+00:00","og_image":[{"width":600,"height":800,"url":"https:\/\/regiaonews.net.br\/2022\/wp-content\/uploads\/2024\/05\/D00054720.jpg","type":"image\/jpeg"}],"author":"Roberto","twitter_card":"summary_large_image","twitter_misc":{"Escrito por":"Roberto","Est. tempo de leitura":"3 minutos"},"schema":{"@context":"https:\/\/schema.org","@graph":[{"@type":"Article","@id":"https:\/\/regiaonews.net.br\/2022\/2024\/05\/21\/uti-aeromovel-da-pm-de-sp-socorre-idosa-em-estado-grave-no-rs\/#article","isPartOf":{"@id":"https:\/\/regiaonews.net.br\/2022\/2024\/05\/21\/uti-aeromovel-da-pm-de-sp-socorre-idosa-em-estado-grave-no-rs\/"},"author":{"name":"Roberto","@id":"https:\/\/regiaonews.net.br\/2022\/#\/schema\/person\/2d205a608a5aa97ac279d7a5e6d89ad8"},"headline":"UTI aerom\u00f3vel da PM de SP socorre idosa em estado grave no RS","datePublished":"2024-05-21T17:01:00+00:00","mainEntityOfPage":{"@id":"https:\/\/regiaonews.net.br\/2022\/2024\/05\/21\/uti-aeromovel-da-pm-de-sp-socorre-idosa-em-estado-grave-no-rs\/"},"wordCount":517,"commentCount":0,"publisher":{"@id":"https:\/\/regiaonews.net.br\/2022\/#organization"},"image":{"@id":"https:\/\/regiaonews.net.br\/2022\/2024\/05\/21\/uti-aeromovel-da-pm-de-sp-socorre-idosa-em-estado-grave-no-rs\/#primaryimage"},"thumbnailUrl":"https:\/\/regiaonews.net.br\/2022\/wp-content\/uploads\/2024\/05\/D00054720.jpg","articleSection":["Estado de S\u00e3o Paulo","Geral"],"inLanguage":"pt-BR","potentialAction":[{"@type":"CommentAction","name":"Comment","target":["https:\/\/regiaonews.net.br\/2022\/2024\/05\/21\/uti-aeromovel-da-pm-de-sp-socorre-idosa-em-estado-grave-no-rs\/#respond"]}]},{"@type":"WebPage","@id":"https:\/\/regiaonews.net.br\/2022\/2024\/05\/21\/uti-aeromovel-da-pm-de-sp-socorre-idosa-em-estado-grave-no-rs\/","url":"https:\/\/regiaonews.net.br\/2022\/2024\/05\/21\/uti-aeromovel-da-pm-de-sp-socorre-idosa-em-estado-grave-no-rs\/","name":"UTI aerom\u00f3vel da PM de SP socorre idosa em estado grave no RS - Regi\u00e3o News","isPartOf":{"@id":"https:\/\/regiaonews.net.br\/2022\/#website"},"primaryImageOfPage":{"@id":"https:\/\/regiaonews.net.br\/2022\/2024\/05\/21\/uti-aeromovel-da-pm-de-sp-socorre-idosa-em-estado-grave-no-rs\/#primaryimage"},"image":{"@id":"https:\/\/regiaonews.net.br\/2022\/2024\/05\/21\/uti-aeromovel-da-pm-de-sp-socorre-idosa-em-estado-grave-no-rs\/#primaryimage"},"thumbnailUrl":"https:\/\/regiaonews.net.br\/2022\/wp-content\/uploads\/2024\/05\/D00054720.jpg","datePublished":"2024-05-21T17:01:00+00:00","breadcrumb":{"@id":"https:\/\/regiaonews.net.br\/2022\/2024\/05\/21\/uti-aeromovel-da-pm-de-sp-socorre-idosa-em-estado-grave-no-rs\/#breadcrumb"},"inLanguage":"pt-BR","potentialAction":[{"@type":"ReadAction","target":["https:\/\/regiaonews.net.br\/2022\/2024\/05\/21\/uti-aeromovel-da-pm-de-sp-socorre-idosa-em-estado-grave-no-rs\/"]}]},{"@type":"ImageObject","inLanguage":"pt-BR","@id":"https:\/\/regiaonews.net.br\/2022\/2024\/05\/21\/uti-aeromovel-da-pm-de-sp-socorre-idosa-em-estado-grave-no-rs\/#primaryimage","url":"https:\/\/regiaonews.net.br\/2022\/wp-content\/uploads\/2024\/05\/D00054720.jpg","contentUrl":"https:\/\/regiaonews.net.br\/2022\/wp-content\/uploads\/2024\/05\/D00054720.jpg","width":600,"height":800},{"@type":"BreadcrumbList","@id":"https:\/\/regiaonews.net.br\/2022\/2024\/05\/21\/uti-aeromovel-da-pm-de-sp-socorre-idosa-em-estado-grave-no-rs\/#breadcrumb","itemListElement":[{"@type":"ListItem","position":1,"name":"In\u00edcio","item":"https:\/\/regiaonews.net.br\/2022\/"},{"@type":"ListItem","position":2,"name":"UTI aerom\u00f3vel da PM de SP socorre idosa em estado grave no RS"}]},{"@type":"WebSite","@id":"https:\/\/regiaonews.net.br\/2022\/#website","url":"https:\/\/regiaonews.net.br\/2022\/","name":"Regi\u00e3o News","description":"Site de Not\u00edcias de Barretos e regi\u00e3o","publisher":{"@id":"https:\/\/regiaonews.net.br\/2022\/#organization"},"potentialAction":[{"@type":"SearchAction","target":{"@type":"EntryPoint","urlTemplate":"https:\/\/regiaonews.net.br\/2022\/?s={search_term_string}"},"query-input":{"@type":"PropertyValueSpecification","valueRequired":true,"valueName":"search_term_string"}}],"inLanguage":"pt-BR"},{"@type":"Organization","@id":"https:\/\/regiaonews.net.br\/2022\/#organization","name":"Regi\u00e3o News","url":"https:\/\/regiaonews.net.br\/2022\/","logo":{"@type":"ImageObject","inLanguage":"pt-BR","@id":"https:\/\/regiaonews.net.br\/2022\/#\/schema\/logo\/image\/","url":"https:\/\/regiaonews.net.br\/2022\/wp-content\/uploads\/2026\/03\/regiao-13-anos-scaled.jpg","contentUrl":"https:\/\/regiaonews.net.br\/2022\/wp-content\/uploads\/2026\/03\/regiao-13-anos-scaled.jpg","width":2560,"height":635,"caption":"Regi\u00e3o News"},"image":{"@id":"https:\/\/regiaonews.net.br\/2022\/#\/schema\/logo\/image\/"}},{"@type":"Person","@id":"https:\/\/regiaonews.net.br\/2022\/#\/schema\/person\/2d205a608a5aa97ac279d7a5e6d89ad8","name":"Roberto","image":{"@type":"ImageObject","inLanguage":"pt-BR","@id":"https:\/\/secure.gravatar.com\/avatar\/42749d8b712ff9d59ca93dc150494e5b55a44134482993f5baeb97e61b7ecc89?s=96&d=mm&r=g","url":"https:\/\/secure.gravatar.com\/avatar\/42749d8b712ff9d59ca93dc150494e5b55a44134482993f5baeb97e61b7ecc89?s=96&d=mm&r=g","contentUrl":"https:\/\/secure.gravatar.com\/avatar\/42749d8b712ff9d59ca93dc150494e5b55a44134482993f5baeb97e61b7ecc89?s=96&d=mm&r=g","caption":"Roberto"},"url":"https:\/\/regiaonews.net.br\/2022\/author\/roberto\/"}]}},"publishpress_future_action":{"enabled":false,"date":"2026-05-03 09:20:58","action":"change-status","newStatus":"draft","terms":[],"taxonomy":"category","extraData":[]},"publishpress_future_workflow_manual_trigger":{"enabledWorkflows":[]},"_links":{"self":[{"href":"https:\/\/regiaonews.net.br\/2022\/wp-json\/wp\/v2\/posts\/105302","targetHints":{"allow":["GET"]}}],"collection":[{"href":"https:\/\/regiaonews.net.br\/2022\/wp-json\/wp\/v2\/posts"}],"about":[{"href":"https:\/\/regiaonews.net.br\/2022\/wp-json\/wp\/v2\/types\/post"}],"author":[{"embeddable":true,"href":"https:\/\/regiaonews.net.br\/2022\/wp-json\/wp\/v2\/users\/2"}],"replies":[{"embeddable":true,"href":"https:\/\/regiaonews.net.br\/2022\/wp-json\/wp\/v2\/comments?post=105302"}],"version-history":[{"count":1,"href":"https:\/\/regiaonews.net.br\/2022\/wp-json\/wp\/v2\/posts\/105302\/revisions"}],"predecessor-version":[{"id":105304,"href":"https:\/\/regiaonews.net.br\/2022\/wp-json\/wp\/v2\/posts\/105302\/revisions\/105304"}],"wp:featuredmedia":[{"embeddable":true,"href":"https:\/\/regiaonews.net.br\/2022\/wp-json\/wp\/v2\/media\/105303"}],"wp:attachment":[{"href":"https:\/\/regiaonews.net.br\/2022\/wp-json\/wp\/v2\/media?parent=105302"}],"wp:term":[{"taxonomy":"category","embeddable":true,"href":"https:\/\/regiaonews.net.br\/2022\/wp-json\/wp\/v2\/categories?post=105302"},{"taxonomy":"post_tag","embeddable":true,"href":"https:\/\/regiaonews.net.br\/2022\/wp-json\/wp\/v2\/tags?post=105302"}],"curies":[{"name":"wp","href":"https:\/\/api.w.org\/{rel}","templated":true}]}}