{"id":105245,"date":"2024-05-20T17:35:16","date_gmt":"2024-05-20T20:35:16","guid":{"rendered":"https:\/\/regiaonews.net.br\/2022\/?p=105245"},"modified":"2024-05-20T17:35:16","modified_gmt":"2024-05-20T20:35:16","slug":"com-classicos-sertanejos-orquestra-sinfonica-municipal-de-barretos-encanta-publico-do-revelando-sp","status":"publish","type":"post","link":"https:\/\/regiaonews.net.br\/2022\/2024\/05\/20\/com-classicos-sertanejos-orquestra-sinfonica-municipal-de-barretos-encanta-publico-do-revelando-sp\/","title":{"rendered":"Com cl\u00e1ssicos sertanejos, Orquestra Sinf\u00f4nica Municipal de Barretos encanta p\u00fablico do Revelando SP"},"content":{"rendered":"<h3 style=\"text-align: center;\">Realizado pela primeira vez na cidade, evento abriu a temporada 2024 do festival que promove a cultura e as tradi\u00e7\u00f5es paulistas<\/h3>\n<p>Realizado no \u00faltimo final de semana, entre os dias 17 e 19 de maio, o Festival Revelando SP reuniu no Recinto Paulo de Lima Corr\u00eaa as mais variadas formas de manifesta\u00e7\u00f5es culturais, culin\u00e1ria e artesanato de diversos munic\u00edpios, promovendo a cultura e tradi\u00e7\u00f5es paulistas.<br \/>\nNo domingo, \u00faltimo dia do evento, a emo\u00e7\u00e3o tomou conta do p\u00fablico que acompanhou a Orquestra Sinf\u00f4nica Municipal de Barretos (OSMB). Sob a reg\u00eancia do maestro e diretor Diogo Silva, os m\u00fasicos apresentaram cl\u00e1ssicos da m\u00fasica sertaneja, al\u00e9m da tradicional can\u00e7\u00e3o \u201cVento Gelado\u201d, de Bezerra de Menezes. A atra\u00e7\u00e3o teve participa\u00e7\u00e3o especial dos cantores Luiz Gustavo &amp; Guilherme, M\u00e1rcio &amp; Ricardo, Rhaissa Costa, S\u00e9rgio Marques, Tiago &amp; Z\u00e9 Felipe e Wesley Sim\u00f5es.<br \/>\n\u201cFico muito feliz por Barretos ter sido respons\u00e1vel pelo pontap\u00e9 inicial do Revelando SP em todo o Estado. Isso mostra que a Cultura est\u00e1 realmente On em nossa cidade. Estamos trabalhando para que mais eventos como este venham para c\u00e1, trazendo alegria e lazer para a nossa popula\u00e7\u00e3o\u201d, disse a prefeita Paula Lemos. A secret\u00e1ria estadual de Cultura, Economia e Ind\u00fastria Criativas, Mar\u00edlia Marton, esteve em Barretos na abertura do evento.<br \/>\nA programa\u00e7\u00e3o art\u00edstica do Revelando SP ainda contou com grandes nomes da m\u00fasica brasileira e shows do Dem\u00f4nios da Garoa, Guito, Cezar e Paulinho e Thiago Carvalho.<br \/>\nAberta a temporada 2024<br \/>\nA edi\u00e7\u00e3o barretense do Revelando SP \u00e9 a primeira de cinco edi\u00e7\u00f5es que tamb\u00e9m ocorrem nas cidades paulistas de Iguape (13 a 16 de junho), S\u00e3o Jos\u00e9 dos Campos (4 a 7 de julho), Presidente Prudente (8 a 11 de agosto) e S\u00e3o Paulo (12 a 15 de setembro).<br \/>\nA iniciativa \u00e9 do Governo do Estado de S\u00e3o Paulo, por meio de sua Secretaria da Cultura, Economia e Ind\u00fastria Criativas, com gest\u00e3o e produ\u00e7\u00e3o da Associa\u00e7\u00e3o Paulista dos Amigos da Arte. O evento em Barretos foi correalizado pela Prefeitura.<\/p>\n<p>Fotos: Tininho Jr.<\/p>\n","protected":false},"excerpt":{"rendered":"<p>Realizado pela primeira vez na cidade, evento abriu a temporada<\/p>\n","protected":false},"author":2,"featured_media":105246,"comment_status":"open","ping_status":"open","sticky":false,"template":"","format":"standard","meta":{"footnotes":""},"categories":[14,3],"tags":[],"class_list":["post-105245","post","type-post","status-publish","format-standard","has-post-thumbnail","hentry","category-barretos","category-geral"],"yoast_head":"<!-- This site is optimized with the Yoast SEO plugin v27.4 - https:\/\/yoast.com\/product\/yoast-seo-wordpress\/ -->\n<title>Com cl\u00e1ssicos sertanejos, Orquestra Sinf\u00f4nica Municipal de Barretos encanta p\u00fablico do Revelando SP - Regi\u00e3o News<\/title>\n<meta name=\"robots\" content=\"index, follow, max-snippet:-1, max-image-preview:large, max-video-preview:-1\" \/>\n<link rel=\"canonical\" href=\"https:\/\/regiaonews.net.br\/2022\/2024\/05\/20\/com-classicos-sertanejos-orquestra-sinfonica-municipal-de-barretos-encanta-publico-do-revelando-sp\/\" \/>\n<meta property=\"og:locale\" content=\"pt_BR\" \/>\n<meta property=\"og:type\" content=\"article\" \/>\n<meta property=\"og:title\" content=\"Com cl\u00e1ssicos sertanejos, Orquestra Sinf\u00f4nica Municipal de Barretos encanta p\u00fablico do Revelando SP - Regi\u00e3o News\" \/>\n<meta property=\"og:description\" content=\"Realizado pela primeira vez na cidade, evento abriu a temporada\" \/>\n<meta property=\"og:url\" content=\"https:\/\/regiaonews.net.br\/2022\/2024\/05\/20\/com-classicos-sertanejos-orquestra-sinfonica-municipal-de-barretos-encanta-publico-do-revelando-sp\/\" \/>\n<meta property=\"og:site_name\" content=\"Regi\u00e3o News\" \/>\n<meta property=\"article:published_time\" content=\"2024-05-20T20:35:16+00:00\" \/>\n<meta property=\"og:image\" content=\"https:\/\/regiaonews.net.br\/2022\/wp-content\/uploads\/2024\/05\/Imagem-do-WhatsApp-de-2024-05-20-as-16.37.55_58335fa8.jpg\" \/>\n\t<meta property=\"og:image:width\" content=\"1600\" \/>\n\t<meta property=\"og:image:height\" content=\"1069\" \/>\n\t<meta property=\"og:image:type\" content=\"image\/jpeg\" \/>\n<meta name=\"author\" content=\"Roberto\" \/>\n<meta name=\"twitter:card\" content=\"summary_large_image\" \/>\n<meta name=\"twitter:label1\" content=\"Escrito por\" \/>\n\t<meta name=\"twitter:data1\" content=\"Roberto\" \/>\n\t<meta name=\"twitter:label2\" content=\"Est. tempo de leitura\" \/>\n\t<meta name=\"twitter:data2\" content=\"2 minutos\" \/>\n<script type=\"application\/ld+json\" class=\"yoast-schema-graph\">{\"@context\":\"https:\\\/\\\/schema.org\",\"@graph\":[{\"@type\":\"Article\",\"@id\":\"https:\\\/\\\/regiaonews.net.br\\\/2022\\\/2024\\\/05\\\/20\\\/com-classicos-sertanejos-orquestra-sinfonica-municipal-de-barretos-encanta-publico-do-revelando-sp\\\/#article\",\"isPartOf\":{\"@id\":\"https:\\\/\\\/regiaonews.net.br\\\/2022\\\/2024\\\/05\\\/20\\\/com-classicos-sertanejos-orquestra-sinfonica-municipal-de-barretos-encanta-publico-do-revelando-sp\\\/\"},\"author\":{\"name\":\"Roberto\",\"@id\":\"https:\\\/\\\/regiaonews.net.br\\\/2022\\\/#\\\/schema\\\/person\\\/2d205a608a5aa97ac279d7a5e6d89ad8\"},\"headline\":\"Com cl\u00e1ssicos sertanejos, Orquestra Sinf\u00f4nica Municipal de Barretos encanta p\u00fablico do Revelando SP\",\"datePublished\":\"2024-05-20T20:35:16+00:00\",\"mainEntityOfPage\":{\"@id\":\"https:\\\/\\\/regiaonews.net.br\\\/2022\\\/2024\\\/05\\\/20\\\/com-classicos-sertanejos-orquestra-sinfonica-municipal-de-barretos-encanta-publico-do-revelando-sp\\\/\"},\"wordCount\":372,\"commentCount\":0,\"publisher\":{\"@id\":\"https:\\\/\\\/regiaonews.net.br\\\/2022\\\/#organization\"},\"image\":{\"@id\":\"https:\\\/\\\/regiaonews.net.br\\\/2022\\\/2024\\\/05\\\/20\\\/com-classicos-sertanejos-orquestra-sinfonica-municipal-de-barretos-encanta-publico-do-revelando-sp\\\/#primaryimage\"},\"thumbnailUrl\":\"https:\\\/\\\/regiaonews.net.br\\\/2022\\\/wp-content\\\/uploads\\\/2024\\\/05\\\/Imagem-do-WhatsApp-de-2024-05-20-as-16.37.55_58335fa8.jpg\",\"articleSection\":[\"Barretos\",\"Geral\"],\"inLanguage\":\"pt-BR\",\"potentialAction\":[{\"@type\":\"CommentAction\",\"name\":\"Comment\",\"target\":[\"https:\\\/\\\/regiaonews.net.br\\\/2022\\\/2024\\\/05\\\/20\\\/com-classicos-sertanejos-orquestra-sinfonica-municipal-de-barretos-encanta-publico-do-revelando-sp\\\/#respond\"]}]},{\"@type\":\"WebPage\",\"@id\":\"https:\\\/\\\/regiaonews.net.br\\\/2022\\\/2024\\\/05\\\/20\\\/com-classicos-sertanejos-orquestra-sinfonica-municipal-de-barretos-encanta-publico-do-revelando-sp\\\/\",\"url\":\"https:\\\/\\\/regiaonews.net.br\\\/2022\\\/2024\\\/05\\\/20\\\/com-classicos-sertanejos-orquestra-sinfonica-municipal-de-barretos-encanta-publico-do-revelando-sp\\\/\",\"name\":\"Com cl\u00e1ssicos sertanejos, Orquestra Sinf\u00f4nica Municipal de Barretos encanta p\u00fablico do Revelando SP - Regi\u00e3o News\",\"isPartOf\":{\"@id\":\"https:\\\/\\\/regiaonews.net.br\\\/2022\\\/#website\"},\"primaryImageOfPage\":{\"@id\":\"https:\\\/\\\/regiaonews.net.br\\\/2022\\\/2024\\\/05\\\/20\\\/com-classicos-sertanejos-orquestra-sinfonica-municipal-de-barretos-encanta-publico-do-revelando-sp\\\/#primaryimage\"},\"image\":{\"@id\":\"https:\\\/\\\/regiaonews.net.br\\\/2022\\\/2024\\\/05\\\/20\\\/com-classicos-sertanejos-orquestra-sinfonica-municipal-de-barretos-encanta-publico-do-revelando-sp\\\/#primaryimage\"},\"thumbnailUrl\":\"https:\\\/\\\/regiaonews.net.br\\\/2022\\\/wp-content\\\/uploads\\\/2024\\\/05\\\/Imagem-do-WhatsApp-de-2024-05-20-as-16.37.55_58335fa8.jpg\",\"datePublished\":\"2024-05-20T20:35:16+00:00\",\"breadcrumb\":{\"@id\":\"https:\\\/\\\/regiaonews.net.br\\\/2022\\\/2024\\\/05\\\/20\\\/com-classicos-sertanejos-orquestra-sinfonica-municipal-de-barretos-encanta-publico-do-revelando-sp\\\/#breadcrumb\"},\"inLanguage\":\"pt-BR\",\"potentialAction\":[{\"@type\":\"ReadAction\",\"target\":[\"https:\\\/\\\/regiaonews.net.br\\\/2022\\\/2024\\\/05\\\/20\\\/com-classicos-sertanejos-orquestra-sinfonica-municipal-de-barretos-encanta-publico-do-revelando-sp\\\/\"]}]},{\"@type\":\"ImageObject\",\"inLanguage\":\"pt-BR\",\"@id\":\"https:\\\/\\\/regiaonews.net.br\\\/2022\\\/2024\\\/05\\\/20\\\/com-classicos-sertanejos-orquestra-sinfonica-municipal-de-barretos-encanta-publico-do-revelando-sp\\\/#primaryimage\",\"url\":\"https:\\\/\\\/regiaonews.net.br\\\/2022\\\/wp-content\\\/uploads\\\/2024\\\/05\\\/Imagem-do-WhatsApp-de-2024-05-20-as-16.37.55_58335fa8.jpg\",\"contentUrl\":\"https:\\\/\\\/regiaonews.net.br\\\/2022\\\/wp-content\\\/uploads\\\/2024\\\/05\\\/Imagem-do-WhatsApp-de-2024-05-20-as-16.37.55_58335fa8.jpg\",\"width\":1600,\"height\":1069},{\"@type\":\"BreadcrumbList\",\"@id\":\"https:\\\/\\\/regiaonews.net.br\\\/2022\\\/2024\\\/05\\\/20\\\/com-classicos-sertanejos-orquestra-sinfonica-municipal-de-barretos-encanta-publico-do-revelando-sp\\\/#breadcrumb\",\"itemListElement\":[{\"@type\":\"ListItem\",\"position\":1,\"name\":\"In\u00edcio\",\"item\":\"https:\\\/\\\/regiaonews.net.br\\\/2022\\\/\"},{\"@type\":\"ListItem\",\"position\":2,\"name\":\"Com cl\u00e1ssicos sertanejos, Orquestra Sinf\u00f4nica Municipal de Barretos encanta p\u00fablico do Revelando SP\"}]},{\"@type\":\"WebSite\",\"@id\":\"https:\\\/\\\/regiaonews.net.br\\\/2022\\\/#website\",\"url\":\"https:\\\/\\\/regiaonews.net.br\\\/2022\\\/\",\"name\":\"Regi\u00e3o News\",\"description\":\"Site de Not\u00edcias de Barretos e regi\u00e3o\",\"publisher\":{\"@id\":\"https:\\\/\\\/regiaonews.net.br\\\/2022\\\/#organization\"},\"potentialAction\":[{\"@type\":\"SearchAction\",\"target\":{\"@type\":\"EntryPoint\",\"urlTemplate\":\"https:\\\/\\\/regiaonews.net.br\\\/2022\\\/?s={search_term_string}\"},\"query-input\":{\"@type\":\"PropertyValueSpecification\",\"valueRequired\":true,\"valueName\":\"search_term_string\"}}],\"inLanguage\":\"pt-BR\"},{\"@type\":\"Organization\",\"@id\":\"https:\\\/\\\/regiaonews.net.br\\\/2022\\\/#organization\",\"name\":\"Regi\u00e3o News\",\"url\":\"https:\\\/\\\/regiaonews.net.br\\\/2022\\\/\",\"logo\":{\"@type\":\"ImageObject\",\"inLanguage\":\"pt-BR\",\"@id\":\"https:\\\/\\\/regiaonews.net.br\\\/2022\\\/#\\\/schema\\\/logo\\\/image\\\/\",\"url\":\"https:\\\/\\\/regiaonews.net.br\\\/2022\\\/wp-content\\\/uploads\\\/2026\\\/03\\\/regiao-13-anos-scaled.jpg\",\"contentUrl\":\"https:\\\/\\\/regiaonews.net.br\\\/2022\\\/wp-content\\\/uploads\\\/2026\\\/03\\\/regiao-13-anos-scaled.jpg\",\"width\":2560,\"height\":635,\"caption\":\"Regi\u00e3o News\"},\"image\":{\"@id\":\"https:\\\/\\\/regiaonews.net.br\\\/2022\\\/#\\\/schema\\\/logo\\\/image\\\/\"}},{\"@type\":\"Person\",\"@id\":\"https:\\\/\\\/regiaonews.net.br\\\/2022\\\/#\\\/schema\\\/person\\\/2d205a608a5aa97ac279d7a5e6d89ad8\",\"name\":\"Roberto\",\"image\":{\"@type\":\"ImageObject\",\"inLanguage\":\"pt-BR\",\"@id\":\"https:\\\/\\\/secure.gravatar.com\\\/avatar\\\/42749d8b712ff9d59ca93dc150494e5b55a44134482993f5baeb97e61b7ecc89?s=96&d=mm&r=g\",\"url\":\"https:\\\/\\\/secure.gravatar.com\\\/avatar\\\/42749d8b712ff9d59ca93dc150494e5b55a44134482993f5baeb97e61b7ecc89?s=96&d=mm&r=g\",\"contentUrl\":\"https:\\\/\\\/secure.gravatar.com\\\/avatar\\\/42749d8b712ff9d59ca93dc150494e5b55a44134482993f5baeb97e61b7ecc89?s=96&d=mm&r=g\",\"caption\":\"Roberto\"},\"url\":\"https:\\\/\\\/regiaonews.net.br\\\/2022\\\/author\\\/roberto\\\/\"}]}<\/script>\n<!-- \/ Yoast SEO plugin. -->","yoast_head_json":{"title":"Com cl\u00e1ssicos sertanejos, Orquestra Sinf\u00f4nica Municipal de Barretos encanta p\u00fablico do Revelando SP - Regi\u00e3o News","robots":{"index":"index","follow":"follow","max-snippet":"max-snippet:-1","max-image-preview":"max-image-preview:large","max-video-preview":"max-video-preview:-1"},"canonical":"https:\/\/regiaonews.net.br\/2022\/2024\/05\/20\/com-classicos-sertanejos-orquestra-sinfonica-municipal-de-barretos-encanta-publico-do-revelando-sp\/","og_locale":"pt_BR","og_type":"article","og_title":"Com cl\u00e1ssicos sertanejos, Orquestra Sinf\u00f4nica Municipal de Barretos encanta p\u00fablico do Revelando SP - Regi\u00e3o News","og_description":"Realizado pela primeira vez na cidade, evento abriu a temporada","og_url":"https:\/\/regiaonews.net.br\/2022\/2024\/05\/20\/com-classicos-sertanejos-orquestra-sinfonica-municipal-de-barretos-encanta-publico-do-revelando-sp\/","og_site_name":"Regi\u00e3o News","article_published_time":"2024-05-20T20:35:16+00:00","og_image":[{"width":1600,"height":1069,"url":"https:\/\/regiaonews.net.br\/2022\/wp-content\/uploads\/2024\/05\/Imagem-do-WhatsApp-de-2024-05-20-as-16.37.55_58335fa8.jpg","type":"image\/jpeg"}],"author":"Roberto","twitter_card":"summary_large_image","twitter_misc":{"Escrito por":"Roberto","Est. tempo de leitura":"2 minutos"},"schema":{"@context":"https:\/\/schema.org","@graph":[{"@type":"Article","@id":"https:\/\/regiaonews.net.br\/2022\/2024\/05\/20\/com-classicos-sertanejos-orquestra-sinfonica-municipal-de-barretos-encanta-publico-do-revelando-sp\/#article","isPartOf":{"@id":"https:\/\/regiaonews.net.br\/2022\/2024\/05\/20\/com-classicos-sertanejos-orquestra-sinfonica-municipal-de-barretos-encanta-publico-do-revelando-sp\/"},"author":{"name":"Roberto","@id":"https:\/\/regiaonews.net.br\/2022\/#\/schema\/person\/2d205a608a5aa97ac279d7a5e6d89ad8"},"headline":"Com cl\u00e1ssicos sertanejos, Orquestra Sinf\u00f4nica Municipal de Barretos encanta p\u00fablico do Revelando SP","datePublished":"2024-05-20T20:35:16+00:00","mainEntityOfPage":{"@id":"https:\/\/regiaonews.net.br\/2022\/2024\/05\/20\/com-classicos-sertanejos-orquestra-sinfonica-municipal-de-barretos-encanta-publico-do-revelando-sp\/"},"wordCount":372,"commentCount":0,"publisher":{"@id":"https:\/\/regiaonews.net.br\/2022\/#organization"},"image":{"@id":"https:\/\/regiaonews.net.br\/2022\/2024\/05\/20\/com-classicos-sertanejos-orquestra-sinfonica-municipal-de-barretos-encanta-publico-do-revelando-sp\/#primaryimage"},"thumbnailUrl":"https:\/\/regiaonews.net.br\/2022\/wp-content\/uploads\/2024\/05\/Imagem-do-WhatsApp-de-2024-05-20-as-16.37.55_58335fa8.jpg","articleSection":["Barretos","Geral"],"inLanguage":"pt-BR","potentialAction":[{"@type":"CommentAction","name":"Comment","target":["https:\/\/regiaonews.net.br\/2022\/2024\/05\/20\/com-classicos-sertanejos-orquestra-sinfonica-municipal-de-barretos-encanta-publico-do-revelando-sp\/#respond"]}]},{"@type":"WebPage","@id":"https:\/\/regiaonews.net.br\/2022\/2024\/05\/20\/com-classicos-sertanejos-orquestra-sinfonica-municipal-de-barretos-encanta-publico-do-revelando-sp\/","url":"https:\/\/regiaonews.net.br\/2022\/2024\/05\/20\/com-classicos-sertanejos-orquestra-sinfonica-municipal-de-barretos-encanta-publico-do-revelando-sp\/","name":"Com cl\u00e1ssicos sertanejos, Orquestra Sinf\u00f4nica Municipal de Barretos encanta p\u00fablico do Revelando SP - Regi\u00e3o News","isPartOf":{"@id":"https:\/\/regiaonews.net.br\/2022\/#website"},"primaryImageOfPage":{"@id":"https:\/\/regiaonews.net.br\/2022\/2024\/05\/20\/com-classicos-sertanejos-orquestra-sinfonica-municipal-de-barretos-encanta-publico-do-revelando-sp\/#primaryimage"},"image":{"@id":"https:\/\/regiaonews.net.br\/2022\/2024\/05\/20\/com-classicos-sertanejos-orquestra-sinfonica-municipal-de-barretos-encanta-publico-do-revelando-sp\/#primaryimage"},"thumbnailUrl":"https:\/\/regiaonews.net.br\/2022\/wp-content\/uploads\/2024\/05\/Imagem-do-WhatsApp-de-2024-05-20-as-16.37.55_58335fa8.jpg","datePublished":"2024-05-20T20:35:16+00:00","breadcrumb":{"@id":"https:\/\/regiaonews.net.br\/2022\/2024\/05\/20\/com-classicos-sertanejos-orquestra-sinfonica-municipal-de-barretos-encanta-publico-do-revelando-sp\/#breadcrumb"},"inLanguage":"pt-BR","potentialAction":[{"@type":"ReadAction","target":["https:\/\/regiaonews.net.br\/2022\/2024\/05\/20\/com-classicos-sertanejos-orquestra-sinfonica-municipal-de-barretos-encanta-publico-do-revelando-sp\/"]}]},{"@type":"ImageObject","inLanguage":"pt-BR","@id":"https:\/\/regiaonews.net.br\/2022\/2024\/05\/20\/com-classicos-sertanejos-orquestra-sinfonica-municipal-de-barretos-encanta-publico-do-revelando-sp\/#primaryimage","url":"https:\/\/regiaonews.net.br\/2022\/wp-content\/uploads\/2024\/05\/Imagem-do-WhatsApp-de-2024-05-20-as-16.37.55_58335fa8.jpg","contentUrl":"https:\/\/regiaonews.net.br\/2022\/wp-content\/uploads\/2024\/05\/Imagem-do-WhatsApp-de-2024-05-20-as-16.37.55_58335fa8.jpg","width":1600,"height":1069},{"@type":"BreadcrumbList","@id":"https:\/\/regiaonews.net.br\/2022\/2024\/05\/20\/com-classicos-sertanejos-orquestra-sinfonica-municipal-de-barretos-encanta-publico-do-revelando-sp\/#breadcrumb","itemListElement":[{"@type":"ListItem","position":1,"name":"In\u00edcio","item":"https:\/\/regiaonews.net.br\/2022\/"},{"@type":"ListItem","position":2,"name":"Com cl\u00e1ssicos sertanejos, Orquestra Sinf\u00f4nica Municipal de Barretos encanta p\u00fablico do Revelando SP"}]},{"@type":"WebSite","@id":"https:\/\/regiaonews.net.br\/2022\/#website","url":"https:\/\/regiaonews.net.br\/2022\/","name":"Regi\u00e3o News","description":"Site de Not\u00edcias de Barretos e regi\u00e3o","publisher":{"@id":"https:\/\/regiaonews.net.br\/2022\/#organization"},"potentialAction":[{"@type":"SearchAction","target":{"@type":"EntryPoint","urlTemplate":"https:\/\/regiaonews.net.br\/2022\/?s={search_term_string}"},"query-input":{"@type":"PropertyValueSpecification","valueRequired":true,"valueName":"search_term_string"}}],"inLanguage":"pt-BR"},{"@type":"Organization","@id":"https:\/\/regiaonews.net.br\/2022\/#organization","name":"Regi\u00e3o News","url":"https:\/\/regiaonews.net.br\/2022\/","logo":{"@type":"ImageObject","inLanguage":"pt-BR","@id":"https:\/\/regiaonews.net.br\/2022\/#\/schema\/logo\/image\/","url":"https:\/\/regiaonews.net.br\/2022\/wp-content\/uploads\/2026\/03\/regiao-13-anos-scaled.jpg","contentUrl":"https:\/\/regiaonews.net.br\/2022\/wp-content\/uploads\/2026\/03\/regiao-13-anos-scaled.jpg","width":2560,"height":635,"caption":"Regi\u00e3o News"},"image":{"@id":"https:\/\/regiaonews.net.br\/2022\/#\/schema\/logo\/image\/"}},{"@type":"Person","@id":"https:\/\/regiaonews.net.br\/2022\/#\/schema\/person\/2d205a608a5aa97ac279d7a5e6d89ad8","name":"Roberto","image":{"@type":"ImageObject","inLanguage":"pt-BR","@id":"https:\/\/secure.gravatar.com\/avatar\/42749d8b712ff9d59ca93dc150494e5b55a44134482993f5baeb97e61b7ecc89?s=96&d=mm&r=g","url":"https:\/\/secure.gravatar.com\/avatar\/42749d8b712ff9d59ca93dc150494e5b55a44134482993f5baeb97e61b7ecc89?s=96&d=mm&r=g","contentUrl":"https:\/\/secure.gravatar.com\/avatar\/42749d8b712ff9d59ca93dc150494e5b55a44134482993f5baeb97e61b7ecc89?s=96&d=mm&r=g","caption":"Roberto"},"url":"https:\/\/regiaonews.net.br\/2022\/author\/roberto\/"}]}},"publishpress_future_action":{"enabled":false,"date":"2026-05-03 08:37:20","action":"change-status","newStatus":"draft","terms":[],"taxonomy":"category","extraData":[]},"publishpress_future_workflow_manual_trigger":{"enabledWorkflows":[]},"_links":{"self":[{"href":"https:\/\/regiaonews.net.br\/2022\/wp-json\/wp\/v2\/posts\/105245","targetHints":{"allow":["GET"]}}],"collection":[{"href":"https:\/\/regiaonews.net.br\/2022\/wp-json\/wp\/v2\/posts"}],"about":[{"href":"https:\/\/regiaonews.net.br\/2022\/wp-json\/wp\/v2\/types\/post"}],"author":[{"embeddable":true,"href":"https:\/\/regiaonews.net.br\/2022\/wp-json\/wp\/v2\/users\/2"}],"replies":[{"embeddable":true,"href":"https:\/\/regiaonews.net.br\/2022\/wp-json\/wp\/v2\/comments?post=105245"}],"version-history":[{"count":1,"href":"https:\/\/regiaonews.net.br\/2022\/wp-json\/wp\/v2\/posts\/105245\/revisions"}],"predecessor-version":[{"id":105247,"href":"https:\/\/regiaonews.net.br\/2022\/wp-json\/wp\/v2\/posts\/105245\/revisions\/105247"}],"wp:featuredmedia":[{"embeddable":true,"href":"https:\/\/regiaonews.net.br\/2022\/wp-json\/wp\/v2\/media\/105246"}],"wp:attachment":[{"href":"https:\/\/regiaonews.net.br\/2022\/wp-json\/wp\/v2\/media?parent=105245"}],"wp:term":[{"taxonomy":"category","embeddable":true,"href":"https:\/\/regiaonews.net.br\/2022\/wp-json\/wp\/v2\/categories?post=105245"},{"taxonomy":"post_tag","embeddable":true,"href":"https:\/\/regiaonews.net.br\/2022\/wp-json\/wp\/v2\/tags?post=105245"}],"curies":[{"name":"wp","href":"https:\/\/api.w.org\/{rel}","templated":true}]}}