{"id":105242,"date":"2024-05-20T17:34:34","date_gmt":"2024-05-20T20:34:34","guid":{"rendered":"https:\/\/regiaonews.net.br\/2022\/?p=105242"},"modified":"2024-05-20T17:34:34","modified_gmt":"2024-05-20T20:34:34","slug":"campeonato-pan-americano-de-ciclismo-de-estrada-sera-realizado-em-sao-jose-dos-campos-com-apoio-do-governo-do-estado-de-sao-paulo","status":"publish","type":"post","link":"https:\/\/regiaonews.net.br\/2022\/2024\/05\/20\/campeonato-pan-americano-de-ciclismo-de-estrada-sera-realizado-em-sao-jose-dos-campos-com-apoio-do-governo-do-estado-de-sao-paulo\/","title":{"rendered":"Campeonato Pan-Americano de Ciclismo de Estrada ser\u00e1 realizado em S\u00e3o Jos\u00e9 dos Campos com apoio do Governo do Estado de S\u00e3o Paulo"},"content":{"rendered":"<h3 style=\"text-align: center;\">Deputado Sebasti\u00e3o Santos foi o principal articulador na indica\u00e7\u00e3o dos recursos para a realiza\u00e7\u00e3o do evento<\/h3>\n<p>Um dos principais eventos que marca o ciclismo internacional valendo \u00edndice para os Jogos Ol\u00edmpicos de Paris, ser\u00e1 disputado nesta semana de 20 a 26 de maio, em S\u00e3o Jos\u00e9 dos Campos. O Campeonato Pan-Americano de Ciclismo de Estrada \u00e9 uma organiza\u00e7\u00e3o e realiza\u00e7\u00e3o da Confedera\u00e7\u00e3o Brasileira de Ciclismo (CBC) e Federa\u00e7\u00e3o Paulista de Ciclismo (FPCiclismo) com supervis\u00e3o da Confedera\u00e7\u00e3o Pan-Americana de Ciclismo (COPACI) e apoio da Prefeitura Municipal de S\u00e3o Jos\u00e9 dos Campos e Governo do Estado de S\u00e3o Paulo, pela Secretaria de Esportes do Estado de S\u00e3o Paulo, Pol\u00edcia Militar Rodovi\u00e1ria Estadual, Ecopistas e Artesp, onde reunir\u00e1 ciclistas de 31 pa\u00edses para as disputas de Contrarrel\u00f3gio Individual e Resist\u00eancia.<\/p>\n<p>O respons\u00e1vel pela articula\u00e7\u00e3o juntamente ao Governador Tarc\u00edsio de Freitas e ao vice-Governador, Fel\u00edcio Ramuth, na indica\u00e7\u00e3o dos recursos para realiza\u00e7\u00e3o do evento, o deputado estadual Sebasti\u00e3o Santos (Republicanos), que \u00e9 presidente da Frente Parlamentar de Mobilidade Ciclovi\u00e1ria, pontuou sobre a import\u00e2ncia do retorno da realiza\u00e7\u00e3o do evento em n\u00edvel internacional. \u201cO Estado de S\u00e3o Paulo volta a sediar uma prova no patamar internacional, reunindo 31 pa\u00edses, para disputa de diversas categorias nas modalidades contrarrel\u00f3gio individual e resist\u00eancia. Apoiamos o ciclismo e batalhamos para que esse esporte se torne cada vez mais reconhecido mundialmente\u201d, comentou.<\/p>\n<p>Sebasti\u00e3o destaca ainda a parceria do Governo Estadual e a Federa\u00e7\u00e3o Paulista de Ciclismo, na indica\u00e7\u00e3o de S\u00e3o Jos\u00e9 dos Campos para realiza\u00e7\u00e3o do campeonato. \u201cEstivemos diversas vezes com Governador Tarc\u00edsio e com o Vice Ramuth, destacando a import\u00e2ncia desse evento em n\u00edvel internacional, al\u00e9m de movimentar o esporte, o turismo ganha destaque mundial sobre o nosso Estado\u201d, disse.<\/p>\n<p>O presidente da Federa\u00e7\u00e3o Paulista de Ciclismo, Jos\u00e9 Cl\u00e1udio Facex, ressaltou o apoio e empenho do deputado Sebasti\u00e3o Santos junto ao Governo Estadual. \u201cQueremos destacar e agradecer o Governo do Estado de S\u00e3o Paulo e o deputado e presidente da Frente Parlamentar de Mobilidade Ciclovi\u00e1ria, Sebasti\u00e3o Santos, um verdadeiro amigo do ciclismo, pelo apoio para a realiza\u00e7\u00e3o deste grande evento\u201d, diz.<\/p>\n<p>O campeonato contar\u00e1 com 357 atletas das categorias Elite Masculino, Elite Feminino, Sub-23 Masculino, J\u00fanior Masculino e J\u00fanior Feminino. Ser\u00e1 uma semana intensa para o ciclismo, com disputas que prometem elevar o n\u00edvel t\u00e9cnico dos competidores. A arena do evento, na qual ocorrer\u00e3o as largadas e chegadas, ser\u00e1 na Via Cambu\u00ed, em frente a Faculdade Humanitas.<\/p>\n<p>O Brasil ter\u00e1 a maior delega\u00e7\u00e3o, com 30 ciclistas, seguido do Chile, com 27, Col\u00f4mbia e Equador, ambos com 26, e Panam\u00e1, com 24. As demais na\u00e7\u00f5es confirmadas s\u00e3o: Bol\u00edvia, Rep\u00fablica Dominicana, Costa Rica, Uruguai, Belize, Argentina, Porto Rico, M\u00e9xico, Guatemala, Nicar\u00e1gua, Cuba, Peru, Estados Unidos, Jamaica, Paraguai, Venezuela, Bermudas, El Salvador, S\u00e3o Vicente e Granadinas, Anguila, Dominica, Ilhas Cayman, Granada, Ilhas Virgens, Honduras e Guiana.<\/p>\n<p>Entre os favoritos est\u00e3o os brasileiros: Igor Molina, atleta do Clube de Ciclismo de S\u00e3o Jos\u00e9 dos Campos, Wellyda Rodrigues, atleta da equipe de Pindamonhangaba Cycling Team, Ana Paula Polegatch, atleta da equipe de Pind amonhangaba (UniFunvic), Nicolas Sessler, Andr\u00e9 Gohr, Kleber Silva e Ana Vit\u00f3ria Guimar\u00e3es.<br \/>\nJ\u00e1 entre os ciclistas internacionais est\u00e3o: Pier-Andre Cote (Canada), Vicente Rojas (Chile), Skyler Schneider (EUA), Kevin Navas (Equador), Marian Londono (Col\u00f4mbia), Hector Quintana (Chile), Amber Nebem (EUA), Robinson Rincon (Col\u00f4mbia), Juliana Londono (Col\u00f4mbia).<\/p>\n<p>Percurso da prova<br \/>\nO percurso b\u00e1sico das provas de Resist\u00eancia sai da arena montada na Via Cambu\u00ed, em frente \u00e0 Faculdade Humanitas, e os atletas seguir\u00e3o at\u00e9 o trevo do Bairro Putim, entrando na Rodovia dos Tamoios (SP099) no km 7. Dali, seguem pelas Rodovias Carvalho Pinto e Ayrton Senna (SP070) e at\u00e9 sa\u00edda para a Rodovia Presidente Dutra. Para o retorno, os atletas vir\u00e3o das Rodovias Carvalho Pinto e Ayrton, adentrando a Rodovia dos Tamoios pela Pista Norte, e no km 7, mais 900 metros, Norte. No acesso ao Bairro S\u00e3o Judas, acessam a \u00e1rea urbana, seguindo at\u00e9 a via Cambu\u00ed, onde estar\u00e1 montada a estrutura de chegada, defronte \u00e0 Faculdade Humanitas.<\/p>\n<p>Na foto: Presidente da Federa\u00e7\u00e3o Paulista de Ciclismo, Jos\u00e9 Cl\u00e1udio Facex, Vice-Governador Fel\u00edcio Ramuth e o Deputado Sebasti\u00e3o Santos<\/p>\n<p>Texto: Abrah\u00e3o Hackme \/ Assessor de Imprensa \u2013 Deputado Estadual Sebasti\u00e3o Santos (Republicanos)<\/p>\n","protected":false},"excerpt":{"rendered":"<p>Deputado Sebasti\u00e3o Santos foi o principal articulador na indica\u00e7\u00e3o dos<\/p>\n","protected":false},"author":2,"featured_media":105243,"comment_status":"open","ping_status":"open","sticky":false,"template":"","format":"standard","meta":{"footnotes":""},"categories":[14,3],"tags":[],"class_list":["post-105242","post","type-post","status-publish","format-standard","has-post-thumbnail","hentry","category-barretos","category-geral"],"yoast_head":"<!-- This site is optimized with the Yoast SEO plugin v27.4 - https:\/\/yoast.com\/product\/yoast-seo-wordpress\/ -->\n<title>Campeonato Pan-Americano de Ciclismo de Estrada ser\u00e1 realizado em S\u00e3o Jos\u00e9 dos Campos com apoio do Governo do Estado de S\u00e3o Paulo - Regi\u00e3o News<\/title>\n<meta name=\"robots\" content=\"index, follow, max-snippet:-1, max-image-preview:large, max-video-preview:-1\" \/>\n<link rel=\"canonical\" href=\"https:\/\/regiaonews.net.br\/2022\/2024\/05\/20\/campeonato-pan-americano-de-ciclismo-de-estrada-sera-realizado-em-sao-jose-dos-campos-com-apoio-do-governo-do-estado-de-sao-paulo\/\" \/>\n<meta property=\"og:locale\" content=\"pt_BR\" \/>\n<meta property=\"og:type\" content=\"article\" \/>\n<meta property=\"og:title\" content=\"Campeonato Pan-Americano de Ciclismo de Estrada ser\u00e1 realizado em S\u00e3o Jos\u00e9 dos Campos com apoio do Governo do Estado de S\u00e3o Paulo - Regi\u00e3o News\" \/>\n<meta property=\"og:description\" content=\"Deputado Sebasti\u00e3o Santos foi o principal articulador na indica\u00e7\u00e3o dos\" \/>\n<meta property=\"og:url\" content=\"https:\/\/regiaonews.net.br\/2022\/2024\/05\/20\/campeonato-pan-americano-de-ciclismo-de-estrada-sera-realizado-em-sao-jose-dos-campos-com-apoio-do-governo-do-estado-de-sao-paulo\/\" \/>\n<meta property=\"og:site_name\" content=\"Regi\u00e3o News\" \/>\n<meta property=\"article:published_time\" content=\"2024-05-20T20:34:34+00:00\" \/>\n<meta property=\"og:image\" content=\"https:\/\/regiaonews.net.br\/2022\/wp-content\/uploads\/2024\/05\/Imagem-do-WhatsApp-de-2024-05-20-as-16.17.40_ffb3370d.jpg\" \/>\n\t<meta property=\"og:image:width\" content=\"1600\" \/>\n\t<meta property=\"og:image:height\" content=\"1066\" \/>\n\t<meta property=\"og:image:type\" content=\"image\/jpeg\" \/>\n<meta name=\"author\" content=\"Roberto\" \/>\n<meta name=\"twitter:card\" content=\"summary_large_image\" \/>\n<meta name=\"twitter:label1\" content=\"Escrito por\" \/>\n\t<meta name=\"twitter:data1\" content=\"Roberto\" \/>\n\t<meta name=\"twitter:label2\" content=\"Est. tempo de leitura\" \/>\n\t<meta name=\"twitter:data2\" content=\"4 minutos\" \/>\n<script type=\"application\/ld+json\" class=\"yoast-schema-graph\">{\"@context\":\"https:\\\/\\\/schema.org\",\"@graph\":[{\"@type\":\"Article\",\"@id\":\"https:\\\/\\\/regiaonews.net.br\\\/2022\\\/2024\\\/05\\\/20\\\/campeonato-pan-americano-de-ciclismo-de-estrada-sera-realizado-em-sao-jose-dos-campos-com-apoio-do-governo-do-estado-de-sao-paulo\\\/#article\",\"isPartOf\":{\"@id\":\"https:\\\/\\\/regiaonews.net.br\\\/2022\\\/2024\\\/05\\\/20\\\/campeonato-pan-americano-de-ciclismo-de-estrada-sera-realizado-em-sao-jose-dos-campos-com-apoio-do-governo-do-estado-de-sao-paulo\\\/\"},\"author\":{\"name\":\"Roberto\",\"@id\":\"https:\\\/\\\/regiaonews.net.br\\\/2022\\\/#\\\/schema\\\/person\\\/2d205a608a5aa97ac279d7a5e6d89ad8\"},\"headline\":\"Campeonato Pan-Americano de Ciclismo de Estrada ser\u00e1 realizado em S\u00e3o Jos\u00e9 dos Campos com apoio do Governo do Estado de S\u00e3o Paulo\",\"datePublished\":\"2024-05-20T20:34:34+00:00\",\"mainEntityOfPage\":{\"@id\":\"https:\\\/\\\/regiaonews.net.br\\\/2022\\\/2024\\\/05\\\/20\\\/campeonato-pan-americano-de-ciclismo-de-estrada-sera-realizado-em-sao-jose-dos-campos-com-apoio-do-governo-do-estado-de-sao-paulo\\\/\"},\"wordCount\":779,\"commentCount\":0,\"publisher\":{\"@id\":\"https:\\\/\\\/regiaonews.net.br\\\/2022\\\/#organization\"},\"image\":{\"@id\":\"https:\\\/\\\/regiaonews.net.br\\\/2022\\\/2024\\\/05\\\/20\\\/campeonato-pan-americano-de-ciclismo-de-estrada-sera-realizado-em-sao-jose-dos-campos-com-apoio-do-governo-do-estado-de-sao-paulo\\\/#primaryimage\"},\"thumbnailUrl\":\"https:\\\/\\\/regiaonews.net.br\\\/2022\\\/wp-content\\\/uploads\\\/2024\\\/05\\\/Imagem-do-WhatsApp-de-2024-05-20-as-16.17.40_ffb3370d.jpg\",\"articleSection\":[\"Barretos\",\"Geral\"],\"inLanguage\":\"pt-BR\",\"potentialAction\":[{\"@type\":\"CommentAction\",\"name\":\"Comment\",\"target\":[\"https:\\\/\\\/regiaonews.net.br\\\/2022\\\/2024\\\/05\\\/20\\\/campeonato-pan-americano-de-ciclismo-de-estrada-sera-realizado-em-sao-jose-dos-campos-com-apoio-do-governo-do-estado-de-sao-paulo\\\/#respond\"]}]},{\"@type\":\"WebPage\",\"@id\":\"https:\\\/\\\/regiaonews.net.br\\\/2022\\\/2024\\\/05\\\/20\\\/campeonato-pan-americano-de-ciclismo-de-estrada-sera-realizado-em-sao-jose-dos-campos-com-apoio-do-governo-do-estado-de-sao-paulo\\\/\",\"url\":\"https:\\\/\\\/regiaonews.net.br\\\/2022\\\/2024\\\/05\\\/20\\\/campeonato-pan-americano-de-ciclismo-de-estrada-sera-realizado-em-sao-jose-dos-campos-com-apoio-do-governo-do-estado-de-sao-paulo\\\/\",\"name\":\"Campeonato Pan-Americano de Ciclismo de Estrada ser\u00e1 realizado em S\u00e3o Jos\u00e9 dos Campos com apoio do Governo do Estado de S\u00e3o Paulo - Regi\u00e3o News\",\"isPartOf\":{\"@id\":\"https:\\\/\\\/regiaonews.net.br\\\/2022\\\/#website\"},\"primaryImageOfPage\":{\"@id\":\"https:\\\/\\\/regiaonews.net.br\\\/2022\\\/2024\\\/05\\\/20\\\/campeonato-pan-americano-de-ciclismo-de-estrada-sera-realizado-em-sao-jose-dos-campos-com-apoio-do-governo-do-estado-de-sao-paulo\\\/#primaryimage\"},\"image\":{\"@id\":\"https:\\\/\\\/regiaonews.net.br\\\/2022\\\/2024\\\/05\\\/20\\\/campeonato-pan-americano-de-ciclismo-de-estrada-sera-realizado-em-sao-jose-dos-campos-com-apoio-do-governo-do-estado-de-sao-paulo\\\/#primaryimage\"},\"thumbnailUrl\":\"https:\\\/\\\/regiaonews.net.br\\\/2022\\\/wp-content\\\/uploads\\\/2024\\\/05\\\/Imagem-do-WhatsApp-de-2024-05-20-as-16.17.40_ffb3370d.jpg\",\"datePublished\":\"2024-05-20T20:34:34+00:00\",\"breadcrumb\":{\"@id\":\"https:\\\/\\\/regiaonews.net.br\\\/2022\\\/2024\\\/05\\\/20\\\/campeonato-pan-americano-de-ciclismo-de-estrada-sera-realizado-em-sao-jose-dos-campos-com-apoio-do-governo-do-estado-de-sao-paulo\\\/#breadcrumb\"},\"inLanguage\":\"pt-BR\",\"potentialAction\":[{\"@type\":\"ReadAction\",\"target\":[\"https:\\\/\\\/regiaonews.net.br\\\/2022\\\/2024\\\/05\\\/20\\\/campeonato-pan-americano-de-ciclismo-de-estrada-sera-realizado-em-sao-jose-dos-campos-com-apoio-do-governo-do-estado-de-sao-paulo\\\/\"]}]},{\"@type\":\"ImageObject\",\"inLanguage\":\"pt-BR\",\"@id\":\"https:\\\/\\\/regiaonews.net.br\\\/2022\\\/2024\\\/05\\\/20\\\/campeonato-pan-americano-de-ciclismo-de-estrada-sera-realizado-em-sao-jose-dos-campos-com-apoio-do-governo-do-estado-de-sao-paulo\\\/#primaryimage\",\"url\":\"https:\\\/\\\/regiaonews.net.br\\\/2022\\\/wp-content\\\/uploads\\\/2024\\\/05\\\/Imagem-do-WhatsApp-de-2024-05-20-as-16.17.40_ffb3370d.jpg\",\"contentUrl\":\"https:\\\/\\\/regiaonews.net.br\\\/2022\\\/wp-content\\\/uploads\\\/2024\\\/05\\\/Imagem-do-WhatsApp-de-2024-05-20-as-16.17.40_ffb3370d.jpg\",\"width\":1600,\"height\":1066},{\"@type\":\"BreadcrumbList\",\"@id\":\"https:\\\/\\\/regiaonews.net.br\\\/2022\\\/2024\\\/05\\\/20\\\/campeonato-pan-americano-de-ciclismo-de-estrada-sera-realizado-em-sao-jose-dos-campos-com-apoio-do-governo-do-estado-de-sao-paulo\\\/#breadcrumb\",\"itemListElement\":[{\"@type\":\"ListItem\",\"position\":1,\"name\":\"In\u00edcio\",\"item\":\"https:\\\/\\\/regiaonews.net.br\\\/2022\\\/\"},{\"@type\":\"ListItem\",\"position\":2,\"name\":\"Campeonato Pan-Americano de Ciclismo de Estrada ser\u00e1 realizado em S\u00e3o Jos\u00e9 dos Campos com apoio do Governo do Estado de S\u00e3o Paulo\"}]},{\"@type\":\"WebSite\",\"@id\":\"https:\\\/\\\/regiaonews.net.br\\\/2022\\\/#website\",\"url\":\"https:\\\/\\\/regiaonews.net.br\\\/2022\\\/\",\"name\":\"Regi\u00e3o News\",\"description\":\"Site de Not\u00edcias de Barretos e regi\u00e3o\",\"publisher\":{\"@id\":\"https:\\\/\\\/regiaonews.net.br\\\/2022\\\/#organization\"},\"potentialAction\":[{\"@type\":\"SearchAction\",\"target\":{\"@type\":\"EntryPoint\",\"urlTemplate\":\"https:\\\/\\\/regiaonews.net.br\\\/2022\\\/?s={search_term_string}\"},\"query-input\":{\"@type\":\"PropertyValueSpecification\",\"valueRequired\":true,\"valueName\":\"search_term_string\"}}],\"inLanguage\":\"pt-BR\"},{\"@type\":\"Organization\",\"@id\":\"https:\\\/\\\/regiaonews.net.br\\\/2022\\\/#organization\",\"name\":\"Regi\u00e3o News\",\"url\":\"https:\\\/\\\/regiaonews.net.br\\\/2022\\\/\",\"logo\":{\"@type\":\"ImageObject\",\"inLanguage\":\"pt-BR\",\"@id\":\"https:\\\/\\\/regiaonews.net.br\\\/2022\\\/#\\\/schema\\\/logo\\\/image\\\/\",\"url\":\"https:\\\/\\\/regiaonews.net.br\\\/2022\\\/wp-content\\\/uploads\\\/2026\\\/03\\\/regiao-13-anos-scaled.jpg\",\"contentUrl\":\"https:\\\/\\\/regiaonews.net.br\\\/2022\\\/wp-content\\\/uploads\\\/2026\\\/03\\\/regiao-13-anos-scaled.jpg\",\"width\":2560,\"height\":635,\"caption\":\"Regi\u00e3o News\"},\"image\":{\"@id\":\"https:\\\/\\\/regiaonews.net.br\\\/2022\\\/#\\\/schema\\\/logo\\\/image\\\/\"}},{\"@type\":\"Person\",\"@id\":\"https:\\\/\\\/regiaonews.net.br\\\/2022\\\/#\\\/schema\\\/person\\\/2d205a608a5aa97ac279d7a5e6d89ad8\",\"name\":\"Roberto\",\"image\":{\"@type\":\"ImageObject\",\"inLanguage\":\"pt-BR\",\"@id\":\"https:\\\/\\\/secure.gravatar.com\\\/avatar\\\/42749d8b712ff9d59ca93dc150494e5b55a44134482993f5baeb97e61b7ecc89?s=96&d=mm&r=g\",\"url\":\"https:\\\/\\\/secure.gravatar.com\\\/avatar\\\/42749d8b712ff9d59ca93dc150494e5b55a44134482993f5baeb97e61b7ecc89?s=96&d=mm&r=g\",\"contentUrl\":\"https:\\\/\\\/secure.gravatar.com\\\/avatar\\\/42749d8b712ff9d59ca93dc150494e5b55a44134482993f5baeb97e61b7ecc89?s=96&d=mm&r=g\",\"caption\":\"Roberto\"},\"url\":\"https:\\\/\\\/regiaonews.net.br\\\/2022\\\/author\\\/roberto\\\/\"}]}<\/script>\n<!-- \/ Yoast SEO plugin. -->","yoast_head_json":{"title":"Campeonato Pan-Americano de Ciclismo de Estrada ser\u00e1 realizado em S\u00e3o Jos\u00e9 dos Campos com apoio do Governo do Estado de S\u00e3o Paulo - Regi\u00e3o News","robots":{"index":"index","follow":"follow","max-snippet":"max-snippet:-1","max-image-preview":"max-image-preview:large","max-video-preview":"max-video-preview:-1"},"canonical":"https:\/\/regiaonews.net.br\/2022\/2024\/05\/20\/campeonato-pan-americano-de-ciclismo-de-estrada-sera-realizado-em-sao-jose-dos-campos-com-apoio-do-governo-do-estado-de-sao-paulo\/","og_locale":"pt_BR","og_type":"article","og_title":"Campeonato Pan-Americano de Ciclismo de Estrada ser\u00e1 realizado em S\u00e3o Jos\u00e9 dos Campos com apoio do Governo do Estado de S\u00e3o Paulo - Regi\u00e3o News","og_description":"Deputado Sebasti\u00e3o Santos foi o principal articulador na indica\u00e7\u00e3o dos","og_url":"https:\/\/regiaonews.net.br\/2022\/2024\/05\/20\/campeonato-pan-americano-de-ciclismo-de-estrada-sera-realizado-em-sao-jose-dos-campos-com-apoio-do-governo-do-estado-de-sao-paulo\/","og_site_name":"Regi\u00e3o News","article_published_time":"2024-05-20T20:34:34+00:00","og_image":[{"width":1600,"height":1066,"url":"https:\/\/regiaonews.net.br\/2022\/wp-content\/uploads\/2024\/05\/Imagem-do-WhatsApp-de-2024-05-20-as-16.17.40_ffb3370d.jpg","type":"image\/jpeg"}],"author":"Roberto","twitter_card":"summary_large_image","twitter_misc":{"Escrito por":"Roberto","Est. tempo de leitura":"4 minutos"},"schema":{"@context":"https:\/\/schema.org","@graph":[{"@type":"Article","@id":"https:\/\/regiaonews.net.br\/2022\/2024\/05\/20\/campeonato-pan-americano-de-ciclismo-de-estrada-sera-realizado-em-sao-jose-dos-campos-com-apoio-do-governo-do-estado-de-sao-paulo\/#article","isPartOf":{"@id":"https:\/\/regiaonews.net.br\/2022\/2024\/05\/20\/campeonato-pan-americano-de-ciclismo-de-estrada-sera-realizado-em-sao-jose-dos-campos-com-apoio-do-governo-do-estado-de-sao-paulo\/"},"author":{"name":"Roberto","@id":"https:\/\/regiaonews.net.br\/2022\/#\/schema\/person\/2d205a608a5aa97ac279d7a5e6d89ad8"},"headline":"Campeonato Pan-Americano de Ciclismo de Estrada ser\u00e1 realizado em S\u00e3o Jos\u00e9 dos Campos com apoio do Governo do Estado de S\u00e3o Paulo","datePublished":"2024-05-20T20:34:34+00:00","mainEntityOfPage":{"@id":"https:\/\/regiaonews.net.br\/2022\/2024\/05\/20\/campeonato-pan-americano-de-ciclismo-de-estrada-sera-realizado-em-sao-jose-dos-campos-com-apoio-do-governo-do-estado-de-sao-paulo\/"},"wordCount":779,"commentCount":0,"publisher":{"@id":"https:\/\/regiaonews.net.br\/2022\/#organization"},"image":{"@id":"https:\/\/regiaonews.net.br\/2022\/2024\/05\/20\/campeonato-pan-americano-de-ciclismo-de-estrada-sera-realizado-em-sao-jose-dos-campos-com-apoio-do-governo-do-estado-de-sao-paulo\/#primaryimage"},"thumbnailUrl":"https:\/\/regiaonews.net.br\/2022\/wp-content\/uploads\/2024\/05\/Imagem-do-WhatsApp-de-2024-05-20-as-16.17.40_ffb3370d.jpg","articleSection":["Barretos","Geral"],"inLanguage":"pt-BR","potentialAction":[{"@type":"CommentAction","name":"Comment","target":["https:\/\/regiaonews.net.br\/2022\/2024\/05\/20\/campeonato-pan-americano-de-ciclismo-de-estrada-sera-realizado-em-sao-jose-dos-campos-com-apoio-do-governo-do-estado-de-sao-paulo\/#respond"]}]},{"@type":"WebPage","@id":"https:\/\/regiaonews.net.br\/2022\/2024\/05\/20\/campeonato-pan-americano-de-ciclismo-de-estrada-sera-realizado-em-sao-jose-dos-campos-com-apoio-do-governo-do-estado-de-sao-paulo\/","url":"https:\/\/regiaonews.net.br\/2022\/2024\/05\/20\/campeonato-pan-americano-de-ciclismo-de-estrada-sera-realizado-em-sao-jose-dos-campos-com-apoio-do-governo-do-estado-de-sao-paulo\/","name":"Campeonato Pan-Americano de Ciclismo de Estrada ser\u00e1 realizado em S\u00e3o Jos\u00e9 dos Campos com apoio do Governo do Estado de S\u00e3o Paulo - Regi\u00e3o News","isPartOf":{"@id":"https:\/\/regiaonews.net.br\/2022\/#website"},"primaryImageOfPage":{"@id":"https:\/\/regiaonews.net.br\/2022\/2024\/05\/20\/campeonato-pan-americano-de-ciclismo-de-estrada-sera-realizado-em-sao-jose-dos-campos-com-apoio-do-governo-do-estado-de-sao-paulo\/#primaryimage"},"image":{"@id":"https:\/\/regiaonews.net.br\/2022\/2024\/05\/20\/campeonato-pan-americano-de-ciclismo-de-estrada-sera-realizado-em-sao-jose-dos-campos-com-apoio-do-governo-do-estado-de-sao-paulo\/#primaryimage"},"thumbnailUrl":"https:\/\/regiaonews.net.br\/2022\/wp-content\/uploads\/2024\/05\/Imagem-do-WhatsApp-de-2024-05-20-as-16.17.40_ffb3370d.jpg","datePublished":"2024-05-20T20:34:34+00:00","breadcrumb":{"@id":"https:\/\/regiaonews.net.br\/2022\/2024\/05\/20\/campeonato-pan-americano-de-ciclismo-de-estrada-sera-realizado-em-sao-jose-dos-campos-com-apoio-do-governo-do-estado-de-sao-paulo\/#breadcrumb"},"inLanguage":"pt-BR","potentialAction":[{"@type":"ReadAction","target":["https:\/\/regiaonews.net.br\/2022\/2024\/05\/20\/campeonato-pan-americano-de-ciclismo-de-estrada-sera-realizado-em-sao-jose-dos-campos-com-apoio-do-governo-do-estado-de-sao-paulo\/"]}]},{"@type":"ImageObject","inLanguage":"pt-BR","@id":"https:\/\/regiaonews.net.br\/2022\/2024\/05\/20\/campeonato-pan-americano-de-ciclismo-de-estrada-sera-realizado-em-sao-jose-dos-campos-com-apoio-do-governo-do-estado-de-sao-paulo\/#primaryimage","url":"https:\/\/regiaonews.net.br\/2022\/wp-content\/uploads\/2024\/05\/Imagem-do-WhatsApp-de-2024-05-20-as-16.17.40_ffb3370d.jpg","contentUrl":"https:\/\/regiaonews.net.br\/2022\/wp-content\/uploads\/2024\/05\/Imagem-do-WhatsApp-de-2024-05-20-as-16.17.40_ffb3370d.jpg","width":1600,"height":1066},{"@type":"BreadcrumbList","@id":"https:\/\/regiaonews.net.br\/2022\/2024\/05\/20\/campeonato-pan-americano-de-ciclismo-de-estrada-sera-realizado-em-sao-jose-dos-campos-com-apoio-do-governo-do-estado-de-sao-paulo\/#breadcrumb","itemListElement":[{"@type":"ListItem","position":1,"name":"In\u00edcio","item":"https:\/\/regiaonews.net.br\/2022\/"},{"@type":"ListItem","position":2,"name":"Campeonato Pan-Americano de Ciclismo de Estrada ser\u00e1 realizado em S\u00e3o Jos\u00e9 dos Campos com apoio do Governo do Estado de S\u00e3o Paulo"}]},{"@type":"WebSite","@id":"https:\/\/regiaonews.net.br\/2022\/#website","url":"https:\/\/regiaonews.net.br\/2022\/","name":"Regi\u00e3o News","description":"Site de Not\u00edcias de Barretos e regi\u00e3o","publisher":{"@id":"https:\/\/regiaonews.net.br\/2022\/#organization"},"potentialAction":[{"@type":"SearchAction","target":{"@type":"EntryPoint","urlTemplate":"https:\/\/regiaonews.net.br\/2022\/?s={search_term_string}"},"query-input":{"@type":"PropertyValueSpecification","valueRequired":true,"valueName":"search_term_string"}}],"inLanguage":"pt-BR"},{"@type":"Organization","@id":"https:\/\/regiaonews.net.br\/2022\/#organization","name":"Regi\u00e3o News","url":"https:\/\/regiaonews.net.br\/2022\/","logo":{"@type":"ImageObject","inLanguage":"pt-BR","@id":"https:\/\/regiaonews.net.br\/2022\/#\/schema\/logo\/image\/","url":"https:\/\/regiaonews.net.br\/2022\/wp-content\/uploads\/2026\/03\/regiao-13-anos-scaled.jpg","contentUrl":"https:\/\/regiaonews.net.br\/2022\/wp-content\/uploads\/2026\/03\/regiao-13-anos-scaled.jpg","width":2560,"height":635,"caption":"Regi\u00e3o News"},"image":{"@id":"https:\/\/regiaonews.net.br\/2022\/#\/schema\/logo\/image\/"}},{"@type":"Person","@id":"https:\/\/regiaonews.net.br\/2022\/#\/schema\/person\/2d205a608a5aa97ac279d7a5e6d89ad8","name":"Roberto","image":{"@type":"ImageObject","inLanguage":"pt-BR","@id":"https:\/\/secure.gravatar.com\/avatar\/42749d8b712ff9d59ca93dc150494e5b55a44134482993f5baeb97e61b7ecc89?s=96&d=mm&r=g","url":"https:\/\/secure.gravatar.com\/avatar\/42749d8b712ff9d59ca93dc150494e5b55a44134482993f5baeb97e61b7ecc89?s=96&d=mm&r=g","contentUrl":"https:\/\/secure.gravatar.com\/avatar\/42749d8b712ff9d59ca93dc150494e5b55a44134482993f5baeb97e61b7ecc89?s=96&d=mm&r=g","caption":"Roberto"},"url":"https:\/\/regiaonews.net.br\/2022\/author\/roberto\/"}]}},"publishpress_future_action":{"enabled":false,"date":"2026-05-03 10:12:25","action":"change-status","newStatus":"draft","terms":[],"taxonomy":"category","extraData":[]},"publishpress_future_workflow_manual_trigger":{"enabledWorkflows":[]},"_links":{"self":[{"href":"https:\/\/regiaonews.net.br\/2022\/wp-json\/wp\/v2\/posts\/105242","targetHints":{"allow":["GET"]}}],"collection":[{"href":"https:\/\/regiaonews.net.br\/2022\/wp-json\/wp\/v2\/posts"}],"about":[{"href":"https:\/\/regiaonews.net.br\/2022\/wp-json\/wp\/v2\/types\/post"}],"author":[{"embeddable":true,"href":"https:\/\/regiaonews.net.br\/2022\/wp-json\/wp\/v2\/users\/2"}],"replies":[{"embeddable":true,"href":"https:\/\/regiaonews.net.br\/2022\/wp-json\/wp\/v2\/comments?post=105242"}],"version-history":[{"count":1,"href":"https:\/\/regiaonews.net.br\/2022\/wp-json\/wp\/v2\/posts\/105242\/revisions"}],"predecessor-version":[{"id":105244,"href":"https:\/\/regiaonews.net.br\/2022\/wp-json\/wp\/v2\/posts\/105242\/revisions\/105244"}],"wp:featuredmedia":[{"embeddable":true,"href":"https:\/\/regiaonews.net.br\/2022\/wp-json\/wp\/v2\/media\/105243"}],"wp:attachment":[{"href":"https:\/\/regiaonews.net.br\/2022\/wp-json\/wp\/v2\/media?parent=105242"}],"wp:term":[{"taxonomy":"category","embeddable":true,"href":"https:\/\/regiaonews.net.br\/2022\/wp-json\/wp\/v2\/categories?post=105242"},{"taxonomy":"post_tag","embeddable":true,"href":"https:\/\/regiaonews.net.br\/2022\/wp-json\/wp\/v2\/tags?post=105242"}],"curies":[{"name":"wp","href":"https:\/\/api.w.org\/{rel}","templated":true}]}}