{"id":105233,"date":"2024-05-20T15:45:45","date_gmt":"2024-05-20T18:45:45","guid":{"rendered":"https:\/\/regiaonews.net.br\/2022\/?p=105233"},"modified":"2024-05-20T15:45:45","modified_gmt":"2024-05-20T18:45:45","slug":"conseg-completa-39-anos-com-ampliacao-do-servico-e-inclusao-social-em-sp","status":"publish","type":"post","link":"https:\/\/regiaonews.net.br\/2022\/2024\/05\/20\/conseg-completa-39-anos-com-ampliacao-do-servico-e-inclusao-social-em-sp\/","title":{"rendered":"Conseg completa 39 anos com amplia\u00e7\u00e3o do servi\u00e7o e inclus\u00e3o social em SP"},"content":{"rendered":"<div class=\"col-lg-12 mt-2\">\n<h3 style=\"text-align: center;\">Atual gest\u00e3o criou mais de 100 unidades do conselho e implantou N\u00facleos de Apoio Local para ind\u00edgenas e pessoas com defici\u00eancia<\/h3>\n<div>A professora Miriam Eboli participa do Conselho Comunit\u00e1rio de Seguran\u00e7a (Conseg) do Jabaquara, na zona sul de S\u00e3o Paulo, desde 1988. Todo m\u00eas ela se re\u00fane com os moradores da regi\u00e3o para debater demandas relacionadas \u00e0 seguran\u00e7a p\u00fablica no bairro. A cada dia, a volunt\u00e1ria se sente cada vez mais motivada em continuar. &#8220;\u00c9 o maior e mais importante f\u00f3rum de debate para os problemas da comunidade que existe&#8221;, exalta Miriam. &#8220;Nunca tinha visto uma coopera\u00e7\u00e3o e aten\u00e7\u00e3o t\u00e3o grande com os conselhos como agora nesta gest\u00e3o.\u201d<\/div>\n<div><\/div>\n<div>A conselheira conheceu o projeto por meio de um jornal e, na \u00e9poca, teve a iniciativa de ir at\u00e9 \u00e0 delegacia para formar o n\u00facleo do bairro. &#8220;Na primeira reuni\u00e3o \u00e9ramos apenas em cinco pessoas. S\u00f3 depois que o projeto come\u00e7ou a crescer&#8221;, lembra.<\/div>\n<div><\/div>\n<div>Assim como ela, mais 19 presidentes de Conseg&#8217;s da capital e da Grande S\u00e3o Paulo participaram nesta sexta-feira (17), no Centro de Opera\u00e7\u00f5es da Pol\u00edcia Militar (Copom), da comemora\u00e7\u00e3o dos 39 anos dos conselhos comunit\u00e1rios. Os membros receberam o colete do Conseg que simboliza a valoriza\u00e7\u00e3o do trabalho volunt\u00e1rio nas comunidades.<\/div>\n<div><\/div>\n<div>\u201cObrigado pelos senhores serem volunt\u00e1rios e toparem esse grande desafio de mudar o rumo da seguran\u00e7a p\u00fablica de S\u00e3o Paulo. Tenham a certeza que j\u00e1 estamos no caminho certo\u201d, disse o secret\u00e1rio da Seguran\u00e7a P\u00fablica, Guilherme Derrite.<\/div>\n<div><\/div>\n<div>Para estreitar a rela\u00e7\u00e3o entre os Conseg&#8217;s e a Secretaria da Seguran\u00e7a P\u00fablica (SSP), foi criado o \u201ccaf\u00e9 com o secret\u00e1rio\u201d, um encontro entre os volunt\u00e1rios e o chefe da pasta para o debate em conjunto das demandas trazidas pelos membros dos conselhos. No interior, tamb\u00e9m s\u00e3o realizadas reuni\u00f5es com os conselhos locais a cada tr\u00eas meses.<\/div>\n<div><\/div>\n<div>Os Conseg\u2019s s\u00e3o uma ferramenta de apoio \u00e0s Pol\u00edcias Civil e Militar, que recebem as solicita\u00e7\u00f5es das comunidades e buscam uma solu\u00e7\u00e3o para o problema, de acordo com as particularidades de cada regi\u00e3o.<\/div>\n<div>\n<div><b>Mais de cem unidades e NAL Ind\u00edgena e PCD<\/b><\/div>\n<div><b>\u00a0<\/b><\/div>\n<div>\n<div>At\u00e9 2023, 390 Conseg\u2019s funcionavam no estado de S\u00e3o Paulo. Somente na atual gest\u00e3o, foram criados cerca de 120 conselhos comunit\u00e1rios, refor\u00e7ando a import\u00e2ncia da contribui\u00e7\u00e3o dos volunt\u00e1rios na forma\u00e7\u00e3o de pol\u00edticas p\u00fablicas para a seguran\u00e7a paulista. Os membros transmitem um diagn\u00f3stico real da criminalidade em cada bairro ou munic\u00edpio.<\/div>\n<div><\/div>\n<div>A pasta tem sido pioneira na amplia\u00e7\u00e3o do projeto para outros p\u00fablicos. No final do ano passado, foi criado o N\u00facleo de Apoio Local (NAL) para ind\u00edgenas, com a finalidade de estreitar o di\u00e1logo entre os povos origin\u00e1rios e o governo estadual. O projeto piloto foi realizado em mar\u00e7o na comunidade Pia\u00e7aguera, em Peru\u00edbe, que reuniu cerca de 400 moradores.<\/div>\n<div><\/div>\n<div><b>Leia mais<\/b>:\u00a0<b><a href=\"https:\/\/www.ssp.sp.gov.br\/noticia\/56906\">Conseg inicia projeto in\u00e9dito em comunidade ind\u00edgena no litoral de SP<\/a><\/b><\/div>\n<div><\/div>\n<div>Outra medida in\u00e9dita foi a implanta\u00e7\u00e3o do projeto piloto do NAL para pessoas com defici\u00eancia. Atualmente quatro comunidades contam com o apoio, que est\u00e1 em fase de desenvolvimento: Itaim Paulista (capital), Itatiba e Porto Feliz (interior) e Bertioga (litoral).<\/div>\n<div><\/div>\n<div>\u201cN\u00e3o existe no Brasil at\u00e9 hoje um NAL voltado para pessoas com defici\u00eancia. \u00c9 um p\u00fablico que necessita de algumas aten\u00e7\u00f5es espec\u00edficas relacionadas \u00e0 seguran\u00e7a p\u00fablica\u201d, explica o coordenador estadual dos Conseg\u2019s, coronel Leonardo Castro Isipom.<\/div>\n<div><\/div>\n<div>\u201cSe a pessoa \u00e9 surda ou muda, como ela vai comunicar esse crime? \u00c9 nesse n\u00facleo que trabalhamos essas quest\u00f5es\u201d, exemplifica Isipom. A ideia \u00e9 ampliar o programa em breve para todo o estado.<\/div>\n<\/div>\n<\/div>\n<\/div>\n<div class=\"col-lg-12\"><\/div>\n","protected":false},"excerpt":{"rendered":"<p>Atual gest\u00e3o criou mais de 100 unidades do conselho e<\/p>\n","protected":false},"author":2,"featured_media":105234,"comment_status":"open","ping_status":"open","sticky":false,"template":"","format":"standard","meta":{"footnotes":""},"categories":[3,1,23],"tags":[],"class_list":["post-105233","post","type-post","status-publish","format-standard","has-post-thumbnail","hentry","category-geral","category-indefinido","category-policia"],"yoast_head":"<!-- This site is optimized with the Yoast SEO plugin v27.4 - https:\/\/yoast.com\/product\/yoast-seo-wordpress\/ -->\n<title>Conseg completa 39 anos com amplia\u00e7\u00e3o do servi\u00e7o e inclus\u00e3o social em SP - Regi\u00e3o News<\/title>\n<meta name=\"robots\" content=\"index, follow, max-snippet:-1, max-image-preview:large, max-video-preview:-1\" \/>\n<link rel=\"canonical\" href=\"https:\/\/regiaonews.net.br\/2022\/2024\/05\/20\/conseg-completa-39-anos-com-ampliacao-do-servico-e-inclusao-social-em-sp\/\" \/>\n<meta property=\"og:locale\" content=\"pt_BR\" \/>\n<meta property=\"og:type\" content=\"article\" \/>\n<meta property=\"og:title\" content=\"Conseg completa 39 anos com amplia\u00e7\u00e3o do servi\u00e7o e inclus\u00e3o social em SP - Regi\u00e3o News\" \/>\n<meta property=\"og:description\" content=\"Atual gest\u00e3o criou mais de 100 unidades do conselho e\" \/>\n<meta property=\"og:url\" content=\"https:\/\/regiaonews.net.br\/2022\/2024\/05\/20\/conseg-completa-39-anos-com-ampliacao-do-servico-e-inclusao-social-em-sp\/\" \/>\n<meta property=\"og:site_name\" content=\"Regi\u00e3o News\" \/>\n<meta property=\"article:published_time\" content=\"2024-05-20T18:45:45+00:00\" \/>\n<meta property=\"og:image\" content=\"https:\/\/regiaonews.net.br\/2022\/wp-content\/uploads\/2024\/05\/00054665-scaled.jpeg\" \/>\n\t<meta property=\"og:image:width\" content=\"2560\" \/>\n\t<meta property=\"og:image:height\" content=\"1706\" \/>\n\t<meta property=\"og:image:type\" content=\"image\/jpeg\" \/>\n<meta name=\"author\" content=\"Roberto\" \/>\n<meta name=\"twitter:card\" content=\"summary_large_image\" \/>\n<meta name=\"twitter:label1\" content=\"Escrito por\" \/>\n\t<meta name=\"twitter:data1\" content=\"Roberto\" \/>\n\t<meta name=\"twitter:label2\" content=\"Est. tempo de leitura\" \/>\n\t<meta name=\"twitter:data2\" content=\"4 minutos\" \/>\n<script type=\"application\/ld+json\" class=\"yoast-schema-graph\">{\"@context\":\"https:\\\/\\\/schema.org\",\"@graph\":[{\"@type\":\"Article\",\"@id\":\"https:\\\/\\\/regiaonews.net.br\\\/2022\\\/2024\\\/05\\\/20\\\/conseg-completa-39-anos-com-ampliacao-do-servico-e-inclusao-social-em-sp\\\/#article\",\"isPartOf\":{\"@id\":\"https:\\\/\\\/regiaonews.net.br\\\/2022\\\/2024\\\/05\\\/20\\\/conseg-completa-39-anos-com-ampliacao-do-servico-e-inclusao-social-em-sp\\\/\"},\"author\":{\"name\":\"Roberto\",\"@id\":\"https:\\\/\\\/regiaonews.net.br\\\/2022\\\/#\\\/schema\\\/person\\\/2d205a608a5aa97ac279d7a5e6d89ad8\"},\"headline\":\"Conseg completa 39 anos com amplia\u00e7\u00e3o do servi\u00e7o e inclus\u00e3o social em SP\",\"datePublished\":\"2024-05-20T18:45:45+00:00\",\"mainEntityOfPage\":{\"@id\":\"https:\\\/\\\/regiaonews.net.br\\\/2022\\\/2024\\\/05\\\/20\\\/conseg-completa-39-anos-com-ampliacao-do-servico-e-inclusao-social-em-sp\\\/\"},\"wordCount\":660,\"commentCount\":0,\"publisher\":{\"@id\":\"https:\\\/\\\/regiaonews.net.br\\\/2022\\\/#organization\"},\"image\":{\"@id\":\"https:\\\/\\\/regiaonews.net.br\\\/2022\\\/2024\\\/05\\\/20\\\/conseg-completa-39-anos-com-ampliacao-do-servico-e-inclusao-social-em-sp\\\/#primaryimage\"},\"thumbnailUrl\":\"https:\\\/\\\/regiaonews.net.br\\\/2022\\\/wp-content\\\/uploads\\\/2024\\\/05\\\/00054665-scaled.jpeg\",\"articleSection\":[\"Geral\",\"Indefinido\",\"Policia\"],\"inLanguage\":\"pt-BR\",\"potentialAction\":[{\"@type\":\"CommentAction\",\"name\":\"Comment\",\"target\":[\"https:\\\/\\\/regiaonews.net.br\\\/2022\\\/2024\\\/05\\\/20\\\/conseg-completa-39-anos-com-ampliacao-do-servico-e-inclusao-social-em-sp\\\/#respond\"]}]},{\"@type\":\"WebPage\",\"@id\":\"https:\\\/\\\/regiaonews.net.br\\\/2022\\\/2024\\\/05\\\/20\\\/conseg-completa-39-anos-com-ampliacao-do-servico-e-inclusao-social-em-sp\\\/\",\"url\":\"https:\\\/\\\/regiaonews.net.br\\\/2022\\\/2024\\\/05\\\/20\\\/conseg-completa-39-anos-com-ampliacao-do-servico-e-inclusao-social-em-sp\\\/\",\"name\":\"Conseg completa 39 anos com amplia\u00e7\u00e3o do servi\u00e7o e inclus\u00e3o social em SP - Regi\u00e3o News\",\"isPartOf\":{\"@id\":\"https:\\\/\\\/regiaonews.net.br\\\/2022\\\/#website\"},\"primaryImageOfPage\":{\"@id\":\"https:\\\/\\\/regiaonews.net.br\\\/2022\\\/2024\\\/05\\\/20\\\/conseg-completa-39-anos-com-ampliacao-do-servico-e-inclusao-social-em-sp\\\/#primaryimage\"},\"image\":{\"@id\":\"https:\\\/\\\/regiaonews.net.br\\\/2022\\\/2024\\\/05\\\/20\\\/conseg-completa-39-anos-com-ampliacao-do-servico-e-inclusao-social-em-sp\\\/#primaryimage\"},\"thumbnailUrl\":\"https:\\\/\\\/regiaonews.net.br\\\/2022\\\/wp-content\\\/uploads\\\/2024\\\/05\\\/00054665-scaled.jpeg\",\"datePublished\":\"2024-05-20T18:45:45+00:00\",\"breadcrumb\":{\"@id\":\"https:\\\/\\\/regiaonews.net.br\\\/2022\\\/2024\\\/05\\\/20\\\/conseg-completa-39-anos-com-ampliacao-do-servico-e-inclusao-social-em-sp\\\/#breadcrumb\"},\"inLanguage\":\"pt-BR\",\"potentialAction\":[{\"@type\":\"ReadAction\",\"target\":[\"https:\\\/\\\/regiaonews.net.br\\\/2022\\\/2024\\\/05\\\/20\\\/conseg-completa-39-anos-com-ampliacao-do-servico-e-inclusao-social-em-sp\\\/\"]}]},{\"@type\":\"ImageObject\",\"inLanguage\":\"pt-BR\",\"@id\":\"https:\\\/\\\/regiaonews.net.br\\\/2022\\\/2024\\\/05\\\/20\\\/conseg-completa-39-anos-com-ampliacao-do-servico-e-inclusao-social-em-sp\\\/#primaryimage\",\"url\":\"https:\\\/\\\/regiaonews.net.br\\\/2022\\\/wp-content\\\/uploads\\\/2024\\\/05\\\/00054665-scaled.jpeg\",\"contentUrl\":\"https:\\\/\\\/regiaonews.net.br\\\/2022\\\/wp-content\\\/uploads\\\/2024\\\/05\\\/00054665-scaled.jpeg\",\"width\":2560,\"height\":1706},{\"@type\":\"BreadcrumbList\",\"@id\":\"https:\\\/\\\/regiaonews.net.br\\\/2022\\\/2024\\\/05\\\/20\\\/conseg-completa-39-anos-com-ampliacao-do-servico-e-inclusao-social-em-sp\\\/#breadcrumb\",\"itemListElement\":[{\"@type\":\"ListItem\",\"position\":1,\"name\":\"In\u00edcio\",\"item\":\"https:\\\/\\\/regiaonews.net.br\\\/2022\\\/\"},{\"@type\":\"ListItem\",\"position\":2,\"name\":\"Conseg completa 39 anos com amplia\u00e7\u00e3o do servi\u00e7o e inclus\u00e3o social em SP\"}]},{\"@type\":\"WebSite\",\"@id\":\"https:\\\/\\\/regiaonews.net.br\\\/2022\\\/#website\",\"url\":\"https:\\\/\\\/regiaonews.net.br\\\/2022\\\/\",\"name\":\"Regi\u00e3o News\",\"description\":\"Site de Not\u00edcias de Barretos e regi\u00e3o\",\"publisher\":{\"@id\":\"https:\\\/\\\/regiaonews.net.br\\\/2022\\\/#organization\"},\"potentialAction\":[{\"@type\":\"SearchAction\",\"target\":{\"@type\":\"EntryPoint\",\"urlTemplate\":\"https:\\\/\\\/regiaonews.net.br\\\/2022\\\/?s={search_term_string}\"},\"query-input\":{\"@type\":\"PropertyValueSpecification\",\"valueRequired\":true,\"valueName\":\"search_term_string\"}}],\"inLanguage\":\"pt-BR\"},{\"@type\":\"Organization\",\"@id\":\"https:\\\/\\\/regiaonews.net.br\\\/2022\\\/#organization\",\"name\":\"Regi\u00e3o News\",\"url\":\"https:\\\/\\\/regiaonews.net.br\\\/2022\\\/\",\"logo\":{\"@type\":\"ImageObject\",\"inLanguage\":\"pt-BR\",\"@id\":\"https:\\\/\\\/regiaonews.net.br\\\/2022\\\/#\\\/schema\\\/logo\\\/image\\\/\",\"url\":\"https:\\\/\\\/regiaonews.net.br\\\/2022\\\/wp-content\\\/uploads\\\/2026\\\/03\\\/regiao-13-anos-scaled.jpg\",\"contentUrl\":\"https:\\\/\\\/regiaonews.net.br\\\/2022\\\/wp-content\\\/uploads\\\/2026\\\/03\\\/regiao-13-anos-scaled.jpg\",\"width\":2560,\"height\":635,\"caption\":\"Regi\u00e3o News\"},\"image\":{\"@id\":\"https:\\\/\\\/regiaonews.net.br\\\/2022\\\/#\\\/schema\\\/logo\\\/image\\\/\"}},{\"@type\":\"Person\",\"@id\":\"https:\\\/\\\/regiaonews.net.br\\\/2022\\\/#\\\/schema\\\/person\\\/2d205a608a5aa97ac279d7a5e6d89ad8\",\"name\":\"Roberto\",\"image\":{\"@type\":\"ImageObject\",\"inLanguage\":\"pt-BR\",\"@id\":\"https:\\\/\\\/secure.gravatar.com\\\/avatar\\\/42749d8b712ff9d59ca93dc150494e5b55a44134482993f5baeb97e61b7ecc89?s=96&d=mm&r=g\",\"url\":\"https:\\\/\\\/secure.gravatar.com\\\/avatar\\\/42749d8b712ff9d59ca93dc150494e5b55a44134482993f5baeb97e61b7ecc89?s=96&d=mm&r=g\",\"contentUrl\":\"https:\\\/\\\/secure.gravatar.com\\\/avatar\\\/42749d8b712ff9d59ca93dc150494e5b55a44134482993f5baeb97e61b7ecc89?s=96&d=mm&r=g\",\"caption\":\"Roberto\"},\"url\":\"https:\\\/\\\/regiaonews.net.br\\\/2022\\\/author\\\/roberto\\\/\"}]}<\/script>\n<!-- \/ Yoast SEO plugin. -->","yoast_head_json":{"title":"Conseg completa 39 anos com amplia\u00e7\u00e3o do servi\u00e7o e inclus\u00e3o social em SP - Regi\u00e3o News","robots":{"index":"index","follow":"follow","max-snippet":"max-snippet:-1","max-image-preview":"max-image-preview:large","max-video-preview":"max-video-preview:-1"},"canonical":"https:\/\/regiaonews.net.br\/2022\/2024\/05\/20\/conseg-completa-39-anos-com-ampliacao-do-servico-e-inclusao-social-em-sp\/","og_locale":"pt_BR","og_type":"article","og_title":"Conseg completa 39 anos com amplia\u00e7\u00e3o do servi\u00e7o e inclus\u00e3o social em SP - Regi\u00e3o News","og_description":"Atual gest\u00e3o criou mais de 100 unidades do conselho e","og_url":"https:\/\/regiaonews.net.br\/2022\/2024\/05\/20\/conseg-completa-39-anos-com-ampliacao-do-servico-e-inclusao-social-em-sp\/","og_site_name":"Regi\u00e3o News","article_published_time":"2024-05-20T18:45:45+00:00","og_image":[{"width":2560,"height":1706,"url":"https:\/\/regiaonews.net.br\/2022\/wp-content\/uploads\/2024\/05\/00054665-scaled.jpeg","type":"image\/jpeg"}],"author":"Roberto","twitter_card":"summary_large_image","twitter_misc":{"Escrito por":"Roberto","Est. tempo de leitura":"4 minutos"},"schema":{"@context":"https:\/\/schema.org","@graph":[{"@type":"Article","@id":"https:\/\/regiaonews.net.br\/2022\/2024\/05\/20\/conseg-completa-39-anos-com-ampliacao-do-servico-e-inclusao-social-em-sp\/#article","isPartOf":{"@id":"https:\/\/regiaonews.net.br\/2022\/2024\/05\/20\/conseg-completa-39-anos-com-ampliacao-do-servico-e-inclusao-social-em-sp\/"},"author":{"name":"Roberto","@id":"https:\/\/regiaonews.net.br\/2022\/#\/schema\/person\/2d205a608a5aa97ac279d7a5e6d89ad8"},"headline":"Conseg completa 39 anos com amplia\u00e7\u00e3o do servi\u00e7o e inclus\u00e3o social em SP","datePublished":"2024-05-20T18:45:45+00:00","mainEntityOfPage":{"@id":"https:\/\/regiaonews.net.br\/2022\/2024\/05\/20\/conseg-completa-39-anos-com-ampliacao-do-servico-e-inclusao-social-em-sp\/"},"wordCount":660,"commentCount":0,"publisher":{"@id":"https:\/\/regiaonews.net.br\/2022\/#organization"},"image":{"@id":"https:\/\/regiaonews.net.br\/2022\/2024\/05\/20\/conseg-completa-39-anos-com-ampliacao-do-servico-e-inclusao-social-em-sp\/#primaryimage"},"thumbnailUrl":"https:\/\/regiaonews.net.br\/2022\/wp-content\/uploads\/2024\/05\/00054665-scaled.jpeg","articleSection":["Geral","Indefinido","Policia"],"inLanguage":"pt-BR","potentialAction":[{"@type":"CommentAction","name":"Comment","target":["https:\/\/regiaonews.net.br\/2022\/2024\/05\/20\/conseg-completa-39-anos-com-ampliacao-do-servico-e-inclusao-social-em-sp\/#respond"]}]},{"@type":"WebPage","@id":"https:\/\/regiaonews.net.br\/2022\/2024\/05\/20\/conseg-completa-39-anos-com-ampliacao-do-servico-e-inclusao-social-em-sp\/","url":"https:\/\/regiaonews.net.br\/2022\/2024\/05\/20\/conseg-completa-39-anos-com-ampliacao-do-servico-e-inclusao-social-em-sp\/","name":"Conseg completa 39 anos com amplia\u00e7\u00e3o do servi\u00e7o e inclus\u00e3o social em SP - Regi\u00e3o News","isPartOf":{"@id":"https:\/\/regiaonews.net.br\/2022\/#website"},"primaryImageOfPage":{"@id":"https:\/\/regiaonews.net.br\/2022\/2024\/05\/20\/conseg-completa-39-anos-com-ampliacao-do-servico-e-inclusao-social-em-sp\/#primaryimage"},"image":{"@id":"https:\/\/regiaonews.net.br\/2022\/2024\/05\/20\/conseg-completa-39-anos-com-ampliacao-do-servico-e-inclusao-social-em-sp\/#primaryimage"},"thumbnailUrl":"https:\/\/regiaonews.net.br\/2022\/wp-content\/uploads\/2024\/05\/00054665-scaled.jpeg","datePublished":"2024-05-20T18:45:45+00:00","breadcrumb":{"@id":"https:\/\/regiaonews.net.br\/2022\/2024\/05\/20\/conseg-completa-39-anos-com-ampliacao-do-servico-e-inclusao-social-em-sp\/#breadcrumb"},"inLanguage":"pt-BR","potentialAction":[{"@type":"ReadAction","target":["https:\/\/regiaonews.net.br\/2022\/2024\/05\/20\/conseg-completa-39-anos-com-ampliacao-do-servico-e-inclusao-social-em-sp\/"]}]},{"@type":"ImageObject","inLanguage":"pt-BR","@id":"https:\/\/regiaonews.net.br\/2022\/2024\/05\/20\/conseg-completa-39-anos-com-ampliacao-do-servico-e-inclusao-social-em-sp\/#primaryimage","url":"https:\/\/regiaonews.net.br\/2022\/wp-content\/uploads\/2024\/05\/00054665-scaled.jpeg","contentUrl":"https:\/\/regiaonews.net.br\/2022\/wp-content\/uploads\/2024\/05\/00054665-scaled.jpeg","width":2560,"height":1706},{"@type":"BreadcrumbList","@id":"https:\/\/regiaonews.net.br\/2022\/2024\/05\/20\/conseg-completa-39-anos-com-ampliacao-do-servico-e-inclusao-social-em-sp\/#breadcrumb","itemListElement":[{"@type":"ListItem","position":1,"name":"In\u00edcio","item":"https:\/\/regiaonews.net.br\/2022\/"},{"@type":"ListItem","position":2,"name":"Conseg completa 39 anos com amplia\u00e7\u00e3o do servi\u00e7o e inclus\u00e3o social em SP"}]},{"@type":"WebSite","@id":"https:\/\/regiaonews.net.br\/2022\/#website","url":"https:\/\/regiaonews.net.br\/2022\/","name":"Regi\u00e3o News","description":"Site de Not\u00edcias de Barretos e regi\u00e3o","publisher":{"@id":"https:\/\/regiaonews.net.br\/2022\/#organization"},"potentialAction":[{"@type":"SearchAction","target":{"@type":"EntryPoint","urlTemplate":"https:\/\/regiaonews.net.br\/2022\/?s={search_term_string}"},"query-input":{"@type":"PropertyValueSpecification","valueRequired":true,"valueName":"search_term_string"}}],"inLanguage":"pt-BR"},{"@type":"Organization","@id":"https:\/\/regiaonews.net.br\/2022\/#organization","name":"Regi\u00e3o News","url":"https:\/\/regiaonews.net.br\/2022\/","logo":{"@type":"ImageObject","inLanguage":"pt-BR","@id":"https:\/\/regiaonews.net.br\/2022\/#\/schema\/logo\/image\/","url":"https:\/\/regiaonews.net.br\/2022\/wp-content\/uploads\/2026\/03\/regiao-13-anos-scaled.jpg","contentUrl":"https:\/\/regiaonews.net.br\/2022\/wp-content\/uploads\/2026\/03\/regiao-13-anos-scaled.jpg","width":2560,"height":635,"caption":"Regi\u00e3o News"},"image":{"@id":"https:\/\/regiaonews.net.br\/2022\/#\/schema\/logo\/image\/"}},{"@type":"Person","@id":"https:\/\/regiaonews.net.br\/2022\/#\/schema\/person\/2d205a608a5aa97ac279d7a5e6d89ad8","name":"Roberto","image":{"@type":"ImageObject","inLanguage":"pt-BR","@id":"https:\/\/secure.gravatar.com\/avatar\/42749d8b712ff9d59ca93dc150494e5b55a44134482993f5baeb97e61b7ecc89?s=96&d=mm&r=g","url":"https:\/\/secure.gravatar.com\/avatar\/42749d8b712ff9d59ca93dc150494e5b55a44134482993f5baeb97e61b7ecc89?s=96&d=mm&r=g","contentUrl":"https:\/\/secure.gravatar.com\/avatar\/42749d8b712ff9d59ca93dc150494e5b55a44134482993f5baeb97e61b7ecc89?s=96&d=mm&r=g","caption":"Roberto"},"url":"https:\/\/regiaonews.net.br\/2022\/author\/roberto\/"}]}},"publishpress_future_action":{"enabled":false,"date":"2026-05-03 07:52:52","action":"change-status","newStatus":"draft","terms":[],"taxonomy":"category","extraData":[]},"publishpress_future_workflow_manual_trigger":{"enabledWorkflows":[]},"_links":{"self":[{"href":"https:\/\/regiaonews.net.br\/2022\/wp-json\/wp\/v2\/posts\/105233","targetHints":{"allow":["GET"]}}],"collection":[{"href":"https:\/\/regiaonews.net.br\/2022\/wp-json\/wp\/v2\/posts"}],"about":[{"href":"https:\/\/regiaonews.net.br\/2022\/wp-json\/wp\/v2\/types\/post"}],"author":[{"embeddable":true,"href":"https:\/\/regiaonews.net.br\/2022\/wp-json\/wp\/v2\/users\/2"}],"replies":[{"embeddable":true,"href":"https:\/\/regiaonews.net.br\/2022\/wp-json\/wp\/v2\/comments?post=105233"}],"version-history":[{"count":1,"href":"https:\/\/regiaonews.net.br\/2022\/wp-json\/wp\/v2\/posts\/105233\/revisions"}],"predecessor-version":[{"id":105235,"href":"https:\/\/regiaonews.net.br\/2022\/wp-json\/wp\/v2\/posts\/105233\/revisions\/105235"}],"wp:featuredmedia":[{"embeddable":true,"href":"https:\/\/regiaonews.net.br\/2022\/wp-json\/wp\/v2\/media\/105234"}],"wp:attachment":[{"href":"https:\/\/regiaonews.net.br\/2022\/wp-json\/wp\/v2\/media?parent=105233"}],"wp:term":[{"taxonomy":"category","embeddable":true,"href":"https:\/\/regiaonews.net.br\/2022\/wp-json\/wp\/v2\/categories?post=105233"},{"taxonomy":"post_tag","embeddable":true,"href":"https:\/\/regiaonews.net.br\/2022\/wp-json\/wp\/v2\/tags?post=105233"}],"curies":[{"name":"wp","href":"https:\/\/api.w.org\/{rel}","templated":true}]}}