{"id":105227,"date":"2024-05-20T15:43:09","date_gmt":"2024-05-20T18:43:09","guid":{"rendered":"https:\/\/regiaonews.net.br\/2022\/?p=105227"},"modified":"2024-05-20T15:43:09","modified_gmt":"2024-05-20T18:43:09","slug":"procurador-geral-da-camara-tem-artigo-publicado-em-livro-sobre-advocacia-legislativa","status":"publish","type":"post","link":"https:\/\/regiaonews.net.br\/2022\/2024\/05\/20\/procurador-geral-da-camara-tem-artigo-publicado-em-livro-sobre-advocacia-legislativa\/","title":{"rendered":"Procurador Geral da C\u00e2mara tem artigo publicado em livro sobre Advocacia Legislativa"},"content":{"rendered":"<h3 class=\"mb-4\" style=\"text-align: center;\">Cl\u00f3vis Ferreira Junior escreveu artigo sobre o papel da procuradoria legislativa nas CPIs &#8211; Comiss\u00f5es Parlamentares de Inqu\u00e9rito<\/h3>\n<div class=\"news-btn d-flex justify-content-between mb-5 py-2 px-3 rounded\">\n<div class=\"share\">\n<div class=\"a2a_kit a2a_kit_size_32 a2a_default_style\">\n<p><strong>O Procurador Geral da C\u00e2mara de Barretos, Cl\u00f3vis Ferreira Junior, teve artigo cient\u00edfico publicado no livro &#8220;Advocacia P\u00fablica Legislativa &#8211; Desafios e Perspectivas&#8221;,da Editora Mizuno, em maio de 2024.\u00a0<\/strong><\/p>\n<p>Cl\u00f3vis escreveu o artigo\u00a0<strong>&#8220;O papel da procuradoria legislativa nas Comiss\u00f5es Parlamentares de Inqu\u00e9rito: a assessoria para a concre\u00e7\u00e3o do resultado do direito da minoria no relat\u00f3rio final&#8221;,<\/strong>\u00a0com base na atua\u00e7\u00e3o de orienta\u00e7\u00e3o t\u00e9cnica que teve em 08 (oito) CPIs instaladas na C\u00e2mara desde 2018.<\/p>\n<p><strong>O texto, de 23 p\u00e1ginas, teve ainda a\u00a0participa\u00e7\u00e3o dos advogados Lucas de Souza Lehfelde e Chafei Amsei Neto, que tamb\u00e9m \u00e9 vereador na C\u00e2mara.<\/strong><\/p>\n<p>A obra &#8220;Advocacia P\u00fablica Legislativa&#8221;\u00a0 foi produzida com o apoio da Aprolegis &#8211;\u00a0 Associa\u00e7\u00e3o Nacional dos Procuradores Legislativos Municipais e teve como organizadores\u00a0 Nelson Fl\u00e1vio Brito Bandeira, Raul Miguel de Oliveira Consoletti e Caio Ferraria de Castro Mello.\u00a0 Os textos foram escritos por procuradores legislativos individualmente ou em coautoria com outros profissinais, tendo como crit\u00e9rio\u00a0<strong>a distin\u00e7\u00e3o metodol\u00f3gica, a abordagem inovadora e as conclus\u00f5es \u00fateis para a pr\u00e1tica e a reflex\u00e3o te\u00f3rica a respeito das procuradorias legislativas.<\/strong><\/p>\n<p>&nbsp;<\/p>\n<p><strong>Cl\u00f3vis Ferreira Junior \u00e9 servidor p\u00fablico de carreira da C\u00e2mara de Barretos desde 2018 e Professor Universit\u00e1rio. \u00c9 graduado em Direito pelo Unifeb, especialista em Direito P\u00fablico pela PUC\/MG e Mestrando em Direito na UNAERP.\u00a0 J\u00e1 foi vice-Presidente da Aprolegis e atualmente ocupa o cargo de Conselheiro Suplente.<\/strong><\/p>\n<\/div>\n<\/div>\n<\/div>\n","protected":false},"excerpt":{"rendered":"<p>Cl\u00f3vis Ferreira Junior escreveu artigo sobre o papel da procuradoria<\/p>\n","protected":false},"author":2,"featured_media":105228,"comment_status":"open","ping_status":"open","sticky":false,"template":"","format":"standard","meta":{"footnotes":""},"categories":[14,3],"tags":[],"class_list":["post-105227","post","type-post","status-publish","format-standard","has-post-thumbnail","hentry","category-barretos","category-geral"],"yoast_head":"<!-- This site is optimized with the Yoast SEO plugin v27.4 - https:\/\/yoast.com\/product\/yoast-seo-wordpress\/ -->\n<title>Procurador Geral da C\u00e2mara tem artigo publicado em livro sobre Advocacia Legislativa - Regi\u00e3o News<\/title>\n<meta name=\"robots\" content=\"index, follow, max-snippet:-1, max-image-preview:large, max-video-preview:-1\" \/>\n<link rel=\"canonical\" href=\"https:\/\/regiaonews.net.br\/2022\/2024\/05\/20\/procurador-geral-da-camara-tem-artigo-publicado-em-livro-sobre-advocacia-legislativa\/\" \/>\n<meta property=\"og:locale\" content=\"pt_BR\" \/>\n<meta property=\"og:type\" content=\"article\" \/>\n<meta property=\"og:title\" content=\"Procurador Geral da C\u00e2mara tem artigo publicado em livro sobre Advocacia Legislativa - Regi\u00e3o News\" \/>\n<meta property=\"og:description\" content=\"Cl\u00f3vis Ferreira Junior escreveu artigo sobre o papel da procuradoria\" \/>\n<meta property=\"og:url\" content=\"https:\/\/regiaonews.net.br\/2022\/2024\/05\/20\/procurador-geral-da-camara-tem-artigo-publicado-em-livro-sobre-advocacia-legislativa\/\" \/>\n<meta property=\"og:site_name\" content=\"Regi\u00e3o News\" \/>\n<meta property=\"article:published_time\" content=\"2024-05-20T18:43:09+00:00\" \/>\n<meta property=\"og:image\" content=\"https:\/\/regiaonews.net.br\/2022\/wp-content\/uploads\/2024\/05\/alta_17159780846647bf6422314.jpg\" \/>\n\t<meta property=\"og:image:width\" content=\"2002\" \/>\n\t<meta property=\"og:image:height\" content=\"1127\" \/>\n\t<meta property=\"og:image:type\" content=\"image\/jpeg\" \/>\n<meta name=\"author\" content=\"Roberto\" \/>\n<meta name=\"twitter:card\" content=\"summary_large_image\" \/>\n<meta name=\"twitter:label1\" content=\"Escrito por\" \/>\n\t<meta name=\"twitter:data1\" content=\"Roberto\" \/>\n\t<meta name=\"twitter:label2\" content=\"Est. tempo de leitura\" \/>\n\t<meta name=\"twitter:data2\" content=\"2 minutos\" \/>\n<script type=\"application\/ld+json\" class=\"yoast-schema-graph\">{\"@context\":\"https:\\\/\\\/schema.org\",\"@graph\":[{\"@type\":\"Article\",\"@id\":\"https:\\\/\\\/regiaonews.net.br\\\/2022\\\/2024\\\/05\\\/20\\\/procurador-geral-da-camara-tem-artigo-publicado-em-livro-sobre-advocacia-legislativa\\\/#article\",\"isPartOf\":{\"@id\":\"https:\\\/\\\/regiaonews.net.br\\\/2022\\\/2024\\\/05\\\/20\\\/procurador-geral-da-camara-tem-artigo-publicado-em-livro-sobre-advocacia-legislativa\\\/\"},\"author\":{\"name\":\"Roberto\",\"@id\":\"https:\\\/\\\/regiaonews.net.br\\\/2022\\\/#\\\/schema\\\/person\\\/2d205a608a5aa97ac279d7a5e6d89ad8\"},\"headline\":\"Procurador Geral da C\u00e2mara tem artigo publicado em livro sobre Advocacia Legislativa\",\"datePublished\":\"2024-05-20T18:43:09+00:00\",\"mainEntityOfPage\":{\"@id\":\"https:\\\/\\\/regiaonews.net.br\\\/2022\\\/2024\\\/05\\\/20\\\/procurador-geral-da-camara-tem-artigo-publicado-em-livro-sobre-advocacia-legislativa\\\/\"},\"wordCount\":286,\"commentCount\":0,\"publisher\":{\"@id\":\"https:\\\/\\\/regiaonews.net.br\\\/2022\\\/#organization\"},\"image\":{\"@id\":\"https:\\\/\\\/regiaonews.net.br\\\/2022\\\/2024\\\/05\\\/20\\\/procurador-geral-da-camara-tem-artigo-publicado-em-livro-sobre-advocacia-legislativa\\\/#primaryimage\"},\"thumbnailUrl\":\"https:\\\/\\\/regiaonews.net.br\\\/2022\\\/wp-content\\\/uploads\\\/2024\\\/05\\\/alta_17159780846647bf6422314.jpg\",\"articleSection\":[\"Barretos\",\"Geral\"],\"inLanguage\":\"pt-BR\",\"potentialAction\":[{\"@type\":\"CommentAction\",\"name\":\"Comment\",\"target\":[\"https:\\\/\\\/regiaonews.net.br\\\/2022\\\/2024\\\/05\\\/20\\\/procurador-geral-da-camara-tem-artigo-publicado-em-livro-sobre-advocacia-legislativa\\\/#respond\"]}]},{\"@type\":\"WebPage\",\"@id\":\"https:\\\/\\\/regiaonews.net.br\\\/2022\\\/2024\\\/05\\\/20\\\/procurador-geral-da-camara-tem-artigo-publicado-em-livro-sobre-advocacia-legislativa\\\/\",\"url\":\"https:\\\/\\\/regiaonews.net.br\\\/2022\\\/2024\\\/05\\\/20\\\/procurador-geral-da-camara-tem-artigo-publicado-em-livro-sobre-advocacia-legislativa\\\/\",\"name\":\"Procurador Geral da C\u00e2mara tem artigo publicado em livro sobre Advocacia Legislativa - Regi\u00e3o News\",\"isPartOf\":{\"@id\":\"https:\\\/\\\/regiaonews.net.br\\\/2022\\\/#website\"},\"primaryImageOfPage\":{\"@id\":\"https:\\\/\\\/regiaonews.net.br\\\/2022\\\/2024\\\/05\\\/20\\\/procurador-geral-da-camara-tem-artigo-publicado-em-livro-sobre-advocacia-legislativa\\\/#primaryimage\"},\"image\":{\"@id\":\"https:\\\/\\\/regiaonews.net.br\\\/2022\\\/2024\\\/05\\\/20\\\/procurador-geral-da-camara-tem-artigo-publicado-em-livro-sobre-advocacia-legislativa\\\/#primaryimage\"},\"thumbnailUrl\":\"https:\\\/\\\/regiaonews.net.br\\\/2022\\\/wp-content\\\/uploads\\\/2024\\\/05\\\/alta_17159780846647bf6422314.jpg\",\"datePublished\":\"2024-05-20T18:43:09+00:00\",\"breadcrumb\":{\"@id\":\"https:\\\/\\\/regiaonews.net.br\\\/2022\\\/2024\\\/05\\\/20\\\/procurador-geral-da-camara-tem-artigo-publicado-em-livro-sobre-advocacia-legislativa\\\/#breadcrumb\"},\"inLanguage\":\"pt-BR\",\"potentialAction\":[{\"@type\":\"ReadAction\",\"target\":[\"https:\\\/\\\/regiaonews.net.br\\\/2022\\\/2024\\\/05\\\/20\\\/procurador-geral-da-camara-tem-artigo-publicado-em-livro-sobre-advocacia-legislativa\\\/\"]}]},{\"@type\":\"ImageObject\",\"inLanguage\":\"pt-BR\",\"@id\":\"https:\\\/\\\/regiaonews.net.br\\\/2022\\\/2024\\\/05\\\/20\\\/procurador-geral-da-camara-tem-artigo-publicado-em-livro-sobre-advocacia-legislativa\\\/#primaryimage\",\"url\":\"https:\\\/\\\/regiaonews.net.br\\\/2022\\\/wp-content\\\/uploads\\\/2024\\\/05\\\/alta_17159780846647bf6422314.jpg\",\"contentUrl\":\"https:\\\/\\\/regiaonews.net.br\\\/2022\\\/wp-content\\\/uploads\\\/2024\\\/05\\\/alta_17159780846647bf6422314.jpg\",\"width\":2002,\"height\":1127},{\"@type\":\"BreadcrumbList\",\"@id\":\"https:\\\/\\\/regiaonews.net.br\\\/2022\\\/2024\\\/05\\\/20\\\/procurador-geral-da-camara-tem-artigo-publicado-em-livro-sobre-advocacia-legislativa\\\/#breadcrumb\",\"itemListElement\":[{\"@type\":\"ListItem\",\"position\":1,\"name\":\"In\u00edcio\",\"item\":\"https:\\\/\\\/regiaonews.net.br\\\/2022\\\/\"},{\"@type\":\"ListItem\",\"position\":2,\"name\":\"Procurador Geral da C\u00e2mara tem artigo publicado em livro sobre Advocacia Legislativa\"}]},{\"@type\":\"WebSite\",\"@id\":\"https:\\\/\\\/regiaonews.net.br\\\/2022\\\/#website\",\"url\":\"https:\\\/\\\/regiaonews.net.br\\\/2022\\\/\",\"name\":\"Regi\u00e3o News\",\"description\":\"Site de Not\u00edcias de Barretos e regi\u00e3o\",\"publisher\":{\"@id\":\"https:\\\/\\\/regiaonews.net.br\\\/2022\\\/#organization\"},\"potentialAction\":[{\"@type\":\"SearchAction\",\"target\":{\"@type\":\"EntryPoint\",\"urlTemplate\":\"https:\\\/\\\/regiaonews.net.br\\\/2022\\\/?s={search_term_string}\"},\"query-input\":{\"@type\":\"PropertyValueSpecification\",\"valueRequired\":true,\"valueName\":\"search_term_string\"}}],\"inLanguage\":\"pt-BR\"},{\"@type\":\"Organization\",\"@id\":\"https:\\\/\\\/regiaonews.net.br\\\/2022\\\/#organization\",\"name\":\"Regi\u00e3o News\",\"url\":\"https:\\\/\\\/regiaonews.net.br\\\/2022\\\/\",\"logo\":{\"@type\":\"ImageObject\",\"inLanguage\":\"pt-BR\",\"@id\":\"https:\\\/\\\/regiaonews.net.br\\\/2022\\\/#\\\/schema\\\/logo\\\/image\\\/\",\"url\":\"https:\\\/\\\/regiaonews.net.br\\\/2022\\\/wp-content\\\/uploads\\\/2026\\\/03\\\/regiao-13-anos-scaled.jpg\",\"contentUrl\":\"https:\\\/\\\/regiaonews.net.br\\\/2022\\\/wp-content\\\/uploads\\\/2026\\\/03\\\/regiao-13-anos-scaled.jpg\",\"width\":2560,\"height\":635,\"caption\":\"Regi\u00e3o News\"},\"image\":{\"@id\":\"https:\\\/\\\/regiaonews.net.br\\\/2022\\\/#\\\/schema\\\/logo\\\/image\\\/\"}},{\"@type\":\"Person\",\"@id\":\"https:\\\/\\\/regiaonews.net.br\\\/2022\\\/#\\\/schema\\\/person\\\/2d205a608a5aa97ac279d7a5e6d89ad8\",\"name\":\"Roberto\",\"image\":{\"@type\":\"ImageObject\",\"inLanguage\":\"pt-BR\",\"@id\":\"https:\\\/\\\/secure.gravatar.com\\\/avatar\\\/42749d8b712ff9d59ca93dc150494e5b55a44134482993f5baeb97e61b7ecc89?s=96&d=mm&r=g\",\"url\":\"https:\\\/\\\/secure.gravatar.com\\\/avatar\\\/42749d8b712ff9d59ca93dc150494e5b55a44134482993f5baeb97e61b7ecc89?s=96&d=mm&r=g\",\"contentUrl\":\"https:\\\/\\\/secure.gravatar.com\\\/avatar\\\/42749d8b712ff9d59ca93dc150494e5b55a44134482993f5baeb97e61b7ecc89?s=96&d=mm&r=g\",\"caption\":\"Roberto\"},\"url\":\"https:\\\/\\\/regiaonews.net.br\\\/2022\\\/author\\\/roberto\\\/\"}]}<\/script>\n<!-- \/ Yoast SEO plugin. -->","yoast_head_json":{"title":"Procurador Geral da C\u00e2mara tem artigo publicado em livro sobre Advocacia Legislativa - Regi\u00e3o News","robots":{"index":"index","follow":"follow","max-snippet":"max-snippet:-1","max-image-preview":"max-image-preview:large","max-video-preview":"max-video-preview:-1"},"canonical":"https:\/\/regiaonews.net.br\/2022\/2024\/05\/20\/procurador-geral-da-camara-tem-artigo-publicado-em-livro-sobre-advocacia-legislativa\/","og_locale":"pt_BR","og_type":"article","og_title":"Procurador Geral da C\u00e2mara tem artigo publicado em livro sobre Advocacia Legislativa - Regi\u00e3o News","og_description":"Cl\u00f3vis Ferreira Junior escreveu artigo sobre o papel da procuradoria","og_url":"https:\/\/regiaonews.net.br\/2022\/2024\/05\/20\/procurador-geral-da-camara-tem-artigo-publicado-em-livro-sobre-advocacia-legislativa\/","og_site_name":"Regi\u00e3o News","article_published_time":"2024-05-20T18:43:09+00:00","og_image":[{"width":2002,"height":1127,"url":"https:\/\/regiaonews.net.br\/2022\/wp-content\/uploads\/2024\/05\/alta_17159780846647bf6422314.jpg","type":"image\/jpeg"}],"author":"Roberto","twitter_card":"summary_large_image","twitter_misc":{"Escrito por":"Roberto","Est. tempo de leitura":"2 minutos"},"schema":{"@context":"https:\/\/schema.org","@graph":[{"@type":"Article","@id":"https:\/\/regiaonews.net.br\/2022\/2024\/05\/20\/procurador-geral-da-camara-tem-artigo-publicado-em-livro-sobre-advocacia-legislativa\/#article","isPartOf":{"@id":"https:\/\/regiaonews.net.br\/2022\/2024\/05\/20\/procurador-geral-da-camara-tem-artigo-publicado-em-livro-sobre-advocacia-legislativa\/"},"author":{"name":"Roberto","@id":"https:\/\/regiaonews.net.br\/2022\/#\/schema\/person\/2d205a608a5aa97ac279d7a5e6d89ad8"},"headline":"Procurador Geral da C\u00e2mara tem artigo publicado em livro sobre Advocacia Legislativa","datePublished":"2024-05-20T18:43:09+00:00","mainEntityOfPage":{"@id":"https:\/\/regiaonews.net.br\/2022\/2024\/05\/20\/procurador-geral-da-camara-tem-artigo-publicado-em-livro-sobre-advocacia-legislativa\/"},"wordCount":286,"commentCount":0,"publisher":{"@id":"https:\/\/regiaonews.net.br\/2022\/#organization"},"image":{"@id":"https:\/\/regiaonews.net.br\/2022\/2024\/05\/20\/procurador-geral-da-camara-tem-artigo-publicado-em-livro-sobre-advocacia-legislativa\/#primaryimage"},"thumbnailUrl":"https:\/\/regiaonews.net.br\/2022\/wp-content\/uploads\/2024\/05\/alta_17159780846647bf6422314.jpg","articleSection":["Barretos","Geral"],"inLanguage":"pt-BR","potentialAction":[{"@type":"CommentAction","name":"Comment","target":["https:\/\/regiaonews.net.br\/2022\/2024\/05\/20\/procurador-geral-da-camara-tem-artigo-publicado-em-livro-sobre-advocacia-legislativa\/#respond"]}]},{"@type":"WebPage","@id":"https:\/\/regiaonews.net.br\/2022\/2024\/05\/20\/procurador-geral-da-camara-tem-artigo-publicado-em-livro-sobre-advocacia-legislativa\/","url":"https:\/\/regiaonews.net.br\/2022\/2024\/05\/20\/procurador-geral-da-camara-tem-artigo-publicado-em-livro-sobre-advocacia-legislativa\/","name":"Procurador Geral da C\u00e2mara tem artigo publicado em livro sobre Advocacia Legislativa - Regi\u00e3o News","isPartOf":{"@id":"https:\/\/regiaonews.net.br\/2022\/#website"},"primaryImageOfPage":{"@id":"https:\/\/regiaonews.net.br\/2022\/2024\/05\/20\/procurador-geral-da-camara-tem-artigo-publicado-em-livro-sobre-advocacia-legislativa\/#primaryimage"},"image":{"@id":"https:\/\/regiaonews.net.br\/2022\/2024\/05\/20\/procurador-geral-da-camara-tem-artigo-publicado-em-livro-sobre-advocacia-legislativa\/#primaryimage"},"thumbnailUrl":"https:\/\/regiaonews.net.br\/2022\/wp-content\/uploads\/2024\/05\/alta_17159780846647bf6422314.jpg","datePublished":"2024-05-20T18:43:09+00:00","breadcrumb":{"@id":"https:\/\/regiaonews.net.br\/2022\/2024\/05\/20\/procurador-geral-da-camara-tem-artigo-publicado-em-livro-sobre-advocacia-legislativa\/#breadcrumb"},"inLanguage":"pt-BR","potentialAction":[{"@type":"ReadAction","target":["https:\/\/regiaonews.net.br\/2022\/2024\/05\/20\/procurador-geral-da-camara-tem-artigo-publicado-em-livro-sobre-advocacia-legislativa\/"]}]},{"@type":"ImageObject","inLanguage":"pt-BR","@id":"https:\/\/regiaonews.net.br\/2022\/2024\/05\/20\/procurador-geral-da-camara-tem-artigo-publicado-em-livro-sobre-advocacia-legislativa\/#primaryimage","url":"https:\/\/regiaonews.net.br\/2022\/wp-content\/uploads\/2024\/05\/alta_17159780846647bf6422314.jpg","contentUrl":"https:\/\/regiaonews.net.br\/2022\/wp-content\/uploads\/2024\/05\/alta_17159780846647bf6422314.jpg","width":2002,"height":1127},{"@type":"BreadcrumbList","@id":"https:\/\/regiaonews.net.br\/2022\/2024\/05\/20\/procurador-geral-da-camara-tem-artigo-publicado-em-livro-sobre-advocacia-legislativa\/#breadcrumb","itemListElement":[{"@type":"ListItem","position":1,"name":"In\u00edcio","item":"https:\/\/regiaonews.net.br\/2022\/"},{"@type":"ListItem","position":2,"name":"Procurador Geral da C\u00e2mara tem artigo publicado em livro sobre Advocacia Legislativa"}]},{"@type":"WebSite","@id":"https:\/\/regiaonews.net.br\/2022\/#website","url":"https:\/\/regiaonews.net.br\/2022\/","name":"Regi\u00e3o News","description":"Site de Not\u00edcias de Barretos e regi\u00e3o","publisher":{"@id":"https:\/\/regiaonews.net.br\/2022\/#organization"},"potentialAction":[{"@type":"SearchAction","target":{"@type":"EntryPoint","urlTemplate":"https:\/\/regiaonews.net.br\/2022\/?s={search_term_string}"},"query-input":{"@type":"PropertyValueSpecification","valueRequired":true,"valueName":"search_term_string"}}],"inLanguage":"pt-BR"},{"@type":"Organization","@id":"https:\/\/regiaonews.net.br\/2022\/#organization","name":"Regi\u00e3o News","url":"https:\/\/regiaonews.net.br\/2022\/","logo":{"@type":"ImageObject","inLanguage":"pt-BR","@id":"https:\/\/regiaonews.net.br\/2022\/#\/schema\/logo\/image\/","url":"https:\/\/regiaonews.net.br\/2022\/wp-content\/uploads\/2026\/03\/regiao-13-anos-scaled.jpg","contentUrl":"https:\/\/regiaonews.net.br\/2022\/wp-content\/uploads\/2026\/03\/regiao-13-anos-scaled.jpg","width":2560,"height":635,"caption":"Regi\u00e3o News"},"image":{"@id":"https:\/\/regiaonews.net.br\/2022\/#\/schema\/logo\/image\/"}},{"@type":"Person","@id":"https:\/\/regiaonews.net.br\/2022\/#\/schema\/person\/2d205a608a5aa97ac279d7a5e6d89ad8","name":"Roberto","image":{"@type":"ImageObject","inLanguage":"pt-BR","@id":"https:\/\/secure.gravatar.com\/avatar\/42749d8b712ff9d59ca93dc150494e5b55a44134482993f5baeb97e61b7ecc89?s=96&d=mm&r=g","url":"https:\/\/secure.gravatar.com\/avatar\/42749d8b712ff9d59ca93dc150494e5b55a44134482993f5baeb97e61b7ecc89?s=96&d=mm&r=g","contentUrl":"https:\/\/secure.gravatar.com\/avatar\/42749d8b712ff9d59ca93dc150494e5b55a44134482993f5baeb97e61b7ecc89?s=96&d=mm&r=g","caption":"Roberto"},"url":"https:\/\/regiaonews.net.br\/2022\/author\/roberto\/"}]}},"publishpress_future_action":{"enabled":false,"date":"2026-05-03 09:32:58","action":"change-status","newStatus":"draft","terms":[],"taxonomy":"category","extraData":[]},"publishpress_future_workflow_manual_trigger":{"enabledWorkflows":[]},"_links":{"self":[{"href":"https:\/\/regiaonews.net.br\/2022\/wp-json\/wp\/v2\/posts\/105227","targetHints":{"allow":["GET"]}}],"collection":[{"href":"https:\/\/regiaonews.net.br\/2022\/wp-json\/wp\/v2\/posts"}],"about":[{"href":"https:\/\/regiaonews.net.br\/2022\/wp-json\/wp\/v2\/types\/post"}],"author":[{"embeddable":true,"href":"https:\/\/regiaonews.net.br\/2022\/wp-json\/wp\/v2\/users\/2"}],"replies":[{"embeddable":true,"href":"https:\/\/regiaonews.net.br\/2022\/wp-json\/wp\/v2\/comments?post=105227"}],"version-history":[{"count":1,"href":"https:\/\/regiaonews.net.br\/2022\/wp-json\/wp\/v2\/posts\/105227\/revisions"}],"predecessor-version":[{"id":105229,"href":"https:\/\/regiaonews.net.br\/2022\/wp-json\/wp\/v2\/posts\/105227\/revisions\/105229"}],"wp:featuredmedia":[{"embeddable":true,"href":"https:\/\/regiaonews.net.br\/2022\/wp-json\/wp\/v2\/media\/105228"}],"wp:attachment":[{"href":"https:\/\/regiaonews.net.br\/2022\/wp-json\/wp\/v2\/media?parent=105227"}],"wp:term":[{"taxonomy":"category","embeddable":true,"href":"https:\/\/regiaonews.net.br\/2022\/wp-json\/wp\/v2\/categories?post=105227"},{"taxonomy":"post_tag","embeddable":true,"href":"https:\/\/regiaonews.net.br\/2022\/wp-json\/wp\/v2\/tags?post=105227"}],"curies":[{"name":"wp","href":"https:\/\/api.w.org\/{rel}","templated":true}]}}