{"id":105210,"date":"2024-05-20T13:17:52","date_gmt":"2024-05-20T16:17:52","guid":{"rendered":"https:\/\/regiaonews.net.br\/2022\/?p=105210"},"modified":"2024-05-20T13:17:52","modified_gmt":"2024-05-20T16:17:52","slug":"mineiro-cassio-dias-e-campeao-da-pbr-2024","status":"publish","type":"post","link":"https:\/\/regiaonews.net.br\/2022\/2024\/05\/20\/mineiro-cassio-dias-e-campeao-da-pbr-2024\/","title":{"rendered":"Mineiro C\u00e1ssio Dias \u00e9 campe\u00e3o da PBR 2024"},"content":{"rendered":"<p>Foto &#8211; PBR<\/p>\n<p>O pe\u00e3o brasileiro Cassio Dias Barbosa dr S\u00e3o Francisco de Sales\/MG escreveu definitivamente seu nome na hist\u00f3ria da PBR. Pe\u00e3o brasileiro fez uma temporada quase perfeita. Um legado hist\u00f3rico e uma volta triunfante que fez parte da maior final da hist\u00f3ria da Professional Bull Riders.<\/p>\n<p>O mineiro humilde de S\u00e3o Francisco de Sales conquistou o topo do mundo, transformou cada desafio em um degrau rumo ao seu destino \u00e9pico. Hoje, as l\u00e1grimas de um campe\u00e3o nos dizem que nenhum sonho \u00e9 grande demais. H\u00e1 uma semana, Cassio Dias estava no hospital ap\u00f3s um acidente grave na primeira fase da Final Mundial da PBR: Unleash The Beast.<\/p>\n<p>Na tarde deste domingo (19), dentro do AT&amp;T Stadium na final do mundial, ele se destacou, completando sua temporada dominante para ser coroado Campe\u00e3o Mundial da PBR (Professional Bull Riders) de 2024 e estreante do Ano. \u201c\u00c9 Deus. \u00c9 Deus. \u00c9 Deus\u201d, disse Dias do ch\u00e3o com a fivela brilhante do Campe\u00e3o do Mundo nas m\u00e3os. \u201cEle me prometeu que um dia seria Campe\u00e3o do Mundo, e aqui estou.\u201d<\/p>\n<p>Cassio terminou o Campeonato Mundial e a corrida de Estreante do Ano com 238,5 pontos \u00e0 frente do segundo colocado Crimber. Nos 31 anos de hist\u00f3ria da PBR, Cassio \u00e9 o 22\u00ba pe\u00e3o \u2013 e o nono brasileiro \u2013 a conquistar a fivela de ouro de Campe\u00e3o Mundial da PBR. Seu t\u00edtulo \u00e9 a 14\u00aa vez que um piloto brasileiro vence o que tem sido considerado o campeonato individual mais dif\u00edcil do esporte profissional.<\/p>\n","protected":false},"excerpt":{"rendered":"<p>Foto &#8211; PBR O pe\u00e3o brasileiro Cassio Dias Barbosa dr<\/p>\n","protected":false},"author":2,"featured_media":105211,"comment_status":"open","ping_status":"open","sticky":false,"template":"","format":"standard","meta":{"footnotes":""},"categories":[21,31],"tags":[],"class_list":["post-105210","post","type-post","status-publish","format-standard","has-post-thumbnail","hentry","category-esporte","category-internacional"],"yoast_head":"<!-- This site is optimized with the Yoast SEO plugin v27.4 - https:\/\/yoast.com\/product\/yoast-seo-wordpress\/ -->\n<title>Mineiro C\u00e1ssio Dias \u00e9 campe\u00e3o da PBR 2024 - Regi\u00e3o News<\/title>\n<meta name=\"robots\" content=\"index, follow, max-snippet:-1, max-image-preview:large, max-video-preview:-1\" \/>\n<link rel=\"canonical\" href=\"https:\/\/regiaonews.net.br\/2022\/2024\/05\/20\/mineiro-cassio-dias-e-campeao-da-pbr-2024\/\" \/>\n<meta property=\"og:locale\" content=\"pt_BR\" \/>\n<meta property=\"og:type\" content=\"article\" \/>\n<meta property=\"og:title\" content=\"Mineiro C\u00e1ssio Dias \u00e9 campe\u00e3o da PBR 2024 - Regi\u00e3o News\" \/>\n<meta property=\"og:description\" content=\"Foto &#8211; PBR O pe\u00e3o brasileiro Cassio Dias Barbosa dr\" \/>\n<meta property=\"og:url\" content=\"https:\/\/regiaonews.net.br\/2022\/2024\/05\/20\/mineiro-cassio-dias-e-campeao-da-pbr-2024\/\" \/>\n<meta property=\"og:site_name\" content=\"Regi\u00e3o News\" \/>\n<meta property=\"article:published_time\" content=\"2024-05-20T16:17:52+00:00\" \/>\n<meta property=\"og:image\" content=\"https:\/\/regiaonews.net.br\/2022\/wp-content\/uploads\/2024\/05\/Cassio-Dias-PBR-campeao-mundial-da-pbr-750x430-1.webp\" \/>\n\t<meta property=\"og:image:width\" content=\"750\" \/>\n\t<meta property=\"og:image:height\" content=\"430\" \/>\n\t<meta property=\"og:image:type\" content=\"image\/webp\" \/>\n<meta name=\"author\" content=\"Roberto\" \/>\n<meta name=\"twitter:card\" content=\"summary_large_image\" \/>\n<meta name=\"twitter:label1\" content=\"Escrito por\" \/>\n\t<meta name=\"twitter:data1\" content=\"Roberto\" \/>\n\t<meta name=\"twitter:label2\" content=\"Est. tempo de leitura\" \/>\n\t<meta name=\"twitter:data2\" content=\"2 minutos\" \/>\n<script type=\"application\/ld+json\" class=\"yoast-schema-graph\">{\"@context\":\"https:\\\/\\\/schema.org\",\"@graph\":[{\"@type\":\"Article\",\"@id\":\"https:\\\/\\\/regiaonews.net.br\\\/2022\\\/2024\\\/05\\\/20\\\/mineiro-cassio-dias-e-campeao-da-pbr-2024\\\/#article\",\"isPartOf\":{\"@id\":\"https:\\\/\\\/regiaonews.net.br\\\/2022\\\/2024\\\/05\\\/20\\\/mineiro-cassio-dias-e-campeao-da-pbr-2024\\\/\"},\"author\":{\"name\":\"Roberto\",\"@id\":\"https:\\\/\\\/regiaonews.net.br\\\/2022\\\/#\\\/schema\\\/person\\\/2d205a608a5aa97ac279d7a5e6d89ad8\"},\"headline\":\"Mineiro C\u00e1ssio Dias \u00e9 campe\u00e3o da PBR 2024\",\"datePublished\":\"2024-05-20T16:17:52+00:00\",\"mainEntityOfPage\":{\"@id\":\"https:\\\/\\\/regiaonews.net.br\\\/2022\\\/2024\\\/05\\\/20\\\/mineiro-cassio-dias-e-campeao-da-pbr-2024\\\/\"},\"wordCount\":268,\"commentCount\":0,\"publisher\":{\"@id\":\"https:\\\/\\\/regiaonews.net.br\\\/2022\\\/#organization\"},\"image\":{\"@id\":\"https:\\\/\\\/regiaonews.net.br\\\/2022\\\/2024\\\/05\\\/20\\\/mineiro-cassio-dias-e-campeao-da-pbr-2024\\\/#primaryimage\"},\"thumbnailUrl\":\"https:\\\/\\\/regiaonews.net.br\\\/2022\\\/wp-content\\\/uploads\\\/2024\\\/05\\\/Cassio-Dias-PBR-campeao-mundial-da-pbr-750x430-1.webp\",\"articleSection\":[\"Esporte\",\"Internacional\"],\"inLanguage\":\"pt-BR\",\"potentialAction\":[{\"@type\":\"CommentAction\",\"name\":\"Comment\",\"target\":[\"https:\\\/\\\/regiaonews.net.br\\\/2022\\\/2024\\\/05\\\/20\\\/mineiro-cassio-dias-e-campeao-da-pbr-2024\\\/#respond\"]}]},{\"@type\":\"WebPage\",\"@id\":\"https:\\\/\\\/regiaonews.net.br\\\/2022\\\/2024\\\/05\\\/20\\\/mineiro-cassio-dias-e-campeao-da-pbr-2024\\\/\",\"url\":\"https:\\\/\\\/regiaonews.net.br\\\/2022\\\/2024\\\/05\\\/20\\\/mineiro-cassio-dias-e-campeao-da-pbr-2024\\\/\",\"name\":\"Mineiro C\u00e1ssio Dias \u00e9 campe\u00e3o da PBR 2024 - Regi\u00e3o News\",\"isPartOf\":{\"@id\":\"https:\\\/\\\/regiaonews.net.br\\\/2022\\\/#website\"},\"primaryImageOfPage\":{\"@id\":\"https:\\\/\\\/regiaonews.net.br\\\/2022\\\/2024\\\/05\\\/20\\\/mineiro-cassio-dias-e-campeao-da-pbr-2024\\\/#primaryimage\"},\"image\":{\"@id\":\"https:\\\/\\\/regiaonews.net.br\\\/2022\\\/2024\\\/05\\\/20\\\/mineiro-cassio-dias-e-campeao-da-pbr-2024\\\/#primaryimage\"},\"thumbnailUrl\":\"https:\\\/\\\/regiaonews.net.br\\\/2022\\\/wp-content\\\/uploads\\\/2024\\\/05\\\/Cassio-Dias-PBR-campeao-mundial-da-pbr-750x430-1.webp\",\"datePublished\":\"2024-05-20T16:17:52+00:00\",\"breadcrumb\":{\"@id\":\"https:\\\/\\\/regiaonews.net.br\\\/2022\\\/2024\\\/05\\\/20\\\/mineiro-cassio-dias-e-campeao-da-pbr-2024\\\/#breadcrumb\"},\"inLanguage\":\"pt-BR\",\"potentialAction\":[{\"@type\":\"ReadAction\",\"target\":[\"https:\\\/\\\/regiaonews.net.br\\\/2022\\\/2024\\\/05\\\/20\\\/mineiro-cassio-dias-e-campeao-da-pbr-2024\\\/\"]}]},{\"@type\":\"ImageObject\",\"inLanguage\":\"pt-BR\",\"@id\":\"https:\\\/\\\/regiaonews.net.br\\\/2022\\\/2024\\\/05\\\/20\\\/mineiro-cassio-dias-e-campeao-da-pbr-2024\\\/#primaryimage\",\"url\":\"https:\\\/\\\/regiaonews.net.br\\\/2022\\\/wp-content\\\/uploads\\\/2024\\\/05\\\/Cassio-Dias-PBR-campeao-mundial-da-pbr-750x430-1.webp\",\"contentUrl\":\"https:\\\/\\\/regiaonews.net.br\\\/2022\\\/wp-content\\\/uploads\\\/2024\\\/05\\\/Cassio-Dias-PBR-campeao-mundial-da-pbr-750x430-1.webp\",\"width\":750,\"height\":430},{\"@type\":\"BreadcrumbList\",\"@id\":\"https:\\\/\\\/regiaonews.net.br\\\/2022\\\/2024\\\/05\\\/20\\\/mineiro-cassio-dias-e-campeao-da-pbr-2024\\\/#breadcrumb\",\"itemListElement\":[{\"@type\":\"ListItem\",\"position\":1,\"name\":\"In\u00edcio\",\"item\":\"https:\\\/\\\/regiaonews.net.br\\\/2022\\\/\"},{\"@type\":\"ListItem\",\"position\":2,\"name\":\"Mineiro C\u00e1ssio Dias \u00e9 campe\u00e3o da PBR 2024\"}]},{\"@type\":\"WebSite\",\"@id\":\"https:\\\/\\\/regiaonews.net.br\\\/2022\\\/#website\",\"url\":\"https:\\\/\\\/regiaonews.net.br\\\/2022\\\/\",\"name\":\"Regi\u00e3o News\",\"description\":\"Site de Not\u00edcias de Barretos e regi\u00e3o\",\"publisher\":{\"@id\":\"https:\\\/\\\/regiaonews.net.br\\\/2022\\\/#organization\"},\"potentialAction\":[{\"@type\":\"SearchAction\",\"target\":{\"@type\":\"EntryPoint\",\"urlTemplate\":\"https:\\\/\\\/regiaonews.net.br\\\/2022\\\/?s={search_term_string}\"},\"query-input\":{\"@type\":\"PropertyValueSpecification\",\"valueRequired\":true,\"valueName\":\"search_term_string\"}}],\"inLanguage\":\"pt-BR\"},{\"@type\":\"Organization\",\"@id\":\"https:\\\/\\\/regiaonews.net.br\\\/2022\\\/#organization\",\"name\":\"Regi\u00e3o News\",\"url\":\"https:\\\/\\\/regiaonews.net.br\\\/2022\\\/\",\"logo\":{\"@type\":\"ImageObject\",\"inLanguage\":\"pt-BR\",\"@id\":\"https:\\\/\\\/regiaonews.net.br\\\/2022\\\/#\\\/schema\\\/logo\\\/image\\\/\",\"url\":\"https:\\\/\\\/regiaonews.net.br\\\/2022\\\/wp-content\\\/uploads\\\/2026\\\/03\\\/regiao-13-anos-scaled.jpg\",\"contentUrl\":\"https:\\\/\\\/regiaonews.net.br\\\/2022\\\/wp-content\\\/uploads\\\/2026\\\/03\\\/regiao-13-anos-scaled.jpg\",\"width\":2560,\"height\":635,\"caption\":\"Regi\u00e3o News\"},\"image\":{\"@id\":\"https:\\\/\\\/regiaonews.net.br\\\/2022\\\/#\\\/schema\\\/logo\\\/image\\\/\"}},{\"@type\":\"Person\",\"@id\":\"https:\\\/\\\/regiaonews.net.br\\\/2022\\\/#\\\/schema\\\/person\\\/2d205a608a5aa97ac279d7a5e6d89ad8\",\"name\":\"Roberto\",\"image\":{\"@type\":\"ImageObject\",\"inLanguage\":\"pt-BR\",\"@id\":\"https:\\\/\\\/secure.gravatar.com\\\/avatar\\\/42749d8b712ff9d59ca93dc150494e5b55a44134482993f5baeb97e61b7ecc89?s=96&d=mm&r=g\",\"url\":\"https:\\\/\\\/secure.gravatar.com\\\/avatar\\\/42749d8b712ff9d59ca93dc150494e5b55a44134482993f5baeb97e61b7ecc89?s=96&d=mm&r=g\",\"contentUrl\":\"https:\\\/\\\/secure.gravatar.com\\\/avatar\\\/42749d8b712ff9d59ca93dc150494e5b55a44134482993f5baeb97e61b7ecc89?s=96&d=mm&r=g\",\"caption\":\"Roberto\"},\"url\":\"https:\\\/\\\/regiaonews.net.br\\\/2022\\\/author\\\/roberto\\\/\"}]}<\/script>\n<!-- \/ Yoast SEO plugin. -->","yoast_head_json":{"title":"Mineiro C\u00e1ssio Dias \u00e9 campe\u00e3o da PBR 2024 - Regi\u00e3o News","robots":{"index":"index","follow":"follow","max-snippet":"max-snippet:-1","max-image-preview":"max-image-preview:large","max-video-preview":"max-video-preview:-1"},"canonical":"https:\/\/regiaonews.net.br\/2022\/2024\/05\/20\/mineiro-cassio-dias-e-campeao-da-pbr-2024\/","og_locale":"pt_BR","og_type":"article","og_title":"Mineiro C\u00e1ssio Dias \u00e9 campe\u00e3o da PBR 2024 - Regi\u00e3o News","og_description":"Foto &#8211; PBR O pe\u00e3o brasileiro Cassio Dias Barbosa dr","og_url":"https:\/\/regiaonews.net.br\/2022\/2024\/05\/20\/mineiro-cassio-dias-e-campeao-da-pbr-2024\/","og_site_name":"Regi\u00e3o News","article_published_time":"2024-05-20T16:17:52+00:00","og_image":[{"width":750,"height":430,"url":"https:\/\/regiaonews.net.br\/2022\/wp-content\/uploads\/2024\/05\/Cassio-Dias-PBR-campeao-mundial-da-pbr-750x430-1.webp","type":"image\/webp"}],"author":"Roberto","twitter_card":"summary_large_image","twitter_misc":{"Escrito por":"Roberto","Est. tempo de leitura":"2 minutos"},"schema":{"@context":"https:\/\/schema.org","@graph":[{"@type":"Article","@id":"https:\/\/regiaonews.net.br\/2022\/2024\/05\/20\/mineiro-cassio-dias-e-campeao-da-pbr-2024\/#article","isPartOf":{"@id":"https:\/\/regiaonews.net.br\/2022\/2024\/05\/20\/mineiro-cassio-dias-e-campeao-da-pbr-2024\/"},"author":{"name":"Roberto","@id":"https:\/\/regiaonews.net.br\/2022\/#\/schema\/person\/2d205a608a5aa97ac279d7a5e6d89ad8"},"headline":"Mineiro C\u00e1ssio Dias \u00e9 campe\u00e3o da PBR 2024","datePublished":"2024-05-20T16:17:52+00:00","mainEntityOfPage":{"@id":"https:\/\/regiaonews.net.br\/2022\/2024\/05\/20\/mineiro-cassio-dias-e-campeao-da-pbr-2024\/"},"wordCount":268,"commentCount":0,"publisher":{"@id":"https:\/\/regiaonews.net.br\/2022\/#organization"},"image":{"@id":"https:\/\/regiaonews.net.br\/2022\/2024\/05\/20\/mineiro-cassio-dias-e-campeao-da-pbr-2024\/#primaryimage"},"thumbnailUrl":"https:\/\/regiaonews.net.br\/2022\/wp-content\/uploads\/2024\/05\/Cassio-Dias-PBR-campeao-mundial-da-pbr-750x430-1.webp","articleSection":["Esporte","Internacional"],"inLanguage":"pt-BR","potentialAction":[{"@type":"CommentAction","name":"Comment","target":["https:\/\/regiaonews.net.br\/2022\/2024\/05\/20\/mineiro-cassio-dias-e-campeao-da-pbr-2024\/#respond"]}]},{"@type":"WebPage","@id":"https:\/\/regiaonews.net.br\/2022\/2024\/05\/20\/mineiro-cassio-dias-e-campeao-da-pbr-2024\/","url":"https:\/\/regiaonews.net.br\/2022\/2024\/05\/20\/mineiro-cassio-dias-e-campeao-da-pbr-2024\/","name":"Mineiro C\u00e1ssio Dias \u00e9 campe\u00e3o da PBR 2024 - Regi\u00e3o News","isPartOf":{"@id":"https:\/\/regiaonews.net.br\/2022\/#website"},"primaryImageOfPage":{"@id":"https:\/\/regiaonews.net.br\/2022\/2024\/05\/20\/mineiro-cassio-dias-e-campeao-da-pbr-2024\/#primaryimage"},"image":{"@id":"https:\/\/regiaonews.net.br\/2022\/2024\/05\/20\/mineiro-cassio-dias-e-campeao-da-pbr-2024\/#primaryimage"},"thumbnailUrl":"https:\/\/regiaonews.net.br\/2022\/wp-content\/uploads\/2024\/05\/Cassio-Dias-PBR-campeao-mundial-da-pbr-750x430-1.webp","datePublished":"2024-05-20T16:17:52+00:00","breadcrumb":{"@id":"https:\/\/regiaonews.net.br\/2022\/2024\/05\/20\/mineiro-cassio-dias-e-campeao-da-pbr-2024\/#breadcrumb"},"inLanguage":"pt-BR","potentialAction":[{"@type":"ReadAction","target":["https:\/\/regiaonews.net.br\/2022\/2024\/05\/20\/mineiro-cassio-dias-e-campeao-da-pbr-2024\/"]}]},{"@type":"ImageObject","inLanguage":"pt-BR","@id":"https:\/\/regiaonews.net.br\/2022\/2024\/05\/20\/mineiro-cassio-dias-e-campeao-da-pbr-2024\/#primaryimage","url":"https:\/\/regiaonews.net.br\/2022\/wp-content\/uploads\/2024\/05\/Cassio-Dias-PBR-campeao-mundial-da-pbr-750x430-1.webp","contentUrl":"https:\/\/regiaonews.net.br\/2022\/wp-content\/uploads\/2024\/05\/Cassio-Dias-PBR-campeao-mundial-da-pbr-750x430-1.webp","width":750,"height":430},{"@type":"BreadcrumbList","@id":"https:\/\/regiaonews.net.br\/2022\/2024\/05\/20\/mineiro-cassio-dias-e-campeao-da-pbr-2024\/#breadcrumb","itemListElement":[{"@type":"ListItem","position":1,"name":"In\u00edcio","item":"https:\/\/regiaonews.net.br\/2022\/"},{"@type":"ListItem","position":2,"name":"Mineiro C\u00e1ssio Dias \u00e9 campe\u00e3o da PBR 2024"}]},{"@type":"WebSite","@id":"https:\/\/regiaonews.net.br\/2022\/#website","url":"https:\/\/regiaonews.net.br\/2022\/","name":"Regi\u00e3o News","description":"Site de Not\u00edcias de Barretos e regi\u00e3o","publisher":{"@id":"https:\/\/regiaonews.net.br\/2022\/#organization"},"potentialAction":[{"@type":"SearchAction","target":{"@type":"EntryPoint","urlTemplate":"https:\/\/regiaonews.net.br\/2022\/?s={search_term_string}"},"query-input":{"@type":"PropertyValueSpecification","valueRequired":true,"valueName":"search_term_string"}}],"inLanguage":"pt-BR"},{"@type":"Organization","@id":"https:\/\/regiaonews.net.br\/2022\/#organization","name":"Regi\u00e3o News","url":"https:\/\/regiaonews.net.br\/2022\/","logo":{"@type":"ImageObject","inLanguage":"pt-BR","@id":"https:\/\/regiaonews.net.br\/2022\/#\/schema\/logo\/image\/","url":"https:\/\/regiaonews.net.br\/2022\/wp-content\/uploads\/2026\/03\/regiao-13-anos-scaled.jpg","contentUrl":"https:\/\/regiaonews.net.br\/2022\/wp-content\/uploads\/2026\/03\/regiao-13-anos-scaled.jpg","width":2560,"height":635,"caption":"Regi\u00e3o News"},"image":{"@id":"https:\/\/regiaonews.net.br\/2022\/#\/schema\/logo\/image\/"}},{"@type":"Person","@id":"https:\/\/regiaonews.net.br\/2022\/#\/schema\/person\/2d205a608a5aa97ac279d7a5e6d89ad8","name":"Roberto","image":{"@type":"ImageObject","inLanguage":"pt-BR","@id":"https:\/\/secure.gravatar.com\/avatar\/42749d8b712ff9d59ca93dc150494e5b55a44134482993f5baeb97e61b7ecc89?s=96&d=mm&r=g","url":"https:\/\/secure.gravatar.com\/avatar\/42749d8b712ff9d59ca93dc150494e5b55a44134482993f5baeb97e61b7ecc89?s=96&d=mm&r=g","contentUrl":"https:\/\/secure.gravatar.com\/avatar\/42749d8b712ff9d59ca93dc150494e5b55a44134482993f5baeb97e61b7ecc89?s=96&d=mm&r=g","caption":"Roberto"},"url":"https:\/\/regiaonews.net.br\/2022\/author\/roberto\/"}]}},"publishpress_future_action":{"enabled":false,"date":"2026-05-03 09:23:19","action":"change-status","newStatus":"draft","terms":[],"taxonomy":"category","extraData":[]},"publishpress_future_workflow_manual_trigger":{"enabledWorkflows":[]},"_links":{"self":[{"href":"https:\/\/regiaonews.net.br\/2022\/wp-json\/wp\/v2\/posts\/105210","targetHints":{"allow":["GET"]}}],"collection":[{"href":"https:\/\/regiaonews.net.br\/2022\/wp-json\/wp\/v2\/posts"}],"about":[{"href":"https:\/\/regiaonews.net.br\/2022\/wp-json\/wp\/v2\/types\/post"}],"author":[{"embeddable":true,"href":"https:\/\/regiaonews.net.br\/2022\/wp-json\/wp\/v2\/users\/2"}],"replies":[{"embeddable":true,"href":"https:\/\/regiaonews.net.br\/2022\/wp-json\/wp\/v2\/comments?post=105210"}],"version-history":[{"count":1,"href":"https:\/\/regiaonews.net.br\/2022\/wp-json\/wp\/v2\/posts\/105210\/revisions"}],"predecessor-version":[{"id":105212,"href":"https:\/\/regiaonews.net.br\/2022\/wp-json\/wp\/v2\/posts\/105210\/revisions\/105212"}],"wp:featuredmedia":[{"embeddable":true,"href":"https:\/\/regiaonews.net.br\/2022\/wp-json\/wp\/v2\/media\/105211"}],"wp:attachment":[{"href":"https:\/\/regiaonews.net.br\/2022\/wp-json\/wp\/v2\/media?parent=105210"}],"wp:term":[{"taxonomy":"category","embeddable":true,"href":"https:\/\/regiaonews.net.br\/2022\/wp-json\/wp\/v2\/categories?post=105210"},{"taxonomy":"post_tag","embeddable":true,"href":"https:\/\/regiaonews.net.br\/2022\/wp-json\/wp\/v2\/tags?post=105210"}],"curies":[{"name":"wp","href":"https:\/\/api.w.org\/{rel}","templated":true}]}}