{"id":105157,"date":"2024-05-18T09:37:27","date_gmt":"2024-05-18T12:37:27","guid":{"rendered":"https:\/\/regiaonews.net.br\/2022\/?p=105157"},"modified":"2024-05-18T09:37:27","modified_gmt":"2024-05-18T12:37:27","slug":"paroquia-santo-antonio-recebe-imagens-do-divino-espirito-santo-e-nossa-senhora","status":"publish","type":"post","link":"https:\/\/regiaonews.net.br\/2022\/2024\/05\/18\/paroquia-santo-antonio-recebe-imagens-do-divino-espirito-santo-e-nossa-senhora\/","title":{"rendered":"Par\u00f3quia Santo Ant\u00f4nio recebe imagens do Divino Esp\u00edrito Santo e Nossa Senhora"},"content":{"rendered":"<p>A\u00a0 Par\u00f3quia de Santo Ant\u00f4nio de P\u00e1dua est\u00e1 bastante feliz com o recebimento do\u00a0 Divino Esp\u00edrito Santo acompanhado da imagem de Nossa Senhora Aparecida. &#8220;Eles vieram para alegrar a nossa comunidade, onde tivemos em ora\u00e7\u00e3o na Santa Missa das 12hs, na Capela de Santa Bakhita e \u00e0s 19:30hs com todos os membros de pastorais, movimentos, ter\u00e7os dos homens, das mulheres e as nossas comunidades: Nossa Senhora Guadalupe, S\u00e3o Paulo, S\u00e3o Crist\u00f3v\u00e3o, Santos Anjos, Santa Josefina Bakhita, Santana, S\u00e3o Jos\u00e9, Santa Ana e Santos Reis. &#8220;Momento este de venerar as imagens do Esp\u00edrito Santo e Nossa Senhora Aparecida e tamb\u00e9m de nos alegrarmos com o Esp\u00edrito Santo que \u00e9 a luz para iluminar o povo da nossa diocese. Que o Esp\u00edrito Santo seja a for\u00e7a para aquecer os momentos dif\u00edceis que \u00e0s vezes passamos em nossas comunidades, mas que possamos assim nos fortalecer sempre. Pedimos ao Esp\u00edrito Santo e Nossa Senhora pelo nosso povo sofredor, pelas pessoas desempregadas, com problemas de sa\u00fade e com tantos outros tipos de problemas e nessas ora\u00e7\u00f5es inclu\u00edmos tamb\u00e9m os nossos irm\u00e3os do Rio Grande do Sul. Viva o Divino Esp\u00edrito Santo&#8221;, destacou o padre Deon\u00edsio Helko, p\u00e1roco da Par\u00f3quia Nossa Senhora Aparecida.<\/p>\n<p><a href=\"https:\/\/regiaonews.net.br\/2022\/wp-content\/uploads\/2024\/05\/WhatsApp-Image-2024-05-17-at-08.29.42.jpeg\"><img loading=\"lazy\" decoding=\"async\" class=\"alignnone size-medium wp-image-105158\" src=\"https:\/\/regiaonews.net.br\/2022\/wp-content\/uploads\/2024\/05\/WhatsApp-Image-2024-05-17-at-08.29.42-221x300.jpeg\" alt=\"\" width=\"221\" height=\"300\" srcset=\"https:\/\/regiaonews.net.br\/2022\/wp-content\/uploads\/2024\/05\/WhatsApp-Image-2024-05-17-at-08.29.42-221x300.jpeg 221w, https:\/\/regiaonews.net.br\/2022\/wp-content\/uploads\/2024\/05\/WhatsApp-Image-2024-05-17-at-08.29.42-755x1024.jpeg 755w, https:\/\/regiaonews.net.br\/2022\/wp-content\/uploads\/2024\/05\/WhatsApp-Image-2024-05-17-at-08.29.42-768x1041.jpeg 768w, https:\/\/regiaonews.net.br\/2022\/wp-content\/uploads\/2024\/05\/WhatsApp-Image-2024-05-17-at-08.29.42-1133x1536.jpeg 1133w, https:\/\/regiaonews.net.br\/2022\/wp-content\/uploads\/2024\/05\/WhatsApp-Image-2024-05-17-at-08.29.42-250x339.jpeg 250w, https:\/\/regiaonews.net.br\/2022\/wp-content\/uploads\/2024\/05\/WhatsApp-Image-2024-05-17-at-08.29.42.jpeg 1180w\" sizes=\"auto, (max-width: 221px) 100vw, 221px\" \/><\/a><\/p>\n","protected":false},"excerpt":{"rendered":"<p>A\u00a0 Par\u00f3quia de Santo Ant\u00f4nio de P\u00e1dua est\u00e1 bastante feliz<\/p>\n","protected":false},"author":2,"featured_media":105160,"comment_status":"open","ping_status":"open","sticky":false,"template":"","format":"standard","meta":{"footnotes":""},"categories":[14,25],"tags":[],"class_list":["post-105157","post","type-post","status-publish","format-standard","has-post-thumbnail","hentry","category-barretos","category-cidades"],"yoast_head":"<!-- This site is optimized with the Yoast SEO plugin v27.4 - https:\/\/yoast.com\/product\/yoast-seo-wordpress\/ -->\n<title>Par\u00f3quia Santo Ant\u00f4nio recebe imagens do Divino Esp\u00edrito Santo e Nossa Senhora - Regi\u00e3o News<\/title>\n<meta name=\"robots\" content=\"index, follow, max-snippet:-1, max-image-preview:large, max-video-preview:-1\" \/>\n<link rel=\"canonical\" href=\"https:\/\/regiaonews.net.br\/2022\/2024\/05\/18\/paroquia-santo-antonio-recebe-imagens-do-divino-espirito-santo-e-nossa-senhora\/\" \/>\n<meta property=\"og:locale\" content=\"pt_BR\" \/>\n<meta property=\"og:type\" content=\"article\" \/>\n<meta property=\"og:title\" content=\"Par\u00f3quia Santo Ant\u00f4nio recebe imagens do Divino Esp\u00edrito Santo e Nossa Senhora - Regi\u00e3o News\" \/>\n<meta property=\"og:description\" content=\"A\u00a0 Par\u00f3quia de Santo Ant\u00f4nio de P\u00e1dua est\u00e1 bastante feliz\" \/>\n<meta property=\"og:url\" content=\"https:\/\/regiaonews.net.br\/2022\/2024\/05\/18\/paroquia-santo-antonio-recebe-imagens-do-divino-espirito-santo-e-nossa-senhora\/\" \/>\n<meta property=\"og:site_name\" content=\"Regi\u00e3o News\" \/>\n<meta property=\"article:published_time\" content=\"2024-05-18T12:37:27+00:00\" \/>\n<meta property=\"og:image\" content=\"https:\/\/regiaonews.net.br\/2022\/wp-content\/uploads\/2024\/05\/WhatsApp-Image-2024-05-17-at-08.29.43-1.jpeg\" \/>\n\t<meta property=\"og:image:width\" content=\"1600\" \/>\n\t<meta property=\"og:image:height\" content=\"988\" \/>\n\t<meta property=\"og:image:type\" content=\"image\/jpeg\" \/>\n<meta name=\"author\" content=\"Roberto\" \/>\n<meta name=\"twitter:card\" content=\"summary_large_image\" \/>\n<meta name=\"twitter:label1\" content=\"Escrito por\" \/>\n\t<meta name=\"twitter:data1\" content=\"Roberto\" \/>\n\t<meta name=\"twitter:label2\" content=\"Est. tempo de leitura\" \/>\n\t<meta name=\"twitter:data2\" content=\"2 minutos\" \/>\n<script type=\"application\/ld+json\" class=\"yoast-schema-graph\">{\"@context\":\"https:\\\/\\\/schema.org\",\"@graph\":[{\"@type\":\"Article\",\"@id\":\"https:\\\/\\\/regiaonews.net.br\\\/2022\\\/2024\\\/05\\\/18\\\/paroquia-santo-antonio-recebe-imagens-do-divino-espirito-santo-e-nossa-senhora\\\/#article\",\"isPartOf\":{\"@id\":\"https:\\\/\\\/regiaonews.net.br\\\/2022\\\/2024\\\/05\\\/18\\\/paroquia-santo-antonio-recebe-imagens-do-divino-espirito-santo-e-nossa-senhora\\\/\"},\"author\":{\"name\":\"Roberto\",\"@id\":\"https:\\\/\\\/regiaonews.net.br\\\/2022\\\/#\\\/schema\\\/person\\\/2d205a608a5aa97ac279d7a5e6d89ad8\"},\"headline\":\"Par\u00f3quia Santo Ant\u00f4nio recebe imagens do Divino Esp\u00edrito Santo e Nossa Senhora\",\"datePublished\":\"2024-05-18T12:37:27+00:00\",\"mainEntityOfPage\":{\"@id\":\"https:\\\/\\\/regiaonews.net.br\\\/2022\\\/2024\\\/05\\\/18\\\/paroquia-santo-antonio-recebe-imagens-do-divino-espirito-santo-e-nossa-senhora\\\/\"},\"wordCount\":238,\"commentCount\":0,\"publisher\":{\"@id\":\"https:\\\/\\\/regiaonews.net.br\\\/2022\\\/#organization\"},\"image\":{\"@id\":\"https:\\\/\\\/regiaonews.net.br\\\/2022\\\/2024\\\/05\\\/18\\\/paroquia-santo-antonio-recebe-imagens-do-divino-espirito-santo-e-nossa-senhora\\\/#primaryimage\"},\"thumbnailUrl\":\"https:\\\/\\\/regiaonews.net.br\\\/2022\\\/wp-content\\\/uploads\\\/2024\\\/05\\\/WhatsApp-Image-2024-05-17-at-08.29.43-1.jpeg\",\"articleSection\":[\"Barretos\",\"Cidades\"],\"inLanguage\":\"pt-BR\",\"potentialAction\":[{\"@type\":\"CommentAction\",\"name\":\"Comment\",\"target\":[\"https:\\\/\\\/regiaonews.net.br\\\/2022\\\/2024\\\/05\\\/18\\\/paroquia-santo-antonio-recebe-imagens-do-divino-espirito-santo-e-nossa-senhora\\\/#respond\"]}]},{\"@type\":\"WebPage\",\"@id\":\"https:\\\/\\\/regiaonews.net.br\\\/2022\\\/2024\\\/05\\\/18\\\/paroquia-santo-antonio-recebe-imagens-do-divino-espirito-santo-e-nossa-senhora\\\/\",\"url\":\"https:\\\/\\\/regiaonews.net.br\\\/2022\\\/2024\\\/05\\\/18\\\/paroquia-santo-antonio-recebe-imagens-do-divino-espirito-santo-e-nossa-senhora\\\/\",\"name\":\"Par\u00f3quia Santo Ant\u00f4nio recebe imagens do Divino Esp\u00edrito Santo e Nossa Senhora - Regi\u00e3o News\",\"isPartOf\":{\"@id\":\"https:\\\/\\\/regiaonews.net.br\\\/2022\\\/#website\"},\"primaryImageOfPage\":{\"@id\":\"https:\\\/\\\/regiaonews.net.br\\\/2022\\\/2024\\\/05\\\/18\\\/paroquia-santo-antonio-recebe-imagens-do-divino-espirito-santo-e-nossa-senhora\\\/#primaryimage\"},\"image\":{\"@id\":\"https:\\\/\\\/regiaonews.net.br\\\/2022\\\/2024\\\/05\\\/18\\\/paroquia-santo-antonio-recebe-imagens-do-divino-espirito-santo-e-nossa-senhora\\\/#primaryimage\"},\"thumbnailUrl\":\"https:\\\/\\\/regiaonews.net.br\\\/2022\\\/wp-content\\\/uploads\\\/2024\\\/05\\\/WhatsApp-Image-2024-05-17-at-08.29.43-1.jpeg\",\"datePublished\":\"2024-05-18T12:37:27+00:00\",\"breadcrumb\":{\"@id\":\"https:\\\/\\\/regiaonews.net.br\\\/2022\\\/2024\\\/05\\\/18\\\/paroquia-santo-antonio-recebe-imagens-do-divino-espirito-santo-e-nossa-senhora\\\/#breadcrumb\"},\"inLanguage\":\"pt-BR\",\"potentialAction\":[{\"@type\":\"ReadAction\",\"target\":[\"https:\\\/\\\/regiaonews.net.br\\\/2022\\\/2024\\\/05\\\/18\\\/paroquia-santo-antonio-recebe-imagens-do-divino-espirito-santo-e-nossa-senhora\\\/\"]}]},{\"@type\":\"ImageObject\",\"inLanguage\":\"pt-BR\",\"@id\":\"https:\\\/\\\/regiaonews.net.br\\\/2022\\\/2024\\\/05\\\/18\\\/paroquia-santo-antonio-recebe-imagens-do-divino-espirito-santo-e-nossa-senhora\\\/#primaryimage\",\"url\":\"https:\\\/\\\/regiaonews.net.br\\\/2022\\\/wp-content\\\/uploads\\\/2024\\\/05\\\/WhatsApp-Image-2024-05-17-at-08.29.43-1.jpeg\",\"contentUrl\":\"https:\\\/\\\/regiaonews.net.br\\\/2022\\\/wp-content\\\/uploads\\\/2024\\\/05\\\/WhatsApp-Image-2024-05-17-at-08.29.43-1.jpeg\",\"width\":1600,\"height\":988},{\"@type\":\"BreadcrumbList\",\"@id\":\"https:\\\/\\\/regiaonews.net.br\\\/2022\\\/2024\\\/05\\\/18\\\/paroquia-santo-antonio-recebe-imagens-do-divino-espirito-santo-e-nossa-senhora\\\/#breadcrumb\",\"itemListElement\":[{\"@type\":\"ListItem\",\"position\":1,\"name\":\"In\u00edcio\",\"item\":\"https:\\\/\\\/regiaonews.net.br\\\/2022\\\/\"},{\"@type\":\"ListItem\",\"position\":2,\"name\":\"Par\u00f3quia Santo Ant\u00f4nio recebe imagens do Divino Esp\u00edrito Santo e Nossa Senhora\"}]},{\"@type\":\"WebSite\",\"@id\":\"https:\\\/\\\/regiaonews.net.br\\\/2022\\\/#website\",\"url\":\"https:\\\/\\\/regiaonews.net.br\\\/2022\\\/\",\"name\":\"Regi\u00e3o News\",\"description\":\"Site de Not\u00edcias de Barretos e regi\u00e3o\",\"publisher\":{\"@id\":\"https:\\\/\\\/regiaonews.net.br\\\/2022\\\/#organization\"},\"potentialAction\":[{\"@type\":\"SearchAction\",\"target\":{\"@type\":\"EntryPoint\",\"urlTemplate\":\"https:\\\/\\\/regiaonews.net.br\\\/2022\\\/?s={search_term_string}\"},\"query-input\":{\"@type\":\"PropertyValueSpecification\",\"valueRequired\":true,\"valueName\":\"search_term_string\"}}],\"inLanguage\":\"pt-BR\"},{\"@type\":\"Organization\",\"@id\":\"https:\\\/\\\/regiaonews.net.br\\\/2022\\\/#organization\",\"name\":\"Regi\u00e3o News\",\"url\":\"https:\\\/\\\/regiaonews.net.br\\\/2022\\\/\",\"logo\":{\"@type\":\"ImageObject\",\"inLanguage\":\"pt-BR\",\"@id\":\"https:\\\/\\\/regiaonews.net.br\\\/2022\\\/#\\\/schema\\\/logo\\\/image\\\/\",\"url\":\"https:\\\/\\\/regiaonews.net.br\\\/2022\\\/wp-content\\\/uploads\\\/2026\\\/03\\\/regiao-13-anos-scaled.jpg\",\"contentUrl\":\"https:\\\/\\\/regiaonews.net.br\\\/2022\\\/wp-content\\\/uploads\\\/2026\\\/03\\\/regiao-13-anos-scaled.jpg\",\"width\":2560,\"height\":635,\"caption\":\"Regi\u00e3o News\"},\"image\":{\"@id\":\"https:\\\/\\\/regiaonews.net.br\\\/2022\\\/#\\\/schema\\\/logo\\\/image\\\/\"}},{\"@type\":\"Person\",\"@id\":\"https:\\\/\\\/regiaonews.net.br\\\/2022\\\/#\\\/schema\\\/person\\\/2d205a608a5aa97ac279d7a5e6d89ad8\",\"name\":\"Roberto\",\"image\":{\"@type\":\"ImageObject\",\"inLanguage\":\"pt-BR\",\"@id\":\"https:\\\/\\\/secure.gravatar.com\\\/avatar\\\/42749d8b712ff9d59ca93dc150494e5b55a44134482993f5baeb97e61b7ecc89?s=96&d=mm&r=g\",\"url\":\"https:\\\/\\\/secure.gravatar.com\\\/avatar\\\/42749d8b712ff9d59ca93dc150494e5b55a44134482993f5baeb97e61b7ecc89?s=96&d=mm&r=g\",\"contentUrl\":\"https:\\\/\\\/secure.gravatar.com\\\/avatar\\\/42749d8b712ff9d59ca93dc150494e5b55a44134482993f5baeb97e61b7ecc89?s=96&d=mm&r=g\",\"caption\":\"Roberto\"},\"url\":\"https:\\\/\\\/regiaonews.net.br\\\/2022\\\/author\\\/roberto\\\/\"}]}<\/script>\n<!-- \/ Yoast SEO plugin. -->","yoast_head_json":{"title":"Par\u00f3quia Santo Ant\u00f4nio recebe imagens do Divino Esp\u00edrito Santo e Nossa Senhora - Regi\u00e3o News","robots":{"index":"index","follow":"follow","max-snippet":"max-snippet:-1","max-image-preview":"max-image-preview:large","max-video-preview":"max-video-preview:-1"},"canonical":"https:\/\/regiaonews.net.br\/2022\/2024\/05\/18\/paroquia-santo-antonio-recebe-imagens-do-divino-espirito-santo-e-nossa-senhora\/","og_locale":"pt_BR","og_type":"article","og_title":"Par\u00f3quia Santo Ant\u00f4nio recebe imagens do Divino Esp\u00edrito Santo e Nossa Senhora - Regi\u00e3o News","og_description":"A\u00a0 Par\u00f3quia de Santo Ant\u00f4nio de P\u00e1dua est\u00e1 bastante feliz","og_url":"https:\/\/regiaonews.net.br\/2022\/2024\/05\/18\/paroquia-santo-antonio-recebe-imagens-do-divino-espirito-santo-e-nossa-senhora\/","og_site_name":"Regi\u00e3o News","article_published_time":"2024-05-18T12:37:27+00:00","og_image":[{"width":1600,"height":988,"url":"https:\/\/regiaonews.net.br\/2022\/wp-content\/uploads\/2024\/05\/WhatsApp-Image-2024-05-17-at-08.29.43-1.jpeg","type":"image\/jpeg"}],"author":"Roberto","twitter_card":"summary_large_image","twitter_misc":{"Escrito por":"Roberto","Est. tempo de leitura":"2 minutos"},"schema":{"@context":"https:\/\/schema.org","@graph":[{"@type":"Article","@id":"https:\/\/regiaonews.net.br\/2022\/2024\/05\/18\/paroquia-santo-antonio-recebe-imagens-do-divino-espirito-santo-e-nossa-senhora\/#article","isPartOf":{"@id":"https:\/\/regiaonews.net.br\/2022\/2024\/05\/18\/paroquia-santo-antonio-recebe-imagens-do-divino-espirito-santo-e-nossa-senhora\/"},"author":{"name":"Roberto","@id":"https:\/\/regiaonews.net.br\/2022\/#\/schema\/person\/2d205a608a5aa97ac279d7a5e6d89ad8"},"headline":"Par\u00f3quia Santo Ant\u00f4nio recebe imagens do Divino Esp\u00edrito Santo e Nossa Senhora","datePublished":"2024-05-18T12:37:27+00:00","mainEntityOfPage":{"@id":"https:\/\/regiaonews.net.br\/2022\/2024\/05\/18\/paroquia-santo-antonio-recebe-imagens-do-divino-espirito-santo-e-nossa-senhora\/"},"wordCount":238,"commentCount":0,"publisher":{"@id":"https:\/\/regiaonews.net.br\/2022\/#organization"},"image":{"@id":"https:\/\/regiaonews.net.br\/2022\/2024\/05\/18\/paroquia-santo-antonio-recebe-imagens-do-divino-espirito-santo-e-nossa-senhora\/#primaryimage"},"thumbnailUrl":"https:\/\/regiaonews.net.br\/2022\/wp-content\/uploads\/2024\/05\/WhatsApp-Image-2024-05-17-at-08.29.43-1.jpeg","articleSection":["Barretos","Cidades"],"inLanguage":"pt-BR","potentialAction":[{"@type":"CommentAction","name":"Comment","target":["https:\/\/regiaonews.net.br\/2022\/2024\/05\/18\/paroquia-santo-antonio-recebe-imagens-do-divino-espirito-santo-e-nossa-senhora\/#respond"]}]},{"@type":"WebPage","@id":"https:\/\/regiaonews.net.br\/2022\/2024\/05\/18\/paroquia-santo-antonio-recebe-imagens-do-divino-espirito-santo-e-nossa-senhora\/","url":"https:\/\/regiaonews.net.br\/2022\/2024\/05\/18\/paroquia-santo-antonio-recebe-imagens-do-divino-espirito-santo-e-nossa-senhora\/","name":"Par\u00f3quia Santo Ant\u00f4nio recebe imagens do Divino Esp\u00edrito Santo e Nossa Senhora - Regi\u00e3o News","isPartOf":{"@id":"https:\/\/regiaonews.net.br\/2022\/#website"},"primaryImageOfPage":{"@id":"https:\/\/regiaonews.net.br\/2022\/2024\/05\/18\/paroquia-santo-antonio-recebe-imagens-do-divino-espirito-santo-e-nossa-senhora\/#primaryimage"},"image":{"@id":"https:\/\/regiaonews.net.br\/2022\/2024\/05\/18\/paroquia-santo-antonio-recebe-imagens-do-divino-espirito-santo-e-nossa-senhora\/#primaryimage"},"thumbnailUrl":"https:\/\/regiaonews.net.br\/2022\/wp-content\/uploads\/2024\/05\/WhatsApp-Image-2024-05-17-at-08.29.43-1.jpeg","datePublished":"2024-05-18T12:37:27+00:00","breadcrumb":{"@id":"https:\/\/regiaonews.net.br\/2022\/2024\/05\/18\/paroquia-santo-antonio-recebe-imagens-do-divino-espirito-santo-e-nossa-senhora\/#breadcrumb"},"inLanguage":"pt-BR","potentialAction":[{"@type":"ReadAction","target":["https:\/\/regiaonews.net.br\/2022\/2024\/05\/18\/paroquia-santo-antonio-recebe-imagens-do-divino-espirito-santo-e-nossa-senhora\/"]}]},{"@type":"ImageObject","inLanguage":"pt-BR","@id":"https:\/\/regiaonews.net.br\/2022\/2024\/05\/18\/paroquia-santo-antonio-recebe-imagens-do-divino-espirito-santo-e-nossa-senhora\/#primaryimage","url":"https:\/\/regiaonews.net.br\/2022\/wp-content\/uploads\/2024\/05\/WhatsApp-Image-2024-05-17-at-08.29.43-1.jpeg","contentUrl":"https:\/\/regiaonews.net.br\/2022\/wp-content\/uploads\/2024\/05\/WhatsApp-Image-2024-05-17-at-08.29.43-1.jpeg","width":1600,"height":988},{"@type":"BreadcrumbList","@id":"https:\/\/regiaonews.net.br\/2022\/2024\/05\/18\/paroquia-santo-antonio-recebe-imagens-do-divino-espirito-santo-e-nossa-senhora\/#breadcrumb","itemListElement":[{"@type":"ListItem","position":1,"name":"In\u00edcio","item":"https:\/\/regiaonews.net.br\/2022\/"},{"@type":"ListItem","position":2,"name":"Par\u00f3quia Santo Ant\u00f4nio recebe imagens do Divino Esp\u00edrito Santo e Nossa Senhora"}]},{"@type":"WebSite","@id":"https:\/\/regiaonews.net.br\/2022\/#website","url":"https:\/\/regiaonews.net.br\/2022\/","name":"Regi\u00e3o News","description":"Site de Not\u00edcias de Barretos e regi\u00e3o","publisher":{"@id":"https:\/\/regiaonews.net.br\/2022\/#organization"},"potentialAction":[{"@type":"SearchAction","target":{"@type":"EntryPoint","urlTemplate":"https:\/\/regiaonews.net.br\/2022\/?s={search_term_string}"},"query-input":{"@type":"PropertyValueSpecification","valueRequired":true,"valueName":"search_term_string"}}],"inLanguage":"pt-BR"},{"@type":"Organization","@id":"https:\/\/regiaonews.net.br\/2022\/#organization","name":"Regi\u00e3o News","url":"https:\/\/regiaonews.net.br\/2022\/","logo":{"@type":"ImageObject","inLanguage":"pt-BR","@id":"https:\/\/regiaonews.net.br\/2022\/#\/schema\/logo\/image\/","url":"https:\/\/regiaonews.net.br\/2022\/wp-content\/uploads\/2026\/03\/regiao-13-anos-scaled.jpg","contentUrl":"https:\/\/regiaonews.net.br\/2022\/wp-content\/uploads\/2026\/03\/regiao-13-anos-scaled.jpg","width":2560,"height":635,"caption":"Regi\u00e3o News"},"image":{"@id":"https:\/\/regiaonews.net.br\/2022\/#\/schema\/logo\/image\/"}},{"@type":"Person","@id":"https:\/\/regiaonews.net.br\/2022\/#\/schema\/person\/2d205a608a5aa97ac279d7a5e6d89ad8","name":"Roberto","image":{"@type":"ImageObject","inLanguage":"pt-BR","@id":"https:\/\/secure.gravatar.com\/avatar\/42749d8b712ff9d59ca93dc150494e5b55a44134482993f5baeb97e61b7ecc89?s=96&d=mm&r=g","url":"https:\/\/secure.gravatar.com\/avatar\/42749d8b712ff9d59ca93dc150494e5b55a44134482993f5baeb97e61b7ecc89?s=96&d=mm&r=g","contentUrl":"https:\/\/secure.gravatar.com\/avatar\/42749d8b712ff9d59ca93dc150494e5b55a44134482993f5baeb97e61b7ecc89?s=96&d=mm&r=g","caption":"Roberto"},"url":"https:\/\/regiaonews.net.br\/2022\/author\/roberto\/"}]}},"publishpress_future_action":{"enabled":false,"date":"2026-05-03 03:43:11","action":"change-status","newStatus":"draft","terms":[],"taxonomy":"category","extraData":[]},"publishpress_future_workflow_manual_trigger":{"enabledWorkflows":[]},"_links":{"self":[{"href":"https:\/\/regiaonews.net.br\/2022\/wp-json\/wp\/v2\/posts\/105157","targetHints":{"allow":["GET"]}}],"collection":[{"href":"https:\/\/regiaonews.net.br\/2022\/wp-json\/wp\/v2\/posts"}],"about":[{"href":"https:\/\/regiaonews.net.br\/2022\/wp-json\/wp\/v2\/types\/post"}],"author":[{"embeddable":true,"href":"https:\/\/regiaonews.net.br\/2022\/wp-json\/wp\/v2\/users\/2"}],"replies":[{"embeddable":true,"href":"https:\/\/regiaonews.net.br\/2022\/wp-json\/wp\/v2\/comments?post=105157"}],"version-history":[{"count":1,"href":"https:\/\/regiaonews.net.br\/2022\/wp-json\/wp\/v2\/posts\/105157\/revisions"}],"predecessor-version":[{"id":105161,"href":"https:\/\/regiaonews.net.br\/2022\/wp-json\/wp\/v2\/posts\/105157\/revisions\/105161"}],"wp:featuredmedia":[{"embeddable":true,"href":"https:\/\/regiaonews.net.br\/2022\/wp-json\/wp\/v2\/media\/105160"}],"wp:attachment":[{"href":"https:\/\/regiaonews.net.br\/2022\/wp-json\/wp\/v2\/media?parent=105157"}],"wp:term":[{"taxonomy":"category","embeddable":true,"href":"https:\/\/regiaonews.net.br\/2022\/wp-json\/wp\/v2\/categories?post=105157"},{"taxonomy":"post_tag","embeddable":true,"href":"https:\/\/regiaonews.net.br\/2022\/wp-json\/wp\/v2\/tags?post=105157"}],"curies":[{"name":"wp","href":"https:\/\/api.w.org\/{rel}","templated":true}]}}