{"id":105153,"date":"2024-05-18T07:18:38","date_gmt":"2024-05-18T10:18:38","guid":{"rendered":"https:\/\/regiaonews.net.br\/2022\/?p=105153"},"modified":"2024-05-18T07:18:38","modified_gmt":"2024-05-18T10:18:38","slug":"semana-de-conscientizacao-sobre-a-campanha-maio-laranja-termina-com-balanco-de-acoes-e-entrega-de-premios-de-concurso-de-desenho","status":"publish","type":"post","link":"https:\/\/regiaonews.net.br\/2022\/2024\/05\/18\/semana-de-conscientizacao-sobre-a-campanha-maio-laranja-termina-com-balanco-de-acoes-e-entrega-de-premios-de-concurso-de-desenho\/","title":{"rendered":"Semana de conscientiza\u00e7\u00e3o sobre a Campanha Maio Laranja termina com balan\u00e7o de a\u00e7\u00f5es e entrega de pr\u00eamios de concurso de desenho"},"content":{"rendered":"<p>Dia Nacional de Combate ao Abuso e Explora\u00e7\u00e3o Sexual contra Crian\u00e7as e Adolescentes \u00e9 celebrado neste s\u00e1bado, dia 18<\/p>\n<p>Com o objetivo de conscientizar a popula\u00e7\u00e3o sobre a Campanha Maio Laranja, a Prefeitura de Barretos desenvolveu ao longo desta semana a programa\u00e7\u00e3o \u201cBarretos Faz Bonito!\u201d, uma sequ\u00eancia de a\u00e7\u00f5es na cidade com palestras, mesas redondas, oficinas multidisciplinares e concurso de desenhos sobre o tema. O encerramento ocorreu na manh\u00e3 desta sexta-feira, dia 17, na Casa da Juventude, v\u00e9spera do Dia Nacional de Combate ao Abuso e Explora\u00e7\u00e3o Sexual contra Crian\u00e7as e Adolescentes.<br \/>\n\u201c\u00c9 uma quest\u00e3o que eu levanto enquanto m\u00e3e, cidad\u00e3 e prefeita de uma cidade. A gente tem que tocar na ferida. Essa ferida que muitas vezes as pessoas preferem esconder, mas n\u00e3o \u00e9 o nosso caso. Tanto que implantamos nas nossas escolas o &#8220;Eu Posso Te Ouvir&#8221;, pra que esses jovens fiquem mais pr\u00f3ximos da gente. Tamb\u00e9m, de uma forma in\u00e9dita, qualificamos 15 jovens, que se dispuseram vir aqui na Casa da Juventude, onde a gente explicou tudo sobre abuso sexual e a import\u00e2ncia deles serem multiplicadores. Esses jovens palestraram pros pr\u00f3prios amigos sobre o que aprenderam e isso \u00e9 muito gratificante.\u201d, disse a Prefeita Paula Lemos.<br \/>\nA escriv\u00e3 da Delegacia de Defesa da Mulher (DDM), Taciana Mara Nunes, foi uma das parceiras da programa\u00e7\u00e3o. \u201cFoi um evento constru\u00eddo a muitas m\u00e3os, muitas pessoas engajadas participando e muitos equipamentos da nossa rede de prote\u00e7\u00e3o. Somos privilegiados aqui em Barretos, n\u00f3s temos uma prefeita que se preocupa com as pessoas, n\u00f3s temos uma rede de prote\u00e7\u00e3o que se conversa, que trabalha junto e que acontece. \u00c9 uma rede de prote\u00e7\u00e3o ativa, que funciona\u201d, disse.<br \/>\nSecret\u00e1ria Municipal de Assist\u00eancia Social e Desenvolvimento Humano, Vit\u00f3ria Saretta destacou a import\u00e2ncia de se refletir sobre o assunto e procurar a rede de ajuda se necess\u00e1rio. \u201cBarretos est\u00e1 entendendo a import\u00e2ncia da den\u00fancia, de procurar o Conselho Tutelar, a DDM, o Disque 100, o CRAS o CREAS. Ent\u00e3o n\u00f3s entendemos que estamos realmente atingindo o nosso objetivo\u201d, comentou.<br \/>\nAl\u00e9m do Disque 100, a rede de prote\u00e7\u00e3o em Barretos conta com o apoio 24h do Conselho Tutelar, do Centro de Refer\u00eancia Especializado de Assist\u00eancia Social (CREAS), dos Centros de Refer\u00eancia em Assist\u00eancia Social (CRAS) e da DDM.<br \/>\nA Campanha Maio Laranja tamb\u00e9m contou com o apoio da OAB, Defensoria P\u00fablica, Conselho Municipal da Crian\u00e7a e do Adolescente, Casa de Acolhimento \u00e0 Mulher V\u00edtima de Viol\u00eancia, Secretaria Municipal de Educa\u00e7\u00e3o, Minist\u00e9rio P\u00fablico, North Shopping Barretos, Unifeb, Conselho Municipal dos Direitos da Mulher (COMDIM), Casa da Juventude e Instituto O Amor.<\/p>\n<p>*Concurso de desenhos*<br \/>\nDurante o encerramento das a\u00e7\u00f5es, a Prefeita Paula Lemos e representantes de \u00f3rg\u00e3os e entidades parceiras da Campanha Maio Laranja, realizaram a premia\u00e7\u00e3o do 1\u00ba Concurso de Desenho \u2013 \u201cContra o abuso e a explora\u00e7\u00e3o sexual de crian\u00e7as e adolescentes\u201d.<br \/>\nForam premiados os tr\u00eas desenhos que mais pontuaram, somando-se a avalia\u00e7\u00e3o popular por meio de \u201ccurtidas\u201d no Instagram com a pontua\u00e7\u00e3o da Comiss\u00e3o Avaliadora, de cada uma das duas escolas participantes.<br \/>\nPremiado com o 1\u00b0 lugar, o aluno Augusto de Sousa Lima do \u201cGiuseppe\u201d, levou uma bicicleta para casa. \u201c\u00c9 ruim saber que existe esse tipo de coisa, mas n\u00f3s estamos a\u00ed para representar, fazer o bem, n\u00e3o fazer esse tipo de coisa errada, multiplicar para as outras pessoas n\u00e3o fazerem e denunciar\u201d, afirmou.<\/p>\n<p>Confira os outros ganhadores:<\/p>\n<p>*E.M \u201cProf. Giuseppe Carn\u00edmeo\u201d:*<br \/>\n1\u00b0 Bicicleta: Augusto de Sousa Lima<br \/>\n2\u00b0 Voucher Rio das Pedras: Tainara Cristina Rodrigues<br \/>\n3\u00b0 Maleta M\u00e1gica: Lavinia Cristina S. Cordeiro<\/p>\n<p>*E.M \u201cS\u00e3o Francisco\u201d*<br \/>\n1\u00b0 Bicicleta: Riany N. da Luz<br \/>\n2\u00b0 Voucher Rio das Pedras: Henzo Miguel Pereira da Silva<br \/>\n3\u00b0 Maleta M\u00e1gica: Analisse Johannys Romero Salmeron<\/p>\n<p><a href=\"https:\/\/regiaonews.net.br\/2022\/wp-content\/uploads\/2024\/05\/IMG-20240517-WA0427.jpg\"><img loading=\"lazy\" decoding=\"async\" class=\"alignnone size-medium wp-image-105154\" src=\"https:\/\/regiaonews.net.br\/2022\/wp-content\/uploads\/2024\/05\/IMG-20240517-WA0427-300x200.jpg\" alt=\"\" width=\"300\" height=\"200\" srcset=\"https:\/\/regiaonews.net.br\/2022\/wp-content\/uploads\/2024\/05\/IMG-20240517-WA0427-300x200.jpg 300w, https:\/\/regiaonews.net.br\/2022\/wp-content\/uploads\/2024\/05\/IMG-20240517-WA0427-1024x683.jpg 1024w, https:\/\/regiaonews.net.br\/2022\/wp-content\/uploads\/2024\/05\/IMG-20240517-WA0427-768x512.jpg 768w, https:\/\/regiaonews.net.br\/2022\/wp-content\/uploads\/2024\/05\/IMG-20240517-WA0427-1536x1024.jpg 1536w, https:\/\/regiaonews.net.br\/2022\/wp-content\/uploads\/2024\/05\/IMG-20240517-WA0427-250x167.jpg 250w, https:\/\/regiaonews.net.br\/2022\/wp-content\/uploads\/2024\/05\/IMG-20240517-WA0427-900x600.jpg 900w, https:\/\/regiaonews.net.br\/2022\/wp-content\/uploads\/2024\/05\/IMG-20240517-WA0427.jpg 1600w\" sizes=\"auto, (max-width: 300px) 100vw, 300px\" \/><\/a><br \/>\n*Como acionar a Rede de prote\u00e7\u00e3o em Barretos:*<\/p>\n<p>Conselho Tutelar \u2013 24h: (17) 98217-5999<br \/>\nCentro de Refer\u00eancia Especializado de Assist\u00eancia Social (CREAS): (17) 3612-2650 &#8211; Rua 28, 450 \u2013 Centro<br \/>\nDelegacia de Defesa da Mulher (DDM): (17) 3612-2845 \u2013 telefone e WhatsApp &#8211; Rua 18, n. 137, entre as Avenidas 29 e 31, no Centro.<br \/>\nDisque Direitos Humanos: Disque 100<\/p>\n<p>Fotos: Nivaldo Jr.<\/p>\n","protected":false},"excerpt":{"rendered":"<p>Dia Nacional de Combate ao Abuso e Explora\u00e7\u00e3o Sexual contra<\/p>\n","protected":false},"author":2,"featured_media":105155,"comment_status":"open","ping_status":"open","sticky":false,"template":"","format":"standard","meta":{"footnotes":""},"categories":[14,25],"tags":[],"class_list":["post-105153","post","type-post","status-publish","format-standard","has-post-thumbnail","hentry","category-barretos","category-cidades"],"yoast_head":"<!-- This site is optimized with the Yoast SEO plugin v27.4 - https:\/\/yoast.com\/product\/yoast-seo-wordpress\/ -->\n<title>Semana de conscientiza\u00e7\u00e3o sobre a Campanha Maio Laranja termina com balan\u00e7o de a\u00e7\u00f5es e entrega de pr\u00eamios de concurso de desenho - Regi\u00e3o News<\/title>\n<meta name=\"robots\" content=\"index, follow, max-snippet:-1, max-image-preview:large, max-video-preview:-1\" \/>\n<link rel=\"canonical\" href=\"https:\/\/regiaonews.net.br\/2022\/2024\/05\/18\/semana-de-conscientizacao-sobre-a-campanha-maio-laranja-termina-com-balanco-de-acoes-e-entrega-de-premios-de-concurso-de-desenho\/\" \/>\n<meta property=\"og:locale\" content=\"pt_BR\" \/>\n<meta property=\"og:type\" content=\"article\" \/>\n<meta property=\"og:title\" content=\"Semana de conscientiza\u00e7\u00e3o sobre a Campanha Maio Laranja termina com balan\u00e7o de a\u00e7\u00f5es e entrega de pr\u00eamios de concurso de desenho - Regi\u00e3o News\" \/>\n<meta property=\"og:description\" content=\"Dia Nacional de Combate ao Abuso e Explora\u00e7\u00e3o Sexual contra\" \/>\n<meta property=\"og:url\" content=\"https:\/\/regiaonews.net.br\/2022\/2024\/05\/18\/semana-de-conscientizacao-sobre-a-campanha-maio-laranja-termina-com-balanco-de-acoes-e-entrega-de-premios-de-concurso-de-desenho\/\" \/>\n<meta property=\"og:site_name\" content=\"Regi\u00e3o News\" \/>\n<meta property=\"article:published_time\" content=\"2024-05-18T10:18:38+00:00\" \/>\n<meta property=\"og:image\" content=\"https:\/\/regiaonews.net.br\/2022\/wp-content\/uploads\/2024\/05\/IMG-20240517-WA0425.jpg\" \/>\n\t<meta property=\"og:image:width\" content=\"1600\" \/>\n\t<meta property=\"og:image:height\" content=\"1067\" \/>\n\t<meta property=\"og:image:type\" content=\"image\/jpeg\" \/>\n<meta name=\"author\" content=\"Roberto\" \/>\n<meta name=\"twitter:card\" content=\"summary_large_image\" \/>\n<meta name=\"twitter:label1\" content=\"Escrito por\" \/>\n\t<meta name=\"twitter:data1\" content=\"Roberto\" \/>\n\t<meta name=\"twitter:label2\" content=\"Est. tempo de leitura\" \/>\n\t<meta name=\"twitter:data2\" content=\"5 minutos\" \/>\n<script type=\"application\/ld+json\" class=\"yoast-schema-graph\">{\"@context\":\"https:\\\/\\\/schema.org\",\"@graph\":[{\"@type\":\"Article\",\"@id\":\"https:\\\/\\\/regiaonews.net.br\\\/2022\\\/2024\\\/05\\\/18\\\/semana-de-conscientizacao-sobre-a-campanha-maio-laranja-termina-com-balanco-de-acoes-e-entrega-de-premios-de-concurso-de-desenho\\\/#article\",\"isPartOf\":{\"@id\":\"https:\\\/\\\/regiaonews.net.br\\\/2022\\\/2024\\\/05\\\/18\\\/semana-de-conscientizacao-sobre-a-campanha-maio-laranja-termina-com-balanco-de-acoes-e-entrega-de-premios-de-concurso-de-desenho\\\/\"},\"author\":{\"name\":\"Roberto\",\"@id\":\"https:\\\/\\\/regiaonews.net.br\\\/2022\\\/#\\\/schema\\\/person\\\/2d205a608a5aa97ac279d7a5e6d89ad8\"},\"headline\":\"Semana de conscientiza\u00e7\u00e3o sobre a Campanha Maio Laranja termina com balan\u00e7o de a\u00e7\u00f5es e entrega de pr\u00eamios de concurso de desenho\",\"datePublished\":\"2024-05-18T10:18:38+00:00\",\"mainEntityOfPage\":{\"@id\":\"https:\\\/\\\/regiaonews.net.br\\\/2022\\\/2024\\\/05\\\/18\\\/semana-de-conscientizacao-sobre-a-campanha-maio-laranja-termina-com-balanco-de-acoes-e-entrega-de-premios-de-concurso-de-desenho\\\/\"},\"wordCount\":730,\"commentCount\":0,\"publisher\":{\"@id\":\"https:\\\/\\\/regiaonews.net.br\\\/2022\\\/#organization\"},\"image\":{\"@id\":\"https:\\\/\\\/regiaonews.net.br\\\/2022\\\/2024\\\/05\\\/18\\\/semana-de-conscientizacao-sobre-a-campanha-maio-laranja-termina-com-balanco-de-acoes-e-entrega-de-premios-de-concurso-de-desenho\\\/#primaryimage\"},\"thumbnailUrl\":\"https:\\\/\\\/regiaonews.net.br\\\/2022\\\/wp-content\\\/uploads\\\/2024\\\/05\\\/IMG-20240517-WA0425.jpg\",\"articleSection\":[\"Barretos\",\"Cidades\"],\"inLanguage\":\"pt-BR\",\"potentialAction\":[{\"@type\":\"CommentAction\",\"name\":\"Comment\",\"target\":[\"https:\\\/\\\/regiaonews.net.br\\\/2022\\\/2024\\\/05\\\/18\\\/semana-de-conscientizacao-sobre-a-campanha-maio-laranja-termina-com-balanco-de-acoes-e-entrega-de-premios-de-concurso-de-desenho\\\/#respond\"]}]},{\"@type\":\"WebPage\",\"@id\":\"https:\\\/\\\/regiaonews.net.br\\\/2022\\\/2024\\\/05\\\/18\\\/semana-de-conscientizacao-sobre-a-campanha-maio-laranja-termina-com-balanco-de-acoes-e-entrega-de-premios-de-concurso-de-desenho\\\/\",\"url\":\"https:\\\/\\\/regiaonews.net.br\\\/2022\\\/2024\\\/05\\\/18\\\/semana-de-conscientizacao-sobre-a-campanha-maio-laranja-termina-com-balanco-de-acoes-e-entrega-de-premios-de-concurso-de-desenho\\\/\",\"name\":\"Semana de conscientiza\u00e7\u00e3o sobre a Campanha Maio Laranja termina com balan\u00e7o de a\u00e7\u00f5es e entrega de pr\u00eamios de concurso de desenho - Regi\u00e3o News\",\"isPartOf\":{\"@id\":\"https:\\\/\\\/regiaonews.net.br\\\/2022\\\/#website\"},\"primaryImageOfPage\":{\"@id\":\"https:\\\/\\\/regiaonews.net.br\\\/2022\\\/2024\\\/05\\\/18\\\/semana-de-conscientizacao-sobre-a-campanha-maio-laranja-termina-com-balanco-de-acoes-e-entrega-de-premios-de-concurso-de-desenho\\\/#primaryimage\"},\"image\":{\"@id\":\"https:\\\/\\\/regiaonews.net.br\\\/2022\\\/2024\\\/05\\\/18\\\/semana-de-conscientizacao-sobre-a-campanha-maio-laranja-termina-com-balanco-de-acoes-e-entrega-de-premios-de-concurso-de-desenho\\\/#primaryimage\"},\"thumbnailUrl\":\"https:\\\/\\\/regiaonews.net.br\\\/2022\\\/wp-content\\\/uploads\\\/2024\\\/05\\\/IMG-20240517-WA0425.jpg\",\"datePublished\":\"2024-05-18T10:18:38+00:00\",\"breadcrumb\":{\"@id\":\"https:\\\/\\\/regiaonews.net.br\\\/2022\\\/2024\\\/05\\\/18\\\/semana-de-conscientizacao-sobre-a-campanha-maio-laranja-termina-com-balanco-de-acoes-e-entrega-de-premios-de-concurso-de-desenho\\\/#breadcrumb\"},\"inLanguage\":\"pt-BR\",\"potentialAction\":[{\"@type\":\"ReadAction\",\"target\":[\"https:\\\/\\\/regiaonews.net.br\\\/2022\\\/2024\\\/05\\\/18\\\/semana-de-conscientizacao-sobre-a-campanha-maio-laranja-termina-com-balanco-de-acoes-e-entrega-de-premios-de-concurso-de-desenho\\\/\"]}]},{\"@type\":\"ImageObject\",\"inLanguage\":\"pt-BR\",\"@id\":\"https:\\\/\\\/regiaonews.net.br\\\/2022\\\/2024\\\/05\\\/18\\\/semana-de-conscientizacao-sobre-a-campanha-maio-laranja-termina-com-balanco-de-acoes-e-entrega-de-premios-de-concurso-de-desenho\\\/#primaryimage\",\"url\":\"https:\\\/\\\/regiaonews.net.br\\\/2022\\\/wp-content\\\/uploads\\\/2024\\\/05\\\/IMG-20240517-WA0425.jpg\",\"contentUrl\":\"https:\\\/\\\/regiaonews.net.br\\\/2022\\\/wp-content\\\/uploads\\\/2024\\\/05\\\/IMG-20240517-WA0425.jpg\",\"width\":1600,\"height\":1067},{\"@type\":\"BreadcrumbList\",\"@id\":\"https:\\\/\\\/regiaonews.net.br\\\/2022\\\/2024\\\/05\\\/18\\\/semana-de-conscientizacao-sobre-a-campanha-maio-laranja-termina-com-balanco-de-acoes-e-entrega-de-premios-de-concurso-de-desenho\\\/#breadcrumb\",\"itemListElement\":[{\"@type\":\"ListItem\",\"position\":1,\"name\":\"In\u00edcio\",\"item\":\"https:\\\/\\\/regiaonews.net.br\\\/2022\\\/\"},{\"@type\":\"ListItem\",\"position\":2,\"name\":\"Semana de conscientiza\u00e7\u00e3o sobre a Campanha Maio Laranja termina com balan\u00e7o de a\u00e7\u00f5es e entrega de pr\u00eamios de concurso de desenho\"}]},{\"@type\":\"WebSite\",\"@id\":\"https:\\\/\\\/regiaonews.net.br\\\/2022\\\/#website\",\"url\":\"https:\\\/\\\/regiaonews.net.br\\\/2022\\\/\",\"name\":\"Regi\u00e3o News\",\"description\":\"Site de Not\u00edcias de Barretos e regi\u00e3o\",\"publisher\":{\"@id\":\"https:\\\/\\\/regiaonews.net.br\\\/2022\\\/#organization\"},\"potentialAction\":[{\"@type\":\"SearchAction\",\"target\":{\"@type\":\"EntryPoint\",\"urlTemplate\":\"https:\\\/\\\/regiaonews.net.br\\\/2022\\\/?s={search_term_string}\"},\"query-input\":{\"@type\":\"PropertyValueSpecification\",\"valueRequired\":true,\"valueName\":\"search_term_string\"}}],\"inLanguage\":\"pt-BR\"},{\"@type\":\"Organization\",\"@id\":\"https:\\\/\\\/regiaonews.net.br\\\/2022\\\/#organization\",\"name\":\"Regi\u00e3o News\",\"url\":\"https:\\\/\\\/regiaonews.net.br\\\/2022\\\/\",\"logo\":{\"@type\":\"ImageObject\",\"inLanguage\":\"pt-BR\",\"@id\":\"https:\\\/\\\/regiaonews.net.br\\\/2022\\\/#\\\/schema\\\/logo\\\/image\\\/\",\"url\":\"https:\\\/\\\/regiaonews.net.br\\\/2022\\\/wp-content\\\/uploads\\\/2026\\\/03\\\/regiao-13-anos-scaled.jpg\",\"contentUrl\":\"https:\\\/\\\/regiaonews.net.br\\\/2022\\\/wp-content\\\/uploads\\\/2026\\\/03\\\/regiao-13-anos-scaled.jpg\",\"width\":2560,\"height\":635,\"caption\":\"Regi\u00e3o News\"},\"image\":{\"@id\":\"https:\\\/\\\/regiaonews.net.br\\\/2022\\\/#\\\/schema\\\/logo\\\/image\\\/\"}},{\"@type\":\"Person\",\"@id\":\"https:\\\/\\\/regiaonews.net.br\\\/2022\\\/#\\\/schema\\\/person\\\/2d205a608a5aa97ac279d7a5e6d89ad8\",\"name\":\"Roberto\",\"image\":{\"@type\":\"ImageObject\",\"inLanguage\":\"pt-BR\",\"@id\":\"https:\\\/\\\/secure.gravatar.com\\\/avatar\\\/42749d8b712ff9d59ca93dc150494e5b55a44134482993f5baeb97e61b7ecc89?s=96&d=mm&r=g\",\"url\":\"https:\\\/\\\/secure.gravatar.com\\\/avatar\\\/42749d8b712ff9d59ca93dc150494e5b55a44134482993f5baeb97e61b7ecc89?s=96&d=mm&r=g\",\"contentUrl\":\"https:\\\/\\\/secure.gravatar.com\\\/avatar\\\/42749d8b712ff9d59ca93dc150494e5b55a44134482993f5baeb97e61b7ecc89?s=96&d=mm&r=g\",\"caption\":\"Roberto\"},\"url\":\"https:\\\/\\\/regiaonews.net.br\\\/2022\\\/author\\\/roberto\\\/\"}]}<\/script>\n<!-- \/ Yoast SEO plugin. -->","yoast_head_json":{"title":"Semana de conscientiza\u00e7\u00e3o sobre a Campanha Maio Laranja termina com balan\u00e7o de a\u00e7\u00f5es e entrega de pr\u00eamios de concurso de desenho - Regi\u00e3o News","robots":{"index":"index","follow":"follow","max-snippet":"max-snippet:-1","max-image-preview":"max-image-preview:large","max-video-preview":"max-video-preview:-1"},"canonical":"https:\/\/regiaonews.net.br\/2022\/2024\/05\/18\/semana-de-conscientizacao-sobre-a-campanha-maio-laranja-termina-com-balanco-de-acoes-e-entrega-de-premios-de-concurso-de-desenho\/","og_locale":"pt_BR","og_type":"article","og_title":"Semana de conscientiza\u00e7\u00e3o sobre a Campanha Maio Laranja termina com balan\u00e7o de a\u00e7\u00f5es e entrega de pr\u00eamios de concurso de desenho - Regi\u00e3o News","og_description":"Dia Nacional de Combate ao Abuso e Explora\u00e7\u00e3o Sexual contra","og_url":"https:\/\/regiaonews.net.br\/2022\/2024\/05\/18\/semana-de-conscientizacao-sobre-a-campanha-maio-laranja-termina-com-balanco-de-acoes-e-entrega-de-premios-de-concurso-de-desenho\/","og_site_name":"Regi\u00e3o News","article_published_time":"2024-05-18T10:18:38+00:00","og_image":[{"width":1600,"height":1067,"url":"https:\/\/regiaonews.net.br\/2022\/wp-content\/uploads\/2024\/05\/IMG-20240517-WA0425.jpg","type":"image\/jpeg"}],"author":"Roberto","twitter_card":"summary_large_image","twitter_misc":{"Escrito por":"Roberto","Est. tempo de leitura":"5 minutos"},"schema":{"@context":"https:\/\/schema.org","@graph":[{"@type":"Article","@id":"https:\/\/regiaonews.net.br\/2022\/2024\/05\/18\/semana-de-conscientizacao-sobre-a-campanha-maio-laranja-termina-com-balanco-de-acoes-e-entrega-de-premios-de-concurso-de-desenho\/#article","isPartOf":{"@id":"https:\/\/regiaonews.net.br\/2022\/2024\/05\/18\/semana-de-conscientizacao-sobre-a-campanha-maio-laranja-termina-com-balanco-de-acoes-e-entrega-de-premios-de-concurso-de-desenho\/"},"author":{"name":"Roberto","@id":"https:\/\/regiaonews.net.br\/2022\/#\/schema\/person\/2d205a608a5aa97ac279d7a5e6d89ad8"},"headline":"Semana de conscientiza\u00e7\u00e3o sobre a Campanha Maio Laranja termina com balan\u00e7o de a\u00e7\u00f5es e entrega de pr\u00eamios de concurso de desenho","datePublished":"2024-05-18T10:18:38+00:00","mainEntityOfPage":{"@id":"https:\/\/regiaonews.net.br\/2022\/2024\/05\/18\/semana-de-conscientizacao-sobre-a-campanha-maio-laranja-termina-com-balanco-de-acoes-e-entrega-de-premios-de-concurso-de-desenho\/"},"wordCount":730,"commentCount":0,"publisher":{"@id":"https:\/\/regiaonews.net.br\/2022\/#organization"},"image":{"@id":"https:\/\/regiaonews.net.br\/2022\/2024\/05\/18\/semana-de-conscientizacao-sobre-a-campanha-maio-laranja-termina-com-balanco-de-acoes-e-entrega-de-premios-de-concurso-de-desenho\/#primaryimage"},"thumbnailUrl":"https:\/\/regiaonews.net.br\/2022\/wp-content\/uploads\/2024\/05\/IMG-20240517-WA0425.jpg","articleSection":["Barretos","Cidades"],"inLanguage":"pt-BR","potentialAction":[{"@type":"CommentAction","name":"Comment","target":["https:\/\/regiaonews.net.br\/2022\/2024\/05\/18\/semana-de-conscientizacao-sobre-a-campanha-maio-laranja-termina-com-balanco-de-acoes-e-entrega-de-premios-de-concurso-de-desenho\/#respond"]}]},{"@type":"WebPage","@id":"https:\/\/regiaonews.net.br\/2022\/2024\/05\/18\/semana-de-conscientizacao-sobre-a-campanha-maio-laranja-termina-com-balanco-de-acoes-e-entrega-de-premios-de-concurso-de-desenho\/","url":"https:\/\/regiaonews.net.br\/2022\/2024\/05\/18\/semana-de-conscientizacao-sobre-a-campanha-maio-laranja-termina-com-balanco-de-acoes-e-entrega-de-premios-de-concurso-de-desenho\/","name":"Semana de conscientiza\u00e7\u00e3o sobre a Campanha Maio Laranja termina com balan\u00e7o de a\u00e7\u00f5es e entrega de pr\u00eamios de concurso de desenho - Regi\u00e3o News","isPartOf":{"@id":"https:\/\/regiaonews.net.br\/2022\/#website"},"primaryImageOfPage":{"@id":"https:\/\/regiaonews.net.br\/2022\/2024\/05\/18\/semana-de-conscientizacao-sobre-a-campanha-maio-laranja-termina-com-balanco-de-acoes-e-entrega-de-premios-de-concurso-de-desenho\/#primaryimage"},"image":{"@id":"https:\/\/regiaonews.net.br\/2022\/2024\/05\/18\/semana-de-conscientizacao-sobre-a-campanha-maio-laranja-termina-com-balanco-de-acoes-e-entrega-de-premios-de-concurso-de-desenho\/#primaryimage"},"thumbnailUrl":"https:\/\/regiaonews.net.br\/2022\/wp-content\/uploads\/2024\/05\/IMG-20240517-WA0425.jpg","datePublished":"2024-05-18T10:18:38+00:00","breadcrumb":{"@id":"https:\/\/regiaonews.net.br\/2022\/2024\/05\/18\/semana-de-conscientizacao-sobre-a-campanha-maio-laranja-termina-com-balanco-de-acoes-e-entrega-de-premios-de-concurso-de-desenho\/#breadcrumb"},"inLanguage":"pt-BR","potentialAction":[{"@type":"ReadAction","target":["https:\/\/regiaonews.net.br\/2022\/2024\/05\/18\/semana-de-conscientizacao-sobre-a-campanha-maio-laranja-termina-com-balanco-de-acoes-e-entrega-de-premios-de-concurso-de-desenho\/"]}]},{"@type":"ImageObject","inLanguage":"pt-BR","@id":"https:\/\/regiaonews.net.br\/2022\/2024\/05\/18\/semana-de-conscientizacao-sobre-a-campanha-maio-laranja-termina-com-balanco-de-acoes-e-entrega-de-premios-de-concurso-de-desenho\/#primaryimage","url":"https:\/\/regiaonews.net.br\/2022\/wp-content\/uploads\/2024\/05\/IMG-20240517-WA0425.jpg","contentUrl":"https:\/\/regiaonews.net.br\/2022\/wp-content\/uploads\/2024\/05\/IMG-20240517-WA0425.jpg","width":1600,"height":1067},{"@type":"BreadcrumbList","@id":"https:\/\/regiaonews.net.br\/2022\/2024\/05\/18\/semana-de-conscientizacao-sobre-a-campanha-maio-laranja-termina-com-balanco-de-acoes-e-entrega-de-premios-de-concurso-de-desenho\/#breadcrumb","itemListElement":[{"@type":"ListItem","position":1,"name":"In\u00edcio","item":"https:\/\/regiaonews.net.br\/2022\/"},{"@type":"ListItem","position":2,"name":"Semana de conscientiza\u00e7\u00e3o sobre a Campanha Maio Laranja termina com balan\u00e7o de a\u00e7\u00f5es e entrega de pr\u00eamios de concurso de desenho"}]},{"@type":"WebSite","@id":"https:\/\/regiaonews.net.br\/2022\/#website","url":"https:\/\/regiaonews.net.br\/2022\/","name":"Regi\u00e3o News","description":"Site de Not\u00edcias de Barretos e regi\u00e3o","publisher":{"@id":"https:\/\/regiaonews.net.br\/2022\/#organization"},"potentialAction":[{"@type":"SearchAction","target":{"@type":"EntryPoint","urlTemplate":"https:\/\/regiaonews.net.br\/2022\/?s={search_term_string}"},"query-input":{"@type":"PropertyValueSpecification","valueRequired":true,"valueName":"search_term_string"}}],"inLanguage":"pt-BR"},{"@type":"Organization","@id":"https:\/\/regiaonews.net.br\/2022\/#organization","name":"Regi\u00e3o News","url":"https:\/\/regiaonews.net.br\/2022\/","logo":{"@type":"ImageObject","inLanguage":"pt-BR","@id":"https:\/\/regiaonews.net.br\/2022\/#\/schema\/logo\/image\/","url":"https:\/\/regiaonews.net.br\/2022\/wp-content\/uploads\/2026\/03\/regiao-13-anos-scaled.jpg","contentUrl":"https:\/\/regiaonews.net.br\/2022\/wp-content\/uploads\/2026\/03\/regiao-13-anos-scaled.jpg","width":2560,"height":635,"caption":"Regi\u00e3o News"},"image":{"@id":"https:\/\/regiaonews.net.br\/2022\/#\/schema\/logo\/image\/"}},{"@type":"Person","@id":"https:\/\/regiaonews.net.br\/2022\/#\/schema\/person\/2d205a608a5aa97ac279d7a5e6d89ad8","name":"Roberto","image":{"@type":"ImageObject","inLanguage":"pt-BR","@id":"https:\/\/secure.gravatar.com\/avatar\/42749d8b712ff9d59ca93dc150494e5b55a44134482993f5baeb97e61b7ecc89?s=96&d=mm&r=g","url":"https:\/\/secure.gravatar.com\/avatar\/42749d8b712ff9d59ca93dc150494e5b55a44134482993f5baeb97e61b7ecc89?s=96&d=mm&r=g","contentUrl":"https:\/\/secure.gravatar.com\/avatar\/42749d8b712ff9d59ca93dc150494e5b55a44134482993f5baeb97e61b7ecc89?s=96&d=mm&r=g","caption":"Roberto"},"url":"https:\/\/regiaonews.net.br\/2022\/author\/roberto\/"}]}},"publishpress_future_action":{"enabled":false,"date":"2026-05-03 02:10:47","action":"change-status","newStatus":"draft","terms":[],"taxonomy":"category","extraData":[]},"publishpress_future_workflow_manual_trigger":{"enabledWorkflows":[]},"_links":{"self":[{"href":"https:\/\/regiaonews.net.br\/2022\/wp-json\/wp\/v2\/posts\/105153","targetHints":{"allow":["GET"]}}],"collection":[{"href":"https:\/\/regiaonews.net.br\/2022\/wp-json\/wp\/v2\/posts"}],"about":[{"href":"https:\/\/regiaonews.net.br\/2022\/wp-json\/wp\/v2\/types\/post"}],"author":[{"embeddable":true,"href":"https:\/\/regiaonews.net.br\/2022\/wp-json\/wp\/v2\/users\/2"}],"replies":[{"embeddable":true,"href":"https:\/\/regiaonews.net.br\/2022\/wp-json\/wp\/v2\/comments?post=105153"}],"version-history":[{"count":1,"href":"https:\/\/regiaonews.net.br\/2022\/wp-json\/wp\/v2\/posts\/105153\/revisions"}],"predecessor-version":[{"id":105156,"href":"https:\/\/regiaonews.net.br\/2022\/wp-json\/wp\/v2\/posts\/105153\/revisions\/105156"}],"wp:featuredmedia":[{"embeddable":true,"href":"https:\/\/regiaonews.net.br\/2022\/wp-json\/wp\/v2\/media\/105155"}],"wp:attachment":[{"href":"https:\/\/regiaonews.net.br\/2022\/wp-json\/wp\/v2\/media?parent=105153"}],"wp:term":[{"taxonomy":"category","embeddable":true,"href":"https:\/\/regiaonews.net.br\/2022\/wp-json\/wp\/v2\/categories?post=105153"},{"taxonomy":"post_tag","embeddable":true,"href":"https:\/\/regiaonews.net.br\/2022\/wp-json\/wp\/v2\/tags?post=105153"}],"curies":[{"name":"wp","href":"https:\/\/api.w.org\/{rel}","templated":true}]}}