{"id":105115,"date":"2024-05-17T16:08:00","date_gmt":"2024-05-17T19:08:00","guid":{"rendered":"https:\/\/regiaonews.net.br\/2022\/?p=105115"},"modified":"2024-05-17T16:08:00","modified_gmt":"2024-05-17T19:08:00","slug":"seguro-obrigatorio-voltara-a-ser-pago-em-2025","status":"publish","type":"post","link":"https:\/\/regiaonews.net.br\/2022\/2024\/05\/17\/seguro-obrigatorio-voltara-a-ser-pago-em-2025\/","title":{"rendered":"Seguro obrigat\u00f3rio voltar\u00e1 a ser pago em 2025"},"content":{"rendered":"<div class=\"row\">\n<h3 class=\"col-10 offset-1 animated fadeInDown dealy-900 display-8 display-md-8 alt-font font-italic my-1 text-center\" style=\"text-align: center;\">Nova taxa prev\u00ea pagamento de servi\u00e7os m\u00e9dicos a v\u00edtimas de acidentes<\/h3>\n<p>O pagamento de indeniza\u00e7\u00e3o por invalidez ou morte a pedestres e motoristas voltar\u00e1 a ser feito no pa\u00eds com a cria\u00e7\u00e3o do Seguro Obrigat\u00f3rio para Prote\u00e7\u00e3o de V\u00edtimas de Acidentes de Tr\u00e2nsito (SPVAT). A taxa que viabilizar\u00e1 o servi\u00e7o come\u00e7ar\u00e1 a ser cobrada em 2025 dos propriet\u00e1rios de ve\u00edculos automotores.<\/p>\n<p>Diferente do antigo Danos Pessoais por Ve\u00edculos Automotores Terrestres (DPVAT), extinto em 2020, a nova vers\u00e3o do seguro obrigat\u00f3rio traz entre as novidades o pagamento das despesas m\u00e9dicas \u00e0s v\u00edtimas de acidentes em vias p\u00fablicas. Ser\u00e3o garantidos os custos de atendimentos m\u00e9dicos, fisioterapia, medicamentos, equipamentos ortop\u00e9dicos, que n\u00e3o sejam disponibilizados pelo Sistema \u00danicos de Sa\u00fade (SUS).<\/p>\n<p>Assim como no antigo servi\u00e7o, haver\u00e1 indeniza\u00e7\u00e3o em caso de morte ou invalidez e tamb\u00e9m ser\u00e3o cobertas as despesas dos servi\u00e7os funer\u00e1rios, ou de reabilita\u00e7\u00e3o em caso de invalidez parcial. Companheiros e herdeiros das v\u00edtimas receber\u00e3o os valores em acidentes com v\u00edtimas fatais.<\/p>\n<p>As indeniza\u00e7\u00f5es ser\u00e3o pagas pela Caixa Econ\u00f4mica Federal em um prazo de at\u00e9 30 dias ap\u00f3s o acidente, conforme tabela estabelecida pelo Conselho Nacional de Seguros Privados. O banco p\u00fablico tamb\u00e9m ser\u00e1 respons\u00e1vel pela gest\u00e3o do fundo em que ser\u00e3o depositados os valores das taxas pagas por propriet\u00e1rios de ve\u00edculos automotores.<\/p>\n<p>As regras foram estabelecidas pela\u00a0<a href=\"https:\/\/www.in.gov.br\/web\/dou\/-\/lei-complementar-n-207-de-16-de-maio-de-2024-560163841\" target=\"_blank\" rel=\"noopener\">Lei Complementar 207\/2024\u00a0<\/a>publicada nesta sexta-feira (17) no\u00a0<em>Di\u00e1rio Oficial da Uni\u00e3o<\/em>\u00a0ap\u00f3s a san\u00e7\u00e3o parcial do presidente Luiz In\u00e1cio Lula da Silva.<\/p>\n<p>Foram vetados dois artigos aprovados pelo Congresso Nacional que tratavam da aplica\u00e7\u00e3o de multa por atraso no pagamento da taxa. Na justificativa do veto, o \u00f4nus foi considerado excessivo para um servi\u00e7o considerado de car\u00e1ter social.<\/p>\n<\/div>\n","protected":false},"excerpt":{"rendered":"<p>Nova taxa prev\u00ea pagamento de servi\u00e7os m\u00e9dicos a v\u00edtimas de<\/p>\n","protected":false},"author":2,"featured_media":105116,"comment_status":"open","ping_status":"open","sticky":false,"template":"","format":"standard","meta":{"footnotes":""},"categories":[24,3],"tags":[],"class_list":["post-105115","post","type-post","status-publish","format-standard","has-post-thumbnail","hentry","category-brasil","category-geral"],"yoast_head":"<!-- This site is optimized with the Yoast SEO plugin v27.4 - https:\/\/yoast.com\/product\/yoast-seo-wordpress\/ -->\n<title>Seguro obrigat\u00f3rio voltar\u00e1 a ser pago em 2025 - Regi\u00e3o News<\/title>\n<meta name=\"robots\" content=\"index, follow, max-snippet:-1, max-image-preview:large, max-video-preview:-1\" \/>\n<link rel=\"canonical\" href=\"https:\/\/regiaonews.net.br\/2022\/2024\/05\/17\/seguro-obrigatorio-voltara-a-ser-pago-em-2025\/\" \/>\n<meta property=\"og:locale\" content=\"pt_BR\" \/>\n<meta property=\"og:type\" content=\"article\" \/>\n<meta property=\"og:title\" content=\"Seguro obrigat\u00f3rio voltar\u00e1 a ser pago em 2025 - Regi\u00e3o News\" \/>\n<meta property=\"og:description\" content=\"Nova taxa prev\u00ea pagamento de servi\u00e7os m\u00e9dicos a v\u00edtimas de\" \/>\n<meta property=\"og:url\" content=\"https:\/\/regiaonews.net.br\/2022\/2024\/05\/17\/seguro-obrigatorio-voltara-a-ser-pago-em-2025\/\" \/>\n<meta property=\"og:site_name\" content=\"Regi\u00e3o News\" \/>\n<meta property=\"article:published_time\" content=\"2024-05-17T19:08:00+00:00\" \/>\n<meta property=\"og:image\" content=\"https:\/\/regiaonews.net.br\/2022\/wp-content\/uploads\/2024\/05\/dpvat.webp\" \/>\n\t<meta property=\"og:image:width\" content=\"1170\" \/>\n\t<meta property=\"og:image:height\" content=\"700\" \/>\n\t<meta property=\"og:image:type\" content=\"image\/webp\" \/>\n<meta name=\"author\" content=\"Roberto\" \/>\n<meta name=\"twitter:card\" content=\"summary_large_image\" \/>\n<meta name=\"twitter:label1\" content=\"Escrito por\" \/>\n\t<meta name=\"twitter:data1\" content=\"Roberto\" \/>\n\t<meta name=\"twitter:label2\" content=\"Est. tempo de leitura\" \/>\n\t<meta name=\"twitter:data2\" content=\"2 minutos\" \/>\n<script type=\"application\/ld+json\" class=\"yoast-schema-graph\">{\"@context\":\"https:\\\/\\\/schema.org\",\"@graph\":[{\"@type\":\"Article\",\"@id\":\"https:\\\/\\\/regiaonews.net.br\\\/2022\\\/2024\\\/05\\\/17\\\/seguro-obrigatorio-voltara-a-ser-pago-em-2025\\\/#article\",\"isPartOf\":{\"@id\":\"https:\\\/\\\/regiaonews.net.br\\\/2022\\\/2024\\\/05\\\/17\\\/seguro-obrigatorio-voltara-a-ser-pago-em-2025\\\/\"},\"author\":{\"name\":\"Roberto\",\"@id\":\"https:\\\/\\\/regiaonews.net.br\\\/2022\\\/#\\\/schema\\\/person\\\/2d205a608a5aa97ac279d7a5e6d89ad8\"},\"headline\":\"Seguro obrigat\u00f3rio voltar\u00e1 a ser pago em 2025\",\"datePublished\":\"2024-05-17T19:08:00+00:00\",\"mainEntityOfPage\":{\"@id\":\"https:\\\/\\\/regiaonews.net.br\\\/2022\\\/2024\\\/05\\\/17\\\/seguro-obrigatorio-voltara-a-ser-pago-em-2025\\\/\"},\"wordCount\":332,\"commentCount\":0,\"publisher\":{\"@id\":\"https:\\\/\\\/regiaonews.net.br\\\/2022\\\/#organization\"},\"image\":{\"@id\":\"https:\\\/\\\/regiaonews.net.br\\\/2022\\\/2024\\\/05\\\/17\\\/seguro-obrigatorio-voltara-a-ser-pago-em-2025\\\/#primaryimage\"},\"thumbnailUrl\":\"https:\\\/\\\/regiaonews.net.br\\\/2022\\\/wp-content\\\/uploads\\\/2024\\\/05\\\/dpvat.webp\",\"articleSection\":[\"Brasil\",\"Geral\"],\"inLanguage\":\"pt-BR\",\"potentialAction\":[{\"@type\":\"CommentAction\",\"name\":\"Comment\",\"target\":[\"https:\\\/\\\/regiaonews.net.br\\\/2022\\\/2024\\\/05\\\/17\\\/seguro-obrigatorio-voltara-a-ser-pago-em-2025\\\/#respond\"]}]},{\"@type\":\"WebPage\",\"@id\":\"https:\\\/\\\/regiaonews.net.br\\\/2022\\\/2024\\\/05\\\/17\\\/seguro-obrigatorio-voltara-a-ser-pago-em-2025\\\/\",\"url\":\"https:\\\/\\\/regiaonews.net.br\\\/2022\\\/2024\\\/05\\\/17\\\/seguro-obrigatorio-voltara-a-ser-pago-em-2025\\\/\",\"name\":\"Seguro obrigat\u00f3rio voltar\u00e1 a ser pago em 2025 - Regi\u00e3o News\",\"isPartOf\":{\"@id\":\"https:\\\/\\\/regiaonews.net.br\\\/2022\\\/#website\"},\"primaryImageOfPage\":{\"@id\":\"https:\\\/\\\/regiaonews.net.br\\\/2022\\\/2024\\\/05\\\/17\\\/seguro-obrigatorio-voltara-a-ser-pago-em-2025\\\/#primaryimage\"},\"image\":{\"@id\":\"https:\\\/\\\/regiaonews.net.br\\\/2022\\\/2024\\\/05\\\/17\\\/seguro-obrigatorio-voltara-a-ser-pago-em-2025\\\/#primaryimage\"},\"thumbnailUrl\":\"https:\\\/\\\/regiaonews.net.br\\\/2022\\\/wp-content\\\/uploads\\\/2024\\\/05\\\/dpvat.webp\",\"datePublished\":\"2024-05-17T19:08:00+00:00\",\"breadcrumb\":{\"@id\":\"https:\\\/\\\/regiaonews.net.br\\\/2022\\\/2024\\\/05\\\/17\\\/seguro-obrigatorio-voltara-a-ser-pago-em-2025\\\/#breadcrumb\"},\"inLanguage\":\"pt-BR\",\"potentialAction\":[{\"@type\":\"ReadAction\",\"target\":[\"https:\\\/\\\/regiaonews.net.br\\\/2022\\\/2024\\\/05\\\/17\\\/seguro-obrigatorio-voltara-a-ser-pago-em-2025\\\/\"]}]},{\"@type\":\"ImageObject\",\"inLanguage\":\"pt-BR\",\"@id\":\"https:\\\/\\\/regiaonews.net.br\\\/2022\\\/2024\\\/05\\\/17\\\/seguro-obrigatorio-voltara-a-ser-pago-em-2025\\\/#primaryimage\",\"url\":\"https:\\\/\\\/regiaonews.net.br\\\/2022\\\/wp-content\\\/uploads\\\/2024\\\/05\\\/dpvat.webp\",\"contentUrl\":\"https:\\\/\\\/regiaonews.net.br\\\/2022\\\/wp-content\\\/uploads\\\/2024\\\/05\\\/dpvat.webp\",\"width\":1170,\"height\":700},{\"@type\":\"BreadcrumbList\",\"@id\":\"https:\\\/\\\/regiaonews.net.br\\\/2022\\\/2024\\\/05\\\/17\\\/seguro-obrigatorio-voltara-a-ser-pago-em-2025\\\/#breadcrumb\",\"itemListElement\":[{\"@type\":\"ListItem\",\"position\":1,\"name\":\"In\u00edcio\",\"item\":\"https:\\\/\\\/regiaonews.net.br\\\/2022\\\/\"},{\"@type\":\"ListItem\",\"position\":2,\"name\":\"Seguro obrigat\u00f3rio voltar\u00e1 a ser pago em 2025\"}]},{\"@type\":\"WebSite\",\"@id\":\"https:\\\/\\\/regiaonews.net.br\\\/2022\\\/#website\",\"url\":\"https:\\\/\\\/regiaonews.net.br\\\/2022\\\/\",\"name\":\"Regi\u00e3o News\",\"description\":\"Site de Not\u00edcias de Barretos e regi\u00e3o\",\"publisher\":{\"@id\":\"https:\\\/\\\/regiaonews.net.br\\\/2022\\\/#organization\"},\"potentialAction\":[{\"@type\":\"SearchAction\",\"target\":{\"@type\":\"EntryPoint\",\"urlTemplate\":\"https:\\\/\\\/regiaonews.net.br\\\/2022\\\/?s={search_term_string}\"},\"query-input\":{\"@type\":\"PropertyValueSpecification\",\"valueRequired\":true,\"valueName\":\"search_term_string\"}}],\"inLanguage\":\"pt-BR\"},{\"@type\":\"Organization\",\"@id\":\"https:\\\/\\\/regiaonews.net.br\\\/2022\\\/#organization\",\"name\":\"Regi\u00e3o News\",\"url\":\"https:\\\/\\\/regiaonews.net.br\\\/2022\\\/\",\"logo\":{\"@type\":\"ImageObject\",\"inLanguage\":\"pt-BR\",\"@id\":\"https:\\\/\\\/regiaonews.net.br\\\/2022\\\/#\\\/schema\\\/logo\\\/image\\\/\",\"url\":\"https:\\\/\\\/regiaonews.net.br\\\/2022\\\/wp-content\\\/uploads\\\/2026\\\/03\\\/regiao-13-anos-scaled.jpg\",\"contentUrl\":\"https:\\\/\\\/regiaonews.net.br\\\/2022\\\/wp-content\\\/uploads\\\/2026\\\/03\\\/regiao-13-anos-scaled.jpg\",\"width\":2560,\"height\":635,\"caption\":\"Regi\u00e3o News\"},\"image\":{\"@id\":\"https:\\\/\\\/regiaonews.net.br\\\/2022\\\/#\\\/schema\\\/logo\\\/image\\\/\"}},{\"@type\":\"Person\",\"@id\":\"https:\\\/\\\/regiaonews.net.br\\\/2022\\\/#\\\/schema\\\/person\\\/2d205a608a5aa97ac279d7a5e6d89ad8\",\"name\":\"Roberto\",\"image\":{\"@type\":\"ImageObject\",\"inLanguage\":\"pt-BR\",\"@id\":\"https:\\\/\\\/secure.gravatar.com\\\/avatar\\\/42749d8b712ff9d59ca93dc150494e5b55a44134482993f5baeb97e61b7ecc89?s=96&d=mm&r=g\",\"url\":\"https:\\\/\\\/secure.gravatar.com\\\/avatar\\\/42749d8b712ff9d59ca93dc150494e5b55a44134482993f5baeb97e61b7ecc89?s=96&d=mm&r=g\",\"contentUrl\":\"https:\\\/\\\/secure.gravatar.com\\\/avatar\\\/42749d8b712ff9d59ca93dc150494e5b55a44134482993f5baeb97e61b7ecc89?s=96&d=mm&r=g\",\"caption\":\"Roberto\"},\"url\":\"https:\\\/\\\/regiaonews.net.br\\\/2022\\\/author\\\/roberto\\\/\"}]}<\/script>\n<!-- \/ Yoast SEO plugin. -->","yoast_head_json":{"title":"Seguro obrigat\u00f3rio voltar\u00e1 a ser pago em 2025 - Regi\u00e3o News","robots":{"index":"index","follow":"follow","max-snippet":"max-snippet:-1","max-image-preview":"max-image-preview:large","max-video-preview":"max-video-preview:-1"},"canonical":"https:\/\/regiaonews.net.br\/2022\/2024\/05\/17\/seguro-obrigatorio-voltara-a-ser-pago-em-2025\/","og_locale":"pt_BR","og_type":"article","og_title":"Seguro obrigat\u00f3rio voltar\u00e1 a ser pago em 2025 - Regi\u00e3o News","og_description":"Nova taxa prev\u00ea pagamento de servi\u00e7os m\u00e9dicos a v\u00edtimas de","og_url":"https:\/\/regiaonews.net.br\/2022\/2024\/05\/17\/seguro-obrigatorio-voltara-a-ser-pago-em-2025\/","og_site_name":"Regi\u00e3o News","article_published_time":"2024-05-17T19:08:00+00:00","og_image":[{"width":1170,"height":700,"url":"https:\/\/regiaonews.net.br\/2022\/wp-content\/uploads\/2024\/05\/dpvat.webp","type":"image\/webp"}],"author":"Roberto","twitter_card":"summary_large_image","twitter_misc":{"Escrito por":"Roberto","Est. tempo de leitura":"2 minutos"},"schema":{"@context":"https:\/\/schema.org","@graph":[{"@type":"Article","@id":"https:\/\/regiaonews.net.br\/2022\/2024\/05\/17\/seguro-obrigatorio-voltara-a-ser-pago-em-2025\/#article","isPartOf":{"@id":"https:\/\/regiaonews.net.br\/2022\/2024\/05\/17\/seguro-obrigatorio-voltara-a-ser-pago-em-2025\/"},"author":{"name":"Roberto","@id":"https:\/\/regiaonews.net.br\/2022\/#\/schema\/person\/2d205a608a5aa97ac279d7a5e6d89ad8"},"headline":"Seguro obrigat\u00f3rio voltar\u00e1 a ser pago em 2025","datePublished":"2024-05-17T19:08:00+00:00","mainEntityOfPage":{"@id":"https:\/\/regiaonews.net.br\/2022\/2024\/05\/17\/seguro-obrigatorio-voltara-a-ser-pago-em-2025\/"},"wordCount":332,"commentCount":0,"publisher":{"@id":"https:\/\/regiaonews.net.br\/2022\/#organization"},"image":{"@id":"https:\/\/regiaonews.net.br\/2022\/2024\/05\/17\/seguro-obrigatorio-voltara-a-ser-pago-em-2025\/#primaryimage"},"thumbnailUrl":"https:\/\/regiaonews.net.br\/2022\/wp-content\/uploads\/2024\/05\/dpvat.webp","articleSection":["Brasil","Geral"],"inLanguage":"pt-BR","potentialAction":[{"@type":"CommentAction","name":"Comment","target":["https:\/\/regiaonews.net.br\/2022\/2024\/05\/17\/seguro-obrigatorio-voltara-a-ser-pago-em-2025\/#respond"]}]},{"@type":"WebPage","@id":"https:\/\/regiaonews.net.br\/2022\/2024\/05\/17\/seguro-obrigatorio-voltara-a-ser-pago-em-2025\/","url":"https:\/\/regiaonews.net.br\/2022\/2024\/05\/17\/seguro-obrigatorio-voltara-a-ser-pago-em-2025\/","name":"Seguro obrigat\u00f3rio voltar\u00e1 a ser pago em 2025 - Regi\u00e3o News","isPartOf":{"@id":"https:\/\/regiaonews.net.br\/2022\/#website"},"primaryImageOfPage":{"@id":"https:\/\/regiaonews.net.br\/2022\/2024\/05\/17\/seguro-obrigatorio-voltara-a-ser-pago-em-2025\/#primaryimage"},"image":{"@id":"https:\/\/regiaonews.net.br\/2022\/2024\/05\/17\/seguro-obrigatorio-voltara-a-ser-pago-em-2025\/#primaryimage"},"thumbnailUrl":"https:\/\/regiaonews.net.br\/2022\/wp-content\/uploads\/2024\/05\/dpvat.webp","datePublished":"2024-05-17T19:08:00+00:00","breadcrumb":{"@id":"https:\/\/regiaonews.net.br\/2022\/2024\/05\/17\/seguro-obrigatorio-voltara-a-ser-pago-em-2025\/#breadcrumb"},"inLanguage":"pt-BR","potentialAction":[{"@type":"ReadAction","target":["https:\/\/regiaonews.net.br\/2022\/2024\/05\/17\/seguro-obrigatorio-voltara-a-ser-pago-em-2025\/"]}]},{"@type":"ImageObject","inLanguage":"pt-BR","@id":"https:\/\/regiaonews.net.br\/2022\/2024\/05\/17\/seguro-obrigatorio-voltara-a-ser-pago-em-2025\/#primaryimage","url":"https:\/\/regiaonews.net.br\/2022\/wp-content\/uploads\/2024\/05\/dpvat.webp","contentUrl":"https:\/\/regiaonews.net.br\/2022\/wp-content\/uploads\/2024\/05\/dpvat.webp","width":1170,"height":700},{"@type":"BreadcrumbList","@id":"https:\/\/regiaonews.net.br\/2022\/2024\/05\/17\/seguro-obrigatorio-voltara-a-ser-pago-em-2025\/#breadcrumb","itemListElement":[{"@type":"ListItem","position":1,"name":"In\u00edcio","item":"https:\/\/regiaonews.net.br\/2022\/"},{"@type":"ListItem","position":2,"name":"Seguro obrigat\u00f3rio voltar\u00e1 a ser pago em 2025"}]},{"@type":"WebSite","@id":"https:\/\/regiaonews.net.br\/2022\/#website","url":"https:\/\/regiaonews.net.br\/2022\/","name":"Regi\u00e3o News","description":"Site de Not\u00edcias de Barretos e regi\u00e3o","publisher":{"@id":"https:\/\/regiaonews.net.br\/2022\/#organization"},"potentialAction":[{"@type":"SearchAction","target":{"@type":"EntryPoint","urlTemplate":"https:\/\/regiaonews.net.br\/2022\/?s={search_term_string}"},"query-input":{"@type":"PropertyValueSpecification","valueRequired":true,"valueName":"search_term_string"}}],"inLanguage":"pt-BR"},{"@type":"Organization","@id":"https:\/\/regiaonews.net.br\/2022\/#organization","name":"Regi\u00e3o News","url":"https:\/\/regiaonews.net.br\/2022\/","logo":{"@type":"ImageObject","inLanguage":"pt-BR","@id":"https:\/\/regiaonews.net.br\/2022\/#\/schema\/logo\/image\/","url":"https:\/\/regiaonews.net.br\/2022\/wp-content\/uploads\/2026\/03\/regiao-13-anos-scaled.jpg","contentUrl":"https:\/\/regiaonews.net.br\/2022\/wp-content\/uploads\/2026\/03\/regiao-13-anos-scaled.jpg","width":2560,"height":635,"caption":"Regi\u00e3o News"},"image":{"@id":"https:\/\/regiaonews.net.br\/2022\/#\/schema\/logo\/image\/"}},{"@type":"Person","@id":"https:\/\/regiaonews.net.br\/2022\/#\/schema\/person\/2d205a608a5aa97ac279d7a5e6d89ad8","name":"Roberto","image":{"@type":"ImageObject","inLanguage":"pt-BR","@id":"https:\/\/secure.gravatar.com\/avatar\/42749d8b712ff9d59ca93dc150494e5b55a44134482993f5baeb97e61b7ecc89?s=96&d=mm&r=g","url":"https:\/\/secure.gravatar.com\/avatar\/42749d8b712ff9d59ca93dc150494e5b55a44134482993f5baeb97e61b7ecc89?s=96&d=mm&r=g","contentUrl":"https:\/\/secure.gravatar.com\/avatar\/42749d8b712ff9d59ca93dc150494e5b55a44134482993f5baeb97e61b7ecc89?s=96&d=mm&r=g","caption":"Roberto"},"url":"https:\/\/regiaonews.net.br\/2022\/author\/roberto\/"}]}},"publishpress_future_action":{"enabled":false,"date":"2026-05-03 05:11:27","action":"change-status","newStatus":"draft","terms":[],"taxonomy":"category","extraData":[]},"publishpress_future_workflow_manual_trigger":{"enabledWorkflows":[]},"_links":{"self":[{"href":"https:\/\/regiaonews.net.br\/2022\/wp-json\/wp\/v2\/posts\/105115","targetHints":{"allow":["GET"]}}],"collection":[{"href":"https:\/\/regiaonews.net.br\/2022\/wp-json\/wp\/v2\/posts"}],"about":[{"href":"https:\/\/regiaonews.net.br\/2022\/wp-json\/wp\/v2\/types\/post"}],"author":[{"embeddable":true,"href":"https:\/\/regiaonews.net.br\/2022\/wp-json\/wp\/v2\/users\/2"}],"replies":[{"embeddable":true,"href":"https:\/\/regiaonews.net.br\/2022\/wp-json\/wp\/v2\/comments?post=105115"}],"version-history":[{"count":1,"href":"https:\/\/regiaonews.net.br\/2022\/wp-json\/wp\/v2\/posts\/105115\/revisions"}],"predecessor-version":[{"id":105117,"href":"https:\/\/regiaonews.net.br\/2022\/wp-json\/wp\/v2\/posts\/105115\/revisions\/105117"}],"wp:featuredmedia":[{"embeddable":true,"href":"https:\/\/regiaonews.net.br\/2022\/wp-json\/wp\/v2\/media\/105116"}],"wp:attachment":[{"href":"https:\/\/regiaonews.net.br\/2022\/wp-json\/wp\/v2\/media?parent=105115"}],"wp:term":[{"taxonomy":"category","embeddable":true,"href":"https:\/\/regiaonews.net.br\/2022\/wp-json\/wp\/v2\/categories?post=105115"},{"taxonomy":"post_tag","embeddable":true,"href":"https:\/\/regiaonews.net.br\/2022\/wp-json\/wp\/v2\/tags?post=105115"}],"curies":[{"name":"wp","href":"https:\/\/api.w.org\/{rel}","templated":true}]}}