{"id":105056,"date":"2024-05-16T15:22:38","date_gmt":"2024-05-16T18:22:38","guid":{"rendered":"https:\/\/regiaonews.net.br\/2022\/?p=105056"},"modified":"2024-05-16T15:22:38","modified_gmt":"2024-05-16T18:22:38","slug":"concessionarias-vecol-realizam-mega-operacao-de-vendas-neste-sabado-dia-18","status":"publish","type":"post","link":"https:\/\/regiaonews.net.br\/2022\/2024\/05\/16\/concessionarias-vecol-realizam-mega-operacao-de-vendas-neste-sabado-dia-18\/","title":{"rendered":"Concession\u00e1rias Vecol realizam Mega Opera\u00e7\u00e3o de Vendas neste s\u00e1bado, dia 18"},"content":{"rendered":"<p>As 10 concession\u00e1rias Vecol Volkswagen estar\u00e3o realizando neste s\u00e1bado (18), mais uma Mega Opera\u00e7\u00e3o de Vendas neste s\u00e1bado (18), das 8h \u00e0s 20h, em todas as suas unidades espalhadas pelo estado de S\u00e3o Paulo. O diretor do Grupo Vecol, D\u00e1rio Monteiro, disse que este \u00e9 o maior evento de credibilidade do mercado automobilistico com quase 1.000 unidades j\u00e1 vendidas na Mega Opera\u00e7\u00e3o de Vendas Vecol. &#8220;Voc\u00ea \u00e9 nosso convidado especial porque com essa Mega Opera\u00e7\u00e3o de Vendas at\u00e9 a concorr\u00eancia treme quando tem com quase 1.000 unidades vendidas a n\u00edvel de Brasil&#8221;, afirmou D\u00e1rio.<\/p>\n<p>Confira o video com o convite especial<\/p>\n<div style=\"width: 640px;\" class=\"wp-video\"><video class=\"wp-video-shortcode\" id=\"video-105056-1\" width=\"640\" height=\"1138\" preload=\"metadata\" controls=\"controls\"><source type=\"video\/mp4\" src=\"https:\/\/regiaonews.net.br\/2022\/wp-content\/uploads\/2024\/05\/WhatsApp-Video-2024-05-15-at-12.19.44.mp4?_=1\" \/><a href=\"https:\/\/regiaonews.net.br\/2022\/wp-content\/uploads\/2024\/05\/WhatsApp-Video-2024-05-15-at-12.19.44.mp4\">https:\/\/regiaonews.net.br\/2022\/wp-content\/uploads\/2024\/05\/WhatsApp-Video-2024-05-15-at-12.19.44.mp4<\/a><\/video><\/div>\n","protected":false},"excerpt":{"rendered":"<p>As 10 concession\u00e1rias Vecol Volkswagen estar\u00e3o realizando neste s\u00e1bado (18),<\/p>\n","protected":false},"author":2,"featured_media":105057,"comment_status":"open","ping_status":"open","sticky":false,"template":"","format":"standard","meta":{"footnotes":""},"categories":[14,4,5,11],"tags":[],"class_list":["post-105056","post","type-post","status-publish","format-standard","has-post-thumbnail","hentry","category-barretos","category-bebedouro","category-colina","category-jaboticabal"],"yoast_head":"<!-- This site is optimized with the Yoast SEO plugin v27.4 - https:\/\/yoast.com\/product\/yoast-seo-wordpress\/ -->\n<title>Concession\u00e1rias Vecol realizam Mega Opera\u00e7\u00e3o de Vendas neste s\u00e1bado, dia 18 - Regi\u00e3o News<\/title>\n<meta name=\"robots\" content=\"index, follow, max-snippet:-1, max-image-preview:large, max-video-preview:-1\" \/>\n<link rel=\"canonical\" href=\"https:\/\/regiaonews.net.br\/2022\/2024\/05\/16\/concessionarias-vecol-realizam-mega-operacao-de-vendas-neste-sabado-dia-18\/\" \/>\n<meta property=\"og:locale\" content=\"pt_BR\" \/>\n<meta property=\"og:type\" content=\"article\" \/>\n<meta property=\"og:title\" content=\"Concession\u00e1rias Vecol realizam Mega Opera\u00e7\u00e3o de Vendas neste s\u00e1bado, dia 18 - Regi\u00e3o News\" \/>\n<meta property=\"og:description\" content=\"As 10 concession\u00e1rias Vecol Volkswagen estar\u00e3o realizando neste s\u00e1bado (18),\" \/>\n<meta property=\"og:url\" content=\"https:\/\/regiaonews.net.br\/2022\/2024\/05\/16\/concessionarias-vecol-realizam-mega-operacao-de-vendas-neste-sabado-dia-18\/\" \/>\n<meta property=\"og:site_name\" content=\"Regi\u00e3o News\" \/>\n<meta property=\"article:published_time\" content=\"2024-05-16T18:22:38+00:00\" \/>\n<meta property=\"og:image\" content=\"https:\/\/regiaonews.net.br\/2022\/wp-content\/uploads\/2024\/05\/dario.jpg\" \/>\n\t<meta property=\"og:image:width\" content=\"342\" \/>\n\t<meta property=\"og:image:height\" content=\"452\" \/>\n\t<meta property=\"og:image:type\" content=\"image\/jpeg\" \/>\n<meta name=\"author\" content=\"Roberto\" \/>\n<meta name=\"twitter:card\" content=\"summary_large_image\" \/>\n<meta name=\"twitter:label1\" content=\"Escrito por\" \/>\n\t<meta name=\"twitter:data1\" content=\"Roberto\" \/>\n\t<meta name=\"twitter:label2\" content=\"Est. tempo de leitura\" \/>\n\t<meta name=\"twitter:data2\" content=\"1 minuto\" \/>\n<script type=\"application\/ld+json\" class=\"yoast-schema-graph\">{\"@context\":\"https:\\\/\\\/schema.org\",\"@graph\":[{\"@type\":\"Article\",\"@id\":\"https:\\\/\\\/regiaonews.net.br\\\/2022\\\/2024\\\/05\\\/16\\\/concessionarias-vecol-realizam-mega-operacao-de-vendas-neste-sabado-dia-18\\\/#article\",\"isPartOf\":{\"@id\":\"https:\\\/\\\/regiaonews.net.br\\\/2022\\\/2024\\\/05\\\/16\\\/concessionarias-vecol-realizam-mega-operacao-de-vendas-neste-sabado-dia-18\\\/\"},\"author\":{\"name\":\"Roberto\",\"@id\":\"https:\\\/\\\/regiaonews.net.br\\\/2022\\\/#\\\/schema\\\/person\\\/2d205a608a5aa97ac279d7a5e6d89ad8\"},\"headline\":\"Concession\u00e1rias Vecol realizam Mega Opera\u00e7\u00e3o de Vendas neste s\u00e1bado, dia 18\",\"datePublished\":\"2024-05-16T18:22:38+00:00\",\"mainEntityOfPage\":{\"@id\":\"https:\\\/\\\/regiaonews.net.br\\\/2022\\\/2024\\\/05\\\/16\\\/concessionarias-vecol-realizam-mega-operacao-de-vendas-neste-sabado-dia-18\\\/\"},\"wordCount\":135,\"commentCount\":0,\"publisher\":{\"@id\":\"https:\\\/\\\/regiaonews.net.br\\\/2022\\\/#organization\"},\"image\":{\"@id\":\"https:\\\/\\\/regiaonews.net.br\\\/2022\\\/2024\\\/05\\\/16\\\/concessionarias-vecol-realizam-mega-operacao-de-vendas-neste-sabado-dia-18\\\/#primaryimage\"},\"thumbnailUrl\":\"https:\\\/\\\/regiaonews.net.br\\\/2022\\\/wp-content\\\/uploads\\\/2024\\\/05\\\/dario.jpg\",\"articleSection\":[\"Barretos\",\"Bebedouro\",\"Colina\",\"Jaboticabal\"],\"inLanguage\":\"pt-BR\",\"potentialAction\":[{\"@type\":\"CommentAction\",\"name\":\"Comment\",\"target\":[\"https:\\\/\\\/regiaonews.net.br\\\/2022\\\/2024\\\/05\\\/16\\\/concessionarias-vecol-realizam-mega-operacao-de-vendas-neste-sabado-dia-18\\\/#respond\"]}]},{\"@type\":\"WebPage\",\"@id\":\"https:\\\/\\\/regiaonews.net.br\\\/2022\\\/2024\\\/05\\\/16\\\/concessionarias-vecol-realizam-mega-operacao-de-vendas-neste-sabado-dia-18\\\/\",\"url\":\"https:\\\/\\\/regiaonews.net.br\\\/2022\\\/2024\\\/05\\\/16\\\/concessionarias-vecol-realizam-mega-operacao-de-vendas-neste-sabado-dia-18\\\/\",\"name\":\"Concession\u00e1rias Vecol realizam Mega Opera\u00e7\u00e3o de Vendas neste s\u00e1bado, dia 18 - Regi\u00e3o News\",\"isPartOf\":{\"@id\":\"https:\\\/\\\/regiaonews.net.br\\\/2022\\\/#website\"},\"primaryImageOfPage\":{\"@id\":\"https:\\\/\\\/regiaonews.net.br\\\/2022\\\/2024\\\/05\\\/16\\\/concessionarias-vecol-realizam-mega-operacao-de-vendas-neste-sabado-dia-18\\\/#primaryimage\"},\"image\":{\"@id\":\"https:\\\/\\\/regiaonews.net.br\\\/2022\\\/2024\\\/05\\\/16\\\/concessionarias-vecol-realizam-mega-operacao-de-vendas-neste-sabado-dia-18\\\/#primaryimage\"},\"thumbnailUrl\":\"https:\\\/\\\/regiaonews.net.br\\\/2022\\\/wp-content\\\/uploads\\\/2024\\\/05\\\/dario.jpg\",\"datePublished\":\"2024-05-16T18:22:38+00:00\",\"breadcrumb\":{\"@id\":\"https:\\\/\\\/regiaonews.net.br\\\/2022\\\/2024\\\/05\\\/16\\\/concessionarias-vecol-realizam-mega-operacao-de-vendas-neste-sabado-dia-18\\\/#breadcrumb\"},\"inLanguage\":\"pt-BR\",\"potentialAction\":[{\"@type\":\"ReadAction\",\"target\":[\"https:\\\/\\\/regiaonews.net.br\\\/2022\\\/2024\\\/05\\\/16\\\/concessionarias-vecol-realizam-mega-operacao-de-vendas-neste-sabado-dia-18\\\/\"]}]},{\"@type\":\"ImageObject\",\"inLanguage\":\"pt-BR\",\"@id\":\"https:\\\/\\\/regiaonews.net.br\\\/2022\\\/2024\\\/05\\\/16\\\/concessionarias-vecol-realizam-mega-operacao-de-vendas-neste-sabado-dia-18\\\/#primaryimage\",\"url\":\"https:\\\/\\\/regiaonews.net.br\\\/2022\\\/wp-content\\\/uploads\\\/2024\\\/05\\\/dario.jpg\",\"contentUrl\":\"https:\\\/\\\/regiaonews.net.br\\\/2022\\\/wp-content\\\/uploads\\\/2024\\\/05\\\/dario.jpg\",\"width\":342,\"height\":452},{\"@type\":\"BreadcrumbList\",\"@id\":\"https:\\\/\\\/regiaonews.net.br\\\/2022\\\/2024\\\/05\\\/16\\\/concessionarias-vecol-realizam-mega-operacao-de-vendas-neste-sabado-dia-18\\\/#breadcrumb\",\"itemListElement\":[{\"@type\":\"ListItem\",\"position\":1,\"name\":\"In\u00edcio\",\"item\":\"https:\\\/\\\/regiaonews.net.br\\\/2022\\\/\"},{\"@type\":\"ListItem\",\"position\":2,\"name\":\"Concession\u00e1rias Vecol realizam Mega Opera\u00e7\u00e3o de Vendas neste s\u00e1bado, dia 18\"}]},{\"@type\":\"WebSite\",\"@id\":\"https:\\\/\\\/regiaonews.net.br\\\/2022\\\/#website\",\"url\":\"https:\\\/\\\/regiaonews.net.br\\\/2022\\\/\",\"name\":\"Regi\u00e3o News\",\"description\":\"Site de Not\u00edcias de Barretos e regi\u00e3o\",\"publisher\":{\"@id\":\"https:\\\/\\\/regiaonews.net.br\\\/2022\\\/#organization\"},\"potentialAction\":[{\"@type\":\"SearchAction\",\"target\":{\"@type\":\"EntryPoint\",\"urlTemplate\":\"https:\\\/\\\/regiaonews.net.br\\\/2022\\\/?s={search_term_string}\"},\"query-input\":{\"@type\":\"PropertyValueSpecification\",\"valueRequired\":true,\"valueName\":\"search_term_string\"}}],\"inLanguage\":\"pt-BR\"},{\"@type\":\"Organization\",\"@id\":\"https:\\\/\\\/regiaonews.net.br\\\/2022\\\/#organization\",\"name\":\"Regi\u00e3o News\",\"url\":\"https:\\\/\\\/regiaonews.net.br\\\/2022\\\/\",\"logo\":{\"@type\":\"ImageObject\",\"inLanguage\":\"pt-BR\",\"@id\":\"https:\\\/\\\/regiaonews.net.br\\\/2022\\\/#\\\/schema\\\/logo\\\/image\\\/\",\"url\":\"https:\\\/\\\/regiaonews.net.br\\\/2022\\\/wp-content\\\/uploads\\\/2026\\\/03\\\/regiao-13-anos-scaled.jpg\",\"contentUrl\":\"https:\\\/\\\/regiaonews.net.br\\\/2022\\\/wp-content\\\/uploads\\\/2026\\\/03\\\/regiao-13-anos-scaled.jpg\",\"width\":2560,\"height\":635,\"caption\":\"Regi\u00e3o News\"},\"image\":{\"@id\":\"https:\\\/\\\/regiaonews.net.br\\\/2022\\\/#\\\/schema\\\/logo\\\/image\\\/\"}},{\"@type\":\"Person\",\"@id\":\"https:\\\/\\\/regiaonews.net.br\\\/2022\\\/#\\\/schema\\\/person\\\/2d205a608a5aa97ac279d7a5e6d89ad8\",\"name\":\"Roberto\",\"image\":{\"@type\":\"ImageObject\",\"inLanguage\":\"pt-BR\",\"@id\":\"https:\\\/\\\/secure.gravatar.com\\\/avatar\\\/42749d8b712ff9d59ca93dc150494e5b55a44134482993f5baeb97e61b7ecc89?s=96&d=mm&r=g\",\"url\":\"https:\\\/\\\/secure.gravatar.com\\\/avatar\\\/42749d8b712ff9d59ca93dc150494e5b55a44134482993f5baeb97e61b7ecc89?s=96&d=mm&r=g\",\"contentUrl\":\"https:\\\/\\\/secure.gravatar.com\\\/avatar\\\/42749d8b712ff9d59ca93dc150494e5b55a44134482993f5baeb97e61b7ecc89?s=96&d=mm&r=g\",\"caption\":\"Roberto\"},\"url\":\"https:\\\/\\\/regiaonews.net.br\\\/2022\\\/author\\\/roberto\\\/\"}]}<\/script>\n<!-- \/ Yoast SEO plugin. -->","yoast_head_json":{"title":"Concession\u00e1rias Vecol realizam Mega Opera\u00e7\u00e3o de Vendas neste s\u00e1bado, dia 18 - Regi\u00e3o News","robots":{"index":"index","follow":"follow","max-snippet":"max-snippet:-1","max-image-preview":"max-image-preview:large","max-video-preview":"max-video-preview:-1"},"canonical":"https:\/\/regiaonews.net.br\/2022\/2024\/05\/16\/concessionarias-vecol-realizam-mega-operacao-de-vendas-neste-sabado-dia-18\/","og_locale":"pt_BR","og_type":"article","og_title":"Concession\u00e1rias Vecol realizam Mega Opera\u00e7\u00e3o de Vendas neste s\u00e1bado, dia 18 - Regi\u00e3o News","og_description":"As 10 concession\u00e1rias Vecol Volkswagen estar\u00e3o realizando neste s\u00e1bado (18),","og_url":"https:\/\/regiaonews.net.br\/2022\/2024\/05\/16\/concessionarias-vecol-realizam-mega-operacao-de-vendas-neste-sabado-dia-18\/","og_site_name":"Regi\u00e3o News","article_published_time":"2024-05-16T18:22:38+00:00","og_image":[{"width":342,"height":452,"url":"https:\/\/regiaonews.net.br\/2022\/wp-content\/uploads\/2024\/05\/dario.jpg","type":"image\/jpeg"}],"author":"Roberto","twitter_card":"summary_large_image","twitter_misc":{"Escrito por":"Roberto","Est. tempo de leitura":"1 minuto"},"schema":{"@context":"https:\/\/schema.org","@graph":[{"@type":"Article","@id":"https:\/\/regiaonews.net.br\/2022\/2024\/05\/16\/concessionarias-vecol-realizam-mega-operacao-de-vendas-neste-sabado-dia-18\/#article","isPartOf":{"@id":"https:\/\/regiaonews.net.br\/2022\/2024\/05\/16\/concessionarias-vecol-realizam-mega-operacao-de-vendas-neste-sabado-dia-18\/"},"author":{"name":"Roberto","@id":"https:\/\/regiaonews.net.br\/2022\/#\/schema\/person\/2d205a608a5aa97ac279d7a5e6d89ad8"},"headline":"Concession\u00e1rias Vecol realizam Mega Opera\u00e7\u00e3o de Vendas neste s\u00e1bado, dia 18","datePublished":"2024-05-16T18:22:38+00:00","mainEntityOfPage":{"@id":"https:\/\/regiaonews.net.br\/2022\/2024\/05\/16\/concessionarias-vecol-realizam-mega-operacao-de-vendas-neste-sabado-dia-18\/"},"wordCount":135,"commentCount":0,"publisher":{"@id":"https:\/\/regiaonews.net.br\/2022\/#organization"},"image":{"@id":"https:\/\/regiaonews.net.br\/2022\/2024\/05\/16\/concessionarias-vecol-realizam-mega-operacao-de-vendas-neste-sabado-dia-18\/#primaryimage"},"thumbnailUrl":"https:\/\/regiaonews.net.br\/2022\/wp-content\/uploads\/2024\/05\/dario.jpg","articleSection":["Barretos","Bebedouro","Colina","Jaboticabal"],"inLanguage":"pt-BR","potentialAction":[{"@type":"CommentAction","name":"Comment","target":["https:\/\/regiaonews.net.br\/2022\/2024\/05\/16\/concessionarias-vecol-realizam-mega-operacao-de-vendas-neste-sabado-dia-18\/#respond"]}]},{"@type":"WebPage","@id":"https:\/\/regiaonews.net.br\/2022\/2024\/05\/16\/concessionarias-vecol-realizam-mega-operacao-de-vendas-neste-sabado-dia-18\/","url":"https:\/\/regiaonews.net.br\/2022\/2024\/05\/16\/concessionarias-vecol-realizam-mega-operacao-de-vendas-neste-sabado-dia-18\/","name":"Concession\u00e1rias Vecol realizam Mega Opera\u00e7\u00e3o de Vendas neste s\u00e1bado, dia 18 - Regi\u00e3o News","isPartOf":{"@id":"https:\/\/regiaonews.net.br\/2022\/#website"},"primaryImageOfPage":{"@id":"https:\/\/regiaonews.net.br\/2022\/2024\/05\/16\/concessionarias-vecol-realizam-mega-operacao-de-vendas-neste-sabado-dia-18\/#primaryimage"},"image":{"@id":"https:\/\/regiaonews.net.br\/2022\/2024\/05\/16\/concessionarias-vecol-realizam-mega-operacao-de-vendas-neste-sabado-dia-18\/#primaryimage"},"thumbnailUrl":"https:\/\/regiaonews.net.br\/2022\/wp-content\/uploads\/2024\/05\/dario.jpg","datePublished":"2024-05-16T18:22:38+00:00","breadcrumb":{"@id":"https:\/\/regiaonews.net.br\/2022\/2024\/05\/16\/concessionarias-vecol-realizam-mega-operacao-de-vendas-neste-sabado-dia-18\/#breadcrumb"},"inLanguage":"pt-BR","potentialAction":[{"@type":"ReadAction","target":["https:\/\/regiaonews.net.br\/2022\/2024\/05\/16\/concessionarias-vecol-realizam-mega-operacao-de-vendas-neste-sabado-dia-18\/"]}]},{"@type":"ImageObject","inLanguage":"pt-BR","@id":"https:\/\/regiaonews.net.br\/2022\/2024\/05\/16\/concessionarias-vecol-realizam-mega-operacao-de-vendas-neste-sabado-dia-18\/#primaryimage","url":"https:\/\/regiaonews.net.br\/2022\/wp-content\/uploads\/2024\/05\/dario.jpg","contentUrl":"https:\/\/regiaonews.net.br\/2022\/wp-content\/uploads\/2024\/05\/dario.jpg","width":342,"height":452},{"@type":"BreadcrumbList","@id":"https:\/\/regiaonews.net.br\/2022\/2024\/05\/16\/concessionarias-vecol-realizam-mega-operacao-de-vendas-neste-sabado-dia-18\/#breadcrumb","itemListElement":[{"@type":"ListItem","position":1,"name":"In\u00edcio","item":"https:\/\/regiaonews.net.br\/2022\/"},{"@type":"ListItem","position":2,"name":"Concession\u00e1rias Vecol realizam Mega Opera\u00e7\u00e3o de Vendas neste s\u00e1bado, dia 18"}]},{"@type":"WebSite","@id":"https:\/\/regiaonews.net.br\/2022\/#website","url":"https:\/\/regiaonews.net.br\/2022\/","name":"Regi\u00e3o News","description":"Site de Not\u00edcias de Barretos e regi\u00e3o","publisher":{"@id":"https:\/\/regiaonews.net.br\/2022\/#organization"},"potentialAction":[{"@type":"SearchAction","target":{"@type":"EntryPoint","urlTemplate":"https:\/\/regiaonews.net.br\/2022\/?s={search_term_string}"},"query-input":{"@type":"PropertyValueSpecification","valueRequired":true,"valueName":"search_term_string"}}],"inLanguage":"pt-BR"},{"@type":"Organization","@id":"https:\/\/regiaonews.net.br\/2022\/#organization","name":"Regi\u00e3o News","url":"https:\/\/regiaonews.net.br\/2022\/","logo":{"@type":"ImageObject","inLanguage":"pt-BR","@id":"https:\/\/regiaonews.net.br\/2022\/#\/schema\/logo\/image\/","url":"https:\/\/regiaonews.net.br\/2022\/wp-content\/uploads\/2026\/03\/regiao-13-anos-scaled.jpg","contentUrl":"https:\/\/regiaonews.net.br\/2022\/wp-content\/uploads\/2026\/03\/regiao-13-anos-scaled.jpg","width":2560,"height":635,"caption":"Regi\u00e3o News"},"image":{"@id":"https:\/\/regiaonews.net.br\/2022\/#\/schema\/logo\/image\/"}},{"@type":"Person","@id":"https:\/\/regiaonews.net.br\/2022\/#\/schema\/person\/2d205a608a5aa97ac279d7a5e6d89ad8","name":"Roberto","image":{"@type":"ImageObject","inLanguage":"pt-BR","@id":"https:\/\/secure.gravatar.com\/avatar\/42749d8b712ff9d59ca93dc150494e5b55a44134482993f5baeb97e61b7ecc89?s=96&d=mm&r=g","url":"https:\/\/secure.gravatar.com\/avatar\/42749d8b712ff9d59ca93dc150494e5b55a44134482993f5baeb97e61b7ecc89?s=96&d=mm&r=g","contentUrl":"https:\/\/secure.gravatar.com\/avatar\/42749d8b712ff9d59ca93dc150494e5b55a44134482993f5baeb97e61b7ecc89?s=96&d=mm&r=g","caption":"Roberto"},"url":"https:\/\/regiaonews.net.br\/2022\/author\/roberto\/"}]}},"publishpress_future_action":{"enabled":false,"date":"2026-05-03 08:29:21","action":"change-status","newStatus":"draft","terms":[],"taxonomy":"category","extraData":[]},"publishpress_future_workflow_manual_trigger":{"enabledWorkflows":[]},"_links":{"self":[{"href":"https:\/\/regiaonews.net.br\/2022\/wp-json\/wp\/v2\/posts\/105056","targetHints":{"allow":["GET"]}}],"collection":[{"href":"https:\/\/regiaonews.net.br\/2022\/wp-json\/wp\/v2\/posts"}],"about":[{"href":"https:\/\/regiaonews.net.br\/2022\/wp-json\/wp\/v2\/types\/post"}],"author":[{"embeddable":true,"href":"https:\/\/regiaonews.net.br\/2022\/wp-json\/wp\/v2\/users\/2"}],"replies":[{"embeddable":true,"href":"https:\/\/regiaonews.net.br\/2022\/wp-json\/wp\/v2\/comments?post=105056"}],"version-history":[{"count":1,"href":"https:\/\/regiaonews.net.br\/2022\/wp-json\/wp\/v2\/posts\/105056\/revisions"}],"predecessor-version":[{"id":105059,"href":"https:\/\/regiaonews.net.br\/2022\/wp-json\/wp\/v2\/posts\/105056\/revisions\/105059"}],"wp:featuredmedia":[{"embeddable":true,"href":"https:\/\/regiaonews.net.br\/2022\/wp-json\/wp\/v2\/media\/105057"}],"wp:attachment":[{"href":"https:\/\/regiaonews.net.br\/2022\/wp-json\/wp\/v2\/media?parent=105056"}],"wp:term":[{"taxonomy":"category","embeddable":true,"href":"https:\/\/regiaonews.net.br\/2022\/wp-json\/wp\/v2\/categories?post=105056"},{"taxonomy":"post_tag","embeddable":true,"href":"https:\/\/regiaonews.net.br\/2022\/wp-json\/wp\/v2\/tags?post=105056"}],"curies":[{"name":"wp","href":"https:\/\/api.w.org\/{rel}","templated":true}]}}