{"id":105050,"date":"2024-05-16T13:43:20","date_gmt":"2024-05-16T16:43:20","guid":{"rendered":"https:\/\/regiaonews.net.br\/2022\/?p=105050"},"modified":"2024-05-16T13:43:20","modified_gmt":"2024-05-16T16:43:20","slug":"morre-o-narrador-esportivo-silvio-luiz-aos-89-anos","status":"publish","type":"post","link":"https:\/\/regiaonews.net.br\/2022\/2024\/05\/16\/morre-o-narrador-esportivo-silvio-luiz-aos-89-anos\/","title":{"rendered":"Morre o narrador esportivo Silvio Luiz aos 89 anos"},"content":{"rendered":"<p>O narrador esportivo Silvio Luiz morreu nesta quinta-feira (16), em S\u00e3o Paulo, aos 89 anos. A informa\u00e7\u00e3o foi confirmada pelo Hospital Oswaldo Cruz, onde ele estava internado desde o dia 8 de maio. Segundo o hospital, o narrador faleceu \u00e0s 9h40, em decorr\u00eancia de fal\u00eancia de m\u00faltiplos \u00f3rg\u00e3os. Ele deixa tr\u00eas filhos e a esposa. &#8220;O Hospital Alem\u00e3o Oswaldo Cruz informa que o paciente, Sr. Sylvio Luiz Perez Machado de Souza, 89, faleceu nesta quinta-feira (16) \u00e0s 9h40, em decorr\u00eancia de fal\u00eancia de m\u00faltiplos \u00f3rg\u00e3os. O narrador esportivo e jornalista estava internado na UTI do Hospital desde o dia 8 de maio. O Hospital Alem\u00e3o Oswaldo Cruz lamenta o falecimento, a dire\u00e7\u00e3o, equipe m\u00e9dica e assistencial se solidarizam com os familiares e amigos neste momento de dor.&#8221;<br \/>\nAnteriormente, em 7 de abril, ele j\u00e1 havia sido internado, ap\u00f3s passar mal durante a transmiss\u00e3o da final do Campeonato Paulista entre Palmeiras e Santos. O narrador estava participando da transmiss\u00e3o online da Record ao lado dos humoristas Bola e Carioca quando um dos colegas sinalizou para a produ\u00e7\u00e3o que ele n\u00e3o estava bem.<br \/>\nSilvio teve dificuldades para falar e precisou ser socorrido pelos bombeiros. Foi levado para o Hospital Oswaldo Cruz, onde ficou internado at\u00e9 30 de abril, quando teve alta ap\u00f3s passar por exames.<br \/>\nCarreira<br \/>\nSilvio Luiz \u00e9 um dos maiores nomes do jornalismo esportivo brasileiro. O narrador eternizou diversos bord\u00f5es no mundo do futebol, dentre eles: &#8220;Olho no lance&#8221;; &#8220;Pelo amor dos meus filhinhos&#8221;; &#8220;Foi, foi, foi, foi, foi ele!&#8221;.<br \/>\nSilvio imortalizou pelo menos 10 bord\u00f5es que, entre 2011 e 2016, foram utilizados no jogo de videogame Pro Evolution Soccer (PES) narrando e comentando as partidas online. Mais recentemente, sua voz poderia ser usada para orienta\u00e7\u00f5es de tr\u00e2nsito no aplicativo Waze de dire\u00e7\u00e3o. Silvio participou da transmiss\u00e3o de seis Copas do Mundo e nove Olimp\u00edadas e apresentou programas esportivos no Grupo Bandeirantes, na Record, no SBT\u00a0e\u00a0na\u00a0RedeTV!.<\/p>\n","protected":false},"excerpt":{"rendered":"<p>O narrador esportivo Silvio Luiz morreu nesta quinta-feira (16), em<\/p>\n","protected":false},"author":2,"featured_media":105051,"comment_status":"open","ping_status":"open","sticky":false,"template":"","format":"standard","meta":{"footnotes":""},"categories":[24,21],"tags":[],"class_list":["post-105050","post","type-post","status-publish","format-standard","has-post-thumbnail","hentry","category-brasil","category-esporte"],"yoast_head":"<!-- This site is optimized with the Yoast SEO plugin v27.4 - https:\/\/yoast.com\/product\/yoast-seo-wordpress\/ -->\n<title>Morre o narrador esportivo Silvio Luiz aos 89 anos - Regi\u00e3o News<\/title>\n<meta name=\"robots\" content=\"index, follow, max-snippet:-1, max-image-preview:large, max-video-preview:-1\" \/>\n<link rel=\"canonical\" href=\"https:\/\/regiaonews.net.br\/2022\/2024\/05\/16\/morre-o-narrador-esportivo-silvio-luiz-aos-89-anos\/\" \/>\n<meta property=\"og:locale\" content=\"pt_BR\" \/>\n<meta property=\"og:type\" content=\"article\" \/>\n<meta property=\"og:title\" content=\"Morre o narrador esportivo Silvio Luiz aos 89 anos - Regi\u00e3o News\" \/>\n<meta property=\"og:description\" content=\"O narrador esportivo Silvio Luiz morreu nesta quinta-feira (16), em\" \/>\n<meta property=\"og:url\" content=\"https:\/\/regiaonews.net.br\/2022\/2024\/05\/16\/morre-o-narrador-esportivo-silvio-luiz-aos-89-anos\/\" \/>\n<meta property=\"og:site_name\" content=\"Regi\u00e3o News\" \/>\n<meta property=\"article:published_time\" content=\"2024-05-16T16:43:20+00:00\" \/>\n<meta property=\"og:image\" content=\"https:\/\/regiaonews.net.br\/2022\/wp-content\/uploads\/2024\/05\/Imagem-do-WhatsApp-de-2024-05-16-as-11.27.55_c594ab34.jpg\" \/>\n\t<meta property=\"og:image:width\" content=\"478\" \/>\n\t<meta property=\"og:image:height\" content=\"279\" \/>\n\t<meta property=\"og:image:type\" content=\"image\/jpeg\" \/>\n<meta name=\"author\" content=\"Roberto\" \/>\n<meta name=\"twitter:card\" content=\"summary_large_image\" \/>\n<meta name=\"twitter:label1\" content=\"Escrito por\" \/>\n\t<meta name=\"twitter:data1\" content=\"Roberto\" \/>\n\t<meta name=\"twitter:label2\" content=\"Est. tempo de leitura\" \/>\n\t<meta name=\"twitter:data2\" content=\"2 minutos\" \/>\n<script type=\"application\/ld+json\" class=\"yoast-schema-graph\">{\"@context\":\"https:\\\/\\\/schema.org\",\"@graph\":[{\"@type\":\"Article\",\"@id\":\"https:\\\/\\\/regiaonews.net.br\\\/2022\\\/2024\\\/05\\\/16\\\/morre-o-narrador-esportivo-silvio-luiz-aos-89-anos\\\/#article\",\"isPartOf\":{\"@id\":\"https:\\\/\\\/regiaonews.net.br\\\/2022\\\/2024\\\/05\\\/16\\\/morre-o-narrador-esportivo-silvio-luiz-aos-89-anos\\\/\"},\"author\":{\"name\":\"Roberto\",\"@id\":\"https:\\\/\\\/regiaonews.net.br\\\/2022\\\/#\\\/schema\\\/person\\\/2d205a608a5aa97ac279d7a5e6d89ad8\"},\"headline\":\"Morre o narrador esportivo Silvio Luiz aos 89 anos\",\"datePublished\":\"2024-05-16T16:43:20+00:00\",\"mainEntityOfPage\":{\"@id\":\"https:\\\/\\\/regiaonews.net.br\\\/2022\\\/2024\\\/05\\\/16\\\/morre-o-narrador-esportivo-silvio-luiz-aos-89-anos\\\/\"},\"wordCount\":343,\"commentCount\":0,\"publisher\":{\"@id\":\"https:\\\/\\\/regiaonews.net.br\\\/2022\\\/#organization\"},\"image\":{\"@id\":\"https:\\\/\\\/regiaonews.net.br\\\/2022\\\/2024\\\/05\\\/16\\\/morre-o-narrador-esportivo-silvio-luiz-aos-89-anos\\\/#primaryimage\"},\"thumbnailUrl\":\"https:\\\/\\\/regiaonews.net.br\\\/2022\\\/wp-content\\\/uploads\\\/2024\\\/05\\\/Imagem-do-WhatsApp-de-2024-05-16-as-11.27.55_c594ab34.jpg\",\"articleSection\":[\"Brasil\",\"Esporte\"],\"inLanguage\":\"pt-BR\",\"potentialAction\":[{\"@type\":\"CommentAction\",\"name\":\"Comment\",\"target\":[\"https:\\\/\\\/regiaonews.net.br\\\/2022\\\/2024\\\/05\\\/16\\\/morre-o-narrador-esportivo-silvio-luiz-aos-89-anos\\\/#respond\"]}]},{\"@type\":\"WebPage\",\"@id\":\"https:\\\/\\\/regiaonews.net.br\\\/2022\\\/2024\\\/05\\\/16\\\/morre-o-narrador-esportivo-silvio-luiz-aos-89-anos\\\/\",\"url\":\"https:\\\/\\\/regiaonews.net.br\\\/2022\\\/2024\\\/05\\\/16\\\/morre-o-narrador-esportivo-silvio-luiz-aos-89-anos\\\/\",\"name\":\"Morre o narrador esportivo Silvio Luiz aos 89 anos - Regi\u00e3o News\",\"isPartOf\":{\"@id\":\"https:\\\/\\\/regiaonews.net.br\\\/2022\\\/#website\"},\"primaryImageOfPage\":{\"@id\":\"https:\\\/\\\/regiaonews.net.br\\\/2022\\\/2024\\\/05\\\/16\\\/morre-o-narrador-esportivo-silvio-luiz-aos-89-anos\\\/#primaryimage\"},\"image\":{\"@id\":\"https:\\\/\\\/regiaonews.net.br\\\/2022\\\/2024\\\/05\\\/16\\\/morre-o-narrador-esportivo-silvio-luiz-aos-89-anos\\\/#primaryimage\"},\"thumbnailUrl\":\"https:\\\/\\\/regiaonews.net.br\\\/2022\\\/wp-content\\\/uploads\\\/2024\\\/05\\\/Imagem-do-WhatsApp-de-2024-05-16-as-11.27.55_c594ab34.jpg\",\"datePublished\":\"2024-05-16T16:43:20+00:00\",\"breadcrumb\":{\"@id\":\"https:\\\/\\\/regiaonews.net.br\\\/2022\\\/2024\\\/05\\\/16\\\/morre-o-narrador-esportivo-silvio-luiz-aos-89-anos\\\/#breadcrumb\"},\"inLanguage\":\"pt-BR\",\"potentialAction\":[{\"@type\":\"ReadAction\",\"target\":[\"https:\\\/\\\/regiaonews.net.br\\\/2022\\\/2024\\\/05\\\/16\\\/morre-o-narrador-esportivo-silvio-luiz-aos-89-anos\\\/\"]}]},{\"@type\":\"ImageObject\",\"inLanguage\":\"pt-BR\",\"@id\":\"https:\\\/\\\/regiaonews.net.br\\\/2022\\\/2024\\\/05\\\/16\\\/morre-o-narrador-esportivo-silvio-luiz-aos-89-anos\\\/#primaryimage\",\"url\":\"https:\\\/\\\/regiaonews.net.br\\\/2022\\\/wp-content\\\/uploads\\\/2024\\\/05\\\/Imagem-do-WhatsApp-de-2024-05-16-as-11.27.55_c594ab34.jpg\",\"contentUrl\":\"https:\\\/\\\/regiaonews.net.br\\\/2022\\\/wp-content\\\/uploads\\\/2024\\\/05\\\/Imagem-do-WhatsApp-de-2024-05-16-as-11.27.55_c594ab34.jpg\",\"width\":478,\"height\":279},{\"@type\":\"BreadcrumbList\",\"@id\":\"https:\\\/\\\/regiaonews.net.br\\\/2022\\\/2024\\\/05\\\/16\\\/morre-o-narrador-esportivo-silvio-luiz-aos-89-anos\\\/#breadcrumb\",\"itemListElement\":[{\"@type\":\"ListItem\",\"position\":1,\"name\":\"In\u00edcio\",\"item\":\"https:\\\/\\\/regiaonews.net.br\\\/2022\\\/\"},{\"@type\":\"ListItem\",\"position\":2,\"name\":\"Morre o narrador esportivo Silvio Luiz aos 89 anos\"}]},{\"@type\":\"WebSite\",\"@id\":\"https:\\\/\\\/regiaonews.net.br\\\/2022\\\/#website\",\"url\":\"https:\\\/\\\/regiaonews.net.br\\\/2022\\\/\",\"name\":\"Regi\u00e3o News\",\"description\":\"Site de Not\u00edcias de Barretos e regi\u00e3o\",\"publisher\":{\"@id\":\"https:\\\/\\\/regiaonews.net.br\\\/2022\\\/#organization\"},\"potentialAction\":[{\"@type\":\"SearchAction\",\"target\":{\"@type\":\"EntryPoint\",\"urlTemplate\":\"https:\\\/\\\/regiaonews.net.br\\\/2022\\\/?s={search_term_string}\"},\"query-input\":{\"@type\":\"PropertyValueSpecification\",\"valueRequired\":true,\"valueName\":\"search_term_string\"}}],\"inLanguage\":\"pt-BR\"},{\"@type\":\"Organization\",\"@id\":\"https:\\\/\\\/regiaonews.net.br\\\/2022\\\/#organization\",\"name\":\"Regi\u00e3o News\",\"url\":\"https:\\\/\\\/regiaonews.net.br\\\/2022\\\/\",\"logo\":{\"@type\":\"ImageObject\",\"inLanguage\":\"pt-BR\",\"@id\":\"https:\\\/\\\/regiaonews.net.br\\\/2022\\\/#\\\/schema\\\/logo\\\/image\\\/\",\"url\":\"https:\\\/\\\/regiaonews.net.br\\\/2022\\\/wp-content\\\/uploads\\\/2026\\\/03\\\/regiao-13-anos-scaled.jpg\",\"contentUrl\":\"https:\\\/\\\/regiaonews.net.br\\\/2022\\\/wp-content\\\/uploads\\\/2026\\\/03\\\/regiao-13-anos-scaled.jpg\",\"width\":2560,\"height\":635,\"caption\":\"Regi\u00e3o News\"},\"image\":{\"@id\":\"https:\\\/\\\/regiaonews.net.br\\\/2022\\\/#\\\/schema\\\/logo\\\/image\\\/\"}},{\"@type\":\"Person\",\"@id\":\"https:\\\/\\\/regiaonews.net.br\\\/2022\\\/#\\\/schema\\\/person\\\/2d205a608a5aa97ac279d7a5e6d89ad8\",\"name\":\"Roberto\",\"image\":{\"@type\":\"ImageObject\",\"inLanguage\":\"pt-BR\",\"@id\":\"https:\\\/\\\/secure.gravatar.com\\\/avatar\\\/42749d8b712ff9d59ca93dc150494e5b55a44134482993f5baeb97e61b7ecc89?s=96&d=mm&r=g\",\"url\":\"https:\\\/\\\/secure.gravatar.com\\\/avatar\\\/42749d8b712ff9d59ca93dc150494e5b55a44134482993f5baeb97e61b7ecc89?s=96&d=mm&r=g\",\"contentUrl\":\"https:\\\/\\\/secure.gravatar.com\\\/avatar\\\/42749d8b712ff9d59ca93dc150494e5b55a44134482993f5baeb97e61b7ecc89?s=96&d=mm&r=g\",\"caption\":\"Roberto\"},\"url\":\"https:\\\/\\\/regiaonews.net.br\\\/2022\\\/author\\\/roberto\\\/\"}]}<\/script>\n<!-- \/ Yoast SEO plugin. -->","yoast_head_json":{"title":"Morre o narrador esportivo Silvio Luiz aos 89 anos - Regi\u00e3o News","robots":{"index":"index","follow":"follow","max-snippet":"max-snippet:-1","max-image-preview":"max-image-preview:large","max-video-preview":"max-video-preview:-1"},"canonical":"https:\/\/regiaonews.net.br\/2022\/2024\/05\/16\/morre-o-narrador-esportivo-silvio-luiz-aos-89-anos\/","og_locale":"pt_BR","og_type":"article","og_title":"Morre o narrador esportivo Silvio Luiz aos 89 anos - Regi\u00e3o News","og_description":"O narrador esportivo Silvio Luiz morreu nesta quinta-feira (16), em","og_url":"https:\/\/regiaonews.net.br\/2022\/2024\/05\/16\/morre-o-narrador-esportivo-silvio-luiz-aos-89-anos\/","og_site_name":"Regi\u00e3o News","article_published_time":"2024-05-16T16:43:20+00:00","og_image":[{"width":478,"height":279,"url":"https:\/\/regiaonews.net.br\/2022\/wp-content\/uploads\/2024\/05\/Imagem-do-WhatsApp-de-2024-05-16-as-11.27.55_c594ab34.jpg","type":"image\/jpeg"}],"author":"Roberto","twitter_card":"summary_large_image","twitter_misc":{"Escrito por":"Roberto","Est. tempo de leitura":"2 minutos"},"schema":{"@context":"https:\/\/schema.org","@graph":[{"@type":"Article","@id":"https:\/\/regiaonews.net.br\/2022\/2024\/05\/16\/morre-o-narrador-esportivo-silvio-luiz-aos-89-anos\/#article","isPartOf":{"@id":"https:\/\/regiaonews.net.br\/2022\/2024\/05\/16\/morre-o-narrador-esportivo-silvio-luiz-aos-89-anos\/"},"author":{"name":"Roberto","@id":"https:\/\/regiaonews.net.br\/2022\/#\/schema\/person\/2d205a608a5aa97ac279d7a5e6d89ad8"},"headline":"Morre o narrador esportivo Silvio Luiz aos 89 anos","datePublished":"2024-05-16T16:43:20+00:00","mainEntityOfPage":{"@id":"https:\/\/regiaonews.net.br\/2022\/2024\/05\/16\/morre-o-narrador-esportivo-silvio-luiz-aos-89-anos\/"},"wordCount":343,"commentCount":0,"publisher":{"@id":"https:\/\/regiaonews.net.br\/2022\/#organization"},"image":{"@id":"https:\/\/regiaonews.net.br\/2022\/2024\/05\/16\/morre-o-narrador-esportivo-silvio-luiz-aos-89-anos\/#primaryimage"},"thumbnailUrl":"https:\/\/regiaonews.net.br\/2022\/wp-content\/uploads\/2024\/05\/Imagem-do-WhatsApp-de-2024-05-16-as-11.27.55_c594ab34.jpg","articleSection":["Brasil","Esporte"],"inLanguage":"pt-BR","potentialAction":[{"@type":"CommentAction","name":"Comment","target":["https:\/\/regiaonews.net.br\/2022\/2024\/05\/16\/morre-o-narrador-esportivo-silvio-luiz-aos-89-anos\/#respond"]}]},{"@type":"WebPage","@id":"https:\/\/regiaonews.net.br\/2022\/2024\/05\/16\/morre-o-narrador-esportivo-silvio-luiz-aos-89-anos\/","url":"https:\/\/regiaonews.net.br\/2022\/2024\/05\/16\/morre-o-narrador-esportivo-silvio-luiz-aos-89-anos\/","name":"Morre o narrador esportivo Silvio Luiz aos 89 anos - Regi\u00e3o News","isPartOf":{"@id":"https:\/\/regiaonews.net.br\/2022\/#website"},"primaryImageOfPage":{"@id":"https:\/\/regiaonews.net.br\/2022\/2024\/05\/16\/morre-o-narrador-esportivo-silvio-luiz-aos-89-anos\/#primaryimage"},"image":{"@id":"https:\/\/regiaonews.net.br\/2022\/2024\/05\/16\/morre-o-narrador-esportivo-silvio-luiz-aos-89-anos\/#primaryimage"},"thumbnailUrl":"https:\/\/regiaonews.net.br\/2022\/wp-content\/uploads\/2024\/05\/Imagem-do-WhatsApp-de-2024-05-16-as-11.27.55_c594ab34.jpg","datePublished":"2024-05-16T16:43:20+00:00","breadcrumb":{"@id":"https:\/\/regiaonews.net.br\/2022\/2024\/05\/16\/morre-o-narrador-esportivo-silvio-luiz-aos-89-anos\/#breadcrumb"},"inLanguage":"pt-BR","potentialAction":[{"@type":"ReadAction","target":["https:\/\/regiaonews.net.br\/2022\/2024\/05\/16\/morre-o-narrador-esportivo-silvio-luiz-aos-89-anos\/"]}]},{"@type":"ImageObject","inLanguage":"pt-BR","@id":"https:\/\/regiaonews.net.br\/2022\/2024\/05\/16\/morre-o-narrador-esportivo-silvio-luiz-aos-89-anos\/#primaryimage","url":"https:\/\/regiaonews.net.br\/2022\/wp-content\/uploads\/2024\/05\/Imagem-do-WhatsApp-de-2024-05-16-as-11.27.55_c594ab34.jpg","contentUrl":"https:\/\/regiaonews.net.br\/2022\/wp-content\/uploads\/2024\/05\/Imagem-do-WhatsApp-de-2024-05-16-as-11.27.55_c594ab34.jpg","width":478,"height":279},{"@type":"BreadcrumbList","@id":"https:\/\/regiaonews.net.br\/2022\/2024\/05\/16\/morre-o-narrador-esportivo-silvio-luiz-aos-89-anos\/#breadcrumb","itemListElement":[{"@type":"ListItem","position":1,"name":"In\u00edcio","item":"https:\/\/regiaonews.net.br\/2022\/"},{"@type":"ListItem","position":2,"name":"Morre o narrador esportivo Silvio Luiz aos 89 anos"}]},{"@type":"WebSite","@id":"https:\/\/regiaonews.net.br\/2022\/#website","url":"https:\/\/regiaonews.net.br\/2022\/","name":"Regi\u00e3o News","description":"Site de Not\u00edcias de Barretos e regi\u00e3o","publisher":{"@id":"https:\/\/regiaonews.net.br\/2022\/#organization"},"potentialAction":[{"@type":"SearchAction","target":{"@type":"EntryPoint","urlTemplate":"https:\/\/regiaonews.net.br\/2022\/?s={search_term_string}"},"query-input":{"@type":"PropertyValueSpecification","valueRequired":true,"valueName":"search_term_string"}}],"inLanguage":"pt-BR"},{"@type":"Organization","@id":"https:\/\/regiaonews.net.br\/2022\/#organization","name":"Regi\u00e3o News","url":"https:\/\/regiaonews.net.br\/2022\/","logo":{"@type":"ImageObject","inLanguage":"pt-BR","@id":"https:\/\/regiaonews.net.br\/2022\/#\/schema\/logo\/image\/","url":"https:\/\/regiaonews.net.br\/2022\/wp-content\/uploads\/2026\/03\/regiao-13-anos-scaled.jpg","contentUrl":"https:\/\/regiaonews.net.br\/2022\/wp-content\/uploads\/2026\/03\/regiao-13-anos-scaled.jpg","width":2560,"height":635,"caption":"Regi\u00e3o News"},"image":{"@id":"https:\/\/regiaonews.net.br\/2022\/#\/schema\/logo\/image\/"}},{"@type":"Person","@id":"https:\/\/regiaonews.net.br\/2022\/#\/schema\/person\/2d205a608a5aa97ac279d7a5e6d89ad8","name":"Roberto","image":{"@type":"ImageObject","inLanguage":"pt-BR","@id":"https:\/\/secure.gravatar.com\/avatar\/42749d8b712ff9d59ca93dc150494e5b55a44134482993f5baeb97e61b7ecc89?s=96&d=mm&r=g","url":"https:\/\/secure.gravatar.com\/avatar\/42749d8b712ff9d59ca93dc150494e5b55a44134482993f5baeb97e61b7ecc89?s=96&d=mm&r=g","contentUrl":"https:\/\/secure.gravatar.com\/avatar\/42749d8b712ff9d59ca93dc150494e5b55a44134482993f5baeb97e61b7ecc89?s=96&d=mm&r=g","caption":"Roberto"},"url":"https:\/\/regiaonews.net.br\/2022\/author\/roberto\/"}]}},"publishpress_future_action":{"enabled":false,"date":"2026-05-03 11:54:47","action":"change-status","newStatus":"draft","terms":[],"taxonomy":"category","extraData":[]},"publishpress_future_workflow_manual_trigger":{"enabledWorkflows":[]},"_links":{"self":[{"href":"https:\/\/regiaonews.net.br\/2022\/wp-json\/wp\/v2\/posts\/105050","targetHints":{"allow":["GET"]}}],"collection":[{"href":"https:\/\/regiaonews.net.br\/2022\/wp-json\/wp\/v2\/posts"}],"about":[{"href":"https:\/\/regiaonews.net.br\/2022\/wp-json\/wp\/v2\/types\/post"}],"author":[{"embeddable":true,"href":"https:\/\/regiaonews.net.br\/2022\/wp-json\/wp\/v2\/users\/2"}],"replies":[{"embeddable":true,"href":"https:\/\/regiaonews.net.br\/2022\/wp-json\/wp\/v2\/comments?post=105050"}],"version-history":[{"count":1,"href":"https:\/\/regiaonews.net.br\/2022\/wp-json\/wp\/v2\/posts\/105050\/revisions"}],"predecessor-version":[{"id":105052,"href":"https:\/\/regiaonews.net.br\/2022\/wp-json\/wp\/v2\/posts\/105050\/revisions\/105052"}],"wp:featuredmedia":[{"embeddable":true,"href":"https:\/\/regiaonews.net.br\/2022\/wp-json\/wp\/v2\/media\/105051"}],"wp:attachment":[{"href":"https:\/\/regiaonews.net.br\/2022\/wp-json\/wp\/v2\/media?parent=105050"}],"wp:term":[{"taxonomy":"category","embeddable":true,"href":"https:\/\/regiaonews.net.br\/2022\/wp-json\/wp\/v2\/categories?post=105050"},{"taxonomy":"post_tag","embeddable":true,"href":"https:\/\/regiaonews.net.br\/2022\/wp-json\/wp\/v2\/tags?post=105050"}],"curies":[{"name":"wp","href":"https:\/\/api.w.org\/{rel}","templated":true}]}}