{"id":105047,"date":"2024-05-16T13:42:43","date_gmt":"2024-05-16T16:42:43","guid":{"rendered":"https:\/\/regiaonews.net.br\/2022\/?p=105047"},"modified":"2024-05-16T13:42:43","modified_gmt":"2024-05-16T16:42:43","slug":"recinto-recebe-megaestrutura-do-evento-revelando-sp","status":"publish","type":"post","link":"https:\/\/regiaonews.net.br\/2022\/2024\/05\/16\/recinto-recebe-megaestrutura-do-evento-revelando-sp\/","title":{"rendered":"Recinto recebe megaestrutura do evento Revelando SP"},"content":{"rendered":"<p>O recinto Paulo de Lima Correa, em Barretos, ser\u00e1 palco das atra\u00e7\u00f5es que integram o projeto Revelando SP, de sexta (17) a domingo (19), com entrada gratuita. Iniciativa do Governo do Estado, por meio da Secretaria da Cultura, o evento tem a gest\u00e3o e produ\u00e7\u00e3o da Associa\u00e7\u00e3o Paulista dos Amigos da Arte. O Revelando SP em Barretos \u00e9 correalizado pela prefeitura e a secretaria de Cultura.<br \/>\nSer\u00e3o mais de 60 participantes, entre culinaristas, artes\u00e3os e representantes das mais diversas manifesta\u00e7\u00f5es culturais do estado de S\u00e3o Paulo.<br \/>\nTamb\u00e9m fazem parte da programa\u00e7\u00e3o shows com a dupla Cezar &amp; Paulinho, que est\u00e1 completando 50 anos de atividades, e os cantores sertanejos Thiago Carvalho e S\u00e9rgio Marques se apresentam no dia 17 de maio. O m\u00fasico Guito, que ficou conhecido por ter feito o papel de Tib\u00e9rio na novela \u201cPantanal\u201d (2023), e a cantora santista Carolina Soares, int\u00e9rprete de samba e outras vertentes da m\u00fasica brasileira, sobem ao palco no dia 18. Domingo (19), tocam no festival o grupo Dem\u00f4nios da Garoa, com mais de 80 anos de trajet\u00f3ria, e a Orquestra Sinf\u00f4nica Municipal de Barretos, que far\u00e1 um show especial, tocando cl\u00e1ssicos do sertanejo. Confira a programa\u00e7\u00e3o musical. \u201cO evento tem in\u00edcio na sexta (17), \u00e0s 10h com uma feira gastron\u00f4mica e prossegue com atividades em uma feira e v\u00e1rias atra\u00e7\u00f5es, com os shows consagrados no per\u00edodo da noite. Teremos atividades o dia todo voltado para as crian\u00e7as, adultos e terceira idade, dentro da melhor estrutura de som, ilumina\u00e7\u00e3o e com toda a arena coberta para o p\u00fablico n\u00e3o pisar areia\u201d, explicou o secret\u00e1rio de Cultura,\u00a0Igor\u00a0Santos.<\/p>\n<p>17 de maio, sexta<\/p>\n<p>Das 9h30 \u00e0s 20h30 \u2013 DJ Thomazini<\/p>\n<p>13h \u2013 S\u00e9rgio Marques<\/p>\n<p>19h \u2013 Thiago Carvalho<\/p>\n<p>20h30 \u2013 Cezar &amp; Paulinho<\/p>\n<p>18 de maio, s\u00e1bado<\/p>\n<p>Das 10h \u00e0s 20h30 \u2013 DJ Ronaldo<\/p>\n<p>17h \u2013 Carolina Soares<\/p>\n<p>20h \u2013 Guito<\/p>\n<p>19 de maio, domingo<\/p>\n<p>Das 10h \u00e0s 20h30 \u2013 DJ Thomazini<\/p>\n<p>12h \u2013 Orquestra Sinf\u00f4nica de Barretos tocando cl\u00e1ssicos sertanejos<\/p>\n<p>18h \u2013 Dem\u00f4nios\u00a0da\u00a0Garoa<\/p>\n<p>Foto &#8211; J\u00e2nio Munhoz<\/p>\n","protected":false},"excerpt":{"rendered":"<p>O recinto Paulo de Lima Correa, em Barretos, ser\u00e1 palco<\/p>\n","protected":false},"author":2,"featured_media":105048,"comment_status":"open","ping_status":"open","sticky":false,"template":"","format":"standard","meta":{"footnotes":""},"categories":[14,3],"tags":[],"class_list":["post-105047","post","type-post","status-publish","format-standard","has-post-thumbnail","hentry","category-barretos","category-geral"],"yoast_head":"<!-- This site is optimized with the Yoast SEO plugin v27.4 - https:\/\/yoast.com\/product\/yoast-seo-wordpress\/ -->\n<title>Recinto recebe megaestrutura do evento Revelando SP - Regi\u00e3o News<\/title>\n<meta name=\"robots\" content=\"index, follow, max-snippet:-1, max-image-preview:large, max-video-preview:-1\" \/>\n<link rel=\"canonical\" href=\"https:\/\/regiaonews.net.br\/2022\/2024\/05\/16\/recinto-recebe-megaestrutura-do-evento-revelando-sp\/\" \/>\n<meta property=\"og:locale\" content=\"pt_BR\" \/>\n<meta property=\"og:type\" content=\"article\" \/>\n<meta property=\"og:title\" content=\"Recinto recebe megaestrutura do evento Revelando SP - Regi\u00e3o News\" \/>\n<meta property=\"og:description\" content=\"O recinto Paulo de Lima Correa, em Barretos, ser\u00e1 palco\" \/>\n<meta property=\"og:url\" content=\"https:\/\/regiaonews.net.br\/2022\/2024\/05\/16\/recinto-recebe-megaestrutura-do-evento-revelando-sp\/\" \/>\n<meta property=\"og:site_name\" content=\"Regi\u00e3o News\" \/>\n<meta property=\"article:published_time\" content=\"2024-05-16T16:42:43+00:00\" \/>\n<meta property=\"og:image\" content=\"https:\/\/regiaonews.net.br\/2022\/wp-content\/uploads\/2024\/05\/Imagem-do-WhatsApp-de-2024-05-16-as-10.14.44_0669b792.jpg\" \/>\n\t<meta property=\"og:image:width\" content=\"1600\" \/>\n\t<meta property=\"og:image:height\" content=\"1069\" \/>\n\t<meta property=\"og:image:type\" content=\"image\/jpeg\" \/>\n<meta name=\"author\" content=\"Roberto\" \/>\n<meta name=\"twitter:card\" content=\"summary_large_image\" \/>\n<meta name=\"twitter:label1\" content=\"Escrito por\" \/>\n\t<meta name=\"twitter:data1\" content=\"Roberto\" \/>\n\t<meta name=\"twitter:label2\" content=\"Est. tempo de leitura\" \/>\n\t<meta name=\"twitter:data2\" content=\"2 minutos\" \/>\n<script type=\"application\/ld+json\" class=\"yoast-schema-graph\">{\"@context\":\"https:\\\/\\\/schema.org\",\"@graph\":[{\"@type\":\"Article\",\"@id\":\"https:\\\/\\\/regiaonews.net.br\\\/2022\\\/2024\\\/05\\\/16\\\/recinto-recebe-megaestrutura-do-evento-revelando-sp\\\/#article\",\"isPartOf\":{\"@id\":\"https:\\\/\\\/regiaonews.net.br\\\/2022\\\/2024\\\/05\\\/16\\\/recinto-recebe-megaestrutura-do-evento-revelando-sp\\\/\"},\"author\":{\"name\":\"Roberto\",\"@id\":\"https:\\\/\\\/regiaonews.net.br\\\/2022\\\/#\\\/schema\\\/person\\\/2d205a608a5aa97ac279d7a5e6d89ad8\"},\"headline\":\"Recinto recebe megaestrutura do evento Revelando SP\",\"datePublished\":\"2024-05-16T16:42:43+00:00\",\"mainEntityOfPage\":{\"@id\":\"https:\\\/\\\/regiaonews.net.br\\\/2022\\\/2024\\\/05\\\/16\\\/recinto-recebe-megaestrutura-do-evento-revelando-sp\\\/\"},\"wordCount\":356,\"commentCount\":0,\"publisher\":{\"@id\":\"https:\\\/\\\/regiaonews.net.br\\\/2022\\\/#organization\"},\"image\":{\"@id\":\"https:\\\/\\\/regiaonews.net.br\\\/2022\\\/2024\\\/05\\\/16\\\/recinto-recebe-megaestrutura-do-evento-revelando-sp\\\/#primaryimage\"},\"thumbnailUrl\":\"https:\\\/\\\/regiaonews.net.br\\\/2022\\\/wp-content\\\/uploads\\\/2024\\\/05\\\/Imagem-do-WhatsApp-de-2024-05-16-as-10.14.44_0669b792.jpg\",\"articleSection\":[\"Barretos\",\"Geral\"],\"inLanguage\":\"pt-BR\",\"potentialAction\":[{\"@type\":\"CommentAction\",\"name\":\"Comment\",\"target\":[\"https:\\\/\\\/regiaonews.net.br\\\/2022\\\/2024\\\/05\\\/16\\\/recinto-recebe-megaestrutura-do-evento-revelando-sp\\\/#respond\"]}]},{\"@type\":\"WebPage\",\"@id\":\"https:\\\/\\\/regiaonews.net.br\\\/2022\\\/2024\\\/05\\\/16\\\/recinto-recebe-megaestrutura-do-evento-revelando-sp\\\/\",\"url\":\"https:\\\/\\\/regiaonews.net.br\\\/2022\\\/2024\\\/05\\\/16\\\/recinto-recebe-megaestrutura-do-evento-revelando-sp\\\/\",\"name\":\"Recinto recebe megaestrutura do evento Revelando SP - Regi\u00e3o News\",\"isPartOf\":{\"@id\":\"https:\\\/\\\/regiaonews.net.br\\\/2022\\\/#website\"},\"primaryImageOfPage\":{\"@id\":\"https:\\\/\\\/regiaonews.net.br\\\/2022\\\/2024\\\/05\\\/16\\\/recinto-recebe-megaestrutura-do-evento-revelando-sp\\\/#primaryimage\"},\"image\":{\"@id\":\"https:\\\/\\\/regiaonews.net.br\\\/2022\\\/2024\\\/05\\\/16\\\/recinto-recebe-megaestrutura-do-evento-revelando-sp\\\/#primaryimage\"},\"thumbnailUrl\":\"https:\\\/\\\/regiaonews.net.br\\\/2022\\\/wp-content\\\/uploads\\\/2024\\\/05\\\/Imagem-do-WhatsApp-de-2024-05-16-as-10.14.44_0669b792.jpg\",\"datePublished\":\"2024-05-16T16:42:43+00:00\",\"breadcrumb\":{\"@id\":\"https:\\\/\\\/regiaonews.net.br\\\/2022\\\/2024\\\/05\\\/16\\\/recinto-recebe-megaestrutura-do-evento-revelando-sp\\\/#breadcrumb\"},\"inLanguage\":\"pt-BR\",\"potentialAction\":[{\"@type\":\"ReadAction\",\"target\":[\"https:\\\/\\\/regiaonews.net.br\\\/2022\\\/2024\\\/05\\\/16\\\/recinto-recebe-megaestrutura-do-evento-revelando-sp\\\/\"]}]},{\"@type\":\"ImageObject\",\"inLanguage\":\"pt-BR\",\"@id\":\"https:\\\/\\\/regiaonews.net.br\\\/2022\\\/2024\\\/05\\\/16\\\/recinto-recebe-megaestrutura-do-evento-revelando-sp\\\/#primaryimage\",\"url\":\"https:\\\/\\\/regiaonews.net.br\\\/2022\\\/wp-content\\\/uploads\\\/2024\\\/05\\\/Imagem-do-WhatsApp-de-2024-05-16-as-10.14.44_0669b792.jpg\",\"contentUrl\":\"https:\\\/\\\/regiaonews.net.br\\\/2022\\\/wp-content\\\/uploads\\\/2024\\\/05\\\/Imagem-do-WhatsApp-de-2024-05-16-as-10.14.44_0669b792.jpg\",\"width\":1600,\"height\":1069},{\"@type\":\"BreadcrumbList\",\"@id\":\"https:\\\/\\\/regiaonews.net.br\\\/2022\\\/2024\\\/05\\\/16\\\/recinto-recebe-megaestrutura-do-evento-revelando-sp\\\/#breadcrumb\",\"itemListElement\":[{\"@type\":\"ListItem\",\"position\":1,\"name\":\"In\u00edcio\",\"item\":\"https:\\\/\\\/regiaonews.net.br\\\/2022\\\/\"},{\"@type\":\"ListItem\",\"position\":2,\"name\":\"Recinto recebe megaestrutura do evento Revelando SP\"}]},{\"@type\":\"WebSite\",\"@id\":\"https:\\\/\\\/regiaonews.net.br\\\/2022\\\/#website\",\"url\":\"https:\\\/\\\/regiaonews.net.br\\\/2022\\\/\",\"name\":\"Regi\u00e3o News\",\"description\":\"Site de Not\u00edcias de Barretos e regi\u00e3o\",\"publisher\":{\"@id\":\"https:\\\/\\\/regiaonews.net.br\\\/2022\\\/#organization\"},\"potentialAction\":[{\"@type\":\"SearchAction\",\"target\":{\"@type\":\"EntryPoint\",\"urlTemplate\":\"https:\\\/\\\/regiaonews.net.br\\\/2022\\\/?s={search_term_string}\"},\"query-input\":{\"@type\":\"PropertyValueSpecification\",\"valueRequired\":true,\"valueName\":\"search_term_string\"}}],\"inLanguage\":\"pt-BR\"},{\"@type\":\"Organization\",\"@id\":\"https:\\\/\\\/regiaonews.net.br\\\/2022\\\/#organization\",\"name\":\"Regi\u00e3o News\",\"url\":\"https:\\\/\\\/regiaonews.net.br\\\/2022\\\/\",\"logo\":{\"@type\":\"ImageObject\",\"inLanguage\":\"pt-BR\",\"@id\":\"https:\\\/\\\/regiaonews.net.br\\\/2022\\\/#\\\/schema\\\/logo\\\/image\\\/\",\"url\":\"https:\\\/\\\/regiaonews.net.br\\\/2022\\\/wp-content\\\/uploads\\\/2026\\\/03\\\/regiao-13-anos-scaled.jpg\",\"contentUrl\":\"https:\\\/\\\/regiaonews.net.br\\\/2022\\\/wp-content\\\/uploads\\\/2026\\\/03\\\/regiao-13-anos-scaled.jpg\",\"width\":2560,\"height\":635,\"caption\":\"Regi\u00e3o News\"},\"image\":{\"@id\":\"https:\\\/\\\/regiaonews.net.br\\\/2022\\\/#\\\/schema\\\/logo\\\/image\\\/\"}},{\"@type\":\"Person\",\"@id\":\"https:\\\/\\\/regiaonews.net.br\\\/2022\\\/#\\\/schema\\\/person\\\/2d205a608a5aa97ac279d7a5e6d89ad8\",\"name\":\"Roberto\",\"image\":{\"@type\":\"ImageObject\",\"inLanguage\":\"pt-BR\",\"@id\":\"https:\\\/\\\/secure.gravatar.com\\\/avatar\\\/42749d8b712ff9d59ca93dc150494e5b55a44134482993f5baeb97e61b7ecc89?s=96&d=mm&r=g\",\"url\":\"https:\\\/\\\/secure.gravatar.com\\\/avatar\\\/42749d8b712ff9d59ca93dc150494e5b55a44134482993f5baeb97e61b7ecc89?s=96&d=mm&r=g\",\"contentUrl\":\"https:\\\/\\\/secure.gravatar.com\\\/avatar\\\/42749d8b712ff9d59ca93dc150494e5b55a44134482993f5baeb97e61b7ecc89?s=96&d=mm&r=g\",\"caption\":\"Roberto\"},\"url\":\"https:\\\/\\\/regiaonews.net.br\\\/2022\\\/author\\\/roberto\\\/\"}]}<\/script>\n<!-- \/ Yoast SEO plugin. -->","yoast_head_json":{"title":"Recinto recebe megaestrutura do evento Revelando SP - Regi\u00e3o News","robots":{"index":"index","follow":"follow","max-snippet":"max-snippet:-1","max-image-preview":"max-image-preview:large","max-video-preview":"max-video-preview:-1"},"canonical":"https:\/\/regiaonews.net.br\/2022\/2024\/05\/16\/recinto-recebe-megaestrutura-do-evento-revelando-sp\/","og_locale":"pt_BR","og_type":"article","og_title":"Recinto recebe megaestrutura do evento Revelando SP - Regi\u00e3o News","og_description":"O recinto Paulo de Lima Correa, em Barretos, ser\u00e1 palco","og_url":"https:\/\/regiaonews.net.br\/2022\/2024\/05\/16\/recinto-recebe-megaestrutura-do-evento-revelando-sp\/","og_site_name":"Regi\u00e3o News","article_published_time":"2024-05-16T16:42:43+00:00","og_image":[{"width":1600,"height":1069,"url":"https:\/\/regiaonews.net.br\/2022\/wp-content\/uploads\/2024\/05\/Imagem-do-WhatsApp-de-2024-05-16-as-10.14.44_0669b792.jpg","type":"image\/jpeg"}],"author":"Roberto","twitter_card":"summary_large_image","twitter_misc":{"Escrito por":"Roberto","Est. tempo de leitura":"2 minutos"},"schema":{"@context":"https:\/\/schema.org","@graph":[{"@type":"Article","@id":"https:\/\/regiaonews.net.br\/2022\/2024\/05\/16\/recinto-recebe-megaestrutura-do-evento-revelando-sp\/#article","isPartOf":{"@id":"https:\/\/regiaonews.net.br\/2022\/2024\/05\/16\/recinto-recebe-megaestrutura-do-evento-revelando-sp\/"},"author":{"name":"Roberto","@id":"https:\/\/regiaonews.net.br\/2022\/#\/schema\/person\/2d205a608a5aa97ac279d7a5e6d89ad8"},"headline":"Recinto recebe megaestrutura do evento Revelando SP","datePublished":"2024-05-16T16:42:43+00:00","mainEntityOfPage":{"@id":"https:\/\/regiaonews.net.br\/2022\/2024\/05\/16\/recinto-recebe-megaestrutura-do-evento-revelando-sp\/"},"wordCount":356,"commentCount":0,"publisher":{"@id":"https:\/\/regiaonews.net.br\/2022\/#organization"},"image":{"@id":"https:\/\/regiaonews.net.br\/2022\/2024\/05\/16\/recinto-recebe-megaestrutura-do-evento-revelando-sp\/#primaryimage"},"thumbnailUrl":"https:\/\/regiaonews.net.br\/2022\/wp-content\/uploads\/2024\/05\/Imagem-do-WhatsApp-de-2024-05-16-as-10.14.44_0669b792.jpg","articleSection":["Barretos","Geral"],"inLanguage":"pt-BR","potentialAction":[{"@type":"CommentAction","name":"Comment","target":["https:\/\/regiaonews.net.br\/2022\/2024\/05\/16\/recinto-recebe-megaestrutura-do-evento-revelando-sp\/#respond"]}]},{"@type":"WebPage","@id":"https:\/\/regiaonews.net.br\/2022\/2024\/05\/16\/recinto-recebe-megaestrutura-do-evento-revelando-sp\/","url":"https:\/\/regiaonews.net.br\/2022\/2024\/05\/16\/recinto-recebe-megaestrutura-do-evento-revelando-sp\/","name":"Recinto recebe megaestrutura do evento Revelando SP - Regi\u00e3o News","isPartOf":{"@id":"https:\/\/regiaonews.net.br\/2022\/#website"},"primaryImageOfPage":{"@id":"https:\/\/regiaonews.net.br\/2022\/2024\/05\/16\/recinto-recebe-megaestrutura-do-evento-revelando-sp\/#primaryimage"},"image":{"@id":"https:\/\/regiaonews.net.br\/2022\/2024\/05\/16\/recinto-recebe-megaestrutura-do-evento-revelando-sp\/#primaryimage"},"thumbnailUrl":"https:\/\/regiaonews.net.br\/2022\/wp-content\/uploads\/2024\/05\/Imagem-do-WhatsApp-de-2024-05-16-as-10.14.44_0669b792.jpg","datePublished":"2024-05-16T16:42:43+00:00","breadcrumb":{"@id":"https:\/\/regiaonews.net.br\/2022\/2024\/05\/16\/recinto-recebe-megaestrutura-do-evento-revelando-sp\/#breadcrumb"},"inLanguage":"pt-BR","potentialAction":[{"@type":"ReadAction","target":["https:\/\/regiaonews.net.br\/2022\/2024\/05\/16\/recinto-recebe-megaestrutura-do-evento-revelando-sp\/"]}]},{"@type":"ImageObject","inLanguage":"pt-BR","@id":"https:\/\/regiaonews.net.br\/2022\/2024\/05\/16\/recinto-recebe-megaestrutura-do-evento-revelando-sp\/#primaryimage","url":"https:\/\/regiaonews.net.br\/2022\/wp-content\/uploads\/2024\/05\/Imagem-do-WhatsApp-de-2024-05-16-as-10.14.44_0669b792.jpg","contentUrl":"https:\/\/regiaonews.net.br\/2022\/wp-content\/uploads\/2024\/05\/Imagem-do-WhatsApp-de-2024-05-16-as-10.14.44_0669b792.jpg","width":1600,"height":1069},{"@type":"BreadcrumbList","@id":"https:\/\/regiaonews.net.br\/2022\/2024\/05\/16\/recinto-recebe-megaestrutura-do-evento-revelando-sp\/#breadcrumb","itemListElement":[{"@type":"ListItem","position":1,"name":"In\u00edcio","item":"https:\/\/regiaonews.net.br\/2022\/"},{"@type":"ListItem","position":2,"name":"Recinto recebe megaestrutura do evento Revelando SP"}]},{"@type":"WebSite","@id":"https:\/\/regiaonews.net.br\/2022\/#website","url":"https:\/\/regiaonews.net.br\/2022\/","name":"Regi\u00e3o News","description":"Site de Not\u00edcias de Barretos e regi\u00e3o","publisher":{"@id":"https:\/\/regiaonews.net.br\/2022\/#organization"},"potentialAction":[{"@type":"SearchAction","target":{"@type":"EntryPoint","urlTemplate":"https:\/\/regiaonews.net.br\/2022\/?s={search_term_string}"},"query-input":{"@type":"PropertyValueSpecification","valueRequired":true,"valueName":"search_term_string"}}],"inLanguage":"pt-BR"},{"@type":"Organization","@id":"https:\/\/regiaonews.net.br\/2022\/#organization","name":"Regi\u00e3o News","url":"https:\/\/regiaonews.net.br\/2022\/","logo":{"@type":"ImageObject","inLanguage":"pt-BR","@id":"https:\/\/regiaonews.net.br\/2022\/#\/schema\/logo\/image\/","url":"https:\/\/regiaonews.net.br\/2022\/wp-content\/uploads\/2026\/03\/regiao-13-anos-scaled.jpg","contentUrl":"https:\/\/regiaonews.net.br\/2022\/wp-content\/uploads\/2026\/03\/regiao-13-anos-scaled.jpg","width":2560,"height":635,"caption":"Regi\u00e3o News"},"image":{"@id":"https:\/\/regiaonews.net.br\/2022\/#\/schema\/logo\/image\/"}},{"@type":"Person","@id":"https:\/\/regiaonews.net.br\/2022\/#\/schema\/person\/2d205a608a5aa97ac279d7a5e6d89ad8","name":"Roberto","image":{"@type":"ImageObject","inLanguage":"pt-BR","@id":"https:\/\/secure.gravatar.com\/avatar\/42749d8b712ff9d59ca93dc150494e5b55a44134482993f5baeb97e61b7ecc89?s=96&d=mm&r=g","url":"https:\/\/secure.gravatar.com\/avatar\/42749d8b712ff9d59ca93dc150494e5b55a44134482993f5baeb97e61b7ecc89?s=96&d=mm&r=g","contentUrl":"https:\/\/secure.gravatar.com\/avatar\/42749d8b712ff9d59ca93dc150494e5b55a44134482993f5baeb97e61b7ecc89?s=96&d=mm&r=g","caption":"Roberto"},"url":"https:\/\/regiaonews.net.br\/2022\/author\/roberto\/"}]}},"publishpress_future_action":{"enabled":false,"date":"2026-05-03 15:03:09","action":"change-status","newStatus":"draft","terms":[],"taxonomy":"category","extraData":[]},"publishpress_future_workflow_manual_trigger":{"enabledWorkflows":[]},"_links":{"self":[{"href":"https:\/\/regiaonews.net.br\/2022\/wp-json\/wp\/v2\/posts\/105047","targetHints":{"allow":["GET"]}}],"collection":[{"href":"https:\/\/regiaonews.net.br\/2022\/wp-json\/wp\/v2\/posts"}],"about":[{"href":"https:\/\/regiaonews.net.br\/2022\/wp-json\/wp\/v2\/types\/post"}],"author":[{"embeddable":true,"href":"https:\/\/regiaonews.net.br\/2022\/wp-json\/wp\/v2\/users\/2"}],"replies":[{"embeddable":true,"href":"https:\/\/regiaonews.net.br\/2022\/wp-json\/wp\/v2\/comments?post=105047"}],"version-history":[{"count":1,"href":"https:\/\/regiaonews.net.br\/2022\/wp-json\/wp\/v2\/posts\/105047\/revisions"}],"predecessor-version":[{"id":105049,"href":"https:\/\/regiaonews.net.br\/2022\/wp-json\/wp\/v2\/posts\/105047\/revisions\/105049"}],"wp:featuredmedia":[{"embeddable":true,"href":"https:\/\/regiaonews.net.br\/2022\/wp-json\/wp\/v2\/media\/105048"}],"wp:attachment":[{"href":"https:\/\/regiaonews.net.br\/2022\/wp-json\/wp\/v2\/media?parent=105047"}],"wp:term":[{"taxonomy":"category","embeddable":true,"href":"https:\/\/regiaonews.net.br\/2022\/wp-json\/wp\/v2\/categories?post=105047"},{"taxonomy":"post_tag","embeddable":true,"href":"https:\/\/regiaonews.net.br\/2022\/wp-json\/wp\/v2\/tags?post=105047"}],"curies":[{"name":"wp","href":"https:\/\/api.w.org\/{rel}","templated":true}]}}