{"id":105032,"date":"2024-05-16T13:38:57","date_gmt":"2024-05-16T16:38:57","guid":{"rendered":"https:\/\/regiaonews.net.br\/2022\/?p=105032"},"modified":"2024-05-16T13:38:57","modified_gmt":"2024-05-16T16:38:57","slug":"maio-amarelo-barretos-conscientiza-populacao-a-contribuir-para-a-paz-no-transito","status":"publish","type":"post","link":"https:\/\/regiaonews.net.br\/2022\/2024\/05\/16\/maio-amarelo-barretos-conscientiza-populacao-a-contribuir-para-a-paz-no-transito\/","title":{"rendered":"Maio Amarelo Barretos conscientiza popula\u00e7\u00e3o a contribuir para a paz no tr\u00e2nsito"},"content":{"rendered":"<h3 style=\"text-align: center;\">Medidas para deixar o tr\u00e2nsito mais seguro s\u00e3o adotas pela Prefeitura o ano todo. A campanha lan\u00e7ada neste m\u00eas visa lembrar sobre como cada um pode fazer o seu papel<\/h3>\n<p>A Prefeitura de Barretos est\u00e1 engajada na campanha \u201cMaio Amarelo paz no tr\u00e2nsito come\u00e7a por voc\u00ea\u201d. A iniciativa busca chamar a aten\u00e7\u00e3o dos motoristas, motociclistas, ciclistas e pedestres sobre a import\u00e2ncia de todos colaborarem cotidianamente para um tr\u00e2nsito mais seguro.<\/p>\n<p>\u201cQueremos conscientizar a popula\u00e7\u00e3o de que as ruas s\u00e3o um espa\u00e7o de todos, em que cada um precisa ser mais paciente, gentil e emp\u00e1tico. As regras de tr\u00e2nsito t\u00eam que ser seguidas, n\u00e3o apenas para evitar multa, mas para se manter a paz no tr\u00e2nsito\u201d, ressalta Vinissios Vettorazzo, coordenador do projeto de Educa\u00e7\u00e3o de Tr\u00e2nsito.<\/p>\n<p>\u201cA\u00e7\u00f5es simples precisam fazer parte da rotina dos cidad\u00e3os quando est\u00e3o no tr\u00e2nsito. O cinto de seguran\u00e7a deve sempre ser utilizado, inclusive no banco de tr\u00e1s. Motociclistas precisam usar capacete. Os carros devem parar quando o pedestre for utilizar a faixa para atravessar\u201d, refor\u00e7a o secret\u00e1rio municipal de Tr\u00e2nsito e Mobilidade Urbana, Luiz de Matos.<\/p>\n<p>A campanha da Prefeitura lembra tamb\u00e9m que celular n\u00e3o combina com dire\u00e7\u00e3o; crian\u00e7as devem ser transportadas na cadeirinha e no banco de tr\u00e1s; o limite de velocidade das vias precisa ser respeitado; e para n\u00e3o dirigir quando beber ou o cansa\u00e7o bater.<\/p>\n<p>Prefeitura em a\u00e7\u00e3o o ano todo<br \/>\nAs a\u00e7\u00f5es para tornar o tr\u00e2nsito mais seguro em Barretos s\u00e3o adotadas todos os meses. 50 faixas de pedestres foram instaladas nos \u00faltimos tr\u00eas anos, chegando ao total de 350 existentes na cidade. Al\u00e9m de sete novas faixas elevadas para os pedestres atravessarem; quatro delas, instaladas neste ano no Christiano de Carvalho, Dom Bosco, Santa Terezinha e Centro.<\/p>\n<p>A Prefeitura tem tamb\u00e9m mapeado cruzamentos em que a placa tradicional de parada obrigat\u00f3ria (PARE) n\u00e3o vem sendo suficiente e, para evitar acidentes, nesse per\u00edodo, 15 foram substitu\u00eddas por placas maiores, com 80 cm.<\/p>\n<p>Al\u00e9m do trabalho de recapeamento. O asfalto novo est\u00e1 chegando a cada vez mais bairros, acompanhado de sinaliza\u00e7\u00e3o no solo, e proporciona mais seguran\u00e7a para todos.<\/p>\n","protected":false},"excerpt":{"rendered":"<p>Medidas para deixar o tr\u00e2nsito mais seguro s\u00e3o adotas pela<\/p>\n","protected":false},"author":2,"featured_media":105035,"comment_status":"open","ping_status":"open","sticky":false,"template":"","format":"standard","meta":{"footnotes":""},"categories":[14,3],"tags":[],"class_list":["post-105032","post","type-post","status-publish","format-standard","has-post-thumbnail","hentry","category-barretos","category-geral"],"yoast_head":"<!-- This site is optimized with the Yoast SEO plugin v27.4 - https:\/\/yoast.com\/product\/yoast-seo-wordpress\/ -->\n<title>Maio Amarelo Barretos conscientiza popula\u00e7\u00e3o a contribuir para a paz no tr\u00e2nsito - Regi\u00e3o News<\/title>\n<meta name=\"robots\" content=\"index, follow, max-snippet:-1, max-image-preview:large, max-video-preview:-1\" \/>\n<link rel=\"canonical\" href=\"https:\/\/regiaonews.net.br\/2022\/2024\/05\/16\/maio-amarelo-barretos-conscientiza-populacao-a-contribuir-para-a-paz-no-transito\/\" \/>\n<meta property=\"og:locale\" content=\"pt_BR\" \/>\n<meta property=\"og:type\" content=\"article\" \/>\n<meta property=\"og:title\" content=\"Maio Amarelo Barretos conscientiza popula\u00e7\u00e3o a contribuir para a paz no tr\u00e2nsito - Regi\u00e3o News\" \/>\n<meta property=\"og:description\" content=\"Medidas para deixar o tr\u00e2nsito mais seguro s\u00e3o adotas pela\" \/>\n<meta property=\"og:url\" content=\"https:\/\/regiaonews.net.br\/2022\/2024\/05\/16\/maio-amarelo-barretos-conscientiza-populacao-a-contribuir-para-a-paz-no-transito\/\" \/>\n<meta property=\"og:site_name\" content=\"Regi\u00e3o News\" \/>\n<meta property=\"article:published_time\" content=\"2024-05-16T16:38:57+00:00\" \/>\n<meta property=\"og:image\" content=\"https:\/\/regiaonews.net.br\/2022\/wp-content\/uploads\/2024\/05\/Imagem-do-WhatsApp-de-2024-05-16-as-09.41.40_5d3a2ff9.jpg\" \/>\n\t<meta property=\"og:image:width\" content=\"1080\" \/>\n\t<meta property=\"og:image:height\" content=\"1080\" \/>\n\t<meta property=\"og:image:type\" content=\"image\/jpeg\" \/>\n<meta name=\"author\" content=\"Roberto\" \/>\n<meta name=\"twitter:card\" content=\"summary_large_image\" \/>\n<meta name=\"twitter:label1\" content=\"Escrito por\" \/>\n\t<meta name=\"twitter:data1\" content=\"Roberto\" \/>\n\t<meta name=\"twitter:label2\" content=\"Est. tempo de leitura\" \/>\n\t<meta name=\"twitter:data2\" content=\"2 minutos\" \/>\n<script type=\"application\/ld+json\" class=\"yoast-schema-graph\">{\"@context\":\"https:\\\/\\\/schema.org\",\"@graph\":[{\"@type\":\"Article\",\"@id\":\"https:\\\/\\\/regiaonews.net.br\\\/2022\\\/2024\\\/05\\\/16\\\/maio-amarelo-barretos-conscientiza-populacao-a-contribuir-para-a-paz-no-transito\\\/#article\",\"isPartOf\":{\"@id\":\"https:\\\/\\\/regiaonews.net.br\\\/2022\\\/2024\\\/05\\\/16\\\/maio-amarelo-barretos-conscientiza-populacao-a-contribuir-para-a-paz-no-transito\\\/\"},\"author\":{\"name\":\"Roberto\",\"@id\":\"https:\\\/\\\/regiaonews.net.br\\\/2022\\\/#\\\/schema\\\/person\\\/2d205a608a5aa97ac279d7a5e6d89ad8\"},\"headline\":\"Maio Amarelo Barretos conscientiza popula\u00e7\u00e3o a contribuir para a paz no tr\u00e2nsito\",\"datePublished\":\"2024-05-16T16:38:57+00:00\",\"mainEntityOfPage\":{\"@id\":\"https:\\\/\\\/regiaonews.net.br\\\/2022\\\/2024\\\/05\\\/16\\\/maio-amarelo-barretos-conscientiza-populacao-a-contribuir-para-a-paz-no-transito\\\/\"},\"wordCount\":405,\"commentCount\":0,\"publisher\":{\"@id\":\"https:\\\/\\\/regiaonews.net.br\\\/2022\\\/#organization\"},\"image\":{\"@id\":\"https:\\\/\\\/regiaonews.net.br\\\/2022\\\/2024\\\/05\\\/16\\\/maio-amarelo-barretos-conscientiza-populacao-a-contribuir-para-a-paz-no-transito\\\/#primaryimage\"},\"thumbnailUrl\":\"https:\\\/\\\/regiaonews.net.br\\\/2022\\\/wp-content\\\/uploads\\\/2024\\\/05\\\/Imagem-do-WhatsApp-de-2024-05-16-as-09.41.40_5d3a2ff9.jpg\",\"articleSection\":[\"Barretos\",\"Geral\"],\"inLanguage\":\"pt-BR\",\"potentialAction\":[{\"@type\":\"CommentAction\",\"name\":\"Comment\",\"target\":[\"https:\\\/\\\/regiaonews.net.br\\\/2022\\\/2024\\\/05\\\/16\\\/maio-amarelo-barretos-conscientiza-populacao-a-contribuir-para-a-paz-no-transito\\\/#respond\"]}]},{\"@type\":\"WebPage\",\"@id\":\"https:\\\/\\\/regiaonews.net.br\\\/2022\\\/2024\\\/05\\\/16\\\/maio-amarelo-barretos-conscientiza-populacao-a-contribuir-para-a-paz-no-transito\\\/\",\"url\":\"https:\\\/\\\/regiaonews.net.br\\\/2022\\\/2024\\\/05\\\/16\\\/maio-amarelo-barretos-conscientiza-populacao-a-contribuir-para-a-paz-no-transito\\\/\",\"name\":\"Maio Amarelo Barretos conscientiza popula\u00e7\u00e3o a contribuir para a paz no tr\u00e2nsito - Regi\u00e3o News\",\"isPartOf\":{\"@id\":\"https:\\\/\\\/regiaonews.net.br\\\/2022\\\/#website\"},\"primaryImageOfPage\":{\"@id\":\"https:\\\/\\\/regiaonews.net.br\\\/2022\\\/2024\\\/05\\\/16\\\/maio-amarelo-barretos-conscientiza-populacao-a-contribuir-para-a-paz-no-transito\\\/#primaryimage\"},\"image\":{\"@id\":\"https:\\\/\\\/regiaonews.net.br\\\/2022\\\/2024\\\/05\\\/16\\\/maio-amarelo-barretos-conscientiza-populacao-a-contribuir-para-a-paz-no-transito\\\/#primaryimage\"},\"thumbnailUrl\":\"https:\\\/\\\/regiaonews.net.br\\\/2022\\\/wp-content\\\/uploads\\\/2024\\\/05\\\/Imagem-do-WhatsApp-de-2024-05-16-as-09.41.40_5d3a2ff9.jpg\",\"datePublished\":\"2024-05-16T16:38:57+00:00\",\"breadcrumb\":{\"@id\":\"https:\\\/\\\/regiaonews.net.br\\\/2022\\\/2024\\\/05\\\/16\\\/maio-amarelo-barretos-conscientiza-populacao-a-contribuir-para-a-paz-no-transito\\\/#breadcrumb\"},\"inLanguage\":\"pt-BR\",\"potentialAction\":[{\"@type\":\"ReadAction\",\"target\":[\"https:\\\/\\\/regiaonews.net.br\\\/2022\\\/2024\\\/05\\\/16\\\/maio-amarelo-barretos-conscientiza-populacao-a-contribuir-para-a-paz-no-transito\\\/\"]}]},{\"@type\":\"ImageObject\",\"inLanguage\":\"pt-BR\",\"@id\":\"https:\\\/\\\/regiaonews.net.br\\\/2022\\\/2024\\\/05\\\/16\\\/maio-amarelo-barretos-conscientiza-populacao-a-contribuir-para-a-paz-no-transito\\\/#primaryimage\",\"url\":\"https:\\\/\\\/regiaonews.net.br\\\/2022\\\/wp-content\\\/uploads\\\/2024\\\/05\\\/Imagem-do-WhatsApp-de-2024-05-16-as-09.41.40_5d3a2ff9.jpg\",\"contentUrl\":\"https:\\\/\\\/regiaonews.net.br\\\/2022\\\/wp-content\\\/uploads\\\/2024\\\/05\\\/Imagem-do-WhatsApp-de-2024-05-16-as-09.41.40_5d3a2ff9.jpg\",\"width\":1080,\"height\":1080},{\"@type\":\"BreadcrumbList\",\"@id\":\"https:\\\/\\\/regiaonews.net.br\\\/2022\\\/2024\\\/05\\\/16\\\/maio-amarelo-barretos-conscientiza-populacao-a-contribuir-para-a-paz-no-transito\\\/#breadcrumb\",\"itemListElement\":[{\"@type\":\"ListItem\",\"position\":1,\"name\":\"In\u00edcio\",\"item\":\"https:\\\/\\\/regiaonews.net.br\\\/2022\\\/\"},{\"@type\":\"ListItem\",\"position\":2,\"name\":\"Maio Amarelo Barretos conscientiza popula\u00e7\u00e3o a contribuir para a paz no tr\u00e2nsito\"}]},{\"@type\":\"WebSite\",\"@id\":\"https:\\\/\\\/regiaonews.net.br\\\/2022\\\/#website\",\"url\":\"https:\\\/\\\/regiaonews.net.br\\\/2022\\\/\",\"name\":\"Regi\u00e3o News\",\"description\":\"Site de Not\u00edcias de Barretos e regi\u00e3o\",\"publisher\":{\"@id\":\"https:\\\/\\\/regiaonews.net.br\\\/2022\\\/#organization\"},\"potentialAction\":[{\"@type\":\"SearchAction\",\"target\":{\"@type\":\"EntryPoint\",\"urlTemplate\":\"https:\\\/\\\/regiaonews.net.br\\\/2022\\\/?s={search_term_string}\"},\"query-input\":{\"@type\":\"PropertyValueSpecification\",\"valueRequired\":true,\"valueName\":\"search_term_string\"}}],\"inLanguage\":\"pt-BR\"},{\"@type\":\"Organization\",\"@id\":\"https:\\\/\\\/regiaonews.net.br\\\/2022\\\/#organization\",\"name\":\"Regi\u00e3o News\",\"url\":\"https:\\\/\\\/regiaonews.net.br\\\/2022\\\/\",\"logo\":{\"@type\":\"ImageObject\",\"inLanguage\":\"pt-BR\",\"@id\":\"https:\\\/\\\/regiaonews.net.br\\\/2022\\\/#\\\/schema\\\/logo\\\/image\\\/\",\"url\":\"https:\\\/\\\/regiaonews.net.br\\\/2022\\\/wp-content\\\/uploads\\\/2026\\\/03\\\/regiao-13-anos-scaled.jpg\",\"contentUrl\":\"https:\\\/\\\/regiaonews.net.br\\\/2022\\\/wp-content\\\/uploads\\\/2026\\\/03\\\/regiao-13-anos-scaled.jpg\",\"width\":2560,\"height\":635,\"caption\":\"Regi\u00e3o News\"},\"image\":{\"@id\":\"https:\\\/\\\/regiaonews.net.br\\\/2022\\\/#\\\/schema\\\/logo\\\/image\\\/\"}},{\"@type\":\"Person\",\"@id\":\"https:\\\/\\\/regiaonews.net.br\\\/2022\\\/#\\\/schema\\\/person\\\/2d205a608a5aa97ac279d7a5e6d89ad8\",\"name\":\"Roberto\",\"image\":{\"@type\":\"ImageObject\",\"inLanguage\":\"pt-BR\",\"@id\":\"https:\\\/\\\/secure.gravatar.com\\\/avatar\\\/42749d8b712ff9d59ca93dc150494e5b55a44134482993f5baeb97e61b7ecc89?s=96&d=mm&r=g\",\"url\":\"https:\\\/\\\/secure.gravatar.com\\\/avatar\\\/42749d8b712ff9d59ca93dc150494e5b55a44134482993f5baeb97e61b7ecc89?s=96&d=mm&r=g\",\"contentUrl\":\"https:\\\/\\\/secure.gravatar.com\\\/avatar\\\/42749d8b712ff9d59ca93dc150494e5b55a44134482993f5baeb97e61b7ecc89?s=96&d=mm&r=g\",\"caption\":\"Roberto\"},\"url\":\"https:\\\/\\\/regiaonews.net.br\\\/2022\\\/author\\\/roberto\\\/\"}]}<\/script>\n<!-- \/ Yoast SEO plugin. -->","yoast_head_json":{"title":"Maio Amarelo Barretos conscientiza popula\u00e7\u00e3o a contribuir para a paz no tr\u00e2nsito - Regi\u00e3o News","robots":{"index":"index","follow":"follow","max-snippet":"max-snippet:-1","max-image-preview":"max-image-preview:large","max-video-preview":"max-video-preview:-1"},"canonical":"https:\/\/regiaonews.net.br\/2022\/2024\/05\/16\/maio-amarelo-barretos-conscientiza-populacao-a-contribuir-para-a-paz-no-transito\/","og_locale":"pt_BR","og_type":"article","og_title":"Maio Amarelo Barretos conscientiza popula\u00e7\u00e3o a contribuir para a paz no tr\u00e2nsito - Regi\u00e3o News","og_description":"Medidas para deixar o tr\u00e2nsito mais seguro s\u00e3o adotas pela","og_url":"https:\/\/regiaonews.net.br\/2022\/2024\/05\/16\/maio-amarelo-barretos-conscientiza-populacao-a-contribuir-para-a-paz-no-transito\/","og_site_name":"Regi\u00e3o News","article_published_time":"2024-05-16T16:38:57+00:00","og_image":[{"width":1080,"height":1080,"url":"https:\/\/regiaonews.net.br\/2022\/wp-content\/uploads\/2024\/05\/Imagem-do-WhatsApp-de-2024-05-16-as-09.41.40_5d3a2ff9.jpg","type":"image\/jpeg"}],"author":"Roberto","twitter_card":"summary_large_image","twitter_misc":{"Escrito por":"Roberto","Est. tempo de leitura":"2 minutos"},"schema":{"@context":"https:\/\/schema.org","@graph":[{"@type":"Article","@id":"https:\/\/regiaonews.net.br\/2022\/2024\/05\/16\/maio-amarelo-barretos-conscientiza-populacao-a-contribuir-para-a-paz-no-transito\/#article","isPartOf":{"@id":"https:\/\/regiaonews.net.br\/2022\/2024\/05\/16\/maio-amarelo-barretos-conscientiza-populacao-a-contribuir-para-a-paz-no-transito\/"},"author":{"name":"Roberto","@id":"https:\/\/regiaonews.net.br\/2022\/#\/schema\/person\/2d205a608a5aa97ac279d7a5e6d89ad8"},"headline":"Maio Amarelo Barretos conscientiza popula\u00e7\u00e3o a contribuir para a paz no tr\u00e2nsito","datePublished":"2024-05-16T16:38:57+00:00","mainEntityOfPage":{"@id":"https:\/\/regiaonews.net.br\/2022\/2024\/05\/16\/maio-amarelo-barretos-conscientiza-populacao-a-contribuir-para-a-paz-no-transito\/"},"wordCount":405,"commentCount":0,"publisher":{"@id":"https:\/\/regiaonews.net.br\/2022\/#organization"},"image":{"@id":"https:\/\/regiaonews.net.br\/2022\/2024\/05\/16\/maio-amarelo-barretos-conscientiza-populacao-a-contribuir-para-a-paz-no-transito\/#primaryimage"},"thumbnailUrl":"https:\/\/regiaonews.net.br\/2022\/wp-content\/uploads\/2024\/05\/Imagem-do-WhatsApp-de-2024-05-16-as-09.41.40_5d3a2ff9.jpg","articleSection":["Barretos","Geral"],"inLanguage":"pt-BR","potentialAction":[{"@type":"CommentAction","name":"Comment","target":["https:\/\/regiaonews.net.br\/2022\/2024\/05\/16\/maio-amarelo-barretos-conscientiza-populacao-a-contribuir-para-a-paz-no-transito\/#respond"]}]},{"@type":"WebPage","@id":"https:\/\/regiaonews.net.br\/2022\/2024\/05\/16\/maio-amarelo-barretos-conscientiza-populacao-a-contribuir-para-a-paz-no-transito\/","url":"https:\/\/regiaonews.net.br\/2022\/2024\/05\/16\/maio-amarelo-barretos-conscientiza-populacao-a-contribuir-para-a-paz-no-transito\/","name":"Maio Amarelo Barretos conscientiza popula\u00e7\u00e3o a contribuir para a paz no tr\u00e2nsito - Regi\u00e3o News","isPartOf":{"@id":"https:\/\/regiaonews.net.br\/2022\/#website"},"primaryImageOfPage":{"@id":"https:\/\/regiaonews.net.br\/2022\/2024\/05\/16\/maio-amarelo-barretos-conscientiza-populacao-a-contribuir-para-a-paz-no-transito\/#primaryimage"},"image":{"@id":"https:\/\/regiaonews.net.br\/2022\/2024\/05\/16\/maio-amarelo-barretos-conscientiza-populacao-a-contribuir-para-a-paz-no-transito\/#primaryimage"},"thumbnailUrl":"https:\/\/regiaonews.net.br\/2022\/wp-content\/uploads\/2024\/05\/Imagem-do-WhatsApp-de-2024-05-16-as-09.41.40_5d3a2ff9.jpg","datePublished":"2024-05-16T16:38:57+00:00","breadcrumb":{"@id":"https:\/\/regiaonews.net.br\/2022\/2024\/05\/16\/maio-amarelo-barretos-conscientiza-populacao-a-contribuir-para-a-paz-no-transito\/#breadcrumb"},"inLanguage":"pt-BR","potentialAction":[{"@type":"ReadAction","target":["https:\/\/regiaonews.net.br\/2022\/2024\/05\/16\/maio-amarelo-barretos-conscientiza-populacao-a-contribuir-para-a-paz-no-transito\/"]}]},{"@type":"ImageObject","inLanguage":"pt-BR","@id":"https:\/\/regiaonews.net.br\/2022\/2024\/05\/16\/maio-amarelo-barretos-conscientiza-populacao-a-contribuir-para-a-paz-no-transito\/#primaryimage","url":"https:\/\/regiaonews.net.br\/2022\/wp-content\/uploads\/2024\/05\/Imagem-do-WhatsApp-de-2024-05-16-as-09.41.40_5d3a2ff9.jpg","contentUrl":"https:\/\/regiaonews.net.br\/2022\/wp-content\/uploads\/2024\/05\/Imagem-do-WhatsApp-de-2024-05-16-as-09.41.40_5d3a2ff9.jpg","width":1080,"height":1080},{"@type":"BreadcrumbList","@id":"https:\/\/regiaonews.net.br\/2022\/2024\/05\/16\/maio-amarelo-barretos-conscientiza-populacao-a-contribuir-para-a-paz-no-transito\/#breadcrumb","itemListElement":[{"@type":"ListItem","position":1,"name":"In\u00edcio","item":"https:\/\/regiaonews.net.br\/2022\/"},{"@type":"ListItem","position":2,"name":"Maio Amarelo Barretos conscientiza popula\u00e7\u00e3o a contribuir para a paz no tr\u00e2nsito"}]},{"@type":"WebSite","@id":"https:\/\/regiaonews.net.br\/2022\/#website","url":"https:\/\/regiaonews.net.br\/2022\/","name":"Regi\u00e3o News","description":"Site de Not\u00edcias de Barretos e regi\u00e3o","publisher":{"@id":"https:\/\/regiaonews.net.br\/2022\/#organization"},"potentialAction":[{"@type":"SearchAction","target":{"@type":"EntryPoint","urlTemplate":"https:\/\/regiaonews.net.br\/2022\/?s={search_term_string}"},"query-input":{"@type":"PropertyValueSpecification","valueRequired":true,"valueName":"search_term_string"}}],"inLanguage":"pt-BR"},{"@type":"Organization","@id":"https:\/\/regiaonews.net.br\/2022\/#organization","name":"Regi\u00e3o News","url":"https:\/\/regiaonews.net.br\/2022\/","logo":{"@type":"ImageObject","inLanguage":"pt-BR","@id":"https:\/\/regiaonews.net.br\/2022\/#\/schema\/logo\/image\/","url":"https:\/\/regiaonews.net.br\/2022\/wp-content\/uploads\/2026\/03\/regiao-13-anos-scaled.jpg","contentUrl":"https:\/\/regiaonews.net.br\/2022\/wp-content\/uploads\/2026\/03\/regiao-13-anos-scaled.jpg","width":2560,"height":635,"caption":"Regi\u00e3o News"},"image":{"@id":"https:\/\/regiaonews.net.br\/2022\/#\/schema\/logo\/image\/"}},{"@type":"Person","@id":"https:\/\/regiaonews.net.br\/2022\/#\/schema\/person\/2d205a608a5aa97ac279d7a5e6d89ad8","name":"Roberto","image":{"@type":"ImageObject","inLanguage":"pt-BR","@id":"https:\/\/secure.gravatar.com\/avatar\/42749d8b712ff9d59ca93dc150494e5b55a44134482993f5baeb97e61b7ecc89?s=96&d=mm&r=g","url":"https:\/\/secure.gravatar.com\/avatar\/42749d8b712ff9d59ca93dc150494e5b55a44134482993f5baeb97e61b7ecc89?s=96&d=mm&r=g","contentUrl":"https:\/\/secure.gravatar.com\/avatar\/42749d8b712ff9d59ca93dc150494e5b55a44134482993f5baeb97e61b7ecc89?s=96&d=mm&r=g","caption":"Roberto"},"url":"https:\/\/regiaonews.net.br\/2022\/author\/roberto\/"}]}},"publishpress_future_action":{"enabled":false,"date":"2026-05-03 21:59:58","action":"change-status","newStatus":"draft","terms":[],"taxonomy":"category","extraData":[]},"publishpress_future_workflow_manual_trigger":{"enabledWorkflows":[]},"_links":{"self":[{"href":"https:\/\/regiaonews.net.br\/2022\/wp-json\/wp\/v2\/posts\/105032","targetHints":{"allow":["GET"]}}],"collection":[{"href":"https:\/\/regiaonews.net.br\/2022\/wp-json\/wp\/v2\/posts"}],"about":[{"href":"https:\/\/regiaonews.net.br\/2022\/wp-json\/wp\/v2\/types\/post"}],"author":[{"embeddable":true,"href":"https:\/\/regiaonews.net.br\/2022\/wp-json\/wp\/v2\/users\/2"}],"replies":[{"embeddable":true,"href":"https:\/\/regiaonews.net.br\/2022\/wp-json\/wp\/v2\/comments?post=105032"}],"version-history":[{"count":1,"href":"https:\/\/regiaonews.net.br\/2022\/wp-json\/wp\/v2\/posts\/105032\/revisions"}],"predecessor-version":[{"id":105036,"href":"https:\/\/regiaonews.net.br\/2022\/wp-json\/wp\/v2\/posts\/105032\/revisions\/105036"}],"wp:featuredmedia":[{"embeddable":true,"href":"https:\/\/regiaonews.net.br\/2022\/wp-json\/wp\/v2\/media\/105035"}],"wp:attachment":[{"href":"https:\/\/regiaonews.net.br\/2022\/wp-json\/wp\/v2\/media?parent=105032"}],"wp:term":[{"taxonomy":"category","embeddable":true,"href":"https:\/\/regiaonews.net.br\/2022\/wp-json\/wp\/v2\/categories?post=105032"},{"taxonomy":"post_tag","embeddable":true,"href":"https:\/\/regiaonews.net.br\/2022\/wp-json\/wp\/v2\/tags?post=105032"}],"curies":[{"name":"wp","href":"https:\/\/api.w.org\/{rel}","templated":true}]}}