{"id":104999,"date":"2024-05-15T12:56:47","date_gmt":"2024-05-15T15:56:47","guid":{"rendered":"https:\/\/regiaonews.net.br\/2022\/?p=104999"},"modified":"2024-05-15T12:56:47","modified_gmt":"2024-05-15T15:56:47","slug":"artistas-e-produtores-culturais-de-ribeirao-preto-promovem-show-no-teatro-de-arena-em-favor-povo-gaucho","status":"publish","type":"post","link":"https:\/\/regiaonews.net.br\/2022\/2024\/05\/15\/artistas-e-produtores-culturais-de-ribeirao-preto-promovem-show-no-teatro-de-arena-em-favor-povo-gaucho\/","title":{"rendered":"Artistas e produtores culturais de Ribeir\u00e3o Preto promovem show no Teatro de Arena em favor povo ga\u00facho"},"content":{"rendered":"<h3 style=\"text-align: center;\">Com o apoio da Prefeitura, criaram o evento: \u201cHarmonia Solid\u00e1ria-Uni\u00e3o pelo RS\u201d, que acontece no Teatro de Arena, no pr\u00f3ximo dia 22, a partir das 18h30, com apresenta\u00e7\u00e3o da Orquestra Sinf\u00f4nica de Ribeir\u00e3o Preto, Grupo Musical Afinidades, Orquestra Sinf\u00f4nica de Ribeir\u00e3o Preto e cantores, palha\u00e7o Rosalino da Cia. Circo de UnnO, Banda Pitoresco, Andr\u00e9 Romeiro, Camila Kerr, Marcel Rivoiro e Gustavo Crispim, -Mamute, malabarista e comediante. Entrada: doa\u00e7\u00e3o de \u00e1gua mineral<\/h3>\n<p>A\u00e7\u00f5es de solidariedade em favor do povo do Rio Grande do Sul se espalham pelo pa\u00eds e tamb\u00e9m fora dele. Neste momento desafiador, milhares de pessoas, expressam apoios motivadas pela grave situa\u00e7\u00e3o enfrentada pela popula\u00e7\u00e3o do Rio Grande do Sul decorrente das intensas e persistentes chuvas que assolam quase todo o estado desde o fim de abril.<\/p>\n<p>Em Ribeir\u00e3o Preto, por exemplo, artistas e produtores culturais, na sua maioria, membros do Conselho Municipal de Cultura, \u00f3rg\u00e3o vinculado \u00e0 secretaria de Cultura e Turismo da Prefeitura, se juntaram e criaram a a\u00e7\u00e3o art\u00edstica denominada: \u201cHarmonia Solid\u00e1ria-Uni\u00e3o pelo RS\u201d, com\u00a0 diversas participa\u00e7\u00f5es art\u00edsticas, que acontecem no dia 22 de maio, das 18h30 \u00e0s 21 horas, no palco do Teatro de Arena, localizado no Morro do S\u00e3o Bento e visa arrecadar \u00e1gua mineral para encaminhar aos ga\u00fachos, pois a\u00a0 maioria dos seus reservat\u00f3rios de \u00e1gua foram afetados pelas enchentes.<\/p>\n<p>A a\u00e7\u00e3o conta com o apoio da Secretaria de Cultura e Turismo, Fundo Social de Solidariedade da Prefeitura de Ribeir\u00e3o Preto, Conselho Municipal de Pol\u00edticas Culturais e Orquestra Sinf\u00f4nica de Ribeir\u00e3o Preto.\u00a0 <em>\u201cEstamos assistindo toda a trag\u00e9dia no Rio Grande do Sul e da mobiliza\u00e7\u00e3o em todo o Brasil, dos pa\u00edses vizinhos nos perguntamos: o que podemos fazer para ajudar?\u201d Assim, surgiu essa atividade e nos mobilizamos, e ele foi crescendo, com mais artistas aderindo \u00e0 ideia\u201d,<\/em> conta Wladimyr Carvalho, cantor l\u00edrico.<\/p>\n<p><strong>N\u00fameros-<\/strong> No Rio Grande do Sul, a trag\u00e9dia j\u00e1 resultou em 147 mortes, al\u00e9m de centenas de desaparecidos e muitas pessoas feridas. O n\u00famero de desalojados j\u00e1 chegou a 617 mil, sendo que 79,5 mil est\u00e3o em abrigos e 538 mil est\u00e3o desalojados (hospedados em casa de amigos e parentes) em 447 munic\u00edpios afetados.<\/p>\n<p>&nbsp;<\/p>\n<p><strong>Servi\u00e7o e programa\u00e7\u00e3o do \u201cHarmonia Solid\u00e1ria-Uni\u00e3o pelo RS<\/strong><\/p>\n<p><strong>Dia<\/strong>: 22 de maio de 2024<\/p>\n<p><strong>Das <\/strong>18h30 \u00e0s 21 horas<\/p>\n<p><strong>Facilitadores:<\/strong> Prefeitura Municipal de Ribeir\u00e3o Preto \u2013 Conselho Municipal de Pol\u00edticas Culturais \u2013 Orquestra Sinf\u00f4nica de Ribeir\u00e3o Preto \u2013 Fundo de Solidariedade de Ribeir\u00e3o Preto<\/p>\n<p>Realizadores e Apoio: Artistas e produtores de Ribeir\u00e3o Preto e Secretaria Municipal da Cultura e Turismo.<\/p>\n<p>Entrada para o evento: doa\u00e7\u00e3o de \u00e1gua mineral<\/p>\n<p><strong>Programa\u00e7\u00e3o art\u00edstica:<\/strong><\/p>\n<p>18h30 \u00e0s 19 horas \u2013 Grupo Musical Afinidades<\/p>\n<p>19 horas \u2013 Jorge Nascimento interage com Orquestra<\/p>\n<p>19 horas \u2013 Orquestra Sinf\u00f4nica de Ribeir\u00e3o Preto e cantores<\/p>\n<p>20 horas \u2013 Intera\u00e7\u00e3o da Orquestra com o palha\u00e7o Rosalino da Cia. Circo de UnnO<\/p>\n<p>20h10\u2013 21 horas-Apresenta\u00e7\u00e3o da Banda Pitoresco, com: Andr\u00e9 Romeiro, Camila Kerr, Marcel Rivoiro e Gustavo Crispim.<\/p>\n<p>-Mamute, malabarista e comediante encerra a noite com apresenta\u00e7\u00e3o de malabares de fogo.<\/p>\n<p>&nbsp;<\/p>\n<p><strong>Equipe de produ\u00e7\u00e3o<\/strong><\/p>\n<p>Adriana Scannavez<\/p>\n<p>Gustavo Crispim<\/p>\n<p>Jos\u00e9 Ant\u00f4nio Francisco<\/p>\n<p>Mari Quartim<\/p>\n<p>Michel Mika<\/p>\n<p>Thiago Del Lama<\/p>\n<p>Toninho Torres<\/p>\n<p>Wladimyr Carvalho<\/p>\n<p>&nbsp;<\/p>\n<p><strong>Divulga\u00e7\u00e3o<\/strong><\/p>\n<p>M\u00e1rcia Rosseto<\/p>\n<p>L\u00e9o Andrade<\/p>\n<p>Vladi Velloso<\/p>\n<p>MariStela Ara\u00fajo<\/p>\n<p>&nbsp;<\/p>\n<p><strong>Contatos:<\/strong><\/p>\n<p>Informa\u00e7\u00f5es ao P\u00fablico: (16) 3625-6841 (Teatro de Arena)<\/p>\n<p>Contato para imprensa:<\/p>\n<p>M\u00e1rcia Rosseto: (16) 991004376 (M3)<\/p>\n<p>L\u00e9o Andrade &#8211; 16 98182-1817 (Assessoria Secretaria da Cultura)<\/p>\n<p>Maristela (16) 99614- 6511 (Assessoria da OSRP)<\/p>\n","protected":false},"excerpt":{"rendered":"<p>Com o apoio da Prefeitura, criaram o evento: \u201cHarmonia Solid\u00e1ria-Uni\u00e3o<\/p>\n","protected":false},"author":2,"featured_media":105000,"comment_status":"open","ping_status":"open","sticky":false,"template":"","format":"standard","meta":{"footnotes":""},"categories":[3,32],"tags":[],"class_list":["post-104999","post","type-post","status-publish","format-standard","has-post-thumbnail","hentry","category-geral","category-ribeirao-preto"],"yoast_head":"<!-- This site is optimized with the Yoast SEO plugin v27.4 - https:\/\/yoast.com\/product\/yoast-seo-wordpress\/ -->\n<title>Artistas e produtores culturais de Ribeir\u00e3o Preto promovem show no Teatro de Arena em favor povo ga\u00facho - Regi\u00e3o News<\/title>\n<meta name=\"robots\" content=\"index, follow, max-snippet:-1, max-image-preview:large, max-video-preview:-1\" \/>\n<link rel=\"canonical\" href=\"https:\/\/regiaonews.net.br\/2022\/2024\/05\/15\/artistas-e-produtores-culturais-de-ribeirao-preto-promovem-show-no-teatro-de-arena-em-favor-povo-gaucho\/\" \/>\n<meta property=\"og:locale\" content=\"pt_BR\" \/>\n<meta property=\"og:type\" content=\"article\" \/>\n<meta property=\"og:title\" content=\"Artistas e produtores culturais de Ribeir\u00e3o Preto promovem show no Teatro de Arena em favor povo ga\u00facho - Regi\u00e3o News\" \/>\n<meta property=\"og:description\" content=\"Com o apoio da Prefeitura, criaram o evento: \u201cHarmonia Solid\u00e1ria-Uni\u00e3o\" \/>\n<meta property=\"og:url\" content=\"https:\/\/regiaonews.net.br\/2022\/2024\/05\/15\/artistas-e-produtores-culturais-de-ribeirao-preto-promovem-show-no-teatro-de-arena-em-favor-povo-gaucho\/\" \/>\n<meta property=\"og:site_name\" content=\"Regi\u00e3o News\" \/>\n<meta property=\"article:published_time\" content=\"2024-05-15T15:56:47+00:00\" \/>\n<meta property=\"og:image\" content=\"https:\/\/regiaonews.net.br\/2022\/wp-content\/uploads\/2024\/05\/Imagem-do-WhatsApp-de-2024-05-15-as-11.00.04_fbe03678.jpg\" \/>\n\t<meta property=\"og:image:width\" content=\"1600\" \/>\n\t<meta property=\"og:image:height\" content=\"1200\" \/>\n\t<meta property=\"og:image:type\" content=\"image\/jpeg\" \/>\n<meta name=\"author\" content=\"Roberto\" \/>\n<meta name=\"twitter:card\" content=\"summary_large_image\" \/>\n<meta name=\"twitter:label1\" content=\"Escrito por\" \/>\n\t<meta name=\"twitter:data1\" content=\"Roberto\" \/>\n\t<meta name=\"twitter:label2\" content=\"Est. tempo de leitura\" \/>\n\t<meta name=\"twitter:data2\" content=\"4 minutos\" \/>\n<script type=\"application\/ld+json\" class=\"yoast-schema-graph\">{\"@context\":\"https:\\\/\\\/schema.org\",\"@graph\":[{\"@type\":\"Article\",\"@id\":\"https:\\\/\\\/regiaonews.net.br\\\/2022\\\/2024\\\/05\\\/15\\\/artistas-e-produtores-culturais-de-ribeirao-preto-promovem-show-no-teatro-de-arena-em-favor-povo-gaucho\\\/#article\",\"isPartOf\":{\"@id\":\"https:\\\/\\\/regiaonews.net.br\\\/2022\\\/2024\\\/05\\\/15\\\/artistas-e-produtores-culturais-de-ribeirao-preto-promovem-show-no-teatro-de-arena-em-favor-povo-gaucho\\\/\"},\"author\":{\"name\":\"Roberto\",\"@id\":\"https:\\\/\\\/regiaonews.net.br\\\/2022\\\/#\\\/schema\\\/person\\\/2d205a608a5aa97ac279d7a5e6d89ad8\"},\"headline\":\"Artistas e produtores culturais de Ribeir\u00e3o Preto promovem show no Teatro de Arena em favor povo ga\u00facho\",\"datePublished\":\"2024-05-15T15:56:47+00:00\",\"mainEntityOfPage\":{\"@id\":\"https:\\\/\\\/regiaonews.net.br\\\/2022\\\/2024\\\/05\\\/15\\\/artistas-e-produtores-culturais-de-ribeirao-preto-promovem-show-no-teatro-de-arena-em-favor-povo-gaucho\\\/\"},\"wordCount\":619,\"commentCount\":0,\"publisher\":{\"@id\":\"https:\\\/\\\/regiaonews.net.br\\\/2022\\\/#organization\"},\"image\":{\"@id\":\"https:\\\/\\\/regiaonews.net.br\\\/2022\\\/2024\\\/05\\\/15\\\/artistas-e-produtores-culturais-de-ribeirao-preto-promovem-show-no-teatro-de-arena-em-favor-povo-gaucho\\\/#primaryimage\"},\"thumbnailUrl\":\"https:\\\/\\\/regiaonews.net.br\\\/2022\\\/wp-content\\\/uploads\\\/2024\\\/05\\\/Imagem-do-WhatsApp-de-2024-05-15-as-11.00.04_fbe03678.jpg\",\"articleSection\":[\"Geral\",\"Ribeir\u00e3o Preto\"],\"inLanguage\":\"pt-BR\",\"potentialAction\":[{\"@type\":\"CommentAction\",\"name\":\"Comment\",\"target\":[\"https:\\\/\\\/regiaonews.net.br\\\/2022\\\/2024\\\/05\\\/15\\\/artistas-e-produtores-culturais-de-ribeirao-preto-promovem-show-no-teatro-de-arena-em-favor-povo-gaucho\\\/#respond\"]}]},{\"@type\":\"WebPage\",\"@id\":\"https:\\\/\\\/regiaonews.net.br\\\/2022\\\/2024\\\/05\\\/15\\\/artistas-e-produtores-culturais-de-ribeirao-preto-promovem-show-no-teatro-de-arena-em-favor-povo-gaucho\\\/\",\"url\":\"https:\\\/\\\/regiaonews.net.br\\\/2022\\\/2024\\\/05\\\/15\\\/artistas-e-produtores-culturais-de-ribeirao-preto-promovem-show-no-teatro-de-arena-em-favor-povo-gaucho\\\/\",\"name\":\"Artistas e produtores culturais de Ribeir\u00e3o Preto promovem show no Teatro de Arena em favor povo ga\u00facho - Regi\u00e3o News\",\"isPartOf\":{\"@id\":\"https:\\\/\\\/regiaonews.net.br\\\/2022\\\/#website\"},\"primaryImageOfPage\":{\"@id\":\"https:\\\/\\\/regiaonews.net.br\\\/2022\\\/2024\\\/05\\\/15\\\/artistas-e-produtores-culturais-de-ribeirao-preto-promovem-show-no-teatro-de-arena-em-favor-povo-gaucho\\\/#primaryimage\"},\"image\":{\"@id\":\"https:\\\/\\\/regiaonews.net.br\\\/2022\\\/2024\\\/05\\\/15\\\/artistas-e-produtores-culturais-de-ribeirao-preto-promovem-show-no-teatro-de-arena-em-favor-povo-gaucho\\\/#primaryimage\"},\"thumbnailUrl\":\"https:\\\/\\\/regiaonews.net.br\\\/2022\\\/wp-content\\\/uploads\\\/2024\\\/05\\\/Imagem-do-WhatsApp-de-2024-05-15-as-11.00.04_fbe03678.jpg\",\"datePublished\":\"2024-05-15T15:56:47+00:00\",\"breadcrumb\":{\"@id\":\"https:\\\/\\\/regiaonews.net.br\\\/2022\\\/2024\\\/05\\\/15\\\/artistas-e-produtores-culturais-de-ribeirao-preto-promovem-show-no-teatro-de-arena-em-favor-povo-gaucho\\\/#breadcrumb\"},\"inLanguage\":\"pt-BR\",\"potentialAction\":[{\"@type\":\"ReadAction\",\"target\":[\"https:\\\/\\\/regiaonews.net.br\\\/2022\\\/2024\\\/05\\\/15\\\/artistas-e-produtores-culturais-de-ribeirao-preto-promovem-show-no-teatro-de-arena-em-favor-povo-gaucho\\\/\"]}]},{\"@type\":\"ImageObject\",\"inLanguage\":\"pt-BR\",\"@id\":\"https:\\\/\\\/regiaonews.net.br\\\/2022\\\/2024\\\/05\\\/15\\\/artistas-e-produtores-culturais-de-ribeirao-preto-promovem-show-no-teatro-de-arena-em-favor-povo-gaucho\\\/#primaryimage\",\"url\":\"https:\\\/\\\/regiaonews.net.br\\\/2022\\\/wp-content\\\/uploads\\\/2024\\\/05\\\/Imagem-do-WhatsApp-de-2024-05-15-as-11.00.04_fbe03678.jpg\",\"contentUrl\":\"https:\\\/\\\/regiaonews.net.br\\\/2022\\\/wp-content\\\/uploads\\\/2024\\\/05\\\/Imagem-do-WhatsApp-de-2024-05-15-as-11.00.04_fbe03678.jpg\",\"width\":1600,\"height\":1200},{\"@type\":\"BreadcrumbList\",\"@id\":\"https:\\\/\\\/regiaonews.net.br\\\/2022\\\/2024\\\/05\\\/15\\\/artistas-e-produtores-culturais-de-ribeirao-preto-promovem-show-no-teatro-de-arena-em-favor-povo-gaucho\\\/#breadcrumb\",\"itemListElement\":[{\"@type\":\"ListItem\",\"position\":1,\"name\":\"In\u00edcio\",\"item\":\"https:\\\/\\\/regiaonews.net.br\\\/2022\\\/\"},{\"@type\":\"ListItem\",\"position\":2,\"name\":\"Artistas e produtores culturais de Ribeir\u00e3o Preto promovem show no Teatro de Arena em favor povo ga\u00facho\"}]},{\"@type\":\"WebSite\",\"@id\":\"https:\\\/\\\/regiaonews.net.br\\\/2022\\\/#website\",\"url\":\"https:\\\/\\\/regiaonews.net.br\\\/2022\\\/\",\"name\":\"Regi\u00e3o News\",\"description\":\"Site de Not\u00edcias de Barretos e regi\u00e3o\",\"publisher\":{\"@id\":\"https:\\\/\\\/regiaonews.net.br\\\/2022\\\/#organization\"},\"potentialAction\":[{\"@type\":\"SearchAction\",\"target\":{\"@type\":\"EntryPoint\",\"urlTemplate\":\"https:\\\/\\\/regiaonews.net.br\\\/2022\\\/?s={search_term_string}\"},\"query-input\":{\"@type\":\"PropertyValueSpecification\",\"valueRequired\":true,\"valueName\":\"search_term_string\"}}],\"inLanguage\":\"pt-BR\"},{\"@type\":\"Organization\",\"@id\":\"https:\\\/\\\/regiaonews.net.br\\\/2022\\\/#organization\",\"name\":\"Regi\u00e3o News\",\"url\":\"https:\\\/\\\/regiaonews.net.br\\\/2022\\\/\",\"logo\":{\"@type\":\"ImageObject\",\"inLanguage\":\"pt-BR\",\"@id\":\"https:\\\/\\\/regiaonews.net.br\\\/2022\\\/#\\\/schema\\\/logo\\\/image\\\/\",\"url\":\"https:\\\/\\\/regiaonews.net.br\\\/2022\\\/wp-content\\\/uploads\\\/2026\\\/03\\\/regiao-13-anos-scaled.jpg\",\"contentUrl\":\"https:\\\/\\\/regiaonews.net.br\\\/2022\\\/wp-content\\\/uploads\\\/2026\\\/03\\\/regiao-13-anos-scaled.jpg\",\"width\":2560,\"height\":635,\"caption\":\"Regi\u00e3o News\"},\"image\":{\"@id\":\"https:\\\/\\\/regiaonews.net.br\\\/2022\\\/#\\\/schema\\\/logo\\\/image\\\/\"}},{\"@type\":\"Person\",\"@id\":\"https:\\\/\\\/regiaonews.net.br\\\/2022\\\/#\\\/schema\\\/person\\\/2d205a608a5aa97ac279d7a5e6d89ad8\",\"name\":\"Roberto\",\"image\":{\"@type\":\"ImageObject\",\"inLanguage\":\"pt-BR\",\"@id\":\"https:\\\/\\\/secure.gravatar.com\\\/avatar\\\/42749d8b712ff9d59ca93dc150494e5b55a44134482993f5baeb97e61b7ecc89?s=96&d=mm&r=g\",\"url\":\"https:\\\/\\\/secure.gravatar.com\\\/avatar\\\/42749d8b712ff9d59ca93dc150494e5b55a44134482993f5baeb97e61b7ecc89?s=96&d=mm&r=g\",\"contentUrl\":\"https:\\\/\\\/secure.gravatar.com\\\/avatar\\\/42749d8b712ff9d59ca93dc150494e5b55a44134482993f5baeb97e61b7ecc89?s=96&d=mm&r=g\",\"caption\":\"Roberto\"},\"url\":\"https:\\\/\\\/regiaonews.net.br\\\/2022\\\/author\\\/roberto\\\/\"}]}<\/script>\n<!-- \/ Yoast SEO plugin. -->","yoast_head_json":{"title":"Artistas e produtores culturais de Ribeir\u00e3o Preto promovem show no Teatro de Arena em favor povo ga\u00facho - Regi\u00e3o News","robots":{"index":"index","follow":"follow","max-snippet":"max-snippet:-1","max-image-preview":"max-image-preview:large","max-video-preview":"max-video-preview:-1"},"canonical":"https:\/\/regiaonews.net.br\/2022\/2024\/05\/15\/artistas-e-produtores-culturais-de-ribeirao-preto-promovem-show-no-teatro-de-arena-em-favor-povo-gaucho\/","og_locale":"pt_BR","og_type":"article","og_title":"Artistas e produtores culturais de Ribeir\u00e3o Preto promovem show no Teatro de Arena em favor povo ga\u00facho - Regi\u00e3o News","og_description":"Com o apoio da Prefeitura, criaram o evento: \u201cHarmonia Solid\u00e1ria-Uni\u00e3o","og_url":"https:\/\/regiaonews.net.br\/2022\/2024\/05\/15\/artistas-e-produtores-culturais-de-ribeirao-preto-promovem-show-no-teatro-de-arena-em-favor-povo-gaucho\/","og_site_name":"Regi\u00e3o News","article_published_time":"2024-05-15T15:56:47+00:00","og_image":[{"width":1600,"height":1200,"url":"https:\/\/regiaonews.net.br\/2022\/wp-content\/uploads\/2024\/05\/Imagem-do-WhatsApp-de-2024-05-15-as-11.00.04_fbe03678.jpg","type":"image\/jpeg"}],"author":"Roberto","twitter_card":"summary_large_image","twitter_misc":{"Escrito por":"Roberto","Est. tempo de leitura":"4 minutos"},"schema":{"@context":"https:\/\/schema.org","@graph":[{"@type":"Article","@id":"https:\/\/regiaonews.net.br\/2022\/2024\/05\/15\/artistas-e-produtores-culturais-de-ribeirao-preto-promovem-show-no-teatro-de-arena-em-favor-povo-gaucho\/#article","isPartOf":{"@id":"https:\/\/regiaonews.net.br\/2022\/2024\/05\/15\/artistas-e-produtores-culturais-de-ribeirao-preto-promovem-show-no-teatro-de-arena-em-favor-povo-gaucho\/"},"author":{"name":"Roberto","@id":"https:\/\/regiaonews.net.br\/2022\/#\/schema\/person\/2d205a608a5aa97ac279d7a5e6d89ad8"},"headline":"Artistas e produtores culturais de Ribeir\u00e3o Preto promovem show no Teatro de Arena em favor povo ga\u00facho","datePublished":"2024-05-15T15:56:47+00:00","mainEntityOfPage":{"@id":"https:\/\/regiaonews.net.br\/2022\/2024\/05\/15\/artistas-e-produtores-culturais-de-ribeirao-preto-promovem-show-no-teatro-de-arena-em-favor-povo-gaucho\/"},"wordCount":619,"commentCount":0,"publisher":{"@id":"https:\/\/regiaonews.net.br\/2022\/#organization"},"image":{"@id":"https:\/\/regiaonews.net.br\/2022\/2024\/05\/15\/artistas-e-produtores-culturais-de-ribeirao-preto-promovem-show-no-teatro-de-arena-em-favor-povo-gaucho\/#primaryimage"},"thumbnailUrl":"https:\/\/regiaonews.net.br\/2022\/wp-content\/uploads\/2024\/05\/Imagem-do-WhatsApp-de-2024-05-15-as-11.00.04_fbe03678.jpg","articleSection":["Geral","Ribeir\u00e3o Preto"],"inLanguage":"pt-BR","potentialAction":[{"@type":"CommentAction","name":"Comment","target":["https:\/\/regiaonews.net.br\/2022\/2024\/05\/15\/artistas-e-produtores-culturais-de-ribeirao-preto-promovem-show-no-teatro-de-arena-em-favor-povo-gaucho\/#respond"]}]},{"@type":"WebPage","@id":"https:\/\/regiaonews.net.br\/2022\/2024\/05\/15\/artistas-e-produtores-culturais-de-ribeirao-preto-promovem-show-no-teatro-de-arena-em-favor-povo-gaucho\/","url":"https:\/\/regiaonews.net.br\/2022\/2024\/05\/15\/artistas-e-produtores-culturais-de-ribeirao-preto-promovem-show-no-teatro-de-arena-em-favor-povo-gaucho\/","name":"Artistas e produtores culturais de Ribeir\u00e3o Preto promovem show no Teatro de Arena em favor povo ga\u00facho - Regi\u00e3o News","isPartOf":{"@id":"https:\/\/regiaonews.net.br\/2022\/#website"},"primaryImageOfPage":{"@id":"https:\/\/regiaonews.net.br\/2022\/2024\/05\/15\/artistas-e-produtores-culturais-de-ribeirao-preto-promovem-show-no-teatro-de-arena-em-favor-povo-gaucho\/#primaryimage"},"image":{"@id":"https:\/\/regiaonews.net.br\/2022\/2024\/05\/15\/artistas-e-produtores-culturais-de-ribeirao-preto-promovem-show-no-teatro-de-arena-em-favor-povo-gaucho\/#primaryimage"},"thumbnailUrl":"https:\/\/regiaonews.net.br\/2022\/wp-content\/uploads\/2024\/05\/Imagem-do-WhatsApp-de-2024-05-15-as-11.00.04_fbe03678.jpg","datePublished":"2024-05-15T15:56:47+00:00","breadcrumb":{"@id":"https:\/\/regiaonews.net.br\/2022\/2024\/05\/15\/artistas-e-produtores-culturais-de-ribeirao-preto-promovem-show-no-teatro-de-arena-em-favor-povo-gaucho\/#breadcrumb"},"inLanguage":"pt-BR","potentialAction":[{"@type":"ReadAction","target":["https:\/\/regiaonews.net.br\/2022\/2024\/05\/15\/artistas-e-produtores-culturais-de-ribeirao-preto-promovem-show-no-teatro-de-arena-em-favor-povo-gaucho\/"]}]},{"@type":"ImageObject","inLanguage":"pt-BR","@id":"https:\/\/regiaonews.net.br\/2022\/2024\/05\/15\/artistas-e-produtores-culturais-de-ribeirao-preto-promovem-show-no-teatro-de-arena-em-favor-povo-gaucho\/#primaryimage","url":"https:\/\/regiaonews.net.br\/2022\/wp-content\/uploads\/2024\/05\/Imagem-do-WhatsApp-de-2024-05-15-as-11.00.04_fbe03678.jpg","contentUrl":"https:\/\/regiaonews.net.br\/2022\/wp-content\/uploads\/2024\/05\/Imagem-do-WhatsApp-de-2024-05-15-as-11.00.04_fbe03678.jpg","width":1600,"height":1200},{"@type":"BreadcrumbList","@id":"https:\/\/regiaonews.net.br\/2022\/2024\/05\/15\/artistas-e-produtores-culturais-de-ribeirao-preto-promovem-show-no-teatro-de-arena-em-favor-povo-gaucho\/#breadcrumb","itemListElement":[{"@type":"ListItem","position":1,"name":"In\u00edcio","item":"https:\/\/regiaonews.net.br\/2022\/"},{"@type":"ListItem","position":2,"name":"Artistas e produtores culturais de Ribeir\u00e3o Preto promovem show no Teatro de Arena em favor povo ga\u00facho"}]},{"@type":"WebSite","@id":"https:\/\/regiaonews.net.br\/2022\/#website","url":"https:\/\/regiaonews.net.br\/2022\/","name":"Regi\u00e3o News","description":"Site de Not\u00edcias de Barretos e regi\u00e3o","publisher":{"@id":"https:\/\/regiaonews.net.br\/2022\/#organization"},"potentialAction":[{"@type":"SearchAction","target":{"@type":"EntryPoint","urlTemplate":"https:\/\/regiaonews.net.br\/2022\/?s={search_term_string}"},"query-input":{"@type":"PropertyValueSpecification","valueRequired":true,"valueName":"search_term_string"}}],"inLanguage":"pt-BR"},{"@type":"Organization","@id":"https:\/\/regiaonews.net.br\/2022\/#organization","name":"Regi\u00e3o News","url":"https:\/\/regiaonews.net.br\/2022\/","logo":{"@type":"ImageObject","inLanguage":"pt-BR","@id":"https:\/\/regiaonews.net.br\/2022\/#\/schema\/logo\/image\/","url":"https:\/\/regiaonews.net.br\/2022\/wp-content\/uploads\/2026\/03\/regiao-13-anos-scaled.jpg","contentUrl":"https:\/\/regiaonews.net.br\/2022\/wp-content\/uploads\/2026\/03\/regiao-13-anos-scaled.jpg","width":2560,"height":635,"caption":"Regi\u00e3o News"},"image":{"@id":"https:\/\/regiaonews.net.br\/2022\/#\/schema\/logo\/image\/"}},{"@type":"Person","@id":"https:\/\/regiaonews.net.br\/2022\/#\/schema\/person\/2d205a608a5aa97ac279d7a5e6d89ad8","name":"Roberto","image":{"@type":"ImageObject","inLanguage":"pt-BR","@id":"https:\/\/secure.gravatar.com\/avatar\/42749d8b712ff9d59ca93dc150494e5b55a44134482993f5baeb97e61b7ecc89?s=96&d=mm&r=g","url":"https:\/\/secure.gravatar.com\/avatar\/42749d8b712ff9d59ca93dc150494e5b55a44134482993f5baeb97e61b7ecc89?s=96&d=mm&r=g","contentUrl":"https:\/\/secure.gravatar.com\/avatar\/42749d8b712ff9d59ca93dc150494e5b55a44134482993f5baeb97e61b7ecc89?s=96&d=mm&r=g","caption":"Roberto"},"url":"https:\/\/regiaonews.net.br\/2022\/author\/roberto\/"}]}},"publishpress_future_action":{"enabled":false,"date":"2026-05-03 10:54:01","action":"change-status","newStatus":"draft","terms":[],"taxonomy":"category","extraData":[]},"publishpress_future_workflow_manual_trigger":{"enabledWorkflows":[]},"_links":{"self":[{"href":"https:\/\/regiaonews.net.br\/2022\/wp-json\/wp\/v2\/posts\/104999","targetHints":{"allow":["GET"]}}],"collection":[{"href":"https:\/\/regiaonews.net.br\/2022\/wp-json\/wp\/v2\/posts"}],"about":[{"href":"https:\/\/regiaonews.net.br\/2022\/wp-json\/wp\/v2\/types\/post"}],"author":[{"embeddable":true,"href":"https:\/\/regiaonews.net.br\/2022\/wp-json\/wp\/v2\/users\/2"}],"replies":[{"embeddable":true,"href":"https:\/\/regiaonews.net.br\/2022\/wp-json\/wp\/v2\/comments?post=104999"}],"version-history":[{"count":1,"href":"https:\/\/regiaonews.net.br\/2022\/wp-json\/wp\/v2\/posts\/104999\/revisions"}],"predecessor-version":[{"id":105001,"href":"https:\/\/regiaonews.net.br\/2022\/wp-json\/wp\/v2\/posts\/104999\/revisions\/105001"}],"wp:featuredmedia":[{"embeddable":true,"href":"https:\/\/regiaonews.net.br\/2022\/wp-json\/wp\/v2\/media\/105000"}],"wp:attachment":[{"href":"https:\/\/regiaonews.net.br\/2022\/wp-json\/wp\/v2\/media?parent=104999"}],"wp:term":[{"taxonomy":"category","embeddable":true,"href":"https:\/\/regiaonews.net.br\/2022\/wp-json\/wp\/v2\/categories?post=104999"},{"taxonomy":"post_tag","embeddable":true,"href":"https:\/\/regiaonews.net.br\/2022\/wp-json\/wp\/v2\/tags?post=104999"}],"curies":[{"name":"wp","href":"https:\/\/api.w.org\/{rel}","templated":true}]}}