{"id":104995,"date":"2024-05-15T10:30:58","date_gmt":"2024-05-15T13:30:58","guid":{"rendered":"https:\/\/regiaonews.net.br\/2022\/?p=104995"},"modified":"2024-05-15T10:31:18","modified_gmt":"2024-05-15T13:31:18","slug":"jovem-de-14-anos-morre-apos-sofrer-descarga-eletrica-em-quadra-no-vida-nova","status":"publish","type":"post","link":"https:\/\/regiaonews.net.br\/2022\/2024\/05\/15\/jovem-de-14-anos-morre-apos-sofrer-descarga-eletrica-em-quadra-no-vida-nova\/","title":{"rendered":"Jovem de 14 anos morre ap\u00f3s sofrer descarga el\u00e9trica em quadra no Vida Nova"},"content":{"rendered":"<p>&nbsp;<\/p>\n<p>Um adolescente de 14 anos morreu por volta das 22 horas de ter\u00e7a-feira (14), ap\u00f3s sofrer uma descarga el\u00e9trica em quadra de grama sint\u00e9tica, na rua VN 22 nas proximidades da Caixa D\u2019 \u00c1gua no bairro Vida Nova em Barretos. Equipes do Corpo de Bombeiros, SAMU e Pol\u00edcia Militar foram acionadas para atendimento da ocorr\u00eancia, sendo a princ\u00edpio apurado que o garoto estava jogando bola na quadra com os amigos, e dirigiu-se a torneira para tomar \u00e1gua, tendo encostado a m\u00e3o em um poste e depois queixou-se que havia levado um choque, caminhou por alguns metros e caiu ao solo, entrando em parada cardiorrespirat\u00f3ria.<\/p>\n<p>Segundo os familiares a v\u00edtima n\u00e3o tinha comorbidades, e durante o exame n\u00e3o foram identificados sinais de queimadura.<\/p>\n<p>O delegado Marcelo Pupo de Paula determinou o registro da ocorr\u00eancia como morte suspeita.<\/p>\n<p>Fonte &#8211; O Di\u00e1rio<\/p>\n<p>Foto &#8211; Redes Sociais<\/p>\n<p>&nbsp;<\/p>\n","protected":false},"excerpt":{"rendered":"<p>&nbsp; Um adolescente de 14 anos morreu por volta das<\/p>\n","protected":false},"author":2,"featured_media":104996,"comment_status":"open","ping_status":"open","sticky":false,"template":"","format":"standard","meta":{"footnotes":""},"categories":[14,23],"tags":[],"class_list":["post-104995","post","type-post","status-publish","format-standard","has-post-thumbnail","hentry","category-barretos","category-policia"],"yoast_head":"<!-- This site is optimized with the Yoast SEO plugin v27.4 - https:\/\/yoast.com\/product\/yoast-seo-wordpress\/ -->\n<title>Jovem de 14 anos morre ap\u00f3s sofrer descarga el\u00e9trica em quadra no Vida Nova - Regi\u00e3o News<\/title>\n<meta name=\"robots\" content=\"index, follow, max-snippet:-1, max-image-preview:large, max-video-preview:-1\" \/>\n<link rel=\"canonical\" href=\"https:\/\/regiaonews.net.br\/2022\/2024\/05\/15\/jovem-de-14-anos-morre-apos-sofrer-descarga-eletrica-em-quadra-no-vida-nova\/\" \/>\n<meta property=\"og:locale\" content=\"pt_BR\" \/>\n<meta property=\"og:type\" content=\"article\" \/>\n<meta property=\"og:title\" content=\"Jovem de 14 anos morre ap\u00f3s sofrer descarga el\u00e9trica em quadra no Vida Nova - Regi\u00e3o News\" \/>\n<meta property=\"og:description\" content=\"&nbsp; Um adolescente de 14 anos morreu por volta das\" \/>\n<meta property=\"og:url\" content=\"https:\/\/regiaonews.net.br\/2022\/2024\/05\/15\/jovem-de-14-anos-morre-apos-sofrer-descarga-eletrica-em-quadra-no-vida-nova\/\" \/>\n<meta property=\"og:site_name\" content=\"Regi\u00e3o News\" \/>\n<meta property=\"article:published_time\" content=\"2024-05-15T13:30:58+00:00\" \/>\n<meta property=\"article:modified_time\" content=\"2024-05-15T13:31:18+00:00\" \/>\n<meta property=\"og:image\" content=\"https:\/\/regiaonews.net.br\/2022\/wp-content\/uploads\/2024\/05\/WhatsApp-Image-2024-05-15-at-09.38.36.jpeg\" \/>\n\t<meta property=\"og:image:width\" content=\"1280\" \/>\n\t<meta property=\"og:image:height\" content=\"720\" \/>\n\t<meta property=\"og:image:type\" content=\"image\/jpeg\" \/>\n<meta name=\"author\" content=\"Roberto\" \/>\n<meta name=\"twitter:card\" content=\"summary_large_image\" \/>\n<meta name=\"twitter:label1\" content=\"Escrito por\" \/>\n\t<meta name=\"twitter:data1\" content=\"Roberto\" \/>\n\t<meta name=\"twitter:label2\" content=\"Est. tempo de leitura\" \/>\n\t<meta name=\"twitter:data2\" content=\"1 minuto\" \/>\n<script type=\"application\/ld+json\" class=\"yoast-schema-graph\">{\"@context\":\"https:\\\/\\\/schema.org\",\"@graph\":[{\"@type\":\"Article\",\"@id\":\"https:\\\/\\\/regiaonews.net.br\\\/2022\\\/2024\\\/05\\\/15\\\/jovem-de-14-anos-morre-apos-sofrer-descarga-eletrica-em-quadra-no-vida-nova\\\/#article\",\"isPartOf\":{\"@id\":\"https:\\\/\\\/regiaonews.net.br\\\/2022\\\/2024\\\/05\\\/15\\\/jovem-de-14-anos-morre-apos-sofrer-descarga-eletrica-em-quadra-no-vida-nova\\\/\"},\"author\":{\"name\":\"Roberto\",\"@id\":\"https:\\\/\\\/regiaonews.net.br\\\/2022\\\/#\\\/schema\\\/person\\\/2d205a608a5aa97ac279d7a5e6d89ad8\"},\"headline\":\"Jovem de 14 anos morre ap\u00f3s sofrer descarga el\u00e9trica em quadra no Vida Nova\",\"datePublished\":\"2024-05-15T13:30:58+00:00\",\"dateModified\":\"2024-05-15T13:31:18+00:00\",\"mainEntityOfPage\":{\"@id\":\"https:\\\/\\\/regiaonews.net.br\\\/2022\\\/2024\\\/05\\\/15\\\/jovem-de-14-anos-morre-apos-sofrer-descarga-eletrica-em-quadra-no-vida-nova\\\/\"},\"wordCount\":171,\"commentCount\":0,\"publisher\":{\"@id\":\"https:\\\/\\\/regiaonews.net.br\\\/2022\\\/#organization\"},\"image\":{\"@id\":\"https:\\\/\\\/regiaonews.net.br\\\/2022\\\/2024\\\/05\\\/15\\\/jovem-de-14-anos-morre-apos-sofrer-descarga-eletrica-em-quadra-no-vida-nova\\\/#primaryimage\"},\"thumbnailUrl\":\"https:\\\/\\\/regiaonews.net.br\\\/2022\\\/wp-content\\\/uploads\\\/2024\\\/05\\\/WhatsApp-Image-2024-05-15-at-09.38.36.jpeg\",\"articleSection\":[\"Barretos\",\"Policia\"],\"inLanguage\":\"pt-BR\",\"potentialAction\":[{\"@type\":\"CommentAction\",\"name\":\"Comment\",\"target\":[\"https:\\\/\\\/regiaonews.net.br\\\/2022\\\/2024\\\/05\\\/15\\\/jovem-de-14-anos-morre-apos-sofrer-descarga-eletrica-em-quadra-no-vida-nova\\\/#respond\"]}]},{\"@type\":\"WebPage\",\"@id\":\"https:\\\/\\\/regiaonews.net.br\\\/2022\\\/2024\\\/05\\\/15\\\/jovem-de-14-anos-morre-apos-sofrer-descarga-eletrica-em-quadra-no-vida-nova\\\/\",\"url\":\"https:\\\/\\\/regiaonews.net.br\\\/2022\\\/2024\\\/05\\\/15\\\/jovem-de-14-anos-morre-apos-sofrer-descarga-eletrica-em-quadra-no-vida-nova\\\/\",\"name\":\"Jovem de 14 anos morre ap\u00f3s sofrer descarga el\u00e9trica em quadra no Vida Nova - Regi\u00e3o News\",\"isPartOf\":{\"@id\":\"https:\\\/\\\/regiaonews.net.br\\\/2022\\\/#website\"},\"primaryImageOfPage\":{\"@id\":\"https:\\\/\\\/regiaonews.net.br\\\/2022\\\/2024\\\/05\\\/15\\\/jovem-de-14-anos-morre-apos-sofrer-descarga-eletrica-em-quadra-no-vida-nova\\\/#primaryimage\"},\"image\":{\"@id\":\"https:\\\/\\\/regiaonews.net.br\\\/2022\\\/2024\\\/05\\\/15\\\/jovem-de-14-anos-morre-apos-sofrer-descarga-eletrica-em-quadra-no-vida-nova\\\/#primaryimage\"},\"thumbnailUrl\":\"https:\\\/\\\/regiaonews.net.br\\\/2022\\\/wp-content\\\/uploads\\\/2024\\\/05\\\/WhatsApp-Image-2024-05-15-at-09.38.36.jpeg\",\"datePublished\":\"2024-05-15T13:30:58+00:00\",\"dateModified\":\"2024-05-15T13:31:18+00:00\",\"breadcrumb\":{\"@id\":\"https:\\\/\\\/regiaonews.net.br\\\/2022\\\/2024\\\/05\\\/15\\\/jovem-de-14-anos-morre-apos-sofrer-descarga-eletrica-em-quadra-no-vida-nova\\\/#breadcrumb\"},\"inLanguage\":\"pt-BR\",\"potentialAction\":[{\"@type\":\"ReadAction\",\"target\":[\"https:\\\/\\\/regiaonews.net.br\\\/2022\\\/2024\\\/05\\\/15\\\/jovem-de-14-anos-morre-apos-sofrer-descarga-eletrica-em-quadra-no-vida-nova\\\/\"]}]},{\"@type\":\"ImageObject\",\"inLanguage\":\"pt-BR\",\"@id\":\"https:\\\/\\\/regiaonews.net.br\\\/2022\\\/2024\\\/05\\\/15\\\/jovem-de-14-anos-morre-apos-sofrer-descarga-eletrica-em-quadra-no-vida-nova\\\/#primaryimage\",\"url\":\"https:\\\/\\\/regiaonews.net.br\\\/2022\\\/wp-content\\\/uploads\\\/2024\\\/05\\\/WhatsApp-Image-2024-05-15-at-09.38.36.jpeg\",\"contentUrl\":\"https:\\\/\\\/regiaonews.net.br\\\/2022\\\/wp-content\\\/uploads\\\/2024\\\/05\\\/WhatsApp-Image-2024-05-15-at-09.38.36.jpeg\",\"width\":1280,\"height\":720},{\"@type\":\"BreadcrumbList\",\"@id\":\"https:\\\/\\\/regiaonews.net.br\\\/2022\\\/2024\\\/05\\\/15\\\/jovem-de-14-anos-morre-apos-sofrer-descarga-eletrica-em-quadra-no-vida-nova\\\/#breadcrumb\",\"itemListElement\":[{\"@type\":\"ListItem\",\"position\":1,\"name\":\"In\u00edcio\",\"item\":\"https:\\\/\\\/regiaonews.net.br\\\/2022\\\/\"},{\"@type\":\"ListItem\",\"position\":2,\"name\":\"Jovem de 14 anos morre ap\u00f3s sofrer descarga el\u00e9trica em quadra no Vida Nova\"}]},{\"@type\":\"WebSite\",\"@id\":\"https:\\\/\\\/regiaonews.net.br\\\/2022\\\/#website\",\"url\":\"https:\\\/\\\/regiaonews.net.br\\\/2022\\\/\",\"name\":\"Regi\u00e3o News\",\"description\":\"Site de Not\u00edcias de Barretos e regi\u00e3o\",\"publisher\":{\"@id\":\"https:\\\/\\\/regiaonews.net.br\\\/2022\\\/#organization\"},\"potentialAction\":[{\"@type\":\"SearchAction\",\"target\":{\"@type\":\"EntryPoint\",\"urlTemplate\":\"https:\\\/\\\/regiaonews.net.br\\\/2022\\\/?s={search_term_string}\"},\"query-input\":{\"@type\":\"PropertyValueSpecification\",\"valueRequired\":true,\"valueName\":\"search_term_string\"}}],\"inLanguage\":\"pt-BR\"},{\"@type\":\"Organization\",\"@id\":\"https:\\\/\\\/regiaonews.net.br\\\/2022\\\/#organization\",\"name\":\"Regi\u00e3o News\",\"url\":\"https:\\\/\\\/regiaonews.net.br\\\/2022\\\/\",\"logo\":{\"@type\":\"ImageObject\",\"inLanguage\":\"pt-BR\",\"@id\":\"https:\\\/\\\/regiaonews.net.br\\\/2022\\\/#\\\/schema\\\/logo\\\/image\\\/\",\"url\":\"https:\\\/\\\/regiaonews.net.br\\\/2022\\\/wp-content\\\/uploads\\\/2026\\\/03\\\/regiao-13-anos-scaled.jpg\",\"contentUrl\":\"https:\\\/\\\/regiaonews.net.br\\\/2022\\\/wp-content\\\/uploads\\\/2026\\\/03\\\/regiao-13-anos-scaled.jpg\",\"width\":2560,\"height\":635,\"caption\":\"Regi\u00e3o News\"},\"image\":{\"@id\":\"https:\\\/\\\/regiaonews.net.br\\\/2022\\\/#\\\/schema\\\/logo\\\/image\\\/\"}},{\"@type\":\"Person\",\"@id\":\"https:\\\/\\\/regiaonews.net.br\\\/2022\\\/#\\\/schema\\\/person\\\/2d205a608a5aa97ac279d7a5e6d89ad8\",\"name\":\"Roberto\",\"image\":{\"@type\":\"ImageObject\",\"inLanguage\":\"pt-BR\",\"@id\":\"https:\\\/\\\/secure.gravatar.com\\\/avatar\\\/42749d8b712ff9d59ca93dc150494e5b55a44134482993f5baeb97e61b7ecc89?s=96&d=mm&r=g\",\"url\":\"https:\\\/\\\/secure.gravatar.com\\\/avatar\\\/42749d8b712ff9d59ca93dc150494e5b55a44134482993f5baeb97e61b7ecc89?s=96&d=mm&r=g\",\"contentUrl\":\"https:\\\/\\\/secure.gravatar.com\\\/avatar\\\/42749d8b712ff9d59ca93dc150494e5b55a44134482993f5baeb97e61b7ecc89?s=96&d=mm&r=g\",\"caption\":\"Roberto\"},\"url\":\"https:\\\/\\\/regiaonews.net.br\\\/2022\\\/author\\\/roberto\\\/\"}]}<\/script>\n<!-- \/ Yoast SEO plugin. -->","yoast_head_json":{"title":"Jovem de 14 anos morre ap\u00f3s sofrer descarga el\u00e9trica em quadra no Vida Nova - Regi\u00e3o News","robots":{"index":"index","follow":"follow","max-snippet":"max-snippet:-1","max-image-preview":"max-image-preview:large","max-video-preview":"max-video-preview:-1"},"canonical":"https:\/\/regiaonews.net.br\/2022\/2024\/05\/15\/jovem-de-14-anos-morre-apos-sofrer-descarga-eletrica-em-quadra-no-vida-nova\/","og_locale":"pt_BR","og_type":"article","og_title":"Jovem de 14 anos morre ap\u00f3s sofrer descarga el\u00e9trica em quadra no Vida Nova - Regi\u00e3o News","og_description":"&nbsp; Um adolescente de 14 anos morreu por volta das","og_url":"https:\/\/regiaonews.net.br\/2022\/2024\/05\/15\/jovem-de-14-anos-morre-apos-sofrer-descarga-eletrica-em-quadra-no-vida-nova\/","og_site_name":"Regi\u00e3o News","article_published_time":"2024-05-15T13:30:58+00:00","article_modified_time":"2024-05-15T13:31:18+00:00","og_image":[{"width":1280,"height":720,"url":"https:\/\/regiaonews.net.br\/2022\/wp-content\/uploads\/2024\/05\/WhatsApp-Image-2024-05-15-at-09.38.36.jpeg","type":"image\/jpeg"}],"author":"Roberto","twitter_card":"summary_large_image","twitter_misc":{"Escrito por":"Roberto","Est. tempo de leitura":"1 minuto"},"schema":{"@context":"https:\/\/schema.org","@graph":[{"@type":"Article","@id":"https:\/\/regiaonews.net.br\/2022\/2024\/05\/15\/jovem-de-14-anos-morre-apos-sofrer-descarga-eletrica-em-quadra-no-vida-nova\/#article","isPartOf":{"@id":"https:\/\/regiaonews.net.br\/2022\/2024\/05\/15\/jovem-de-14-anos-morre-apos-sofrer-descarga-eletrica-em-quadra-no-vida-nova\/"},"author":{"name":"Roberto","@id":"https:\/\/regiaonews.net.br\/2022\/#\/schema\/person\/2d205a608a5aa97ac279d7a5e6d89ad8"},"headline":"Jovem de 14 anos morre ap\u00f3s sofrer descarga el\u00e9trica em quadra no Vida Nova","datePublished":"2024-05-15T13:30:58+00:00","dateModified":"2024-05-15T13:31:18+00:00","mainEntityOfPage":{"@id":"https:\/\/regiaonews.net.br\/2022\/2024\/05\/15\/jovem-de-14-anos-morre-apos-sofrer-descarga-eletrica-em-quadra-no-vida-nova\/"},"wordCount":171,"commentCount":0,"publisher":{"@id":"https:\/\/regiaonews.net.br\/2022\/#organization"},"image":{"@id":"https:\/\/regiaonews.net.br\/2022\/2024\/05\/15\/jovem-de-14-anos-morre-apos-sofrer-descarga-eletrica-em-quadra-no-vida-nova\/#primaryimage"},"thumbnailUrl":"https:\/\/regiaonews.net.br\/2022\/wp-content\/uploads\/2024\/05\/WhatsApp-Image-2024-05-15-at-09.38.36.jpeg","articleSection":["Barretos","Policia"],"inLanguage":"pt-BR","potentialAction":[{"@type":"CommentAction","name":"Comment","target":["https:\/\/regiaonews.net.br\/2022\/2024\/05\/15\/jovem-de-14-anos-morre-apos-sofrer-descarga-eletrica-em-quadra-no-vida-nova\/#respond"]}]},{"@type":"WebPage","@id":"https:\/\/regiaonews.net.br\/2022\/2024\/05\/15\/jovem-de-14-anos-morre-apos-sofrer-descarga-eletrica-em-quadra-no-vida-nova\/","url":"https:\/\/regiaonews.net.br\/2022\/2024\/05\/15\/jovem-de-14-anos-morre-apos-sofrer-descarga-eletrica-em-quadra-no-vida-nova\/","name":"Jovem de 14 anos morre ap\u00f3s sofrer descarga el\u00e9trica em quadra no Vida Nova - Regi\u00e3o News","isPartOf":{"@id":"https:\/\/regiaonews.net.br\/2022\/#website"},"primaryImageOfPage":{"@id":"https:\/\/regiaonews.net.br\/2022\/2024\/05\/15\/jovem-de-14-anos-morre-apos-sofrer-descarga-eletrica-em-quadra-no-vida-nova\/#primaryimage"},"image":{"@id":"https:\/\/regiaonews.net.br\/2022\/2024\/05\/15\/jovem-de-14-anos-morre-apos-sofrer-descarga-eletrica-em-quadra-no-vida-nova\/#primaryimage"},"thumbnailUrl":"https:\/\/regiaonews.net.br\/2022\/wp-content\/uploads\/2024\/05\/WhatsApp-Image-2024-05-15-at-09.38.36.jpeg","datePublished":"2024-05-15T13:30:58+00:00","dateModified":"2024-05-15T13:31:18+00:00","breadcrumb":{"@id":"https:\/\/regiaonews.net.br\/2022\/2024\/05\/15\/jovem-de-14-anos-morre-apos-sofrer-descarga-eletrica-em-quadra-no-vida-nova\/#breadcrumb"},"inLanguage":"pt-BR","potentialAction":[{"@type":"ReadAction","target":["https:\/\/regiaonews.net.br\/2022\/2024\/05\/15\/jovem-de-14-anos-morre-apos-sofrer-descarga-eletrica-em-quadra-no-vida-nova\/"]}]},{"@type":"ImageObject","inLanguage":"pt-BR","@id":"https:\/\/regiaonews.net.br\/2022\/2024\/05\/15\/jovem-de-14-anos-morre-apos-sofrer-descarga-eletrica-em-quadra-no-vida-nova\/#primaryimage","url":"https:\/\/regiaonews.net.br\/2022\/wp-content\/uploads\/2024\/05\/WhatsApp-Image-2024-05-15-at-09.38.36.jpeg","contentUrl":"https:\/\/regiaonews.net.br\/2022\/wp-content\/uploads\/2024\/05\/WhatsApp-Image-2024-05-15-at-09.38.36.jpeg","width":1280,"height":720},{"@type":"BreadcrumbList","@id":"https:\/\/regiaonews.net.br\/2022\/2024\/05\/15\/jovem-de-14-anos-morre-apos-sofrer-descarga-eletrica-em-quadra-no-vida-nova\/#breadcrumb","itemListElement":[{"@type":"ListItem","position":1,"name":"In\u00edcio","item":"https:\/\/regiaonews.net.br\/2022\/"},{"@type":"ListItem","position":2,"name":"Jovem de 14 anos morre ap\u00f3s sofrer descarga el\u00e9trica em quadra no Vida Nova"}]},{"@type":"WebSite","@id":"https:\/\/regiaonews.net.br\/2022\/#website","url":"https:\/\/regiaonews.net.br\/2022\/","name":"Regi\u00e3o News","description":"Site de Not\u00edcias de Barretos e regi\u00e3o","publisher":{"@id":"https:\/\/regiaonews.net.br\/2022\/#organization"},"potentialAction":[{"@type":"SearchAction","target":{"@type":"EntryPoint","urlTemplate":"https:\/\/regiaonews.net.br\/2022\/?s={search_term_string}"},"query-input":{"@type":"PropertyValueSpecification","valueRequired":true,"valueName":"search_term_string"}}],"inLanguage":"pt-BR"},{"@type":"Organization","@id":"https:\/\/regiaonews.net.br\/2022\/#organization","name":"Regi\u00e3o News","url":"https:\/\/regiaonews.net.br\/2022\/","logo":{"@type":"ImageObject","inLanguage":"pt-BR","@id":"https:\/\/regiaonews.net.br\/2022\/#\/schema\/logo\/image\/","url":"https:\/\/regiaonews.net.br\/2022\/wp-content\/uploads\/2026\/03\/regiao-13-anos-scaled.jpg","contentUrl":"https:\/\/regiaonews.net.br\/2022\/wp-content\/uploads\/2026\/03\/regiao-13-anos-scaled.jpg","width":2560,"height":635,"caption":"Regi\u00e3o News"},"image":{"@id":"https:\/\/regiaonews.net.br\/2022\/#\/schema\/logo\/image\/"}},{"@type":"Person","@id":"https:\/\/regiaonews.net.br\/2022\/#\/schema\/person\/2d205a608a5aa97ac279d7a5e6d89ad8","name":"Roberto","image":{"@type":"ImageObject","inLanguage":"pt-BR","@id":"https:\/\/secure.gravatar.com\/avatar\/42749d8b712ff9d59ca93dc150494e5b55a44134482993f5baeb97e61b7ecc89?s=96&d=mm&r=g","url":"https:\/\/secure.gravatar.com\/avatar\/42749d8b712ff9d59ca93dc150494e5b55a44134482993f5baeb97e61b7ecc89?s=96&d=mm&r=g","contentUrl":"https:\/\/secure.gravatar.com\/avatar\/42749d8b712ff9d59ca93dc150494e5b55a44134482993f5baeb97e61b7ecc89?s=96&d=mm&r=g","caption":"Roberto"},"url":"https:\/\/regiaonews.net.br\/2022\/author\/roberto\/"}]}},"publishpress_future_action":{"enabled":false,"date":"2026-05-03 10:53:08","action":"change-status","newStatus":"draft","terms":[],"taxonomy":"category","extraData":[]},"publishpress_future_workflow_manual_trigger":{"enabledWorkflows":[]},"_links":{"self":[{"href":"https:\/\/regiaonews.net.br\/2022\/wp-json\/wp\/v2\/posts\/104995","targetHints":{"allow":["GET"]}}],"collection":[{"href":"https:\/\/regiaonews.net.br\/2022\/wp-json\/wp\/v2\/posts"}],"about":[{"href":"https:\/\/regiaonews.net.br\/2022\/wp-json\/wp\/v2\/types\/post"}],"author":[{"embeddable":true,"href":"https:\/\/regiaonews.net.br\/2022\/wp-json\/wp\/v2\/users\/2"}],"replies":[{"embeddable":true,"href":"https:\/\/regiaonews.net.br\/2022\/wp-json\/wp\/v2\/comments?post=104995"}],"version-history":[{"count":2,"href":"https:\/\/regiaonews.net.br\/2022\/wp-json\/wp\/v2\/posts\/104995\/revisions"}],"predecessor-version":[{"id":104998,"href":"https:\/\/regiaonews.net.br\/2022\/wp-json\/wp\/v2\/posts\/104995\/revisions\/104998"}],"wp:featuredmedia":[{"embeddable":true,"href":"https:\/\/regiaonews.net.br\/2022\/wp-json\/wp\/v2\/media\/104996"}],"wp:attachment":[{"href":"https:\/\/regiaonews.net.br\/2022\/wp-json\/wp\/v2\/media?parent=104995"}],"wp:term":[{"taxonomy":"category","embeddable":true,"href":"https:\/\/regiaonews.net.br\/2022\/wp-json\/wp\/v2\/categories?post=104995"},{"taxonomy":"post_tag","embeddable":true,"href":"https:\/\/regiaonews.net.br\/2022\/wp-json\/wp\/v2\/tags?post=104995"}],"curies":[{"name":"wp","href":"https:\/\/api.w.org\/{rel}","templated":true}]}}