{"id":104975,"date":"2024-05-14T23:39:13","date_gmt":"2024-05-15T02:39:13","guid":{"rendered":"https:\/\/regiaonews.net.br\/2022\/?p=104975"},"modified":"2024-05-14T23:39:13","modified_gmt":"2024-05-15T02:39:13","slug":"pc-de-bebedouro-realiza-operacao-em-caso-de-sequestro-relampago","status":"publish","type":"post","link":"https:\/\/regiaonews.net.br\/2022\/2024\/05\/14\/pc-de-bebedouro-realiza-operacao-em-caso-de-sequestro-relampago\/","title":{"rendered":"PC de Bebedouro realiza opera\u00e7\u00e3o em caso de sequestro rel\u00e2mpago"},"content":{"rendered":"<p>&nbsp;<\/p>\n<p>A Pol\u00edcia Civil em Bebedouro por meio dos policiais civis da Delegacia de Investiga\u00e7\u00f5es Gerais \u2013 DIG, com o apoio da DISE, DIG e GOE\/DEIC de Ribeir\u00e3o Preto e da Delegacia de Pol\u00edcia de Guariba, cumpriu nesta ter\u00e7a-feira (14), mandados de busca e apreens\u00e3o domiciliar nas cidades de Ribeir\u00e3o Preto e Guariba.<\/p>\n<p>Os mandados foram expedidos nos autos em que se apura um roubo circunstanciado pela restri\u00e7\u00e3o da liberdade da v\u00edtima, um idoso de 85 anos de idade, ocorrido na vizinha cidade de Taiuva no \u00faltimo dia 19\/04.<\/p>\n<p>Na ocasi\u00e3o, a v\u00edtima foi arrebatada por criminosos n\u00e3o identificados enquanto caminhava na via p\u00fablica e foi mantida sob c\u00e1rcere privado por mais de 7 horas, enquanto os criminosos, por meio dos aplicativos banc\u00e1rios instalados no aparelho celular da v\u00edtima, realizaram diversas transfer\u00eancias banc\u00e1rias em valores bem elevados.<\/p>\n<p>De acordo com o delegado de pol\u00edcia da DIG, Jo\u00e3o Vitor Silv\u00e9rio, os mandados de busca cumpridos hoje fazem parte da primeira fase da apura\u00e7\u00e3o e tiveram como alvos os titulares das contas banc\u00e1rias benefici\u00e1rias, sendo eles, o assistente administrativo M.D.B., de 28 anos, e a empresa individual do ramo de salgadinhos e a sua titular R.C.M.L., de 23 anos.<\/p>\n<p>Durante as buscas foram apreendidos os aparelhos celulares dos investigados.<\/p>\n<p>A pedido da autoridade policial, a Justi\u00e7a tamb\u00e9m decretou a indisponibilidade de contas banc\u00e1rias e aplica\u00e7\u00f5es financeiras em nome das pessoas f\u00edsicas e jur\u00eddica investigadas, bem como pelo sequestro de valores existentes nessas contas.<\/p>\n<p>Ainda segundo o delegado, as dilig\u00eancias prosseguir\u00e3o visando identificar os demais membros do bando criminoso, notadamente os respons\u00e1veis pelo arrebatamento da v\u00edtima e pela lavagem do dinheiro proveniente do crime.<\/p>\n","protected":false},"excerpt":{"rendered":"<p>&nbsp; A Pol\u00edcia Civil em Bebedouro por meio dos policiais<\/p>\n","protected":false},"author":2,"featured_media":104976,"comment_status":"open","ping_status":"open","sticky":false,"template":"","format":"standard","meta":{"footnotes":""},"categories":[4,23],"tags":[],"class_list":["post-104975","post","type-post","status-publish","format-standard","has-post-thumbnail","hentry","category-bebedouro","category-policia"],"yoast_head":"<!-- This site is optimized with the Yoast SEO plugin v27.4 - https:\/\/yoast.com\/product\/yoast-seo-wordpress\/ -->\n<title>PC de Bebedouro realiza opera\u00e7\u00e3o em caso de sequestro rel\u00e2mpago - Regi\u00e3o News<\/title>\n<meta name=\"robots\" content=\"index, follow, max-snippet:-1, max-image-preview:large, max-video-preview:-1\" \/>\n<link rel=\"canonical\" href=\"https:\/\/regiaonews.net.br\/2022\/2024\/05\/14\/pc-de-bebedouro-realiza-operacao-em-caso-de-sequestro-relampago\/\" \/>\n<meta property=\"og:locale\" content=\"pt_BR\" \/>\n<meta property=\"og:type\" content=\"article\" \/>\n<meta property=\"og:title\" content=\"PC de Bebedouro realiza opera\u00e7\u00e3o em caso de sequestro rel\u00e2mpago - Regi\u00e3o News\" \/>\n<meta property=\"og:description\" content=\"&nbsp; A Pol\u00edcia Civil em Bebedouro por meio dos policiais\" \/>\n<meta property=\"og:url\" content=\"https:\/\/regiaonews.net.br\/2022\/2024\/05\/14\/pc-de-bebedouro-realiza-operacao-em-caso-de-sequestro-relampago\/\" \/>\n<meta property=\"og:site_name\" content=\"Regi\u00e3o News\" \/>\n<meta property=\"article:published_time\" content=\"2024-05-15T02:39:13+00:00\" \/>\n<meta property=\"og:image\" content=\"https:\/\/regiaonews.net.br\/2022\/wp-content\/uploads\/2024\/05\/IMG-20240514-WA0501.jpg\" \/>\n\t<meta property=\"og:image:width\" content=\"1053\" \/>\n\t<meta property=\"og:image:height\" content=\"1280\" \/>\n\t<meta property=\"og:image:type\" content=\"image\/jpeg\" \/>\n<meta name=\"author\" content=\"Roberto\" \/>\n<meta name=\"twitter:card\" content=\"summary_large_image\" \/>\n<meta name=\"twitter:label1\" content=\"Escrito por\" \/>\n\t<meta name=\"twitter:data1\" content=\"Roberto\" \/>\n\t<meta name=\"twitter:label2\" content=\"Est. tempo de leitura\" \/>\n\t<meta name=\"twitter:data2\" content=\"2 minutos\" \/>\n<script type=\"application\/ld+json\" class=\"yoast-schema-graph\">{\"@context\":\"https:\\\/\\\/schema.org\",\"@graph\":[{\"@type\":\"Article\",\"@id\":\"https:\\\/\\\/regiaonews.net.br\\\/2022\\\/2024\\\/05\\\/14\\\/pc-de-bebedouro-realiza-operacao-em-caso-de-sequestro-relampago\\\/#article\",\"isPartOf\":{\"@id\":\"https:\\\/\\\/regiaonews.net.br\\\/2022\\\/2024\\\/05\\\/14\\\/pc-de-bebedouro-realiza-operacao-em-caso-de-sequestro-relampago\\\/\"},\"author\":{\"name\":\"Roberto\",\"@id\":\"https:\\\/\\\/regiaonews.net.br\\\/2022\\\/#\\\/schema\\\/person\\\/2d205a608a5aa97ac279d7a5e6d89ad8\"},\"headline\":\"PC de Bebedouro realiza opera\u00e7\u00e3o em caso de sequestro rel\u00e2mpago\",\"datePublished\":\"2024-05-15T02:39:13+00:00\",\"mainEntityOfPage\":{\"@id\":\"https:\\\/\\\/regiaonews.net.br\\\/2022\\\/2024\\\/05\\\/14\\\/pc-de-bebedouro-realiza-operacao-em-caso-de-sequestro-relampago\\\/\"},\"wordCount\":316,\"commentCount\":0,\"publisher\":{\"@id\":\"https:\\\/\\\/regiaonews.net.br\\\/2022\\\/#organization\"},\"image\":{\"@id\":\"https:\\\/\\\/regiaonews.net.br\\\/2022\\\/2024\\\/05\\\/14\\\/pc-de-bebedouro-realiza-operacao-em-caso-de-sequestro-relampago\\\/#primaryimage\"},\"thumbnailUrl\":\"https:\\\/\\\/regiaonews.net.br\\\/2022\\\/wp-content\\\/uploads\\\/2024\\\/05\\\/IMG-20240514-WA0501.jpg\",\"articleSection\":[\"Bebedouro\",\"Policia\"],\"inLanguage\":\"pt-BR\",\"potentialAction\":[{\"@type\":\"CommentAction\",\"name\":\"Comment\",\"target\":[\"https:\\\/\\\/regiaonews.net.br\\\/2022\\\/2024\\\/05\\\/14\\\/pc-de-bebedouro-realiza-operacao-em-caso-de-sequestro-relampago\\\/#respond\"]}]},{\"@type\":\"WebPage\",\"@id\":\"https:\\\/\\\/regiaonews.net.br\\\/2022\\\/2024\\\/05\\\/14\\\/pc-de-bebedouro-realiza-operacao-em-caso-de-sequestro-relampago\\\/\",\"url\":\"https:\\\/\\\/regiaonews.net.br\\\/2022\\\/2024\\\/05\\\/14\\\/pc-de-bebedouro-realiza-operacao-em-caso-de-sequestro-relampago\\\/\",\"name\":\"PC de Bebedouro realiza opera\u00e7\u00e3o em caso de sequestro rel\u00e2mpago - Regi\u00e3o News\",\"isPartOf\":{\"@id\":\"https:\\\/\\\/regiaonews.net.br\\\/2022\\\/#website\"},\"primaryImageOfPage\":{\"@id\":\"https:\\\/\\\/regiaonews.net.br\\\/2022\\\/2024\\\/05\\\/14\\\/pc-de-bebedouro-realiza-operacao-em-caso-de-sequestro-relampago\\\/#primaryimage\"},\"image\":{\"@id\":\"https:\\\/\\\/regiaonews.net.br\\\/2022\\\/2024\\\/05\\\/14\\\/pc-de-bebedouro-realiza-operacao-em-caso-de-sequestro-relampago\\\/#primaryimage\"},\"thumbnailUrl\":\"https:\\\/\\\/regiaonews.net.br\\\/2022\\\/wp-content\\\/uploads\\\/2024\\\/05\\\/IMG-20240514-WA0501.jpg\",\"datePublished\":\"2024-05-15T02:39:13+00:00\",\"breadcrumb\":{\"@id\":\"https:\\\/\\\/regiaonews.net.br\\\/2022\\\/2024\\\/05\\\/14\\\/pc-de-bebedouro-realiza-operacao-em-caso-de-sequestro-relampago\\\/#breadcrumb\"},\"inLanguage\":\"pt-BR\",\"potentialAction\":[{\"@type\":\"ReadAction\",\"target\":[\"https:\\\/\\\/regiaonews.net.br\\\/2022\\\/2024\\\/05\\\/14\\\/pc-de-bebedouro-realiza-operacao-em-caso-de-sequestro-relampago\\\/\"]}]},{\"@type\":\"ImageObject\",\"inLanguage\":\"pt-BR\",\"@id\":\"https:\\\/\\\/regiaonews.net.br\\\/2022\\\/2024\\\/05\\\/14\\\/pc-de-bebedouro-realiza-operacao-em-caso-de-sequestro-relampago\\\/#primaryimage\",\"url\":\"https:\\\/\\\/regiaonews.net.br\\\/2022\\\/wp-content\\\/uploads\\\/2024\\\/05\\\/IMG-20240514-WA0501.jpg\",\"contentUrl\":\"https:\\\/\\\/regiaonews.net.br\\\/2022\\\/wp-content\\\/uploads\\\/2024\\\/05\\\/IMG-20240514-WA0501.jpg\",\"width\":1053,\"height\":1280},{\"@type\":\"BreadcrumbList\",\"@id\":\"https:\\\/\\\/regiaonews.net.br\\\/2022\\\/2024\\\/05\\\/14\\\/pc-de-bebedouro-realiza-operacao-em-caso-de-sequestro-relampago\\\/#breadcrumb\",\"itemListElement\":[{\"@type\":\"ListItem\",\"position\":1,\"name\":\"In\u00edcio\",\"item\":\"https:\\\/\\\/regiaonews.net.br\\\/2022\\\/\"},{\"@type\":\"ListItem\",\"position\":2,\"name\":\"PC de Bebedouro realiza opera\u00e7\u00e3o em caso de sequestro rel\u00e2mpago\"}]},{\"@type\":\"WebSite\",\"@id\":\"https:\\\/\\\/regiaonews.net.br\\\/2022\\\/#website\",\"url\":\"https:\\\/\\\/regiaonews.net.br\\\/2022\\\/\",\"name\":\"Regi\u00e3o News\",\"description\":\"Site de Not\u00edcias de Barretos e regi\u00e3o\",\"publisher\":{\"@id\":\"https:\\\/\\\/regiaonews.net.br\\\/2022\\\/#organization\"},\"potentialAction\":[{\"@type\":\"SearchAction\",\"target\":{\"@type\":\"EntryPoint\",\"urlTemplate\":\"https:\\\/\\\/regiaonews.net.br\\\/2022\\\/?s={search_term_string}\"},\"query-input\":{\"@type\":\"PropertyValueSpecification\",\"valueRequired\":true,\"valueName\":\"search_term_string\"}}],\"inLanguage\":\"pt-BR\"},{\"@type\":\"Organization\",\"@id\":\"https:\\\/\\\/regiaonews.net.br\\\/2022\\\/#organization\",\"name\":\"Regi\u00e3o News\",\"url\":\"https:\\\/\\\/regiaonews.net.br\\\/2022\\\/\",\"logo\":{\"@type\":\"ImageObject\",\"inLanguage\":\"pt-BR\",\"@id\":\"https:\\\/\\\/regiaonews.net.br\\\/2022\\\/#\\\/schema\\\/logo\\\/image\\\/\",\"url\":\"https:\\\/\\\/regiaonews.net.br\\\/2022\\\/wp-content\\\/uploads\\\/2026\\\/03\\\/regiao-13-anos-scaled.jpg\",\"contentUrl\":\"https:\\\/\\\/regiaonews.net.br\\\/2022\\\/wp-content\\\/uploads\\\/2026\\\/03\\\/regiao-13-anos-scaled.jpg\",\"width\":2560,\"height\":635,\"caption\":\"Regi\u00e3o News\"},\"image\":{\"@id\":\"https:\\\/\\\/regiaonews.net.br\\\/2022\\\/#\\\/schema\\\/logo\\\/image\\\/\"}},{\"@type\":\"Person\",\"@id\":\"https:\\\/\\\/regiaonews.net.br\\\/2022\\\/#\\\/schema\\\/person\\\/2d205a608a5aa97ac279d7a5e6d89ad8\",\"name\":\"Roberto\",\"image\":{\"@type\":\"ImageObject\",\"inLanguage\":\"pt-BR\",\"@id\":\"https:\\\/\\\/secure.gravatar.com\\\/avatar\\\/42749d8b712ff9d59ca93dc150494e5b55a44134482993f5baeb97e61b7ecc89?s=96&d=mm&r=g\",\"url\":\"https:\\\/\\\/secure.gravatar.com\\\/avatar\\\/42749d8b712ff9d59ca93dc150494e5b55a44134482993f5baeb97e61b7ecc89?s=96&d=mm&r=g\",\"contentUrl\":\"https:\\\/\\\/secure.gravatar.com\\\/avatar\\\/42749d8b712ff9d59ca93dc150494e5b55a44134482993f5baeb97e61b7ecc89?s=96&d=mm&r=g\",\"caption\":\"Roberto\"},\"url\":\"https:\\\/\\\/regiaonews.net.br\\\/2022\\\/author\\\/roberto\\\/\"}]}<\/script>\n<!-- \/ Yoast SEO plugin. -->","yoast_head_json":{"title":"PC de Bebedouro realiza opera\u00e7\u00e3o em caso de sequestro rel\u00e2mpago - Regi\u00e3o News","robots":{"index":"index","follow":"follow","max-snippet":"max-snippet:-1","max-image-preview":"max-image-preview:large","max-video-preview":"max-video-preview:-1"},"canonical":"https:\/\/regiaonews.net.br\/2022\/2024\/05\/14\/pc-de-bebedouro-realiza-operacao-em-caso-de-sequestro-relampago\/","og_locale":"pt_BR","og_type":"article","og_title":"PC de Bebedouro realiza opera\u00e7\u00e3o em caso de sequestro rel\u00e2mpago - Regi\u00e3o News","og_description":"&nbsp; A Pol\u00edcia Civil em Bebedouro por meio dos policiais","og_url":"https:\/\/regiaonews.net.br\/2022\/2024\/05\/14\/pc-de-bebedouro-realiza-operacao-em-caso-de-sequestro-relampago\/","og_site_name":"Regi\u00e3o News","article_published_time":"2024-05-15T02:39:13+00:00","og_image":[{"width":1053,"height":1280,"url":"https:\/\/regiaonews.net.br\/2022\/wp-content\/uploads\/2024\/05\/IMG-20240514-WA0501.jpg","type":"image\/jpeg"}],"author":"Roberto","twitter_card":"summary_large_image","twitter_misc":{"Escrito por":"Roberto","Est. tempo de leitura":"2 minutos"},"schema":{"@context":"https:\/\/schema.org","@graph":[{"@type":"Article","@id":"https:\/\/regiaonews.net.br\/2022\/2024\/05\/14\/pc-de-bebedouro-realiza-operacao-em-caso-de-sequestro-relampago\/#article","isPartOf":{"@id":"https:\/\/regiaonews.net.br\/2022\/2024\/05\/14\/pc-de-bebedouro-realiza-operacao-em-caso-de-sequestro-relampago\/"},"author":{"name":"Roberto","@id":"https:\/\/regiaonews.net.br\/2022\/#\/schema\/person\/2d205a608a5aa97ac279d7a5e6d89ad8"},"headline":"PC de Bebedouro realiza opera\u00e7\u00e3o em caso de sequestro rel\u00e2mpago","datePublished":"2024-05-15T02:39:13+00:00","mainEntityOfPage":{"@id":"https:\/\/regiaonews.net.br\/2022\/2024\/05\/14\/pc-de-bebedouro-realiza-operacao-em-caso-de-sequestro-relampago\/"},"wordCount":316,"commentCount":0,"publisher":{"@id":"https:\/\/regiaonews.net.br\/2022\/#organization"},"image":{"@id":"https:\/\/regiaonews.net.br\/2022\/2024\/05\/14\/pc-de-bebedouro-realiza-operacao-em-caso-de-sequestro-relampago\/#primaryimage"},"thumbnailUrl":"https:\/\/regiaonews.net.br\/2022\/wp-content\/uploads\/2024\/05\/IMG-20240514-WA0501.jpg","articleSection":["Bebedouro","Policia"],"inLanguage":"pt-BR","potentialAction":[{"@type":"CommentAction","name":"Comment","target":["https:\/\/regiaonews.net.br\/2022\/2024\/05\/14\/pc-de-bebedouro-realiza-operacao-em-caso-de-sequestro-relampago\/#respond"]}]},{"@type":"WebPage","@id":"https:\/\/regiaonews.net.br\/2022\/2024\/05\/14\/pc-de-bebedouro-realiza-operacao-em-caso-de-sequestro-relampago\/","url":"https:\/\/regiaonews.net.br\/2022\/2024\/05\/14\/pc-de-bebedouro-realiza-operacao-em-caso-de-sequestro-relampago\/","name":"PC de Bebedouro realiza opera\u00e7\u00e3o em caso de sequestro rel\u00e2mpago - Regi\u00e3o News","isPartOf":{"@id":"https:\/\/regiaonews.net.br\/2022\/#website"},"primaryImageOfPage":{"@id":"https:\/\/regiaonews.net.br\/2022\/2024\/05\/14\/pc-de-bebedouro-realiza-operacao-em-caso-de-sequestro-relampago\/#primaryimage"},"image":{"@id":"https:\/\/regiaonews.net.br\/2022\/2024\/05\/14\/pc-de-bebedouro-realiza-operacao-em-caso-de-sequestro-relampago\/#primaryimage"},"thumbnailUrl":"https:\/\/regiaonews.net.br\/2022\/wp-content\/uploads\/2024\/05\/IMG-20240514-WA0501.jpg","datePublished":"2024-05-15T02:39:13+00:00","breadcrumb":{"@id":"https:\/\/regiaonews.net.br\/2022\/2024\/05\/14\/pc-de-bebedouro-realiza-operacao-em-caso-de-sequestro-relampago\/#breadcrumb"},"inLanguage":"pt-BR","potentialAction":[{"@type":"ReadAction","target":["https:\/\/regiaonews.net.br\/2022\/2024\/05\/14\/pc-de-bebedouro-realiza-operacao-em-caso-de-sequestro-relampago\/"]}]},{"@type":"ImageObject","inLanguage":"pt-BR","@id":"https:\/\/regiaonews.net.br\/2022\/2024\/05\/14\/pc-de-bebedouro-realiza-operacao-em-caso-de-sequestro-relampago\/#primaryimage","url":"https:\/\/regiaonews.net.br\/2022\/wp-content\/uploads\/2024\/05\/IMG-20240514-WA0501.jpg","contentUrl":"https:\/\/regiaonews.net.br\/2022\/wp-content\/uploads\/2024\/05\/IMG-20240514-WA0501.jpg","width":1053,"height":1280},{"@type":"BreadcrumbList","@id":"https:\/\/regiaonews.net.br\/2022\/2024\/05\/14\/pc-de-bebedouro-realiza-operacao-em-caso-de-sequestro-relampago\/#breadcrumb","itemListElement":[{"@type":"ListItem","position":1,"name":"In\u00edcio","item":"https:\/\/regiaonews.net.br\/2022\/"},{"@type":"ListItem","position":2,"name":"PC de Bebedouro realiza opera\u00e7\u00e3o em caso de sequestro rel\u00e2mpago"}]},{"@type":"WebSite","@id":"https:\/\/regiaonews.net.br\/2022\/#website","url":"https:\/\/regiaonews.net.br\/2022\/","name":"Regi\u00e3o News","description":"Site de Not\u00edcias de Barretos e regi\u00e3o","publisher":{"@id":"https:\/\/regiaonews.net.br\/2022\/#organization"},"potentialAction":[{"@type":"SearchAction","target":{"@type":"EntryPoint","urlTemplate":"https:\/\/regiaonews.net.br\/2022\/?s={search_term_string}"},"query-input":{"@type":"PropertyValueSpecification","valueRequired":true,"valueName":"search_term_string"}}],"inLanguage":"pt-BR"},{"@type":"Organization","@id":"https:\/\/regiaonews.net.br\/2022\/#organization","name":"Regi\u00e3o News","url":"https:\/\/regiaonews.net.br\/2022\/","logo":{"@type":"ImageObject","inLanguage":"pt-BR","@id":"https:\/\/regiaonews.net.br\/2022\/#\/schema\/logo\/image\/","url":"https:\/\/regiaonews.net.br\/2022\/wp-content\/uploads\/2026\/03\/regiao-13-anos-scaled.jpg","contentUrl":"https:\/\/regiaonews.net.br\/2022\/wp-content\/uploads\/2026\/03\/regiao-13-anos-scaled.jpg","width":2560,"height":635,"caption":"Regi\u00e3o News"},"image":{"@id":"https:\/\/regiaonews.net.br\/2022\/#\/schema\/logo\/image\/"}},{"@type":"Person","@id":"https:\/\/regiaonews.net.br\/2022\/#\/schema\/person\/2d205a608a5aa97ac279d7a5e6d89ad8","name":"Roberto","image":{"@type":"ImageObject","inLanguage":"pt-BR","@id":"https:\/\/secure.gravatar.com\/avatar\/42749d8b712ff9d59ca93dc150494e5b55a44134482993f5baeb97e61b7ecc89?s=96&d=mm&r=g","url":"https:\/\/secure.gravatar.com\/avatar\/42749d8b712ff9d59ca93dc150494e5b55a44134482993f5baeb97e61b7ecc89?s=96&d=mm&r=g","contentUrl":"https:\/\/secure.gravatar.com\/avatar\/42749d8b712ff9d59ca93dc150494e5b55a44134482993f5baeb97e61b7ecc89?s=96&d=mm&r=g","caption":"Roberto"},"url":"https:\/\/regiaonews.net.br\/2022\/author\/roberto\/"}]}},"publishpress_future_action":{"enabled":false,"date":"2026-05-03 09:22:54","action":"change-status","newStatus":"draft","terms":[],"taxonomy":"category","extraData":[]},"publishpress_future_workflow_manual_trigger":{"enabledWorkflows":[]},"_links":{"self":[{"href":"https:\/\/regiaonews.net.br\/2022\/wp-json\/wp\/v2\/posts\/104975","targetHints":{"allow":["GET"]}}],"collection":[{"href":"https:\/\/regiaonews.net.br\/2022\/wp-json\/wp\/v2\/posts"}],"about":[{"href":"https:\/\/regiaonews.net.br\/2022\/wp-json\/wp\/v2\/types\/post"}],"author":[{"embeddable":true,"href":"https:\/\/regiaonews.net.br\/2022\/wp-json\/wp\/v2\/users\/2"}],"replies":[{"embeddable":true,"href":"https:\/\/regiaonews.net.br\/2022\/wp-json\/wp\/v2\/comments?post=104975"}],"version-history":[{"count":1,"href":"https:\/\/regiaonews.net.br\/2022\/wp-json\/wp\/v2\/posts\/104975\/revisions"}],"predecessor-version":[{"id":104977,"href":"https:\/\/regiaonews.net.br\/2022\/wp-json\/wp\/v2\/posts\/104975\/revisions\/104977"}],"wp:featuredmedia":[{"embeddable":true,"href":"https:\/\/regiaonews.net.br\/2022\/wp-json\/wp\/v2\/media\/104976"}],"wp:attachment":[{"href":"https:\/\/regiaonews.net.br\/2022\/wp-json\/wp\/v2\/media?parent=104975"}],"wp:term":[{"taxonomy":"category","embeddable":true,"href":"https:\/\/regiaonews.net.br\/2022\/wp-json\/wp\/v2\/categories?post=104975"},{"taxonomy":"post_tag","embeddable":true,"href":"https:\/\/regiaonews.net.br\/2022\/wp-json\/wp\/v2\/tags?post=104975"}],"curies":[{"name":"wp","href":"https:\/\/api.w.org\/{rel}","templated":true}]}}