{"id":104970,"date":"2024-05-14T19:32:00","date_gmt":"2024-05-14T22:32:00","guid":{"rendered":"https:\/\/regiaonews.net.br\/2022\/?p=104970"},"modified":"2024-05-14T19:32:00","modified_gmt":"2024-05-14T22:32:00","slug":"bec-apresenta-elenco-para-copa-paulista","status":"publish","type":"post","link":"https:\/\/regiaonews.net.br\/2022\/2024\/05\/14\/bec-apresenta-elenco-para-copa-paulista\/","title":{"rendered":"BEC apresenta elenco para Copa Paulista"},"content":{"rendered":"<p>&nbsp;<\/p>\n<p>Foto \u2013 Gustavo Marciano durante apresenta\u00e7\u00e3o do elenco<\/p>\n<p>O Barretos Esporte Clube apresentou na tarde de ontem (14), a comiss\u00e3o t\u00e9cnica e jogadores do atual elenco que ir\u00e3o disputar a Copa Paulista 2024 que d\u00e1 vaga para a Copa do Brasil e o Campeonato Brasileiro da S\u00e9rie D. A apresenta\u00e7\u00e3o foi coordenada pelo presidente Jos\u00e9 Reinaldo Borges, e teve a participa\u00e7\u00e3o dos vices-presidentes Marcelo Rios Witzel e Orlando Neto. \u201cAp\u00f3s um excelente campeonato da S\u00e9rie A4, onde recebemos muitos elogios e empolgou a cidade. Agora vamos manter a atividade do BEC formando uma base para o Paulista da S\u00e9rie A4 de 2025 e tentar classificar para a segunda fase, e entrar no mata-mata\u201d, afirmou Jos\u00e9 Reinaldo.<br \/>\nPara a Copa Paulista, o BEC manteve a comiss\u00e3o t\u00e9cnica que disputou o Campeonato Paulista, com o treinador Gustavo Marciano, tendo ainda o preparador f\u00edsico, Daniel Cristianotti, o massagista Hitalo e o fisioterapeuta Matheus, al\u00e9m dos atletas Rodrigo Fuzil (atacante), David Jos\u00e9 (atacante), Mauro Silva (zagueiro), Kaio (zagueiro), Alex Girolli (lateral esquerdo), Matielo (volante e lateral) e Gustavo Queiroz (meia). Se apresentaram tamb\u00e9m Marcelo Guatapar\u00e1 (lateral e volante), Luiz Henrique (volante), Matheus Cirilo (volante), Dan Moroni (goleiro), Ricardinho (atacante) e Diego Borges (volante).<br \/>\nO treinador Gustavo Marciano, informou que a equipe agora ir\u00e1 trabalhar a parte f\u00edsica e j\u00e1 em breve inicia os trabalhos t\u00e9cnicos. \u201c\u00c9 uma competi\u00e7\u00e3o que ir\u00e3o enfrentar equipes fortes e jovens, e teremos um m\u00eas para formar a equipe que j\u00e1 tem a base do paulista\u201d, afirmou o treinador que pretende trabalhar com 20 atletas contratados, al\u00e9m dos garotos da categoria de base do clube.<br \/>\nO BEC estreia no dia 14 de junho, \u00e0s 20h, no est\u00e1dio Fortaleza, contra o Comercial Futebol Clube.<\/p>\n","protected":false},"excerpt":{"rendered":"<p>&nbsp; Foto \u2013 Gustavo Marciano durante apresenta\u00e7\u00e3o do elenco O<\/p>\n","protected":false},"author":2,"featured_media":104971,"comment_status":"open","ping_status":"open","sticky":false,"template":"","format":"standard","meta":{"footnotes":""},"categories":[14,21],"tags":[],"class_list":["post-104970","post","type-post","status-publish","format-standard","has-post-thumbnail","hentry","category-barretos","category-esporte"],"yoast_head":"<!-- This site is optimized with the Yoast SEO plugin v27.4 - https:\/\/yoast.com\/product\/yoast-seo-wordpress\/ -->\n<title>BEC apresenta elenco para Copa Paulista - Regi\u00e3o News<\/title>\n<meta name=\"robots\" content=\"index, follow, max-snippet:-1, max-image-preview:large, max-video-preview:-1\" \/>\n<link rel=\"canonical\" href=\"https:\/\/regiaonews.net.br\/2022\/2024\/05\/14\/bec-apresenta-elenco-para-copa-paulista\/\" \/>\n<meta property=\"og:locale\" content=\"pt_BR\" \/>\n<meta property=\"og:type\" content=\"article\" \/>\n<meta property=\"og:title\" content=\"BEC apresenta elenco para Copa Paulista - Regi\u00e3o News\" \/>\n<meta property=\"og:description\" content=\"&nbsp; Foto \u2013 Gustavo Marciano durante apresenta\u00e7\u00e3o do elenco O\" \/>\n<meta property=\"og:url\" content=\"https:\/\/regiaonews.net.br\/2022\/2024\/05\/14\/bec-apresenta-elenco-para-copa-paulista\/\" \/>\n<meta property=\"og:site_name\" content=\"Regi\u00e3o News\" \/>\n<meta property=\"article:published_time\" content=\"2024-05-14T22:32:00+00:00\" \/>\n<meta property=\"og:image\" content=\"https:\/\/regiaonews.net.br\/2022\/wp-content\/uploads\/2024\/05\/WhatsApp-Image-2024-05-14-at-18.54.15.jpeg\" \/>\n\t<meta property=\"og:image:width\" content=\"1280\" \/>\n\t<meta property=\"og:image:height\" content=\"960\" \/>\n\t<meta property=\"og:image:type\" content=\"image\/jpeg\" \/>\n<meta name=\"author\" content=\"Roberto\" \/>\n<meta name=\"twitter:card\" content=\"summary_large_image\" \/>\n<meta name=\"twitter:label1\" content=\"Escrito por\" \/>\n\t<meta name=\"twitter:data1\" content=\"Roberto\" \/>\n\t<meta name=\"twitter:label2\" content=\"Est. tempo de leitura\" \/>\n\t<meta name=\"twitter:data2\" content=\"2 minutos\" \/>\n<script type=\"application\/ld+json\" class=\"yoast-schema-graph\">{\"@context\":\"https:\\\/\\\/schema.org\",\"@graph\":[{\"@type\":\"Article\",\"@id\":\"https:\\\/\\\/regiaonews.net.br\\\/2022\\\/2024\\\/05\\\/14\\\/bec-apresenta-elenco-para-copa-paulista\\\/#article\",\"isPartOf\":{\"@id\":\"https:\\\/\\\/regiaonews.net.br\\\/2022\\\/2024\\\/05\\\/14\\\/bec-apresenta-elenco-para-copa-paulista\\\/\"},\"author\":{\"name\":\"Roberto\",\"@id\":\"https:\\\/\\\/regiaonews.net.br\\\/2022\\\/#\\\/schema\\\/person\\\/2d205a608a5aa97ac279d7a5e6d89ad8\"},\"headline\":\"BEC apresenta elenco para Copa Paulista\",\"datePublished\":\"2024-05-14T22:32:00+00:00\",\"mainEntityOfPage\":{\"@id\":\"https:\\\/\\\/regiaonews.net.br\\\/2022\\\/2024\\\/05\\\/14\\\/bec-apresenta-elenco-para-copa-paulista\\\/\"},\"wordCount\":305,\"commentCount\":0,\"publisher\":{\"@id\":\"https:\\\/\\\/regiaonews.net.br\\\/2022\\\/#organization\"},\"image\":{\"@id\":\"https:\\\/\\\/regiaonews.net.br\\\/2022\\\/2024\\\/05\\\/14\\\/bec-apresenta-elenco-para-copa-paulista\\\/#primaryimage\"},\"thumbnailUrl\":\"https:\\\/\\\/regiaonews.net.br\\\/2022\\\/wp-content\\\/uploads\\\/2024\\\/05\\\/WhatsApp-Image-2024-05-14-at-18.54.15.jpeg\",\"articleSection\":[\"Barretos\",\"Esporte\"],\"inLanguage\":\"pt-BR\",\"potentialAction\":[{\"@type\":\"CommentAction\",\"name\":\"Comment\",\"target\":[\"https:\\\/\\\/regiaonews.net.br\\\/2022\\\/2024\\\/05\\\/14\\\/bec-apresenta-elenco-para-copa-paulista\\\/#respond\"]}]},{\"@type\":\"WebPage\",\"@id\":\"https:\\\/\\\/regiaonews.net.br\\\/2022\\\/2024\\\/05\\\/14\\\/bec-apresenta-elenco-para-copa-paulista\\\/\",\"url\":\"https:\\\/\\\/regiaonews.net.br\\\/2022\\\/2024\\\/05\\\/14\\\/bec-apresenta-elenco-para-copa-paulista\\\/\",\"name\":\"BEC apresenta elenco para Copa Paulista - Regi\u00e3o News\",\"isPartOf\":{\"@id\":\"https:\\\/\\\/regiaonews.net.br\\\/2022\\\/#website\"},\"primaryImageOfPage\":{\"@id\":\"https:\\\/\\\/regiaonews.net.br\\\/2022\\\/2024\\\/05\\\/14\\\/bec-apresenta-elenco-para-copa-paulista\\\/#primaryimage\"},\"image\":{\"@id\":\"https:\\\/\\\/regiaonews.net.br\\\/2022\\\/2024\\\/05\\\/14\\\/bec-apresenta-elenco-para-copa-paulista\\\/#primaryimage\"},\"thumbnailUrl\":\"https:\\\/\\\/regiaonews.net.br\\\/2022\\\/wp-content\\\/uploads\\\/2024\\\/05\\\/WhatsApp-Image-2024-05-14-at-18.54.15.jpeg\",\"datePublished\":\"2024-05-14T22:32:00+00:00\",\"breadcrumb\":{\"@id\":\"https:\\\/\\\/regiaonews.net.br\\\/2022\\\/2024\\\/05\\\/14\\\/bec-apresenta-elenco-para-copa-paulista\\\/#breadcrumb\"},\"inLanguage\":\"pt-BR\",\"potentialAction\":[{\"@type\":\"ReadAction\",\"target\":[\"https:\\\/\\\/regiaonews.net.br\\\/2022\\\/2024\\\/05\\\/14\\\/bec-apresenta-elenco-para-copa-paulista\\\/\"]}]},{\"@type\":\"ImageObject\",\"inLanguage\":\"pt-BR\",\"@id\":\"https:\\\/\\\/regiaonews.net.br\\\/2022\\\/2024\\\/05\\\/14\\\/bec-apresenta-elenco-para-copa-paulista\\\/#primaryimage\",\"url\":\"https:\\\/\\\/regiaonews.net.br\\\/2022\\\/wp-content\\\/uploads\\\/2024\\\/05\\\/WhatsApp-Image-2024-05-14-at-18.54.15.jpeg\",\"contentUrl\":\"https:\\\/\\\/regiaonews.net.br\\\/2022\\\/wp-content\\\/uploads\\\/2024\\\/05\\\/WhatsApp-Image-2024-05-14-at-18.54.15.jpeg\",\"width\":1280,\"height\":960},{\"@type\":\"BreadcrumbList\",\"@id\":\"https:\\\/\\\/regiaonews.net.br\\\/2022\\\/2024\\\/05\\\/14\\\/bec-apresenta-elenco-para-copa-paulista\\\/#breadcrumb\",\"itemListElement\":[{\"@type\":\"ListItem\",\"position\":1,\"name\":\"In\u00edcio\",\"item\":\"https:\\\/\\\/regiaonews.net.br\\\/2022\\\/\"},{\"@type\":\"ListItem\",\"position\":2,\"name\":\"BEC apresenta elenco para Copa Paulista\"}]},{\"@type\":\"WebSite\",\"@id\":\"https:\\\/\\\/regiaonews.net.br\\\/2022\\\/#website\",\"url\":\"https:\\\/\\\/regiaonews.net.br\\\/2022\\\/\",\"name\":\"Regi\u00e3o News\",\"description\":\"Site de Not\u00edcias de Barretos e regi\u00e3o\",\"publisher\":{\"@id\":\"https:\\\/\\\/regiaonews.net.br\\\/2022\\\/#organization\"},\"potentialAction\":[{\"@type\":\"SearchAction\",\"target\":{\"@type\":\"EntryPoint\",\"urlTemplate\":\"https:\\\/\\\/regiaonews.net.br\\\/2022\\\/?s={search_term_string}\"},\"query-input\":{\"@type\":\"PropertyValueSpecification\",\"valueRequired\":true,\"valueName\":\"search_term_string\"}}],\"inLanguage\":\"pt-BR\"},{\"@type\":\"Organization\",\"@id\":\"https:\\\/\\\/regiaonews.net.br\\\/2022\\\/#organization\",\"name\":\"Regi\u00e3o News\",\"url\":\"https:\\\/\\\/regiaonews.net.br\\\/2022\\\/\",\"logo\":{\"@type\":\"ImageObject\",\"inLanguage\":\"pt-BR\",\"@id\":\"https:\\\/\\\/regiaonews.net.br\\\/2022\\\/#\\\/schema\\\/logo\\\/image\\\/\",\"url\":\"https:\\\/\\\/regiaonews.net.br\\\/2022\\\/wp-content\\\/uploads\\\/2026\\\/03\\\/regiao-13-anos-scaled.jpg\",\"contentUrl\":\"https:\\\/\\\/regiaonews.net.br\\\/2022\\\/wp-content\\\/uploads\\\/2026\\\/03\\\/regiao-13-anos-scaled.jpg\",\"width\":2560,\"height\":635,\"caption\":\"Regi\u00e3o News\"},\"image\":{\"@id\":\"https:\\\/\\\/regiaonews.net.br\\\/2022\\\/#\\\/schema\\\/logo\\\/image\\\/\"}},{\"@type\":\"Person\",\"@id\":\"https:\\\/\\\/regiaonews.net.br\\\/2022\\\/#\\\/schema\\\/person\\\/2d205a608a5aa97ac279d7a5e6d89ad8\",\"name\":\"Roberto\",\"image\":{\"@type\":\"ImageObject\",\"inLanguage\":\"pt-BR\",\"@id\":\"https:\\\/\\\/secure.gravatar.com\\\/avatar\\\/42749d8b712ff9d59ca93dc150494e5b55a44134482993f5baeb97e61b7ecc89?s=96&d=mm&r=g\",\"url\":\"https:\\\/\\\/secure.gravatar.com\\\/avatar\\\/42749d8b712ff9d59ca93dc150494e5b55a44134482993f5baeb97e61b7ecc89?s=96&d=mm&r=g\",\"contentUrl\":\"https:\\\/\\\/secure.gravatar.com\\\/avatar\\\/42749d8b712ff9d59ca93dc150494e5b55a44134482993f5baeb97e61b7ecc89?s=96&d=mm&r=g\",\"caption\":\"Roberto\"},\"url\":\"https:\\\/\\\/regiaonews.net.br\\\/2022\\\/author\\\/roberto\\\/\"}]}<\/script>\n<!-- \/ Yoast SEO plugin. -->","yoast_head_json":{"title":"BEC apresenta elenco para Copa Paulista - Regi\u00e3o News","robots":{"index":"index","follow":"follow","max-snippet":"max-snippet:-1","max-image-preview":"max-image-preview:large","max-video-preview":"max-video-preview:-1"},"canonical":"https:\/\/regiaonews.net.br\/2022\/2024\/05\/14\/bec-apresenta-elenco-para-copa-paulista\/","og_locale":"pt_BR","og_type":"article","og_title":"BEC apresenta elenco para Copa Paulista - Regi\u00e3o News","og_description":"&nbsp; Foto \u2013 Gustavo Marciano durante apresenta\u00e7\u00e3o do elenco O","og_url":"https:\/\/regiaonews.net.br\/2022\/2024\/05\/14\/bec-apresenta-elenco-para-copa-paulista\/","og_site_name":"Regi\u00e3o News","article_published_time":"2024-05-14T22:32:00+00:00","og_image":[{"width":1280,"height":960,"url":"https:\/\/regiaonews.net.br\/2022\/wp-content\/uploads\/2024\/05\/WhatsApp-Image-2024-05-14-at-18.54.15.jpeg","type":"image\/jpeg"}],"author":"Roberto","twitter_card":"summary_large_image","twitter_misc":{"Escrito por":"Roberto","Est. tempo de leitura":"2 minutos"},"schema":{"@context":"https:\/\/schema.org","@graph":[{"@type":"Article","@id":"https:\/\/regiaonews.net.br\/2022\/2024\/05\/14\/bec-apresenta-elenco-para-copa-paulista\/#article","isPartOf":{"@id":"https:\/\/regiaonews.net.br\/2022\/2024\/05\/14\/bec-apresenta-elenco-para-copa-paulista\/"},"author":{"name":"Roberto","@id":"https:\/\/regiaonews.net.br\/2022\/#\/schema\/person\/2d205a608a5aa97ac279d7a5e6d89ad8"},"headline":"BEC apresenta elenco para Copa Paulista","datePublished":"2024-05-14T22:32:00+00:00","mainEntityOfPage":{"@id":"https:\/\/regiaonews.net.br\/2022\/2024\/05\/14\/bec-apresenta-elenco-para-copa-paulista\/"},"wordCount":305,"commentCount":0,"publisher":{"@id":"https:\/\/regiaonews.net.br\/2022\/#organization"},"image":{"@id":"https:\/\/regiaonews.net.br\/2022\/2024\/05\/14\/bec-apresenta-elenco-para-copa-paulista\/#primaryimage"},"thumbnailUrl":"https:\/\/regiaonews.net.br\/2022\/wp-content\/uploads\/2024\/05\/WhatsApp-Image-2024-05-14-at-18.54.15.jpeg","articleSection":["Barretos","Esporte"],"inLanguage":"pt-BR","potentialAction":[{"@type":"CommentAction","name":"Comment","target":["https:\/\/regiaonews.net.br\/2022\/2024\/05\/14\/bec-apresenta-elenco-para-copa-paulista\/#respond"]}]},{"@type":"WebPage","@id":"https:\/\/regiaonews.net.br\/2022\/2024\/05\/14\/bec-apresenta-elenco-para-copa-paulista\/","url":"https:\/\/regiaonews.net.br\/2022\/2024\/05\/14\/bec-apresenta-elenco-para-copa-paulista\/","name":"BEC apresenta elenco para Copa Paulista - Regi\u00e3o News","isPartOf":{"@id":"https:\/\/regiaonews.net.br\/2022\/#website"},"primaryImageOfPage":{"@id":"https:\/\/regiaonews.net.br\/2022\/2024\/05\/14\/bec-apresenta-elenco-para-copa-paulista\/#primaryimage"},"image":{"@id":"https:\/\/regiaonews.net.br\/2022\/2024\/05\/14\/bec-apresenta-elenco-para-copa-paulista\/#primaryimage"},"thumbnailUrl":"https:\/\/regiaonews.net.br\/2022\/wp-content\/uploads\/2024\/05\/WhatsApp-Image-2024-05-14-at-18.54.15.jpeg","datePublished":"2024-05-14T22:32:00+00:00","breadcrumb":{"@id":"https:\/\/regiaonews.net.br\/2022\/2024\/05\/14\/bec-apresenta-elenco-para-copa-paulista\/#breadcrumb"},"inLanguage":"pt-BR","potentialAction":[{"@type":"ReadAction","target":["https:\/\/regiaonews.net.br\/2022\/2024\/05\/14\/bec-apresenta-elenco-para-copa-paulista\/"]}]},{"@type":"ImageObject","inLanguage":"pt-BR","@id":"https:\/\/regiaonews.net.br\/2022\/2024\/05\/14\/bec-apresenta-elenco-para-copa-paulista\/#primaryimage","url":"https:\/\/regiaonews.net.br\/2022\/wp-content\/uploads\/2024\/05\/WhatsApp-Image-2024-05-14-at-18.54.15.jpeg","contentUrl":"https:\/\/regiaonews.net.br\/2022\/wp-content\/uploads\/2024\/05\/WhatsApp-Image-2024-05-14-at-18.54.15.jpeg","width":1280,"height":960},{"@type":"BreadcrumbList","@id":"https:\/\/regiaonews.net.br\/2022\/2024\/05\/14\/bec-apresenta-elenco-para-copa-paulista\/#breadcrumb","itemListElement":[{"@type":"ListItem","position":1,"name":"In\u00edcio","item":"https:\/\/regiaonews.net.br\/2022\/"},{"@type":"ListItem","position":2,"name":"BEC apresenta elenco para Copa Paulista"}]},{"@type":"WebSite","@id":"https:\/\/regiaonews.net.br\/2022\/#website","url":"https:\/\/regiaonews.net.br\/2022\/","name":"Regi\u00e3o News","description":"Site de Not\u00edcias de Barretos e regi\u00e3o","publisher":{"@id":"https:\/\/regiaonews.net.br\/2022\/#organization"},"potentialAction":[{"@type":"SearchAction","target":{"@type":"EntryPoint","urlTemplate":"https:\/\/regiaonews.net.br\/2022\/?s={search_term_string}"},"query-input":{"@type":"PropertyValueSpecification","valueRequired":true,"valueName":"search_term_string"}}],"inLanguage":"pt-BR"},{"@type":"Organization","@id":"https:\/\/regiaonews.net.br\/2022\/#organization","name":"Regi\u00e3o News","url":"https:\/\/regiaonews.net.br\/2022\/","logo":{"@type":"ImageObject","inLanguage":"pt-BR","@id":"https:\/\/regiaonews.net.br\/2022\/#\/schema\/logo\/image\/","url":"https:\/\/regiaonews.net.br\/2022\/wp-content\/uploads\/2026\/03\/regiao-13-anos-scaled.jpg","contentUrl":"https:\/\/regiaonews.net.br\/2022\/wp-content\/uploads\/2026\/03\/regiao-13-anos-scaled.jpg","width":2560,"height":635,"caption":"Regi\u00e3o News"},"image":{"@id":"https:\/\/regiaonews.net.br\/2022\/#\/schema\/logo\/image\/"}},{"@type":"Person","@id":"https:\/\/regiaonews.net.br\/2022\/#\/schema\/person\/2d205a608a5aa97ac279d7a5e6d89ad8","name":"Roberto","image":{"@type":"ImageObject","inLanguage":"pt-BR","@id":"https:\/\/secure.gravatar.com\/avatar\/42749d8b712ff9d59ca93dc150494e5b55a44134482993f5baeb97e61b7ecc89?s=96&d=mm&r=g","url":"https:\/\/secure.gravatar.com\/avatar\/42749d8b712ff9d59ca93dc150494e5b55a44134482993f5baeb97e61b7ecc89?s=96&d=mm&r=g","contentUrl":"https:\/\/secure.gravatar.com\/avatar\/42749d8b712ff9d59ca93dc150494e5b55a44134482993f5baeb97e61b7ecc89?s=96&d=mm&r=g","caption":"Roberto"},"url":"https:\/\/regiaonews.net.br\/2022\/author\/roberto\/"}]}},"publishpress_future_action":{"enabled":false,"date":"2026-05-03 12:35:46","action":"change-status","newStatus":"draft","terms":[],"taxonomy":"category","extraData":[]},"publishpress_future_workflow_manual_trigger":{"enabledWorkflows":[]},"_links":{"self":[{"href":"https:\/\/regiaonews.net.br\/2022\/wp-json\/wp\/v2\/posts\/104970","targetHints":{"allow":["GET"]}}],"collection":[{"href":"https:\/\/regiaonews.net.br\/2022\/wp-json\/wp\/v2\/posts"}],"about":[{"href":"https:\/\/regiaonews.net.br\/2022\/wp-json\/wp\/v2\/types\/post"}],"author":[{"embeddable":true,"href":"https:\/\/regiaonews.net.br\/2022\/wp-json\/wp\/v2\/users\/2"}],"replies":[{"embeddable":true,"href":"https:\/\/regiaonews.net.br\/2022\/wp-json\/wp\/v2\/comments?post=104970"}],"version-history":[{"count":1,"href":"https:\/\/regiaonews.net.br\/2022\/wp-json\/wp\/v2\/posts\/104970\/revisions"}],"predecessor-version":[{"id":104972,"href":"https:\/\/regiaonews.net.br\/2022\/wp-json\/wp\/v2\/posts\/104970\/revisions\/104972"}],"wp:featuredmedia":[{"embeddable":true,"href":"https:\/\/regiaonews.net.br\/2022\/wp-json\/wp\/v2\/media\/104971"}],"wp:attachment":[{"href":"https:\/\/regiaonews.net.br\/2022\/wp-json\/wp\/v2\/media?parent=104970"}],"wp:term":[{"taxonomy":"category","embeddable":true,"href":"https:\/\/regiaonews.net.br\/2022\/wp-json\/wp\/v2\/categories?post=104970"},{"taxonomy":"post_tag","embeddable":true,"href":"https:\/\/regiaonews.net.br\/2022\/wp-json\/wp\/v2\/tags?post=104970"}],"curies":[{"name":"wp","href":"https:\/\/api.w.org\/{rel}","templated":true}]}}