{"id":104961,"date":"2024-05-14T19:25:40","date_gmt":"2024-05-14T22:25:40","guid":{"rendered":"https:\/\/regiaonews.net.br\/2022\/?p=104961"},"modified":"2024-05-14T19:25:40","modified_gmt":"2024-05-14T22:25:40","slug":"maio-laranja-prevencao-contra-abuso-e-exploracao-de-criancas-e-tema-de-palestra-realizada-na-unifeb","status":"publish","type":"post","link":"https:\/\/regiaonews.net.br\/2022\/2024\/05\/14\/maio-laranja-prevencao-contra-abuso-e-exploracao-de-criancas-e-tema-de-palestra-realizada-na-unifeb\/","title":{"rendered":"Maio laranja: Preven\u00e7\u00e3o contra abuso e explora\u00e7\u00e3o de crian\u00e7as \u00e9 tema de palestra realizada na Unifeb"},"content":{"rendered":"<p>&nbsp;<\/p>\n<p>A a\u00e7\u00e3o de conscientiza\u00e7\u00e3o integra a programa\u00e7\u00e3o \u201cBarretos faz Bonito!\u201d. Concurso de desenhos e mesa redonda fazem parte da agenda da Semana<\/p>\n<p>Estar atento a mudan\u00e7as de comportamento de crian\u00e7as e adolescentes, conversar sobre o dia a dia deles e buscar saber mais se derem sinal de que algo diferente est\u00e1 ocorrendo. Essas s\u00e3o algumas maneiras de prevenir o abuso e a explora\u00e7\u00e3o de crian\u00e7as, tema de palestra realizada em parceria entre a Prefeitura e a Delegacia de Defesa da Mulher (DDM) na manh\u00e3 desta ter\u00e7a-feira, 14, na Unifeb, integrando a programa\u00e7\u00e3o do \u2018Maio Laranja\u2019 em Barretos.<\/p>\n<p>\u201cO abusador pode estar escondido atr\u00e1s de uma tela de computador e usar um jogo ou rede social para ganhar a confian\u00e7a da crian\u00e7a. Os pais precisam saber o que seus filhos est\u00e3o fazendo na internet, conhecer bem que amigos recebem em casa e sempre ouvirem com aten\u00e7\u00e3o a crian\u00e7a ou adolescente\u201d, ressaltou a escriv\u00e3 Taciana Mara Nunes.<\/p>\n<p>Ela destacou que, havendo a desconfian\u00e7a de que uma crian\u00e7a ou adolescente esteja sofrendo abuso ou explora\u00e7\u00e3o sexual, o Centro de Refer\u00eancia Especializado de Assist\u00eancia Social (CREAS), o Conselho Tutelar ou a DDM devem ser procurados. Al\u00e9m do Disque 100 \u2013 Direitos Humanos. Nesses locais, s\u00e3o fornecidas orienta\u00e7\u00f5es e a DDM apura as den\u00fancias recebidas.<\/p>\n<p>Pessoas idosas que participam dos grupos dos CCIs estiveram entre os presentes para assistir a palestra, aberta a toda a popula\u00e7\u00e3o.<\/p>\n<p>Semana de Conscientiza\u00e7\u00e3o<br \/>\nA programa\u00e7\u00e3o \u201cBarretos Faz Bonito!\u201d inclui outras a\u00e7\u00f5es nesta semana, at\u00e9 sexta-feira (17), quando ser\u00e1 realizada uma mesa redonda com a Rede de Prote\u00e7\u00e3o na Casa da Juventude, \u00e0s 8h, marcando o encerramento da Campanha.<\/p>\n<p>Um concurso de desenhos sobre o tema est\u00e1 em andamento. Feitos por estudantes de duas escolas municipais, est\u00e3o expostos no North Shopping Barretos at\u00e9 domingo, dia 19. A popula\u00e7\u00e3o pode votar para escolher os melhores desenhos, at\u00e9 \u00e0s 16h de quinta-feira (dia 16) no Instagram @casadajuventudebarretos.<\/p>\n<p>Confira mais sobre a programa\u00e7\u00e3o da semana:<\/p>\n<p>Dia 15 &#8211; &#8220;Mesa Redonda sobre a Rede de Prote\u00e7\u00e3o Social Especial contra abuso sexual e explora\u00e7\u00e3o Infantil&#8221;<br \/>\nLocal: N\u00facleo Jur\u00eddico da Unifeb | Hor\u00e1rio: 19h30<\/p>\n<p>Dia 16 &#8211; Oficinas Multidisciplinares com a Defensoria P\u00fablica<br \/>\nLocal: Casa da Mulher | 8h30 e 14h<\/p>\n<p>Dia 17 &#8211; Mesa redonda com a Rede de Prote\u00e7\u00e3o, premia\u00e7\u00e3o do Concurso de desenhos e encerramento<br \/>\nLocal: Casa da Juventude | Hor\u00e1rio: 8h<\/p>\n<p>Servi\u00e7o:<br \/>\nComo acionar a Rede de prote\u00e7\u00e3o em Barretos:<\/p>\n<p>Conselho Tutelar \u2013 24h: (17) 98217-5999<\/p>\n<p>Centro de Refer\u00eancia Especializado de Assist\u00eancia Social (CREAS): (17) 3612-2650 &#8211; Rua 28, 450 \u2013 Centro<\/p>\n<p>Delegacia de Defesa da Mulher (DDM): (17) 3612-2845 \u2013 telefone e WhatsApp &#8211; Rua 18, n. 137, entre as Avenidas 29 e 31, no Centro. A<\/p>\n<p>Disque Direitos Humanos: Disque 100<\/p>\n","protected":false},"excerpt":{"rendered":"<p>&nbsp; A a\u00e7\u00e3o de conscientiza\u00e7\u00e3o integra a programa\u00e7\u00e3o \u201cBarretos faz<\/p>\n","protected":false},"author":2,"featured_media":104962,"comment_status":"open","ping_status":"open","sticky":false,"template":"","format":"standard","meta":{"footnotes":""},"categories":[14,25],"tags":[],"class_list":["post-104961","post","type-post","status-publish","format-standard","has-post-thumbnail","hentry","category-barretos","category-cidades"],"yoast_head":"<!-- This site is optimized with the Yoast SEO plugin v27.4 - https:\/\/yoast.com\/product\/yoast-seo-wordpress\/ -->\n<title>Maio laranja: Preven\u00e7\u00e3o contra abuso e explora\u00e7\u00e3o de crian\u00e7as \u00e9 tema de palestra realizada na Unifeb - Regi\u00e3o News<\/title>\n<meta name=\"robots\" content=\"index, follow, max-snippet:-1, max-image-preview:large, max-video-preview:-1\" \/>\n<link rel=\"canonical\" href=\"https:\/\/regiaonews.net.br\/2022\/2024\/05\/14\/maio-laranja-prevencao-contra-abuso-e-exploracao-de-criancas-e-tema-de-palestra-realizada-na-unifeb\/\" \/>\n<meta property=\"og:locale\" content=\"pt_BR\" \/>\n<meta property=\"og:type\" content=\"article\" \/>\n<meta property=\"og:title\" content=\"Maio laranja: Preven\u00e7\u00e3o contra abuso e explora\u00e7\u00e3o de crian\u00e7as \u00e9 tema de palestra realizada na Unifeb - Regi\u00e3o News\" \/>\n<meta property=\"og:description\" content=\"&nbsp; A a\u00e7\u00e3o de conscientiza\u00e7\u00e3o integra a programa\u00e7\u00e3o \u201cBarretos faz\" \/>\n<meta property=\"og:url\" content=\"https:\/\/regiaonews.net.br\/2022\/2024\/05\/14\/maio-laranja-prevencao-contra-abuso-e-exploracao-de-criancas-e-tema-de-palestra-realizada-na-unifeb\/\" \/>\n<meta property=\"og:site_name\" content=\"Regi\u00e3o News\" \/>\n<meta property=\"article:published_time\" content=\"2024-05-14T22:25:40+00:00\" \/>\n<meta property=\"og:image\" content=\"https:\/\/regiaonews.net.br\/2022\/wp-content\/uploads\/2024\/05\/WhatsApp-Image-2024-05-14-at-17.56.17.jpeg\" \/>\n\t<meta property=\"og:image:width\" content=\"1600\" \/>\n\t<meta property=\"og:image:height\" content=\"1067\" \/>\n\t<meta property=\"og:image:type\" content=\"image\/jpeg\" \/>\n<meta name=\"author\" content=\"Roberto\" \/>\n<meta name=\"twitter:card\" content=\"summary_large_image\" \/>\n<meta name=\"twitter:label1\" content=\"Escrito por\" \/>\n\t<meta name=\"twitter:data1\" content=\"Roberto\" \/>\n\t<meta name=\"twitter:label2\" content=\"Est. tempo de leitura\" \/>\n\t<meta name=\"twitter:data2\" content=\"3 minutos\" \/>\n<script type=\"application\/ld+json\" class=\"yoast-schema-graph\">{\"@context\":\"https:\\\/\\\/schema.org\",\"@graph\":[{\"@type\":\"Article\",\"@id\":\"https:\\\/\\\/regiaonews.net.br\\\/2022\\\/2024\\\/05\\\/14\\\/maio-laranja-prevencao-contra-abuso-e-exploracao-de-criancas-e-tema-de-palestra-realizada-na-unifeb\\\/#article\",\"isPartOf\":{\"@id\":\"https:\\\/\\\/regiaonews.net.br\\\/2022\\\/2024\\\/05\\\/14\\\/maio-laranja-prevencao-contra-abuso-e-exploracao-de-criancas-e-tema-de-palestra-realizada-na-unifeb\\\/\"},\"author\":{\"name\":\"Roberto\",\"@id\":\"https:\\\/\\\/regiaonews.net.br\\\/2022\\\/#\\\/schema\\\/person\\\/2d205a608a5aa97ac279d7a5e6d89ad8\"},\"headline\":\"Maio laranja: Preven\u00e7\u00e3o contra abuso e explora\u00e7\u00e3o de crian\u00e7as \u00e9 tema de palestra realizada na Unifeb\",\"datePublished\":\"2024-05-14T22:25:40+00:00\",\"mainEntityOfPage\":{\"@id\":\"https:\\\/\\\/regiaonews.net.br\\\/2022\\\/2024\\\/05\\\/14\\\/maio-laranja-prevencao-contra-abuso-e-exploracao-de-criancas-e-tema-de-palestra-realizada-na-unifeb\\\/\"},\"wordCount\":491,\"commentCount\":0,\"publisher\":{\"@id\":\"https:\\\/\\\/regiaonews.net.br\\\/2022\\\/#organization\"},\"image\":{\"@id\":\"https:\\\/\\\/regiaonews.net.br\\\/2022\\\/2024\\\/05\\\/14\\\/maio-laranja-prevencao-contra-abuso-e-exploracao-de-criancas-e-tema-de-palestra-realizada-na-unifeb\\\/#primaryimage\"},\"thumbnailUrl\":\"https:\\\/\\\/regiaonews.net.br\\\/2022\\\/wp-content\\\/uploads\\\/2024\\\/05\\\/WhatsApp-Image-2024-05-14-at-17.56.17.jpeg\",\"articleSection\":[\"Barretos\",\"Cidades\"],\"inLanguage\":\"pt-BR\",\"potentialAction\":[{\"@type\":\"CommentAction\",\"name\":\"Comment\",\"target\":[\"https:\\\/\\\/regiaonews.net.br\\\/2022\\\/2024\\\/05\\\/14\\\/maio-laranja-prevencao-contra-abuso-e-exploracao-de-criancas-e-tema-de-palestra-realizada-na-unifeb\\\/#respond\"]}]},{\"@type\":\"WebPage\",\"@id\":\"https:\\\/\\\/regiaonews.net.br\\\/2022\\\/2024\\\/05\\\/14\\\/maio-laranja-prevencao-contra-abuso-e-exploracao-de-criancas-e-tema-de-palestra-realizada-na-unifeb\\\/\",\"url\":\"https:\\\/\\\/regiaonews.net.br\\\/2022\\\/2024\\\/05\\\/14\\\/maio-laranja-prevencao-contra-abuso-e-exploracao-de-criancas-e-tema-de-palestra-realizada-na-unifeb\\\/\",\"name\":\"Maio laranja: Preven\u00e7\u00e3o contra abuso e explora\u00e7\u00e3o de crian\u00e7as \u00e9 tema de palestra realizada na Unifeb - Regi\u00e3o News\",\"isPartOf\":{\"@id\":\"https:\\\/\\\/regiaonews.net.br\\\/2022\\\/#website\"},\"primaryImageOfPage\":{\"@id\":\"https:\\\/\\\/regiaonews.net.br\\\/2022\\\/2024\\\/05\\\/14\\\/maio-laranja-prevencao-contra-abuso-e-exploracao-de-criancas-e-tema-de-palestra-realizada-na-unifeb\\\/#primaryimage\"},\"image\":{\"@id\":\"https:\\\/\\\/regiaonews.net.br\\\/2022\\\/2024\\\/05\\\/14\\\/maio-laranja-prevencao-contra-abuso-e-exploracao-de-criancas-e-tema-de-palestra-realizada-na-unifeb\\\/#primaryimage\"},\"thumbnailUrl\":\"https:\\\/\\\/regiaonews.net.br\\\/2022\\\/wp-content\\\/uploads\\\/2024\\\/05\\\/WhatsApp-Image-2024-05-14-at-17.56.17.jpeg\",\"datePublished\":\"2024-05-14T22:25:40+00:00\",\"breadcrumb\":{\"@id\":\"https:\\\/\\\/regiaonews.net.br\\\/2022\\\/2024\\\/05\\\/14\\\/maio-laranja-prevencao-contra-abuso-e-exploracao-de-criancas-e-tema-de-palestra-realizada-na-unifeb\\\/#breadcrumb\"},\"inLanguage\":\"pt-BR\",\"potentialAction\":[{\"@type\":\"ReadAction\",\"target\":[\"https:\\\/\\\/regiaonews.net.br\\\/2022\\\/2024\\\/05\\\/14\\\/maio-laranja-prevencao-contra-abuso-e-exploracao-de-criancas-e-tema-de-palestra-realizada-na-unifeb\\\/\"]}]},{\"@type\":\"ImageObject\",\"inLanguage\":\"pt-BR\",\"@id\":\"https:\\\/\\\/regiaonews.net.br\\\/2022\\\/2024\\\/05\\\/14\\\/maio-laranja-prevencao-contra-abuso-e-exploracao-de-criancas-e-tema-de-palestra-realizada-na-unifeb\\\/#primaryimage\",\"url\":\"https:\\\/\\\/regiaonews.net.br\\\/2022\\\/wp-content\\\/uploads\\\/2024\\\/05\\\/WhatsApp-Image-2024-05-14-at-17.56.17.jpeg\",\"contentUrl\":\"https:\\\/\\\/regiaonews.net.br\\\/2022\\\/wp-content\\\/uploads\\\/2024\\\/05\\\/WhatsApp-Image-2024-05-14-at-17.56.17.jpeg\",\"width\":1600,\"height\":1067},{\"@type\":\"BreadcrumbList\",\"@id\":\"https:\\\/\\\/regiaonews.net.br\\\/2022\\\/2024\\\/05\\\/14\\\/maio-laranja-prevencao-contra-abuso-e-exploracao-de-criancas-e-tema-de-palestra-realizada-na-unifeb\\\/#breadcrumb\",\"itemListElement\":[{\"@type\":\"ListItem\",\"position\":1,\"name\":\"In\u00edcio\",\"item\":\"https:\\\/\\\/regiaonews.net.br\\\/2022\\\/\"},{\"@type\":\"ListItem\",\"position\":2,\"name\":\"Maio laranja: Preven\u00e7\u00e3o contra abuso e explora\u00e7\u00e3o de crian\u00e7as \u00e9 tema de palestra realizada na Unifeb\"}]},{\"@type\":\"WebSite\",\"@id\":\"https:\\\/\\\/regiaonews.net.br\\\/2022\\\/#website\",\"url\":\"https:\\\/\\\/regiaonews.net.br\\\/2022\\\/\",\"name\":\"Regi\u00e3o News\",\"description\":\"Site de Not\u00edcias de Barretos e regi\u00e3o\",\"publisher\":{\"@id\":\"https:\\\/\\\/regiaonews.net.br\\\/2022\\\/#organization\"},\"potentialAction\":[{\"@type\":\"SearchAction\",\"target\":{\"@type\":\"EntryPoint\",\"urlTemplate\":\"https:\\\/\\\/regiaonews.net.br\\\/2022\\\/?s={search_term_string}\"},\"query-input\":{\"@type\":\"PropertyValueSpecification\",\"valueRequired\":true,\"valueName\":\"search_term_string\"}}],\"inLanguage\":\"pt-BR\"},{\"@type\":\"Organization\",\"@id\":\"https:\\\/\\\/regiaonews.net.br\\\/2022\\\/#organization\",\"name\":\"Regi\u00e3o News\",\"url\":\"https:\\\/\\\/regiaonews.net.br\\\/2022\\\/\",\"logo\":{\"@type\":\"ImageObject\",\"inLanguage\":\"pt-BR\",\"@id\":\"https:\\\/\\\/regiaonews.net.br\\\/2022\\\/#\\\/schema\\\/logo\\\/image\\\/\",\"url\":\"https:\\\/\\\/regiaonews.net.br\\\/2022\\\/wp-content\\\/uploads\\\/2026\\\/03\\\/regiao-13-anos-scaled.jpg\",\"contentUrl\":\"https:\\\/\\\/regiaonews.net.br\\\/2022\\\/wp-content\\\/uploads\\\/2026\\\/03\\\/regiao-13-anos-scaled.jpg\",\"width\":2560,\"height\":635,\"caption\":\"Regi\u00e3o News\"},\"image\":{\"@id\":\"https:\\\/\\\/regiaonews.net.br\\\/2022\\\/#\\\/schema\\\/logo\\\/image\\\/\"}},{\"@type\":\"Person\",\"@id\":\"https:\\\/\\\/regiaonews.net.br\\\/2022\\\/#\\\/schema\\\/person\\\/2d205a608a5aa97ac279d7a5e6d89ad8\",\"name\":\"Roberto\",\"image\":{\"@type\":\"ImageObject\",\"inLanguage\":\"pt-BR\",\"@id\":\"https:\\\/\\\/secure.gravatar.com\\\/avatar\\\/42749d8b712ff9d59ca93dc150494e5b55a44134482993f5baeb97e61b7ecc89?s=96&d=mm&r=g\",\"url\":\"https:\\\/\\\/secure.gravatar.com\\\/avatar\\\/42749d8b712ff9d59ca93dc150494e5b55a44134482993f5baeb97e61b7ecc89?s=96&d=mm&r=g\",\"contentUrl\":\"https:\\\/\\\/secure.gravatar.com\\\/avatar\\\/42749d8b712ff9d59ca93dc150494e5b55a44134482993f5baeb97e61b7ecc89?s=96&d=mm&r=g\",\"caption\":\"Roberto\"},\"url\":\"https:\\\/\\\/regiaonews.net.br\\\/2022\\\/author\\\/roberto\\\/\"}]}<\/script>\n<!-- \/ Yoast SEO plugin. -->","yoast_head_json":{"title":"Maio laranja: Preven\u00e7\u00e3o contra abuso e explora\u00e7\u00e3o de crian\u00e7as \u00e9 tema de palestra realizada na Unifeb - Regi\u00e3o News","robots":{"index":"index","follow":"follow","max-snippet":"max-snippet:-1","max-image-preview":"max-image-preview:large","max-video-preview":"max-video-preview:-1"},"canonical":"https:\/\/regiaonews.net.br\/2022\/2024\/05\/14\/maio-laranja-prevencao-contra-abuso-e-exploracao-de-criancas-e-tema-de-palestra-realizada-na-unifeb\/","og_locale":"pt_BR","og_type":"article","og_title":"Maio laranja: Preven\u00e7\u00e3o contra abuso e explora\u00e7\u00e3o de crian\u00e7as \u00e9 tema de palestra realizada na Unifeb - Regi\u00e3o News","og_description":"&nbsp; A a\u00e7\u00e3o de conscientiza\u00e7\u00e3o integra a programa\u00e7\u00e3o \u201cBarretos faz","og_url":"https:\/\/regiaonews.net.br\/2022\/2024\/05\/14\/maio-laranja-prevencao-contra-abuso-e-exploracao-de-criancas-e-tema-de-palestra-realizada-na-unifeb\/","og_site_name":"Regi\u00e3o News","article_published_time":"2024-05-14T22:25:40+00:00","og_image":[{"width":1600,"height":1067,"url":"https:\/\/regiaonews.net.br\/2022\/wp-content\/uploads\/2024\/05\/WhatsApp-Image-2024-05-14-at-17.56.17.jpeg","type":"image\/jpeg"}],"author":"Roberto","twitter_card":"summary_large_image","twitter_misc":{"Escrito por":"Roberto","Est. tempo de leitura":"3 minutos"},"schema":{"@context":"https:\/\/schema.org","@graph":[{"@type":"Article","@id":"https:\/\/regiaonews.net.br\/2022\/2024\/05\/14\/maio-laranja-prevencao-contra-abuso-e-exploracao-de-criancas-e-tema-de-palestra-realizada-na-unifeb\/#article","isPartOf":{"@id":"https:\/\/regiaonews.net.br\/2022\/2024\/05\/14\/maio-laranja-prevencao-contra-abuso-e-exploracao-de-criancas-e-tema-de-palestra-realizada-na-unifeb\/"},"author":{"name":"Roberto","@id":"https:\/\/regiaonews.net.br\/2022\/#\/schema\/person\/2d205a608a5aa97ac279d7a5e6d89ad8"},"headline":"Maio laranja: Preven\u00e7\u00e3o contra abuso e explora\u00e7\u00e3o de crian\u00e7as \u00e9 tema de palestra realizada na Unifeb","datePublished":"2024-05-14T22:25:40+00:00","mainEntityOfPage":{"@id":"https:\/\/regiaonews.net.br\/2022\/2024\/05\/14\/maio-laranja-prevencao-contra-abuso-e-exploracao-de-criancas-e-tema-de-palestra-realizada-na-unifeb\/"},"wordCount":491,"commentCount":0,"publisher":{"@id":"https:\/\/regiaonews.net.br\/2022\/#organization"},"image":{"@id":"https:\/\/regiaonews.net.br\/2022\/2024\/05\/14\/maio-laranja-prevencao-contra-abuso-e-exploracao-de-criancas-e-tema-de-palestra-realizada-na-unifeb\/#primaryimage"},"thumbnailUrl":"https:\/\/regiaonews.net.br\/2022\/wp-content\/uploads\/2024\/05\/WhatsApp-Image-2024-05-14-at-17.56.17.jpeg","articleSection":["Barretos","Cidades"],"inLanguage":"pt-BR","potentialAction":[{"@type":"CommentAction","name":"Comment","target":["https:\/\/regiaonews.net.br\/2022\/2024\/05\/14\/maio-laranja-prevencao-contra-abuso-e-exploracao-de-criancas-e-tema-de-palestra-realizada-na-unifeb\/#respond"]}]},{"@type":"WebPage","@id":"https:\/\/regiaonews.net.br\/2022\/2024\/05\/14\/maio-laranja-prevencao-contra-abuso-e-exploracao-de-criancas-e-tema-de-palestra-realizada-na-unifeb\/","url":"https:\/\/regiaonews.net.br\/2022\/2024\/05\/14\/maio-laranja-prevencao-contra-abuso-e-exploracao-de-criancas-e-tema-de-palestra-realizada-na-unifeb\/","name":"Maio laranja: Preven\u00e7\u00e3o contra abuso e explora\u00e7\u00e3o de crian\u00e7as \u00e9 tema de palestra realizada na Unifeb - Regi\u00e3o News","isPartOf":{"@id":"https:\/\/regiaonews.net.br\/2022\/#website"},"primaryImageOfPage":{"@id":"https:\/\/regiaonews.net.br\/2022\/2024\/05\/14\/maio-laranja-prevencao-contra-abuso-e-exploracao-de-criancas-e-tema-de-palestra-realizada-na-unifeb\/#primaryimage"},"image":{"@id":"https:\/\/regiaonews.net.br\/2022\/2024\/05\/14\/maio-laranja-prevencao-contra-abuso-e-exploracao-de-criancas-e-tema-de-palestra-realizada-na-unifeb\/#primaryimage"},"thumbnailUrl":"https:\/\/regiaonews.net.br\/2022\/wp-content\/uploads\/2024\/05\/WhatsApp-Image-2024-05-14-at-17.56.17.jpeg","datePublished":"2024-05-14T22:25:40+00:00","breadcrumb":{"@id":"https:\/\/regiaonews.net.br\/2022\/2024\/05\/14\/maio-laranja-prevencao-contra-abuso-e-exploracao-de-criancas-e-tema-de-palestra-realizada-na-unifeb\/#breadcrumb"},"inLanguage":"pt-BR","potentialAction":[{"@type":"ReadAction","target":["https:\/\/regiaonews.net.br\/2022\/2024\/05\/14\/maio-laranja-prevencao-contra-abuso-e-exploracao-de-criancas-e-tema-de-palestra-realizada-na-unifeb\/"]}]},{"@type":"ImageObject","inLanguage":"pt-BR","@id":"https:\/\/regiaonews.net.br\/2022\/2024\/05\/14\/maio-laranja-prevencao-contra-abuso-e-exploracao-de-criancas-e-tema-de-palestra-realizada-na-unifeb\/#primaryimage","url":"https:\/\/regiaonews.net.br\/2022\/wp-content\/uploads\/2024\/05\/WhatsApp-Image-2024-05-14-at-17.56.17.jpeg","contentUrl":"https:\/\/regiaonews.net.br\/2022\/wp-content\/uploads\/2024\/05\/WhatsApp-Image-2024-05-14-at-17.56.17.jpeg","width":1600,"height":1067},{"@type":"BreadcrumbList","@id":"https:\/\/regiaonews.net.br\/2022\/2024\/05\/14\/maio-laranja-prevencao-contra-abuso-e-exploracao-de-criancas-e-tema-de-palestra-realizada-na-unifeb\/#breadcrumb","itemListElement":[{"@type":"ListItem","position":1,"name":"In\u00edcio","item":"https:\/\/regiaonews.net.br\/2022\/"},{"@type":"ListItem","position":2,"name":"Maio laranja: Preven\u00e7\u00e3o contra abuso e explora\u00e7\u00e3o de crian\u00e7as \u00e9 tema de palestra realizada na Unifeb"}]},{"@type":"WebSite","@id":"https:\/\/regiaonews.net.br\/2022\/#website","url":"https:\/\/regiaonews.net.br\/2022\/","name":"Regi\u00e3o News","description":"Site de Not\u00edcias de Barretos e regi\u00e3o","publisher":{"@id":"https:\/\/regiaonews.net.br\/2022\/#organization"},"potentialAction":[{"@type":"SearchAction","target":{"@type":"EntryPoint","urlTemplate":"https:\/\/regiaonews.net.br\/2022\/?s={search_term_string}"},"query-input":{"@type":"PropertyValueSpecification","valueRequired":true,"valueName":"search_term_string"}}],"inLanguage":"pt-BR"},{"@type":"Organization","@id":"https:\/\/regiaonews.net.br\/2022\/#organization","name":"Regi\u00e3o News","url":"https:\/\/regiaonews.net.br\/2022\/","logo":{"@type":"ImageObject","inLanguage":"pt-BR","@id":"https:\/\/regiaonews.net.br\/2022\/#\/schema\/logo\/image\/","url":"https:\/\/regiaonews.net.br\/2022\/wp-content\/uploads\/2026\/03\/regiao-13-anos-scaled.jpg","contentUrl":"https:\/\/regiaonews.net.br\/2022\/wp-content\/uploads\/2026\/03\/regiao-13-anos-scaled.jpg","width":2560,"height":635,"caption":"Regi\u00e3o News"},"image":{"@id":"https:\/\/regiaonews.net.br\/2022\/#\/schema\/logo\/image\/"}},{"@type":"Person","@id":"https:\/\/regiaonews.net.br\/2022\/#\/schema\/person\/2d205a608a5aa97ac279d7a5e6d89ad8","name":"Roberto","image":{"@type":"ImageObject","inLanguage":"pt-BR","@id":"https:\/\/secure.gravatar.com\/avatar\/42749d8b712ff9d59ca93dc150494e5b55a44134482993f5baeb97e61b7ecc89?s=96&d=mm&r=g","url":"https:\/\/secure.gravatar.com\/avatar\/42749d8b712ff9d59ca93dc150494e5b55a44134482993f5baeb97e61b7ecc89?s=96&d=mm&r=g","contentUrl":"https:\/\/secure.gravatar.com\/avatar\/42749d8b712ff9d59ca93dc150494e5b55a44134482993f5baeb97e61b7ecc89?s=96&d=mm&r=g","caption":"Roberto"},"url":"https:\/\/regiaonews.net.br\/2022\/author\/roberto\/"}]}},"publishpress_future_action":{"enabled":false,"date":"2026-05-03 18:44:30","action":"change-status","newStatus":"draft","terms":[],"taxonomy":"category","extraData":[]},"publishpress_future_workflow_manual_trigger":{"enabledWorkflows":[]},"_links":{"self":[{"href":"https:\/\/regiaonews.net.br\/2022\/wp-json\/wp\/v2\/posts\/104961","targetHints":{"allow":["GET"]}}],"collection":[{"href":"https:\/\/regiaonews.net.br\/2022\/wp-json\/wp\/v2\/posts"}],"about":[{"href":"https:\/\/regiaonews.net.br\/2022\/wp-json\/wp\/v2\/types\/post"}],"author":[{"embeddable":true,"href":"https:\/\/regiaonews.net.br\/2022\/wp-json\/wp\/v2\/users\/2"}],"replies":[{"embeddable":true,"href":"https:\/\/regiaonews.net.br\/2022\/wp-json\/wp\/v2\/comments?post=104961"}],"version-history":[{"count":1,"href":"https:\/\/regiaonews.net.br\/2022\/wp-json\/wp\/v2\/posts\/104961\/revisions"}],"predecessor-version":[{"id":104963,"href":"https:\/\/regiaonews.net.br\/2022\/wp-json\/wp\/v2\/posts\/104961\/revisions\/104963"}],"wp:featuredmedia":[{"embeddable":true,"href":"https:\/\/regiaonews.net.br\/2022\/wp-json\/wp\/v2\/media\/104962"}],"wp:attachment":[{"href":"https:\/\/regiaonews.net.br\/2022\/wp-json\/wp\/v2\/media?parent=104961"}],"wp:term":[{"taxonomy":"category","embeddable":true,"href":"https:\/\/regiaonews.net.br\/2022\/wp-json\/wp\/v2\/categories?post=104961"},{"taxonomy":"post_tag","embeddable":true,"href":"https:\/\/regiaonews.net.br\/2022\/wp-json\/wp\/v2\/tags?post=104961"}],"curies":[{"name":"wp","href":"https:\/\/api.w.org\/{rel}","templated":true}]}}