{"id":104952,"date":"2024-05-14T16:43:57","date_gmt":"2024-05-14T19:43:57","guid":{"rendered":"https:\/\/regiaonews.net.br\/2022\/?p=104952"},"modified":"2024-05-14T16:43:57","modified_gmt":"2024-05-14T19:43:57","slug":"confira-os-resultados-da-sessao-ordinaria-realizada-nesta-segunda-feira-13-de-maio-2","status":"publish","type":"post","link":"https:\/\/regiaonews.net.br\/2022\/2024\/05\/14\/confira-os-resultados-da-sessao-ordinaria-realizada-nesta-segunda-feira-13-de-maio-2\/","title":{"rendered":"Confira os resultados da Sess\u00e3o Ordin\u00e1ria realizada nesta segunda-feira, 13 de maio"},"content":{"rendered":"<h3 class=\"mb-4\">Ao todo, 13 mat\u00e9rias foram votadas pelos vereadores. Sess\u00e3o teve transmiss\u00e3o ao vivo pela TV C\u00e2mara no canal 31.3, Facebook e Youtube<\/h3>\n<p>A\u00a0C\u00e2mara de Barretos realizou na segunda-feira\u00a0<strong>(13\/maio),\u00a0<\/strong>a\u00a0<strong>14\u00aa Sess\u00e3o Ordin\u00e1ria de 2024.<\/strong><strong>\u00a0<\/strong>\u00a0Ao todo\u00a0\u00a0<strong>13 mat\u00e9rias\u00a0<\/strong>foram\u00a0discutidas e votadas\u00a0pelos vereadores:\u00a0<strong>07<\/strong>\u00a0<strong>Projetos de Lei,\u00a0 01 Projeto de Lei Complementar, 03 Pareceres da Comiss\u00e3o de Justi\u00e7a e Reda\u00e7\u00e3o,\u00a0\u00a001 Projeto\u00a0de Decreto Legislativo\u00a0 e 01 Projeto de Resolu\u00e7\u00e3o.<\/strong><\/p>\n<p>Os vereadores apresentaram 54 Requerimentos e 02 Indica\u00e7\u00f5es para a Sess\u00e3o.<\/p>\n<p>De forma resumida:<\/p>\n<p>&nbsp;<\/p>\n<p><strong>Os assuntos APROVADOS foram:<\/strong><\/p>\n<ul>\n<li>Inclui o &#8220;Arrai\u00e1 de S\u00e3o Jos\u00e9&#8221; no calend\u00e1rio oficial de eventos do Munic\u00edpio;<\/li>\n<\/ul>\n<ul>\n<li>T\u00edtulo de Cidad\u00e3o Honor\u00e1rio de Barretos a Quirino dos Reis Silveira;<\/li>\n<\/ul>\n<ul>\n<li>Abertura de Cr\u00e9dito Adicional Suplementar: R$ 74,1 mil para execu\u00e7\u00e3o das a\u00e7\u00f5es de vigil\u00e2ncia sanit\u00e1ria;<\/li>\n<\/ul>\n<ul>\n<li>Abertura de Cr\u00e9dito Adicional Suplementar: R$ 2,6 milh\u00f5es para a Santa Casa de Miseric\u00f3rdia de Barretos;<\/li>\n<\/ul>\n<ul>\n<li>Abertura de Cr\u00e9dito Adicional Especial: R$ 73,1 mil para a Santa Casa de Miseric\u00f3rdia de Barretos;<\/li>\n<\/ul>\n<ul>\n<li><strong>\u00a0Parecer pela Inconstitucionalidade ao Projeto de Lei\u00a0<\/strong>que prev\u00ea vale-refei\u00e7\u00e3o aos servidores p\u00fablicos municipais.\u00a0<strong>Com a aprova\u00e7\u00e3o do parecer, o Projeto \u00e9\u00a0ARQUIVADO.<\/strong><\/li>\n<\/ul>\n<p>&nbsp;<\/p>\n<p><strong>Os assuntos COM PEDIDO DE VISTA e que voltar\u00e3o a ser discutidos na pr\u00f3xima Sess\u00e3o\u00a0 foram:<\/strong><\/p>\n<p>&nbsp;<\/p>\n<ul>\n<li>ALTERA\u00c7\u00c3O NO PLANO DE CARREIRAS DO MAGIST\u00c9RIO: adequa\u00e7\u00f5es nas carreiras da classe de suporte pedag\u00f3gico;<\/li>\n<\/ul>\n<ul>\n<li>Altera\u00e7\u00e3o de nome da &#8220;Avenida I-3&#8221; para\u00a0 &#8220;Avenida I-3 &#8211; Francisco Gon\u00e7alves da Silva&#8221;\u00a0 no bairro Distrito Industrial I;<\/li>\n<\/ul>\n<ul>\n<li>\u00a0Altera\u00e7\u00e3o de nome da &#8220;Rua I-4&#8221; para\u00a0 &#8220;Rua I-4 Roberto Toshio Kaneda&#8221;\u00a0 no bairro Distrito Industrial I;<\/li>\n<\/ul>\n<ul>\n<li>Institui\u00e7\u00e3o\u00a0 da &#8220;Tribuna Livre Popular&#8221; na C\u00e2mara;<\/li>\n<\/ul>\n<p>&nbsp;<\/p>\n<p><strong>Os assuntos COM PEDIDO DE ADIAMENTO\u00a0 foram:<\/strong><\/p>\n<ul>\n<li>Parecer da Comiss\u00e3o de Justi\u00e7a e Reda\u00e7\u00e3o pela Ilegalidade ao Projeto de Lei que Cria o programa \u201cCidade Vigilante\u201d [ 60 dias]<\/li>\n<\/ul>\n<ul>\n<li>\u00a0Parecer pela Inconstitucionalidade ao Projeto de Lei que transforma a Avenida 43 em roteiro tur\u00edstico, bem como a libera para turistas e vendedores ambulantes no m\u00eas de agosto; [ 100 dias]<\/li>\n<\/ul>\n<ul>\n<li>Cria\u00e7\u00e3o do \u201cDia do Mission\u00e1rio Evang\u00e9lico\u201d a ser comemorado em 29 de julho; [ 30 dias]<\/li>\n<\/ul>\n","protected":false},"excerpt":{"rendered":"<p>Ao todo, 13 mat\u00e9rias foram votadas pelos vereadores. Sess\u00e3o teve<\/p>\n","protected":false},"author":2,"featured_media":104953,"comment_status":"open","ping_status":"open","sticky":false,"template":"","format":"standard","meta":{"footnotes":""},"categories":[14,22],"tags":[],"class_list":["post-104952","post","type-post","status-publish","format-standard","has-post-thumbnail","hentry","category-barretos","category-politica"],"yoast_head":"<!-- This site is optimized with the Yoast SEO plugin v27.4 - https:\/\/yoast.com\/product\/yoast-seo-wordpress\/ -->\n<title>Confira os resultados da Sess\u00e3o Ordin\u00e1ria realizada nesta segunda-feira, 13 de maio - Regi\u00e3o News<\/title>\n<meta name=\"robots\" content=\"index, follow, max-snippet:-1, max-image-preview:large, max-video-preview:-1\" \/>\n<link rel=\"canonical\" href=\"https:\/\/regiaonews.net.br\/2022\/2024\/05\/14\/confira-os-resultados-da-sessao-ordinaria-realizada-nesta-segunda-feira-13-de-maio-2\/\" \/>\n<meta property=\"og:locale\" content=\"pt_BR\" \/>\n<meta property=\"og:type\" content=\"article\" \/>\n<meta property=\"og:title\" content=\"Confira os resultados da Sess\u00e3o Ordin\u00e1ria realizada nesta segunda-feira, 13 de maio - Regi\u00e3o News\" \/>\n<meta property=\"og:description\" content=\"Ao todo, 13 mat\u00e9rias foram votadas pelos vereadores. Sess\u00e3o teve\" \/>\n<meta property=\"og:url\" content=\"https:\/\/regiaonews.net.br\/2022\/2024\/05\/14\/confira-os-resultados-da-sessao-ordinaria-realizada-nesta-segunda-feira-13-de-maio-2\/\" \/>\n<meta property=\"og:site_name\" content=\"Regi\u00e3o News\" \/>\n<meta property=\"article:published_time\" content=\"2024-05-14T19:43:57+00:00\" \/>\n<meta property=\"og:image\" content=\"https:\/\/regiaonews.net.br\/2022\/wp-content\/uploads\/2024\/05\/alta_17156515406642c3d4874ca.jpg\" \/>\n\t<meta property=\"og:image:width\" content=\"1280\" \/>\n\t<meta property=\"og:image:height\" content=\"848\" \/>\n\t<meta property=\"og:image:type\" content=\"image\/jpeg\" \/>\n<meta name=\"author\" content=\"Roberto\" \/>\n<meta name=\"twitter:card\" content=\"summary_large_image\" \/>\n<meta name=\"twitter:label1\" content=\"Escrito por\" \/>\n\t<meta name=\"twitter:data1\" content=\"Roberto\" \/>\n\t<meta name=\"twitter:label2\" content=\"Est. tempo de leitura\" \/>\n\t<meta name=\"twitter:data2\" content=\"3 minutos\" \/>\n<script type=\"application\/ld+json\" class=\"yoast-schema-graph\">{\"@context\":\"https:\\\/\\\/schema.org\",\"@graph\":[{\"@type\":\"Article\",\"@id\":\"https:\\\/\\\/regiaonews.net.br\\\/2022\\\/2024\\\/05\\\/14\\\/confira-os-resultados-da-sessao-ordinaria-realizada-nesta-segunda-feira-13-de-maio-2\\\/#article\",\"isPartOf\":{\"@id\":\"https:\\\/\\\/regiaonews.net.br\\\/2022\\\/2024\\\/05\\\/14\\\/confira-os-resultados-da-sessao-ordinaria-realizada-nesta-segunda-feira-13-de-maio-2\\\/\"},\"author\":{\"name\":\"Roberto\",\"@id\":\"https:\\\/\\\/regiaonews.net.br\\\/2022\\\/#\\\/schema\\\/person\\\/2d205a608a5aa97ac279d7a5e6d89ad8\"},\"headline\":\"Confira os resultados da Sess\u00e3o Ordin\u00e1ria realizada nesta segunda-feira, 13 de maio\",\"datePublished\":\"2024-05-14T19:43:57+00:00\",\"mainEntityOfPage\":{\"@id\":\"https:\\\/\\\/regiaonews.net.br\\\/2022\\\/2024\\\/05\\\/14\\\/confira-os-resultados-da-sessao-ordinaria-realizada-nesta-segunda-feira-13-de-maio-2\\\/\"},\"wordCount\":381,\"commentCount\":0,\"publisher\":{\"@id\":\"https:\\\/\\\/regiaonews.net.br\\\/2022\\\/#organization\"},\"image\":{\"@id\":\"https:\\\/\\\/regiaonews.net.br\\\/2022\\\/2024\\\/05\\\/14\\\/confira-os-resultados-da-sessao-ordinaria-realizada-nesta-segunda-feira-13-de-maio-2\\\/#primaryimage\"},\"thumbnailUrl\":\"https:\\\/\\\/regiaonews.net.br\\\/2022\\\/wp-content\\\/uploads\\\/2024\\\/05\\\/alta_17156515406642c3d4874ca.jpg\",\"articleSection\":[\"Barretos\",\"Pol\u00edtica\"],\"inLanguage\":\"pt-BR\",\"potentialAction\":[{\"@type\":\"CommentAction\",\"name\":\"Comment\",\"target\":[\"https:\\\/\\\/regiaonews.net.br\\\/2022\\\/2024\\\/05\\\/14\\\/confira-os-resultados-da-sessao-ordinaria-realizada-nesta-segunda-feira-13-de-maio-2\\\/#respond\"]}]},{\"@type\":\"WebPage\",\"@id\":\"https:\\\/\\\/regiaonews.net.br\\\/2022\\\/2024\\\/05\\\/14\\\/confira-os-resultados-da-sessao-ordinaria-realizada-nesta-segunda-feira-13-de-maio-2\\\/\",\"url\":\"https:\\\/\\\/regiaonews.net.br\\\/2022\\\/2024\\\/05\\\/14\\\/confira-os-resultados-da-sessao-ordinaria-realizada-nesta-segunda-feira-13-de-maio-2\\\/\",\"name\":\"Confira os resultados da Sess\u00e3o Ordin\u00e1ria realizada nesta segunda-feira, 13 de maio - Regi\u00e3o News\",\"isPartOf\":{\"@id\":\"https:\\\/\\\/regiaonews.net.br\\\/2022\\\/#website\"},\"primaryImageOfPage\":{\"@id\":\"https:\\\/\\\/regiaonews.net.br\\\/2022\\\/2024\\\/05\\\/14\\\/confira-os-resultados-da-sessao-ordinaria-realizada-nesta-segunda-feira-13-de-maio-2\\\/#primaryimage\"},\"image\":{\"@id\":\"https:\\\/\\\/regiaonews.net.br\\\/2022\\\/2024\\\/05\\\/14\\\/confira-os-resultados-da-sessao-ordinaria-realizada-nesta-segunda-feira-13-de-maio-2\\\/#primaryimage\"},\"thumbnailUrl\":\"https:\\\/\\\/regiaonews.net.br\\\/2022\\\/wp-content\\\/uploads\\\/2024\\\/05\\\/alta_17156515406642c3d4874ca.jpg\",\"datePublished\":\"2024-05-14T19:43:57+00:00\",\"breadcrumb\":{\"@id\":\"https:\\\/\\\/regiaonews.net.br\\\/2022\\\/2024\\\/05\\\/14\\\/confira-os-resultados-da-sessao-ordinaria-realizada-nesta-segunda-feira-13-de-maio-2\\\/#breadcrumb\"},\"inLanguage\":\"pt-BR\",\"potentialAction\":[{\"@type\":\"ReadAction\",\"target\":[\"https:\\\/\\\/regiaonews.net.br\\\/2022\\\/2024\\\/05\\\/14\\\/confira-os-resultados-da-sessao-ordinaria-realizada-nesta-segunda-feira-13-de-maio-2\\\/\"]}]},{\"@type\":\"ImageObject\",\"inLanguage\":\"pt-BR\",\"@id\":\"https:\\\/\\\/regiaonews.net.br\\\/2022\\\/2024\\\/05\\\/14\\\/confira-os-resultados-da-sessao-ordinaria-realizada-nesta-segunda-feira-13-de-maio-2\\\/#primaryimage\",\"url\":\"https:\\\/\\\/regiaonews.net.br\\\/2022\\\/wp-content\\\/uploads\\\/2024\\\/05\\\/alta_17156515406642c3d4874ca.jpg\",\"contentUrl\":\"https:\\\/\\\/regiaonews.net.br\\\/2022\\\/wp-content\\\/uploads\\\/2024\\\/05\\\/alta_17156515406642c3d4874ca.jpg\",\"width\":1280,\"height\":848},{\"@type\":\"BreadcrumbList\",\"@id\":\"https:\\\/\\\/regiaonews.net.br\\\/2022\\\/2024\\\/05\\\/14\\\/confira-os-resultados-da-sessao-ordinaria-realizada-nesta-segunda-feira-13-de-maio-2\\\/#breadcrumb\",\"itemListElement\":[{\"@type\":\"ListItem\",\"position\":1,\"name\":\"In\u00edcio\",\"item\":\"https:\\\/\\\/regiaonews.net.br\\\/2022\\\/\"},{\"@type\":\"ListItem\",\"position\":2,\"name\":\"Confira os resultados da Sess\u00e3o Ordin\u00e1ria realizada nesta segunda-feira, 13 de maio\"}]},{\"@type\":\"WebSite\",\"@id\":\"https:\\\/\\\/regiaonews.net.br\\\/2022\\\/#website\",\"url\":\"https:\\\/\\\/regiaonews.net.br\\\/2022\\\/\",\"name\":\"Regi\u00e3o News\",\"description\":\"Site de Not\u00edcias de Barretos e regi\u00e3o\",\"publisher\":{\"@id\":\"https:\\\/\\\/regiaonews.net.br\\\/2022\\\/#organization\"},\"potentialAction\":[{\"@type\":\"SearchAction\",\"target\":{\"@type\":\"EntryPoint\",\"urlTemplate\":\"https:\\\/\\\/regiaonews.net.br\\\/2022\\\/?s={search_term_string}\"},\"query-input\":{\"@type\":\"PropertyValueSpecification\",\"valueRequired\":true,\"valueName\":\"search_term_string\"}}],\"inLanguage\":\"pt-BR\"},{\"@type\":\"Organization\",\"@id\":\"https:\\\/\\\/regiaonews.net.br\\\/2022\\\/#organization\",\"name\":\"Regi\u00e3o News\",\"url\":\"https:\\\/\\\/regiaonews.net.br\\\/2022\\\/\",\"logo\":{\"@type\":\"ImageObject\",\"inLanguage\":\"pt-BR\",\"@id\":\"https:\\\/\\\/regiaonews.net.br\\\/2022\\\/#\\\/schema\\\/logo\\\/image\\\/\",\"url\":\"https:\\\/\\\/regiaonews.net.br\\\/2022\\\/wp-content\\\/uploads\\\/2026\\\/03\\\/regiao-13-anos-scaled.jpg\",\"contentUrl\":\"https:\\\/\\\/regiaonews.net.br\\\/2022\\\/wp-content\\\/uploads\\\/2026\\\/03\\\/regiao-13-anos-scaled.jpg\",\"width\":2560,\"height\":635,\"caption\":\"Regi\u00e3o News\"},\"image\":{\"@id\":\"https:\\\/\\\/regiaonews.net.br\\\/2022\\\/#\\\/schema\\\/logo\\\/image\\\/\"}},{\"@type\":\"Person\",\"@id\":\"https:\\\/\\\/regiaonews.net.br\\\/2022\\\/#\\\/schema\\\/person\\\/2d205a608a5aa97ac279d7a5e6d89ad8\",\"name\":\"Roberto\",\"image\":{\"@type\":\"ImageObject\",\"inLanguage\":\"pt-BR\",\"@id\":\"https:\\\/\\\/secure.gravatar.com\\\/avatar\\\/42749d8b712ff9d59ca93dc150494e5b55a44134482993f5baeb97e61b7ecc89?s=96&d=mm&r=g\",\"url\":\"https:\\\/\\\/secure.gravatar.com\\\/avatar\\\/42749d8b712ff9d59ca93dc150494e5b55a44134482993f5baeb97e61b7ecc89?s=96&d=mm&r=g\",\"contentUrl\":\"https:\\\/\\\/secure.gravatar.com\\\/avatar\\\/42749d8b712ff9d59ca93dc150494e5b55a44134482993f5baeb97e61b7ecc89?s=96&d=mm&r=g\",\"caption\":\"Roberto\"},\"url\":\"https:\\\/\\\/regiaonews.net.br\\\/2022\\\/author\\\/roberto\\\/\"}]}<\/script>\n<!-- \/ Yoast SEO plugin. -->","yoast_head_json":{"title":"Confira os resultados da Sess\u00e3o Ordin\u00e1ria realizada nesta segunda-feira, 13 de maio - Regi\u00e3o News","robots":{"index":"index","follow":"follow","max-snippet":"max-snippet:-1","max-image-preview":"max-image-preview:large","max-video-preview":"max-video-preview:-1"},"canonical":"https:\/\/regiaonews.net.br\/2022\/2024\/05\/14\/confira-os-resultados-da-sessao-ordinaria-realizada-nesta-segunda-feira-13-de-maio-2\/","og_locale":"pt_BR","og_type":"article","og_title":"Confira os resultados da Sess\u00e3o Ordin\u00e1ria realizada nesta segunda-feira, 13 de maio - Regi\u00e3o News","og_description":"Ao todo, 13 mat\u00e9rias foram votadas pelos vereadores. Sess\u00e3o teve","og_url":"https:\/\/regiaonews.net.br\/2022\/2024\/05\/14\/confira-os-resultados-da-sessao-ordinaria-realizada-nesta-segunda-feira-13-de-maio-2\/","og_site_name":"Regi\u00e3o News","article_published_time":"2024-05-14T19:43:57+00:00","og_image":[{"width":1280,"height":848,"url":"https:\/\/regiaonews.net.br\/2022\/wp-content\/uploads\/2024\/05\/alta_17156515406642c3d4874ca.jpg","type":"image\/jpeg"}],"author":"Roberto","twitter_card":"summary_large_image","twitter_misc":{"Escrito por":"Roberto","Est. tempo de leitura":"3 minutos"},"schema":{"@context":"https:\/\/schema.org","@graph":[{"@type":"Article","@id":"https:\/\/regiaonews.net.br\/2022\/2024\/05\/14\/confira-os-resultados-da-sessao-ordinaria-realizada-nesta-segunda-feira-13-de-maio-2\/#article","isPartOf":{"@id":"https:\/\/regiaonews.net.br\/2022\/2024\/05\/14\/confira-os-resultados-da-sessao-ordinaria-realizada-nesta-segunda-feira-13-de-maio-2\/"},"author":{"name":"Roberto","@id":"https:\/\/regiaonews.net.br\/2022\/#\/schema\/person\/2d205a608a5aa97ac279d7a5e6d89ad8"},"headline":"Confira os resultados da Sess\u00e3o Ordin\u00e1ria realizada nesta segunda-feira, 13 de maio","datePublished":"2024-05-14T19:43:57+00:00","mainEntityOfPage":{"@id":"https:\/\/regiaonews.net.br\/2022\/2024\/05\/14\/confira-os-resultados-da-sessao-ordinaria-realizada-nesta-segunda-feira-13-de-maio-2\/"},"wordCount":381,"commentCount":0,"publisher":{"@id":"https:\/\/regiaonews.net.br\/2022\/#organization"},"image":{"@id":"https:\/\/regiaonews.net.br\/2022\/2024\/05\/14\/confira-os-resultados-da-sessao-ordinaria-realizada-nesta-segunda-feira-13-de-maio-2\/#primaryimage"},"thumbnailUrl":"https:\/\/regiaonews.net.br\/2022\/wp-content\/uploads\/2024\/05\/alta_17156515406642c3d4874ca.jpg","articleSection":["Barretos","Pol\u00edtica"],"inLanguage":"pt-BR","potentialAction":[{"@type":"CommentAction","name":"Comment","target":["https:\/\/regiaonews.net.br\/2022\/2024\/05\/14\/confira-os-resultados-da-sessao-ordinaria-realizada-nesta-segunda-feira-13-de-maio-2\/#respond"]}]},{"@type":"WebPage","@id":"https:\/\/regiaonews.net.br\/2022\/2024\/05\/14\/confira-os-resultados-da-sessao-ordinaria-realizada-nesta-segunda-feira-13-de-maio-2\/","url":"https:\/\/regiaonews.net.br\/2022\/2024\/05\/14\/confira-os-resultados-da-sessao-ordinaria-realizada-nesta-segunda-feira-13-de-maio-2\/","name":"Confira os resultados da Sess\u00e3o Ordin\u00e1ria realizada nesta segunda-feira, 13 de maio - Regi\u00e3o News","isPartOf":{"@id":"https:\/\/regiaonews.net.br\/2022\/#website"},"primaryImageOfPage":{"@id":"https:\/\/regiaonews.net.br\/2022\/2024\/05\/14\/confira-os-resultados-da-sessao-ordinaria-realizada-nesta-segunda-feira-13-de-maio-2\/#primaryimage"},"image":{"@id":"https:\/\/regiaonews.net.br\/2022\/2024\/05\/14\/confira-os-resultados-da-sessao-ordinaria-realizada-nesta-segunda-feira-13-de-maio-2\/#primaryimage"},"thumbnailUrl":"https:\/\/regiaonews.net.br\/2022\/wp-content\/uploads\/2024\/05\/alta_17156515406642c3d4874ca.jpg","datePublished":"2024-05-14T19:43:57+00:00","breadcrumb":{"@id":"https:\/\/regiaonews.net.br\/2022\/2024\/05\/14\/confira-os-resultados-da-sessao-ordinaria-realizada-nesta-segunda-feira-13-de-maio-2\/#breadcrumb"},"inLanguage":"pt-BR","potentialAction":[{"@type":"ReadAction","target":["https:\/\/regiaonews.net.br\/2022\/2024\/05\/14\/confira-os-resultados-da-sessao-ordinaria-realizada-nesta-segunda-feira-13-de-maio-2\/"]}]},{"@type":"ImageObject","inLanguage":"pt-BR","@id":"https:\/\/regiaonews.net.br\/2022\/2024\/05\/14\/confira-os-resultados-da-sessao-ordinaria-realizada-nesta-segunda-feira-13-de-maio-2\/#primaryimage","url":"https:\/\/regiaonews.net.br\/2022\/wp-content\/uploads\/2024\/05\/alta_17156515406642c3d4874ca.jpg","contentUrl":"https:\/\/regiaonews.net.br\/2022\/wp-content\/uploads\/2024\/05\/alta_17156515406642c3d4874ca.jpg","width":1280,"height":848},{"@type":"BreadcrumbList","@id":"https:\/\/regiaonews.net.br\/2022\/2024\/05\/14\/confira-os-resultados-da-sessao-ordinaria-realizada-nesta-segunda-feira-13-de-maio-2\/#breadcrumb","itemListElement":[{"@type":"ListItem","position":1,"name":"In\u00edcio","item":"https:\/\/regiaonews.net.br\/2022\/"},{"@type":"ListItem","position":2,"name":"Confira os resultados da Sess\u00e3o Ordin\u00e1ria realizada nesta segunda-feira, 13 de maio"}]},{"@type":"WebSite","@id":"https:\/\/regiaonews.net.br\/2022\/#website","url":"https:\/\/regiaonews.net.br\/2022\/","name":"Regi\u00e3o News","description":"Site de Not\u00edcias de Barretos e regi\u00e3o","publisher":{"@id":"https:\/\/regiaonews.net.br\/2022\/#organization"},"potentialAction":[{"@type":"SearchAction","target":{"@type":"EntryPoint","urlTemplate":"https:\/\/regiaonews.net.br\/2022\/?s={search_term_string}"},"query-input":{"@type":"PropertyValueSpecification","valueRequired":true,"valueName":"search_term_string"}}],"inLanguage":"pt-BR"},{"@type":"Organization","@id":"https:\/\/regiaonews.net.br\/2022\/#organization","name":"Regi\u00e3o News","url":"https:\/\/regiaonews.net.br\/2022\/","logo":{"@type":"ImageObject","inLanguage":"pt-BR","@id":"https:\/\/regiaonews.net.br\/2022\/#\/schema\/logo\/image\/","url":"https:\/\/regiaonews.net.br\/2022\/wp-content\/uploads\/2026\/03\/regiao-13-anos-scaled.jpg","contentUrl":"https:\/\/regiaonews.net.br\/2022\/wp-content\/uploads\/2026\/03\/regiao-13-anos-scaled.jpg","width":2560,"height":635,"caption":"Regi\u00e3o News"},"image":{"@id":"https:\/\/regiaonews.net.br\/2022\/#\/schema\/logo\/image\/"}},{"@type":"Person","@id":"https:\/\/regiaonews.net.br\/2022\/#\/schema\/person\/2d205a608a5aa97ac279d7a5e6d89ad8","name":"Roberto","image":{"@type":"ImageObject","inLanguage":"pt-BR","@id":"https:\/\/secure.gravatar.com\/avatar\/42749d8b712ff9d59ca93dc150494e5b55a44134482993f5baeb97e61b7ecc89?s=96&d=mm&r=g","url":"https:\/\/secure.gravatar.com\/avatar\/42749d8b712ff9d59ca93dc150494e5b55a44134482993f5baeb97e61b7ecc89?s=96&d=mm&r=g","contentUrl":"https:\/\/secure.gravatar.com\/avatar\/42749d8b712ff9d59ca93dc150494e5b55a44134482993f5baeb97e61b7ecc89?s=96&d=mm&r=g","caption":"Roberto"},"url":"https:\/\/regiaonews.net.br\/2022\/author\/roberto\/"}]}},"publishpress_future_action":{"enabled":false,"date":"2026-05-03 18:58:14","action":"change-status","newStatus":"draft","terms":[],"taxonomy":"category","extraData":[]},"publishpress_future_workflow_manual_trigger":{"enabledWorkflows":[]},"_links":{"self":[{"href":"https:\/\/regiaonews.net.br\/2022\/wp-json\/wp\/v2\/posts\/104952","targetHints":{"allow":["GET"]}}],"collection":[{"href":"https:\/\/regiaonews.net.br\/2022\/wp-json\/wp\/v2\/posts"}],"about":[{"href":"https:\/\/regiaonews.net.br\/2022\/wp-json\/wp\/v2\/types\/post"}],"author":[{"embeddable":true,"href":"https:\/\/regiaonews.net.br\/2022\/wp-json\/wp\/v2\/users\/2"}],"replies":[{"embeddable":true,"href":"https:\/\/regiaonews.net.br\/2022\/wp-json\/wp\/v2\/comments?post=104952"}],"version-history":[{"count":1,"href":"https:\/\/regiaonews.net.br\/2022\/wp-json\/wp\/v2\/posts\/104952\/revisions"}],"predecessor-version":[{"id":104954,"href":"https:\/\/regiaonews.net.br\/2022\/wp-json\/wp\/v2\/posts\/104952\/revisions\/104954"}],"wp:featuredmedia":[{"embeddable":true,"href":"https:\/\/regiaonews.net.br\/2022\/wp-json\/wp\/v2\/media\/104953"}],"wp:attachment":[{"href":"https:\/\/regiaonews.net.br\/2022\/wp-json\/wp\/v2\/media?parent=104952"}],"wp:term":[{"taxonomy":"category","embeddable":true,"href":"https:\/\/regiaonews.net.br\/2022\/wp-json\/wp\/v2\/categories?post=104952"},{"taxonomy":"post_tag","embeddable":true,"href":"https:\/\/regiaonews.net.br\/2022\/wp-json\/wp\/v2\/tags?post=104952"}],"curies":[{"name":"wp","href":"https:\/\/api.w.org\/{rel}","templated":true}]}}