{"id":104924,"date":"2024-05-14T10:29:12","date_gmt":"2024-05-14T13:29:12","guid":{"rendered":"https:\/\/regiaonews.net.br\/2022\/?p=104924"},"modified":"2024-05-14T10:29:45","modified_gmt":"2024-05-14T13:29:45","slug":"prefeitura-inaugura-quadra-poliesportiva-da-e-m-prof-dorotovio-do-nascimento-filho","status":"publish","type":"post","link":"https:\/\/regiaonews.net.br\/2022\/2024\/05\/14\/prefeitura-inaugura-quadra-poliesportiva-da-e-m-prof-dorotovio-do-nascimento-filho\/","title":{"rendered":"Prefeitura inaugura quadra poliesportiva da E.M. Prof. Dorot\u00f3vio do Nascimento Filho"},"content":{"rendered":"<p>&nbsp;<\/p>\n<p>Foi em clima de festa que a comunidade escolar do bairro Zequinha Am\u00eandola, o Barretos II, comemorou na manh\u00e3 do \u00faltimo s\u00e1bado, dia 11 de maio, a inaugura\u00e7\u00e3o da quadra poliesportiva da Escola Municipal Prof. Dorot\u00f3vio do Nascimento Filho, o Dorotovinho, pela Prefeitura de Barretos.<br \/>\n\u201cEssa obra \u00e9 para garantir a seguran\u00e7a de todas as crian\u00e7as, que n\u00e3o v\u00e3o precisar mais atravessar a rua e ter\u00e3o um espa\u00e7o adequado para fazer as aulas de educa\u00e7\u00e3o f\u00edsica. N\u00f3s somos a segunda cidade do Brasil em Acesso \u00e0 Educa\u00e7\u00e3o, porque a gente investe e assim vamos construindo um futuro melhor\u201d, disse a Prefeita Paula Lemos.<br \/>\nCom a inaugura\u00e7\u00e3o da quadra coberta, 308 alunos do 4\u00b0 e 5\u00b0 ano do Ensino Fundamental I ser\u00e3o beneficiados.<br \/>\n\u201cEssa quadra \u00e9 para a nossa comunidade, para a nossa escola e para voc\u00eas alunos. Eu dei aula muito tempo aqui, no sol, e eu sei o quanto vai ser ben\u00e9fico para n\u00f3s\u201d, afirmou o vereador Raphael Silv\u00e9rio, respons\u00e1vel pela conquista de parte do recurso junto ao Governo do Estado.<br \/>\nA diretora Alessandra Hoft Puga comemorou a conquista e afirmou que o novo equipamento tamb\u00e9m impactar\u00e1 os alunos da E.M. Prof. Doroth\u00f3vio do Nascimento, que fica em frente \u00e0 quadra. \u201cComo s\u00e3o muitos alunos, nas aulas de educa\u00e7\u00e3o f\u00edsica as crian\u00e7as do Doroth\u00f3vio dividiam a quadra com o Dorotovinho. Portanto, a quadra beneficiou todas as crian\u00e7as\u201d, disse. As duas Unidades Escolares, juntas, contam com quase 850 alunos matriculados.<br \/>\nM\u00e3e do aluno Lucas, a servidora Juliana de Souza Lopes tamb\u00e9m ficou feliz com a nova quadra. \u201cMeu filho est\u00e1 adorando. Olha que linda ficou. \u00c9 uma ben\u00e7\u00e3o para as crian\u00e7as, que n\u00e3o v\u00e3o ter que ficar atravessando a rua para fazer educa\u00e7\u00e3o f\u00edsica na outra quadra\u201d, disse.<br \/>\nO investimento no local \u00e9 de R$660.826,17, sendo R$500.000,00 provenientes da Secretaria de Governo e Rela\u00e7\u00f5es Institucionais, mais contrapartida municipal de R$ 160.826,17.<\/p>\n<p>Festa da Fam\u00edlia<br \/>\nAp\u00f3s a solenidade de inaugura\u00e7\u00e3o, os presentes foram convidados a participarem da Festa da Fam\u00edlia, onde foram promovidas apresenta\u00e7\u00f5es musicais, inclusive com a Orquestra Sinf\u00f4nica Municipal de Barretos, Feira de Ci\u00eancias, \u201cQuiz\u201d com a Prefeita Paula Lemos, vacina\u00e7\u00e3o e diversas outras atividades.<\/p>\n<p><a href=\"https:\/\/regiaonews.net.br\/2022\/wp-content\/uploads\/2024\/05\/WhatsApp-Image-2024-05-13-at-17.34.53.jpeg\"><img loading=\"lazy\" decoding=\"async\" class=\"alignnone size-medium wp-image-104926\" src=\"https:\/\/regiaonews.net.br\/2022\/wp-content\/uploads\/2024\/05\/WhatsApp-Image-2024-05-13-at-17.34.53-300x195.jpeg\" alt=\"\" width=\"300\" height=\"195\" srcset=\"https:\/\/regiaonews.net.br\/2022\/wp-content\/uploads\/2024\/05\/WhatsApp-Image-2024-05-13-at-17.34.53-300x195.jpeg 300w, https:\/\/regiaonews.net.br\/2022\/wp-content\/uploads\/2024\/05\/WhatsApp-Image-2024-05-13-at-17.34.53-1024x666.jpeg 1024w, https:\/\/regiaonews.net.br\/2022\/wp-content\/uploads\/2024\/05\/WhatsApp-Image-2024-05-13-at-17.34.53-768x500.jpeg 768w, https:\/\/regiaonews.net.br\/2022\/wp-content\/uploads\/2024\/05\/WhatsApp-Image-2024-05-13-at-17.34.53-1536x999.jpeg 1536w, https:\/\/regiaonews.net.br\/2022\/wp-content\/uploads\/2024\/05\/WhatsApp-Image-2024-05-13-at-17.34.53-250x163.jpeg 250w, https:\/\/regiaonews.net.br\/2022\/wp-content\/uploads\/2024\/05\/WhatsApp-Image-2024-05-13-at-17.34.53-370x241.jpeg 370w, https:\/\/regiaonews.net.br\/2022\/wp-content\/uploads\/2024\/05\/WhatsApp-Image-2024-05-13-at-17.34.53-761x492.jpeg 761w, https:\/\/regiaonews.net.br\/2022\/wp-content\/uploads\/2024\/05\/WhatsApp-Image-2024-05-13-at-17.34.53.jpeg 1600w\" sizes=\"auto, (max-width: 300px) 100vw, 300px\" \/><\/a> <a href=\"https:\/\/regiaonews.net.br\/2022\/wp-content\/uploads\/2024\/05\/WhatsApp-Image-2024-05-13-at-17.34.54.jpeg\"><img loading=\"lazy\" decoding=\"async\" class=\"alignnone size-medium wp-image-104927\" src=\"https:\/\/regiaonews.net.br\/2022\/wp-content\/uploads\/2024\/05\/WhatsApp-Image-2024-05-13-at-17.34.54-300x200.jpeg\" alt=\"\" width=\"300\" height=\"200\" srcset=\"https:\/\/regiaonews.net.br\/2022\/wp-content\/uploads\/2024\/05\/WhatsApp-Image-2024-05-13-at-17.34.54-300x200.jpeg 300w, https:\/\/regiaonews.net.br\/2022\/wp-content\/uploads\/2024\/05\/WhatsApp-Image-2024-05-13-at-17.34.54-1024x684.jpeg 1024w, https:\/\/regiaonews.net.br\/2022\/wp-content\/uploads\/2024\/05\/WhatsApp-Image-2024-05-13-at-17.34.54-768x513.jpeg 768w, https:\/\/regiaonews.net.br\/2022\/wp-content\/uploads\/2024\/05\/WhatsApp-Image-2024-05-13-at-17.34.54-1536x1026.jpeg 1536w, https:\/\/regiaonews.net.br\/2022\/wp-content\/uploads\/2024\/05\/WhatsApp-Image-2024-05-13-at-17.34.54-250x167.jpeg 250w, https:\/\/regiaonews.net.br\/2022\/wp-content\/uploads\/2024\/05\/WhatsApp-Image-2024-05-13-at-17.34.54-900x600.jpeg 900w, https:\/\/regiaonews.net.br\/2022\/wp-content\/uploads\/2024\/05\/WhatsApp-Image-2024-05-13-at-17.34.54.jpeg 1600w\" sizes=\"auto, (max-width: 300px) 100vw, 300px\" \/><\/a><\/p>\n","protected":false},"excerpt":{"rendered":"<p>&nbsp; Foi em clima de festa que a comunidade escolar<\/p>\n","protected":false},"author":2,"featured_media":104925,"comment_status":"open","ping_status":"open","sticky":false,"template":"","format":"standard","meta":{"footnotes":""},"categories":[14,25],"tags":[],"class_list":["post-104924","post","type-post","status-publish","format-standard","has-post-thumbnail","hentry","category-barretos","category-cidades"],"yoast_head":"<!-- This site is optimized with the Yoast SEO plugin v27.4 - https:\/\/yoast.com\/product\/yoast-seo-wordpress\/ -->\n<title>Prefeitura inaugura quadra poliesportiva da E.M. Prof. Dorot\u00f3vio do Nascimento Filho - Regi\u00e3o News<\/title>\n<meta name=\"robots\" content=\"index, follow, max-snippet:-1, max-image-preview:large, max-video-preview:-1\" \/>\n<link rel=\"canonical\" href=\"https:\/\/regiaonews.net.br\/2022\/2024\/05\/14\/prefeitura-inaugura-quadra-poliesportiva-da-e-m-prof-dorotovio-do-nascimento-filho\/\" \/>\n<meta property=\"og:locale\" content=\"pt_BR\" \/>\n<meta property=\"og:type\" content=\"article\" \/>\n<meta property=\"og:title\" content=\"Prefeitura inaugura quadra poliesportiva da E.M. Prof. Dorot\u00f3vio do Nascimento Filho - Regi\u00e3o News\" \/>\n<meta property=\"og:description\" content=\"&nbsp; Foi em clima de festa que a comunidade escolar\" \/>\n<meta property=\"og:url\" content=\"https:\/\/regiaonews.net.br\/2022\/2024\/05\/14\/prefeitura-inaugura-quadra-poliesportiva-da-e-m-prof-dorotovio-do-nascimento-filho\/\" \/>\n<meta property=\"og:site_name\" content=\"Regi\u00e3o News\" \/>\n<meta property=\"article:published_time\" content=\"2024-05-14T13:29:12+00:00\" \/>\n<meta property=\"article:modified_time\" content=\"2024-05-14T13:29:45+00:00\" \/>\n<meta property=\"og:image\" content=\"https:\/\/regiaonews.net.br\/2022\/wp-content\/uploads\/2024\/05\/WhatsApp-Image-2024-05-13-at-17.34.53-1.jpeg\" \/>\n\t<meta property=\"og:image:width\" content=\"1600\" \/>\n\t<meta property=\"og:image:height\" content=\"1069\" \/>\n\t<meta property=\"og:image:type\" content=\"image\/jpeg\" \/>\n<meta name=\"author\" content=\"Roberto\" \/>\n<meta name=\"twitter:card\" content=\"summary_large_image\" \/>\n<meta name=\"twitter:label1\" content=\"Escrito por\" \/>\n\t<meta name=\"twitter:data1\" content=\"Roberto\" \/>\n\t<meta name=\"twitter:label2\" content=\"Est. tempo de leitura\" \/>\n\t<meta name=\"twitter:data2\" content=\"3 minutos\" \/>\n<script type=\"application\/ld+json\" class=\"yoast-schema-graph\">{\"@context\":\"https:\\\/\\\/schema.org\",\"@graph\":[{\"@type\":\"Article\",\"@id\":\"https:\\\/\\\/regiaonews.net.br\\\/2022\\\/2024\\\/05\\\/14\\\/prefeitura-inaugura-quadra-poliesportiva-da-e-m-prof-dorotovio-do-nascimento-filho\\\/#article\",\"isPartOf\":{\"@id\":\"https:\\\/\\\/regiaonews.net.br\\\/2022\\\/2024\\\/05\\\/14\\\/prefeitura-inaugura-quadra-poliesportiva-da-e-m-prof-dorotovio-do-nascimento-filho\\\/\"},\"author\":{\"name\":\"Roberto\",\"@id\":\"https:\\\/\\\/regiaonews.net.br\\\/2022\\\/#\\\/schema\\\/person\\\/2d205a608a5aa97ac279d7a5e6d89ad8\"},\"headline\":\"Prefeitura inaugura quadra poliesportiva da E.M. Prof. Dorot\u00f3vio do Nascimento Filho\",\"datePublished\":\"2024-05-14T13:29:12+00:00\",\"dateModified\":\"2024-05-14T13:29:45+00:00\",\"mainEntityOfPage\":{\"@id\":\"https:\\\/\\\/regiaonews.net.br\\\/2022\\\/2024\\\/05\\\/14\\\/prefeitura-inaugura-quadra-poliesportiva-da-e-m-prof-dorotovio-do-nascimento-filho\\\/\"},\"wordCount\":405,\"commentCount\":0,\"publisher\":{\"@id\":\"https:\\\/\\\/regiaonews.net.br\\\/2022\\\/#organization\"},\"image\":{\"@id\":\"https:\\\/\\\/regiaonews.net.br\\\/2022\\\/2024\\\/05\\\/14\\\/prefeitura-inaugura-quadra-poliesportiva-da-e-m-prof-dorotovio-do-nascimento-filho\\\/#primaryimage\"},\"thumbnailUrl\":\"https:\\\/\\\/regiaonews.net.br\\\/2022\\\/wp-content\\\/uploads\\\/2024\\\/05\\\/WhatsApp-Image-2024-05-13-at-17.34.53-1.jpeg\",\"articleSection\":[\"Barretos\",\"Cidades\"],\"inLanguage\":\"pt-BR\",\"potentialAction\":[{\"@type\":\"CommentAction\",\"name\":\"Comment\",\"target\":[\"https:\\\/\\\/regiaonews.net.br\\\/2022\\\/2024\\\/05\\\/14\\\/prefeitura-inaugura-quadra-poliesportiva-da-e-m-prof-dorotovio-do-nascimento-filho\\\/#respond\"]}]},{\"@type\":\"WebPage\",\"@id\":\"https:\\\/\\\/regiaonews.net.br\\\/2022\\\/2024\\\/05\\\/14\\\/prefeitura-inaugura-quadra-poliesportiva-da-e-m-prof-dorotovio-do-nascimento-filho\\\/\",\"url\":\"https:\\\/\\\/regiaonews.net.br\\\/2022\\\/2024\\\/05\\\/14\\\/prefeitura-inaugura-quadra-poliesportiva-da-e-m-prof-dorotovio-do-nascimento-filho\\\/\",\"name\":\"Prefeitura inaugura quadra poliesportiva da E.M. Prof. Dorot\u00f3vio do Nascimento Filho - Regi\u00e3o News\",\"isPartOf\":{\"@id\":\"https:\\\/\\\/regiaonews.net.br\\\/2022\\\/#website\"},\"primaryImageOfPage\":{\"@id\":\"https:\\\/\\\/regiaonews.net.br\\\/2022\\\/2024\\\/05\\\/14\\\/prefeitura-inaugura-quadra-poliesportiva-da-e-m-prof-dorotovio-do-nascimento-filho\\\/#primaryimage\"},\"image\":{\"@id\":\"https:\\\/\\\/regiaonews.net.br\\\/2022\\\/2024\\\/05\\\/14\\\/prefeitura-inaugura-quadra-poliesportiva-da-e-m-prof-dorotovio-do-nascimento-filho\\\/#primaryimage\"},\"thumbnailUrl\":\"https:\\\/\\\/regiaonews.net.br\\\/2022\\\/wp-content\\\/uploads\\\/2024\\\/05\\\/WhatsApp-Image-2024-05-13-at-17.34.53-1.jpeg\",\"datePublished\":\"2024-05-14T13:29:12+00:00\",\"dateModified\":\"2024-05-14T13:29:45+00:00\",\"breadcrumb\":{\"@id\":\"https:\\\/\\\/regiaonews.net.br\\\/2022\\\/2024\\\/05\\\/14\\\/prefeitura-inaugura-quadra-poliesportiva-da-e-m-prof-dorotovio-do-nascimento-filho\\\/#breadcrumb\"},\"inLanguage\":\"pt-BR\",\"potentialAction\":[{\"@type\":\"ReadAction\",\"target\":[\"https:\\\/\\\/regiaonews.net.br\\\/2022\\\/2024\\\/05\\\/14\\\/prefeitura-inaugura-quadra-poliesportiva-da-e-m-prof-dorotovio-do-nascimento-filho\\\/\"]}]},{\"@type\":\"ImageObject\",\"inLanguage\":\"pt-BR\",\"@id\":\"https:\\\/\\\/regiaonews.net.br\\\/2022\\\/2024\\\/05\\\/14\\\/prefeitura-inaugura-quadra-poliesportiva-da-e-m-prof-dorotovio-do-nascimento-filho\\\/#primaryimage\",\"url\":\"https:\\\/\\\/regiaonews.net.br\\\/2022\\\/wp-content\\\/uploads\\\/2024\\\/05\\\/WhatsApp-Image-2024-05-13-at-17.34.53-1.jpeg\",\"contentUrl\":\"https:\\\/\\\/regiaonews.net.br\\\/2022\\\/wp-content\\\/uploads\\\/2024\\\/05\\\/WhatsApp-Image-2024-05-13-at-17.34.53-1.jpeg\",\"width\":1600,\"height\":1069},{\"@type\":\"BreadcrumbList\",\"@id\":\"https:\\\/\\\/regiaonews.net.br\\\/2022\\\/2024\\\/05\\\/14\\\/prefeitura-inaugura-quadra-poliesportiva-da-e-m-prof-dorotovio-do-nascimento-filho\\\/#breadcrumb\",\"itemListElement\":[{\"@type\":\"ListItem\",\"position\":1,\"name\":\"In\u00edcio\",\"item\":\"https:\\\/\\\/regiaonews.net.br\\\/2022\\\/\"},{\"@type\":\"ListItem\",\"position\":2,\"name\":\"Prefeitura inaugura quadra poliesportiva da E.M. Prof. Dorot\u00f3vio do Nascimento Filho\"}]},{\"@type\":\"WebSite\",\"@id\":\"https:\\\/\\\/regiaonews.net.br\\\/2022\\\/#website\",\"url\":\"https:\\\/\\\/regiaonews.net.br\\\/2022\\\/\",\"name\":\"Regi\u00e3o News\",\"description\":\"Site de Not\u00edcias de Barretos e regi\u00e3o\",\"publisher\":{\"@id\":\"https:\\\/\\\/regiaonews.net.br\\\/2022\\\/#organization\"},\"potentialAction\":[{\"@type\":\"SearchAction\",\"target\":{\"@type\":\"EntryPoint\",\"urlTemplate\":\"https:\\\/\\\/regiaonews.net.br\\\/2022\\\/?s={search_term_string}\"},\"query-input\":{\"@type\":\"PropertyValueSpecification\",\"valueRequired\":true,\"valueName\":\"search_term_string\"}}],\"inLanguage\":\"pt-BR\"},{\"@type\":\"Organization\",\"@id\":\"https:\\\/\\\/regiaonews.net.br\\\/2022\\\/#organization\",\"name\":\"Regi\u00e3o News\",\"url\":\"https:\\\/\\\/regiaonews.net.br\\\/2022\\\/\",\"logo\":{\"@type\":\"ImageObject\",\"inLanguage\":\"pt-BR\",\"@id\":\"https:\\\/\\\/regiaonews.net.br\\\/2022\\\/#\\\/schema\\\/logo\\\/image\\\/\",\"url\":\"https:\\\/\\\/regiaonews.net.br\\\/2022\\\/wp-content\\\/uploads\\\/2026\\\/03\\\/regiao-13-anos-scaled.jpg\",\"contentUrl\":\"https:\\\/\\\/regiaonews.net.br\\\/2022\\\/wp-content\\\/uploads\\\/2026\\\/03\\\/regiao-13-anos-scaled.jpg\",\"width\":2560,\"height\":635,\"caption\":\"Regi\u00e3o News\"},\"image\":{\"@id\":\"https:\\\/\\\/regiaonews.net.br\\\/2022\\\/#\\\/schema\\\/logo\\\/image\\\/\"}},{\"@type\":\"Person\",\"@id\":\"https:\\\/\\\/regiaonews.net.br\\\/2022\\\/#\\\/schema\\\/person\\\/2d205a608a5aa97ac279d7a5e6d89ad8\",\"name\":\"Roberto\",\"image\":{\"@type\":\"ImageObject\",\"inLanguage\":\"pt-BR\",\"@id\":\"https:\\\/\\\/secure.gravatar.com\\\/avatar\\\/42749d8b712ff9d59ca93dc150494e5b55a44134482993f5baeb97e61b7ecc89?s=96&d=mm&r=g\",\"url\":\"https:\\\/\\\/secure.gravatar.com\\\/avatar\\\/42749d8b712ff9d59ca93dc150494e5b55a44134482993f5baeb97e61b7ecc89?s=96&d=mm&r=g\",\"contentUrl\":\"https:\\\/\\\/secure.gravatar.com\\\/avatar\\\/42749d8b712ff9d59ca93dc150494e5b55a44134482993f5baeb97e61b7ecc89?s=96&d=mm&r=g\",\"caption\":\"Roberto\"},\"url\":\"https:\\\/\\\/regiaonews.net.br\\\/2022\\\/author\\\/roberto\\\/\"}]}<\/script>\n<!-- \/ Yoast SEO plugin. -->","yoast_head_json":{"title":"Prefeitura inaugura quadra poliesportiva da E.M. Prof. Dorot\u00f3vio do Nascimento Filho - Regi\u00e3o News","robots":{"index":"index","follow":"follow","max-snippet":"max-snippet:-1","max-image-preview":"max-image-preview:large","max-video-preview":"max-video-preview:-1"},"canonical":"https:\/\/regiaonews.net.br\/2022\/2024\/05\/14\/prefeitura-inaugura-quadra-poliesportiva-da-e-m-prof-dorotovio-do-nascimento-filho\/","og_locale":"pt_BR","og_type":"article","og_title":"Prefeitura inaugura quadra poliesportiva da E.M. Prof. Dorot\u00f3vio do Nascimento Filho - Regi\u00e3o News","og_description":"&nbsp; Foi em clima de festa que a comunidade escolar","og_url":"https:\/\/regiaonews.net.br\/2022\/2024\/05\/14\/prefeitura-inaugura-quadra-poliesportiva-da-e-m-prof-dorotovio-do-nascimento-filho\/","og_site_name":"Regi\u00e3o News","article_published_time":"2024-05-14T13:29:12+00:00","article_modified_time":"2024-05-14T13:29:45+00:00","og_image":[{"width":1600,"height":1069,"url":"https:\/\/regiaonews.net.br\/2022\/wp-content\/uploads\/2024\/05\/WhatsApp-Image-2024-05-13-at-17.34.53-1.jpeg","type":"image\/jpeg"}],"author":"Roberto","twitter_card":"summary_large_image","twitter_misc":{"Escrito por":"Roberto","Est. tempo de leitura":"3 minutos"},"schema":{"@context":"https:\/\/schema.org","@graph":[{"@type":"Article","@id":"https:\/\/regiaonews.net.br\/2022\/2024\/05\/14\/prefeitura-inaugura-quadra-poliesportiva-da-e-m-prof-dorotovio-do-nascimento-filho\/#article","isPartOf":{"@id":"https:\/\/regiaonews.net.br\/2022\/2024\/05\/14\/prefeitura-inaugura-quadra-poliesportiva-da-e-m-prof-dorotovio-do-nascimento-filho\/"},"author":{"name":"Roberto","@id":"https:\/\/regiaonews.net.br\/2022\/#\/schema\/person\/2d205a608a5aa97ac279d7a5e6d89ad8"},"headline":"Prefeitura inaugura quadra poliesportiva da E.M. Prof. Dorot\u00f3vio do Nascimento Filho","datePublished":"2024-05-14T13:29:12+00:00","dateModified":"2024-05-14T13:29:45+00:00","mainEntityOfPage":{"@id":"https:\/\/regiaonews.net.br\/2022\/2024\/05\/14\/prefeitura-inaugura-quadra-poliesportiva-da-e-m-prof-dorotovio-do-nascimento-filho\/"},"wordCount":405,"commentCount":0,"publisher":{"@id":"https:\/\/regiaonews.net.br\/2022\/#organization"},"image":{"@id":"https:\/\/regiaonews.net.br\/2022\/2024\/05\/14\/prefeitura-inaugura-quadra-poliesportiva-da-e-m-prof-dorotovio-do-nascimento-filho\/#primaryimage"},"thumbnailUrl":"https:\/\/regiaonews.net.br\/2022\/wp-content\/uploads\/2024\/05\/WhatsApp-Image-2024-05-13-at-17.34.53-1.jpeg","articleSection":["Barretos","Cidades"],"inLanguage":"pt-BR","potentialAction":[{"@type":"CommentAction","name":"Comment","target":["https:\/\/regiaonews.net.br\/2022\/2024\/05\/14\/prefeitura-inaugura-quadra-poliesportiva-da-e-m-prof-dorotovio-do-nascimento-filho\/#respond"]}]},{"@type":"WebPage","@id":"https:\/\/regiaonews.net.br\/2022\/2024\/05\/14\/prefeitura-inaugura-quadra-poliesportiva-da-e-m-prof-dorotovio-do-nascimento-filho\/","url":"https:\/\/regiaonews.net.br\/2022\/2024\/05\/14\/prefeitura-inaugura-quadra-poliesportiva-da-e-m-prof-dorotovio-do-nascimento-filho\/","name":"Prefeitura inaugura quadra poliesportiva da E.M. Prof. Dorot\u00f3vio do Nascimento Filho - Regi\u00e3o News","isPartOf":{"@id":"https:\/\/regiaonews.net.br\/2022\/#website"},"primaryImageOfPage":{"@id":"https:\/\/regiaonews.net.br\/2022\/2024\/05\/14\/prefeitura-inaugura-quadra-poliesportiva-da-e-m-prof-dorotovio-do-nascimento-filho\/#primaryimage"},"image":{"@id":"https:\/\/regiaonews.net.br\/2022\/2024\/05\/14\/prefeitura-inaugura-quadra-poliesportiva-da-e-m-prof-dorotovio-do-nascimento-filho\/#primaryimage"},"thumbnailUrl":"https:\/\/regiaonews.net.br\/2022\/wp-content\/uploads\/2024\/05\/WhatsApp-Image-2024-05-13-at-17.34.53-1.jpeg","datePublished":"2024-05-14T13:29:12+00:00","dateModified":"2024-05-14T13:29:45+00:00","breadcrumb":{"@id":"https:\/\/regiaonews.net.br\/2022\/2024\/05\/14\/prefeitura-inaugura-quadra-poliesportiva-da-e-m-prof-dorotovio-do-nascimento-filho\/#breadcrumb"},"inLanguage":"pt-BR","potentialAction":[{"@type":"ReadAction","target":["https:\/\/regiaonews.net.br\/2022\/2024\/05\/14\/prefeitura-inaugura-quadra-poliesportiva-da-e-m-prof-dorotovio-do-nascimento-filho\/"]}]},{"@type":"ImageObject","inLanguage":"pt-BR","@id":"https:\/\/regiaonews.net.br\/2022\/2024\/05\/14\/prefeitura-inaugura-quadra-poliesportiva-da-e-m-prof-dorotovio-do-nascimento-filho\/#primaryimage","url":"https:\/\/regiaonews.net.br\/2022\/wp-content\/uploads\/2024\/05\/WhatsApp-Image-2024-05-13-at-17.34.53-1.jpeg","contentUrl":"https:\/\/regiaonews.net.br\/2022\/wp-content\/uploads\/2024\/05\/WhatsApp-Image-2024-05-13-at-17.34.53-1.jpeg","width":1600,"height":1069},{"@type":"BreadcrumbList","@id":"https:\/\/regiaonews.net.br\/2022\/2024\/05\/14\/prefeitura-inaugura-quadra-poliesportiva-da-e-m-prof-dorotovio-do-nascimento-filho\/#breadcrumb","itemListElement":[{"@type":"ListItem","position":1,"name":"In\u00edcio","item":"https:\/\/regiaonews.net.br\/2022\/"},{"@type":"ListItem","position":2,"name":"Prefeitura inaugura quadra poliesportiva da E.M. Prof. Dorot\u00f3vio do Nascimento Filho"}]},{"@type":"WebSite","@id":"https:\/\/regiaonews.net.br\/2022\/#website","url":"https:\/\/regiaonews.net.br\/2022\/","name":"Regi\u00e3o News","description":"Site de Not\u00edcias de Barretos e regi\u00e3o","publisher":{"@id":"https:\/\/regiaonews.net.br\/2022\/#organization"},"potentialAction":[{"@type":"SearchAction","target":{"@type":"EntryPoint","urlTemplate":"https:\/\/regiaonews.net.br\/2022\/?s={search_term_string}"},"query-input":{"@type":"PropertyValueSpecification","valueRequired":true,"valueName":"search_term_string"}}],"inLanguage":"pt-BR"},{"@type":"Organization","@id":"https:\/\/regiaonews.net.br\/2022\/#organization","name":"Regi\u00e3o News","url":"https:\/\/regiaonews.net.br\/2022\/","logo":{"@type":"ImageObject","inLanguage":"pt-BR","@id":"https:\/\/regiaonews.net.br\/2022\/#\/schema\/logo\/image\/","url":"https:\/\/regiaonews.net.br\/2022\/wp-content\/uploads\/2026\/03\/regiao-13-anos-scaled.jpg","contentUrl":"https:\/\/regiaonews.net.br\/2022\/wp-content\/uploads\/2026\/03\/regiao-13-anos-scaled.jpg","width":2560,"height":635,"caption":"Regi\u00e3o News"},"image":{"@id":"https:\/\/regiaonews.net.br\/2022\/#\/schema\/logo\/image\/"}},{"@type":"Person","@id":"https:\/\/regiaonews.net.br\/2022\/#\/schema\/person\/2d205a608a5aa97ac279d7a5e6d89ad8","name":"Roberto","image":{"@type":"ImageObject","inLanguage":"pt-BR","@id":"https:\/\/secure.gravatar.com\/avatar\/42749d8b712ff9d59ca93dc150494e5b55a44134482993f5baeb97e61b7ecc89?s=96&d=mm&r=g","url":"https:\/\/secure.gravatar.com\/avatar\/42749d8b712ff9d59ca93dc150494e5b55a44134482993f5baeb97e61b7ecc89?s=96&d=mm&r=g","contentUrl":"https:\/\/secure.gravatar.com\/avatar\/42749d8b712ff9d59ca93dc150494e5b55a44134482993f5baeb97e61b7ecc89?s=96&d=mm&r=g","caption":"Roberto"},"url":"https:\/\/regiaonews.net.br\/2022\/author\/roberto\/"}]}},"publishpress_future_action":{"enabled":false,"date":"2026-05-03 18:36:51","action":"change-status","newStatus":"draft","terms":[],"taxonomy":"category","extraData":[]},"publishpress_future_workflow_manual_trigger":{"enabledWorkflows":[]},"_links":{"self":[{"href":"https:\/\/regiaonews.net.br\/2022\/wp-json\/wp\/v2\/posts\/104924","targetHints":{"allow":["GET"]}}],"collection":[{"href":"https:\/\/regiaonews.net.br\/2022\/wp-json\/wp\/v2\/posts"}],"about":[{"href":"https:\/\/regiaonews.net.br\/2022\/wp-json\/wp\/v2\/types\/post"}],"author":[{"embeddable":true,"href":"https:\/\/regiaonews.net.br\/2022\/wp-json\/wp\/v2\/users\/2"}],"replies":[{"embeddable":true,"href":"https:\/\/regiaonews.net.br\/2022\/wp-json\/wp\/v2\/comments?post=104924"}],"version-history":[{"count":1,"href":"https:\/\/regiaonews.net.br\/2022\/wp-json\/wp\/v2\/posts\/104924\/revisions"}],"predecessor-version":[{"id":104928,"href":"https:\/\/regiaonews.net.br\/2022\/wp-json\/wp\/v2\/posts\/104924\/revisions\/104928"}],"wp:featuredmedia":[{"embeddable":true,"href":"https:\/\/regiaonews.net.br\/2022\/wp-json\/wp\/v2\/media\/104925"}],"wp:attachment":[{"href":"https:\/\/regiaonews.net.br\/2022\/wp-json\/wp\/v2\/media?parent=104924"}],"wp:term":[{"taxonomy":"category","embeddable":true,"href":"https:\/\/regiaonews.net.br\/2022\/wp-json\/wp\/v2\/categories?post=104924"},{"taxonomy":"post_tag","embeddable":true,"href":"https:\/\/regiaonews.net.br\/2022\/wp-json\/wp\/v2\/tags?post=104924"}],"curies":[{"name":"wp","href":"https:\/\/api.w.org\/{rel}","templated":true}]}}