{"id":104918,"date":"2024-05-13T20:51:01","date_gmt":"2024-05-13T23:51:01","guid":{"rendered":"https:\/\/regiaonews.net.br\/2022\/?p=104918"},"modified":"2024-05-13T20:51:23","modified_gmt":"2024-05-13T23:51:23","slug":"nunca-vi-cenario-tao-catastrofico-em-19-anos-de-carreira-diz-sargento-sobre-resgates-no-rs","status":"publish","type":"post","link":"https:\/\/regiaonews.net.br\/2022\/2024\/05\/13\/nunca-vi-cenario-tao-catastrofico-em-19-anos-de-carreira-diz-sargento-sobre-resgates-no-rs\/","title":{"rendered":"\u201cNunca vi cen\u00e1rio t\u00e3o catastr\u00f3fico em 19 anos de carreira\u201d, diz sargento, sobre resgates no RS"},"content":{"rendered":"<div class=\"col-lg-12 mt-4\">\n<h3><\/h3>\n<\/div>\n<div class=\"col-lg-12 mt-2\">\n<h5>Primeira equipe de bombeiros paulistas enviada ao sul retornou a SP nesta segunda-feira (13); mais de 800 pessoas e 170 animais foram resgatados em dez dias<\/h5>\n<\/div>\n<div class=\"col-lg-12\">\n<p class=\"diasemana\">\n<\/div>\n<div class=\"col-lg-12\">\n<p class=\"autor\">Por Wellington Nascimento<\/p>\n<\/div>\n<div class=\"col-lg-12 mt-3\">\n<div>\n<div>A primeira equipe de bombeiros paulistas enviada ao Rio Grande do Sul (RS) para ajudar o governo local no resgate das v\u00edtimas das enchentes retornou nesta segunda-feira (13) a S\u00e3o Paulo. Uma outra equipe com o mesmo n\u00famero chegou no estado ga\u00facho no fim de semana para dar continuidade aos salvamentos. O desastre que aconteceu no estado \u00e9 visto como \u201csem precedentes\u201d por quem estava na miss\u00e3o.<\/div>\n<div><\/div>\n<div>\u201cNunca vi um cen\u00e1rio t\u00e3o catastr\u00f3fico em 19 anos de carreira\u201d, descreveu o sargento Marcel Carvalho, que passou cerca de dez dias na linha de frente dos resgates no RS. O bombeiro participou do\u00a0<b><a href=\"https:\/\/www.ssp.sp.gov.br\/noticia\/57356\">salvamento de quatro pessoas e dois cachorros que ca\u00edram de um barco em Eldorado do Sul, na \u00faltima quarta (8)<\/a><\/b>.<\/div>\n<div><\/div>\n<div>Os 33 militares que estavam no Sul desde 1\u00ba de maio resgataram 814 pessoas e 170 animais. As buscas e os salvamentos tiveram apoio de dois c\u00e3es, de oito viaturas e sete embarca\u00e7\u00f5es, que permanecem no local para dar suporte \u00e0 nova equipe paulista. O grupo m\u00e9dico tamb\u00e9m prestou mais de 80 atendimentos ambulatoriais \u00e0 popula\u00e7\u00e3o e aos policiais que atuavam nas ocorr\u00eancias.<\/div>\n<div><\/div>\n<div>O apoio das for\u00e7as de seguran\u00e7a de S\u00e3o Paulo foi fundamental para o salvamento de muitas vidas. \u201cEm geral, quando chegamos ao local o desastre j\u00e1 aconteceu, mas no RS ainda teve uma evolu\u00e7\u00e3o e s\u00f3 depois veio a estabiliza\u00e7\u00e3o. A nossa presen\u00e7a foi um diferencial naquela situa\u00e7\u00e3o de in\u00edcio\u201d, diz o tenente Felipe Flora, respons\u00e1vel pelo planejamento das opera\u00e7\u00f5es e organiza\u00e7\u00e3o de dados no Sul.<\/div>\n<div><\/div>\n<div>Al\u00e9m do cen\u00e1rio de destrui\u00e7\u00e3o, o que mais intrigava os bombeiros na opera\u00e7\u00e3o era o n\u00edvel da \u00e1gua. \u201cEm todas as vezes em que atuei em locais com enchentes, a \u00e1gua depois de um tempo abaixava. L\u00e1 no Sul continuava igual, chegava a bater no segundo andar das casas. Eu voltei com a sensa\u00e7\u00e3o de que a \u00e1gua est\u00e1 no mesmo n\u00edvel depois de dez dias\u201d, relata o tenente F\u00e1bio Spacassassi.<\/div>\n<div><\/div>\n<div>Ele e o capit\u00e3o Franco participaram do\u00a0<b><a href=\"https:\/\/www.ssp.sp.gov.br\/noticia\/57338\">resgate do cavalo Caramelo na quinta (9), em Canoas<\/a><\/b>, que comoveu o pa\u00eds. \u201cGastamos muita energia para fazer essa a\u00e7\u00e3o, tinha muitos riscos envolvidos. Foi um planejamento muito bem elaborado e que teve um final feliz\u201d, diz o capit\u00e3o. Esta foi a primeira a\u00e7\u00e3o humanit\u00e1ria em que participou. \u201cA demanda era muito maior que a oferta de servi\u00e7o\u201d, observa.<\/div>\n<div><\/div>\n<div>A equipe ficava instalada na base do Comando Geral dos Bombeiros, em Porto Alegre. \u201cLevamos \u00e1gua, alimentos, colch\u00f5es, rem\u00e9dios, equipamentos. Fomos autossuficientes, n\u00e3o incomodamos em nenhum momento o estado que j\u00e1 sofre com essa calamidade\u201d, diz o major Adriano Baruffaldi, comandante das equipes de SP nas miss\u00f5es no Sul.<\/div>\n<div><\/div>\n<div>O comandante observa que n\u00e3o conhecer a \u00e1rea dificultava muito o deslocamento da equipe at\u00e9 as ocorr\u00eancias. \u201cJ\u00e1 participei de v\u00e1rias a\u00e7\u00f5es humanit\u00e1rias, mas essa do Sul \u00e9 sem precedentes. \u00c9 praticamente o estado inteiro atingido e muitas pessoas em situa\u00e7\u00f5es de risco. Sem d\u00favidas marcou a vida de todos n\u00f3s.\u201d<\/div>\n<div><\/div>\n<div>Depois de atuarem em miss\u00e3o por quase 230 horas, praticamente de forma ininterrupta, em uma situa\u00e7\u00e3o t\u00e3o adversa e cheia de desafios, \u201cn\u00e3o h\u00e1 nada melhor do que chegar em casa, rever os amigos e abra\u00e7ar os familiares\u201d, admitem os bombeiros que participaram da miss\u00e3o. &#8220;\u00c9 uma sensa\u00e7\u00e3o de dever cumprido. Al\u00e9m das pessoas resgatadas, a melhor sensa\u00e7\u00e3o de todo bombeiro quando volta de miss\u00e3o \u00e9 estar com toda a sua equipe bem para devolv\u00ea-lo a sua fam\u00edlia&#8221;, diz o sargento Carvalho.<\/div>\n<\/div>\n<\/div>\n","protected":false},"excerpt":{"rendered":"<p>Primeira equipe de bombeiros paulistas enviada ao sul retornou a<\/p>\n","protected":false},"author":2,"featured_media":104919,"comment_status":"open","ping_status":"open","sticky":false,"template":"","format":"standard","meta":{"footnotes":""},"categories":[24],"tags":[],"class_list":["post-104918","post","type-post","status-publish","format-standard","has-post-thumbnail","hentry","category-brasil"],"yoast_head":"<!-- This site is optimized with the Yoast SEO plugin v27.4 - https:\/\/yoast.com\/product\/yoast-seo-wordpress\/ -->\n<title>\u201cNunca vi cen\u00e1rio t\u00e3o catastr\u00f3fico em 19 anos de carreira\u201d, diz sargento, sobre resgates no RS - Regi\u00e3o News<\/title>\n<meta name=\"robots\" content=\"index, follow, max-snippet:-1, max-image-preview:large, max-video-preview:-1\" \/>\n<link rel=\"canonical\" href=\"https:\/\/regiaonews.net.br\/2022\/2024\/05\/13\/nunca-vi-cenario-tao-catastrofico-em-19-anos-de-carreira-diz-sargento-sobre-resgates-no-rs\/\" \/>\n<meta property=\"og:locale\" content=\"pt_BR\" \/>\n<meta property=\"og:type\" content=\"article\" \/>\n<meta property=\"og:title\" content=\"\u201cNunca vi cen\u00e1rio t\u00e3o catastr\u00f3fico em 19 anos de carreira\u201d, diz sargento, sobre resgates no RS - Regi\u00e3o News\" \/>\n<meta property=\"og:description\" content=\"Primeira equipe de bombeiros paulistas enviada ao sul retornou a\" \/>\n<meta property=\"og:url\" content=\"https:\/\/regiaonews.net.br\/2022\/2024\/05\/13\/nunca-vi-cenario-tao-catastrofico-em-19-anos-de-carreira-diz-sargento-sobre-resgates-no-rs\/\" \/>\n<meta property=\"og:site_name\" content=\"Regi\u00e3o News\" \/>\n<meta property=\"article:published_time\" content=\"2024-05-13T23:51:01+00:00\" \/>\n<meta property=\"article:modified_time\" content=\"2024-05-13T23:51:23+00:00\" \/>\n<meta property=\"og:image\" content=\"https:\/\/regiaonews.net.br\/2022\/wp-content\/uploads\/2024\/05\/00054565-scaled.jpeg\" \/>\n\t<meta property=\"og:image:width\" content=\"2560\" \/>\n\t<meta property=\"og:image:height\" content=\"1706\" \/>\n\t<meta property=\"og:image:type\" content=\"image\/jpeg\" \/>\n<meta name=\"author\" content=\"Roberto\" \/>\n<meta name=\"twitter:card\" content=\"summary_large_image\" \/>\n<meta name=\"twitter:label1\" content=\"Escrito por\" \/>\n\t<meta name=\"twitter:data1\" content=\"Roberto\" \/>\n\t<meta name=\"twitter:label2\" content=\"Est. tempo de leitura\" \/>\n\t<meta name=\"twitter:data2\" content=\"4 minutos\" \/>\n<script type=\"application\/ld+json\" class=\"yoast-schema-graph\">{\"@context\":\"https:\\\/\\\/schema.org\",\"@graph\":[{\"@type\":\"Article\",\"@id\":\"https:\\\/\\\/regiaonews.net.br\\\/2022\\\/2024\\\/05\\\/13\\\/nunca-vi-cenario-tao-catastrofico-em-19-anos-de-carreira-diz-sargento-sobre-resgates-no-rs\\\/#article\",\"isPartOf\":{\"@id\":\"https:\\\/\\\/regiaonews.net.br\\\/2022\\\/2024\\\/05\\\/13\\\/nunca-vi-cenario-tao-catastrofico-em-19-anos-de-carreira-diz-sargento-sobre-resgates-no-rs\\\/\"},\"author\":{\"name\":\"Roberto\",\"@id\":\"https:\\\/\\\/regiaonews.net.br\\\/2022\\\/#\\\/schema\\\/person\\\/2d205a608a5aa97ac279d7a5e6d89ad8\"},\"headline\":\"\u201cNunca vi cen\u00e1rio t\u00e3o catastr\u00f3fico em 19 anos de carreira\u201d, diz sargento, sobre resgates no RS\",\"datePublished\":\"2024-05-13T23:51:01+00:00\",\"dateModified\":\"2024-05-13T23:51:23+00:00\",\"mainEntityOfPage\":{\"@id\":\"https:\\\/\\\/regiaonews.net.br\\\/2022\\\/2024\\\/05\\\/13\\\/nunca-vi-cenario-tao-catastrofico-em-19-anos-de-carreira-diz-sargento-sobre-resgates-no-rs\\\/\"},\"wordCount\":661,\"commentCount\":0,\"publisher\":{\"@id\":\"https:\\\/\\\/regiaonews.net.br\\\/2022\\\/#organization\"},\"image\":{\"@id\":\"https:\\\/\\\/regiaonews.net.br\\\/2022\\\/2024\\\/05\\\/13\\\/nunca-vi-cenario-tao-catastrofico-em-19-anos-de-carreira-diz-sargento-sobre-resgates-no-rs\\\/#primaryimage\"},\"thumbnailUrl\":\"https:\\\/\\\/regiaonews.net.br\\\/2022\\\/wp-content\\\/uploads\\\/2024\\\/05\\\/00054565-scaled.jpeg\",\"articleSection\":[\"Brasil\"],\"inLanguage\":\"pt-BR\",\"potentialAction\":[{\"@type\":\"CommentAction\",\"name\":\"Comment\",\"target\":[\"https:\\\/\\\/regiaonews.net.br\\\/2022\\\/2024\\\/05\\\/13\\\/nunca-vi-cenario-tao-catastrofico-em-19-anos-de-carreira-diz-sargento-sobre-resgates-no-rs\\\/#respond\"]}]},{\"@type\":\"WebPage\",\"@id\":\"https:\\\/\\\/regiaonews.net.br\\\/2022\\\/2024\\\/05\\\/13\\\/nunca-vi-cenario-tao-catastrofico-em-19-anos-de-carreira-diz-sargento-sobre-resgates-no-rs\\\/\",\"url\":\"https:\\\/\\\/regiaonews.net.br\\\/2022\\\/2024\\\/05\\\/13\\\/nunca-vi-cenario-tao-catastrofico-em-19-anos-de-carreira-diz-sargento-sobre-resgates-no-rs\\\/\",\"name\":\"\u201cNunca vi cen\u00e1rio t\u00e3o catastr\u00f3fico em 19 anos de carreira\u201d, diz sargento, sobre resgates no RS - Regi\u00e3o News\",\"isPartOf\":{\"@id\":\"https:\\\/\\\/regiaonews.net.br\\\/2022\\\/#website\"},\"primaryImageOfPage\":{\"@id\":\"https:\\\/\\\/regiaonews.net.br\\\/2022\\\/2024\\\/05\\\/13\\\/nunca-vi-cenario-tao-catastrofico-em-19-anos-de-carreira-diz-sargento-sobre-resgates-no-rs\\\/#primaryimage\"},\"image\":{\"@id\":\"https:\\\/\\\/regiaonews.net.br\\\/2022\\\/2024\\\/05\\\/13\\\/nunca-vi-cenario-tao-catastrofico-em-19-anos-de-carreira-diz-sargento-sobre-resgates-no-rs\\\/#primaryimage\"},\"thumbnailUrl\":\"https:\\\/\\\/regiaonews.net.br\\\/2022\\\/wp-content\\\/uploads\\\/2024\\\/05\\\/00054565-scaled.jpeg\",\"datePublished\":\"2024-05-13T23:51:01+00:00\",\"dateModified\":\"2024-05-13T23:51:23+00:00\",\"breadcrumb\":{\"@id\":\"https:\\\/\\\/regiaonews.net.br\\\/2022\\\/2024\\\/05\\\/13\\\/nunca-vi-cenario-tao-catastrofico-em-19-anos-de-carreira-diz-sargento-sobre-resgates-no-rs\\\/#breadcrumb\"},\"inLanguage\":\"pt-BR\",\"potentialAction\":[{\"@type\":\"ReadAction\",\"target\":[\"https:\\\/\\\/regiaonews.net.br\\\/2022\\\/2024\\\/05\\\/13\\\/nunca-vi-cenario-tao-catastrofico-em-19-anos-de-carreira-diz-sargento-sobre-resgates-no-rs\\\/\"]}]},{\"@type\":\"ImageObject\",\"inLanguage\":\"pt-BR\",\"@id\":\"https:\\\/\\\/regiaonews.net.br\\\/2022\\\/2024\\\/05\\\/13\\\/nunca-vi-cenario-tao-catastrofico-em-19-anos-de-carreira-diz-sargento-sobre-resgates-no-rs\\\/#primaryimage\",\"url\":\"https:\\\/\\\/regiaonews.net.br\\\/2022\\\/wp-content\\\/uploads\\\/2024\\\/05\\\/00054565-scaled.jpeg\",\"contentUrl\":\"https:\\\/\\\/regiaonews.net.br\\\/2022\\\/wp-content\\\/uploads\\\/2024\\\/05\\\/00054565-scaled.jpeg\",\"width\":2560,\"height\":1706},{\"@type\":\"BreadcrumbList\",\"@id\":\"https:\\\/\\\/regiaonews.net.br\\\/2022\\\/2024\\\/05\\\/13\\\/nunca-vi-cenario-tao-catastrofico-em-19-anos-de-carreira-diz-sargento-sobre-resgates-no-rs\\\/#breadcrumb\",\"itemListElement\":[{\"@type\":\"ListItem\",\"position\":1,\"name\":\"In\u00edcio\",\"item\":\"https:\\\/\\\/regiaonews.net.br\\\/2022\\\/\"},{\"@type\":\"ListItem\",\"position\":2,\"name\":\"\u201cNunca vi cen\u00e1rio t\u00e3o catastr\u00f3fico em 19 anos de carreira\u201d, diz sargento, sobre resgates no RS\"}]},{\"@type\":\"WebSite\",\"@id\":\"https:\\\/\\\/regiaonews.net.br\\\/2022\\\/#website\",\"url\":\"https:\\\/\\\/regiaonews.net.br\\\/2022\\\/\",\"name\":\"Regi\u00e3o News\",\"description\":\"Site de Not\u00edcias de Barretos e regi\u00e3o\",\"publisher\":{\"@id\":\"https:\\\/\\\/regiaonews.net.br\\\/2022\\\/#organization\"},\"potentialAction\":[{\"@type\":\"SearchAction\",\"target\":{\"@type\":\"EntryPoint\",\"urlTemplate\":\"https:\\\/\\\/regiaonews.net.br\\\/2022\\\/?s={search_term_string}\"},\"query-input\":{\"@type\":\"PropertyValueSpecification\",\"valueRequired\":true,\"valueName\":\"search_term_string\"}}],\"inLanguage\":\"pt-BR\"},{\"@type\":\"Organization\",\"@id\":\"https:\\\/\\\/regiaonews.net.br\\\/2022\\\/#organization\",\"name\":\"Regi\u00e3o News\",\"url\":\"https:\\\/\\\/regiaonews.net.br\\\/2022\\\/\",\"logo\":{\"@type\":\"ImageObject\",\"inLanguage\":\"pt-BR\",\"@id\":\"https:\\\/\\\/regiaonews.net.br\\\/2022\\\/#\\\/schema\\\/logo\\\/image\\\/\",\"url\":\"https:\\\/\\\/regiaonews.net.br\\\/2022\\\/wp-content\\\/uploads\\\/2026\\\/03\\\/regiao-13-anos-scaled.jpg\",\"contentUrl\":\"https:\\\/\\\/regiaonews.net.br\\\/2022\\\/wp-content\\\/uploads\\\/2026\\\/03\\\/regiao-13-anos-scaled.jpg\",\"width\":2560,\"height\":635,\"caption\":\"Regi\u00e3o News\"},\"image\":{\"@id\":\"https:\\\/\\\/regiaonews.net.br\\\/2022\\\/#\\\/schema\\\/logo\\\/image\\\/\"}},{\"@type\":\"Person\",\"@id\":\"https:\\\/\\\/regiaonews.net.br\\\/2022\\\/#\\\/schema\\\/person\\\/2d205a608a5aa97ac279d7a5e6d89ad8\",\"name\":\"Roberto\",\"image\":{\"@type\":\"ImageObject\",\"inLanguage\":\"pt-BR\",\"@id\":\"https:\\\/\\\/secure.gravatar.com\\\/avatar\\\/42749d8b712ff9d59ca93dc150494e5b55a44134482993f5baeb97e61b7ecc89?s=96&d=mm&r=g\",\"url\":\"https:\\\/\\\/secure.gravatar.com\\\/avatar\\\/42749d8b712ff9d59ca93dc150494e5b55a44134482993f5baeb97e61b7ecc89?s=96&d=mm&r=g\",\"contentUrl\":\"https:\\\/\\\/secure.gravatar.com\\\/avatar\\\/42749d8b712ff9d59ca93dc150494e5b55a44134482993f5baeb97e61b7ecc89?s=96&d=mm&r=g\",\"caption\":\"Roberto\"},\"url\":\"https:\\\/\\\/regiaonews.net.br\\\/2022\\\/author\\\/roberto\\\/\"}]}<\/script>\n<!-- \/ Yoast SEO plugin. -->","yoast_head_json":{"title":"\u201cNunca vi cen\u00e1rio t\u00e3o catastr\u00f3fico em 19 anos de carreira\u201d, diz sargento, sobre resgates no RS - Regi\u00e3o News","robots":{"index":"index","follow":"follow","max-snippet":"max-snippet:-1","max-image-preview":"max-image-preview:large","max-video-preview":"max-video-preview:-1"},"canonical":"https:\/\/regiaonews.net.br\/2022\/2024\/05\/13\/nunca-vi-cenario-tao-catastrofico-em-19-anos-de-carreira-diz-sargento-sobre-resgates-no-rs\/","og_locale":"pt_BR","og_type":"article","og_title":"\u201cNunca vi cen\u00e1rio t\u00e3o catastr\u00f3fico em 19 anos de carreira\u201d, diz sargento, sobre resgates no RS - Regi\u00e3o News","og_description":"Primeira equipe de bombeiros paulistas enviada ao sul retornou a","og_url":"https:\/\/regiaonews.net.br\/2022\/2024\/05\/13\/nunca-vi-cenario-tao-catastrofico-em-19-anos-de-carreira-diz-sargento-sobre-resgates-no-rs\/","og_site_name":"Regi\u00e3o News","article_published_time":"2024-05-13T23:51:01+00:00","article_modified_time":"2024-05-13T23:51:23+00:00","og_image":[{"width":2560,"height":1706,"url":"https:\/\/regiaonews.net.br\/2022\/wp-content\/uploads\/2024\/05\/00054565-scaled.jpeg","type":"image\/jpeg"}],"author":"Roberto","twitter_card":"summary_large_image","twitter_misc":{"Escrito por":"Roberto","Est. tempo de leitura":"4 minutos"},"schema":{"@context":"https:\/\/schema.org","@graph":[{"@type":"Article","@id":"https:\/\/regiaonews.net.br\/2022\/2024\/05\/13\/nunca-vi-cenario-tao-catastrofico-em-19-anos-de-carreira-diz-sargento-sobre-resgates-no-rs\/#article","isPartOf":{"@id":"https:\/\/regiaonews.net.br\/2022\/2024\/05\/13\/nunca-vi-cenario-tao-catastrofico-em-19-anos-de-carreira-diz-sargento-sobre-resgates-no-rs\/"},"author":{"name":"Roberto","@id":"https:\/\/regiaonews.net.br\/2022\/#\/schema\/person\/2d205a608a5aa97ac279d7a5e6d89ad8"},"headline":"\u201cNunca vi cen\u00e1rio t\u00e3o catastr\u00f3fico em 19 anos de carreira\u201d, diz sargento, sobre resgates no RS","datePublished":"2024-05-13T23:51:01+00:00","dateModified":"2024-05-13T23:51:23+00:00","mainEntityOfPage":{"@id":"https:\/\/regiaonews.net.br\/2022\/2024\/05\/13\/nunca-vi-cenario-tao-catastrofico-em-19-anos-de-carreira-diz-sargento-sobre-resgates-no-rs\/"},"wordCount":661,"commentCount":0,"publisher":{"@id":"https:\/\/regiaonews.net.br\/2022\/#organization"},"image":{"@id":"https:\/\/regiaonews.net.br\/2022\/2024\/05\/13\/nunca-vi-cenario-tao-catastrofico-em-19-anos-de-carreira-diz-sargento-sobre-resgates-no-rs\/#primaryimage"},"thumbnailUrl":"https:\/\/regiaonews.net.br\/2022\/wp-content\/uploads\/2024\/05\/00054565-scaled.jpeg","articleSection":["Brasil"],"inLanguage":"pt-BR","potentialAction":[{"@type":"CommentAction","name":"Comment","target":["https:\/\/regiaonews.net.br\/2022\/2024\/05\/13\/nunca-vi-cenario-tao-catastrofico-em-19-anos-de-carreira-diz-sargento-sobre-resgates-no-rs\/#respond"]}]},{"@type":"WebPage","@id":"https:\/\/regiaonews.net.br\/2022\/2024\/05\/13\/nunca-vi-cenario-tao-catastrofico-em-19-anos-de-carreira-diz-sargento-sobre-resgates-no-rs\/","url":"https:\/\/regiaonews.net.br\/2022\/2024\/05\/13\/nunca-vi-cenario-tao-catastrofico-em-19-anos-de-carreira-diz-sargento-sobre-resgates-no-rs\/","name":"\u201cNunca vi cen\u00e1rio t\u00e3o catastr\u00f3fico em 19 anos de carreira\u201d, diz sargento, sobre resgates no RS - Regi\u00e3o News","isPartOf":{"@id":"https:\/\/regiaonews.net.br\/2022\/#website"},"primaryImageOfPage":{"@id":"https:\/\/regiaonews.net.br\/2022\/2024\/05\/13\/nunca-vi-cenario-tao-catastrofico-em-19-anos-de-carreira-diz-sargento-sobre-resgates-no-rs\/#primaryimage"},"image":{"@id":"https:\/\/regiaonews.net.br\/2022\/2024\/05\/13\/nunca-vi-cenario-tao-catastrofico-em-19-anos-de-carreira-diz-sargento-sobre-resgates-no-rs\/#primaryimage"},"thumbnailUrl":"https:\/\/regiaonews.net.br\/2022\/wp-content\/uploads\/2024\/05\/00054565-scaled.jpeg","datePublished":"2024-05-13T23:51:01+00:00","dateModified":"2024-05-13T23:51:23+00:00","breadcrumb":{"@id":"https:\/\/regiaonews.net.br\/2022\/2024\/05\/13\/nunca-vi-cenario-tao-catastrofico-em-19-anos-de-carreira-diz-sargento-sobre-resgates-no-rs\/#breadcrumb"},"inLanguage":"pt-BR","potentialAction":[{"@type":"ReadAction","target":["https:\/\/regiaonews.net.br\/2022\/2024\/05\/13\/nunca-vi-cenario-tao-catastrofico-em-19-anos-de-carreira-diz-sargento-sobre-resgates-no-rs\/"]}]},{"@type":"ImageObject","inLanguage":"pt-BR","@id":"https:\/\/regiaonews.net.br\/2022\/2024\/05\/13\/nunca-vi-cenario-tao-catastrofico-em-19-anos-de-carreira-diz-sargento-sobre-resgates-no-rs\/#primaryimage","url":"https:\/\/regiaonews.net.br\/2022\/wp-content\/uploads\/2024\/05\/00054565-scaled.jpeg","contentUrl":"https:\/\/regiaonews.net.br\/2022\/wp-content\/uploads\/2024\/05\/00054565-scaled.jpeg","width":2560,"height":1706},{"@type":"BreadcrumbList","@id":"https:\/\/regiaonews.net.br\/2022\/2024\/05\/13\/nunca-vi-cenario-tao-catastrofico-em-19-anos-de-carreira-diz-sargento-sobre-resgates-no-rs\/#breadcrumb","itemListElement":[{"@type":"ListItem","position":1,"name":"In\u00edcio","item":"https:\/\/regiaonews.net.br\/2022\/"},{"@type":"ListItem","position":2,"name":"\u201cNunca vi cen\u00e1rio t\u00e3o catastr\u00f3fico em 19 anos de carreira\u201d, diz sargento, sobre resgates no RS"}]},{"@type":"WebSite","@id":"https:\/\/regiaonews.net.br\/2022\/#website","url":"https:\/\/regiaonews.net.br\/2022\/","name":"Regi\u00e3o News","description":"Site de Not\u00edcias de Barretos e regi\u00e3o","publisher":{"@id":"https:\/\/regiaonews.net.br\/2022\/#organization"},"potentialAction":[{"@type":"SearchAction","target":{"@type":"EntryPoint","urlTemplate":"https:\/\/regiaonews.net.br\/2022\/?s={search_term_string}"},"query-input":{"@type":"PropertyValueSpecification","valueRequired":true,"valueName":"search_term_string"}}],"inLanguage":"pt-BR"},{"@type":"Organization","@id":"https:\/\/regiaonews.net.br\/2022\/#organization","name":"Regi\u00e3o News","url":"https:\/\/regiaonews.net.br\/2022\/","logo":{"@type":"ImageObject","inLanguage":"pt-BR","@id":"https:\/\/regiaonews.net.br\/2022\/#\/schema\/logo\/image\/","url":"https:\/\/regiaonews.net.br\/2022\/wp-content\/uploads\/2026\/03\/regiao-13-anos-scaled.jpg","contentUrl":"https:\/\/regiaonews.net.br\/2022\/wp-content\/uploads\/2026\/03\/regiao-13-anos-scaled.jpg","width":2560,"height":635,"caption":"Regi\u00e3o News"},"image":{"@id":"https:\/\/regiaonews.net.br\/2022\/#\/schema\/logo\/image\/"}},{"@type":"Person","@id":"https:\/\/regiaonews.net.br\/2022\/#\/schema\/person\/2d205a608a5aa97ac279d7a5e6d89ad8","name":"Roberto","image":{"@type":"ImageObject","inLanguage":"pt-BR","@id":"https:\/\/secure.gravatar.com\/avatar\/42749d8b712ff9d59ca93dc150494e5b55a44134482993f5baeb97e61b7ecc89?s=96&d=mm&r=g","url":"https:\/\/secure.gravatar.com\/avatar\/42749d8b712ff9d59ca93dc150494e5b55a44134482993f5baeb97e61b7ecc89?s=96&d=mm&r=g","contentUrl":"https:\/\/secure.gravatar.com\/avatar\/42749d8b712ff9d59ca93dc150494e5b55a44134482993f5baeb97e61b7ecc89?s=96&d=mm&r=g","caption":"Roberto"},"url":"https:\/\/regiaonews.net.br\/2022\/author\/roberto\/"}]}},"publishpress_future_action":{"enabled":false,"date":"2026-05-03 15:15:43","action":"change-status","newStatus":"draft","terms":[],"taxonomy":"category","extraData":[]},"publishpress_future_workflow_manual_trigger":{"enabledWorkflows":[]},"_links":{"self":[{"href":"https:\/\/regiaonews.net.br\/2022\/wp-json\/wp\/v2\/posts\/104918","targetHints":{"allow":["GET"]}}],"collection":[{"href":"https:\/\/regiaonews.net.br\/2022\/wp-json\/wp\/v2\/posts"}],"about":[{"href":"https:\/\/regiaonews.net.br\/2022\/wp-json\/wp\/v2\/types\/post"}],"author":[{"embeddable":true,"href":"https:\/\/regiaonews.net.br\/2022\/wp-json\/wp\/v2\/users\/2"}],"replies":[{"embeddable":true,"href":"https:\/\/regiaonews.net.br\/2022\/wp-json\/wp\/v2\/comments?post=104918"}],"version-history":[{"count":1,"href":"https:\/\/regiaonews.net.br\/2022\/wp-json\/wp\/v2\/posts\/104918\/revisions"}],"predecessor-version":[{"id":104920,"href":"https:\/\/regiaonews.net.br\/2022\/wp-json\/wp\/v2\/posts\/104918\/revisions\/104920"}],"wp:featuredmedia":[{"embeddable":true,"href":"https:\/\/regiaonews.net.br\/2022\/wp-json\/wp\/v2\/media\/104919"}],"wp:attachment":[{"href":"https:\/\/regiaonews.net.br\/2022\/wp-json\/wp\/v2\/media?parent=104918"}],"wp:term":[{"taxonomy":"category","embeddable":true,"href":"https:\/\/regiaonews.net.br\/2022\/wp-json\/wp\/v2\/categories?post=104918"},{"taxonomy":"post_tag","embeddable":true,"href":"https:\/\/regiaonews.net.br\/2022\/wp-json\/wp\/v2\/tags?post=104918"}],"curies":[{"name":"wp","href":"https:\/\/api.w.org\/{rel}","templated":true}]}}