{"id":104915,"date":"2024-05-13T20:22:05","date_gmt":"2024-05-13T23:22:05","guid":{"rendered":"https:\/\/regiaonews.net.br\/2022\/?p=104915"},"modified":"2024-05-13T20:22:05","modified_gmt":"2024-05-13T23:22:05","slug":"alunos-da-rede-municipal-de-ensino-participam-de-concurso-de-desenhos-sobre-a-campanha-maio-laranja","status":"publish","type":"post","link":"https:\/\/regiaonews.net.br\/2022\/2024\/05\/13\/alunos-da-rede-municipal-de-ensino-participam-de-concurso-de-desenhos-sobre-a-campanha-maio-laranja\/","title":{"rendered":"Alunos da Rede Municipal de Ensino participam de concurso de desenhos sobre a Campanha Maio Laranja"},"content":{"rendered":"<p>Popula\u00e7\u00e3o poder\u00e1 votar nas melhores ilustra\u00e7\u00f5es por meio do Instagram da Casa da Juventude, at\u00e9 \u00e0s 16h de quinta-feira, dia 16<\/p>\n<p>Teve in\u00edcio na tarde desta segunda-feira, 13 de maio, na p\u00e1gina do Instagram da Casa da Juventude (@casadajuventudebarretos), a vota\u00e7\u00e3o do 1\u00ba Concurso de Desenho \u2013 \u201cContra o abuso e a explora\u00e7\u00e3o sexual de crian\u00e7as e adolescentes\u201d, promovido pela Prefeitura de Barretos para conscientiza\u00e7\u00e3o sobre a Campanha Maio Laranja.<br \/>\nAo todo, 26 ilustra\u00e7\u00f5es produzidas por alunos dos nonos anos das Escolas Municipais \u201cProf. Giuseppe Carn\u00edmeo\u201d e \u201cS\u00e3o Francisco\u201d est\u00e3o na disputa at\u00e9 \u00e0s 16h de quinta-feira, dia 16.<br \/>\nO concurso premiar\u00e1 os tr\u00eas desenhos de cada escola que mais pontuarem, somando-se a avalia\u00e7\u00e3o popular por meio de \u201ccurtidas\u201d com a pontua\u00e7\u00e3o da Comiss\u00e3o Avaliadora, que julgar\u00e1 os crit\u00e9rios de criatividade, apresenta\u00e7\u00e3o e comunicabilidade.<br \/>\nOs vencedores ser\u00e3o conhecidos na pr\u00f3xima sexta-feira, 17, durante o encerramento da programa\u00e7\u00e3o \u201cBarretos Faz Bonito!\u201d.<br \/>\nAlunos multiplicadores<br \/>\nAinda nesta segunda-feira, os alunos das duas Unidades de Ensino atuaram como multiplicadores da capacita\u00e7\u00e3o que receberam no in\u00edcio das a\u00e7\u00f5es da Campanha Maio Laranja e apresentaram para suas escolas tudo o que aprenderam sobre o que \u00e9 abuso e explora\u00e7\u00e3o sexual, como identificar o abusador, como se prevenir e os canais de den\u00fancia existentes.<br \/>\n\u201cNo dia 6 eles participaram de uma forma\u00e7\u00e3o com o CONDIM, DDM, CRAM, CREAS e hoje eles tiveram a incumb\u00eancia de replicar essas informa\u00e7\u00f5es sobre o tema, multiplicando para a escola inteira\u201d, contou a coordenadora pedag\u00f3gica da Secretaria Municipal de Educa\u00e7\u00e3o, Minisa Nogueira Napolitano.<br \/>\nMais a\u00e7\u00f5es<br \/>\nAt\u00e9 o dia 17, a Prefeitura realizar\u00e1 uma sequ\u00eancia de a\u00e7\u00f5es na cidade, voltadas para a conscientiza\u00e7\u00e3o da popula\u00e7\u00e3o sobre a Campanha Maio Laranja.<\/p>\n<p>Confira a programa\u00e7\u00e3o:<br \/>\nDia 14 &#8211; Palestra \u201cPreven\u00e7\u00e3o contra o abuso e explora\u00e7\u00e3o de crian\u00e7as\u201d<br \/>\nLocal: Anfiteatro da Unifeb | Hor\u00e1rio: 8h30<br \/>\nDia 15 &#8211; &#8220;Mesa Redonda sobre a Rede de Prote\u00e7\u00e3o Social Especial contra abuso sexual e explora\u00e7\u00e3o Infantil&#8221;<br \/>\nLocal: N\u00facleo Jur\u00eddico da Unifeb | Hor\u00e1rio: 19h30<br \/>\nDia 16 &#8211; Oficinas Multidisciplinares com a Defensoria P\u00fablica<br \/>\nLocal: Casa da Mulher | 8h30 e 14h<br \/>\nDia 17 &#8211; Encerramento e premia\u00e7\u00e3o do Concurso de desenhos<br \/>\nLocal: Casa da Juventude | Hor\u00e1rio: 8h<\/p>\n","protected":false},"excerpt":{"rendered":"<p>Popula\u00e7\u00e3o poder\u00e1 votar nas melhores ilustra\u00e7\u00f5es por meio do Instagram<\/p>\n","protected":false},"author":2,"featured_media":104916,"comment_status":"open","ping_status":"open","sticky":false,"template":"","format":"standard","meta":{"footnotes":""},"categories":[14,25],"tags":[],"class_list":["post-104915","post","type-post","status-publish","format-standard","has-post-thumbnail","hentry","category-barretos","category-cidades"],"yoast_head":"<!-- This site is optimized with the Yoast SEO plugin v27.4 - https:\/\/yoast.com\/product\/yoast-seo-wordpress\/ -->\n<title>Alunos da Rede Municipal de Ensino participam de concurso de desenhos sobre a Campanha Maio Laranja - Regi\u00e3o News<\/title>\n<meta name=\"robots\" content=\"index, follow, max-snippet:-1, max-image-preview:large, max-video-preview:-1\" \/>\n<link rel=\"canonical\" href=\"https:\/\/regiaonews.net.br\/2022\/2024\/05\/13\/alunos-da-rede-municipal-de-ensino-participam-de-concurso-de-desenhos-sobre-a-campanha-maio-laranja\/\" \/>\n<meta property=\"og:locale\" content=\"pt_BR\" \/>\n<meta property=\"og:type\" content=\"article\" \/>\n<meta property=\"og:title\" content=\"Alunos da Rede Municipal de Ensino participam de concurso de desenhos sobre a Campanha Maio Laranja - Regi\u00e3o News\" \/>\n<meta property=\"og:description\" content=\"Popula\u00e7\u00e3o poder\u00e1 votar nas melhores ilustra\u00e7\u00f5es por meio do Instagram\" \/>\n<meta property=\"og:url\" content=\"https:\/\/regiaonews.net.br\/2022\/2024\/05\/13\/alunos-da-rede-municipal-de-ensino-participam-de-concurso-de-desenhos-sobre-a-campanha-maio-laranja\/\" \/>\n<meta property=\"og:site_name\" content=\"Regi\u00e3o News\" \/>\n<meta property=\"article:published_time\" content=\"2024-05-13T23:22:05+00:00\" \/>\n<meta property=\"og:image\" content=\"https:\/\/regiaonews.net.br\/2022\/wp-content\/uploads\/2024\/05\/WhatsApp-Image-2024-05-13-at-17.22.11.jpeg\" \/>\n\t<meta property=\"og:image:width\" content=\"1083\" \/>\n\t<meta property=\"og:image:height\" content=\"1083\" \/>\n\t<meta property=\"og:image:type\" content=\"image\/jpeg\" \/>\n<meta name=\"author\" content=\"Roberto\" \/>\n<meta name=\"twitter:card\" content=\"summary_large_image\" \/>\n<meta name=\"twitter:label1\" content=\"Escrito por\" \/>\n\t<meta name=\"twitter:data1\" content=\"Roberto\" \/>\n\t<meta name=\"twitter:label2\" content=\"Est. tempo de leitura\" \/>\n\t<meta name=\"twitter:data2\" content=\"3 minutos\" \/>\n<script type=\"application\/ld+json\" class=\"yoast-schema-graph\">{\"@context\":\"https:\\\/\\\/schema.org\",\"@graph\":[{\"@type\":\"Article\",\"@id\":\"https:\\\/\\\/regiaonews.net.br\\\/2022\\\/2024\\\/05\\\/13\\\/alunos-da-rede-municipal-de-ensino-participam-de-concurso-de-desenhos-sobre-a-campanha-maio-laranja\\\/#article\",\"isPartOf\":{\"@id\":\"https:\\\/\\\/regiaonews.net.br\\\/2022\\\/2024\\\/05\\\/13\\\/alunos-da-rede-municipal-de-ensino-participam-de-concurso-de-desenhos-sobre-a-campanha-maio-laranja\\\/\"},\"author\":{\"name\":\"Roberto\",\"@id\":\"https:\\\/\\\/regiaonews.net.br\\\/2022\\\/#\\\/schema\\\/person\\\/2d205a608a5aa97ac279d7a5e6d89ad8\"},\"headline\":\"Alunos da Rede Municipal de Ensino participam de concurso de desenhos sobre a Campanha Maio Laranja\",\"datePublished\":\"2024-05-13T23:22:05+00:00\",\"mainEntityOfPage\":{\"@id\":\"https:\\\/\\\/regiaonews.net.br\\\/2022\\\/2024\\\/05\\\/13\\\/alunos-da-rede-municipal-de-ensino-participam-de-concurso-de-desenhos-sobre-a-campanha-maio-laranja\\\/\"},\"wordCount\":406,\"commentCount\":0,\"publisher\":{\"@id\":\"https:\\\/\\\/regiaonews.net.br\\\/2022\\\/#organization\"},\"image\":{\"@id\":\"https:\\\/\\\/regiaonews.net.br\\\/2022\\\/2024\\\/05\\\/13\\\/alunos-da-rede-municipal-de-ensino-participam-de-concurso-de-desenhos-sobre-a-campanha-maio-laranja\\\/#primaryimage\"},\"thumbnailUrl\":\"https:\\\/\\\/regiaonews.net.br\\\/2022\\\/wp-content\\\/uploads\\\/2024\\\/05\\\/WhatsApp-Image-2024-05-13-at-17.22.11.jpeg\",\"articleSection\":[\"Barretos\",\"Cidades\"],\"inLanguage\":\"pt-BR\",\"potentialAction\":[{\"@type\":\"CommentAction\",\"name\":\"Comment\",\"target\":[\"https:\\\/\\\/regiaonews.net.br\\\/2022\\\/2024\\\/05\\\/13\\\/alunos-da-rede-municipal-de-ensino-participam-de-concurso-de-desenhos-sobre-a-campanha-maio-laranja\\\/#respond\"]}]},{\"@type\":\"WebPage\",\"@id\":\"https:\\\/\\\/regiaonews.net.br\\\/2022\\\/2024\\\/05\\\/13\\\/alunos-da-rede-municipal-de-ensino-participam-de-concurso-de-desenhos-sobre-a-campanha-maio-laranja\\\/\",\"url\":\"https:\\\/\\\/regiaonews.net.br\\\/2022\\\/2024\\\/05\\\/13\\\/alunos-da-rede-municipal-de-ensino-participam-de-concurso-de-desenhos-sobre-a-campanha-maio-laranja\\\/\",\"name\":\"Alunos da Rede Municipal de Ensino participam de concurso de desenhos sobre a Campanha Maio Laranja - Regi\u00e3o News\",\"isPartOf\":{\"@id\":\"https:\\\/\\\/regiaonews.net.br\\\/2022\\\/#website\"},\"primaryImageOfPage\":{\"@id\":\"https:\\\/\\\/regiaonews.net.br\\\/2022\\\/2024\\\/05\\\/13\\\/alunos-da-rede-municipal-de-ensino-participam-de-concurso-de-desenhos-sobre-a-campanha-maio-laranja\\\/#primaryimage\"},\"image\":{\"@id\":\"https:\\\/\\\/regiaonews.net.br\\\/2022\\\/2024\\\/05\\\/13\\\/alunos-da-rede-municipal-de-ensino-participam-de-concurso-de-desenhos-sobre-a-campanha-maio-laranja\\\/#primaryimage\"},\"thumbnailUrl\":\"https:\\\/\\\/regiaonews.net.br\\\/2022\\\/wp-content\\\/uploads\\\/2024\\\/05\\\/WhatsApp-Image-2024-05-13-at-17.22.11.jpeg\",\"datePublished\":\"2024-05-13T23:22:05+00:00\",\"breadcrumb\":{\"@id\":\"https:\\\/\\\/regiaonews.net.br\\\/2022\\\/2024\\\/05\\\/13\\\/alunos-da-rede-municipal-de-ensino-participam-de-concurso-de-desenhos-sobre-a-campanha-maio-laranja\\\/#breadcrumb\"},\"inLanguage\":\"pt-BR\",\"potentialAction\":[{\"@type\":\"ReadAction\",\"target\":[\"https:\\\/\\\/regiaonews.net.br\\\/2022\\\/2024\\\/05\\\/13\\\/alunos-da-rede-municipal-de-ensino-participam-de-concurso-de-desenhos-sobre-a-campanha-maio-laranja\\\/\"]}]},{\"@type\":\"ImageObject\",\"inLanguage\":\"pt-BR\",\"@id\":\"https:\\\/\\\/regiaonews.net.br\\\/2022\\\/2024\\\/05\\\/13\\\/alunos-da-rede-municipal-de-ensino-participam-de-concurso-de-desenhos-sobre-a-campanha-maio-laranja\\\/#primaryimage\",\"url\":\"https:\\\/\\\/regiaonews.net.br\\\/2022\\\/wp-content\\\/uploads\\\/2024\\\/05\\\/WhatsApp-Image-2024-05-13-at-17.22.11.jpeg\",\"contentUrl\":\"https:\\\/\\\/regiaonews.net.br\\\/2022\\\/wp-content\\\/uploads\\\/2024\\\/05\\\/WhatsApp-Image-2024-05-13-at-17.22.11.jpeg\",\"width\":1083,\"height\":1083},{\"@type\":\"BreadcrumbList\",\"@id\":\"https:\\\/\\\/regiaonews.net.br\\\/2022\\\/2024\\\/05\\\/13\\\/alunos-da-rede-municipal-de-ensino-participam-de-concurso-de-desenhos-sobre-a-campanha-maio-laranja\\\/#breadcrumb\",\"itemListElement\":[{\"@type\":\"ListItem\",\"position\":1,\"name\":\"In\u00edcio\",\"item\":\"https:\\\/\\\/regiaonews.net.br\\\/2022\\\/\"},{\"@type\":\"ListItem\",\"position\":2,\"name\":\"Alunos da Rede Municipal de Ensino participam de concurso de desenhos sobre a Campanha Maio Laranja\"}]},{\"@type\":\"WebSite\",\"@id\":\"https:\\\/\\\/regiaonews.net.br\\\/2022\\\/#website\",\"url\":\"https:\\\/\\\/regiaonews.net.br\\\/2022\\\/\",\"name\":\"Regi\u00e3o News\",\"description\":\"Site de Not\u00edcias de Barretos e regi\u00e3o\",\"publisher\":{\"@id\":\"https:\\\/\\\/regiaonews.net.br\\\/2022\\\/#organization\"},\"potentialAction\":[{\"@type\":\"SearchAction\",\"target\":{\"@type\":\"EntryPoint\",\"urlTemplate\":\"https:\\\/\\\/regiaonews.net.br\\\/2022\\\/?s={search_term_string}\"},\"query-input\":{\"@type\":\"PropertyValueSpecification\",\"valueRequired\":true,\"valueName\":\"search_term_string\"}}],\"inLanguage\":\"pt-BR\"},{\"@type\":\"Organization\",\"@id\":\"https:\\\/\\\/regiaonews.net.br\\\/2022\\\/#organization\",\"name\":\"Regi\u00e3o News\",\"url\":\"https:\\\/\\\/regiaonews.net.br\\\/2022\\\/\",\"logo\":{\"@type\":\"ImageObject\",\"inLanguage\":\"pt-BR\",\"@id\":\"https:\\\/\\\/regiaonews.net.br\\\/2022\\\/#\\\/schema\\\/logo\\\/image\\\/\",\"url\":\"https:\\\/\\\/regiaonews.net.br\\\/2022\\\/wp-content\\\/uploads\\\/2026\\\/03\\\/regiao-13-anos-scaled.jpg\",\"contentUrl\":\"https:\\\/\\\/regiaonews.net.br\\\/2022\\\/wp-content\\\/uploads\\\/2026\\\/03\\\/regiao-13-anos-scaled.jpg\",\"width\":2560,\"height\":635,\"caption\":\"Regi\u00e3o News\"},\"image\":{\"@id\":\"https:\\\/\\\/regiaonews.net.br\\\/2022\\\/#\\\/schema\\\/logo\\\/image\\\/\"}},{\"@type\":\"Person\",\"@id\":\"https:\\\/\\\/regiaonews.net.br\\\/2022\\\/#\\\/schema\\\/person\\\/2d205a608a5aa97ac279d7a5e6d89ad8\",\"name\":\"Roberto\",\"image\":{\"@type\":\"ImageObject\",\"inLanguage\":\"pt-BR\",\"@id\":\"https:\\\/\\\/secure.gravatar.com\\\/avatar\\\/42749d8b712ff9d59ca93dc150494e5b55a44134482993f5baeb97e61b7ecc89?s=96&d=mm&r=g\",\"url\":\"https:\\\/\\\/secure.gravatar.com\\\/avatar\\\/42749d8b712ff9d59ca93dc150494e5b55a44134482993f5baeb97e61b7ecc89?s=96&d=mm&r=g\",\"contentUrl\":\"https:\\\/\\\/secure.gravatar.com\\\/avatar\\\/42749d8b712ff9d59ca93dc150494e5b55a44134482993f5baeb97e61b7ecc89?s=96&d=mm&r=g\",\"caption\":\"Roberto\"},\"url\":\"https:\\\/\\\/regiaonews.net.br\\\/2022\\\/author\\\/roberto\\\/\"}]}<\/script>\n<!-- \/ Yoast SEO plugin. -->","yoast_head_json":{"title":"Alunos da Rede Municipal de Ensino participam de concurso de desenhos sobre a Campanha Maio Laranja - Regi\u00e3o News","robots":{"index":"index","follow":"follow","max-snippet":"max-snippet:-1","max-image-preview":"max-image-preview:large","max-video-preview":"max-video-preview:-1"},"canonical":"https:\/\/regiaonews.net.br\/2022\/2024\/05\/13\/alunos-da-rede-municipal-de-ensino-participam-de-concurso-de-desenhos-sobre-a-campanha-maio-laranja\/","og_locale":"pt_BR","og_type":"article","og_title":"Alunos da Rede Municipal de Ensino participam de concurso de desenhos sobre a Campanha Maio Laranja - Regi\u00e3o News","og_description":"Popula\u00e7\u00e3o poder\u00e1 votar nas melhores ilustra\u00e7\u00f5es por meio do Instagram","og_url":"https:\/\/regiaonews.net.br\/2022\/2024\/05\/13\/alunos-da-rede-municipal-de-ensino-participam-de-concurso-de-desenhos-sobre-a-campanha-maio-laranja\/","og_site_name":"Regi\u00e3o News","article_published_time":"2024-05-13T23:22:05+00:00","og_image":[{"width":1083,"height":1083,"url":"https:\/\/regiaonews.net.br\/2022\/wp-content\/uploads\/2024\/05\/WhatsApp-Image-2024-05-13-at-17.22.11.jpeg","type":"image\/jpeg"}],"author":"Roberto","twitter_card":"summary_large_image","twitter_misc":{"Escrito por":"Roberto","Est. tempo de leitura":"3 minutos"},"schema":{"@context":"https:\/\/schema.org","@graph":[{"@type":"Article","@id":"https:\/\/regiaonews.net.br\/2022\/2024\/05\/13\/alunos-da-rede-municipal-de-ensino-participam-de-concurso-de-desenhos-sobre-a-campanha-maio-laranja\/#article","isPartOf":{"@id":"https:\/\/regiaonews.net.br\/2022\/2024\/05\/13\/alunos-da-rede-municipal-de-ensino-participam-de-concurso-de-desenhos-sobre-a-campanha-maio-laranja\/"},"author":{"name":"Roberto","@id":"https:\/\/regiaonews.net.br\/2022\/#\/schema\/person\/2d205a608a5aa97ac279d7a5e6d89ad8"},"headline":"Alunos da Rede Municipal de Ensino participam de concurso de desenhos sobre a Campanha Maio Laranja","datePublished":"2024-05-13T23:22:05+00:00","mainEntityOfPage":{"@id":"https:\/\/regiaonews.net.br\/2022\/2024\/05\/13\/alunos-da-rede-municipal-de-ensino-participam-de-concurso-de-desenhos-sobre-a-campanha-maio-laranja\/"},"wordCount":406,"commentCount":0,"publisher":{"@id":"https:\/\/regiaonews.net.br\/2022\/#organization"},"image":{"@id":"https:\/\/regiaonews.net.br\/2022\/2024\/05\/13\/alunos-da-rede-municipal-de-ensino-participam-de-concurso-de-desenhos-sobre-a-campanha-maio-laranja\/#primaryimage"},"thumbnailUrl":"https:\/\/regiaonews.net.br\/2022\/wp-content\/uploads\/2024\/05\/WhatsApp-Image-2024-05-13-at-17.22.11.jpeg","articleSection":["Barretos","Cidades"],"inLanguage":"pt-BR","potentialAction":[{"@type":"CommentAction","name":"Comment","target":["https:\/\/regiaonews.net.br\/2022\/2024\/05\/13\/alunos-da-rede-municipal-de-ensino-participam-de-concurso-de-desenhos-sobre-a-campanha-maio-laranja\/#respond"]}]},{"@type":"WebPage","@id":"https:\/\/regiaonews.net.br\/2022\/2024\/05\/13\/alunos-da-rede-municipal-de-ensino-participam-de-concurso-de-desenhos-sobre-a-campanha-maio-laranja\/","url":"https:\/\/regiaonews.net.br\/2022\/2024\/05\/13\/alunos-da-rede-municipal-de-ensino-participam-de-concurso-de-desenhos-sobre-a-campanha-maio-laranja\/","name":"Alunos da Rede Municipal de Ensino participam de concurso de desenhos sobre a Campanha Maio Laranja - Regi\u00e3o News","isPartOf":{"@id":"https:\/\/regiaonews.net.br\/2022\/#website"},"primaryImageOfPage":{"@id":"https:\/\/regiaonews.net.br\/2022\/2024\/05\/13\/alunos-da-rede-municipal-de-ensino-participam-de-concurso-de-desenhos-sobre-a-campanha-maio-laranja\/#primaryimage"},"image":{"@id":"https:\/\/regiaonews.net.br\/2022\/2024\/05\/13\/alunos-da-rede-municipal-de-ensino-participam-de-concurso-de-desenhos-sobre-a-campanha-maio-laranja\/#primaryimage"},"thumbnailUrl":"https:\/\/regiaonews.net.br\/2022\/wp-content\/uploads\/2024\/05\/WhatsApp-Image-2024-05-13-at-17.22.11.jpeg","datePublished":"2024-05-13T23:22:05+00:00","breadcrumb":{"@id":"https:\/\/regiaonews.net.br\/2022\/2024\/05\/13\/alunos-da-rede-municipal-de-ensino-participam-de-concurso-de-desenhos-sobre-a-campanha-maio-laranja\/#breadcrumb"},"inLanguage":"pt-BR","potentialAction":[{"@type":"ReadAction","target":["https:\/\/regiaonews.net.br\/2022\/2024\/05\/13\/alunos-da-rede-municipal-de-ensino-participam-de-concurso-de-desenhos-sobre-a-campanha-maio-laranja\/"]}]},{"@type":"ImageObject","inLanguage":"pt-BR","@id":"https:\/\/regiaonews.net.br\/2022\/2024\/05\/13\/alunos-da-rede-municipal-de-ensino-participam-de-concurso-de-desenhos-sobre-a-campanha-maio-laranja\/#primaryimage","url":"https:\/\/regiaonews.net.br\/2022\/wp-content\/uploads\/2024\/05\/WhatsApp-Image-2024-05-13-at-17.22.11.jpeg","contentUrl":"https:\/\/regiaonews.net.br\/2022\/wp-content\/uploads\/2024\/05\/WhatsApp-Image-2024-05-13-at-17.22.11.jpeg","width":1083,"height":1083},{"@type":"BreadcrumbList","@id":"https:\/\/regiaonews.net.br\/2022\/2024\/05\/13\/alunos-da-rede-municipal-de-ensino-participam-de-concurso-de-desenhos-sobre-a-campanha-maio-laranja\/#breadcrumb","itemListElement":[{"@type":"ListItem","position":1,"name":"In\u00edcio","item":"https:\/\/regiaonews.net.br\/2022\/"},{"@type":"ListItem","position":2,"name":"Alunos da Rede Municipal de Ensino participam de concurso de desenhos sobre a Campanha Maio Laranja"}]},{"@type":"WebSite","@id":"https:\/\/regiaonews.net.br\/2022\/#website","url":"https:\/\/regiaonews.net.br\/2022\/","name":"Regi\u00e3o News","description":"Site de Not\u00edcias de Barretos e regi\u00e3o","publisher":{"@id":"https:\/\/regiaonews.net.br\/2022\/#organization"},"potentialAction":[{"@type":"SearchAction","target":{"@type":"EntryPoint","urlTemplate":"https:\/\/regiaonews.net.br\/2022\/?s={search_term_string}"},"query-input":{"@type":"PropertyValueSpecification","valueRequired":true,"valueName":"search_term_string"}}],"inLanguage":"pt-BR"},{"@type":"Organization","@id":"https:\/\/regiaonews.net.br\/2022\/#organization","name":"Regi\u00e3o News","url":"https:\/\/regiaonews.net.br\/2022\/","logo":{"@type":"ImageObject","inLanguage":"pt-BR","@id":"https:\/\/regiaonews.net.br\/2022\/#\/schema\/logo\/image\/","url":"https:\/\/regiaonews.net.br\/2022\/wp-content\/uploads\/2026\/03\/regiao-13-anos-scaled.jpg","contentUrl":"https:\/\/regiaonews.net.br\/2022\/wp-content\/uploads\/2026\/03\/regiao-13-anos-scaled.jpg","width":2560,"height":635,"caption":"Regi\u00e3o News"},"image":{"@id":"https:\/\/regiaonews.net.br\/2022\/#\/schema\/logo\/image\/"}},{"@type":"Person","@id":"https:\/\/regiaonews.net.br\/2022\/#\/schema\/person\/2d205a608a5aa97ac279d7a5e6d89ad8","name":"Roberto","image":{"@type":"ImageObject","inLanguage":"pt-BR","@id":"https:\/\/secure.gravatar.com\/avatar\/42749d8b712ff9d59ca93dc150494e5b55a44134482993f5baeb97e61b7ecc89?s=96&d=mm&r=g","url":"https:\/\/secure.gravatar.com\/avatar\/42749d8b712ff9d59ca93dc150494e5b55a44134482993f5baeb97e61b7ecc89?s=96&d=mm&r=g","contentUrl":"https:\/\/secure.gravatar.com\/avatar\/42749d8b712ff9d59ca93dc150494e5b55a44134482993f5baeb97e61b7ecc89?s=96&d=mm&r=g","caption":"Roberto"},"url":"https:\/\/regiaonews.net.br\/2022\/author\/roberto\/"}]}},"publishpress_future_action":{"enabled":false,"date":"2026-05-03 13:33:28","action":"change-status","newStatus":"draft","terms":[],"taxonomy":"category","extraData":[]},"publishpress_future_workflow_manual_trigger":{"enabledWorkflows":[]},"_links":{"self":[{"href":"https:\/\/regiaonews.net.br\/2022\/wp-json\/wp\/v2\/posts\/104915","targetHints":{"allow":["GET"]}}],"collection":[{"href":"https:\/\/regiaonews.net.br\/2022\/wp-json\/wp\/v2\/posts"}],"about":[{"href":"https:\/\/regiaonews.net.br\/2022\/wp-json\/wp\/v2\/types\/post"}],"author":[{"embeddable":true,"href":"https:\/\/regiaonews.net.br\/2022\/wp-json\/wp\/v2\/users\/2"}],"replies":[{"embeddable":true,"href":"https:\/\/regiaonews.net.br\/2022\/wp-json\/wp\/v2\/comments?post=104915"}],"version-history":[{"count":1,"href":"https:\/\/regiaonews.net.br\/2022\/wp-json\/wp\/v2\/posts\/104915\/revisions"}],"predecessor-version":[{"id":104917,"href":"https:\/\/regiaonews.net.br\/2022\/wp-json\/wp\/v2\/posts\/104915\/revisions\/104917"}],"wp:featuredmedia":[{"embeddable":true,"href":"https:\/\/regiaonews.net.br\/2022\/wp-json\/wp\/v2\/media\/104916"}],"wp:attachment":[{"href":"https:\/\/regiaonews.net.br\/2022\/wp-json\/wp\/v2\/media?parent=104915"}],"wp:term":[{"taxonomy":"category","embeddable":true,"href":"https:\/\/regiaonews.net.br\/2022\/wp-json\/wp\/v2\/categories?post=104915"},{"taxonomy":"post_tag","embeddable":true,"href":"https:\/\/regiaonews.net.br\/2022\/wp-json\/wp\/v2\/tags?post=104915"}],"curies":[{"name":"wp","href":"https:\/\/api.w.org\/{rel}","templated":true}]}}