{"id":104909,"date":"2024-05-13T20:17:05","date_gmt":"2024-05-13T23:17:05","guid":{"rendered":"https:\/\/regiaonews.net.br\/2022\/?p=104909"},"modified":"2024-05-13T20:17:05","modified_gmt":"2024-05-13T23:17:05","slug":"casa-da-mulher-promove-palestra-sobre-saude-bucal-desde-o-nascimento-para-gestantes-de-barretos-e-regiao","status":"publish","type":"post","link":"https:\/\/regiaonews.net.br\/2022\/2024\/05\/13\/casa-da-mulher-promove-palestra-sobre-saude-bucal-desde-o-nascimento-para-gestantes-de-barretos-e-regiao\/","title":{"rendered":"Casa da Mulher promove palestra sobre sa\u00fade bucal desde o nascimento para gestantes de Barretos e regi\u00e3o"},"content":{"rendered":"<p>&nbsp;<\/p>\n<p>A iniciativa \u00e9 uma parceria com o curso de odontologia da Unifeb<\/p>\n<p>A Casa da Mulher convida todas as gestantes de Barretos e regi\u00e3o para participar da palestra \u201cCuidados neonatais que promovem sa\u00fade bucal saud\u00e1vel desde o nascimento\u201d. O evento ser\u00e1 na pr\u00f3xima quarta-feira, dia 15, \u00e0s 14h. As instru\u00e7\u00f5es \u00e0s gestantes ser\u00e3o compartilhadas pelas alunas do 5\u00b0 per\u00edodo do curso de odontologia do Centro Universit\u00e1rio da Funda\u00e7\u00e3o Educacional de Barretos (Unifeb), orientadas pela professora Elaine Marconi Barroso.<\/p>\n<p>A discuss\u00e3o vai trazer temas sobre pr\u00e9-natal odontol\u00f3gico, higieniza\u00e7\u00e3o correta dos primeiros dentes do beb\u00ea, t\u00e9cnicas corretas para amamenta\u00e7\u00e3o e esclarecer d\u00favidas para as m\u00e3es sobre anestesia em consult\u00f3rio odontol\u00f3gico.<\/p>\n","protected":false},"excerpt":{"rendered":"<p>&nbsp; A iniciativa \u00e9 uma parceria com o curso de<\/p>\n","protected":false},"author":2,"featured_media":104910,"comment_status":"open","ping_status":"open","sticky":false,"template":"","format":"standard","meta":{"footnotes":""},"categories":[14,25],"tags":[],"class_list":["post-104909","post","type-post","status-publish","format-standard","has-post-thumbnail","hentry","category-barretos","category-cidades"],"yoast_head":"<!-- This site is optimized with the Yoast SEO plugin v27.4 - https:\/\/yoast.com\/product\/yoast-seo-wordpress\/ -->\n<title>Casa da Mulher promove palestra sobre sa\u00fade bucal desde o nascimento para gestantes de Barretos e regi\u00e3o - Regi\u00e3o News<\/title>\n<meta name=\"robots\" content=\"index, follow, max-snippet:-1, max-image-preview:large, max-video-preview:-1\" \/>\n<link rel=\"canonical\" href=\"https:\/\/regiaonews.net.br\/2022\/2024\/05\/13\/casa-da-mulher-promove-palestra-sobre-saude-bucal-desde-o-nascimento-para-gestantes-de-barretos-e-regiao\/\" \/>\n<meta property=\"og:locale\" content=\"pt_BR\" \/>\n<meta property=\"og:type\" content=\"article\" \/>\n<meta property=\"og:title\" content=\"Casa da Mulher promove palestra sobre sa\u00fade bucal desde o nascimento para gestantes de Barretos e regi\u00e3o - Regi\u00e3o News\" \/>\n<meta property=\"og:description\" content=\"&nbsp; A iniciativa \u00e9 uma parceria com o curso de\" \/>\n<meta property=\"og:url\" content=\"https:\/\/regiaonews.net.br\/2022\/2024\/05\/13\/casa-da-mulher-promove-palestra-sobre-saude-bucal-desde-o-nascimento-para-gestantes-de-barretos-e-regiao\/\" \/>\n<meta property=\"og:site_name\" content=\"Regi\u00e3o News\" \/>\n<meta property=\"article:published_time\" content=\"2024-05-13T23:17:05+00:00\" \/>\n<meta property=\"og:image\" content=\"https:\/\/regiaonews.net.br\/2022\/wp-content\/uploads\/2024\/05\/WhatsApp-Image-2024-05-13-at-15.36.14.jpeg\" \/>\n\t<meta property=\"og:image:width\" content=\"904\" \/>\n\t<meta property=\"og:image:height\" content=\"1280\" \/>\n\t<meta property=\"og:image:type\" content=\"image\/jpeg\" \/>\n<meta name=\"author\" content=\"Roberto\" \/>\n<meta name=\"twitter:card\" content=\"summary_large_image\" \/>\n<meta name=\"twitter:label1\" content=\"Escrito por\" \/>\n\t<meta name=\"twitter:data1\" content=\"Roberto\" \/>\n\t<meta name=\"twitter:label2\" content=\"Est. tempo de leitura\" \/>\n\t<meta name=\"twitter:data2\" content=\"1 minuto\" \/>\n<script type=\"application\/ld+json\" class=\"yoast-schema-graph\">{\"@context\":\"https:\\\/\\\/schema.org\",\"@graph\":[{\"@type\":\"Article\",\"@id\":\"https:\\\/\\\/regiaonews.net.br\\\/2022\\\/2024\\\/05\\\/13\\\/casa-da-mulher-promove-palestra-sobre-saude-bucal-desde-o-nascimento-para-gestantes-de-barretos-e-regiao\\\/#article\",\"isPartOf\":{\"@id\":\"https:\\\/\\\/regiaonews.net.br\\\/2022\\\/2024\\\/05\\\/13\\\/casa-da-mulher-promove-palestra-sobre-saude-bucal-desde-o-nascimento-para-gestantes-de-barretos-e-regiao\\\/\"},\"author\":{\"name\":\"Roberto\",\"@id\":\"https:\\\/\\\/regiaonews.net.br\\\/2022\\\/#\\\/schema\\\/person\\\/2d205a608a5aa97ac279d7a5e6d89ad8\"},\"headline\":\"Casa da Mulher promove palestra sobre sa\u00fade bucal desde o nascimento para gestantes de Barretos e regi\u00e3o\",\"datePublished\":\"2024-05-13T23:17:05+00:00\",\"mainEntityOfPage\":{\"@id\":\"https:\\\/\\\/regiaonews.net.br\\\/2022\\\/2024\\\/05\\\/13\\\/casa-da-mulher-promove-palestra-sobre-saude-bucal-desde-o-nascimento-para-gestantes-de-barretos-e-regiao\\\/\"},\"wordCount\":144,\"commentCount\":0,\"publisher\":{\"@id\":\"https:\\\/\\\/regiaonews.net.br\\\/2022\\\/#organization\"},\"image\":{\"@id\":\"https:\\\/\\\/regiaonews.net.br\\\/2022\\\/2024\\\/05\\\/13\\\/casa-da-mulher-promove-palestra-sobre-saude-bucal-desde-o-nascimento-para-gestantes-de-barretos-e-regiao\\\/#primaryimage\"},\"thumbnailUrl\":\"https:\\\/\\\/regiaonews.net.br\\\/2022\\\/wp-content\\\/uploads\\\/2024\\\/05\\\/WhatsApp-Image-2024-05-13-at-15.36.14.jpeg\",\"articleSection\":[\"Barretos\",\"Cidades\"],\"inLanguage\":\"pt-BR\",\"potentialAction\":[{\"@type\":\"CommentAction\",\"name\":\"Comment\",\"target\":[\"https:\\\/\\\/regiaonews.net.br\\\/2022\\\/2024\\\/05\\\/13\\\/casa-da-mulher-promove-palestra-sobre-saude-bucal-desde-o-nascimento-para-gestantes-de-barretos-e-regiao\\\/#respond\"]}]},{\"@type\":\"WebPage\",\"@id\":\"https:\\\/\\\/regiaonews.net.br\\\/2022\\\/2024\\\/05\\\/13\\\/casa-da-mulher-promove-palestra-sobre-saude-bucal-desde-o-nascimento-para-gestantes-de-barretos-e-regiao\\\/\",\"url\":\"https:\\\/\\\/regiaonews.net.br\\\/2022\\\/2024\\\/05\\\/13\\\/casa-da-mulher-promove-palestra-sobre-saude-bucal-desde-o-nascimento-para-gestantes-de-barretos-e-regiao\\\/\",\"name\":\"Casa da Mulher promove palestra sobre sa\u00fade bucal desde o nascimento para gestantes de Barretos e regi\u00e3o - Regi\u00e3o News\",\"isPartOf\":{\"@id\":\"https:\\\/\\\/regiaonews.net.br\\\/2022\\\/#website\"},\"primaryImageOfPage\":{\"@id\":\"https:\\\/\\\/regiaonews.net.br\\\/2022\\\/2024\\\/05\\\/13\\\/casa-da-mulher-promove-palestra-sobre-saude-bucal-desde-o-nascimento-para-gestantes-de-barretos-e-regiao\\\/#primaryimage\"},\"image\":{\"@id\":\"https:\\\/\\\/regiaonews.net.br\\\/2022\\\/2024\\\/05\\\/13\\\/casa-da-mulher-promove-palestra-sobre-saude-bucal-desde-o-nascimento-para-gestantes-de-barretos-e-regiao\\\/#primaryimage\"},\"thumbnailUrl\":\"https:\\\/\\\/regiaonews.net.br\\\/2022\\\/wp-content\\\/uploads\\\/2024\\\/05\\\/WhatsApp-Image-2024-05-13-at-15.36.14.jpeg\",\"datePublished\":\"2024-05-13T23:17:05+00:00\",\"breadcrumb\":{\"@id\":\"https:\\\/\\\/regiaonews.net.br\\\/2022\\\/2024\\\/05\\\/13\\\/casa-da-mulher-promove-palestra-sobre-saude-bucal-desde-o-nascimento-para-gestantes-de-barretos-e-regiao\\\/#breadcrumb\"},\"inLanguage\":\"pt-BR\",\"potentialAction\":[{\"@type\":\"ReadAction\",\"target\":[\"https:\\\/\\\/regiaonews.net.br\\\/2022\\\/2024\\\/05\\\/13\\\/casa-da-mulher-promove-palestra-sobre-saude-bucal-desde-o-nascimento-para-gestantes-de-barretos-e-regiao\\\/\"]}]},{\"@type\":\"ImageObject\",\"inLanguage\":\"pt-BR\",\"@id\":\"https:\\\/\\\/regiaonews.net.br\\\/2022\\\/2024\\\/05\\\/13\\\/casa-da-mulher-promove-palestra-sobre-saude-bucal-desde-o-nascimento-para-gestantes-de-barretos-e-regiao\\\/#primaryimage\",\"url\":\"https:\\\/\\\/regiaonews.net.br\\\/2022\\\/wp-content\\\/uploads\\\/2024\\\/05\\\/WhatsApp-Image-2024-05-13-at-15.36.14.jpeg\",\"contentUrl\":\"https:\\\/\\\/regiaonews.net.br\\\/2022\\\/wp-content\\\/uploads\\\/2024\\\/05\\\/WhatsApp-Image-2024-05-13-at-15.36.14.jpeg\",\"width\":904,\"height\":1280},{\"@type\":\"BreadcrumbList\",\"@id\":\"https:\\\/\\\/regiaonews.net.br\\\/2022\\\/2024\\\/05\\\/13\\\/casa-da-mulher-promove-palestra-sobre-saude-bucal-desde-o-nascimento-para-gestantes-de-barretos-e-regiao\\\/#breadcrumb\",\"itemListElement\":[{\"@type\":\"ListItem\",\"position\":1,\"name\":\"In\u00edcio\",\"item\":\"https:\\\/\\\/regiaonews.net.br\\\/2022\\\/\"},{\"@type\":\"ListItem\",\"position\":2,\"name\":\"Casa da Mulher promove palestra sobre sa\u00fade bucal desde o nascimento para gestantes de Barretos e regi\u00e3o\"}]},{\"@type\":\"WebSite\",\"@id\":\"https:\\\/\\\/regiaonews.net.br\\\/2022\\\/#website\",\"url\":\"https:\\\/\\\/regiaonews.net.br\\\/2022\\\/\",\"name\":\"Regi\u00e3o News\",\"description\":\"Site de Not\u00edcias de Barretos e regi\u00e3o\",\"publisher\":{\"@id\":\"https:\\\/\\\/regiaonews.net.br\\\/2022\\\/#organization\"},\"potentialAction\":[{\"@type\":\"SearchAction\",\"target\":{\"@type\":\"EntryPoint\",\"urlTemplate\":\"https:\\\/\\\/regiaonews.net.br\\\/2022\\\/?s={search_term_string}\"},\"query-input\":{\"@type\":\"PropertyValueSpecification\",\"valueRequired\":true,\"valueName\":\"search_term_string\"}}],\"inLanguage\":\"pt-BR\"},{\"@type\":\"Organization\",\"@id\":\"https:\\\/\\\/regiaonews.net.br\\\/2022\\\/#organization\",\"name\":\"Regi\u00e3o News\",\"url\":\"https:\\\/\\\/regiaonews.net.br\\\/2022\\\/\",\"logo\":{\"@type\":\"ImageObject\",\"inLanguage\":\"pt-BR\",\"@id\":\"https:\\\/\\\/regiaonews.net.br\\\/2022\\\/#\\\/schema\\\/logo\\\/image\\\/\",\"url\":\"https:\\\/\\\/regiaonews.net.br\\\/2022\\\/wp-content\\\/uploads\\\/2026\\\/03\\\/regiao-13-anos-scaled.jpg\",\"contentUrl\":\"https:\\\/\\\/regiaonews.net.br\\\/2022\\\/wp-content\\\/uploads\\\/2026\\\/03\\\/regiao-13-anos-scaled.jpg\",\"width\":2560,\"height\":635,\"caption\":\"Regi\u00e3o News\"},\"image\":{\"@id\":\"https:\\\/\\\/regiaonews.net.br\\\/2022\\\/#\\\/schema\\\/logo\\\/image\\\/\"}},{\"@type\":\"Person\",\"@id\":\"https:\\\/\\\/regiaonews.net.br\\\/2022\\\/#\\\/schema\\\/person\\\/2d205a608a5aa97ac279d7a5e6d89ad8\",\"name\":\"Roberto\",\"image\":{\"@type\":\"ImageObject\",\"inLanguage\":\"pt-BR\",\"@id\":\"https:\\\/\\\/secure.gravatar.com\\\/avatar\\\/42749d8b712ff9d59ca93dc150494e5b55a44134482993f5baeb97e61b7ecc89?s=96&d=mm&r=g\",\"url\":\"https:\\\/\\\/secure.gravatar.com\\\/avatar\\\/42749d8b712ff9d59ca93dc150494e5b55a44134482993f5baeb97e61b7ecc89?s=96&d=mm&r=g\",\"contentUrl\":\"https:\\\/\\\/secure.gravatar.com\\\/avatar\\\/42749d8b712ff9d59ca93dc150494e5b55a44134482993f5baeb97e61b7ecc89?s=96&d=mm&r=g\",\"caption\":\"Roberto\"},\"url\":\"https:\\\/\\\/regiaonews.net.br\\\/2022\\\/author\\\/roberto\\\/\"}]}<\/script>\n<!-- \/ Yoast SEO plugin. -->","yoast_head_json":{"title":"Casa da Mulher promove palestra sobre sa\u00fade bucal desde o nascimento para gestantes de Barretos e regi\u00e3o - Regi\u00e3o News","robots":{"index":"index","follow":"follow","max-snippet":"max-snippet:-1","max-image-preview":"max-image-preview:large","max-video-preview":"max-video-preview:-1"},"canonical":"https:\/\/regiaonews.net.br\/2022\/2024\/05\/13\/casa-da-mulher-promove-palestra-sobre-saude-bucal-desde-o-nascimento-para-gestantes-de-barretos-e-regiao\/","og_locale":"pt_BR","og_type":"article","og_title":"Casa da Mulher promove palestra sobre sa\u00fade bucal desde o nascimento para gestantes de Barretos e regi\u00e3o - Regi\u00e3o News","og_description":"&nbsp; A iniciativa \u00e9 uma parceria com o curso de","og_url":"https:\/\/regiaonews.net.br\/2022\/2024\/05\/13\/casa-da-mulher-promove-palestra-sobre-saude-bucal-desde-o-nascimento-para-gestantes-de-barretos-e-regiao\/","og_site_name":"Regi\u00e3o News","article_published_time":"2024-05-13T23:17:05+00:00","og_image":[{"width":904,"height":1280,"url":"https:\/\/regiaonews.net.br\/2022\/wp-content\/uploads\/2024\/05\/WhatsApp-Image-2024-05-13-at-15.36.14.jpeg","type":"image\/jpeg"}],"author":"Roberto","twitter_card":"summary_large_image","twitter_misc":{"Escrito por":"Roberto","Est. tempo de leitura":"1 minuto"},"schema":{"@context":"https:\/\/schema.org","@graph":[{"@type":"Article","@id":"https:\/\/regiaonews.net.br\/2022\/2024\/05\/13\/casa-da-mulher-promove-palestra-sobre-saude-bucal-desde-o-nascimento-para-gestantes-de-barretos-e-regiao\/#article","isPartOf":{"@id":"https:\/\/regiaonews.net.br\/2022\/2024\/05\/13\/casa-da-mulher-promove-palestra-sobre-saude-bucal-desde-o-nascimento-para-gestantes-de-barretos-e-regiao\/"},"author":{"name":"Roberto","@id":"https:\/\/regiaonews.net.br\/2022\/#\/schema\/person\/2d205a608a5aa97ac279d7a5e6d89ad8"},"headline":"Casa da Mulher promove palestra sobre sa\u00fade bucal desde o nascimento para gestantes de Barretos e regi\u00e3o","datePublished":"2024-05-13T23:17:05+00:00","mainEntityOfPage":{"@id":"https:\/\/regiaonews.net.br\/2022\/2024\/05\/13\/casa-da-mulher-promove-palestra-sobre-saude-bucal-desde-o-nascimento-para-gestantes-de-barretos-e-regiao\/"},"wordCount":144,"commentCount":0,"publisher":{"@id":"https:\/\/regiaonews.net.br\/2022\/#organization"},"image":{"@id":"https:\/\/regiaonews.net.br\/2022\/2024\/05\/13\/casa-da-mulher-promove-palestra-sobre-saude-bucal-desde-o-nascimento-para-gestantes-de-barretos-e-regiao\/#primaryimage"},"thumbnailUrl":"https:\/\/regiaonews.net.br\/2022\/wp-content\/uploads\/2024\/05\/WhatsApp-Image-2024-05-13-at-15.36.14.jpeg","articleSection":["Barretos","Cidades"],"inLanguage":"pt-BR","potentialAction":[{"@type":"CommentAction","name":"Comment","target":["https:\/\/regiaonews.net.br\/2022\/2024\/05\/13\/casa-da-mulher-promove-palestra-sobre-saude-bucal-desde-o-nascimento-para-gestantes-de-barretos-e-regiao\/#respond"]}]},{"@type":"WebPage","@id":"https:\/\/regiaonews.net.br\/2022\/2024\/05\/13\/casa-da-mulher-promove-palestra-sobre-saude-bucal-desde-o-nascimento-para-gestantes-de-barretos-e-regiao\/","url":"https:\/\/regiaonews.net.br\/2022\/2024\/05\/13\/casa-da-mulher-promove-palestra-sobre-saude-bucal-desde-o-nascimento-para-gestantes-de-barretos-e-regiao\/","name":"Casa da Mulher promove palestra sobre sa\u00fade bucal desde o nascimento para gestantes de Barretos e regi\u00e3o - Regi\u00e3o News","isPartOf":{"@id":"https:\/\/regiaonews.net.br\/2022\/#website"},"primaryImageOfPage":{"@id":"https:\/\/regiaonews.net.br\/2022\/2024\/05\/13\/casa-da-mulher-promove-palestra-sobre-saude-bucal-desde-o-nascimento-para-gestantes-de-barretos-e-regiao\/#primaryimage"},"image":{"@id":"https:\/\/regiaonews.net.br\/2022\/2024\/05\/13\/casa-da-mulher-promove-palestra-sobre-saude-bucal-desde-o-nascimento-para-gestantes-de-barretos-e-regiao\/#primaryimage"},"thumbnailUrl":"https:\/\/regiaonews.net.br\/2022\/wp-content\/uploads\/2024\/05\/WhatsApp-Image-2024-05-13-at-15.36.14.jpeg","datePublished":"2024-05-13T23:17:05+00:00","breadcrumb":{"@id":"https:\/\/regiaonews.net.br\/2022\/2024\/05\/13\/casa-da-mulher-promove-palestra-sobre-saude-bucal-desde-o-nascimento-para-gestantes-de-barretos-e-regiao\/#breadcrumb"},"inLanguage":"pt-BR","potentialAction":[{"@type":"ReadAction","target":["https:\/\/regiaonews.net.br\/2022\/2024\/05\/13\/casa-da-mulher-promove-palestra-sobre-saude-bucal-desde-o-nascimento-para-gestantes-de-barretos-e-regiao\/"]}]},{"@type":"ImageObject","inLanguage":"pt-BR","@id":"https:\/\/regiaonews.net.br\/2022\/2024\/05\/13\/casa-da-mulher-promove-palestra-sobre-saude-bucal-desde-o-nascimento-para-gestantes-de-barretos-e-regiao\/#primaryimage","url":"https:\/\/regiaonews.net.br\/2022\/wp-content\/uploads\/2024\/05\/WhatsApp-Image-2024-05-13-at-15.36.14.jpeg","contentUrl":"https:\/\/regiaonews.net.br\/2022\/wp-content\/uploads\/2024\/05\/WhatsApp-Image-2024-05-13-at-15.36.14.jpeg","width":904,"height":1280},{"@type":"BreadcrumbList","@id":"https:\/\/regiaonews.net.br\/2022\/2024\/05\/13\/casa-da-mulher-promove-palestra-sobre-saude-bucal-desde-o-nascimento-para-gestantes-de-barretos-e-regiao\/#breadcrumb","itemListElement":[{"@type":"ListItem","position":1,"name":"In\u00edcio","item":"https:\/\/regiaonews.net.br\/2022\/"},{"@type":"ListItem","position":2,"name":"Casa da Mulher promove palestra sobre sa\u00fade bucal desde o nascimento para gestantes de Barretos e regi\u00e3o"}]},{"@type":"WebSite","@id":"https:\/\/regiaonews.net.br\/2022\/#website","url":"https:\/\/regiaonews.net.br\/2022\/","name":"Regi\u00e3o News","description":"Site de Not\u00edcias de Barretos e regi\u00e3o","publisher":{"@id":"https:\/\/regiaonews.net.br\/2022\/#organization"},"potentialAction":[{"@type":"SearchAction","target":{"@type":"EntryPoint","urlTemplate":"https:\/\/regiaonews.net.br\/2022\/?s={search_term_string}"},"query-input":{"@type":"PropertyValueSpecification","valueRequired":true,"valueName":"search_term_string"}}],"inLanguage":"pt-BR"},{"@type":"Organization","@id":"https:\/\/regiaonews.net.br\/2022\/#organization","name":"Regi\u00e3o News","url":"https:\/\/regiaonews.net.br\/2022\/","logo":{"@type":"ImageObject","inLanguage":"pt-BR","@id":"https:\/\/regiaonews.net.br\/2022\/#\/schema\/logo\/image\/","url":"https:\/\/regiaonews.net.br\/2022\/wp-content\/uploads\/2026\/03\/regiao-13-anos-scaled.jpg","contentUrl":"https:\/\/regiaonews.net.br\/2022\/wp-content\/uploads\/2026\/03\/regiao-13-anos-scaled.jpg","width":2560,"height":635,"caption":"Regi\u00e3o News"},"image":{"@id":"https:\/\/regiaonews.net.br\/2022\/#\/schema\/logo\/image\/"}},{"@type":"Person","@id":"https:\/\/regiaonews.net.br\/2022\/#\/schema\/person\/2d205a608a5aa97ac279d7a5e6d89ad8","name":"Roberto","image":{"@type":"ImageObject","inLanguage":"pt-BR","@id":"https:\/\/secure.gravatar.com\/avatar\/42749d8b712ff9d59ca93dc150494e5b55a44134482993f5baeb97e61b7ecc89?s=96&d=mm&r=g","url":"https:\/\/secure.gravatar.com\/avatar\/42749d8b712ff9d59ca93dc150494e5b55a44134482993f5baeb97e61b7ecc89?s=96&d=mm&r=g","contentUrl":"https:\/\/secure.gravatar.com\/avatar\/42749d8b712ff9d59ca93dc150494e5b55a44134482993f5baeb97e61b7ecc89?s=96&d=mm&r=g","caption":"Roberto"},"url":"https:\/\/regiaonews.net.br\/2022\/author\/roberto\/"}]}},"publishpress_future_action":{"enabled":false,"date":"2026-05-03 10:35:09","action":"change-status","newStatus":"draft","terms":[],"taxonomy":"category","extraData":[]},"publishpress_future_workflow_manual_trigger":{"enabledWorkflows":[]},"_links":{"self":[{"href":"https:\/\/regiaonews.net.br\/2022\/wp-json\/wp\/v2\/posts\/104909","targetHints":{"allow":["GET"]}}],"collection":[{"href":"https:\/\/regiaonews.net.br\/2022\/wp-json\/wp\/v2\/posts"}],"about":[{"href":"https:\/\/regiaonews.net.br\/2022\/wp-json\/wp\/v2\/types\/post"}],"author":[{"embeddable":true,"href":"https:\/\/regiaonews.net.br\/2022\/wp-json\/wp\/v2\/users\/2"}],"replies":[{"embeddable":true,"href":"https:\/\/regiaonews.net.br\/2022\/wp-json\/wp\/v2\/comments?post=104909"}],"version-history":[{"count":1,"href":"https:\/\/regiaonews.net.br\/2022\/wp-json\/wp\/v2\/posts\/104909\/revisions"}],"predecessor-version":[{"id":104911,"href":"https:\/\/regiaonews.net.br\/2022\/wp-json\/wp\/v2\/posts\/104909\/revisions\/104911"}],"wp:featuredmedia":[{"embeddable":true,"href":"https:\/\/regiaonews.net.br\/2022\/wp-json\/wp\/v2\/media\/104910"}],"wp:attachment":[{"href":"https:\/\/regiaonews.net.br\/2022\/wp-json\/wp\/v2\/media?parent=104909"}],"wp:term":[{"taxonomy":"category","embeddable":true,"href":"https:\/\/regiaonews.net.br\/2022\/wp-json\/wp\/v2\/categories?post=104909"},{"taxonomy":"post_tag","embeddable":true,"href":"https:\/\/regiaonews.net.br\/2022\/wp-json\/wp\/v2\/tags?post=104909"}],"curies":[{"name":"wp","href":"https:\/\/api.w.org\/{rel}","templated":true}]}}