{"id":104894,"date":"2024-05-13T13:51:15","date_gmt":"2024-05-13T16:51:15","guid":{"rendered":"https:\/\/regiaonews.net.br\/2022\/?p=104894"},"modified":"2024-05-13T13:51:15","modified_gmt":"2024-05-13T16:51:15","slug":"populacao-rural-contara-com-avaliacao-de-lesoes-na-pele-no-dia-18-na-cachoerinha-e-no-dia-25-nas-tres-barras","status":"publish","type":"post","link":"https:\/\/regiaonews.net.br\/2022\/2024\/05\/13\/populacao-rural-contara-com-avaliacao-de-lesoes-na-pele-no-dia-18-na-cachoerinha-e-no-dia-25-nas-tres-barras\/","title":{"rendered":"Popula\u00e7\u00e3o rural contar\u00e1 com avalia\u00e7\u00e3o de les\u00f5es na pele: no dia 18 na Cachoerinha e no dia 25 nas Tr\u00eas Barras"},"content":{"rendered":"<h3 style=\"text-align: center;\">A a\u00e7\u00e3o aberta aos moradores leva em conta a exposi\u00e7\u00e3o constante ao sol. Haver\u00e1 tamb\u00e9m atendimento sobre CAR e CEP Rural<\/h3>\n<p>Equipes de sa\u00fade estar\u00e3o na zona rural nos pr\u00f3ximos s\u00e1bados, das 8 \u00e0s 12h, levando a\u00e7\u00f5es de preven\u00e7\u00e3o ao c\u00e2ncer de pele. No dia 18, ser\u00e1 na Igreja da Comunidade Cachoeirinha. No s\u00e1bado seguinte, dia 25, no barrac\u00e3o da Igreja da Comunidade das Tr\u00eas Barras.<\/p>\n<p>A campanha busca realizar avalia\u00e7\u00e3o dermatol\u00f3gica e identificar les\u00f5es suspeitas de c\u00e2ncer de pele, al\u00e9m de conscientizar sobre a import\u00e2ncia da preven\u00e7\u00e3o. Leva em considera\u00e7\u00e3o que grande parte da popula\u00e7\u00e3o rural fica muito exposta ao sol. No s\u00e1bado, todas as pessoas que moram nas redondezas e se interessarem poder\u00e3o comparecer ao local da avalia\u00e7\u00e3o.<\/p>\n<p>O c\u00e2ncer de pele \u00e9 o mais frequente no Brasil, e \u00e9 muito importante que a doen\u00e7a seja diagnosticada no est\u00e1gio inicial. Principalmente, se for do tipo melanoma: mais grave, provocando mais mortes quando descoberto com atraso.<\/p>\n<p>A campanha de Rastreio de C\u00e2ncer de Pele \u00e9 realizada pelo Projeto Retrate, do Hospital de Amor, e Minist\u00e9rio da Sa\u00fade. A a\u00e7\u00e3o na zona rural tem apoio da Prefeitura de Barretos, pela Secretaria Municipal de Agricultura, Meio Ambiente e Sustentabilidade; da Casa da Agricultura de Barretos, Coordenadoria de Assist\u00eancia T\u00e9cnica Integral (CATI); Sindicato Rural Vale do Rio Grande (SIRVARIG) e Cooperativa de Trabalhadores Rurais de Barretos e Regi\u00e3o (COOPBAR).<\/p>\n<p>CAR e CEP Rural<br \/>\nA equipe da Casa da Agricultura e engenheiros da Administra\u00e7\u00e3o Municipal estar\u00e3o presentes, no mesmo per\u00edodo, oferecendo assist\u00eancia sobre o Cadastro Ambiental Rural (CAR). \u00c9 obrigat\u00f3rio que todos os im\u00f3veis rurais estejam inscritos nesse cadastro, que \u00e9 o primeiro passo para a regulariza\u00e7\u00e3o ambiental e d\u00e1 acesso a benef\u00edcios previstos no C\u00f3digo Florestal.<\/p>\n<p>Para o atendimento sobre CAR, o interessado deve apresentar RG e CPF dos propriet\u00e1rios e seus c\u00f4njuges, conforme especificados na matr\u00edcula do im\u00f3vel; c\u00f3pia do \u00faltimo CAR; matr\u00edcula recente do im\u00f3vel e comprovante de endere\u00e7o. Tamb\u00e9m \u00e9 preciso informar e-mail e telefone para poss\u00edveis contatos.<\/p>\n<p>Ser\u00e3o fornecidas ainda orienta\u00e7\u00f5es e entregas do C\u00f3digo Rural (CEP Rural), que facilita a localiza\u00e7\u00e3o das propriedades. Por meio do Programa Rotas Rurais, o acesso remoto a mapas e rotas promove integra\u00e7\u00e3o entre diversos setores, visando proporcionar servi\u00e7os mais eficientes \u00e0 popula\u00e7\u00e3o do campo.<\/p>\n<p>Todos os atendimentos ser\u00e3o gratuitos.<\/p>\n<p>Servi\u00e7o:<br \/>\nAssunto: Campanha de Rastreio de C\u00e2ncer de Pele na zona rural<br \/>\nComo: Profissionais de sa\u00fade convidam a popula\u00e7\u00e3o para ser examinada;<br \/>\nAtendimentos sobre CAR e CEP Rural: t\u00e9cnicos oferecem instru\u00e7\u00f5es aos produtores rurais.<br \/>\nGratuito<\/p>\n<p>Datas e locais:<br \/>\nComunidade Cachoeirinha: 18\/5 (s\u00e1bado) \u2013 das 8 \u00e0s 12h, no barrac\u00e3o da Igreja da Cachoeirinha;<\/p>\n<p>Comunidade Tr\u00eas Barras: 25\/5 (s\u00e1bado) \u2013 das 8 \u00e0s 12h, no barrac\u00e3o da Igreja das Tr\u00eas Barras.<\/p>\n","protected":false},"excerpt":{"rendered":"<p>A a\u00e7\u00e3o aberta aos moradores leva em conta a exposi\u00e7\u00e3o<\/p>\n","protected":false},"author":2,"featured_media":104896,"comment_status":"open","ping_status":"open","sticky":false,"template":"","format":"standard","meta":{"footnotes":""},"categories":[14,3],"tags":[],"class_list":["post-104894","post","type-post","status-publish","format-standard","has-post-thumbnail","hentry","category-barretos","category-geral"],"yoast_head":"<!-- This site is optimized with the Yoast SEO plugin v27.4 - https:\/\/yoast.com\/product\/yoast-seo-wordpress\/ -->\n<title>Popula\u00e7\u00e3o rural contar\u00e1 com avalia\u00e7\u00e3o de les\u00f5es na pele: no dia 18 na Cachoerinha e no dia 25 nas Tr\u00eas Barras - Regi\u00e3o News<\/title>\n<meta name=\"robots\" content=\"index, follow, max-snippet:-1, max-image-preview:large, max-video-preview:-1\" \/>\n<link rel=\"canonical\" href=\"https:\/\/regiaonews.net.br\/2022\/2024\/05\/13\/populacao-rural-contara-com-avaliacao-de-lesoes-na-pele-no-dia-18-na-cachoerinha-e-no-dia-25-nas-tres-barras\/\" \/>\n<meta property=\"og:locale\" content=\"pt_BR\" \/>\n<meta property=\"og:type\" content=\"article\" \/>\n<meta property=\"og:title\" content=\"Popula\u00e7\u00e3o rural contar\u00e1 com avalia\u00e7\u00e3o de les\u00f5es na pele: no dia 18 na Cachoerinha e no dia 25 nas Tr\u00eas Barras - Regi\u00e3o News\" \/>\n<meta property=\"og:description\" content=\"A a\u00e7\u00e3o aberta aos moradores leva em conta a exposi\u00e7\u00e3o\" \/>\n<meta property=\"og:url\" content=\"https:\/\/regiaonews.net.br\/2022\/2024\/05\/13\/populacao-rural-contara-com-avaliacao-de-lesoes-na-pele-no-dia-18-na-cachoerinha-e-no-dia-25-nas-tres-barras\/\" \/>\n<meta property=\"og:site_name\" content=\"Regi\u00e3o News\" \/>\n<meta property=\"article:published_time\" content=\"2024-05-13T16:51:15+00:00\" \/>\n<meta property=\"og:image\" content=\"https:\/\/regiaonews.net.br\/2022\/wp-content\/uploads\/2024\/05\/Imagem-do-WhatsApp-de-2024-05-13-as-13.06.49_27537dce.jpg\" \/>\n\t<meta property=\"og:image:width\" content=\"1279\" \/>\n\t<meta property=\"og:image:height\" content=\"1600\" \/>\n\t<meta property=\"og:image:type\" content=\"image\/jpeg\" \/>\n<meta name=\"author\" content=\"Roberto\" \/>\n<meta name=\"twitter:card\" content=\"summary_large_image\" \/>\n<meta name=\"twitter:label1\" content=\"Escrito por\" \/>\n\t<meta name=\"twitter:data1\" content=\"Roberto\" \/>\n\t<meta name=\"twitter:label2\" content=\"Est. tempo de leitura\" \/>\n\t<meta name=\"twitter:data2\" content=\"3 minutos\" \/>\n<script type=\"application\/ld+json\" class=\"yoast-schema-graph\">{\"@context\":\"https:\\\/\\\/schema.org\",\"@graph\":[{\"@type\":\"Article\",\"@id\":\"https:\\\/\\\/regiaonews.net.br\\\/2022\\\/2024\\\/05\\\/13\\\/populacao-rural-contara-com-avaliacao-de-lesoes-na-pele-no-dia-18-na-cachoerinha-e-no-dia-25-nas-tres-barras\\\/#article\",\"isPartOf\":{\"@id\":\"https:\\\/\\\/regiaonews.net.br\\\/2022\\\/2024\\\/05\\\/13\\\/populacao-rural-contara-com-avaliacao-de-lesoes-na-pele-no-dia-18-na-cachoerinha-e-no-dia-25-nas-tres-barras\\\/\"},\"author\":{\"name\":\"Roberto\",\"@id\":\"https:\\\/\\\/regiaonews.net.br\\\/2022\\\/#\\\/schema\\\/person\\\/2d205a608a5aa97ac279d7a5e6d89ad8\"},\"headline\":\"Popula\u00e7\u00e3o rural contar\u00e1 com avalia\u00e7\u00e3o de les\u00f5es na pele: no dia 18 na Cachoerinha e no dia 25 nas Tr\u00eas Barras\",\"datePublished\":\"2024-05-13T16:51:15+00:00\",\"mainEntityOfPage\":{\"@id\":\"https:\\\/\\\/regiaonews.net.br\\\/2022\\\/2024\\\/05\\\/13\\\/populacao-rural-contara-com-avaliacao-de-lesoes-na-pele-no-dia-18-na-cachoerinha-e-no-dia-25-nas-tres-barras\\\/\"},\"wordCount\":529,\"commentCount\":0,\"publisher\":{\"@id\":\"https:\\\/\\\/regiaonews.net.br\\\/2022\\\/#organization\"},\"image\":{\"@id\":\"https:\\\/\\\/regiaonews.net.br\\\/2022\\\/2024\\\/05\\\/13\\\/populacao-rural-contara-com-avaliacao-de-lesoes-na-pele-no-dia-18-na-cachoerinha-e-no-dia-25-nas-tres-barras\\\/#primaryimage\"},\"thumbnailUrl\":\"https:\\\/\\\/regiaonews.net.br\\\/2022\\\/wp-content\\\/uploads\\\/2024\\\/05\\\/Imagem-do-WhatsApp-de-2024-05-13-as-13.06.49_27537dce.jpg\",\"articleSection\":[\"Barretos\",\"Geral\"],\"inLanguage\":\"pt-BR\",\"potentialAction\":[{\"@type\":\"CommentAction\",\"name\":\"Comment\",\"target\":[\"https:\\\/\\\/regiaonews.net.br\\\/2022\\\/2024\\\/05\\\/13\\\/populacao-rural-contara-com-avaliacao-de-lesoes-na-pele-no-dia-18-na-cachoerinha-e-no-dia-25-nas-tres-barras\\\/#respond\"]}]},{\"@type\":\"WebPage\",\"@id\":\"https:\\\/\\\/regiaonews.net.br\\\/2022\\\/2024\\\/05\\\/13\\\/populacao-rural-contara-com-avaliacao-de-lesoes-na-pele-no-dia-18-na-cachoerinha-e-no-dia-25-nas-tres-barras\\\/\",\"url\":\"https:\\\/\\\/regiaonews.net.br\\\/2022\\\/2024\\\/05\\\/13\\\/populacao-rural-contara-com-avaliacao-de-lesoes-na-pele-no-dia-18-na-cachoerinha-e-no-dia-25-nas-tres-barras\\\/\",\"name\":\"Popula\u00e7\u00e3o rural contar\u00e1 com avalia\u00e7\u00e3o de les\u00f5es na pele: no dia 18 na Cachoerinha e no dia 25 nas Tr\u00eas Barras - Regi\u00e3o News\",\"isPartOf\":{\"@id\":\"https:\\\/\\\/regiaonews.net.br\\\/2022\\\/#website\"},\"primaryImageOfPage\":{\"@id\":\"https:\\\/\\\/regiaonews.net.br\\\/2022\\\/2024\\\/05\\\/13\\\/populacao-rural-contara-com-avaliacao-de-lesoes-na-pele-no-dia-18-na-cachoerinha-e-no-dia-25-nas-tres-barras\\\/#primaryimage\"},\"image\":{\"@id\":\"https:\\\/\\\/regiaonews.net.br\\\/2022\\\/2024\\\/05\\\/13\\\/populacao-rural-contara-com-avaliacao-de-lesoes-na-pele-no-dia-18-na-cachoerinha-e-no-dia-25-nas-tres-barras\\\/#primaryimage\"},\"thumbnailUrl\":\"https:\\\/\\\/regiaonews.net.br\\\/2022\\\/wp-content\\\/uploads\\\/2024\\\/05\\\/Imagem-do-WhatsApp-de-2024-05-13-as-13.06.49_27537dce.jpg\",\"datePublished\":\"2024-05-13T16:51:15+00:00\",\"breadcrumb\":{\"@id\":\"https:\\\/\\\/regiaonews.net.br\\\/2022\\\/2024\\\/05\\\/13\\\/populacao-rural-contara-com-avaliacao-de-lesoes-na-pele-no-dia-18-na-cachoerinha-e-no-dia-25-nas-tres-barras\\\/#breadcrumb\"},\"inLanguage\":\"pt-BR\",\"potentialAction\":[{\"@type\":\"ReadAction\",\"target\":[\"https:\\\/\\\/regiaonews.net.br\\\/2022\\\/2024\\\/05\\\/13\\\/populacao-rural-contara-com-avaliacao-de-lesoes-na-pele-no-dia-18-na-cachoerinha-e-no-dia-25-nas-tres-barras\\\/\"]}]},{\"@type\":\"ImageObject\",\"inLanguage\":\"pt-BR\",\"@id\":\"https:\\\/\\\/regiaonews.net.br\\\/2022\\\/2024\\\/05\\\/13\\\/populacao-rural-contara-com-avaliacao-de-lesoes-na-pele-no-dia-18-na-cachoerinha-e-no-dia-25-nas-tres-barras\\\/#primaryimage\",\"url\":\"https:\\\/\\\/regiaonews.net.br\\\/2022\\\/wp-content\\\/uploads\\\/2024\\\/05\\\/Imagem-do-WhatsApp-de-2024-05-13-as-13.06.49_27537dce.jpg\",\"contentUrl\":\"https:\\\/\\\/regiaonews.net.br\\\/2022\\\/wp-content\\\/uploads\\\/2024\\\/05\\\/Imagem-do-WhatsApp-de-2024-05-13-as-13.06.49_27537dce.jpg\",\"width\":1279,\"height\":1600},{\"@type\":\"BreadcrumbList\",\"@id\":\"https:\\\/\\\/regiaonews.net.br\\\/2022\\\/2024\\\/05\\\/13\\\/populacao-rural-contara-com-avaliacao-de-lesoes-na-pele-no-dia-18-na-cachoerinha-e-no-dia-25-nas-tres-barras\\\/#breadcrumb\",\"itemListElement\":[{\"@type\":\"ListItem\",\"position\":1,\"name\":\"In\u00edcio\",\"item\":\"https:\\\/\\\/regiaonews.net.br\\\/2022\\\/\"},{\"@type\":\"ListItem\",\"position\":2,\"name\":\"Popula\u00e7\u00e3o rural contar\u00e1 com avalia\u00e7\u00e3o de les\u00f5es na pele: no dia 18 na Cachoerinha e no dia 25 nas Tr\u00eas Barras\"}]},{\"@type\":\"WebSite\",\"@id\":\"https:\\\/\\\/regiaonews.net.br\\\/2022\\\/#website\",\"url\":\"https:\\\/\\\/regiaonews.net.br\\\/2022\\\/\",\"name\":\"Regi\u00e3o News\",\"description\":\"Site de Not\u00edcias de Barretos e regi\u00e3o\",\"publisher\":{\"@id\":\"https:\\\/\\\/regiaonews.net.br\\\/2022\\\/#organization\"},\"potentialAction\":[{\"@type\":\"SearchAction\",\"target\":{\"@type\":\"EntryPoint\",\"urlTemplate\":\"https:\\\/\\\/regiaonews.net.br\\\/2022\\\/?s={search_term_string}\"},\"query-input\":{\"@type\":\"PropertyValueSpecification\",\"valueRequired\":true,\"valueName\":\"search_term_string\"}}],\"inLanguage\":\"pt-BR\"},{\"@type\":\"Organization\",\"@id\":\"https:\\\/\\\/regiaonews.net.br\\\/2022\\\/#organization\",\"name\":\"Regi\u00e3o News\",\"url\":\"https:\\\/\\\/regiaonews.net.br\\\/2022\\\/\",\"logo\":{\"@type\":\"ImageObject\",\"inLanguage\":\"pt-BR\",\"@id\":\"https:\\\/\\\/regiaonews.net.br\\\/2022\\\/#\\\/schema\\\/logo\\\/image\\\/\",\"url\":\"https:\\\/\\\/regiaonews.net.br\\\/2022\\\/wp-content\\\/uploads\\\/2026\\\/03\\\/regiao-13-anos-scaled.jpg\",\"contentUrl\":\"https:\\\/\\\/regiaonews.net.br\\\/2022\\\/wp-content\\\/uploads\\\/2026\\\/03\\\/regiao-13-anos-scaled.jpg\",\"width\":2560,\"height\":635,\"caption\":\"Regi\u00e3o News\"},\"image\":{\"@id\":\"https:\\\/\\\/regiaonews.net.br\\\/2022\\\/#\\\/schema\\\/logo\\\/image\\\/\"}},{\"@type\":\"Person\",\"@id\":\"https:\\\/\\\/regiaonews.net.br\\\/2022\\\/#\\\/schema\\\/person\\\/2d205a608a5aa97ac279d7a5e6d89ad8\",\"name\":\"Roberto\",\"image\":{\"@type\":\"ImageObject\",\"inLanguage\":\"pt-BR\",\"@id\":\"https:\\\/\\\/secure.gravatar.com\\\/avatar\\\/42749d8b712ff9d59ca93dc150494e5b55a44134482993f5baeb97e61b7ecc89?s=96&d=mm&r=g\",\"url\":\"https:\\\/\\\/secure.gravatar.com\\\/avatar\\\/42749d8b712ff9d59ca93dc150494e5b55a44134482993f5baeb97e61b7ecc89?s=96&d=mm&r=g\",\"contentUrl\":\"https:\\\/\\\/secure.gravatar.com\\\/avatar\\\/42749d8b712ff9d59ca93dc150494e5b55a44134482993f5baeb97e61b7ecc89?s=96&d=mm&r=g\",\"caption\":\"Roberto\"},\"url\":\"https:\\\/\\\/regiaonews.net.br\\\/2022\\\/author\\\/roberto\\\/\"}]}<\/script>\n<!-- \/ Yoast SEO plugin. -->","yoast_head_json":{"title":"Popula\u00e7\u00e3o rural contar\u00e1 com avalia\u00e7\u00e3o de les\u00f5es na pele: no dia 18 na Cachoerinha e no dia 25 nas Tr\u00eas Barras - Regi\u00e3o News","robots":{"index":"index","follow":"follow","max-snippet":"max-snippet:-1","max-image-preview":"max-image-preview:large","max-video-preview":"max-video-preview:-1"},"canonical":"https:\/\/regiaonews.net.br\/2022\/2024\/05\/13\/populacao-rural-contara-com-avaliacao-de-lesoes-na-pele-no-dia-18-na-cachoerinha-e-no-dia-25-nas-tres-barras\/","og_locale":"pt_BR","og_type":"article","og_title":"Popula\u00e7\u00e3o rural contar\u00e1 com avalia\u00e7\u00e3o de les\u00f5es na pele: no dia 18 na Cachoerinha e no dia 25 nas Tr\u00eas Barras - Regi\u00e3o News","og_description":"A a\u00e7\u00e3o aberta aos moradores leva em conta a exposi\u00e7\u00e3o","og_url":"https:\/\/regiaonews.net.br\/2022\/2024\/05\/13\/populacao-rural-contara-com-avaliacao-de-lesoes-na-pele-no-dia-18-na-cachoerinha-e-no-dia-25-nas-tres-barras\/","og_site_name":"Regi\u00e3o News","article_published_time":"2024-05-13T16:51:15+00:00","og_image":[{"width":1279,"height":1600,"url":"https:\/\/regiaonews.net.br\/2022\/wp-content\/uploads\/2024\/05\/Imagem-do-WhatsApp-de-2024-05-13-as-13.06.49_27537dce.jpg","type":"image\/jpeg"}],"author":"Roberto","twitter_card":"summary_large_image","twitter_misc":{"Escrito por":"Roberto","Est. tempo de leitura":"3 minutos"},"schema":{"@context":"https:\/\/schema.org","@graph":[{"@type":"Article","@id":"https:\/\/regiaonews.net.br\/2022\/2024\/05\/13\/populacao-rural-contara-com-avaliacao-de-lesoes-na-pele-no-dia-18-na-cachoerinha-e-no-dia-25-nas-tres-barras\/#article","isPartOf":{"@id":"https:\/\/regiaonews.net.br\/2022\/2024\/05\/13\/populacao-rural-contara-com-avaliacao-de-lesoes-na-pele-no-dia-18-na-cachoerinha-e-no-dia-25-nas-tres-barras\/"},"author":{"name":"Roberto","@id":"https:\/\/regiaonews.net.br\/2022\/#\/schema\/person\/2d205a608a5aa97ac279d7a5e6d89ad8"},"headline":"Popula\u00e7\u00e3o rural contar\u00e1 com avalia\u00e7\u00e3o de les\u00f5es na pele: no dia 18 na Cachoerinha e no dia 25 nas Tr\u00eas Barras","datePublished":"2024-05-13T16:51:15+00:00","mainEntityOfPage":{"@id":"https:\/\/regiaonews.net.br\/2022\/2024\/05\/13\/populacao-rural-contara-com-avaliacao-de-lesoes-na-pele-no-dia-18-na-cachoerinha-e-no-dia-25-nas-tres-barras\/"},"wordCount":529,"commentCount":0,"publisher":{"@id":"https:\/\/regiaonews.net.br\/2022\/#organization"},"image":{"@id":"https:\/\/regiaonews.net.br\/2022\/2024\/05\/13\/populacao-rural-contara-com-avaliacao-de-lesoes-na-pele-no-dia-18-na-cachoerinha-e-no-dia-25-nas-tres-barras\/#primaryimage"},"thumbnailUrl":"https:\/\/regiaonews.net.br\/2022\/wp-content\/uploads\/2024\/05\/Imagem-do-WhatsApp-de-2024-05-13-as-13.06.49_27537dce.jpg","articleSection":["Barretos","Geral"],"inLanguage":"pt-BR","potentialAction":[{"@type":"CommentAction","name":"Comment","target":["https:\/\/regiaonews.net.br\/2022\/2024\/05\/13\/populacao-rural-contara-com-avaliacao-de-lesoes-na-pele-no-dia-18-na-cachoerinha-e-no-dia-25-nas-tres-barras\/#respond"]}]},{"@type":"WebPage","@id":"https:\/\/regiaonews.net.br\/2022\/2024\/05\/13\/populacao-rural-contara-com-avaliacao-de-lesoes-na-pele-no-dia-18-na-cachoerinha-e-no-dia-25-nas-tres-barras\/","url":"https:\/\/regiaonews.net.br\/2022\/2024\/05\/13\/populacao-rural-contara-com-avaliacao-de-lesoes-na-pele-no-dia-18-na-cachoerinha-e-no-dia-25-nas-tres-barras\/","name":"Popula\u00e7\u00e3o rural contar\u00e1 com avalia\u00e7\u00e3o de les\u00f5es na pele: no dia 18 na Cachoerinha e no dia 25 nas Tr\u00eas Barras - Regi\u00e3o News","isPartOf":{"@id":"https:\/\/regiaonews.net.br\/2022\/#website"},"primaryImageOfPage":{"@id":"https:\/\/regiaonews.net.br\/2022\/2024\/05\/13\/populacao-rural-contara-com-avaliacao-de-lesoes-na-pele-no-dia-18-na-cachoerinha-e-no-dia-25-nas-tres-barras\/#primaryimage"},"image":{"@id":"https:\/\/regiaonews.net.br\/2022\/2024\/05\/13\/populacao-rural-contara-com-avaliacao-de-lesoes-na-pele-no-dia-18-na-cachoerinha-e-no-dia-25-nas-tres-barras\/#primaryimage"},"thumbnailUrl":"https:\/\/regiaonews.net.br\/2022\/wp-content\/uploads\/2024\/05\/Imagem-do-WhatsApp-de-2024-05-13-as-13.06.49_27537dce.jpg","datePublished":"2024-05-13T16:51:15+00:00","breadcrumb":{"@id":"https:\/\/regiaonews.net.br\/2022\/2024\/05\/13\/populacao-rural-contara-com-avaliacao-de-lesoes-na-pele-no-dia-18-na-cachoerinha-e-no-dia-25-nas-tres-barras\/#breadcrumb"},"inLanguage":"pt-BR","potentialAction":[{"@type":"ReadAction","target":["https:\/\/regiaonews.net.br\/2022\/2024\/05\/13\/populacao-rural-contara-com-avaliacao-de-lesoes-na-pele-no-dia-18-na-cachoerinha-e-no-dia-25-nas-tres-barras\/"]}]},{"@type":"ImageObject","inLanguage":"pt-BR","@id":"https:\/\/regiaonews.net.br\/2022\/2024\/05\/13\/populacao-rural-contara-com-avaliacao-de-lesoes-na-pele-no-dia-18-na-cachoerinha-e-no-dia-25-nas-tres-barras\/#primaryimage","url":"https:\/\/regiaonews.net.br\/2022\/wp-content\/uploads\/2024\/05\/Imagem-do-WhatsApp-de-2024-05-13-as-13.06.49_27537dce.jpg","contentUrl":"https:\/\/regiaonews.net.br\/2022\/wp-content\/uploads\/2024\/05\/Imagem-do-WhatsApp-de-2024-05-13-as-13.06.49_27537dce.jpg","width":1279,"height":1600},{"@type":"BreadcrumbList","@id":"https:\/\/regiaonews.net.br\/2022\/2024\/05\/13\/populacao-rural-contara-com-avaliacao-de-lesoes-na-pele-no-dia-18-na-cachoerinha-e-no-dia-25-nas-tres-barras\/#breadcrumb","itemListElement":[{"@type":"ListItem","position":1,"name":"In\u00edcio","item":"https:\/\/regiaonews.net.br\/2022\/"},{"@type":"ListItem","position":2,"name":"Popula\u00e7\u00e3o rural contar\u00e1 com avalia\u00e7\u00e3o de les\u00f5es na pele: no dia 18 na Cachoerinha e no dia 25 nas Tr\u00eas Barras"}]},{"@type":"WebSite","@id":"https:\/\/regiaonews.net.br\/2022\/#website","url":"https:\/\/regiaonews.net.br\/2022\/","name":"Regi\u00e3o News","description":"Site de Not\u00edcias de Barretos e regi\u00e3o","publisher":{"@id":"https:\/\/regiaonews.net.br\/2022\/#organization"},"potentialAction":[{"@type":"SearchAction","target":{"@type":"EntryPoint","urlTemplate":"https:\/\/regiaonews.net.br\/2022\/?s={search_term_string}"},"query-input":{"@type":"PropertyValueSpecification","valueRequired":true,"valueName":"search_term_string"}}],"inLanguage":"pt-BR"},{"@type":"Organization","@id":"https:\/\/regiaonews.net.br\/2022\/#organization","name":"Regi\u00e3o News","url":"https:\/\/regiaonews.net.br\/2022\/","logo":{"@type":"ImageObject","inLanguage":"pt-BR","@id":"https:\/\/regiaonews.net.br\/2022\/#\/schema\/logo\/image\/","url":"https:\/\/regiaonews.net.br\/2022\/wp-content\/uploads\/2026\/03\/regiao-13-anos-scaled.jpg","contentUrl":"https:\/\/regiaonews.net.br\/2022\/wp-content\/uploads\/2026\/03\/regiao-13-anos-scaled.jpg","width":2560,"height":635,"caption":"Regi\u00e3o News"},"image":{"@id":"https:\/\/regiaonews.net.br\/2022\/#\/schema\/logo\/image\/"}},{"@type":"Person","@id":"https:\/\/regiaonews.net.br\/2022\/#\/schema\/person\/2d205a608a5aa97ac279d7a5e6d89ad8","name":"Roberto","image":{"@type":"ImageObject","inLanguage":"pt-BR","@id":"https:\/\/secure.gravatar.com\/avatar\/42749d8b712ff9d59ca93dc150494e5b55a44134482993f5baeb97e61b7ecc89?s=96&d=mm&r=g","url":"https:\/\/secure.gravatar.com\/avatar\/42749d8b712ff9d59ca93dc150494e5b55a44134482993f5baeb97e61b7ecc89?s=96&d=mm&r=g","contentUrl":"https:\/\/secure.gravatar.com\/avatar\/42749d8b712ff9d59ca93dc150494e5b55a44134482993f5baeb97e61b7ecc89?s=96&d=mm&r=g","caption":"Roberto"},"url":"https:\/\/regiaonews.net.br\/2022\/author\/roberto\/"}]}},"publishpress_future_action":{"enabled":false,"date":"2026-05-03 07:11:56","action":"change-status","newStatus":"draft","terms":[],"taxonomy":"category","extraData":[]},"publishpress_future_workflow_manual_trigger":{"enabledWorkflows":[]},"_links":{"self":[{"href":"https:\/\/regiaonews.net.br\/2022\/wp-json\/wp\/v2\/posts\/104894","targetHints":{"allow":["GET"]}}],"collection":[{"href":"https:\/\/regiaonews.net.br\/2022\/wp-json\/wp\/v2\/posts"}],"about":[{"href":"https:\/\/regiaonews.net.br\/2022\/wp-json\/wp\/v2\/types\/post"}],"author":[{"embeddable":true,"href":"https:\/\/regiaonews.net.br\/2022\/wp-json\/wp\/v2\/users\/2"}],"replies":[{"embeddable":true,"href":"https:\/\/regiaonews.net.br\/2022\/wp-json\/wp\/v2\/comments?post=104894"}],"version-history":[{"count":1,"href":"https:\/\/regiaonews.net.br\/2022\/wp-json\/wp\/v2\/posts\/104894\/revisions"}],"predecessor-version":[{"id":104897,"href":"https:\/\/regiaonews.net.br\/2022\/wp-json\/wp\/v2\/posts\/104894\/revisions\/104897"}],"wp:featuredmedia":[{"embeddable":true,"href":"https:\/\/regiaonews.net.br\/2022\/wp-json\/wp\/v2\/media\/104896"}],"wp:attachment":[{"href":"https:\/\/regiaonews.net.br\/2022\/wp-json\/wp\/v2\/media?parent=104894"}],"wp:term":[{"taxonomy":"category","embeddable":true,"href":"https:\/\/regiaonews.net.br\/2022\/wp-json\/wp\/v2\/categories?post=104894"},{"taxonomy":"post_tag","embeddable":true,"href":"https:\/\/regiaonews.net.br\/2022\/wp-json\/wp\/v2\/tags?post=104894"}],"curies":[{"name":"wp","href":"https:\/\/api.w.org\/{rel}","templated":true}]}}