{"id":104820,"date":"2024-05-10T18:55:47","date_gmt":"2024-05-10T21:55:47","guid":{"rendered":"https:\/\/regiaonews.net.br\/2022\/?p=104820"},"modified":"2024-05-10T18:59:13","modified_gmt":"2024-05-10T21:59:13","slug":"bombeiros-de-sp-encontram-barco-virado-e-resgatam-quatro-pessoas-que-estavam-na-agua-no-rs","status":"publish","type":"post","link":"https:\/\/regiaonews.net.br\/2022\/2024\/05\/10\/bombeiros-de-sp-encontram-barco-virado-e-resgatam-quatro-pessoas-que-estavam-na-agua-no-rs\/","title":{"rendered":"Bombeiros de SP encontram barco virado e resgatam quatro pessoas que estavam na \u00e1gua no RS"},"content":{"rendered":"<div class=\"col-lg-12 mt-4\">\n<h3><\/h3>\n<\/div>\n<div class=\"col-lg-12 mt-2\">\n<h5>Volunt\u00e1rios estavam na embarca\u00e7\u00e3o para resgatar moradores ilhados quando sofreram o acidente<\/h5>\n<\/div>\n<div class=\"col-lg-12\">\n<p class=\"diasemana\">\n<\/div>\n<div class=\"col-lg-12\">\n<p class=\"autor\">Por Wellington Nascimento e Amanda Ramos<\/p>\n<\/div>\n<div class=\"col-lg-12 mt-3\">\n<div>\n<div>Um grupo de volunt\u00e1rios que estava salvando moradores ilhados com um barco na cidade de Eldorado do Sul, no Rio Grande do Sul, foi resgatado pela r\u00e1pida a\u00e7\u00e3o do Corpo de Bombeiros de S\u00e3o Paulo. O barco em que as quatro pessoas estavam se chocou com outra embarca\u00e7\u00e3o e virou, jogando os socorristas na \u00e1gua. A a\u00e7\u00e3o foi realizada na quarta-feira (8).<\/div>\n<div><\/div>\n<div>O sargento Marcel Carvalho estava em um bote passando pelo local quando ele e sua equipe viram algumas pessoas se afogando. Uma das pessoas estava agarrada em um poste para n\u00e3o ser levada pela correnteza. A equipe se aproximou e conseguiu resgatar todos, que foram colocados em um bote e levados at\u00e9 um centro m\u00e9dico em seguran\u00e7a.<\/div>\n<div><\/div>\n<div>\u201cEles estavam desesperados. Gritavam por socorro a toda hora. Felizmente pass\u00e1vamos pelo local e conseguimos fazer o resgate de todos os tripulantes\u201d, disse Carvalho, que est\u00e1 desde o dia 2 de maio auxiliando nas buscas e salvamento \u00e0s v\u00edtimas dos temporais no Rio Grande do Sul.<\/div>\n<div><\/div>\n<div>Al\u00e9m dos volunt\u00e1rios, dois cachorros que estavam na embarca\u00e7\u00e3o com os donos tamb\u00e9m foram resgatados. Um dos animais estava em cima de um muro com um dos tripulantes. O outro ficou no colo de uma das pessoas, que se agarrava no port\u00e3o de uma casa. Uma das v\u00edtimas que estava nas \u00e1guas sofria de AVC. A outra embarca\u00e7\u00e3o envolvida no acidente n\u00e3o sofreu danos e seguiu com as pessoas a bordo.<\/div>\n<div><\/div>\n<div>O bombeiro conta que essas ocorr\u00eancias s\u00e3o comuns enquanto patrulha as \u00e1reas afetadas. &#8220;Toda vez que vamos para um local, no meio do caminho sempre tem casos assim. S\u00e3o pessoas penduradas em \u00e1rvores, em postes, nas pra\u00e7as. A nossa miss\u00e3o \u00e9 resgat\u00e1-las todas em seguran\u00e7a&#8221;, diz.<\/div>\n<div><\/div>\n<div><b>\u00c1guia resgata homem com oclus\u00e3o arterial em Camaqu\u00e3, Rio Grande do Sul<\/b><\/div>\n<div><\/div>\n<\/div>\n<\/div>\n","protected":false},"excerpt":{"rendered":"<p>Volunt\u00e1rios estavam na embarca\u00e7\u00e3o para resgatar moradores ilhados quando sofreram<\/p>\n","protected":false},"author":2,"featured_media":104821,"comment_status":"open","ping_status":"open","sticky":false,"template":"","format":"standard","meta":{"footnotes":""},"categories":[24],"tags":[],"class_list":["post-104820","post","type-post","status-publish","format-standard","has-post-thumbnail","hentry","category-brasil"],"yoast_head":"<!-- This site is optimized with the Yoast SEO plugin v27.4 - https:\/\/yoast.com\/product\/yoast-seo-wordpress\/ -->\n<title>Bombeiros de SP encontram barco virado e resgatam quatro pessoas que estavam na \u00e1gua no RS - Regi\u00e3o News<\/title>\n<meta name=\"robots\" content=\"index, follow, max-snippet:-1, max-image-preview:large, max-video-preview:-1\" \/>\n<link rel=\"canonical\" href=\"https:\/\/regiaonews.net.br\/2022\/2024\/05\/10\/bombeiros-de-sp-encontram-barco-virado-e-resgatam-quatro-pessoas-que-estavam-na-agua-no-rs\/\" \/>\n<meta property=\"og:locale\" content=\"pt_BR\" \/>\n<meta property=\"og:type\" content=\"article\" \/>\n<meta property=\"og:title\" content=\"Bombeiros de SP encontram barco virado e resgatam quatro pessoas que estavam na \u00e1gua no RS - Regi\u00e3o News\" \/>\n<meta property=\"og:description\" content=\"Volunt\u00e1rios estavam na embarca\u00e7\u00e3o para resgatar moradores ilhados quando sofreram\" \/>\n<meta property=\"og:url\" content=\"https:\/\/regiaonews.net.br\/2022\/2024\/05\/10\/bombeiros-de-sp-encontram-barco-virado-e-resgatam-quatro-pessoas-que-estavam-na-agua-no-rs\/\" \/>\n<meta property=\"og:site_name\" content=\"Regi\u00e3o News\" \/>\n<meta property=\"article:published_time\" content=\"2024-05-10T21:55:47+00:00\" \/>\n<meta property=\"article:modified_time\" content=\"2024-05-10T21:59:13+00:00\" \/>\n<meta property=\"og:image\" content=\"https:\/\/regiaonews.net.br\/2022\/wp-content\/uploads\/2024\/05\/00054554.png\" \/>\n\t<meta property=\"og:image:width\" content=\"419\" \/>\n\t<meta property=\"og:image:height\" content=\"691\" \/>\n\t<meta property=\"og:image:type\" content=\"image\/png\" \/>\n<meta name=\"author\" content=\"Roberto\" \/>\n<meta name=\"twitter:card\" content=\"summary_large_image\" \/>\n<meta name=\"twitter:label1\" content=\"Escrito por\" \/>\n\t<meta name=\"twitter:data1\" content=\"Roberto\" \/>\n\t<meta name=\"twitter:label2\" content=\"Est. tempo de leitura\" \/>\n\t<meta name=\"twitter:data2\" content=\"2 minutos\" \/>\n<script type=\"application\/ld+json\" class=\"yoast-schema-graph\">{\"@context\":\"https:\\\/\\\/schema.org\",\"@graph\":[{\"@type\":\"Article\",\"@id\":\"https:\\\/\\\/regiaonews.net.br\\\/2022\\\/2024\\\/05\\\/10\\\/bombeiros-de-sp-encontram-barco-virado-e-resgatam-quatro-pessoas-que-estavam-na-agua-no-rs\\\/#article\",\"isPartOf\":{\"@id\":\"https:\\\/\\\/regiaonews.net.br\\\/2022\\\/2024\\\/05\\\/10\\\/bombeiros-de-sp-encontram-barco-virado-e-resgatam-quatro-pessoas-que-estavam-na-agua-no-rs\\\/\"},\"author\":{\"name\":\"Roberto\",\"@id\":\"https:\\\/\\\/regiaonews.net.br\\\/2022\\\/#\\\/schema\\\/person\\\/2d205a608a5aa97ac279d7a5e6d89ad8\"},\"headline\":\"Bombeiros de SP encontram barco virado e resgatam quatro pessoas que estavam na \u00e1gua no RS\",\"datePublished\":\"2024-05-10T21:55:47+00:00\",\"dateModified\":\"2024-05-10T21:59:13+00:00\",\"mainEntityOfPage\":{\"@id\":\"https:\\\/\\\/regiaonews.net.br\\\/2022\\\/2024\\\/05\\\/10\\\/bombeiros-de-sp-encontram-barco-virado-e-resgatam-quatro-pessoas-que-estavam-na-agua-no-rs\\\/\"},\"wordCount\":354,\"commentCount\":0,\"publisher\":{\"@id\":\"https:\\\/\\\/regiaonews.net.br\\\/2022\\\/#organization\"},\"image\":{\"@id\":\"https:\\\/\\\/regiaonews.net.br\\\/2022\\\/2024\\\/05\\\/10\\\/bombeiros-de-sp-encontram-barco-virado-e-resgatam-quatro-pessoas-que-estavam-na-agua-no-rs\\\/#primaryimage\"},\"thumbnailUrl\":\"https:\\\/\\\/regiaonews.net.br\\\/2022\\\/wp-content\\\/uploads\\\/2024\\\/05\\\/00054554.png\",\"articleSection\":[\"Brasil\"],\"inLanguage\":\"pt-BR\",\"potentialAction\":[{\"@type\":\"CommentAction\",\"name\":\"Comment\",\"target\":[\"https:\\\/\\\/regiaonews.net.br\\\/2022\\\/2024\\\/05\\\/10\\\/bombeiros-de-sp-encontram-barco-virado-e-resgatam-quatro-pessoas-que-estavam-na-agua-no-rs\\\/#respond\"]}]},{\"@type\":\"WebPage\",\"@id\":\"https:\\\/\\\/regiaonews.net.br\\\/2022\\\/2024\\\/05\\\/10\\\/bombeiros-de-sp-encontram-barco-virado-e-resgatam-quatro-pessoas-que-estavam-na-agua-no-rs\\\/\",\"url\":\"https:\\\/\\\/regiaonews.net.br\\\/2022\\\/2024\\\/05\\\/10\\\/bombeiros-de-sp-encontram-barco-virado-e-resgatam-quatro-pessoas-que-estavam-na-agua-no-rs\\\/\",\"name\":\"Bombeiros de SP encontram barco virado e resgatam quatro pessoas que estavam na \u00e1gua no RS - Regi\u00e3o News\",\"isPartOf\":{\"@id\":\"https:\\\/\\\/regiaonews.net.br\\\/2022\\\/#website\"},\"primaryImageOfPage\":{\"@id\":\"https:\\\/\\\/regiaonews.net.br\\\/2022\\\/2024\\\/05\\\/10\\\/bombeiros-de-sp-encontram-barco-virado-e-resgatam-quatro-pessoas-que-estavam-na-agua-no-rs\\\/#primaryimage\"},\"image\":{\"@id\":\"https:\\\/\\\/regiaonews.net.br\\\/2022\\\/2024\\\/05\\\/10\\\/bombeiros-de-sp-encontram-barco-virado-e-resgatam-quatro-pessoas-que-estavam-na-agua-no-rs\\\/#primaryimage\"},\"thumbnailUrl\":\"https:\\\/\\\/regiaonews.net.br\\\/2022\\\/wp-content\\\/uploads\\\/2024\\\/05\\\/00054554.png\",\"datePublished\":\"2024-05-10T21:55:47+00:00\",\"dateModified\":\"2024-05-10T21:59:13+00:00\",\"breadcrumb\":{\"@id\":\"https:\\\/\\\/regiaonews.net.br\\\/2022\\\/2024\\\/05\\\/10\\\/bombeiros-de-sp-encontram-barco-virado-e-resgatam-quatro-pessoas-que-estavam-na-agua-no-rs\\\/#breadcrumb\"},\"inLanguage\":\"pt-BR\",\"potentialAction\":[{\"@type\":\"ReadAction\",\"target\":[\"https:\\\/\\\/regiaonews.net.br\\\/2022\\\/2024\\\/05\\\/10\\\/bombeiros-de-sp-encontram-barco-virado-e-resgatam-quatro-pessoas-que-estavam-na-agua-no-rs\\\/\"]}]},{\"@type\":\"ImageObject\",\"inLanguage\":\"pt-BR\",\"@id\":\"https:\\\/\\\/regiaonews.net.br\\\/2022\\\/2024\\\/05\\\/10\\\/bombeiros-de-sp-encontram-barco-virado-e-resgatam-quatro-pessoas-que-estavam-na-agua-no-rs\\\/#primaryimage\",\"url\":\"https:\\\/\\\/regiaonews.net.br\\\/2022\\\/wp-content\\\/uploads\\\/2024\\\/05\\\/00054554.png\",\"contentUrl\":\"https:\\\/\\\/regiaonews.net.br\\\/2022\\\/wp-content\\\/uploads\\\/2024\\\/05\\\/00054554.png\",\"width\":419,\"height\":691},{\"@type\":\"BreadcrumbList\",\"@id\":\"https:\\\/\\\/regiaonews.net.br\\\/2022\\\/2024\\\/05\\\/10\\\/bombeiros-de-sp-encontram-barco-virado-e-resgatam-quatro-pessoas-que-estavam-na-agua-no-rs\\\/#breadcrumb\",\"itemListElement\":[{\"@type\":\"ListItem\",\"position\":1,\"name\":\"In\u00edcio\",\"item\":\"https:\\\/\\\/regiaonews.net.br\\\/2022\\\/\"},{\"@type\":\"ListItem\",\"position\":2,\"name\":\"Bombeiros de SP encontram barco virado e resgatam quatro pessoas que estavam na \u00e1gua no RS\"}]},{\"@type\":\"WebSite\",\"@id\":\"https:\\\/\\\/regiaonews.net.br\\\/2022\\\/#website\",\"url\":\"https:\\\/\\\/regiaonews.net.br\\\/2022\\\/\",\"name\":\"Regi\u00e3o News\",\"description\":\"Site de Not\u00edcias de Barretos e regi\u00e3o\",\"publisher\":{\"@id\":\"https:\\\/\\\/regiaonews.net.br\\\/2022\\\/#organization\"},\"potentialAction\":[{\"@type\":\"SearchAction\",\"target\":{\"@type\":\"EntryPoint\",\"urlTemplate\":\"https:\\\/\\\/regiaonews.net.br\\\/2022\\\/?s={search_term_string}\"},\"query-input\":{\"@type\":\"PropertyValueSpecification\",\"valueRequired\":true,\"valueName\":\"search_term_string\"}}],\"inLanguage\":\"pt-BR\"},{\"@type\":\"Organization\",\"@id\":\"https:\\\/\\\/regiaonews.net.br\\\/2022\\\/#organization\",\"name\":\"Regi\u00e3o News\",\"url\":\"https:\\\/\\\/regiaonews.net.br\\\/2022\\\/\",\"logo\":{\"@type\":\"ImageObject\",\"inLanguage\":\"pt-BR\",\"@id\":\"https:\\\/\\\/regiaonews.net.br\\\/2022\\\/#\\\/schema\\\/logo\\\/image\\\/\",\"url\":\"https:\\\/\\\/regiaonews.net.br\\\/2022\\\/wp-content\\\/uploads\\\/2026\\\/03\\\/regiao-13-anos-scaled.jpg\",\"contentUrl\":\"https:\\\/\\\/regiaonews.net.br\\\/2022\\\/wp-content\\\/uploads\\\/2026\\\/03\\\/regiao-13-anos-scaled.jpg\",\"width\":2560,\"height\":635,\"caption\":\"Regi\u00e3o News\"},\"image\":{\"@id\":\"https:\\\/\\\/regiaonews.net.br\\\/2022\\\/#\\\/schema\\\/logo\\\/image\\\/\"}},{\"@type\":\"Person\",\"@id\":\"https:\\\/\\\/regiaonews.net.br\\\/2022\\\/#\\\/schema\\\/person\\\/2d205a608a5aa97ac279d7a5e6d89ad8\",\"name\":\"Roberto\",\"image\":{\"@type\":\"ImageObject\",\"inLanguage\":\"pt-BR\",\"@id\":\"https:\\\/\\\/secure.gravatar.com\\\/avatar\\\/42749d8b712ff9d59ca93dc150494e5b55a44134482993f5baeb97e61b7ecc89?s=96&d=mm&r=g\",\"url\":\"https:\\\/\\\/secure.gravatar.com\\\/avatar\\\/42749d8b712ff9d59ca93dc150494e5b55a44134482993f5baeb97e61b7ecc89?s=96&d=mm&r=g\",\"contentUrl\":\"https:\\\/\\\/secure.gravatar.com\\\/avatar\\\/42749d8b712ff9d59ca93dc150494e5b55a44134482993f5baeb97e61b7ecc89?s=96&d=mm&r=g\",\"caption\":\"Roberto\"},\"url\":\"https:\\\/\\\/regiaonews.net.br\\\/2022\\\/author\\\/roberto\\\/\"}]}<\/script>\n<!-- \/ Yoast SEO plugin. -->","yoast_head_json":{"title":"Bombeiros de SP encontram barco virado e resgatam quatro pessoas que estavam na \u00e1gua no RS - Regi\u00e3o News","robots":{"index":"index","follow":"follow","max-snippet":"max-snippet:-1","max-image-preview":"max-image-preview:large","max-video-preview":"max-video-preview:-1"},"canonical":"https:\/\/regiaonews.net.br\/2022\/2024\/05\/10\/bombeiros-de-sp-encontram-barco-virado-e-resgatam-quatro-pessoas-que-estavam-na-agua-no-rs\/","og_locale":"pt_BR","og_type":"article","og_title":"Bombeiros de SP encontram barco virado e resgatam quatro pessoas que estavam na \u00e1gua no RS - Regi\u00e3o News","og_description":"Volunt\u00e1rios estavam na embarca\u00e7\u00e3o para resgatar moradores ilhados quando sofreram","og_url":"https:\/\/regiaonews.net.br\/2022\/2024\/05\/10\/bombeiros-de-sp-encontram-barco-virado-e-resgatam-quatro-pessoas-que-estavam-na-agua-no-rs\/","og_site_name":"Regi\u00e3o News","article_published_time":"2024-05-10T21:55:47+00:00","article_modified_time":"2024-05-10T21:59:13+00:00","og_image":[{"width":419,"height":691,"url":"https:\/\/regiaonews.net.br\/2022\/wp-content\/uploads\/2024\/05\/00054554.png","type":"image\/png"}],"author":"Roberto","twitter_card":"summary_large_image","twitter_misc":{"Escrito por":"Roberto","Est. tempo de leitura":"2 minutos"},"schema":{"@context":"https:\/\/schema.org","@graph":[{"@type":"Article","@id":"https:\/\/regiaonews.net.br\/2022\/2024\/05\/10\/bombeiros-de-sp-encontram-barco-virado-e-resgatam-quatro-pessoas-que-estavam-na-agua-no-rs\/#article","isPartOf":{"@id":"https:\/\/regiaonews.net.br\/2022\/2024\/05\/10\/bombeiros-de-sp-encontram-barco-virado-e-resgatam-quatro-pessoas-que-estavam-na-agua-no-rs\/"},"author":{"name":"Roberto","@id":"https:\/\/regiaonews.net.br\/2022\/#\/schema\/person\/2d205a608a5aa97ac279d7a5e6d89ad8"},"headline":"Bombeiros de SP encontram barco virado e resgatam quatro pessoas que estavam na \u00e1gua no RS","datePublished":"2024-05-10T21:55:47+00:00","dateModified":"2024-05-10T21:59:13+00:00","mainEntityOfPage":{"@id":"https:\/\/regiaonews.net.br\/2022\/2024\/05\/10\/bombeiros-de-sp-encontram-barco-virado-e-resgatam-quatro-pessoas-que-estavam-na-agua-no-rs\/"},"wordCount":354,"commentCount":0,"publisher":{"@id":"https:\/\/regiaonews.net.br\/2022\/#organization"},"image":{"@id":"https:\/\/regiaonews.net.br\/2022\/2024\/05\/10\/bombeiros-de-sp-encontram-barco-virado-e-resgatam-quatro-pessoas-que-estavam-na-agua-no-rs\/#primaryimage"},"thumbnailUrl":"https:\/\/regiaonews.net.br\/2022\/wp-content\/uploads\/2024\/05\/00054554.png","articleSection":["Brasil"],"inLanguage":"pt-BR","potentialAction":[{"@type":"CommentAction","name":"Comment","target":["https:\/\/regiaonews.net.br\/2022\/2024\/05\/10\/bombeiros-de-sp-encontram-barco-virado-e-resgatam-quatro-pessoas-que-estavam-na-agua-no-rs\/#respond"]}]},{"@type":"WebPage","@id":"https:\/\/regiaonews.net.br\/2022\/2024\/05\/10\/bombeiros-de-sp-encontram-barco-virado-e-resgatam-quatro-pessoas-que-estavam-na-agua-no-rs\/","url":"https:\/\/regiaonews.net.br\/2022\/2024\/05\/10\/bombeiros-de-sp-encontram-barco-virado-e-resgatam-quatro-pessoas-que-estavam-na-agua-no-rs\/","name":"Bombeiros de SP encontram barco virado e resgatam quatro pessoas que estavam na \u00e1gua no RS - Regi\u00e3o News","isPartOf":{"@id":"https:\/\/regiaonews.net.br\/2022\/#website"},"primaryImageOfPage":{"@id":"https:\/\/regiaonews.net.br\/2022\/2024\/05\/10\/bombeiros-de-sp-encontram-barco-virado-e-resgatam-quatro-pessoas-que-estavam-na-agua-no-rs\/#primaryimage"},"image":{"@id":"https:\/\/regiaonews.net.br\/2022\/2024\/05\/10\/bombeiros-de-sp-encontram-barco-virado-e-resgatam-quatro-pessoas-que-estavam-na-agua-no-rs\/#primaryimage"},"thumbnailUrl":"https:\/\/regiaonews.net.br\/2022\/wp-content\/uploads\/2024\/05\/00054554.png","datePublished":"2024-05-10T21:55:47+00:00","dateModified":"2024-05-10T21:59:13+00:00","breadcrumb":{"@id":"https:\/\/regiaonews.net.br\/2022\/2024\/05\/10\/bombeiros-de-sp-encontram-barco-virado-e-resgatam-quatro-pessoas-que-estavam-na-agua-no-rs\/#breadcrumb"},"inLanguage":"pt-BR","potentialAction":[{"@type":"ReadAction","target":["https:\/\/regiaonews.net.br\/2022\/2024\/05\/10\/bombeiros-de-sp-encontram-barco-virado-e-resgatam-quatro-pessoas-que-estavam-na-agua-no-rs\/"]}]},{"@type":"ImageObject","inLanguage":"pt-BR","@id":"https:\/\/regiaonews.net.br\/2022\/2024\/05\/10\/bombeiros-de-sp-encontram-barco-virado-e-resgatam-quatro-pessoas-que-estavam-na-agua-no-rs\/#primaryimage","url":"https:\/\/regiaonews.net.br\/2022\/wp-content\/uploads\/2024\/05\/00054554.png","contentUrl":"https:\/\/regiaonews.net.br\/2022\/wp-content\/uploads\/2024\/05\/00054554.png","width":419,"height":691},{"@type":"BreadcrumbList","@id":"https:\/\/regiaonews.net.br\/2022\/2024\/05\/10\/bombeiros-de-sp-encontram-barco-virado-e-resgatam-quatro-pessoas-que-estavam-na-agua-no-rs\/#breadcrumb","itemListElement":[{"@type":"ListItem","position":1,"name":"In\u00edcio","item":"https:\/\/regiaonews.net.br\/2022\/"},{"@type":"ListItem","position":2,"name":"Bombeiros de SP encontram barco virado e resgatam quatro pessoas que estavam na \u00e1gua no RS"}]},{"@type":"WebSite","@id":"https:\/\/regiaonews.net.br\/2022\/#website","url":"https:\/\/regiaonews.net.br\/2022\/","name":"Regi\u00e3o News","description":"Site de Not\u00edcias de Barretos e regi\u00e3o","publisher":{"@id":"https:\/\/regiaonews.net.br\/2022\/#organization"},"potentialAction":[{"@type":"SearchAction","target":{"@type":"EntryPoint","urlTemplate":"https:\/\/regiaonews.net.br\/2022\/?s={search_term_string}"},"query-input":{"@type":"PropertyValueSpecification","valueRequired":true,"valueName":"search_term_string"}}],"inLanguage":"pt-BR"},{"@type":"Organization","@id":"https:\/\/regiaonews.net.br\/2022\/#organization","name":"Regi\u00e3o News","url":"https:\/\/regiaonews.net.br\/2022\/","logo":{"@type":"ImageObject","inLanguage":"pt-BR","@id":"https:\/\/regiaonews.net.br\/2022\/#\/schema\/logo\/image\/","url":"https:\/\/regiaonews.net.br\/2022\/wp-content\/uploads\/2026\/03\/regiao-13-anos-scaled.jpg","contentUrl":"https:\/\/regiaonews.net.br\/2022\/wp-content\/uploads\/2026\/03\/regiao-13-anos-scaled.jpg","width":2560,"height":635,"caption":"Regi\u00e3o News"},"image":{"@id":"https:\/\/regiaonews.net.br\/2022\/#\/schema\/logo\/image\/"}},{"@type":"Person","@id":"https:\/\/regiaonews.net.br\/2022\/#\/schema\/person\/2d205a608a5aa97ac279d7a5e6d89ad8","name":"Roberto","image":{"@type":"ImageObject","inLanguage":"pt-BR","@id":"https:\/\/secure.gravatar.com\/avatar\/42749d8b712ff9d59ca93dc150494e5b55a44134482993f5baeb97e61b7ecc89?s=96&d=mm&r=g","url":"https:\/\/secure.gravatar.com\/avatar\/42749d8b712ff9d59ca93dc150494e5b55a44134482993f5baeb97e61b7ecc89?s=96&d=mm&r=g","contentUrl":"https:\/\/secure.gravatar.com\/avatar\/42749d8b712ff9d59ca93dc150494e5b55a44134482993f5baeb97e61b7ecc89?s=96&d=mm&r=g","caption":"Roberto"},"url":"https:\/\/regiaonews.net.br\/2022\/author\/roberto\/"}]}},"publishpress_future_action":{"enabled":false,"date":"2026-05-03 05:35:52","action":"change-status","newStatus":"draft","terms":[],"taxonomy":"category","extraData":[]},"publishpress_future_workflow_manual_trigger":{"enabledWorkflows":[]},"_links":{"self":[{"href":"https:\/\/regiaonews.net.br\/2022\/wp-json\/wp\/v2\/posts\/104820","targetHints":{"allow":["GET"]}}],"collection":[{"href":"https:\/\/regiaonews.net.br\/2022\/wp-json\/wp\/v2\/posts"}],"about":[{"href":"https:\/\/regiaonews.net.br\/2022\/wp-json\/wp\/v2\/types\/post"}],"author":[{"embeddable":true,"href":"https:\/\/regiaonews.net.br\/2022\/wp-json\/wp\/v2\/users\/2"}],"replies":[{"embeddable":true,"href":"https:\/\/regiaonews.net.br\/2022\/wp-json\/wp\/v2\/comments?post=104820"}],"version-history":[{"count":3,"href":"https:\/\/regiaonews.net.br\/2022\/wp-json\/wp\/v2\/posts\/104820\/revisions"}],"predecessor-version":[{"id":104824,"href":"https:\/\/regiaonews.net.br\/2022\/wp-json\/wp\/v2\/posts\/104820\/revisions\/104824"}],"wp:featuredmedia":[{"embeddable":true,"href":"https:\/\/regiaonews.net.br\/2022\/wp-json\/wp\/v2\/media\/104821"}],"wp:attachment":[{"href":"https:\/\/regiaonews.net.br\/2022\/wp-json\/wp\/v2\/media?parent=104820"}],"wp:term":[{"taxonomy":"category","embeddable":true,"href":"https:\/\/regiaonews.net.br\/2022\/wp-json\/wp\/v2\/categories?post=104820"},{"taxonomy":"post_tag","embeddable":true,"href":"https:\/\/regiaonews.net.br\/2022\/wp-json\/wp\/v2\/tags?post=104820"}],"curies":[{"name":"wp","href":"https:\/\/api.w.org\/{rel}","templated":true}]}}