{"id":104814,"date":"2024-05-10T18:51:24","date_gmt":"2024-05-10T21:51:24","guid":{"rendered":"https:\/\/regiaonews.net.br\/2022\/?p=104814"},"modified":"2024-05-10T18:51:24","modified_gmt":"2024-05-10T21:51:24","slug":"prefeitura-de-barretos-incentiva-qualificacao-profissional-com-cursos-em-tecnologia-da-informacao","status":"publish","type":"post","link":"https:\/\/regiaonews.net.br\/2022\/2024\/05\/10\/prefeitura-de-barretos-incentiva-qualificacao-profissional-com-cursos-em-tecnologia-da-informacao\/","title":{"rendered":"Prefeitura de Barretos incentiva qualifica\u00e7\u00e3o profissional com cursos em Tecnologia da Informa\u00e7\u00e3o"},"content":{"rendered":"<p>Inscri\u00e7\u00f5es para processo seletivo devem ser feitas at\u00e9 7 de junho; forma\u00e7\u00f5es s\u00e3o oferecidas gratuitamente pelo Programa Qualifica SP, no formato online<\/p>\n<p>Com foco na qualifica\u00e7\u00e3o profissional da popula\u00e7\u00e3o, a Prefeitura de Barretos informa que est\u00e3o abertas at\u00e9 o dia 7 de junho as inscri\u00e7\u00f5es para os processos seletivos de dois cursos gratuitos na \u00e1rea de Tecnologia da Informa\u00e7\u00e3o (TI), oferecidos pelo Programa Qualifica SP.<br \/>\nAo todo s\u00e3o 400 vagas, sendo 300 delas para o curso de \u201cDesenvolvedor Salesforce\u201d e outras 100 para o curso de \u201cDesenvolvedor Microsoft ASP.NET CORE\u201d, ambos com aulas remotas, dura\u00e7\u00e3o de tr\u00eas a quatro meses e certifica\u00e7\u00e3o. \u201cEsta \u00e9 uma \u00f3tima oportunidade para qualifica\u00e7\u00e3o em TI, uma \u00e1rea em forte expans\u00e3o e que precisa de profissionais cada vez mais preparados. Para isso, deixamos o Conecta Barretos \u00e0 disposi\u00e7\u00e3o para a realiza\u00e7\u00e3o das inscri\u00e7\u00f5es\u201d, disse a secret\u00e1ria de Desenvolvimento Econ\u00f4mico &amp; Inova\u00e7\u00e3o, Dra. Juliana Luciano dos Santos.<br \/>\nO Conecta Barretos fica no Complexo Administrativo \u201cDr. M\u00e9lek Zaiden Geraige&#8221;, na Rua 30, n\u00ba 564, entre as avenidas 33 e 35. Mais informa\u00e7\u00f5es e links para inscri\u00e7\u00f5es podem ser obtidas no site https:\/\/www.qualificasp.sp.gov.br\/tecnologia\/cursos.<\/p>\n<p>Os cursos<br \/>\nDesenvolvedor Salesforce &#8211; Qualifica o estudante para constru\u00e7\u00e3o e manipula\u00e7\u00e3o de ambientes, personalizando a plataforma do software de Gest\u00e3o de Relacionamento com os Clientes (CRM), desenvolvida pela Salesforce.<br \/>\nPode ser realizado nos turnos da manh\u00e3, noite e integral, aos s\u00e1bados. Tem dura\u00e7\u00e3o de 120 horas e \u00e9 no formato remoto, com aulas online e ao vivo e dura\u00e7\u00e3o de quatro meses.<br \/>\nP\u00fablico-alvo: Residentes do estado de S\u00e3o Paulo acima de 18 anos com ensino m\u00e9dio completo e que desejam atuar no setor de TI.<\/p>\n<p>Desenvolvedor Microsoft ASP.NET CORE &#8211; Voltado para o desenvolvimento de software em linguagem ASP.NET. Tem dura\u00e7\u00e3o de 512 horas e ser\u00e1 em formato online, com atividades gravadas di\u00e1rias e aulas ao vivo, somando em m\u00e9dia 8 horas de dedica\u00e7\u00e3o necess\u00e1ria por dia.<br \/>\nOs selecionados para o curso receber\u00e3o uma bolsa-aux\u00edlio, assim como empr\u00e9stimo de notebook, ambos oferecidos pela Next Coders de acordo com crit\u00e9rios estabelecidos pela empresa.<br \/>\nP\u00fablico-alvo: Jovens de 18 a 24 anos com ensino m\u00e9dio completo. N\u00e3o \u00e9 necess\u00e1rio nenhum conhecimento pr\u00e9vio em programa\u00e7\u00e3o.<\/p>\n","protected":false},"excerpt":{"rendered":"<p>Inscri\u00e7\u00f5es para processo seletivo devem ser feitas at\u00e9 7 de<\/p>\n","protected":false},"author":2,"featured_media":104815,"comment_status":"open","ping_status":"open","sticky":false,"template":"","format":"standard","meta":{"footnotes":""},"categories":[14,25],"tags":[],"class_list":["post-104814","post","type-post","status-publish","format-standard","has-post-thumbnail","hentry","category-barretos","category-cidades"],"yoast_head":"<!-- This site is optimized with the Yoast SEO plugin v27.4 - https:\/\/yoast.com\/product\/yoast-seo-wordpress\/ -->\n<title>Prefeitura de Barretos incentiva qualifica\u00e7\u00e3o profissional com cursos em Tecnologia da Informa\u00e7\u00e3o - Regi\u00e3o News<\/title>\n<meta name=\"robots\" content=\"index, follow, max-snippet:-1, max-image-preview:large, max-video-preview:-1\" \/>\n<link rel=\"canonical\" href=\"https:\/\/regiaonews.net.br\/2022\/2024\/05\/10\/prefeitura-de-barretos-incentiva-qualificacao-profissional-com-cursos-em-tecnologia-da-informacao\/\" \/>\n<meta property=\"og:locale\" content=\"pt_BR\" \/>\n<meta property=\"og:type\" content=\"article\" \/>\n<meta property=\"og:title\" content=\"Prefeitura de Barretos incentiva qualifica\u00e7\u00e3o profissional com cursos em Tecnologia da Informa\u00e7\u00e3o - Regi\u00e3o News\" \/>\n<meta property=\"og:description\" content=\"Inscri\u00e7\u00f5es para processo seletivo devem ser feitas at\u00e9 7 de\" \/>\n<meta property=\"og:url\" content=\"https:\/\/regiaonews.net.br\/2022\/2024\/05\/10\/prefeitura-de-barretos-incentiva-qualificacao-profissional-com-cursos-em-tecnologia-da-informacao\/\" \/>\n<meta property=\"og:site_name\" content=\"Regi\u00e3o News\" \/>\n<meta property=\"article:published_time\" content=\"2024-05-10T21:51:24+00:00\" \/>\n<meta property=\"og:image\" content=\"https:\/\/regiaonews.net.br\/2022\/wp-content\/uploads\/2024\/05\/WhatsApp-Image-2024-05-10-at-16.03.05.jpeg\" \/>\n\t<meta property=\"og:image:width\" content=\"900\" \/>\n\t<meta property=\"og:image:height\" content=\"1314\" \/>\n\t<meta property=\"og:image:type\" content=\"image\/jpeg\" \/>\n<meta name=\"author\" content=\"Roberto\" \/>\n<meta name=\"twitter:card\" content=\"summary_large_image\" \/>\n<meta name=\"twitter:label1\" content=\"Escrito por\" \/>\n\t<meta name=\"twitter:data1\" content=\"Roberto\" \/>\n\t<meta name=\"twitter:label2\" content=\"Est. tempo de leitura\" \/>\n\t<meta name=\"twitter:data2\" content=\"3 minutos\" \/>\n<script type=\"application\/ld+json\" class=\"yoast-schema-graph\">{\"@context\":\"https:\\\/\\\/schema.org\",\"@graph\":[{\"@type\":\"Article\",\"@id\":\"https:\\\/\\\/regiaonews.net.br\\\/2022\\\/2024\\\/05\\\/10\\\/prefeitura-de-barretos-incentiva-qualificacao-profissional-com-cursos-em-tecnologia-da-informacao\\\/#article\",\"isPartOf\":{\"@id\":\"https:\\\/\\\/regiaonews.net.br\\\/2022\\\/2024\\\/05\\\/10\\\/prefeitura-de-barretos-incentiva-qualificacao-profissional-com-cursos-em-tecnologia-da-informacao\\\/\"},\"author\":{\"name\":\"Roberto\",\"@id\":\"https:\\\/\\\/regiaonews.net.br\\\/2022\\\/#\\\/schema\\\/person\\\/2d205a608a5aa97ac279d7a5e6d89ad8\"},\"headline\":\"Prefeitura de Barretos incentiva qualifica\u00e7\u00e3o profissional com cursos em Tecnologia da Informa\u00e7\u00e3o\",\"datePublished\":\"2024-05-10T21:51:24+00:00\",\"mainEntityOfPage\":{\"@id\":\"https:\\\/\\\/regiaonews.net.br\\\/2022\\\/2024\\\/05\\\/10\\\/prefeitura-de-barretos-incentiva-qualificacao-profissional-com-cursos-em-tecnologia-da-informacao\\\/\"},\"wordCount\":409,\"commentCount\":0,\"publisher\":{\"@id\":\"https:\\\/\\\/regiaonews.net.br\\\/2022\\\/#organization\"},\"image\":{\"@id\":\"https:\\\/\\\/regiaonews.net.br\\\/2022\\\/2024\\\/05\\\/10\\\/prefeitura-de-barretos-incentiva-qualificacao-profissional-com-cursos-em-tecnologia-da-informacao\\\/#primaryimage\"},\"thumbnailUrl\":\"https:\\\/\\\/regiaonews.net.br\\\/2022\\\/wp-content\\\/uploads\\\/2024\\\/05\\\/WhatsApp-Image-2024-05-10-at-16.03.05.jpeg\",\"articleSection\":[\"Barretos\",\"Cidades\"],\"inLanguage\":\"pt-BR\",\"potentialAction\":[{\"@type\":\"CommentAction\",\"name\":\"Comment\",\"target\":[\"https:\\\/\\\/regiaonews.net.br\\\/2022\\\/2024\\\/05\\\/10\\\/prefeitura-de-barretos-incentiva-qualificacao-profissional-com-cursos-em-tecnologia-da-informacao\\\/#respond\"]}]},{\"@type\":\"WebPage\",\"@id\":\"https:\\\/\\\/regiaonews.net.br\\\/2022\\\/2024\\\/05\\\/10\\\/prefeitura-de-barretos-incentiva-qualificacao-profissional-com-cursos-em-tecnologia-da-informacao\\\/\",\"url\":\"https:\\\/\\\/regiaonews.net.br\\\/2022\\\/2024\\\/05\\\/10\\\/prefeitura-de-barretos-incentiva-qualificacao-profissional-com-cursos-em-tecnologia-da-informacao\\\/\",\"name\":\"Prefeitura de Barretos incentiva qualifica\u00e7\u00e3o profissional com cursos em Tecnologia da Informa\u00e7\u00e3o - Regi\u00e3o News\",\"isPartOf\":{\"@id\":\"https:\\\/\\\/regiaonews.net.br\\\/2022\\\/#website\"},\"primaryImageOfPage\":{\"@id\":\"https:\\\/\\\/regiaonews.net.br\\\/2022\\\/2024\\\/05\\\/10\\\/prefeitura-de-barretos-incentiva-qualificacao-profissional-com-cursos-em-tecnologia-da-informacao\\\/#primaryimage\"},\"image\":{\"@id\":\"https:\\\/\\\/regiaonews.net.br\\\/2022\\\/2024\\\/05\\\/10\\\/prefeitura-de-barretos-incentiva-qualificacao-profissional-com-cursos-em-tecnologia-da-informacao\\\/#primaryimage\"},\"thumbnailUrl\":\"https:\\\/\\\/regiaonews.net.br\\\/2022\\\/wp-content\\\/uploads\\\/2024\\\/05\\\/WhatsApp-Image-2024-05-10-at-16.03.05.jpeg\",\"datePublished\":\"2024-05-10T21:51:24+00:00\",\"breadcrumb\":{\"@id\":\"https:\\\/\\\/regiaonews.net.br\\\/2022\\\/2024\\\/05\\\/10\\\/prefeitura-de-barretos-incentiva-qualificacao-profissional-com-cursos-em-tecnologia-da-informacao\\\/#breadcrumb\"},\"inLanguage\":\"pt-BR\",\"potentialAction\":[{\"@type\":\"ReadAction\",\"target\":[\"https:\\\/\\\/regiaonews.net.br\\\/2022\\\/2024\\\/05\\\/10\\\/prefeitura-de-barretos-incentiva-qualificacao-profissional-com-cursos-em-tecnologia-da-informacao\\\/\"]}]},{\"@type\":\"ImageObject\",\"inLanguage\":\"pt-BR\",\"@id\":\"https:\\\/\\\/regiaonews.net.br\\\/2022\\\/2024\\\/05\\\/10\\\/prefeitura-de-barretos-incentiva-qualificacao-profissional-com-cursos-em-tecnologia-da-informacao\\\/#primaryimage\",\"url\":\"https:\\\/\\\/regiaonews.net.br\\\/2022\\\/wp-content\\\/uploads\\\/2024\\\/05\\\/WhatsApp-Image-2024-05-10-at-16.03.05.jpeg\",\"contentUrl\":\"https:\\\/\\\/regiaonews.net.br\\\/2022\\\/wp-content\\\/uploads\\\/2024\\\/05\\\/WhatsApp-Image-2024-05-10-at-16.03.05.jpeg\",\"width\":900,\"height\":1314},{\"@type\":\"BreadcrumbList\",\"@id\":\"https:\\\/\\\/regiaonews.net.br\\\/2022\\\/2024\\\/05\\\/10\\\/prefeitura-de-barretos-incentiva-qualificacao-profissional-com-cursos-em-tecnologia-da-informacao\\\/#breadcrumb\",\"itemListElement\":[{\"@type\":\"ListItem\",\"position\":1,\"name\":\"In\u00edcio\",\"item\":\"https:\\\/\\\/regiaonews.net.br\\\/2022\\\/\"},{\"@type\":\"ListItem\",\"position\":2,\"name\":\"Prefeitura de Barretos incentiva qualifica\u00e7\u00e3o profissional com cursos em Tecnologia da Informa\u00e7\u00e3o\"}]},{\"@type\":\"WebSite\",\"@id\":\"https:\\\/\\\/regiaonews.net.br\\\/2022\\\/#website\",\"url\":\"https:\\\/\\\/regiaonews.net.br\\\/2022\\\/\",\"name\":\"Regi\u00e3o News\",\"description\":\"Site de Not\u00edcias de Barretos e regi\u00e3o\",\"publisher\":{\"@id\":\"https:\\\/\\\/regiaonews.net.br\\\/2022\\\/#organization\"},\"potentialAction\":[{\"@type\":\"SearchAction\",\"target\":{\"@type\":\"EntryPoint\",\"urlTemplate\":\"https:\\\/\\\/regiaonews.net.br\\\/2022\\\/?s={search_term_string}\"},\"query-input\":{\"@type\":\"PropertyValueSpecification\",\"valueRequired\":true,\"valueName\":\"search_term_string\"}}],\"inLanguage\":\"pt-BR\"},{\"@type\":\"Organization\",\"@id\":\"https:\\\/\\\/regiaonews.net.br\\\/2022\\\/#organization\",\"name\":\"Regi\u00e3o News\",\"url\":\"https:\\\/\\\/regiaonews.net.br\\\/2022\\\/\",\"logo\":{\"@type\":\"ImageObject\",\"inLanguage\":\"pt-BR\",\"@id\":\"https:\\\/\\\/regiaonews.net.br\\\/2022\\\/#\\\/schema\\\/logo\\\/image\\\/\",\"url\":\"https:\\\/\\\/regiaonews.net.br\\\/2022\\\/wp-content\\\/uploads\\\/2026\\\/03\\\/regiao-13-anos-scaled.jpg\",\"contentUrl\":\"https:\\\/\\\/regiaonews.net.br\\\/2022\\\/wp-content\\\/uploads\\\/2026\\\/03\\\/regiao-13-anos-scaled.jpg\",\"width\":2560,\"height\":635,\"caption\":\"Regi\u00e3o News\"},\"image\":{\"@id\":\"https:\\\/\\\/regiaonews.net.br\\\/2022\\\/#\\\/schema\\\/logo\\\/image\\\/\"}},{\"@type\":\"Person\",\"@id\":\"https:\\\/\\\/regiaonews.net.br\\\/2022\\\/#\\\/schema\\\/person\\\/2d205a608a5aa97ac279d7a5e6d89ad8\",\"name\":\"Roberto\",\"image\":{\"@type\":\"ImageObject\",\"inLanguage\":\"pt-BR\",\"@id\":\"https:\\\/\\\/secure.gravatar.com\\\/avatar\\\/42749d8b712ff9d59ca93dc150494e5b55a44134482993f5baeb97e61b7ecc89?s=96&d=mm&r=g\",\"url\":\"https:\\\/\\\/secure.gravatar.com\\\/avatar\\\/42749d8b712ff9d59ca93dc150494e5b55a44134482993f5baeb97e61b7ecc89?s=96&d=mm&r=g\",\"contentUrl\":\"https:\\\/\\\/secure.gravatar.com\\\/avatar\\\/42749d8b712ff9d59ca93dc150494e5b55a44134482993f5baeb97e61b7ecc89?s=96&d=mm&r=g\",\"caption\":\"Roberto\"},\"url\":\"https:\\\/\\\/regiaonews.net.br\\\/2022\\\/author\\\/roberto\\\/\"}]}<\/script>\n<!-- \/ Yoast SEO plugin. -->","yoast_head_json":{"title":"Prefeitura de Barretos incentiva qualifica\u00e7\u00e3o profissional com cursos em Tecnologia da Informa\u00e7\u00e3o - Regi\u00e3o News","robots":{"index":"index","follow":"follow","max-snippet":"max-snippet:-1","max-image-preview":"max-image-preview:large","max-video-preview":"max-video-preview:-1"},"canonical":"https:\/\/regiaonews.net.br\/2022\/2024\/05\/10\/prefeitura-de-barretos-incentiva-qualificacao-profissional-com-cursos-em-tecnologia-da-informacao\/","og_locale":"pt_BR","og_type":"article","og_title":"Prefeitura de Barretos incentiva qualifica\u00e7\u00e3o profissional com cursos em Tecnologia da Informa\u00e7\u00e3o - Regi\u00e3o News","og_description":"Inscri\u00e7\u00f5es para processo seletivo devem ser feitas at\u00e9 7 de","og_url":"https:\/\/regiaonews.net.br\/2022\/2024\/05\/10\/prefeitura-de-barretos-incentiva-qualificacao-profissional-com-cursos-em-tecnologia-da-informacao\/","og_site_name":"Regi\u00e3o News","article_published_time":"2024-05-10T21:51:24+00:00","og_image":[{"width":900,"height":1314,"url":"https:\/\/regiaonews.net.br\/2022\/wp-content\/uploads\/2024\/05\/WhatsApp-Image-2024-05-10-at-16.03.05.jpeg","type":"image\/jpeg"}],"author":"Roberto","twitter_card":"summary_large_image","twitter_misc":{"Escrito por":"Roberto","Est. tempo de leitura":"3 minutos"},"schema":{"@context":"https:\/\/schema.org","@graph":[{"@type":"Article","@id":"https:\/\/regiaonews.net.br\/2022\/2024\/05\/10\/prefeitura-de-barretos-incentiva-qualificacao-profissional-com-cursos-em-tecnologia-da-informacao\/#article","isPartOf":{"@id":"https:\/\/regiaonews.net.br\/2022\/2024\/05\/10\/prefeitura-de-barretos-incentiva-qualificacao-profissional-com-cursos-em-tecnologia-da-informacao\/"},"author":{"name":"Roberto","@id":"https:\/\/regiaonews.net.br\/2022\/#\/schema\/person\/2d205a608a5aa97ac279d7a5e6d89ad8"},"headline":"Prefeitura de Barretos incentiva qualifica\u00e7\u00e3o profissional com cursos em Tecnologia da Informa\u00e7\u00e3o","datePublished":"2024-05-10T21:51:24+00:00","mainEntityOfPage":{"@id":"https:\/\/regiaonews.net.br\/2022\/2024\/05\/10\/prefeitura-de-barretos-incentiva-qualificacao-profissional-com-cursos-em-tecnologia-da-informacao\/"},"wordCount":409,"commentCount":0,"publisher":{"@id":"https:\/\/regiaonews.net.br\/2022\/#organization"},"image":{"@id":"https:\/\/regiaonews.net.br\/2022\/2024\/05\/10\/prefeitura-de-barretos-incentiva-qualificacao-profissional-com-cursos-em-tecnologia-da-informacao\/#primaryimage"},"thumbnailUrl":"https:\/\/regiaonews.net.br\/2022\/wp-content\/uploads\/2024\/05\/WhatsApp-Image-2024-05-10-at-16.03.05.jpeg","articleSection":["Barretos","Cidades"],"inLanguage":"pt-BR","potentialAction":[{"@type":"CommentAction","name":"Comment","target":["https:\/\/regiaonews.net.br\/2022\/2024\/05\/10\/prefeitura-de-barretos-incentiva-qualificacao-profissional-com-cursos-em-tecnologia-da-informacao\/#respond"]}]},{"@type":"WebPage","@id":"https:\/\/regiaonews.net.br\/2022\/2024\/05\/10\/prefeitura-de-barretos-incentiva-qualificacao-profissional-com-cursos-em-tecnologia-da-informacao\/","url":"https:\/\/regiaonews.net.br\/2022\/2024\/05\/10\/prefeitura-de-barretos-incentiva-qualificacao-profissional-com-cursos-em-tecnologia-da-informacao\/","name":"Prefeitura de Barretos incentiva qualifica\u00e7\u00e3o profissional com cursos em Tecnologia da Informa\u00e7\u00e3o - Regi\u00e3o News","isPartOf":{"@id":"https:\/\/regiaonews.net.br\/2022\/#website"},"primaryImageOfPage":{"@id":"https:\/\/regiaonews.net.br\/2022\/2024\/05\/10\/prefeitura-de-barretos-incentiva-qualificacao-profissional-com-cursos-em-tecnologia-da-informacao\/#primaryimage"},"image":{"@id":"https:\/\/regiaonews.net.br\/2022\/2024\/05\/10\/prefeitura-de-barretos-incentiva-qualificacao-profissional-com-cursos-em-tecnologia-da-informacao\/#primaryimage"},"thumbnailUrl":"https:\/\/regiaonews.net.br\/2022\/wp-content\/uploads\/2024\/05\/WhatsApp-Image-2024-05-10-at-16.03.05.jpeg","datePublished":"2024-05-10T21:51:24+00:00","breadcrumb":{"@id":"https:\/\/regiaonews.net.br\/2022\/2024\/05\/10\/prefeitura-de-barretos-incentiva-qualificacao-profissional-com-cursos-em-tecnologia-da-informacao\/#breadcrumb"},"inLanguage":"pt-BR","potentialAction":[{"@type":"ReadAction","target":["https:\/\/regiaonews.net.br\/2022\/2024\/05\/10\/prefeitura-de-barretos-incentiva-qualificacao-profissional-com-cursos-em-tecnologia-da-informacao\/"]}]},{"@type":"ImageObject","inLanguage":"pt-BR","@id":"https:\/\/regiaonews.net.br\/2022\/2024\/05\/10\/prefeitura-de-barretos-incentiva-qualificacao-profissional-com-cursos-em-tecnologia-da-informacao\/#primaryimage","url":"https:\/\/regiaonews.net.br\/2022\/wp-content\/uploads\/2024\/05\/WhatsApp-Image-2024-05-10-at-16.03.05.jpeg","contentUrl":"https:\/\/regiaonews.net.br\/2022\/wp-content\/uploads\/2024\/05\/WhatsApp-Image-2024-05-10-at-16.03.05.jpeg","width":900,"height":1314},{"@type":"BreadcrumbList","@id":"https:\/\/regiaonews.net.br\/2022\/2024\/05\/10\/prefeitura-de-barretos-incentiva-qualificacao-profissional-com-cursos-em-tecnologia-da-informacao\/#breadcrumb","itemListElement":[{"@type":"ListItem","position":1,"name":"In\u00edcio","item":"https:\/\/regiaonews.net.br\/2022\/"},{"@type":"ListItem","position":2,"name":"Prefeitura de Barretos incentiva qualifica\u00e7\u00e3o profissional com cursos em Tecnologia da Informa\u00e7\u00e3o"}]},{"@type":"WebSite","@id":"https:\/\/regiaonews.net.br\/2022\/#website","url":"https:\/\/regiaonews.net.br\/2022\/","name":"Regi\u00e3o News","description":"Site de Not\u00edcias de Barretos e regi\u00e3o","publisher":{"@id":"https:\/\/regiaonews.net.br\/2022\/#organization"},"potentialAction":[{"@type":"SearchAction","target":{"@type":"EntryPoint","urlTemplate":"https:\/\/regiaonews.net.br\/2022\/?s={search_term_string}"},"query-input":{"@type":"PropertyValueSpecification","valueRequired":true,"valueName":"search_term_string"}}],"inLanguage":"pt-BR"},{"@type":"Organization","@id":"https:\/\/regiaonews.net.br\/2022\/#organization","name":"Regi\u00e3o News","url":"https:\/\/regiaonews.net.br\/2022\/","logo":{"@type":"ImageObject","inLanguage":"pt-BR","@id":"https:\/\/regiaonews.net.br\/2022\/#\/schema\/logo\/image\/","url":"https:\/\/regiaonews.net.br\/2022\/wp-content\/uploads\/2026\/03\/regiao-13-anos-scaled.jpg","contentUrl":"https:\/\/regiaonews.net.br\/2022\/wp-content\/uploads\/2026\/03\/regiao-13-anos-scaled.jpg","width":2560,"height":635,"caption":"Regi\u00e3o News"},"image":{"@id":"https:\/\/regiaonews.net.br\/2022\/#\/schema\/logo\/image\/"}},{"@type":"Person","@id":"https:\/\/regiaonews.net.br\/2022\/#\/schema\/person\/2d205a608a5aa97ac279d7a5e6d89ad8","name":"Roberto","image":{"@type":"ImageObject","inLanguage":"pt-BR","@id":"https:\/\/secure.gravatar.com\/avatar\/42749d8b712ff9d59ca93dc150494e5b55a44134482993f5baeb97e61b7ecc89?s=96&d=mm&r=g","url":"https:\/\/secure.gravatar.com\/avatar\/42749d8b712ff9d59ca93dc150494e5b55a44134482993f5baeb97e61b7ecc89?s=96&d=mm&r=g","contentUrl":"https:\/\/secure.gravatar.com\/avatar\/42749d8b712ff9d59ca93dc150494e5b55a44134482993f5baeb97e61b7ecc89?s=96&d=mm&r=g","caption":"Roberto"},"url":"https:\/\/regiaonews.net.br\/2022\/author\/roberto\/"}]}},"publishpress_future_action":{"enabled":false,"date":"2026-05-03 07:42:04","action":"change-status","newStatus":"draft","terms":[],"taxonomy":"category","extraData":[]},"publishpress_future_workflow_manual_trigger":{"enabledWorkflows":[]},"_links":{"self":[{"href":"https:\/\/regiaonews.net.br\/2022\/wp-json\/wp\/v2\/posts\/104814","targetHints":{"allow":["GET"]}}],"collection":[{"href":"https:\/\/regiaonews.net.br\/2022\/wp-json\/wp\/v2\/posts"}],"about":[{"href":"https:\/\/regiaonews.net.br\/2022\/wp-json\/wp\/v2\/types\/post"}],"author":[{"embeddable":true,"href":"https:\/\/regiaonews.net.br\/2022\/wp-json\/wp\/v2\/users\/2"}],"replies":[{"embeddable":true,"href":"https:\/\/regiaonews.net.br\/2022\/wp-json\/wp\/v2\/comments?post=104814"}],"version-history":[{"count":1,"href":"https:\/\/regiaonews.net.br\/2022\/wp-json\/wp\/v2\/posts\/104814\/revisions"}],"predecessor-version":[{"id":104816,"href":"https:\/\/regiaonews.net.br\/2022\/wp-json\/wp\/v2\/posts\/104814\/revisions\/104816"}],"wp:featuredmedia":[{"embeddable":true,"href":"https:\/\/regiaonews.net.br\/2022\/wp-json\/wp\/v2\/media\/104815"}],"wp:attachment":[{"href":"https:\/\/regiaonews.net.br\/2022\/wp-json\/wp\/v2\/media?parent=104814"}],"wp:term":[{"taxonomy":"category","embeddable":true,"href":"https:\/\/regiaonews.net.br\/2022\/wp-json\/wp\/v2\/categories?post=104814"},{"taxonomy":"post_tag","embeddable":true,"href":"https:\/\/regiaonews.net.br\/2022\/wp-json\/wp\/v2\/tags?post=104814"}],"curies":[{"name":"wp","href":"https:\/\/api.w.org\/{rel}","templated":true}]}}