{"id":104794,"date":"2024-05-10T15:29:24","date_gmt":"2024-05-10T18:29:24","guid":{"rendered":"https:\/\/regiaonews.net.br\/2022\/?p=104794"},"modified":"2024-05-10T15:29:24","modified_gmt":"2024-05-10T18:29:24","slug":"colina-recebe-circuito-sesc-de-artes-2024-neste-sabado","status":"publish","type":"post","link":"https:\/\/regiaonews.net.br\/2022\/2024\/05\/10\/colina-recebe-circuito-sesc-de-artes-2024-neste-sabado\/","title":{"rendered":"Colina recebe Circuito Sesc de Artes 2024 neste s\u00e1bado"},"content":{"rendered":"<p>A cidade de Colina recebe neste s\u00e1bado, dia 11, o Circuito Sesc de Artes 2024. \u00a0A programa\u00e7\u00e3o \u00e9 gratuita, para todos os p\u00fablicos e acontece na Pra\u00e7a do Museu Municipal \u201cC\u00e1ssio Nogueira Bertazzi\u201d, das 17h \u00e0s 21h. Ser\u00e3o realizadas atividades nas \u00e1reas de artes visuais e tecnologia, cinema, media\u00e7\u00f5es de leitura e espet\u00e1culos de dan\u00e7a, m\u00fasica e teatro.<\/p>\n<p>O Circuito Sesc de Artes 2024\u00a0 \u00e9 realizado pelo Sesc S\u00e3o Paulo e, em Colina, conta com a parceria da Prefeitura Municipal, que convida pessoas de todas as idades, estilos e prefer\u00eancias art\u00edsticas a circularem pela Pra\u00e7a do Museu Municipal, para compartilhar experi\u00eancias e vivenciar o encontro com a arte e a cultura. Ao todo, o projeto Circuito Sesc de Artes, est\u00e1 percorrendo 122 cidades do litoral, interior e Grande S\u00e3o Paulo entre os dias 20 de abril e 26 de maio, com mais de 760 atividades gratuitas.<\/p>\n<p>&nbsp;<\/p>\n<p>Confira a programa\u00e7\u00e3o em Colina:<\/p>\n<p>&nbsp;<\/p>\n<p>M\u00fasica<\/p>\n<p>&nbsp;<\/p>\n<p>Fundada em 2005 na cidade de Cabo de Santo Agostinho, litoral de Pernambuco, a Orquestra Frevo Capibaribe recria o clima dos bailes e dos tradicionais desfiles de blocos do carnaval de Recife e Olinda. Herdeiro das marchas, maxixes e dobrados, com influ\u00eancia das bandas militares e das quadrilhas de origem europeia, o frevo pernambucano \u00e9 uma express\u00e3o art\u00edstica popular e centen\u00e1ria que arrebata o p\u00fablico por onde passa.<\/p>\n<p>&nbsp;<\/p>\n<p>E entre uma atra\u00e7\u00e3o e outra, quem comanda as pickups para manter a anima\u00e7\u00e3o do p\u00fablico \u00e9 a DJ Vivian Marques. Seus sets combinam diferentes vertentes da m\u00fasica negra nacional e estrangeira, entre ritmos como hip-hop cl\u00e1ssico e underground, R&amp;B, pop, soul e funk. Em dezesseis anos de carreira, Vivian acumula apresenta\u00e7\u00f5es em mais de trinta casas noturnas nos estados de S\u00e3o Paulo, Paran\u00e1 e Goi\u00e1s, al\u00e9m de participa\u00e7\u00f5es em shows, festas, festivais, desfiles e pe\u00e7as de teatro.<\/p>\n<p>&nbsp;<\/p>\n<p>Teatro<\/p>\n<p>&nbsp;<\/p>\n<p>Inspirada no conto \u201cQuando as cores foram proibidas\u201d, da alem\u00e3 Monika Feth, a Companhia Barco apresenta O pa\u00eds que perdeu as cores. A pe\u00e7a aborda temas como democracia, coletividade e respeito ao contar a hist\u00f3ria de um pa\u00eds surpreendido pela ascens\u00e3o de um governo autorit\u00e1rio ao poder. Representado por uma trupe de artistas em \u00eaxodo por diferentes lugares com personagens como o Pintor, a Padeira, o Florista e o Cachorro, o povo precisa, ent\u00e3o, definir que destino deseja dar para a sua pr\u00f3pria hist\u00f3ria.<\/p>\n<p>&nbsp;<\/p>\n<p>Cinema<\/p>\n<p>&nbsp;<\/p>\n<p>Orientado pelos monitores da produtora Cine 16,o p\u00fablico da viv\u00eancia Imagens em movimento: oficina com brinquedos \u00f3pticos pode explorar os primeiros dispositivos de desenho animado da hist\u00f3ria, surgidos h\u00e1 duzentos anos, que serviram como fonte de inspira\u00e7\u00e3o para o cinema. Depois, aprende a fazer suas pr\u00f3prias anima\u00e7\u00f5es. Al\u00e9m de conhecer os brinquedos \u00f3ticos, quem fizer a atividade recebe um GIF animado gerado a partir de seus trabalhos.<\/p>\n<p>&nbsp;<\/p>\n<p>Literatura<\/p>\n<p>&nbsp;<\/p>\n<p>No espa\u00e7o ambientado em homenagem ao poeta mato-grossense Manoel de Barros (1916-2014), o p\u00fablico decora um vasinho de barro e plantam nele uma poesia impressa em papel semente para espalhar literatura e estimular o contato com a natureza. A viv\u00eancia Plantando poesia ser\u00e1 ministrada pelo grupo Lugar de Ser Qualquer.<\/p>\n<p>&nbsp;<\/p>\n<p>Artes visuais e Tecnologias<\/p>\n<p>&nbsp;<\/p>\n<p>A artista Eliete Della Violla ensina como criar seus pr\u00f3prios impressos a partir de mat\u00e9rias-primas como folhas, galhos, frutos secos e outros objetos na oficina Gr\u00e1fica aberta: impressos caseiros. A atividade serve para lembrar que muito antes das impressoras, a reprodu\u00e7\u00e3o gr\u00e1fica s\u00f3 era poss\u00edvel gra\u00e7as a processos manuais e mec\u00e2nicos, como os mime\u00f3grafos a \u00e1lcool, os decalques com papel carbono, as prensas caseiras e o hect\u00f3grafo, uma copiadora do s\u00e9culo 19 que funcionava \u00e0 base de gelatina.<\/p>\n<p>&nbsp;<\/p>\n<p><strong>\u00a0<\/strong><\/p>\n","protected":false},"excerpt":{"rendered":"<p>A cidade de Colina recebe neste s\u00e1bado, dia 11, o<\/p>\n","protected":false},"author":2,"featured_media":104795,"comment_status":"open","ping_status":"open","sticky":false,"template":"","format":"standard","meta":{"footnotes":""},"categories":[25,5],"tags":[],"class_list":["post-104794","post","type-post","status-publish","format-standard","has-post-thumbnail","hentry","category-cidades","category-colina"],"yoast_head":"<!-- This site is optimized with the Yoast SEO plugin v27.4 - https:\/\/yoast.com\/product\/yoast-seo-wordpress\/ -->\n<title>Colina recebe Circuito Sesc de Artes 2024 neste s\u00e1bado - Regi\u00e3o News<\/title>\n<meta name=\"robots\" content=\"index, follow, max-snippet:-1, max-image-preview:large, max-video-preview:-1\" \/>\n<link rel=\"canonical\" href=\"https:\/\/regiaonews.net.br\/2022\/2024\/05\/10\/colina-recebe-circuito-sesc-de-artes-2024-neste-sabado\/\" \/>\n<meta property=\"og:locale\" content=\"pt_BR\" \/>\n<meta property=\"og:type\" content=\"article\" \/>\n<meta property=\"og:title\" content=\"Colina recebe Circuito Sesc de Artes 2024 neste s\u00e1bado - Regi\u00e3o News\" \/>\n<meta property=\"og:description\" content=\"A cidade de Colina recebe neste s\u00e1bado, dia 11, o\" \/>\n<meta property=\"og:url\" content=\"https:\/\/regiaonews.net.br\/2022\/2024\/05\/10\/colina-recebe-circuito-sesc-de-artes-2024-neste-sabado\/\" \/>\n<meta property=\"og:site_name\" content=\"Regi\u00e3o News\" \/>\n<meta property=\"article:published_time\" content=\"2024-05-10T18:29:24+00:00\" \/>\n<meta property=\"og:image\" content=\"https:\/\/regiaonews.net.br\/2022\/wp-content\/uploads\/2024\/05\/Colina.jpg\" \/>\n\t<meta property=\"og:image:width\" content=\"758\" \/>\n\t<meta property=\"og:image:height\" content=\"439\" \/>\n\t<meta property=\"og:image:type\" content=\"image\/jpeg\" \/>\n<meta name=\"author\" content=\"Roberto\" \/>\n<meta name=\"twitter:card\" content=\"summary_large_image\" \/>\n<meta name=\"twitter:label1\" content=\"Escrito por\" \/>\n\t<meta name=\"twitter:data1\" content=\"Roberto\" \/>\n\t<meta name=\"twitter:label2\" content=\"Est. tempo de leitura\" \/>\n\t<meta name=\"twitter:data2\" content=\"4 minutos\" \/>\n<script type=\"application\/ld+json\" class=\"yoast-schema-graph\">{\"@context\":\"https:\\\/\\\/schema.org\",\"@graph\":[{\"@type\":\"Article\",\"@id\":\"https:\\\/\\\/regiaonews.net.br\\\/2022\\\/2024\\\/05\\\/10\\\/colina-recebe-circuito-sesc-de-artes-2024-neste-sabado\\\/#article\",\"isPartOf\":{\"@id\":\"https:\\\/\\\/regiaonews.net.br\\\/2022\\\/2024\\\/05\\\/10\\\/colina-recebe-circuito-sesc-de-artes-2024-neste-sabado\\\/\"},\"author\":{\"name\":\"Roberto\",\"@id\":\"https:\\\/\\\/regiaonews.net.br\\\/2022\\\/#\\\/schema\\\/person\\\/2d205a608a5aa97ac279d7a5e6d89ad8\"},\"headline\":\"Colina recebe Circuito Sesc de Artes 2024 neste s\u00e1bado\",\"datePublished\":\"2024-05-10T18:29:24+00:00\",\"mainEntityOfPage\":{\"@id\":\"https:\\\/\\\/regiaonews.net.br\\\/2022\\\/2024\\\/05\\\/10\\\/colina-recebe-circuito-sesc-de-artes-2024-neste-sabado\\\/\"},\"wordCount\":658,\"commentCount\":0,\"publisher\":{\"@id\":\"https:\\\/\\\/regiaonews.net.br\\\/2022\\\/#organization\"},\"image\":{\"@id\":\"https:\\\/\\\/regiaonews.net.br\\\/2022\\\/2024\\\/05\\\/10\\\/colina-recebe-circuito-sesc-de-artes-2024-neste-sabado\\\/#primaryimage\"},\"thumbnailUrl\":\"https:\\\/\\\/regiaonews.net.br\\\/2022\\\/wp-content\\\/uploads\\\/2024\\\/05\\\/Colina.jpg\",\"articleSection\":[\"Cidades\",\"Colina\"],\"inLanguage\":\"pt-BR\",\"potentialAction\":[{\"@type\":\"CommentAction\",\"name\":\"Comment\",\"target\":[\"https:\\\/\\\/regiaonews.net.br\\\/2022\\\/2024\\\/05\\\/10\\\/colina-recebe-circuito-sesc-de-artes-2024-neste-sabado\\\/#respond\"]}]},{\"@type\":\"WebPage\",\"@id\":\"https:\\\/\\\/regiaonews.net.br\\\/2022\\\/2024\\\/05\\\/10\\\/colina-recebe-circuito-sesc-de-artes-2024-neste-sabado\\\/\",\"url\":\"https:\\\/\\\/regiaonews.net.br\\\/2022\\\/2024\\\/05\\\/10\\\/colina-recebe-circuito-sesc-de-artes-2024-neste-sabado\\\/\",\"name\":\"Colina recebe Circuito Sesc de Artes 2024 neste s\u00e1bado - Regi\u00e3o News\",\"isPartOf\":{\"@id\":\"https:\\\/\\\/regiaonews.net.br\\\/2022\\\/#website\"},\"primaryImageOfPage\":{\"@id\":\"https:\\\/\\\/regiaonews.net.br\\\/2022\\\/2024\\\/05\\\/10\\\/colina-recebe-circuito-sesc-de-artes-2024-neste-sabado\\\/#primaryimage\"},\"image\":{\"@id\":\"https:\\\/\\\/regiaonews.net.br\\\/2022\\\/2024\\\/05\\\/10\\\/colina-recebe-circuito-sesc-de-artes-2024-neste-sabado\\\/#primaryimage\"},\"thumbnailUrl\":\"https:\\\/\\\/regiaonews.net.br\\\/2022\\\/wp-content\\\/uploads\\\/2024\\\/05\\\/Colina.jpg\",\"datePublished\":\"2024-05-10T18:29:24+00:00\",\"breadcrumb\":{\"@id\":\"https:\\\/\\\/regiaonews.net.br\\\/2022\\\/2024\\\/05\\\/10\\\/colina-recebe-circuito-sesc-de-artes-2024-neste-sabado\\\/#breadcrumb\"},\"inLanguage\":\"pt-BR\",\"potentialAction\":[{\"@type\":\"ReadAction\",\"target\":[\"https:\\\/\\\/regiaonews.net.br\\\/2022\\\/2024\\\/05\\\/10\\\/colina-recebe-circuito-sesc-de-artes-2024-neste-sabado\\\/\"]}]},{\"@type\":\"ImageObject\",\"inLanguage\":\"pt-BR\",\"@id\":\"https:\\\/\\\/regiaonews.net.br\\\/2022\\\/2024\\\/05\\\/10\\\/colina-recebe-circuito-sesc-de-artes-2024-neste-sabado\\\/#primaryimage\",\"url\":\"https:\\\/\\\/regiaonews.net.br\\\/2022\\\/wp-content\\\/uploads\\\/2024\\\/05\\\/Colina.jpg\",\"contentUrl\":\"https:\\\/\\\/regiaonews.net.br\\\/2022\\\/wp-content\\\/uploads\\\/2024\\\/05\\\/Colina.jpg\",\"width\":758,\"height\":439},{\"@type\":\"BreadcrumbList\",\"@id\":\"https:\\\/\\\/regiaonews.net.br\\\/2022\\\/2024\\\/05\\\/10\\\/colina-recebe-circuito-sesc-de-artes-2024-neste-sabado\\\/#breadcrumb\",\"itemListElement\":[{\"@type\":\"ListItem\",\"position\":1,\"name\":\"In\u00edcio\",\"item\":\"https:\\\/\\\/regiaonews.net.br\\\/2022\\\/\"},{\"@type\":\"ListItem\",\"position\":2,\"name\":\"Colina recebe Circuito Sesc de Artes 2024 neste s\u00e1bado\"}]},{\"@type\":\"WebSite\",\"@id\":\"https:\\\/\\\/regiaonews.net.br\\\/2022\\\/#website\",\"url\":\"https:\\\/\\\/regiaonews.net.br\\\/2022\\\/\",\"name\":\"Regi\u00e3o News\",\"description\":\"Site de Not\u00edcias de Barretos e regi\u00e3o\",\"publisher\":{\"@id\":\"https:\\\/\\\/regiaonews.net.br\\\/2022\\\/#organization\"},\"potentialAction\":[{\"@type\":\"SearchAction\",\"target\":{\"@type\":\"EntryPoint\",\"urlTemplate\":\"https:\\\/\\\/regiaonews.net.br\\\/2022\\\/?s={search_term_string}\"},\"query-input\":{\"@type\":\"PropertyValueSpecification\",\"valueRequired\":true,\"valueName\":\"search_term_string\"}}],\"inLanguage\":\"pt-BR\"},{\"@type\":\"Organization\",\"@id\":\"https:\\\/\\\/regiaonews.net.br\\\/2022\\\/#organization\",\"name\":\"Regi\u00e3o News\",\"url\":\"https:\\\/\\\/regiaonews.net.br\\\/2022\\\/\",\"logo\":{\"@type\":\"ImageObject\",\"inLanguage\":\"pt-BR\",\"@id\":\"https:\\\/\\\/regiaonews.net.br\\\/2022\\\/#\\\/schema\\\/logo\\\/image\\\/\",\"url\":\"https:\\\/\\\/regiaonews.net.br\\\/2022\\\/wp-content\\\/uploads\\\/2026\\\/03\\\/regiao-13-anos-scaled.jpg\",\"contentUrl\":\"https:\\\/\\\/regiaonews.net.br\\\/2022\\\/wp-content\\\/uploads\\\/2026\\\/03\\\/regiao-13-anos-scaled.jpg\",\"width\":2560,\"height\":635,\"caption\":\"Regi\u00e3o News\"},\"image\":{\"@id\":\"https:\\\/\\\/regiaonews.net.br\\\/2022\\\/#\\\/schema\\\/logo\\\/image\\\/\"}},{\"@type\":\"Person\",\"@id\":\"https:\\\/\\\/regiaonews.net.br\\\/2022\\\/#\\\/schema\\\/person\\\/2d205a608a5aa97ac279d7a5e6d89ad8\",\"name\":\"Roberto\",\"image\":{\"@type\":\"ImageObject\",\"inLanguage\":\"pt-BR\",\"@id\":\"https:\\\/\\\/secure.gravatar.com\\\/avatar\\\/42749d8b712ff9d59ca93dc150494e5b55a44134482993f5baeb97e61b7ecc89?s=96&d=mm&r=g\",\"url\":\"https:\\\/\\\/secure.gravatar.com\\\/avatar\\\/42749d8b712ff9d59ca93dc150494e5b55a44134482993f5baeb97e61b7ecc89?s=96&d=mm&r=g\",\"contentUrl\":\"https:\\\/\\\/secure.gravatar.com\\\/avatar\\\/42749d8b712ff9d59ca93dc150494e5b55a44134482993f5baeb97e61b7ecc89?s=96&d=mm&r=g\",\"caption\":\"Roberto\"},\"url\":\"https:\\\/\\\/regiaonews.net.br\\\/2022\\\/author\\\/roberto\\\/\"}]}<\/script>\n<!-- \/ Yoast SEO plugin. -->","yoast_head_json":{"title":"Colina recebe Circuito Sesc de Artes 2024 neste s\u00e1bado - Regi\u00e3o News","robots":{"index":"index","follow":"follow","max-snippet":"max-snippet:-1","max-image-preview":"max-image-preview:large","max-video-preview":"max-video-preview:-1"},"canonical":"https:\/\/regiaonews.net.br\/2022\/2024\/05\/10\/colina-recebe-circuito-sesc-de-artes-2024-neste-sabado\/","og_locale":"pt_BR","og_type":"article","og_title":"Colina recebe Circuito Sesc de Artes 2024 neste s\u00e1bado - Regi\u00e3o News","og_description":"A cidade de Colina recebe neste s\u00e1bado, dia 11, o","og_url":"https:\/\/regiaonews.net.br\/2022\/2024\/05\/10\/colina-recebe-circuito-sesc-de-artes-2024-neste-sabado\/","og_site_name":"Regi\u00e3o News","article_published_time":"2024-05-10T18:29:24+00:00","og_image":[{"width":758,"height":439,"url":"https:\/\/regiaonews.net.br\/2022\/wp-content\/uploads\/2024\/05\/Colina.jpg","type":"image\/jpeg"}],"author":"Roberto","twitter_card":"summary_large_image","twitter_misc":{"Escrito por":"Roberto","Est. tempo de leitura":"4 minutos"},"schema":{"@context":"https:\/\/schema.org","@graph":[{"@type":"Article","@id":"https:\/\/regiaonews.net.br\/2022\/2024\/05\/10\/colina-recebe-circuito-sesc-de-artes-2024-neste-sabado\/#article","isPartOf":{"@id":"https:\/\/regiaonews.net.br\/2022\/2024\/05\/10\/colina-recebe-circuito-sesc-de-artes-2024-neste-sabado\/"},"author":{"name":"Roberto","@id":"https:\/\/regiaonews.net.br\/2022\/#\/schema\/person\/2d205a608a5aa97ac279d7a5e6d89ad8"},"headline":"Colina recebe Circuito Sesc de Artes 2024 neste s\u00e1bado","datePublished":"2024-05-10T18:29:24+00:00","mainEntityOfPage":{"@id":"https:\/\/regiaonews.net.br\/2022\/2024\/05\/10\/colina-recebe-circuito-sesc-de-artes-2024-neste-sabado\/"},"wordCount":658,"commentCount":0,"publisher":{"@id":"https:\/\/regiaonews.net.br\/2022\/#organization"},"image":{"@id":"https:\/\/regiaonews.net.br\/2022\/2024\/05\/10\/colina-recebe-circuito-sesc-de-artes-2024-neste-sabado\/#primaryimage"},"thumbnailUrl":"https:\/\/regiaonews.net.br\/2022\/wp-content\/uploads\/2024\/05\/Colina.jpg","articleSection":["Cidades","Colina"],"inLanguage":"pt-BR","potentialAction":[{"@type":"CommentAction","name":"Comment","target":["https:\/\/regiaonews.net.br\/2022\/2024\/05\/10\/colina-recebe-circuito-sesc-de-artes-2024-neste-sabado\/#respond"]}]},{"@type":"WebPage","@id":"https:\/\/regiaonews.net.br\/2022\/2024\/05\/10\/colina-recebe-circuito-sesc-de-artes-2024-neste-sabado\/","url":"https:\/\/regiaonews.net.br\/2022\/2024\/05\/10\/colina-recebe-circuito-sesc-de-artes-2024-neste-sabado\/","name":"Colina recebe Circuito Sesc de Artes 2024 neste s\u00e1bado - Regi\u00e3o News","isPartOf":{"@id":"https:\/\/regiaonews.net.br\/2022\/#website"},"primaryImageOfPage":{"@id":"https:\/\/regiaonews.net.br\/2022\/2024\/05\/10\/colina-recebe-circuito-sesc-de-artes-2024-neste-sabado\/#primaryimage"},"image":{"@id":"https:\/\/regiaonews.net.br\/2022\/2024\/05\/10\/colina-recebe-circuito-sesc-de-artes-2024-neste-sabado\/#primaryimage"},"thumbnailUrl":"https:\/\/regiaonews.net.br\/2022\/wp-content\/uploads\/2024\/05\/Colina.jpg","datePublished":"2024-05-10T18:29:24+00:00","breadcrumb":{"@id":"https:\/\/regiaonews.net.br\/2022\/2024\/05\/10\/colina-recebe-circuito-sesc-de-artes-2024-neste-sabado\/#breadcrumb"},"inLanguage":"pt-BR","potentialAction":[{"@type":"ReadAction","target":["https:\/\/regiaonews.net.br\/2022\/2024\/05\/10\/colina-recebe-circuito-sesc-de-artes-2024-neste-sabado\/"]}]},{"@type":"ImageObject","inLanguage":"pt-BR","@id":"https:\/\/regiaonews.net.br\/2022\/2024\/05\/10\/colina-recebe-circuito-sesc-de-artes-2024-neste-sabado\/#primaryimage","url":"https:\/\/regiaonews.net.br\/2022\/wp-content\/uploads\/2024\/05\/Colina.jpg","contentUrl":"https:\/\/regiaonews.net.br\/2022\/wp-content\/uploads\/2024\/05\/Colina.jpg","width":758,"height":439},{"@type":"BreadcrumbList","@id":"https:\/\/regiaonews.net.br\/2022\/2024\/05\/10\/colina-recebe-circuito-sesc-de-artes-2024-neste-sabado\/#breadcrumb","itemListElement":[{"@type":"ListItem","position":1,"name":"In\u00edcio","item":"https:\/\/regiaonews.net.br\/2022\/"},{"@type":"ListItem","position":2,"name":"Colina recebe Circuito Sesc de Artes 2024 neste s\u00e1bado"}]},{"@type":"WebSite","@id":"https:\/\/regiaonews.net.br\/2022\/#website","url":"https:\/\/regiaonews.net.br\/2022\/","name":"Regi\u00e3o News","description":"Site de Not\u00edcias de Barretos e regi\u00e3o","publisher":{"@id":"https:\/\/regiaonews.net.br\/2022\/#organization"},"potentialAction":[{"@type":"SearchAction","target":{"@type":"EntryPoint","urlTemplate":"https:\/\/regiaonews.net.br\/2022\/?s={search_term_string}"},"query-input":{"@type":"PropertyValueSpecification","valueRequired":true,"valueName":"search_term_string"}}],"inLanguage":"pt-BR"},{"@type":"Organization","@id":"https:\/\/regiaonews.net.br\/2022\/#organization","name":"Regi\u00e3o News","url":"https:\/\/regiaonews.net.br\/2022\/","logo":{"@type":"ImageObject","inLanguage":"pt-BR","@id":"https:\/\/regiaonews.net.br\/2022\/#\/schema\/logo\/image\/","url":"https:\/\/regiaonews.net.br\/2022\/wp-content\/uploads\/2026\/03\/regiao-13-anos-scaled.jpg","contentUrl":"https:\/\/regiaonews.net.br\/2022\/wp-content\/uploads\/2026\/03\/regiao-13-anos-scaled.jpg","width":2560,"height":635,"caption":"Regi\u00e3o News"},"image":{"@id":"https:\/\/regiaonews.net.br\/2022\/#\/schema\/logo\/image\/"}},{"@type":"Person","@id":"https:\/\/regiaonews.net.br\/2022\/#\/schema\/person\/2d205a608a5aa97ac279d7a5e6d89ad8","name":"Roberto","image":{"@type":"ImageObject","inLanguage":"pt-BR","@id":"https:\/\/secure.gravatar.com\/avatar\/42749d8b712ff9d59ca93dc150494e5b55a44134482993f5baeb97e61b7ecc89?s=96&d=mm&r=g","url":"https:\/\/secure.gravatar.com\/avatar\/42749d8b712ff9d59ca93dc150494e5b55a44134482993f5baeb97e61b7ecc89?s=96&d=mm&r=g","contentUrl":"https:\/\/secure.gravatar.com\/avatar\/42749d8b712ff9d59ca93dc150494e5b55a44134482993f5baeb97e61b7ecc89?s=96&d=mm&r=g","caption":"Roberto"},"url":"https:\/\/regiaonews.net.br\/2022\/author\/roberto\/"}]}},"publishpress_future_action":{"enabled":false,"date":"2026-05-03 17:14:13","action":"change-status","newStatus":"draft","terms":[],"taxonomy":"category","extraData":[]},"publishpress_future_workflow_manual_trigger":{"enabledWorkflows":[]},"_links":{"self":[{"href":"https:\/\/regiaonews.net.br\/2022\/wp-json\/wp\/v2\/posts\/104794","targetHints":{"allow":["GET"]}}],"collection":[{"href":"https:\/\/regiaonews.net.br\/2022\/wp-json\/wp\/v2\/posts"}],"about":[{"href":"https:\/\/regiaonews.net.br\/2022\/wp-json\/wp\/v2\/types\/post"}],"author":[{"embeddable":true,"href":"https:\/\/regiaonews.net.br\/2022\/wp-json\/wp\/v2\/users\/2"}],"replies":[{"embeddable":true,"href":"https:\/\/regiaonews.net.br\/2022\/wp-json\/wp\/v2\/comments?post=104794"}],"version-history":[{"count":1,"href":"https:\/\/regiaonews.net.br\/2022\/wp-json\/wp\/v2\/posts\/104794\/revisions"}],"predecessor-version":[{"id":104796,"href":"https:\/\/regiaonews.net.br\/2022\/wp-json\/wp\/v2\/posts\/104794\/revisions\/104796"}],"wp:featuredmedia":[{"embeddable":true,"href":"https:\/\/regiaonews.net.br\/2022\/wp-json\/wp\/v2\/media\/104795"}],"wp:attachment":[{"href":"https:\/\/regiaonews.net.br\/2022\/wp-json\/wp\/v2\/media?parent=104794"}],"wp:term":[{"taxonomy":"category","embeddable":true,"href":"https:\/\/regiaonews.net.br\/2022\/wp-json\/wp\/v2\/categories?post=104794"},{"taxonomy":"post_tag","embeddable":true,"href":"https:\/\/regiaonews.net.br\/2022\/wp-json\/wp\/v2\/tags?post=104794"}],"curies":[{"name":"wp","href":"https:\/\/api.w.org\/{rel}","templated":true}]}}