{"id":104791,"date":"2024-05-10T13:51:44","date_gmt":"2024-05-10T16:51:44","guid":{"rendered":"https:\/\/regiaonews.net.br\/2022\/?p=104791"},"modified":"2024-05-10T13:51:44","modified_gmt":"2024-05-10T16:51:44","slug":"quase-70-mil-pessoas-estao-em-abrigos-gauchos-devido-as-fortes-chuvas","status":"publish","type":"post","link":"https:\/\/regiaonews.net.br\/2022\/2024\/05\/10\/quase-70-mil-pessoas-estao-em-abrigos-gauchos-devido-as-fortes-chuvas\/","title":{"rendered":"Quase 70 mil pessoas est\u00e3o em abrigos ga\u00fachos devido \u00e0s fortes chuvas"},"content":{"rendered":"<p>O Rio Grande do Sul contabiliza quase 70 mil (69.617) pessoas acolhidas temporariamente em abrigos, porque foram for\u00e7adas a sair de suas resid\u00eancias devido \u00e0s fortes chuvas que caem no estado desde 29 de abril. O dado consta no boletim da Defesa Civil estadual atualizado \u00e0s 9h desta sexta-feira (10).<img decoding=\"async\" src=\"https:\/\/agenciabrasil.ebc.com.br\/ebc.png?id=1594447&amp;o=node\" \/><img decoding=\"async\" src=\"https:\/\/agenciabrasil.ebc.com.br\/ebc.gif?id=1594447&amp;o=node\" \/><\/p>\n<p>O documento mostra tamb\u00e9m que 337.116 pessoas est\u00e3o desalojadas em todo o estado. Al\u00e9m disso, o n\u00famero de munic\u00edpios ga\u00fachos afetados pelos temporais chega a 435, o que representa 87,5% do total do estado (497).<\/p>\n<p>Ao todo, 17,6% popula\u00e7\u00e3o total do estado, ou 1,916 milh\u00e3o de pessoas foram afetadas direta ou indiretamente pelos eventos clim\u00e1ticos, de um total de 10,88 milh\u00f5es de habitantes do Rio Grande do Sul, conforme\u00a0<a href=\"https:\/\/cidades.ibge.gov.br\/brasil\/rs\/panorama\" target=\"_blank\" rel=\"noopener\">Censo de 2022<\/a>\u00a0 do Instituto Brasileiro de Geografia e Estat\u00edstica (IBGE).<\/p>\n<p>At\u00e9 o momento,\u00a0<a href=\"https:\/\/admin.estado.rs.gov.br\/upload\/arquivos\/202405\/obitos-e-desaparecidos.pdf\" target=\"_blank\" rel=\"noopener\">113 v\u00edtimas fatais<\/a>\u00a0est\u00e3o confirmadas e os nomes das pessoas mortas identificadas foram divulgados pela Defesa Civil estadual.<\/p>\n<p>Ainda h\u00e1 uma morte em investiga\u00e7\u00e3o para confirmar se h\u00e1 rela\u00e7\u00e3o com os eventos meteorol\u00f3gicos recentes. Por\u00e9m, o n\u00famero de \u00f3bitos pode aumentar porque 146 pessoas ainda est\u00e3o desaparecidas. No levantamento oficial, em todo o estado, h\u00e1 756 feridos.<\/p>\n","protected":false},"excerpt":{"rendered":"<p>O Rio Grande do Sul contabiliza quase 70 mil (69.617)<\/p>\n","protected":false},"author":2,"featured_media":104792,"comment_status":"open","ping_status":"open","sticky":false,"template":"","format":"standard","meta":{"footnotes":""},"categories":[24,3],"tags":[],"class_list":["post-104791","post","type-post","status-publish","format-standard","has-post-thumbnail","hentry","category-brasil","category-geral"],"yoast_head":"<!-- This site is optimized with the Yoast SEO plugin v27.4 - https:\/\/yoast.com\/product\/yoast-seo-wordpress\/ -->\n<title>Quase 70 mil pessoas est\u00e3o em abrigos ga\u00fachos devido \u00e0s fortes chuvas - Regi\u00e3o News<\/title>\n<meta name=\"robots\" content=\"index, follow, max-snippet:-1, max-image-preview:large, max-video-preview:-1\" \/>\n<link rel=\"canonical\" href=\"https:\/\/regiaonews.net.br\/2022\/2024\/05\/10\/quase-70-mil-pessoas-estao-em-abrigos-gauchos-devido-as-fortes-chuvas\/\" \/>\n<meta property=\"og:locale\" content=\"pt_BR\" \/>\n<meta property=\"og:type\" content=\"article\" \/>\n<meta property=\"og:title\" content=\"Quase 70 mil pessoas est\u00e3o em abrigos ga\u00fachos devido \u00e0s fortes chuvas - Regi\u00e3o News\" \/>\n<meta property=\"og:description\" content=\"O Rio Grande do Sul contabiliza quase 70 mil (69.617)\" \/>\n<meta property=\"og:url\" content=\"https:\/\/regiaonews.net.br\/2022\/2024\/05\/10\/quase-70-mil-pessoas-estao-em-abrigos-gauchos-devido-as-fortes-chuvas\/\" \/>\n<meta property=\"og:site_name\" content=\"Regi\u00e3o News\" \/>\n<meta property=\"article:published_time\" content=\"2024-05-10T16:51:44+00:00\" \/>\n<meta property=\"og:image\" content=\"https:\/\/regiaonews.net.br\/2022\/wp-content\/uploads\/2024\/05\/20240504_cesar_lopes_gp_-18.webp\" \/>\n\t<meta property=\"og:image:width\" content=\"1170\" \/>\n\t<meta property=\"og:image:height\" content=\"700\" \/>\n\t<meta property=\"og:image:type\" content=\"image\/webp\" \/>\n<meta name=\"author\" content=\"Roberto\" \/>\n<meta name=\"twitter:card\" content=\"summary_large_image\" \/>\n<meta name=\"twitter:label1\" content=\"Escrito por\" \/>\n\t<meta name=\"twitter:data1\" content=\"Roberto\" \/>\n\t<meta name=\"twitter:label2\" content=\"Est. tempo de leitura\" \/>\n\t<meta name=\"twitter:data2\" content=\"2 minutos\" \/>\n<script type=\"application\/ld+json\" class=\"yoast-schema-graph\">{\"@context\":\"https:\\\/\\\/schema.org\",\"@graph\":[{\"@type\":\"Article\",\"@id\":\"https:\\\/\\\/regiaonews.net.br\\\/2022\\\/2024\\\/05\\\/10\\\/quase-70-mil-pessoas-estao-em-abrigos-gauchos-devido-as-fortes-chuvas\\\/#article\",\"isPartOf\":{\"@id\":\"https:\\\/\\\/regiaonews.net.br\\\/2022\\\/2024\\\/05\\\/10\\\/quase-70-mil-pessoas-estao-em-abrigos-gauchos-devido-as-fortes-chuvas\\\/\"},\"author\":{\"name\":\"Roberto\",\"@id\":\"https:\\\/\\\/regiaonews.net.br\\\/2022\\\/#\\\/schema\\\/person\\\/2d205a608a5aa97ac279d7a5e6d89ad8\"},\"headline\":\"Quase 70 mil pessoas est\u00e3o em abrigos ga\u00fachos devido \u00e0s fortes chuvas\",\"datePublished\":\"2024-05-10T16:51:44+00:00\",\"mainEntityOfPage\":{\"@id\":\"https:\\\/\\\/regiaonews.net.br\\\/2022\\\/2024\\\/05\\\/10\\\/quase-70-mil-pessoas-estao-em-abrigos-gauchos-devido-as-fortes-chuvas\\\/\"},\"wordCount\":209,\"commentCount\":0,\"publisher\":{\"@id\":\"https:\\\/\\\/regiaonews.net.br\\\/2022\\\/#organization\"},\"image\":{\"@id\":\"https:\\\/\\\/regiaonews.net.br\\\/2022\\\/2024\\\/05\\\/10\\\/quase-70-mil-pessoas-estao-em-abrigos-gauchos-devido-as-fortes-chuvas\\\/#primaryimage\"},\"thumbnailUrl\":\"https:\\\/\\\/regiaonews.net.br\\\/2022\\\/wp-content\\\/uploads\\\/2024\\\/05\\\/20240504_cesar_lopes_gp_-18.webp\",\"articleSection\":[\"Brasil\",\"Geral\"],\"inLanguage\":\"pt-BR\",\"potentialAction\":[{\"@type\":\"CommentAction\",\"name\":\"Comment\",\"target\":[\"https:\\\/\\\/regiaonews.net.br\\\/2022\\\/2024\\\/05\\\/10\\\/quase-70-mil-pessoas-estao-em-abrigos-gauchos-devido-as-fortes-chuvas\\\/#respond\"]}]},{\"@type\":\"WebPage\",\"@id\":\"https:\\\/\\\/regiaonews.net.br\\\/2022\\\/2024\\\/05\\\/10\\\/quase-70-mil-pessoas-estao-em-abrigos-gauchos-devido-as-fortes-chuvas\\\/\",\"url\":\"https:\\\/\\\/regiaonews.net.br\\\/2022\\\/2024\\\/05\\\/10\\\/quase-70-mil-pessoas-estao-em-abrigos-gauchos-devido-as-fortes-chuvas\\\/\",\"name\":\"Quase 70 mil pessoas est\u00e3o em abrigos ga\u00fachos devido \u00e0s fortes chuvas - Regi\u00e3o News\",\"isPartOf\":{\"@id\":\"https:\\\/\\\/regiaonews.net.br\\\/2022\\\/#website\"},\"primaryImageOfPage\":{\"@id\":\"https:\\\/\\\/regiaonews.net.br\\\/2022\\\/2024\\\/05\\\/10\\\/quase-70-mil-pessoas-estao-em-abrigos-gauchos-devido-as-fortes-chuvas\\\/#primaryimage\"},\"image\":{\"@id\":\"https:\\\/\\\/regiaonews.net.br\\\/2022\\\/2024\\\/05\\\/10\\\/quase-70-mil-pessoas-estao-em-abrigos-gauchos-devido-as-fortes-chuvas\\\/#primaryimage\"},\"thumbnailUrl\":\"https:\\\/\\\/regiaonews.net.br\\\/2022\\\/wp-content\\\/uploads\\\/2024\\\/05\\\/20240504_cesar_lopes_gp_-18.webp\",\"datePublished\":\"2024-05-10T16:51:44+00:00\",\"breadcrumb\":{\"@id\":\"https:\\\/\\\/regiaonews.net.br\\\/2022\\\/2024\\\/05\\\/10\\\/quase-70-mil-pessoas-estao-em-abrigos-gauchos-devido-as-fortes-chuvas\\\/#breadcrumb\"},\"inLanguage\":\"pt-BR\",\"potentialAction\":[{\"@type\":\"ReadAction\",\"target\":[\"https:\\\/\\\/regiaonews.net.br\\\/2022\\\/2024\\\/05\\\/10\\\/quase-70-mil-pessoas-estao-em-abrigos-gauchos-devido-as-fortes-chuvas\\\/\"]}]},{\"@type\":\"ImageObject\",\"inLanguage\":\"pt-BR\",\"@id\":\"https:\\\/\\\/regiaonews.net.br\\\/2022\\\/2024\\\/05\\\/10\\\/quase-70-mil-pessoas-estao-em-abrigos-gauchos-devido-as-fortes-chuvas\\\/#primaryimage\",\"url\":\"https:\\\/\\\/regiaonews.net.br\\\/2022\\\/wp-content\\\/uploads\\\/2024\\\/05\\\/20240504_cesar_lopes_gp_-18.webp\",\"contentUrl\":\"https:\\\/\\\/regiaonews.net.br\\\/2022\\\/wp-content\\\/uploads\\\/2024\\\/05\\\/20240504_cesar_lopes_gp_-18.webp\",\"width\":1170,\"height\":700},{\"@type\":\"BreadcrumbList\",\"@id\":\"https:\\\/\\\/regiaonews.net.br\\\/2022\\\/2024\\\/05\\\/10\\\/quase-70-mil-pessoas-estao-em-abrigos-gauchos-devido-as-fortes-chuvas\\\/#breadcrumb\",\"itemListElement\":[{\"@type\":\"ListItem\",\"position\":1,\"name\":\"In\u00edcio\",\"item\":\"https:\\\/\\\/regiaonews.net.br\\\/2022\\\/\"},{\"@type\":\"ListItem\",\"position\":2,\"name\":\"Quase 70 mil pessoas est\u00e3o em abrigos ga\u00fachos devido \u00e0s fortes chuvas\"}]},{\"@type\":\"WebSite\",\"@id\":\"https:\\\/\\\/regiaonews.net.br\\\/2022\\\/#website\",\"url\":\"https:\\\/\\\/regiaonews.net.br\\\/2022\\\/\",\"name\":\"Regi\u00e3o News\",\"description\":\"Site de Not\u00edcias de Barretos e regi\u00e3o\",\"publisher\":{\"@id\":\"https:\\\/\\\/regiaonews.net.br\\\/2022\\\/#organization\"},\"potentialAction\":[{\"@type\":\"SearchAction\",\"target\":{\"@type\":\"EntryPoint\",\"urlTemplate\":\"https:\\\/\\\/regiaonews.net.br\\\/2022\\\/?s={search_term_string}\"},\"query-input\":{\"@type\":\"PropertyValueSpecification\",\"valueRequired\":true,\"valueName\":\"search_term_string\"}}],\"inLanguage\":\"pt-BR\"},{\"@type\":\"Organization\",\"@id\":\"https:\\\/\\\/regiaonews.net.br\\\/2022\\\/#organization\",\"name\":\"Regi\u00e3o News\",\"url\":\"https:\\\/\\\/regiaonews.net.br\\\/2022\\\/\",\"logo\":{\"@type\":\"ImageObject\",\"inLanguage\":\"pt-BR\",\"@id\":\"https:\\\/\\\/regiaonews.net.br\\\/2022\\\/#\\\/schema\\\/logo\\\/image\\\/\",\"url\":\"https:\\\/\\\/regiaonews.net.br\\\/2022\\\/wp-content\\\/uploads\\\/2026\\\/03\\\/regiao-13-anos-scaled.jpg\",\"contentUrl\":\"https:\\\/\\\/regiaonews.net.br\\\/2022\\\/wp-content\\\/uploads\\\/2026\\\/03\\\/regiao-13-anos-scaled.jpg\",\"width\":2560,\"height\":635,\"caption\":\"Regi\u00e3o News\"},\"image\":{\"@id\":\"https:\\\/\\\/regiaonews.net.br\\\/2022\\\/#\\\/schema\\\/logo\\\/image\\\/\"}},{\"@type\":\"Person\",\"@id\":\"https:\\\/\\\/regiaonews.net.br\\\/2022\\\/#\\\/schema\\\/person\\\/2d205a608a5aa97ac279d7a5e6d89ad8\",\"name\":\"Roberto\",\"image\":{\"@type\":\"ImageObject\",\"inLanguage\":\"pt-BR\",\"@id\":\"https:\\\/\\\/secure.gravatar.com\\\/avatar\\\/42749d8b712ff9d59ca93dc150494e5b55a44134482993f5baeb97e61b7ecc89?s=96&d=mm&r=g\",\"url\":\"https:\\\/\\\/secure.gravatar.com\\\/avatar\\\/42749d8b712ff9d59ca93dc150494e5b55a44134482993f5baeb97e61b7ecc89?s=96&d=mm&r=g\",\"contentUrl\":\"https:\\\/\\\/secure.gravatar.com\\\/avatar\\\/42749d8b712ff9d59ca93dc150494e5b55a44134482993f5baeb97e61b7ecc89?s=96&d=mm&r=g\",\"caption\":\"Roberto\"},\"url\":\"https:\\\/\\\/regiaonews.net.br\\\/2022\\\/author\\\/roberto\\\/\"}]}<\/script>\n<!-- \/ Yoast SEO plugin. -->","yoast_head_json":{"title":"Quase 70 mil pessoas est\u00e3o em abrigos ga\u00fachos devido \u00e0s fortes chuvas - Regi\u00e3o News","robots":{"index":"index","follow":"follow","max-snippet":"max-snippet:-1","max-image-preview":"max-image-preview:large","max-video-preview":"max-video-preview:-1"},"canonical":"https:\/\/regiaonews.net.br\/2022\/2024\/05\/10\/quase-70-mil-pessoas-estao-em-abrigos-gauchos-devido-as-fortes-chuvas\/","og_locale":"pt_BR","og_type":"article","og_title":"Quase 70 mil pessoas est\u00e3o em abrigos ga\u00fachos devido \u00e0s fortes chuvas - Regi\u00e3o News","og_description":"O Rio Grande do Sul contabiliza quase 70 mil (69.617)","og_url":"https:\/\/regiaonews.net.br\/2022\/2024\/05\/10\/quase-70-mil-pessoas-estao-em-abrigos-gauchos-devido-as-fortes-chuvas\/","og_site_name":"Regi\u00e3o News","article_published_time":"2024-05-10T16:51:44+00:00","og_image":[{"width":1170,"height":700,"url":"https:\/\/regiaonews.net.br\/2022\/wp-content\/uploads\/2024\/05\/20240504_cesar_lopes_gp_-18.webp","type":"image\/webp"}],"author":"Roberto","twitter_card":"summary_large_image","twitter_misc":{"Escrito por":"Roberto","Est. tempo de leitura":"2 minutos"},"schema":{"@context":"https:\/\/schema.org","@graph":[{"@type":"Article","@id":"https:\/\/regiaonews.net.br\/2022\/2024\/05\/10\/quase-70-mil-pessoas-estao-em-abrigos-gauchos-devido-as-fortes-chuvas\/#article","isPartOf":{"@id":"https:\/\/regiaonews.net.br\/2022\/2024\/05\/10\/quase-70-mil-pessoas-estao-em-abrigos-gauchos-devido-as-fortes-chuvas\/"},"author":{"name":"Roberto","@id":"https:\/\/regiaonews.net.br\/2022\/#\/schema\/person\/2d205a608a5aa97ac279d7a5e6d89ad8"},"headline":"Quase 70 mil pessoas est\u00e3o em abrigos ga\u00fachos devido \u00e0s fortes chuvas","datePublished":"2024-05-10T16:51:44+00:00","mainEntityOfPage":{"@id":"https:\/\/regiaonews.net.br\/2022\/2024\/05\/10\/quase-70-mil-pessoas-estao-em-abrigos-gauchos-devido-as-fortes-chuvas\/"},"wordCount":209,"commentCount":0,"publisher":{"@id":"https:\/\/regiaonews.net.br\/2022\/#organization"},"image":{"@id":"https:\/\/regiaonews.net.br\/2022\/2024\/05\/10\/quase-70-mil-pessoas-estao-em-abrigos-gauchos-devido-as-fortes-chuvas\/#primaryimage"},"thumbnailUrl":"https:\/\/regiaonews.net.br\/2022\/wp-content\/uploads\/2024\/05\/20240504_cesar_lopes_gp_-18.webp","articleSection":["Brasil","Geral"],"inLanguage":"pt-BR","potentialAction":[{"@type":"CommentAction","name":"Comment","target":["https:\/\/regiaonews.net.br\/2022\/2024\/05\/10\/quase-70-mil-pessoas-estao-em-abrigos-gauchos-devido-as-fortes-chuvas\/#respond"]}]},{"@type":"WebPage","@id":"https:\/\/regiaonews.net.br\/2022\/2024\/05\/10\/quase-70-mil-pessoas-estao-em-abrigos-gauchos-devido-as-fortes-chuvas\/","url":"https:\/\/regiaonews.net.br\/2022\/2024\/05\/10\/quase-70-mil-pessoas-estao-em-abrigos-gauchos-devido-as-fortes-chuvas\/","name":"Quase 70 mil pessoas est\u00e3o em abrigos ga\u00fachos devido \u00e0s fortes chuvas - Regi\u00e3o News","isPartOf":{"@id":"https:\/\/regiaonews.net.br\/2022\/#website"},"primaryImageOfPage":{"@id":"https:\/\/regiaonews.net.br\/2022\/2024\/05\/10\/quase-70-mil-pessoas-estao-em-abrigos-gauchos-devido-as-fortes-chuvas\/#primaryimage"},"image":{"@id":"https:\/\/regiaonews.net.br\/2022\/2024\/05\/10\/quase-70-mil-pessoas-estao-em-abrigos-gauchos-devido-as-fortes-chuvas\/#primaryimage"},"thumbnailUrl":"https:\/\/regiaonews.net.br\/2022\/wp-content\/uploads\/2024\/05\/20240504_cesar_lopes_gp_-18.webp","datePublished":"2024-05-10T16:51:44+00:00","breadcrumb":{"@id":"https:\/\/regiaonews.net.br\/2022\/2024\/05\/10\/quase-70-mil-pessoas-estao-em-abrigos-gauchos-devido-as-fortes-chuvas\/#breadcrumb"},"inLanguage":"pt-BR","potentialAction":[{"@type":"ReadAction","target":["https:\/\/regiaonews.net.br\/2022\/2024\/05\/10\/quase-70-mil-pessoas-estao-em-abrigos-gauchos-devido-as-fortes-chuvas\/"]}]},{"@type":"ImageObject","inLanguage":"pt-BR","@id":"https:\/\/regiaonews.net.br\/2022\/2024\/05\/10\/quase-70-mil-pessoas-estao-em-abrigos-gauchos-devido-as-fortes-chuvas\/#primaryimage","url":"https:\/\/regiaonews.net.br\/2022\/wp-content\/uploads\/2024\/05\/20240504_cesar_lopes_gp_-18.webp","contentUrl":"https:\/\/regiaonews.net.br\/2022\/wp-content\/uploads\/2024\/05\/20240504_cesar_lopes_gp_-18.webp","width":1170,"height":700},{"@type":"BreadcrumbList","@id":"https:\/\/regiaonews.net.br\/2022\/2024\/05\/10\/quase-70-mil-pessoas-estao-em-abrigos-gauchos-devido-as-fortes-chuvas\/#breadcrumb","itemListElement":[{"@type":"ListItem","position":1,"name":"In\u00edcio","item":"https:\/\/regiaonews.net.br\/2022\/"},{"@type":"ListItem","position":2,"name":"Quase 70 mil pessoas est\u00e3o em abrigos ga\u00fachos devido \u00e0s fortes chuvas"}]},{"@type":"WebSite","@id":"https:\/\/regiaonews.net.br\/2022\/#website","url":"https:\/\/regiaonews.net.br\/2022\/","name":"Regi\u00e3o News","description":"Site de Not\u00edcias de Barretos e regi\u00e3o","publisher":{"@id":"https:\/\/regiaonews.net.br\/2022\/#organization"},"potentialAction":[{"@type":"SearchAction","target":{"@type":"EntryPoint","urlTemplate":"https:\/\/regiaonews.net.br\/2022\/?s={search_term_string}"},"query-input":{"@type":"PropertyValueSpecification","valueRequired":true,"valueName":"search_term_string"}}],"inLanguage":"pt-BR"},{"@type":"Organization","@id":"https:\/\/regiaonews.net.br\/2022\/#organization","name":"Regi\u00e3o News","url":"https:\/\/regiaonews.net.br\/2022\/","logo":{"@type":"ImageObject","inLanguage":"pt-BR","@id":"https:\/\/regiaonews.net.br\/2022\/#\/schema\/logo\/image\/","url":"https:\/\/regiaonews.net.br\/2022\/wp-content\/uploads\/2026\/03\/regiao-13-anos-scaled.jpg","contentUrl":"https:\/\/regiaonews.net.br\/2022\/wp-content\/uploads\/2026\/03\/regiao-13-anos-scaled.jpg","width":2560,"height":635,"caption":"Regi\u00e3o News"},"image":{"@id":"https:\/\/regiaonews.net.br\/2022\/#\/schema\/logo\/image\/"}},{"@type":"Person","@id":"https:\/\/regiaonews.net.br\/2022\/#\/schema\/person\/2d205a608a5aa97ac279d7a5e6d89ad8","name":"Roberto","image":{"@type":"ImageObject","inLanguage":"pt-BR","@id":"https:\/\/secure.gravatar.com\/avatar\/42749d8b712ff9d59ca93dc150494e5b55a44134482993f5baeb97e61b7ecc89?s=96&d=mm&r=g","url":"https:\/\/secure.gravatar.com\/avatar\/42749d8b712ff9d59ca93dc150494e5b55a44134482993f5baeb97e61b7ecc89?s=96&d=mm&r=g","contentUrl":"https:\/\/secure.gravatar.com\/avatar\/42749d8b712ff9d59ca93dc150494e5b55a44134482993f5baeb97e61b7ecc89?s=96&d=mm&r=g","caption":"Roberto"},"url":"https:\/\/regiaonews.net.br\/2022\/author\/roberto\/"}]}},"publishpress_future_action":{"enabled":false,"date":"2026-05-03 17:57:22","action":"change-status","newStatus":"draft","terms":[],"taxonomy":"category","extraData":[]},"publishpress_future_workflow_manual_trigger":{"enabledWorkflows":[]},"_links":{"self":[{"href":"https:\/\/regiaonews.net.br\/2022\/wp-json\/wp\/v2\/posts\/104791","targetHints":{"allow":["GET"]}}],"collection":[{"href":"https:\/\/regiaonews.net.br\/2022\/wp-json\/wp\/v2\/posts"}],"about":[{"href":"https:\/\/regiaonews.net.br\/2022\/wp-json\/wp\/v2\/types\/post"}],"author":[{"embeddable":true,"href":"https:\/\/regiaonews.net.br\/2022\/wp-json\/wp\/v2\/users\/2"}],"replies":[{"embeddable":true,"href":"https:\/\/regiaonews.net.br\/2022\/wp-json\/wp\/v2\/comments?post=104791"}],"version-history":[{"count":1,"href":"https:\/\/regiaonews.net.br\/2022\/wp-json\/wp\/v2\/posts\/104791\/revisions"}],"predecessor-version":[{"id":104793,"href":"https:\/\/regiaonews.net.br\/2022\/wp-json\/wp\/v2\/posts\/104791\/revisions\/104793"}],"wp:featuredmedia":[{"embeddable":true,"href":"https:\/\/regiaonews.net.br\/2022\/wp-json\/wp\/v2\/media\/104792"}],"wp:attachment":[{"href":"https:\/\/regiaonews.net.br\/2022\/wp-json\/wp\/v2\/media?parent=104791"}],"wp:term":[{"taxonomy":"category","embeddable":true,"href":"https:\/\/regiaonews.net.br\/2022\/wp-json\/wp\/v2\/categories?post=104791"},{"taxonomy":"post_tag","embeddable":true,"href":"https:\/\/regiaonews.net.br\/2022\/wp-json\/wp\/v2\/tags?post=104791"}],"curies":[{"name":"wp","href":"https:\/\/api.w.org\/{rel}","templated":true}]}}