{"id":104788,"date":"2024-05-10T13:50:27","date_gmt":"2024-05-10T16:50:27","guid":{"rendered":"https:\/\/regiaonews.net.br\/2022\/?p=104788"},"modified":"2024-05-10T13:50:27","modified_gmt":"2024-05-10T16:50:27","slug":"espetaculo-musical-serenata-de-amor-com-a-bela-e-os-tenores-emocionou-pacientes-profissionais-e-publico-no-hospital-de-amor","status":"publish","type":"post","link":"https:\/\/regiaonews.net.br\/2022\/2024\/05\/10\/espetaculo-musical-serenata-de-amor-com-a-bela-e-os-tenores-emocionou-pacientes-profissionais-e-publico-no-hospital-de-amor\/","title":{"rendered":"Espet\u00e1culo musical \u201cSerenata de Amor\u201d com A Bela e Os Tenores emocionou pacientes, profissionais e p\u00fablico no Hospital de Amor"},"content":{"rendered":"<p>Em homenagem ao Dia das M\u00e3es, comemorado no pr\u00f3ximo domingo, o Minist\u00e9rio da Cultura e Instituto Sociocultural do Hospital de Amor ofereceram o espet\u00e1culo musical \u201cSerenata de Amor\u201d, na \u00faltima quarta-feira, dia 08, com show do grupo A Bela e Os Tenores, que mescla m\u00fasica cl\u00e1ssica erudita com can\u00e7\u00f5es italianas e cl\u00e1ssicos populares, em duas sess\u00f5es, uma exclusiva para pacientes e profissionais do Hospital S\u00e3o Judas, a unidade de cuidados paliativos do Hospital de Amor, e outra aberta tamb\u00e9m ao p\u00fablico, no estacionamento do Pavilh\u00e3o Sandy e J\u00fanior, unidade de interna\u00e7\u00e3o do HA.<br \/>\nO p\u00fablico vibrou, cantou juntos e se emocionou com a apresenta\u00e7\u00e3o da soprano Giovanna Maira e pelos tenores Jorge Durian e Armando Valsani, que formam o grupo A Bela e Os Tenores. Eles interagiram com a plateia, expressaram mensagens diretamente aos pacientes e acompanhantes que assistiam das janelas dos quartos no Pavilh\u00e3o Sandy e J\u00fanior e entregaram um espet\u00e1culo, segundo relatos de pessoas na plateia, memor\u00e1vel!<br \/>\nSegundo a gerente de enfermagem da Unidade Antenor Duarte, enfermeira Milena Roberta Teixeira, \u201cum evento como a Serenata do Amor, reconstr\u00f3i a mem\u00f3ria, ressignifica as emo\u00e7\u00f5es dos pacientes, dos colaboradores, e tamb\u00e9m a m\u00fasica ela retrata esses sentimentos. A m\u00fasica \u00e9 capaz de mexer com todos os sentidos do corpo, dos pacientes, dos colaboradores, atrav\u00e9s dela eles conseguem se conectar, se encontrar psicologicamente e emocionalmente com eles mesmo. Por isso, acredito que seja t\u00e3o importante um evento como esse, ajuda na cura e na sa\u00fade de todos\u201d revelou ela.<\/p>\n<p>Cr\u00e9dito das fotos: Hospital de Amor<\/p>\n","protected":false},"excerpt":{"rendered":"<p>Em homenagem ao Dia das M\u00e3es, comemorado no pr\u00f3ximo domingo,<\/p>\n","protected":false},"author":2,"featured_media":104789,"comment_status":"open","ping_status":"open","sticky":false,"template":"","format":"standard","meta":{"footnotes":""},"categories":[14,3],"tags":[],"class_list":["post-104788","post","type-post","status-publish","format-standard","has-post-thumbnail","hentry","category-barretos","category-geral"],"yoast_head":"<!-- This site is optimized with the Yoast SEO plugin v27.4 - https:\/\/yoast.com\/product\/yoast-seo-wordpress\/ -->\n<title>Espet\u00e1culo musical \u201cSerenata de Amor\u201d com A Bela e Os Tenores emocionou pacientes, profissionais e p\u00fablico no Hospital de Amor - Regi\u00e3o News<\/title>\n<meta name=\"robots\" content=\"index, follow, max-snippet:-1, max-image-preview:large, max-video-preview:-1\" \/>\n<link rel=\"canonical\" href=\"https:\/\/regiaonews.net.br\/2022\/2024\/05\/10\/espetaculo-musical-serenata-de-amor-com-a-bela-e-os-tenores-emocionou-pacientes-profissionais-e-publico-no-hospital-de-amor\/\" \/>\n<meta property=\"og:locale\" content=\"pt_BR\" \/>\n<meta property=\"og:type\" content=\"article\" \/>\n<meta property=\"og:title\" content=\"Espet\u00e1culo musical \u201cSerenata de Amor\u201d com A Bela e Os Tenores emocionou pacientes, profissionais e p\u00fablico no Hospital de Amor - Regi\u00e3o News\" \/>\n<meta property=\"og:description\" content=\"Em homenagem ao Dia das M\u00e3es, comemorado no pr\u00f3ximo domingo,\" \/>\n<meta property=\"og:url\" content=\"https:\/\/regiaonews.net.br\/2022\/2024\/05\/10\/espetaculo-musical-serenata-de-amor-com-a-bela-e-os-tenores-emocionou-pacientes-profissionais-e-publico-no-hospital-de-amor\/\" \/>\n<meta property=\"og:site_name\" content=\"Regi\u00e3o News\" \/>\n<meta property=\"article:published_time\" content=\"2024-05-10T16:50:27+00:00\" \/>\n<meta property=\"og:image\" content=\"https:\/\/regiaonews.net.br\/2022\/wp-content\/uploads\/2024\/05\/Imagem-do-WhatsApp-de-2024-05-10-as-13.07.17_fe1c8ada.jpg\" \/>\n\t<meta property=\"og:image:width\" content=\"1600\" \/>\n\t<meta property=\"og:image:height\" content=\"1066\" \/>\n\t<meta property=\"og:image:type\" content=\"image\/jpeg\" \/>\n<meta name=\"author\" content=\"Roberto\" \/>\n<meta name=\"twitter:card\" content=\"summary_large_image\" \/>\n<meta name=\"twitter:label1\" content=\"Escrito por\" \/>\n\t<meta name=\"twitter:data1\" content=\"Roberto\" \/>\n\t<meta name=\"twitter:label2\" content=\"Est. tempo de leitura\" \/>\n\t<meta name=\"twitter:data2\" content=\"2 minutos\" \/>\n<script type=\"application\/ld+json\" class=\"yoast-schema-graph\">{\"@context\":\"https:\\\/\\\/schema.org\",\"@graph\":[{\"@type\":\"Article\",\"@id\":\"https:\\\/\\\/regiaonews.net.br\\\/2022\\\/2024\\\/05\\\/10\\\/espetaculo-musical-serenata-de-amor-com-a-bela-e-os-tenores-emocionou-pacientes-profissionais-e-publico-no-hospital-de-amor\\\/#article\",\"isPartOf\":{\"@id\":\"https:\\\/\\\/regiaonews.net.br\\\/2022\\\/2024\\\/05\\\/10\\\/espetaculo-musical-serenata-de-amor-com-a-bela-e-os-tenores-emocionou-pacientes-profissionais-e-publico-no-hospital-de-amor\\\/\"},\"author\":{\"name\":\"Roberto\",\"@id\":\"https:\\\/\\\/regiaonews.net.br\\\/2022\\\/#\\\/schema\\\/person\\\/2d205a608a5aa97ac279d7a5e6d89ad8\"},\"headline\":\"Espet\u00e1culo musical \u201cSerenata de Amor\u201d com A Bela e Os Tenores emocionou pacientes, profissionais e p\u00fablico no Hospital de Amor\",\"datePublished\":\"2024-05-10T16:50:27+00:00\",\"mainEntityOfPage\":{\"@id\":\"https:\\\/\\\/regiaonews.net.br\\\/2022\\\/2024\\\/05\\\/10\\\/espetaculo-musical-serenata-de-amor-com-a-bela-e-os-tenores-emocionou-pacientes-profissionais-e-publico-no-hospital-de-amor\\\/\"},\"wordCount\":305,\"commentCount\":0,\"publisher\":{\"@id\":\"https:\\\/\\\/regiaonews.net.br\\\/2022\\\/#organization\"},\"image\":{\"@id\":\"https:\\\/\\\/regiaonews.net.br\\\/2022\\\/2024\\\/05\\\/10\\\/espetaculo-musical-serenata-de-amor-com-a-bela-e-os-tenores-emocionou-pacientes-profissionais-e-publico-no-hospital-de-amor\\\/#primaryimage\"},\"thumbnailUrl\":\"https:\\\/\\\/regiaonews.net.br\\\/2022\\\/wp-content\\\/uploads\\\/2024\\\/05\\\/Imagem-do-WhatsApp-de-2024-05-10-as-13.07.17_fe1c8ada.jpg\",\"articleSection\":[\"Barretos\",\"Geral\"],\"inLanguage\":\"pt-BR\",\"potentialAction\":[{\"@type\":\"CommentAction\",\"name\":\"Comment\",\"target\":[\"https:\\\/\\\/regiaonews.net.br\\\/2022\\\/2024\\\/05\\\/10\\\/espetaculo-musical-serenata-de-amor-com-a-bela-e-os-tenores-emocionou-pacientes-profissionais-e-publico-no-hospital-de-amor\\\/#respond\"]}]},{\"@type\":\"WebPage\",\"@id\":\"https:\\\/\\\/regiaonews.net.br\\\/2022\\\/2024\\\/05\\\/10\\\/espetaculo-musical-serenata-de-amor-com-a-bela-e-os-tenores-emocionou-pacientes-profissionais-e-publico-no-hospital-de-amor\\\/\",\"url\":\"https:\\\/\\\/regiaonews.net.br\\\/2022\\\/2024\\\/05\\\/10\\\/espetaculo-musical-serenata-de-amor-com-a-bela-e-os-tenores-emocionou-pacientes-profissionais-e-publico-no-hospital-de-amor\\\/\",\"name\":\"Espet\u00e1culo musical \u201cSerenata de Amor\u201d com A Bela e Os Tenores emocionou pacientes, profissionais e p\u00fablico no Hospital de Amor - Regi\u00e3o News\",\"isPartOf\":{\"@id\":\"https:\\\/\\\/regiaonews.net.br\\\/2022\\\/#website\"},\"primaryImageOfPage\":{\"@id\":\"https:\\\/\\\/regiaonews.net.br\\\/2022\\\/2024\\\/05\\\/10\\\/espetaculo-musical-serenata-de-amor-com-a-bela-e-os-tenores-emocionou-pacientes-profissionais-e-publico-no-hospital-de-amor\\\/#primaryimage\"},\"image\":{\"@id\":\"https:\\\/\\\/regiaonews.net.br\\\/2022\\\/2024\\\/05\\\/10\\\/espetaculo-musical-serenata-de-amor-com-a-bela-e-os-tenores-emocionou-pacientes-profissionais-e-publico-no-hospital-de-amor\\\/#primaryimage\"},\"thumbnailUrl\":\"https:\\\/\\\/regiaonews.net.br\\\/2022\\\/wp-content\\\/uploads\\\/2024\\\/05\\\/Imagem-do-WhatsApp-de-2024-05-10-as-13.07.17_fe1c8ada.jpg\",\"datePublished\":\"2024-05-10T16:50:27+00:00\",\"breadcrumb\":{\"@id\":\"https:\\\/\\\/regiaonews.net.br\\\/2022\\\/2024\\\/05\\\/10\\\/espetaculo-musical-serenata-de-amor-com-a-bela-e-os-tenores-emocionou-pacientes-profissionais-e-publico-no-hospital-de-amor\\\/#breadcrumb\"},\"inLanguage\":\"pt-BR\",\"potentialAction\":[{\"@type\":\"ReadAction\",\"target\":[\"https:\\\/\\\/regiaonews.net.br\\\/2022\\\/2024\\\/05\\\/10\\\/espetaculo-musical-serenata-de-amor-com-a-bela-e-os-tenores-emocionou-pacientes-profissionais-e-publico-no-hospital-de-amor\\\/\"]}]},{\"@type\":\"ImageObject\",\"inLanguage\":\"pt-BR\",\"@id\":\"https:\\\/\\\/regiaonews.net.br\\\/2022\\\/2024\\\/05\\\/10\\\/espetaculo-musical-serenata-de-amor-com-a-bela-e-os-tenores-emocionou-pacientes-profissionais-e-publico-no-hospital-de-amor\\\/#primaryimage\",\"url\":\"https:\\\/\\\/regiaonews.net.br\\\/2022\\\/wp-content\\\/uploads\\\/2024\\\/05\\\/Imagem-do-WhatsApp-de-2024-05-10-as-13.07.17_fe1c8ada.jpg\",\"contentUrl\":\"https:\\\/\\\/regiaonews.net.br\\\/2022\\\/wp-content\\\/uploads\\\/2024\\\/05\\\/Imagem-do-WhatsApp-de-2024-05-10-as-13.07.17_fe1c8ada.jpg\",\"width\":1600,\"height\":1066},{\"@type\":\"BreadcrumbList\",\"@id\":\"https:\\\/\\\/regiaonews.net.br\\\/2022\\\/2024\\\/05\\\/10\\\/espetaculo-musical-serenata-de-amor-com-a-bela-e-os-tenores-emocionou-pacientes-profissionais-e-publico-no-hospital-de-amor\\\/#breadcrumb\",\"itemListElement\":[{\"@type\":\"ListItem\",\"position\":1,\"name\":\"In\u00edcio\",\"item\":\"https:\\\/\\\/regiaonews.net.br\\\/2022\\\/\"},{\"@type\":\"ListItem\",\"position\":2,\"name\":\"Espet\u00e1culo musical \u201cSerenata de Amor\u201d com A Bela e Os Tenores emocionou pacientes, profissionais e p\u00fablico no Hospital de Amor\"}]},{\"@type\":\"WebSite\",\"@id\":\"https:\\\/\\\/regiaonews.net.br\\\/2022\\\/#website\",\"url\":\"https:\\\/\\\/regiaonews.net.br\\\/2022\\\/\",\"name\":\"Regi\u00e3o News\",\"description\":\"Site de Not\u00edcias de Barretos e regi\u00e3o\",\"publisher\":{\"@id\":\"https:\\\/\\\/regiaonews.net.br\\\/2022\\\/#organization\"},\"potentialAction\":[{\"@type\":\"SearchAction\",\"target\":{\"@type\":\"EntryPoint\",\"urlTemplate\":\"https:\\\/\\\/regiaonews.net.br\\\/2022\\\/?s={search_term_string}\"},\"query-input\":{\"@type\":\"PropertyValueSpecification\",\"valueRequired\":true,\"valueName\":\"search_term_string\"}}],\"inLanguage\":\"pt-BR\"},{\"@type\":\"Organization\",\"@id\":\"https:\\\/\\\/regiaonews.net.br\\\/2022\\\/#organization\",\"name\":\"Regi\u00e3o News\",\"url\":\"https:\\\/\\\/regiaonews.net.br\\\/2022\\\/\",\"logo\":{\"@type\":\"ImageObject\",\"inLanguage\":\"pt-BR\",\"@id\":\"https:\\\/\\\/regiaonews.net.br\\\/2022\\\/#\\\/schema\\\/logo\\\/image\\\/\",\"url\":\"https:\\\/\\\/regiaonews.net.br\\\/2022\\\/wp-content\\\/uploads\\\/2026\\\/03\\\/regiao-13-anos-scaled.jpg\",\"contentUrl\":\"https:\\\/\\\/regiaonews.net.br\\\/2022\\\/wp-content\\\/uploads\\\/2026\\\/03\\\/regiao-13-anos-scaled.jpg\",\"width\":2560,\"height\":635,\"caption\":\"Regi\u00e3o News\"},\"image\":{\"@id\":\"https:\\\/\\\/regiaonews.net.br\\\/2022\\\/#\\\/schema\\\/logo\\\/image\\\/\"}},{\"@type\":\"Person\",\"@id\":\"https:\\\/\\\/regiaonews.net.br\\\/2022\\\/#\\\/schema\\\/person\\\/2d205a608a5aa97ac279d7a5e6d89ad8\",\"name\":\"Roberto\",\"image\":{\"@type\":\"ImageObject\",\"inLanguage\":\"pt-BR\",\"@id\":\"https:\\\/\\\/secure.gravatar.com\\\/avatar\\\/42749d8b712ff9d59ca93dc150494e5b55a44134482993f5baeb97e61b7ecc89?s=96&d=mm&r=g\",\"url\":\"https:\\\/\\\/secure.gravatar.com\\\/avatar\\\/42749d8b712ff9d59ca93dc150494e5b55a44134482993f5baeb97e61b7ecc89?s=96&d=mm&r=g\",\"contentUrl\":\"https:\\\/\\\/secure.gravatar.com\\\/avatar\\\/42749d8b712ff9d59ca93dc150494e5b55a44134482993f5baeb97e61b7ecc89?s=96&d=mm&r=g\",\"caption\":\"Roberto\"},\"url\":\"https:\\\/\\\/regiaonews.net.br\\\/2022\\\/author\\\/roberto\\\/\"}]}<\/script>\n<!-- \/ Yoast SEO plugin. -->","yoast_head_json":{"title":"Espet\u00e1culo musical \u201cSerenata de Amor\u201d com A Bela e Os Tenores emocionou pacientes, profissionais e p\u00fablico no Hospital de Amor - Regi\u00e3o News","robots":{"index":"index","follow":"follow","max-snippet":"max-snippet:-1","max-image-preview":"max-image-preview:large","max-video-preview":"max-video-preview:-1"},"canonical":"https:\/\/regiaonews.net.br\/2022\/2024\/05\/10\/espetaculo-musical-serenata-de-amor-com-a-bela-e-os-tenores-emocionou-pacientes-profissionais-e-publico-no-hospital-de-amor\/","og_locale":"pt_BR","og_type":"article","og_title":"Espet\u00e1culo musical \u201cSerenata de Amor\u201d com A Bela e Os Tenores emocionou pacientes, profissionais e p\u00fablico no Hospital de Amor - Regi\u00e3o News","og_description":"Em homenagem ao Dia das M\u00e3es, comemorado no pr\u00f3ximo domingo,","og_url":"https:\/\/regiaonews.net.br\/2022\/2024\/05\/10\/espetaculo-musical-serenata-de-amor-com-a-bela-e-os-tenores-emocionou-pacientes-profissionais-e-publico-no-hospital-de-amor\/","og_site_name":"Regi\u00e3o News","article_published_time":"2024-05-10T16:50:27+00:00","og_image":[{"width":1600,"height":1066,"url":"https:\/\/regiaonews.net.br\/2022\/wp-content\/uploads\/2024\/05\/Imagem-do-WhatsApp-de-2024-05-10-as-13.07.17_fe1c8ada.jpg","type":"image\/jpeg"}],"author":"Roberto","twitter_card":"summary_large_image","twitter_misc":{"Escrito por":"Roberto","Est. tempo de leitura":"2 minutos"},"schema":{"@context":"https:\/\/schema.org","@graph":[{"@type":"Article","@id":"https:\/\/regiaonews.net.br\/2022\/2024\/05\/10\/espetaculo-musical-serenata-de-amor-com-a-bela-e-os-tenores-emocionou-pacientes-profissionais-e-publico-no-hospital-de-amor\/#article","isPartOf":{"@id":"https:\/\/regiaonews.net.br\/2022\/2024\/05\/10\/espetaculo-musical-serenata-de-amor-com-a-bela-e-os-tenores-emocionou-pacientes-profissionais-e-publico-no-hospital-de-amor\/"},"author":{"name":"Roberto","@id":"https:\/\/regiaonews.net.br\/2022\/#\/schema\/person\/2d205a608a5aa97ac279d7a5e6d89ad8"},"headline":"Espet\u00e1culo musical \u201cSerenata de Amor\u201d com A Bela e Os Tenores emocionou pacientes, profissionais e p\u00fablico no Hospital de Amor","datePublished":"2024-05-10T16:50:27+00:00","mainEntityOfPage":{"@id":"https:\/\/regiaonews.net.br\/2022\/2024\/05\/10\/espetaculo-musical-serenata-de-amor-com-a-bela-e-os-tenores-emocionou-pacientes-profissionais-e-publico-no-hospital-de-amor\/"},"wordCount":305,"commentCount":0,"publisher":{"@id":"https:\/\/regiaonews.net.br\/2022\/#organization"},"image":{"@id":"https:\/\/regiaonews.net.br\/2022\/2024\/05\/10\/espetaculo-musical-serenata-de-amor-com-a-bela-e-os-tenores-emocionou-pacientes-profissionais-e-publico-no-hospital-de-amor\/#primaryimage"},"thumbnailUrl":"https:\/\/regiaonews.net.br\/2022\/wp-content\/uploads\/2024\/05\/Imagem-do-WhatsApp-de-2024-05-10-as-13.07.17_fe1c8ada.jpg","articleSection":["Barretos","Geral"],"inLanguage":"pt-BR","potentialAction":[{"@type":"CommentAction","name":"Comment","target":["https:\/\/regiaonews.net.br\/2022\/2024\/05\/10\/espetaculo-musical-serenata-de-amor-com-a-bela-e-os-tenores-emocionou-pacientes-profissionais-e-publico-no-hospital-de-amor\/#respond"]}]},{"@type":"WebPage","@id":"https:\/\/regiaonews.net.br\/2022\/2024\/05\/10\/espetaculo-musical-serenata-de-amor-com-a-bela-e-os-tenores-emocionou-pacientes-profissionais-e-publico-no-hospital-de-amor\/","url":"https:\/\/regiaonews.net.br\/2022\/2024\/05\/10\/espetaculo-musical-serenata-de-amor-com-a-bela-e-os-tenores-emocionou-pacientes-profissionais-e-publico-no-hospital-de-amor\/","name":"Espet\u00e1culo musical \u201cSerenata de Amor\u201d com A Bela e Os Tenores emocionou pacientes, profissionais e p\u00fablico no Hospital de Amor - Regi\u00e3o News","isPartOf":{"@id":"https:\/\/regiaonews.net.br\/2022\/#website"},"primaryImageOfPage":{"@id":"https:\/\/regiaonews.net.br\/2022\/2024\/05\/10\/espetaculo-musical-serenata-de-amor-com-a-bela-e-os-tenores-emocionou-pacientes-profissionais-e-publico-no-hospital-de-amor\/#primaryimage"},"image":{"@id":"https:\/\/regiaonews.net.br\/2022\/2024\/05\/10\/espetaculo-musical-serenata-de-amor-com-a-bela-e-os-tenores-emocionou-pacientes-profissionais-e-publico-no-hospital-de-amor\/#primaryimage"},"thumbnailUrl":"https:\/\/regiaonews.net.br\/2022\/wp-content\/uploads\/2024\/05\/Imagem-do-WhatsApp-de-2024-05-10-as-13.07.17_fe1c8ada.jpg","datePublished":"2024-05-10T16:50:27+00:00","breadcrumb":{"@id":"https:\/\/regiaonews.net.br\/2022\/2024\/05\/10\/espetaculo-musical-serenata-de-amor-com-a-bela-e-os-tenores-emocionou-pacientes-profissionais-e-publico-no-hospital-de-amor\/#breadcrumb"},"inLanguage":"pt-BR","potentialAction":[{"@type":"ReadAction","target":["https:\/\/regiaonews.net.br\/2022\/2024\/05\/10\/espetaculo-musical-serenata-de-amor-com-a-bela-e-os-tenores-emocionou-pacientes-profissionais-e-publico-no-hospital-de-amor\/"]}]},{"@type":"ImageObject","inLanguage":"pt-BR","@id":"https:\/\/regiaonews.net.br\/2022\/2024\/05\/10\/espetaculo-musical-serenata-de-amor-com-a-bela-e-os-tenores-emocionou-pacientes-profissionais-e-publico-no-hospital-de-amor\/#primaryimage","url":"https:\/\/regiaonews.net.br\/2022\/wp-content\/uploads\/2024\/05\/Imagem-do-WhatsApp-de-2024-05-10-as-13.07.17_fe1c8ada.jpg","contentUrl":"https:\/\/regiaonews.net.br\/2022\/wp-content\/uploads\/2024\/05\/Imagem-do-WhatsApp-de-2024-05-10-as-13.07.17_fe1c8ada.jpg","width":1600,"height":1066},{"@type":"BreadcrumbList","@id":"https:\/\/regiaonews.net.br\/2022\/2024\/05\/10\/espetaculo-musical-serenata-de-amor-com-a-bela-e-os-tenores-emocionou-pacientes-profissionais-e-publico-no-hospital-de-amor\/#breadcrumb","itemListElement":[{"@type":"ListItem","position":1,"name":"In\u00edcio","item":"https:\/\/regiaonews.net.br\/2022\/"},{"@type":"ListItem","position":2,"name":"Espet\u00e1culo musical \u201cSerenata de Amor\u201d com A Bela e Os Tenores emocionou pacientes, profissionais e p\u00fablico no Hospital de Amor"}]},{"@type":"WebSite","@id":"https:\/\/regiaonews.net.br\/2022\/#website","url":"https:\/\/regiaonews.net.br\/2022\/","name":"Regi\u00e3o News","description":"Site de Not\u00edcias de Barretos e regi\u00e3o","publisher":{"@id":"https:\/\/regiaonews.net.br\/2022\/#organization"},"potentialAction":[{"@type":"SearchAction","target":{"@type":"EntryPoint","urlTemplate":"https:\/\/regiaonews.net.br\/2022\/?s={search_term_string}"},"query-input":{"@type":"PropertyValueSpecification","valueRequired":true,"valueName":"search_term_string"}}],"inLanguage":"pt-BR"},{"@type":"Organization","@id":"https:\/\/regiaonews.net.br\/2022\/#organization","name":"Regi\u00e3o News","url":"https:\/\/regiaonews.net.br\/2022\/","logo":{"@type":"ImageObject","inLanguage":"pt-BR","@id":"https:\/\/regiaonews.net.br\/2022\/#\/schema\/logo\/image\/","url":"https:\/\/regiaonews.net.br\/2022\/wp-content\/uploads\/2026\/03\/regiao-13-anos-scaled.jpg","contentUrl":"https:\/\/regiaonews.net.br\/2022\/wp-content\/uploads\/2026\/03\/regiao-13-anos-scaled.jpg","width":2560,"height":635,"caption":"Regi\u00e3o News"},"image":{"@id":"https:\/\/regiaonews.net.br\/2022\/#\/schema\/logo\/image\/"}},{"@type":"Person","@id":"https:\/\/regiaonews.net.br\/2022\/#\/schema\/person\/2d205a608a5aa97ac279d7a5e6d89ad8","name":"Roberto","image":{"@type":"ImageObject","inLanguage":"pt-BR","@id":"https:\/\/secure.gravatar.com\/avatar\/42749d8b712ff9d59ca93dc150494e5b55a44134482993f5baeb97e61b7ecc89?s=96&d=mm&r=g","url":"https:\/\/secure.gravatar.com\/avatar\/42749d8b712ff9d59ca93dc150494e5b55a44134482993f5baeb97e61b7ecc89?s=96&d=mm&r=g","contentUrl":"https:\/\/secure.gravatar.com\/avatar\/42749d8b712ff9d59ca93dc150494e5b55a44134482993f5baeb97e61b7ecc89?s=96&d=mm&r=g","caption":"Roberto"},"url":"https:\/\/regiaonews.net.br\/2022\/author\/roberto\/"}]}},"publishpress_future_action":{"enabled":false,"date":"2026-05-03 18:07:12","action":"change-status","newStatus":"draft","terms":[],"taxonomy":"category","extraData":[]},"publishpress_future_workflow_manual_trigger":{"enabledWorkflows":[]},"_links":{"self":[{"href":"https:\/\/regiaonews.net.br\/2022\/wp-json\/wp\/v2\/posts\/104788","targetHints":{"allow":["GET"]}}],"collection":[{"href":"https:\/\/regiaonews.net.br\/2022\/wp-json\/wp\/v2\/posts"}],"about":[{"href":"https:\/\/regiaonews.net.br\/2022\/wp-json\/wp\/v2\/types\/post"}],"author":[{"embeddable":true,"href":"https:\/\/regiaonews.net.br\/2022\/wp-json\/wp\/v2\/users\/2"}],"replies":[{"embeddable":true,"href":"https:\/\/regiaonews.net.br\/2022\/wp-json\/wp\/v2\/comments?post=104788"}],"version-history":[{"count":1,"href":"https:\/\/regiaonews.net.br\/2022\/wp-json\/wp\/v2\/posts\/104788\/revisions"}],"predecessor-version":[{"id":104790,"href":"https:\/\/regiaonews.net.br\/2022\/wp-json\/wp\/v2\/posts\/104788\/revisions\/104790"}],"wp:featuredmedia":[{"embeddable":true,"href":"https:\/\/regiaonews.net.br\/2022\/wp-json\/wp\/v2\/media\/104789"}],"wp:attachment":[{"href":"https:\/\/regiaonews.net.br\/2022\/wp-json\/wp\/v2\/media?parent=104788"}],"wp:term":[{"taxonomy":"category","embeddable":true,"href":"https:\/\/regiaonews.net.br\/2022\/wp-json\/wp\/v2\/categories?post=104788"},{"taxonomy":"post_tag","embeddable":true,"href":"https:\/\/regiaonews.net.br\/2022\/wp-json\/wp\/v2\/tags?post=104788"}],"curies":[{"name":"wp","href":"https:\/\/api.w.org\/{rel}","templated":true}]}}