{"id":104775,"date":"2024-05-10T13:46:19","date_gmt":"2024-05-10T16:46:19","guid":{"rendered":"https:\/\/regiaonews.net.br\/2022\/?p=104775"},"modified":"2024-05-10T13:46:19","modified_gmt":"2024-05-10T16:46:19","slug":"saae-barretos-realiza-a-campanha-doce-combate-durante-a-semana-da-reciclagem","status":"publish","type":"post","link":"https:\/\/regiaonews.net.br\/2022\/2024\/05\/10\/saae-barretos-realiza-a-campanha-doce-combate-durante-a-semana-da-reciclagem\/","title":{"rendered":"SAAE Barretos realiza a Campanha Doce Combate durante a Semana da Reciclagem"},"content":{"rendered":"<h3 style=\"text-align: center;\">Atividade \u00e9 parte do projeto de educa\u00e7\u00e3o ambiental &#8220;Super Conscientes&#8221;<\/h3>\n<p>O Servi\u00e7o Aut\u00f4nomo de \u00c1gua e Esgoto de Barretos (SAAEB) realiza, de 13 a 17 de maio, a semana municipal de conscientiza\u00e7\u00e3o sobre a import\u00e2ncia da separa\u00e7\u00e3o dos res\u00edduos com o foco na reciclagem para a prote\u00e7\u00e3o do meio ambiente, que recebe o nome de Semana do \u2018Doce Combate\u2019.<\/p>\n<p>Por conta do dia da reciclagem, no dia 17, o \u2018Doce Combate\u2019, uma atividade do projeto de educa\u00e7\u00e3o ambiental \u201cSuper Conscientes\u201d, visa promover a educa\u00e7\u00e3o ambiental atrav\u00e9s de uma abordagem inovadora e gratificante: a troca de materiais recicl\u00e1veis por geladinhos, sendo que muitos deles podem se tornar focos de criadouros para o mosquito Aedes aegypti.<\/p>\n<p>Requisitos para troca de geladinhos:<br \/>\n&#8211; 10 garrafas PET: 2 geladinhos<br \/>\n&#8211; 10 latas de alum\u00ednio (refrigerante ou cerveja): 2 geladinhos<br \/>\n&#8211; 1 pneu de carro: 5 geladinhos<br \/>\n&#8211; 1 pneu de bike: 2 geladinhos<br \/>\n&#8211; 3 garrafas de vidro: 2 geladinhos<br \/>\n&#8211; 1kg de tampinhas de pl\u00e1stico: 6 geladinhos<br \/>\n&#8211; 1 lata de tinta: 2 geladinhos<\/p>\n<p>O evento n\u00e3o s\u00f3 recompensar\u00e1 os participantes com geladinhos por seus esfor\u00e7os de reciclagem, mas tamb\u00e9m servir\u00e1 como um ponto de coleta para pilhas e baterias usadas, enfatizando a import\u00e2ncia do descarte adequado de res\u00edduos.<\/p>\n<p>Durante este per\u00edodo, das 8h \u00e0s 12h, ser\u00e3o estabelecidas &#8220;EcoBrigadas&#8221; em cinco locais diferentes da cidade para envolver as comunidades no descarte consciente de materiais recicl\u00e1veis e na elimina\u00e7\u00e3o de locais que possam acumular \u00e1gua e favorecer a prolifera\u00e7\u00e3o do mosquito. Confira os locais:<\/p>\n<p>a) Segunda-feira (13\/05): Quadra da Igreja Matriz da Par\u00f3quia Bom Jesus<br \/>\nEndere\u00e7o: Rua Maiba Thom\u00e9 n\u00ba 4 &#8211; Bom Jesus<\/p>\n<p>b) Ter\u00e7a-feira (14\/05): Esta\u00e7\u00e3o de Tratamento de \u00c1gua ETA Pereira<br \/>\nEndere\u00e7o: Rua 18, s\/n\u00ba &#8211; Vila Pereira<\/p>\n<p>c) Quarta-feira (15\/05): CRAS 1 (Centro de Refer\u00eancia de Assist\u00eancia Social)<br \/>\nEndere\u00e7o: Av. Loja Ma\u00e7\u00f4nica Fraternidade Paulista, 1060 &#8211; Jardim Cai\u00e7ara<\/p>\n<p>d) Quinta-feira (16\/05): C\u00c9U das Artes (Centro de Artes e Esportes Unificados) Professora Eunice de Souza Esp\u00edndola<br \/>\nEndere\u00e7o: Rua S\u00e3o Jos\u00e9 n\u00ba 803, Jardim Universit\u00e1rio<\/p>\n<p>e) Sexta-feira (17\/05 \u2013 Dia da Reciclagem): Associa\u00e7\u00e3o dos Servidores do SAAEB<br \/>\nEndere\u00e7o: Via Dr. Guilherme Seraphico de Assis Carvalho, ao lado do po\u00e7o da Unidade de Abastecimento do bairro Dom Bosco.<\/p>\n<p>Ao contr\u00e1rio das abordagens tradicionais focadas em consequ\u00eancias negativas ou medidas punitivas, o &#8220;Doce Combate&#8221; visa envolver a comunidade de Barretos em um esfor\u00e7o coletivo e positivo. A campanha n\u00e3o s\u00f3 promove a conscientiza\u00e7\u00e3o ambiental como tamb\u00e9m estimula a\u00e7\u00f5es que trazem satisfa\u00e7\u00e3o e bem-estar, fortalecendo os la\u00e7os comunit\u00e1rios e a responsabilidade compartilhada pela preserva\u00e7\u00e3o do meio ambiente e da sa\u00fade p\u00fablica.<\/p>\n<p>\u201c\u2019O &#8216;Doce Combate&#8217; \u00e9 um reflexo do compromisso da Prefeitura de Barretos, por meio do SAAEB, e dos parceiros da atividade, com a sustentabilidade ambiental e a sa\u00fade p\u00fablica. Inspirados por uma a\u00e7\u00e3o similar em Pitangueiras e trazida \u00e0 nossa aten\u00e7\u00e3o pelo diretor administrativo, Carlos Roberto Ferreira, adaptamos essa ideia ao contexto de Barretos, integrando-a ao nosso projeto &#8216;Super Conscientes&#8217;. Essa \u00e9 uma oportunidade para a comunidade se unir e participar ativamente de pr\u00e1ticas sustent\u00e1veis e tamb\u00e9m na luta contra a dengue&#8221;, destaca o superintendente Marcelo Borges.<\/p>\n<p>A Campanha Doce Combate tem o apoio da Concession\u00e1ria de Rodovias TEBE, Menara Residencial Fechado, Target Engenharia Civil e El\u00e9trica, Par\u00f3quia Bom Jesus, Secretaria Municipal de Cultura &amp; Economia Criativa, Secretaria Municipal de Assist\u00eancia Social e Desenvolvimento Humano e AFSAAEB &#8211; Associa\u00e7\u00e3o dos Servidores do SAAE Barretos.<\/p>\n","protected":false},"excerpt":{"rendered":"<p>Atividade \u00e9 parte do projeto de educa\u00e7\u00e3o ambiental &#8220;Super Conscientes&#8221;<\/p>\n","protected":false},"author":2,"featured_media":104776,"comment_status":"open","ping_status":"open","sticky":false,"template":"","format":"standard","meta":{"footnotes":""},"categories":[14,3],"tags":[],"class_list":["post-104775","post","type-post","status-publish","format-standard","has-post-thumbnail","hentry","category-barretos","category-geral"],"yoast_head":"<!-- This site is optimized with the Yoast SEO plugin v27.4 - https:\/\/yoast.com\/product\/yoast-seo-wordpress\/ -->\n<title>SAAE Barretos realiza a Campanha Doce Combate durante a Semana da Reciclagem - Regi\u00e3o News<\/title>\n<meta name=\"robots\" content=\"index, follow, max-snippet:-1, max-image-preview:large, max-video-preview:-1\" \/>\n<link rel=\"canonical\" href=\"https:\/\/regiaonews.net.br\/2022\/2024\/05\/10\/saae-barretos-realiza-a-campanha-doce-combate-durante-a-semana-da-reciclagem\/\" \/>\n<meta property=\"og:locale\" content=\"pt_BR\" \/>\n<meta property=\"og:type\" content=\"article\" \/>\n<meta property=\"og:title\" content=\"SAAE Barretos realiza a Campanha Doce Combate durante a Semana da Reciclagem - Regi\u00e3o News\" \/>\n<meta property=\"og:description\" content=\"Atividade \u00e9 parte do projeto de educa\u00e7\u00e3o ambiental &#8220;Super Conscientes&#8221;\" \/>\n<meta property=\"og:url\" content=\"https:\/\/regiaonews.net.br\/2022\/2024\/05\/10\/saae-barretos-realiza-a-campanha-doce-combate-durante-a-semana-da-reciclagem\/\" \/>\n<meta property=\"og:site_name\" content=\"Regi\u00e3o News\" \/>\n<meta property=\"article:published_time\" content=\"2024-05-10T16:46:19+00:00\" \/>\n<meta property=\"og:image\" content=\"https:\/\/regiaonews.net.br\/2022\/wp-content\/uploads\/2024\/05\/vv.jpg\" \/>\n\t<meta property=\"og:image:width\" content=\"1600\" \/>\n\t<meta property=\"og:image:height\" content=\"1131\" \/>\n\t<meta property=\"og:image:type\" content=\"image\/jpeg\" \/>\n<meta name=\"author\" content=\"Roberto\" \/>\n<meta name=\"twitter:card\" content=\"summary_large_image\" \/>\n<meta name=\"twitter:label1\" content=\"Escrito por\" \/>\n\t<meta name=\"twitter:data1\" content=\"Roberto\" \/>\n\t<meta name=\"twitter:label2\" content=\"Est. tempo de leitura\" \/>\n\t<meta name=\"twitter:data2\" content=\"4 minutos\" \/>\n<script type=\"application\/ld+json\" class=\"yoast-schema-graph\">{\"@context\":\"https:\\\/\\\/schema.org\",\"@graph\":[{\"@type\":\"Article\",\"@id\":\"https:\\\/\\\/regiaonews.net.br\\\/2022\\\/2024\\\/05\\\/10\\\/saae-barretos-realiza-a-campanha-doce-combate-durante-a-semana-da-reciclagem\\\/#article\",\"isPartOf\":{\"@id\":\"https:\\\/\\\/regiaonews.net.br\\\/2022\\\/2024\\\/05\\\/10\\\/saae-barretos-realiza-a-campanha-doce-combate-durante-a-semana-da-reciclagem\\\/\"},\"author\":{\"name\":\"Roberto\",\"@id\":\"https:\\\/\\\/regiaonews.net.br\\\/2022\\\/#\\\/schema\\\/person\\\/2d205a608a5aa97ac279d7a5e6d89ad8\"},\"headline\":\"SAAE Barretos realiza a Campanha Doce Combate durante a Semana da Reciclagem\",\"datePublished\":\"2024-05-10T16:46:19+00:00\",\"mainEntityOfPage\":{\"@id\":\"https:\\\/\\\/regiaonews.net.br\\\/2022\\\/2024\\\/05\\\/10\\\/saae-barretos-realiza-a-campanha-doce-combate-durante-a-semana-da-reciclagem\\\/\"},\"wordCount\":609,\"commentCount\":0,\"publisher\":{\"@id\":\"https:\\\/\\\/regiaonews.net.br\\\/2022\\\/#organization\"},\"image\":{\"@id\":\"https:\\\/\\\/regiaonews.net.br\\\/2022\\\/2024\\\/05\\\/10\\\/saae-barretos-realiza-a-campanha-doce-combate-durante-a-semana-da-reciclagem\\\/#primaryimage\"},\"thumbnailUrl\":\"https:\\\/\\\/regiaonews.net.br\\\/2022\\\/wp-content\\\/uploads\\\/2024\\\/05\\\/vv.jpg\",\"articleSection\":[\"Barretos\",\"Geral\"],\"inLanguage\":\"pt-BR\",\"potentialAction\":[{\"@type\":\"CommentAction\",\"name\":\"Comment\",\"target\":[\"https:\\\/\\\/regiaonews.net.br\\\/2022\\\/2024\\\/05\\\/10\\\/saae-barretos-realiza-a-campanha-doce-combate-durante-a-semana-da-reciclagem\\\/#respond\"]}]},{\"@type\":\"WebPage\",\"@id\":\"https:\\\/\\\/regiaonews.net.br\\\/2022\\\/2024\\\/05\\\/10\\\/saae-barretos-realiza-a-campanha-doce-combate-durante-a-semana-da-reciclagem\\\/\",\"url\":\"https:\\\/\\\/regiaonews.net.br\\\/2022\\\/2024\\\/05\\\/10\\\/saae-barretos-realiza-a-campanha-doce-combate-durante-a-semana-da-reciclagem\\\/\",\"name\":\"SAAE Barretos realiza a Campanha Doce Combate durante a Semana da Reciclagem - Regi\u00e3o News\",\"isPartOf\":{\"@id\":\"https:\\\/\\\/regiaonews.net.br\\\/2022\\\/#website\"},\"primaryImageOfPage\":{\"@id\":\"https:\\\/\\\/regiaonews.net.br\\\/2022\\\/2024\\\/05\\\/10\\\/saae-barretos-realiza-a-campanha-doce-combate-durante-a-semana-da-reciclagem\\\/#primaryimage\"},\"image\":{\"@id\":\"https:\\\/\\\/regiaonews.net.br\\\/2022\\\/2024\\\/05\\\/10\\\/saae-barretos-realiza-a-campanha-doce-combate-durante-a-semana-da-reciclagem\\\/#primaryimage\"},\"thumbnailUrl\":\"https:\\\/\\\/regiaonews.net.br\\\/2022\\\/wp-content\\\/uploads\\\/2024\\\/05\\\/vv.jpg\",\"datePublished\":\"2024-05-10T16:46:19+00:00\",\"breadcrumb\":{\"@id\":\"https:\\\/\\\/regiaonews.net.br\\\/2022\\\/2024\\\/05\\\/10\\\/saae-barretos-realiza-a-campanha-doce-combate-durante-a-semana-da-reciclagem\\\/#breadcrumb\"},\"inLanguage\":\"pt-BR\",\"potentialAction\":[{\"@type\":\"ReadAction\",\"target\":[\"https:\\\/\\\/regiaonews.net.br\\\/2022\\\/2024\\\/05\\\/10\\\/saae-barretos-realiza-a-campanha-doce-combate-durante-a-semana-da-reciclagem\\\/\"]}]},{\"@type\":\"ImageObject\",\"inLanguage\":\"pt-BR\",\"@id\":\"https:\\\/\\\/regiaonews.net.br\\\/2022\\\/2024\\\/05\\\/10\\\/saae-barretos-realiza-a-campanha-doce-combate-durante-a-semana-da-reciclagem\\\/#primaryimage\",\"url\":\"https:\\\/\\\/regiaonews.net.br\\\/2022\\\/wp-content\\\/uploads\\\/2024\\\/05\\\/vv.jpg\",\"contentUrl\":\"https:\\\/\\\/regiaonews.net.br\\\/2022\\\/wp-content\\\/uploads\\\/2024\\\/05\\\/vv.jpg\",\"width\":1600,\"height\":1131},{\"@type\":\"BreadcrumbList\",\"@id\":\"https:\\\/\\\/regiaonews.net.br\\\/2022\\\/2024\\\/05\\\/10\\\/saae-barretos-realiza-a-campanha-doce-combate-durante-a-semana-da-reciclagem\\\/#breadcrumb\",\"itemListElement\":[{\"@type\":\"ListItem\",\"position\":1,\"name\":\"In\u00edcio\",\"item\":\"https:\\\/\\\/regiaonews.net.br\\\/2022\\\/\"},{\"@type\":\"ListItem\",\"position\":2,\"name\":\"SAAE Barretos realiza a Campanha Doce Combate durante a Semana da Reciclagem\"}]},{\"@type\":\"WebSite\",\"@id\":\"https:\\\/\\\/regiaonews.net.br\\\/2022\\\/#website\",\"url\":\"https:\\\/\\\/regiaonews.net.br\\\/2022\\\/\",\"name\":\"Regi\u00e3o News\",\"description\":\"Site de Not\u00edcias de Barretos e regi\u00e3o\",\"publisher\":{\"@id\":\"https:\\\/\\\/regiaonews.net.br\\\/2022\\\/#organization\"},\"potentialAction\":[{\"@type\":\"SearchAction\",\"target\":{\"@type\":\"EntryPoint\",\"urlTemplate\":\"https:\\\/\\\/regiaonews.net.br\\\/2022\\\/?s={search_term_string}\"},\"query-input\":{\"@type\":\"PropertyValueSpecification\",\"valueRequired\":true,\"valueName\":\"search_term_string\"}}],\"inLanguage\":\"pt-BR\"},{\"@type\":\"Organization\",\"@id\":\"https:\\\/\\\/regiaonews.net.br\\\/2022\\\/#organization\",\"name\":\"Regi\u00e3o News\",\"url\":\"https:\\\/\\\/regiaonews.net.br\\\/2022\\\/\",\"logo\":{\"@type\":\"ImageObject\",\"inLanguage\":\"pt-BR\",\"@id\":\"https:\\\/\\\/regiaonews.net.br\\\/2022\\\/#\\\/schema\\\/logo\\\/image\\\/\",\"url\":\"https:\\\/\\\/regiaonews.net.br\\\/2022\\\/wp-content\\\/uploads\\\/2026\\\/03\\\/regiao-13-anos-scaled.jpg\",\"contentUrl\":\"https:\\\/\\\/regiaonews.net.br\\\/2022\\\/wp-content\\\/uploads\\\/2026\\\/03\\\/regiao-13-anos-scaled.jpg\",\"width\":2560,\"height\":635,\"caption\":\"Regi\u00e3o News\"},\"image\":{\"@id\":\"https:\\\/\\\/regiaonews.net.br\\\/2022\\\/#\\\/schema\\\/logo\\\/image\\\/\"}},{\"@type\":\"Person\",\"@id\":\"https:\\\/\\\/regiaonews.net.br\\\/2022\\\/#\\\/schema\\\/person\\\/2d205a608a5aa97ac279d7a5e6d89ad8\",\"name\":\"Roberto\",\"image\":{\"@type\":\"ImageObject\",\"inLanguage\":\"pt-BR\",\"@id\":\"https:\\\/\\\/secure.gravatar.com\\\/avatar\\\/42749d8b712ff9d59ca93dc150494e5b55a44134482993f5baeb97e61b7ecc89?s=96&d=mm&r=g\",\"url\":\"https:\\\/\\\/secure.gravatar.com\\\/avatar\\\/42749d8b712ff9d59ca93dc150494e5b55a44134482993f5baeb97e61b7ecc89?s=96&d=mm&r=g\",\"contentUrl\":\"https:\\\/\\\/secure.gravatar.com\\\/avatar\\\/42749d8b712ff9d59ca93dc150494e5b55a44134482993f5baeb97e61b7ecc89?s=96&d=mm&r=g\",\"caption\":\"Roberto\"},\"url\":\"https:\\\/\\\/regiaonews.net.br\\\/2022\\\/author\\\/roberto\\\/\"}]}<\/script>\n<!-- \/ Yoast SEO plugin. -->","yoast_head_json":{"title":"SAAE Barretos realiza a Campanha Doce Combate durante a Semana da Reciclagem - Regi\u00e3o News","robots":{"index":"index","follow":"follow","max-snippet":"max-snippet:-1","max-image-preview":"max-image-preview:large","max-video-preview":"max-video-preview:-1"},"canonical":"https:\/\/regiaonews.net.br\/2022\/2024\/05\/10\/saae-barretos-realiza-a-campanha-doce-combate-durante-a-semana-da-reciclagem\/","og_locale":"pt_BR","og_type":"article","og_title":"SAAE Barretos realiza a Campanha Doce Combate durante a Semana da Reciclagem - Regi\u00e3o News","og_description":"Atividade \u00e9 parte do projeto de educa\u00e7\u00e3o ambiental &#8220;Super Conscientes&#8221;","og_url":"https:\/\/regiaonews.net.br\/2022\/2024\/05\/10\/saae-barretos-realiza-a-campanha-doce-combate-durante-a-semana-da-reciclagem\/","og_site_name":"Regi\u00e3o News","article_published_time":"2024-05-10T16:46:19+00:00","og_image":[{"width":1600,"height":1131,"url":"https:\/\/regiaonews.net.br\/2022\/wp-content\/uploads\/2024\/05\/vv.jpg","type":"image\/jpeg"}],"author":"Roberto","twitter_card":"summary_large_image","twitter_misc":{"Escrito por":"Roberto","Est. tempo de leitura":"4 minutos"},"schema":{"@context":"https:\/\/schema.org","@graph":[{"@type":"Article","@id":"https:\/\/regiaonews.net.br\/2022\/2024\/05\/10\/saae-barretos-realiza-a-campanha-doce-combate-durante-a-semana-da-reciclagem\/#article","isPartOf":{"@id":"https:\/\/regiaonews.net.br\/2022\/2024\/05\/10\/saae-barretos-realiza-a-campanha-doce-combate-durante-a-semana-da-reciclagem\/"},"author":{"name":"Roberto","@id":"https:\/\/regiaonews.net.br\/2022\/#\/schema\/person\/2d205a608a5aa97ac279d7a5e6d89ad8"},"headline":"SAAE Barretos realiza a Campanha Doce Combate durante a Semana da Reciclagem","datePublished":"2024-05-10T16:46:19+00:00","mainEntityOfPage":{"@id":"https:\/\/regiaonews.net.br\/2022\/2024\/05\/10\/saae-barretos-realiza-a-campanha-doce-combate-durante-a-semana-da-reciclagem\/"},"wordCount":609,"commentCount":0,"publisher":{"@id":"https:\/\/regiaonews.net.br\/2022\/#organization"},"image":{"@id":"https:\/\/regiaonews.net.br\/2022\/2024\/05\/10\/saae-barretos-realiza-a-campanha-doce-combate-durante-a-semana-da-reciclagem\/#primaryimage"},"thumbnailUrl":"https:\/\/regiaonews.net.br\/2022\/wp-content\/uploads\/2024\/05\/vv.jpg","articleSection":["Barretos","Geral"],"inLanguage":"pt-BR","potentialAction":[{"@type":"CommentAction","name":"Comment","target":["https:\/\/regiaonews.net.br\/2022\/2024\/05\/10\/saae-barretos-realiza-a-campanha-doce-combate-durante-a-semana-da-reciclagem\/#respond"]}]},{"@type":"WebPage","@id":"https:\/\/regiaonews.net.br\/2022\/2024\/05\/10\/saae-barretos-realiza-a-campanha-doce-combate-durante-a-semana-da-reciclagem\/","url":"https:\/\/regiaonews.net.br\/2022\/2024\/05\/10\/saae-barretos-realiza-a-campanha-doce-combate-durante-a-semana-da-reciclagem\/","name":"SAAE Barretos realiza a Campanha Doce Combate durante a Semana da Reciclagem - Regi\u00e3o News","isPartOf":{"@id":"https:\/\/regiaonews.net.br\/2022\/#website"},"primaryImageOfPage":{"@id":"https:\/\/regiaonews.net.br\/2022\/2024\/05\/10\/saae-barretos-realiza-a-campanha-doce-combate-durante-a-semana-da-reciclagem\/#primaryimage"},"image":{"@id":"https:\/\/regiaonews.net.br\/2022\/2024\/05\/10\/saae-barretos-realiza-a-campanha-doce-combate-durante-a-semana-da-reciclagem\/#primaryimage"},"thumbnailUrl":"https:\/\/regiaonews.net.br\/2022\/wp-content\/uploads\/2024\/05\/vv.jpg","datePublished":"2024-05-10T16:46:19+00:00","breadcrumb":{"@id":"https:\/\/regiaonews.net.br\/2022\/2024\/05\/10\/saae-barretos-realiza-a-campanha-doce-combate-durante-a-semana-da-reciclagem\/#breadcrumb"},"inLanguage":"pt-BR","potentialAction":[{"@type":"ReadAction","target":["https:\/\/regiaonews.net.br\/2022\/2024\/05\/10\/saae-barretos-realiza-a-campanha-doce-combate-durante-a-semana-da-reciclagem\/"]}]},{"@type":"ImageObject","inLanguage":"pt-BR","@id":"https:\/\/regiaonews.net.br\/2022\/2024\/05\/10\/saae-barretos-realiza-a-campanha-doce-combate-durante-a-semana-da-reciclagem\/#primaryimage","url":"https:\/\/regiaonews.net.br\/2022\/wp-content\/uploads\/2024\/05\/vv.jpg","contentUrl":"https:\/\/regiaonews.net.br\/2022\/wp-content\/uploads\/2024\/05\/vv.jpg","width":1600,"height":1131},{"@type":"BreadcrumbList","@id":"https:\/\/regiaonews.net.br\/2022\/2024\/05\/10\/saae-barretos-realiza-a-campanha-doce-combate-durante-a-semana-da-reciclagem\/#breadcrumb","itemListElement":[{"@type":"ListItem","position":1,"name":"In\u00edcio","item":"https:\/\/regiaonews.net.br\/2022\/"},{"@type":"ListItem","position":2,"name":"SAAE Barretos realiza a Campanha Doce Combate durante a Semana da Reciclagem"}]},{"@type":"WebSite","@id":"https:\/\/regiaonews.net.br\/2022\/#website","url":"https:\/\/regiaonews.net.br\/2022\/","name":"Regi\u00e3o News","description":"Site de Not\u00edcias de Barretos e regi\u00e3o","publisher":{"@id":"https:\/\/regiaonews.net.br\/2022\/#organization"},"potentialAction":[{"@type":"SearchAction","target":{"@type":"EntryPoint","urlTemplate":"https:\/\/regiaonews.net.br\/2022\/?s={search_term_string}"},"query-input":{"@type":"PropertyValueSpecification","valueRequired":true,"valueName":"search_term_string"}}],"inLanguage":"pt-BR"},{"@type":"Organization","@id":"https:\/\/regiaonews.net.br\/2022\/#organization","name":"Regi\u00e3o News","url":"https:\/\/regiaonews.net.br\/2022\/","logo":{"@type":"ImageObject","inLanguage":"pt-BR","@id":"https:\/\/regiaonews.net.br\/2022\/#\/schema\/logo\/image\/","url":"https:\/\/regiaonews.net.br\/2022\/wp-content\/uploads\/2026\/03\/regiao-13-anos-scaled.jpg","contentUrl":"https:\/\/regiaonews.net.br\/2022\/wp-content\/uploads\/2026\/03\/regiao-13-anos-scaled.jpg","width":2560,"height":635,"caption":"Regi\u00e3o News"},"image":{"@id":"https:\/\/regiaonews.net.br\/2022\/#\/schema\/logo\/image\/"}},{"@type":"Person","@id":"https:\/\/regiaonews.net.br\/2022\/#\/schema\/person\/2d205a608a5aa97ac279d7a5e6d89ad8","name":"Roberto","image":{"@type":"ImageObject","inLanguage":"pt-BR","@id":"https:\/\/secure.gravatar.com\/avatar\/42749d8b712ff9d59ca93dc150494e5b55a44134482993f5baeb97e61b7ecc89?s=96&d=mm&r=g","url":"https:\/\/secure.gravatar.com\/avatar\/42749d8b712ff9d59ca93dc150494e5b55a44134482993f5baeb97e61b7ecc89?s=96&d=mm&r=g","contentUrl":"https:\/\/secure.gravatar.com\/avatar\/42749d8b712ff9d59ca93dc150494e5b55a44134482993f5baeb97e61b7ecc89?s=96&d=mm&r=g","caption":"Roberto"},"url":"https:\/\/regiaonews.net.br\/2022\/author\/roberto\/"}]}},"publishpress_future_action":{"enabled":false,"date":"2026-05-03 11:03:29","action":"change-status","newStatus":"draft","terms":[],"taxonomy":"category","extraData":[]},"publishpress_future_workflow_manual_trigger":{"enabledWorkflows":[]},"_links":{"self":[{"href":"https:\/\/regiaonews.net.br\/2022\/wp-json\/wp\/v2\/posts\/104775","targetHints":{"allow":["GET"]}}],"collection":[{"href":"https:\/\/regiaonews.net.br\/2022\/wp-json\/wp\/v2\/posts"}],"about":[{"href":"https:\/\/regiaonews.net.br\/2022\/wp-json\/wp\/v2\/types\/post"}],"author":[{"embeddable":true,"href":"https:\/\/regiaonews.net.br\/2022\/wp-json\/wp\/v2\/users\/2"}],"replies":[{"embeddable":true,"href":"https:\/\/regiaonews.net.br\/2022\/wp-json\/wp\/v2\/comments?post=104775"}],"version-history":[{"count":1,"href":"https:\/\/regiaonews.net.br\/2022\/wp-json\/wp\/v2\/posts\/104775\/revisions"}],"predecessor-version":[{"id":104777,"href":"https:\/\/regiaonews.net.br\/2022\/wp-json\/wp\/v2\/posts\/104775\/revisions\/104777"}],"wp:featuredmedia":[{"embeddable":true,"href":"https:\/\/regiaonews.net.br\/2022\/wp-json\/wp\/v2\/media\/104776"}],"wp:attachment":[{"href":"https:\/\/regiaonews.net.br\/2022\/wp-json\/wp\/v2\/media?parent=104775"}],"wp:term":[{"taxonomy":"category","embeddable":true,"href":"https:\/\/regiaonews.net.br\/2022\/wp-json\/wp\/v2\/categories?post=104775"},{"taxonomy":"post_tag","embeddable":true,"href":"https:\/\/regiaonews.net.br\/2022\/wp-json\/wp\/v2\/tags?post=104775"}],"curies":[{"name":"wp","href":"https:\/\/api.w.org\/{rel}","templated":true}]}}