{"id":104772,"date":"2024-05-10T13:45:16","date_gmt":"2024-05-10T16:45:16","guid":{"rendered":"https:\/\/regiaonews.net.br\/2022\/?p=104772"},"modified":"2024-05-10T13:45:16","modified_gmt":"2024-05-10T16:45:16","slug":"operacao-policial-em-guaira-resulta-em-prisoes-temporarias-por-suposto-sequestro","status":"publish","type":"post","link":"https:\/\/regiaonews.net.br\/2022\/2024\/05\/10\/operacao-policial-em-guaira-resulta-em-prisoes-temporarias-por-suposto-sequestro\/","title":{"rendered":"Opera\u00e7\u00e3o Policial em Gua\u00edra resulta em pris\u00f5es tempor\u00e1rias por suposto sequestro"},"content":{"rendered":"<p>Nesta manh\u00e3, uma opera\u00e7\u00e3o policial coordenada pela Delegacia de Pol\u00edcia de Gua\u00edra, conjuntamente com a Pol\u00edcia Militar de Gua\u00edra e com o apoio de agentes da DIG, DISE e CPJ de Barretos, culminou na execu\u00e7\u00e3o de mandados de pris\u00e3o tempor\u00e1ria e busca e apreens\u00e3o relacionados a dois indiv\u00edduos suspeitos de envolvimento em um poss\u00edvel caso de sequestro.<\/p>\n<p>A opera\u00e7\u00e3o tem rela\u00e7\u00e3o com um homem de 52 anos, desaparecido desde fevereiro, cujo sumi\u00e7o foi reportado por familiares. As investiga\u00e7\u00f5es conduzidas pela Delegacia de Gua\u00edra apontaram que dois indiv\u00edduos, conhecidos por atividades ligadas ao tr\u00e1fico de drogas, teriam sequestrado a v\u00edtima devido a uma d\u00edvida de R$ 500,00 referente \u00e0 compra de entorpecentes.<\/p>\n<p>Ap\u00f3s dilig\u00eancias e solicita\u00e7\u00e3o \u00e0 autoridade judici\u00e1ria, os mandados de pris\u00e3o tempor\u00e1ria foram emitidos para os dois suspeitos, de 39 e 31 anos, juntamente com ordens de busca e apreens\u00e3o em suas resid\u00eancias, as quais foram prontamente executadas.<\/p>\n<p>Enquanto um dos indiv\u00edduos foi detido em sua resid\u00eancia na Vila Aparecida, o segundo foi localizado, pela equipe do Comando da Pol\u00edcia Militar, em um motel \u00e0s margens da Rodovia Assis Chateaubriand, onde foi efetuada sua pris\u00e3o.<\/p>\n<p>Durante as buscas nas propriedades dos suspeitos, foram apreendidas 52 por\u00e7\u00f5es de maconha, prontas para comercializa\u00e7\u00e3o, al\u00e9m de uma balan\u00e7a de precis\u00e3o, resultando na pris\u00e3o em flagrante do segundo suspeito por tr\u00e1fico de drogas. Um adulto e um adolescente, residentes em uma das propriedades, tamb\u00e9m foram detidos pelo mesmo crime.<\/p>\n<p>As investiga\u00e7\u00f5es permanecem em curso para determinar o envolvimento de outras pessoas no desaparecimento da v\u00edtima e para localiz\u00e1-la. Informa\u00e7\u00f5es relevantes podem ser repassadas anonimamente atrav\u00e9s do Disque-Den\u00fancia (181), pelo n\u00famero 190, ou pelo Whatsapp da Delegacia de Gua\u00edra (17-3331-2360).<\/p>\n","protected":false},"excerpt":{"rendered":"<p>Nesta manh\u00e3, uma opera\u00e7\u00e3o policial coordenada pela Delegacia de Pol\u00edcia<\/p>\n","protected":false},"author":2,"featured_media":104773,"comment_status":"open","ping_status":"open","sticky":false,"template":"","format":"standard","meta":{"footnotes":""},"categories":[8,23],"tags":[],"class_list":["post-104772","post","type-post","status-publish","format-standard","has-post-thumbnail","hentry","category-guaira","category-policia"],"yoast_head":"<!-- This site is optimized with the Yoast SEO plugin v27.4 - https:\/\/yoast.com\/product\/yoast-seo-wordpress\/ -->\n<title>Opera\u00e7\u00e3o Policial em Gua\u00edra resulta em pris\u00f5es tempor\u00e1rias por suposto sequestro - Regi\u00e3o News<\/title>\n<meta name=\"robots\" content=\"index, follow, max-snippet:-1, max-image-preview:large, max-video-preview:-1\" \/>\n<link rel=\"canonical\" href=\"https:\/\/regiaonews.net.br\/2022\/2024\/05\/10\/operacao-policial-em-guaira-resulta-em-prisoes-temporarias-por-suposto-sequestro\/\" \/>\n<meta property=\"og:locale\" content=\"pt_BR\" \/>\n<meta property=\"og:type\" content=\"article\" \/>\n<meta property=\"og:title\" content=\"Opera\u00e7\u00e3o Policial em Gua\u00edra resulta em pris\u00f5es tempor\u00e1rias por suposto sequestro - Regi\u00e3o News\" \/>\n<meta property=\"og:description\" content=\"Nesta manh\u00e3, uma opera\u00e7\u00e3o policial coordenada pela Delegacia de Pol\u00edcia\" \/>\n<meta property=\"og:url\" content=\"https:\/\/regiaonews.net.br\/2022\/2024\/05\/10\/operacao-policial-em-guaira-resulta-em-prisoes-temporarias-por-suposto-sequestro\/\" \/>\n<meta property=\"og:site_name\" content=\"Regi\u00e3o News\" \/>\n<meta property=\"article:published_time\" content=\"2024-05-10T16:45:16+00:00\" \/>\n<meta property=\"og:image\" content=\"https:\/\/regiaonews.net.br\/2022\/wp-content\/uploads\/2024\/05\/v.jpg\" \/>\n\t<meta property=\"og:image:width\" content=\"1600\" \/>\n\t<meta property=\"og:image:height\" content=\"1200\" \/>\n\t<meta property=\"og:image:type\" content=\"image\/jpeg\" \/>\n<meta name=\"author\" content=\"Roberto\" \/>\n<meta name=\"twitter:card\" content=\"summary_large_image\" \/>\n<meta name=\"twitter:label1\" content=\"Escrito por\" \/>\n\t<meta name=\"twitter:data1\" content=\"Roberto\" \/>\n\t<meta name=\"twitter:label2\" content=\"Est. tempo de leitura\" \/>\n\t<meta name=\"twitter:data2\" content=\"2 minutos\" \/>\n<script type=\"application\/ld+json\" class=\"yoast-schema-graph\">{\"@context\":\"https:\\\/\\\/schema.org\",\"@graph\":[{\"@type\":\"Article\",\"@id\":\"https:\\\/\\\/regiaonews.net.br\\\/2022\\\/2024\\\/05\\\/10\\\/operacao-policial-em-guaira-resulta-em-prisoes-temporarias-por-suposto-sequestro\\\/#article\",\"isPartOf\":{\"@id\":\"https:\\\/\\\/regiaonews.net.br\\\/2022\\\/2024\\\/05\\\/10\\\/operacao-policial-em-guaira-resulta-em-prisoes-temporarias-por-suposto-sequestro\\\/\"},\"author\":{\"name\":\"Roberto\",\"@id\":\"https:\\\/\\\/regiaonews.net.br\\\/2022\\\/#\\\/schema\\\/person\\\/2d205a608a5aa97ac279d7a5e6d89ad8\"},\"headline\":\"Opera\u00e7\u00e3o Policial em Gua\u00edra resulta em pris\u00f5es tempor\u00e1rias por suposto sequestro\",\"datePublished\":\"2024-05-10T16:45:16+00:00\",\"mainEntityOfPage\":{\"@id\":\"https:\\\/\\\/regiaonews.net.br\\\/2022\\\/2024\\\/05\\\/10\\\/operacao-policial-em-guaira-resulta-em-prisoes-temporarias-por-suposto-sequestro\\\/\"},\"wordCount\":331,\"commentCount\":0,\"publisher\":{\"@id\":\"https:\\\/\\\/regiaonews.net.br\\\/2022\\\/#organization\"},\"image\":{\"@id\":\"https:\\\/\\\/regiaonews.net.br\\\/2022\\\/2024\\\/05\\\/10\\\/operacao-policial-em-guaira-resulta-em-prisoes-temporarias-por-suposto-sequestro\\\/#primaryimage\"},\"thumbnailUrl\":\"https:\\\/\\\/regiaonews.net.br\\\/2022\\\/wp-content\\\/uploads\\\/2024\\\/05\\\/v.jpg\",\"articleSection\":[\"Gua\u00edra\",\"Policia\"],\"inLanguage\":\"pt-BR\",\"potentialAction\":[{\"@type\":\"CommentAction\",\"name\":\"Comment\",\"target\":[\"https:\\\/\\\/regiaonews.net.br\\\/2022\\\/2024\\\/05\\\/10\\\/operacao-policial-em-guaira-resulta-em-prisoes-temporarias-por-suposto-sequestro\\\/#respond\"]}]},{\"@type\":\"WebPage\",\"@id\":\"https:\\\/\\\/regiaonews.net.br\\\/2022\\\/2024\\\/05\\\/10\\\/operacao-policial-em-guaira-resulta-em-prisoes-temporarias-por-suposto-sequestro\\\/\",\"url\":\"https:\\\/\\\/regiaonews.net.br\\\/2022\\\/2024\\\/05\\\/10\\\/operacao-policial-em-guaira-resulta-em-prisoes-temporarias-por-suposto-sequestro\\\/\",\"name\":\"Opera\u00e7\u00e3o Policial em Gua\u00edra resulta em pris\u00f5es tempor\u00e1rias por suposto sequestro - Regi\u00e3o News\",\"isPartOf\":{\"@id\":\"https:\\\/\\\/regiaonews.net.br\\\/2022\\\/#website\"},\"primaryImageOfPage\":{\"@id\":\"https:\\\/\\\/regiaonews.net.br\\\/2022\\\/2024\\\/05\\\/10\\\/operacao-policial-em-guaira-resulta-em-prisoes-temporarias-por-suposto-sequestro\\\/#primaryimage\"},\"image\":{\"@id\":\"https:\\\/\\\/regiaonews.net.br\\\/2022\\\/2024\\\/05\\\/10\\\/operacao-policial-em-guaira-resulta-em-prisoes-temporarias-por-suposto-sequestro\\\/#primaryimage\"},\"thumbnailUrl\":\"https:\\\/\\\/regiaonews.net.br\\\/2022\\\/wp-content\\\/uploads\\\/2024\\\/05\\\/v.jpg\",\"datePublished\":\"2024-05-10T16:45:16+00:00\",\"breadcrumb\":{\"@id\":\"https:\\\/\\\/regiaonews.net.br\\\/2022\\\/2024\\\/05\\\/10\\\/operacao-policial-em-guaira-resulta-em-prisoes-temporarias-por-suposto-sequestro\\\/#breadcrumb\"},\"inLanguage\":\"pt-BR\",\"potentialAction\":[{\"@type\":\"ReadAction\",\"target\":[\"https:\\\/\\\/regiaonews.net.br\\\/2022\\\/2024\\\/05\\\/10\\\/operacao-policial-em-guaira-resulta-em-prisoes-temporarias-por-suposto-sequestro\\\/\"]}]},{\"@type\":\"ImageObject\",\"inLanguage\":\"pt-BR\",\"@id\":\"https:\\\/\\\/regiaonews.net.br\\\/2022\\\/2024\\\/05\\\/10\\\/operacao-policial-em-guaira-resulta-em-prisoes-temporarias-por-suposto-sequestro\\\/#primaryimage\",\"url\":\"https:\\\/\\\/regiaonews.net.br\\\/2022\\\/wp-content\\\/uploads\\\/2024\\\/05\\\/v.jpg\",\"contentUrl\":\"https:\\\/\\\/regiaonews.net.br\\\/2022\\\/wp-content\\\/uploads\\\/2024\\\/05\\\/v.jpg\",\"width\":1600,\"height\":1200},{\"@type\":\"BreadcrumbList\",\"@id\":\"https:\\\/\\\/regiaonews.net.br\\\/2022\\\/2024\\\/05\\\/10\\\/operacao-policial-em-guaira-resulta-em-prisoes-temporarias-por-suposto-sequestro\\\/#breadcrumb\",\"itemListElement\":[{\"@type\":\"ListItem\",\"position\":1,\"name\":\"In\u00edcio\",\"item\":\"https:\\\/\\\/regiaonews.net.br\\\/2022\\\/\"},{\"@type\":\"ListItem\",\"position\":2,\"name\":\"Opera\u00e7\u00e3o Policial em Gua\u00edra resulta em pris\u00f5es tempor\u00e1rias por suposto sequestro\"}]},{\"@type\":\"WebSite\",\"@id\":\"https:\\\/\\\/regiaonews.net.br\\\/2022\\\/#website\",\"url\":\"https:\\\/\\\/regiaonews.net.br\\\/2022\\\/\",\"name\":\"Regi\u00e3o News\",\"description\":\"Site de Not\u00edcias de Barretos e regi\u00e3o\",\"publisher\":{\"@id\":\"https:\\\/\\\/regiaonews.net.br\\\/2022\\\/#organization\"},\"potentialAction\":[{\"@type\":\"SearchAction\",\"target\":{\"@type\":\"EntryPoint\",\"urlTemplate\":\"https:\\\/\\\/regiaonews.net.br\\\/2022\\\/?s={search_term_string}\"},\"query-input\":{\"@type\":\"PropertyValueSpecification\",\"valueRequired\":true,\"valueName\":\"search_term_string\"}}],\"inLanguage\":\"pt-BR\"},{\"@type\":\"Organization\",\"@id\":\"https:\\\/\\\/regiaonews.net.br\\\/2022\\\/#organization\",\"name\":\"Regi\u00e3o News\",\"url\":\"https:\\\/\\\/regiaonews.net.br\\\/2022\\\/\",\"logo\":{\"@type\":\"ImageObject\",\"inLanguage\":\"pt-BR\",\"@id\":\"https:\\\/\\\/regiaonews.net.br\\\/2022\\\/#\\\/schema\\\/logo\\\/image\\\/\",\"url\":\"https:\\\/\\\/regiaonews.net.br\\\/2022\\\/wp-content\\\/uploads\\\/2026\\\/03\\\/regiao-13-anos-scaled.jpg\",\"contentUrl\":\"https:\\\/\\\/regiaonews.net.br\\\/2022\\\/wp-content\\\/uploads\\\/2026\\\/03\\\/regiao-13-anos-scaled.jpg\",\"width\":2560,\"height\":635,\"caption\":\"Regi\u00e3o News\"},\"image\":{\"@id\":\"https:\\\/\\\/regiaonews.net.br\\\/2022\\\/#\\\/schema\\\/logo\\\/image\\\/\"}},{\"@type\":\"Person\",\"@id\":\"https:\\\/\\\/regiaonews.net.br\\\/2022\\\/#\\\/schema\\\/person\\\/2d205a608a5aa97ac279d7a5e6d89ad8\",\"name\":\"Roberto\",\"image\":{\"@type\":\"ImageObject\",\"inLanguage\":\"pt-BR\",\"@id\":\"https:\\\/\\\/secure.gravatar.com\\\/avatar\\\/42749d8b712ff9d59ca93dc150494e5b55a44134482993f5baeb97e61b7ecc89?s=96&d=mm&r=g\",\"url\":\"https:\\\/\\\/secure.gravatar.com\\\/avatar\\\/42749d8b712ff9d59ca93dc150494e5b55a44134482993f5baeb97e61b7ecc89?s=96&d=mm&r=g\",\"contentUrl\":\"https:\\\/\\\/secure.gravatar.com\\\/avatar\\\/42749d8b712ff9d59ca93dc150494e5b55a44134482993f5baeb97e61b7ecc89?s=96&d=mm&r=g\",\"caption\":\"Roberto\"},\"url\":\"https:\\\/\\\/regiaonews.net.br\\\/2022\\\/author\\\/roberto\\\/\"}]}<\/script>\n<!-- \/ Yoast SEO plugin. -->","yoast_head_json":{"title":"Opera\u00e7\u00e3o Policial em Gua\u00edra resulta em pris\u00f5es tempor\u00e1rias por suposto sequestro - Regi\u00e3o News","robots":{"index":"index","follow":"follow","max-snippet":"max-snippet:-1","max-image-preview":"max-image-preview:large","max-video-preview":"max-video-preview:-1"},"canonical":"https:\/\/regiaonews.net.br\/2022\/2024\/05\/10\/operacao-policial-em-guaira-resulta-em-prisoes-temporarias-por-suposto-sequestro\/","og_locale":"pt_BR","og_type":"article","og_title":"Opera\u00e7\u00e3o Policial em Gua\u00edra resulta em pris\u00f5es tempor\u00e1rias por suposto sequestro - Regi\u00e3o News","og_description":"Nesta manh\u00e3, uma opera\u00e7\u00e3o policial coordenada pela Delegacia de Pol\u00edcia","og_url":"https:\/\/regiaonews.net.br\/2022\/2024\/05\/10\/operacao-policial-em-guaira-resulta-em-prisoes-temporarias-por-suposto-sequestro\/","og_site_name":"Regi\u00e3o News","article_published_time":"2024-05-10T16:45:16+00:00","og_image":[{"width":1600,"height":1200,"url":"https:\/\/regiaonews.net.br\/2022\/wp-content\/uploads\/2024\/05\/v.jpg","type":"image\/jpeg"}],"author":"Roberto","twitter_card":"summary_large_image","twitter_misc":{"Escrito por":"Roberto","Est. tempo de leitura":"2 minutos"},"schema":{"@context":"https:\/\/schema.org","@graph":[{"@type":"Article","@id":"https:\/\/regiaonews.net.br\/2022\/2024\/05\/10\/operacao-policial-em-guaira-resulta-em-prisoes-temporarias-por-suposto-sequestro\/#article","isPartOf":{"@id":"https:\/\/regiaonews.net.br\/2022\/2024\/05\/10\/operacao-policial-em-guaira-resulta-em-prisoes-temporarias-por-suposto-sequestro\/"},"author":{"name":"Roberto","@id":"https:\/\/regiaonews.net.br\/2022\/#\/schema\/person\/2d205a608a5aa97ac279d7a5e6d89ad8"},"headline":"Opera\u00e7\u00e3o Policial em Gua\u00edra resulta em pris\u00f5es tempor\u00e1rias por suposto sequestro","datePublished":"2024-05-10T16:45:16+00:00","mainEntityOfPage":{"@id":"https:\/\/regiaonews.net.br\/2022\/2024\/05\/10\/operacao-policial-em-guaira-resulta-em-prisoes-temporarias-por-suposto-sequestro\/"},"wordCount":331,"commentCount":0,"publisher":{"@id":"https:\/\/regiaonews.net.br\/2022\/#organization"},"image":{"@id":"https:\/\/regiaonews.net.br\/2022\/2024\/05\/10\/operacao-policial-em-guaira-resulta-em-prisoes-temporarias-por-suposto-sequestro\/#primaryimage"},"thumbnailUrl":"https:\/\/regiaonews.net.br\/2022\/wp-content\/uploads\/2024\/05\/v.jpg","articleSection":["Gua\u00edra","Policia"],"inLanguage":"pt-BR","potentialAction":[{"@type":"CommentAction","name":"Comment","target":["https:\/\/regiaonews.net.br\/2022\/2024\/05\/10\/operacao-policial-em-guaira-resulta-em-prisoes-temporarias-por-suposto-sequestro\/#respond"]}]},{"@type":"WebPage","@id":"https:\/\/regiaonews.net.br\/2022\/2024\/05\/10\/operacao-policial-em-guaira-resulta-em-prisoes-temporarias-por-suposto-sequestro\/","url":"https:\/\/regiaonews.net.br\/2022\/2024\/05\/10\/operacao-policial-em-guaira-resulta-em-prisoes-temporarias-por-suposto-sequestro\/","name":"Opera\u00e7\u00e3o Policial em Gua\u00edra resulta em pris\u00f5es tempor\u00e1rias por suposto sequestro - Regi\u00e3o News","isPartOf":{"@id":"https:\/\/regiaonews.net.br\/2022\/#website"},"primaryImageOfPage":{"@id":"https:\/\/regiaonews.net.br\/2022\/2024\/05\/10\/operacao-policial-em-guaira-resulta-em-prisoes-temporarias-por-suposto-sequestro\/#primaryimage"},"image":{"@id":"https:\/\/regiaonews.net.br\/2022\/2024\/05\/10\/operacao-policial-em-guaira-resulta-em-prisoes-temporarias-por-suposto-sequestro\/#primaryimage"},"thumbnailUrl":"https:\/\/regiaonews.net.br\/2022\/wp-content\/uploads\/2024\/05\/v.jpg","datePublished":"2024-05-10T16:45:16+00:00","breadcrumb":{"@id":"https:\/\/regiaonews.net.br\/2022\/2024\/05\/10\/operacao-policial-em-guaira-resulta-em-prisoes-temporarias-por-suposto-sequestro\/#breadcrumb"},"inLanguage":"pt-BR","potentialAction":[{"@type":"ReadAction","target":["https:\/\/regiaonews.net.br\/2022\/2024\/05\/10\/operacao-policial-em-guaira-resulta-em-prisoes-temporarias-por-suposto-sequestro\/"]}]},{"@type":"ImageObject","inLanguage":"pt-BR","@id":"https:\/\/regiaonews.net.br\/2022\/2024\/05\/10\/operacao-policial-em-guaira-resulta-em-prisoes-temporarias-por-suposto-sequestro\/#primaryimage","url":"https:\/\/regiaonews.net.br\/2022\/wp-content\/uploads\/2024\/05\/v.jpg","contentUrl":"https:\/\/regiaonews.net.br\/2022\/wp-content\/uploads\/2024\/05\/v.jpg","width":1600,"height":1200},{"@type":"BreadcrumbList","@id":"https:\/\/regiaonews.net.br\/2022\/2024\/05\/10\/operacao-policial-em-guaira-resulta-em-prisoes-temporarias-por-suposto-sequestro\/#breadcrumb","itemListElement":[{"@type":"ListItem","position":1,"name":"In\u00edcio","item":"https:\/\/regiaonews.net.br\/2022\/"},{"@type":"ListItem","position":2,"name":"Opera\u00e7\u00e3o Policial em Gua\u00edra resulta em pris\u00f5es tempor\u00e1rias por suposto sequestro"}]},{"@type":"WebSite","@id":"https:\/\/regiaonews.net.br\/2022\/#website","url":"https:\/\/regiaonews.net.br\/2022\/","name":"Regi\u00e3o News","description":"Site de Not\u00edcias de Barretos e regi\u00e3o","publisher":{"@id":"https:\/\/regiaonews.net.br\/2022\/#organization"},"potentialAction":[{"@type":"SearchAction","target":{"@type":"EntryPoint","urlTemplate":"https:\/\/regiaonews.net.br\/2022\/?s={search_term_string}"},"query-input":{"@type":"PropertyValueSpecification","valueRequired":true,"valueName":"search_term_string"}}],"inLanguage":"pt-BR"},{"@type":"Organization","@id":"https:\/\/regiaonews.net.br\/2022\/#organization","name":"Regi\u00e3o News","url":"https:\/\/regiaonews.net.br\/2022\/","logo":{"@type":"ImageObject","inLanguage":"pt-BR","@id":"https:\/\/regiaonews.net.br\/2022\/#\/schema\/logo\/image\/","url":"https:\/\/regiaonews.net.br\/2022\/wp-content\/uploads\/2026\/03\/regiao-13-anos-scaled.jpg","contentUrl":"https:\/\/regiaonews.net.br\/2022\/wp-content\/uploads\/2026\/03\/regiao-13-anos-scaled.jpg","width":2560,"height":635,"caption":"Regi\u00e3o News"},"image":{"@id":"https:\/\/regiaonews.net.br\/2022\/#\/schema\/logo\/image\/"}},{"@type":"Person","@id":"https:\/\/regiaonews.net.br\/2022\/#\/schema\/person\/2d205a608a5aa97ac279d7a5e6d89ad8","name":"Roberto","image":{"@type":"ImageObject","inLanguage":"pt-BR","@id":"https:\/\/secure.gravatar.com\/avatar\/42749d8b712ff9d59ca93dc150494e5b55a44134482993f5baeb97e61b7ecc89?s=96&d=mm&r=g","url":"https:\/\/secure.gravatar.com\/avatar\/42749d8b712ff9d59ca93dc150494e5b55a44134482993f5baeb97e61b7ecc89?s=96&d=mm&r=g","contentUrl":"https:\/\/secure.gravatar.com\/avatar\/42749d8b712ff9d59ca93dc150494e5b55a44134482993f5baeb97e61b7ecc89?s=96&d=mm&r=g","caption":"Roberto"},"url":"https:\/\/regiaonews.net.br\/2022\/author\/roberto\/"}]}},"publishpress_future_action":{"enabled":false,"date":"2026-05-03 09:33:35","action":"change-status","newStatus":"draft","terms":[],"taxonomy":"category","extraData":[]},"publishpress_future_workflow_manual_trigger":{"enabledWorkflows":[]},"_links":{"self":[{"href":"https:\/\/regiaonews.net.br\/2022\/wp-json\/wp\/v2\/posts\/104772","targetHints":{"allow":["GET"]}}],"collection":[{"href":"https:\/\/regiaonews.net.br\/2022\/wp-json\/wp\/v2\/posts"}],"about":[{"href":"https:\/\/regiaonews.net.br\/2022\/wp-json\/wp\/v2\/types\/post"}],"author":[{"embeddable":true,"href":"https:\/\/regiaonews.net.br\/2022\/wp-json\/wp\/v2\/users\/2"}],"replies":[{"embeddable":true,"href":"https:\/\/regiaonews.net.br\/2022\/wp-json\/wp\/v2\/comments?post=104772"}],"version-history":[{"count":1,"href":"https:\/\/regiaonews.net.br\/2022\/wp-json\/wp\/v2\/posts\/104772\/revisions"}],"predecessor-version":[{"id":104774,"href":"https:\/\/regiaonews.net.br\/2022\/wp-json\/wp\/v2\/posts\/104772\/revisions\/104774"}],"wp:featuredmedia":[{"embeddable":true,"href":"https:\/\/regiaonews.net.br\/2022\/wp-json\/wp\/v2\/media\/104773"}],"wp:attachment":[{"href":"https:\/\/regiaonews.net.br\/2022\/wp-json\/wp\/v2\/media?parent=104772"}],"wp:term":[{"taxonomy":"category","embeddable":true,"href":"https:\/\/regiaonews.net.br\/2022\/wp-json\/wp\/v2\/categories?post=104772"},{"taxonomy":"post_tag","embeddable":true,"href":"https:\/\/regiaonews.net.br\/2022\/wp-json\/wp\/v2\/tags?post=104772"}],"curies":[{"name":"wp","href":"https:\/\/api.w.org\/{rel}","templated":true}]}}