{"id":104741,"date":"2024-05-09T20:05:16","date_gmt":"2024-05-09T23:05:16","guid":{"rendered":"https:\/\/regiaonews.net.br\/2022\/?p=104741"},"modified":"2024-05-09T20:05:16","modified_gmt":"2024-05-09T23:05:16","slug":"oab-barretos-arrecada-doacoes-tambem-para-pets-afetados-pela-tragedia-no-rio-grande-do-sul","status":"publish","type":"post","link":"https:\/\/regiaonews.net.br\/2022\/2024\/05\/09\/oab-barretos-arrecada-doacoes-tambem-para-pets-afetados-pela-tragedia-no-rio-grande-do-sul\/","title":{"rendered":"OAB Barretos arrecada doa\u00e7\u00f5es tamb\u00e9m para pets afetados pela trag\u00e9dia no Rio Grande do Sul"},"content":{"rendered":"<p>Os alimentos, juntamente com outros itens, podem ser entregues na 7\u00aa Subse\u00e7\u00e3o da OAB ou no escrit\u00f3rio do Dr. Edson Tomoda<br \/>\nA OAB Barretos, por meio da Comiss\u00e3o de Prote\u00e7\u00e3o e Defesa dos Animais e da Comiss\u00e3o do Direito da Fam\u00edlia, est\u00e1 com a &#8220;Campanha SOS Rio Grande do Sul&#8221; para arrecadar ra\u00e7\u00f5es e sach\u00eas para c\u00e3es e gatos, cobertores para pets, comedouros, roupinhas, caixa de transporte de animais, tapetes higi\u00eanicos e desinfetante \u00e0 base de \u00e1gua sanit\u00e1ria.<br \/>\nTodas as doa\u00e7\u00f5es podem ser entregues na Casa da Advocacia e Cidadania, localizada na Rua 18, n\u00ba 2733, atr\u00e1s do pr\u00e9dio do North Shopping e, no escrit\u00f3rio do advogado Dr. Edson Tomoda, que fica no condom\u00ednio empresarial ATO, na Rua 20, esquina da Avenida 29, n\u00ba 280.<br \/>\nA popula\u00e7\u00e3o pode colaborar com qualquer quantia em dinheiro, por meio do PIX &#8211; 17981008883, do presidente da Comiss\u00e3o de Prote\u00e7\u00e3o e Defesa dos Animais, Dr. Edson Luis Tomoda.<br \/>\n&#8220;Infelizmente, a trag\u00e9dia do estado do Rio Grande do Sul afeta tamb\u00e9m os animais. Por isso, estamos organizando essa campanha para arrecadar itens essenciais para a alimenta\u00e7\u00e3o dos animais, entre outros produtos, para higieniza\u00e7\u00e3o e prote\u00e7\u00e3o contra as baixas temperaturas que acomete aquela regi\u00e3o&#8221;, afirmou Dr. Tomoda.&#8221;<\/p>\n","protected":false},"excerpt":{"rendered":"<p>Os alimentos, juntamente com outros itens, podem ser entregues na<\/p>\n","protected":false},"author":2,"featured_media":104742,"comment_status":"open","ping_status":"open","sticky":false,"template":"","format":"standard","meta":{"footnotes":""},"categories":[14,25],"tags":[],"class_list":["post-104741","post","type-post","status-publish","format-standard","has-post-thumbnail","hentry","category-barretos","category-cidades"],"yoast_head":"<!-- This site is optimized with the Yoast SEO plugin v27.4 - https:\/\/yoast.com\/product\/yoast-seo-wordpress\/ -->\n<title>OAB Barretos arrecada doa\u00e7\u00f5es tamb\u00e9m para pets afetados pela trag\u00e9dia no Rio Grande do Sul - Regi\u00e3o News<\/title>\n<meta name=\"robots\" content=\"index, follow, max-snippet:-1, max-image-preview:large, max-video-preview:-1\" \/>\n<link rel=\"canonical\" href=\"https:\/\/regiaonews.net.br\/2022\/2024\/05\/09\/oab-barretos-arrecada-doacoes-tambem-para-pets-afetados-pela-tragedia-no-rio-grande-do-sul\/\" \/>\n<meta property=\"og:locale\" content=\"pt_BR\" \/>\n<meta property=\"og:type\" content=\"article\" \/>\n<meta property=\"og:title\" content=\"OAB Barretos arrecada doa\u00e7\u00f5es tamb\u00e9m para pets afetados pela trag\u00e9dia no Rio Grande do Sul - Regi\u00e3o News\" \/>\n<meta property=\"og:description\" content=\"Os alimentos, juntamente com outros itens, podem ser entregues na\" \/>\n<meta property=\"og:url\" content=\"https:\/\/regiaonews.net.br\/2022\/2024\/05\/09\/oab-barretos-arrecada-doacoes-tambem-para-pets-afetados-pela-tragedia-no-rio-grande-do-sul\/\" \/>\n<meta property=\"og:site_name\" content=\"Regi\u00e3o News\" \/>\n<meta property=\"article:published_time\" content=\"2024-05-09T23:05:16+00:00\" \/>\n<meta property=\"og:image\" content=\"https:\/\/regiaonews.net.br\/2022\/wp-content\/uploads\/2024\/05\/WhatsApp-Image-2024-05-09-at-16.37.35.jpeg\" \/>\n\t<meta property=\"og:image:width\" content=\"1080\" \/>\n\t<meta property=\"og:image:height\" content=\"1080\" \/>\n\t<meta property=\"og:image:type\" content=\"image\/jpeg\" \/>\n<meta name=\"author\" content=\"Roberto\" \/>\n<meta name=\"twitter:card\" content=\"summary_large_image\" \/>\n<meta name=\"twitter:label1\" content=\"Escrito por\" \/>\n\t<meta name=\"twitter:data1\" content=\"Roberto\" \/>\n\t<meta name=\"twitter:label2\" content=\"Est. tempo de leitura\" \/>\n\t<meta name=\"twitter:data2\" content=\"2 minutos\" \/>\n<script type=\"application\/ld+json\" class=\"yoast-schema-graph\">{\"@context\":\"https:\\\/\\\/schema.org\",\"@graph\":[{\"@type\":\"Article\",\"@id\":\"https:\\\/\\\/regiaonews.net.br\\\/2022\\\/2024\\\/05\\\/09\\\/oab-barretos-arrecada-doacoes-tambem-para-pets-afetados-pela-tragedia-no-rio-grande-do-sul\\\/#article\",\"isPartOf\":{\"@id\":\"https:\\\/\\\/regiaonews.net.br\\\/2022\\\/2024\\\/05\\\/09\\\/oab-barretos-arrecada-doacoes-tambem-para-pets-afetados-pela-tragedia-no-rio-grande-do-sul\\\/\"},\"author\":{\"name\":\"Roberto\",\"@id\":\"https:\\\/\\\/regiaonews.net.br\\\/2022\\\/#\\\/schema\\\/person\\\/2d205a608a5aa97ac279d7a5e6d89ad8\"},\"headline\":\"OAB Barretos arrecada doa\u00e7\u00f5es tamb\u00e9m para pets afetados pela trag\u00e9dia no Rio Grande do Sul\",\"datePublished\":\"2024-05-09T23:05:16+00:00\",\"mainEntityOfPage\":{\"@id\":\"https:\\\/\\\/regiaonews.net.br\\\/2022\\\/2024\\\/05\\\/09\\\/oab-barretos-arrecada-doacoes-tambem-para-pets-afetados-pela-tragedia-no-rio-grande-do-sul\\\/\"},\"wordCount\":236,\"commentCount\":0,\"publisher\":{\"@id\":\"https:\\\/\\\/regiaonews.net.br\\\/2022\\\/#organization\"},\"image\":{\"@id\":\"https:\\\/\\\/regiaonews.net.br\\\/2022\\\/2024\\\/05\\\/09\\\/oab-barretos-arrecada-doacoes-tambem-para-pets-afetados-pela-tragedia-no-rio-grande-do-sul\\\/#primaryimage\"},\"thumbnailUrl\":\"https:\\\/\\\/regiaonews.net.br\\\/2022\\\/wp-content\\\/uploads\\\/2024\\\/05\\\/WhatsApp-Image-2024-05-09-at-16.37.35.jpeg\",\"articleSection\":[\"Barretos\",\"Cidades\"],\"inLanguage\":\"pt-BR\",\"potentialAction\":[{\"@type\":\"CommentAction\",\"name\":\"Comment\",\"target\":[\"https:\\\/\\\/regiaonews.net.br\\\/2022\\\/2024\\\/05\\\/09\\\/oab-barretos-arrecada-doacoes-tambem-para-pets-afetados-pela-tragedia-no-rio-grande-do-sul\\\/#respond\"]}]},{\"@type\":\"WebPage\",\"@id\":\"https:\\\/\\\/regiaonews.net.br\\\/2022\\\/2024\\\/05\\\/09\\\/oab-barretos-arrecada-doacoes-tambem-para-pets-afetados-pela-tragedia-no-rio-grande-do-sul\\\/\",\"url\":\"https:\\\/\\\/regiaonews.net.br\\\/2022\\\/2024\\\/05\\\/09\\\/oab-barretos-arrecada-doacoes-tambem-para-pets-afetados-pela-tragedia-no-rio-grande-do-sul\\\/\",\"name\":\"OAB Barretos arrecada doa\u00e7\u00f5es tamb\u00e9m para pets afetados pela trag\u00e9dia no Rio Grande do Sul - Regi\u00e3o News\",\"isPartOf\":{\"@id\":\"https:\\\/\\\/regiaonews.net.br\\\/2022\\\/#website\"},\"primaryImageOfPage\":{\"@id\":\"https:\\\/\\\/regiaonews.net.br\\\/2022\\\/2024\\\/05\\\/09\\\/oab-barretos-arrecada-doacoes-tambem-para-pets-afetados-pela-tragedia-no-rio-grande-do-sul\\\/#primaryimage\"},\"image\":{\"@id\":\"https:\\\/\\\/regiaonews.net.br\\\/2022\\\/2024\\\/05\\\/09\\\/oab-barretos-arrecada-doacoes-tambem-para-pets-afetados-pela-tragedia-no-rio-grande-do-sul\\\/#primaryimage\"},\"thumbnailUrl\":\"https:\\\/\\\/regiaonews.net.br\\\/2022\\\/wp-content\\\/uploads\\\/2024\\\/05\\\/WhatsApp-Image-2024-05-09-at-16.37.35.jpeg\",\"datePublished\":\"2024-05-09T23:05:16+00:00\",\"breadcrumb\":{\"@id\":\"https:\\\/\\\/regiaonews.net.br\\\/2022\\\/2024\\\/05\\\/09\\\/oab-barretos-arrecada-doacoes-tambem-para-pets-afetados-pela-tragedia-no-rio-grande-do-sul\\\/#breadcrumb\"},\"inLanguage\":\"pt-BR\",\"potentialAction\":[{\"@type\":\"ReadAction\",\"target\":[\"https:\\\/\\\/regiaonews.net.br\\\/2022\\\/2024\\\/05\\\/09\\\/oab-barretos-arrecada-doacoes-tambem-para-pets-afetados-pela-tragedia-no-rio-grande-do-sul\\\/\"]}]},{\"@type\":\"ImageObject\",\"inLanguage\":\"pt-BR\",\"@id\":\"https:\\\/\\\/regiaonews.net.br\\\/2022\\\/2024\\\/05\\\/09\\\/oab-barretos-arrecada-doacoes-tambem-para-pets-afetados-pela-tragedia-no-rio-grande-do-sul\\\/#primaryimage\",\"url\":\"https:\\\/\\\/regiaonews.net.br\\\/2022\\\/wp-content\\\/uploads\\\/2024\\\/05\\\/WhatsApp-Image-2024-05-09-at-16.37.35.jpeg\",\"contentUrl\":\"https:\\\/\\\/regiaonews.net.br\\\/2022\\\/wp-content\\\/uploads\\\/2024\\\/05\\\/WhatsApp-Image-2024-05-09-at-16.37.35.jpeg\",\"width\":1080,\"height\":1080},{\"@type\":\"BreadcrumbList\",\"@id\":\"https:\\\/\\\/regiaonews.net.br\\\/2022\\\/2024\\\/05\\\/09\\\/oab-barretos-arrecada-doacoes-tambem-para-pets-afetados-pela-tragedia-no-rio-grande-do-sul\\\/#breadcrumb\",\"itemListElement\":[{\"@type\":\"ListItem\",\"position\":1,\"name\":\"In\u00edcio\",\"item\":\"https:\\\/\\\/regiaonews.net.br\\\/2022\\\/\"},{\"@type\":\"ListItem\",\"position\":2,\"name\":\"OAB Barretos arrecada doa\u00e7\u00f5es tamb\u00e9m para pets afetados pela trag\u00e9dia no Rio Grande do Sul\"}]},{\"@type\":\"WebSite\",\"@id\":\"https:\\\/\\\/regiaonews.net.br\\\/2022\\\/#website\",\"url\":\"https:\\\/\\\/regiaonews.net.br\\\/2022\\\/\",\"name\":\"Regi\u00e3o News\",\"description\":\"Site de Not\u00edcias de Barretos e regi\u00e3o\",\"publisher\":{\"@id\":\"https:\\\/\\\/regiaonews.net.br\\\/2022\\\/#organization\"},\"potentialAction\":[{\"@type\":\"SearchAction\",\"target\":{\"@type\":\"EntryPoint\",\"urlTemplate\":\"https:\\\/\\\/regiaonews.net.br\\\/2022\\\/?s={search_term_string}\"},\"query-input\":{\"@type\":\"PropertyValueSpecification\",\"valueRequired\":true,\"valueName\":\"search_term_string\"}}],\"inLanguage\":\"pt-BR\"},{\"@type\":\"Organization\",\"@id\":\"https:\\\/\\\/regiaonews.net.br\\\/2022\\\/#organization\",\"name\":\"Regi\u00e3o News\",\"url\":\"https:\\\/\\\/regiaonews.net.br\\\/2022\\\/\",\"logo\":{\"@type\":\"ImageObject\",\"inLanguage\":\"pt-BR\",\"@id\":\"https:\\\/\\\/regiaonews.net.br\\\/2022\\\/#\\\/schema\\\/logo\\\/image\\\/\",\"url\":\"https:\\\/\\\/regiaonews.net.br\\\/2022\\\/wp-content\\\/uploads\\\/2026\\\/03\\\/regiao-13-anos-scaled.jpg\",\"contentUrl\":\"https:\\\/\\\/regiaonews.net.br\\\/2022\\\/wp-content\\\/uploads\\\/2026\\\/03\\\/regiao-13-anos-scaled.jpg\",\"width\":2560,\"height\":635,\"caption\":\"Regi\u00e3o News\"},\"image\":{\"@id\":\"https:\\\/\\\/regiaonews.net.br\\\/2022\\\/#\\\/schema\\\/logo\\\/image\\\/\"}},{\"@type\":\"Person\",\"@id\":\"https:\\\/\\\/regiaonews.net.br\\\/2022\\\/#\\\/schema\\\/person\\\/2d205a608a5aa97ac279d7a5e6d89ad8\",\"name\":\"Roberto\",\"image\":{\"@type\":\"ImageObject\",\"inLanguage\":\"pt-BR\",\"@id\":\"https:\\\/\\\/secure.gravatar.com\\\/avatar\\\/42749d8b712ff9d59ca93dc150494e5b55a44134482993f5baeb97e61b7ecc89?s=96&d=mm&r=g\",\"url\":\"https:\\\/\\\/secure.gravatar.com\\\/avatar\\\/42749d8b712ff9d59ca93dc150494e5b55a44134482993f5baeb97e61b7ecc89?s=96&d=mm&r=g\",\"contentUrl\":\"https:\\\/\\\/secure.gravatar.com\\\/avatar\\\/42749d8b712ff9d59ca93dc150494e5b55a44134482993f5baeb97e61b7ecc89?s=96&d=mm&r=g\",\"caption\":\"Roberto\"},\"url\":\"https:\\\/\\\/regiaonews.net.br\\\/2022\\\/author\\\/roberto\\\/\"}]}<\/script>\n<!-- \/ Yoast SEO plugin. -->","yoast_head_json":{"title":"OAB Barretos arrecada doa\u00e7\u00f5es tamb\u00e9m para pets afetados pela trag\u00e9dia no Rio Grande do Sul - Regi\u00e3o News","robots":{"index":"index","follow":"follow","max-snippet":"max-snippet:-1","max-image-preview":"max-image-preview:large","max-video-preview":"max-video-preview:-1"},"canonical":"https:\/\/regiaonews.net.br\/2022\/2024\/05\/09\/oab-barretos-arrecada-doacoes-tambem-para-pets-afetados-pela-tragedia-no-rio-grande-do-sul\/","og_locale":"pt_BR","og_type":"article","og_title":"OAB Barretos arrecada doa\u00e7\u00f5es tamb\u00e9m para pets afetados pela trag\u00e9dia no Rio Grande do Sul - Regi\u00e3o News","og_description":"Os alimentos, juntamente com outros itens, podem ser entregues na","og_url":"https:\/\/regiaonews.net.br\/2022\/2024\/05\/09\/oab-barretos-arrecada-doacoes-tambem-para-pets-afetados-pela-tragedia-no-rio-grande-do-sul\/","og_site_name":"Regi\u00e3o News","article_published_time":"2024-05-09T23:05:16+00:00","og_image":[{"width":1080,"height":1080,"url":"https:\/\/regiaonews.net.br\/2022\/wp-content\/uploads\/2024\/05\/WhatsApp-Image-2024-05-09-at-16.37.35.jpeg","type":"image\/jpeg"}],"author":"Roberto","twitter_card":"summary_large_image","twitter_misc":{"Escrito por":"Roberto","Est. tempo de leitura":"2 minutos"},"schema":{"@context":"https:\/\/schema.org","@graph":[{"@type":"Article","@id":"https:\/\/regiaonews.net.br\/2022\/2024\/05\/09\/oab-barretos-arrecada-doacoes-tambem-para-pets-afetados-pela-tragedia-no-rio-grande-do-sul\/#article","isPartOf":{"@id":"https:\/\/regiaonews.net.br\/2022\/2024\/05\/09\/oab-barretos-arrecada-doacoes-tambem-para-pets-afetados-pela-tragedia-no-rio-grande-do-sul\/"},"author":{"name":"Roberto","@id":"https:\/\/regiaonews.net.br\/2022\/#\/schema\/person\/2d205a608a5aa97ac279d7a5e6d89ad8"},"headline":"OAB Barretos arrecada doa\u00e7\u00f5es tamb\u00e9m para pets afetados pela trag\u00e9dia no Rio Grande do Sul","datePublished":"2024-05-09T23:05:16+00:00","mainEntityOfPage":{"@id":"https:\/\/regiaonews.net.br\/2022\/2024\/05\/09\/oab-barretos-arrecada-doacoes-tambem-para-pets-afetados-pela-tragedia-no-rio-grande-do-sul\/"},"wordCount":236,"commentCount":0,"publisher":{"@id":"https:\/\/regiaonews.net.br\/2022\/#organization"},"image":{"@id":"https:\/\/regiaonews.net.br\/2022\/2024\/05\/09\/oab-barretos-arrecada-doacoes-tambem-para-pets-afetados-pela-tragedia-no-rio-grande-do-sul\/#primaryimage"},"thumbnailUrl":"https:\/\/regiaonews.net.br\/2022\/wp-content\/uploads\/2024\/05\/WhatsApp-Image-2024-05-09-at-16.37.35.jpeg","articleSection":["Barretos","Cidades"],"inLanguage":"pt-BR","potentialAction":[{"@type":"CommentAction","name":"Comment","target":["https:\/\/regiaonews.net.br\/2022\/2024\/05\/09\/oab-barretos-arrecada-doacoes-tambem-para-pets-afetados-pela-tragedia-no-rio-grande-do-sul\/#respond"]}]},{"@type":"WebPage","@id":"https:\/\/regiaonews.net.br\/2022\/2024\/05\/09\/oab-barretos-arrecada-doacoes-tambem-para-pets-afetados-pela-tragedia-no-rio-grande-do-sul\/","url":"https:\/\/regiaonews.net.br\/2022\/2024\/05\/09\/oab-barretos-arrecada-doacoes-tambem-para-pets-afetados-pela-tragedia-no-rio-grande-do-sul\/","name":"OAB Barretos arrecada doa\u00e7\u00f5es tamb\u00e9m para pets afetados pela trag\u00e9dia no Rio Grande do Sul - Regi\u00e3o News","isPartOf":{"@id":"https:\/\/regiaonews.net.br\/2022\/#website"},"primaryImageOfPage":{"@id":"https:\/\/regiaonews.net.br\/2022\/2024\/05\/09\/oab-barretos-arrecada-doacoes-tambem-para-pets-afetados-pela-tragedia-no-rio-grande-do-sul\/#primaryimage"},"image":{"@id":"https:\/\/regiaonews.net.br\/2022\/2024\/05\/09\/oab-barretos-arrecada-doacoes-tambem-para-pets-afetados-pela-tragedia-no-rio-grande-do-sul\/#primaryimage"},"thumbnailUrl":"https:\/\/regiaonews.net.br\/2022\/wp-content\/uploads\/2024\/05\/WhatsApp-Image-2024-05-09-at-16.37.35.jpeg","datePublished":"2024-05-09T23:05:16+00:00","breadcrumb":{"@id":"https:\/\/regiaonews.net.br\/2022\/2024\/05\/09\/oab-barretos-arrecada-doacoes-tambem-para-pets-afetados-pela-tragedia-no-rio-grande-do-sul\/#breadcrumb"},"inLanguage":"pt-BR","potentialAction":[{"@type":"ReadAction","target":["https:\/\/regiaonews.net.br\/2022\/2024\/05\/09\/oab-barretos-arrecada-doacoes-tambem-para-pets-afetados-pela-tragedia-no-rio-grande-do-sul\/"]}]},{"@type":"ImageObject","inLanguage":"pt-BR","@id":"https:\/\/regiaonews.net.br\/2022\/2024\/05\/09\/oab-barretos-arrecada-doacoes-tambem-para-pets-afetados-pela-tragedia-no-rio-grande-do-sul\/#primaryimage","url":"https:\/\/regiaonews.net.br\/2022\/wp-content\/uploads\/2024\/05\/WhatsApp-Image-2024-05-09-at-16.37.35.jpeg","contentUrl":"https:\/\/regiaonews.net.br\/2022\/wp-content\/uploads\/2024\/05\/WhatsApp-Image-2024-05-09-at-16.37.35.jpeg","width":1080,"height":1080},{"@type":"BreadcrumbList","@id":"https:\/\/regiaonews.net.br\/2022\/2024\/05\/09\/oab-barretos-arrecada-doacoes-tambem-para-pets-afetados-pela-tragedia-no-rio-grande-do-sul\/#breadcrumb","itemListElement":[{"@type":"ListItem","position":1,"name":"In\u00edcio","item":"https:\/\/regiaonews.net.br\/2022\/"},{"@type":"ListItem","position":2,"name":"OAB Barretos arrecada doa\u00e7\u00f5es tamb\u00e9m para pets afetados pela trag\u00e9dia no Rio Grande do Sul"}]},{"@type":"WebSite","@id":"https:\/\/regiaonews.net.br\/2022\/#website","url":"https:\/\/regiaonews.net.br\/2022\/","name":"Regi\u00e3o News","description":"Site de Not\u00edcias de Barretos e regi\u00e3o","publisher":{"@id":"https:\/\/regiaonews.net.br\/2022\/#organization"},"potentialAction":[{"@type":"SearchAction","target":{"@type":"EntryPoint","urlTemplate":"https:\/\/regiaonews.net.br\/2022\/?s={search_term_string}"},"query-input":{"@type":"PropertyValueSpecification","valueRequired":true,"valueName":"search_term_string"}}],"inLanguage":"pt-BR"},{"@type":"Organization","@id":"https:\/\/regiaonews.net.br\/2022\/#organization","name":"Regi\u00e3o News","url":"https:\/\/regiaonews.net.br\/2022\/","logo":{"@type":"ImageObject","inLanguage":"pt-BR","@id":"https:\/\/regiaonews.net.br\/2022\/#\/schema\/logo\/image\/","url":"https:\/\/regiaonews.net.br\/2022\/wp-content\/uploads\/2026\/03\/regiao-13-anos-scaled.jpg","contentUrl":"https:\/\/regiaonews.net.br\/2022\/wp-content\/uploads\/2026\/03\/regiao-13-anos-scaled.jpg","width":2560,"height":635,"caption":"Regi\u00e3o News"},"image":{"@id":"https:\/\/regiaonews.net.br\/2022\/#\/schema\/logo\/image\/"}},{"@type":"Person","@id":"https:\/\/regiaonews.net.br\/2022\/#\/schema\/person\/2d205a608a5aa97ac279d7a5e6d89ad8","name":"Roberto","image":{"@type":"ImageObject","inLanguage":"pt-BR","@id":"https:\/\/secure.gravatar.com\/avatar\/42749d8b712ff9d59ca93dc150494e5b55a44134482993f5baeb97e61b7ecc89?s=96&d=mm&r=g","url":"https:\/\/secure.gravatar.com\/avatar\/42749d8b712ff9d59ca93dc150494e5b55a44134482993f5baeb97e61b7ecc89?s=96&d=mm&r=g","contentUrl":"https:\/\/secure.gravatar.com\/avatar\/42749d8b712ff9d59ca93dc150494e5b55a44134482993f5baeb97e61b7ecc89?s=96&d=mm&r=g","caption":"Roberto"},"url":"https:\/\/regiaonews.net.br\/2022\/author\/roberto\/"}]}},"publishpress_future_action":{"enabled":false,"date":"2026-05-03 07:11:56","action":"change-status","newStatus":"draft","terms":[],"taxonomy":"category","extraData":[]},"publishpress_future_workflow_manual_trigger":{"enabledWorkflows":[]},"_links":{"self":[{"href":"https:\/\/regiaonews.net.br\/2022\/wp-json\/wp\/v2\/posts\/104741","targetHints":{"allow":["GET"]}}],"collection":[{"href":"https:\/\/regiaonews.net.br\/2022\/wp-json\/wp\/v2\/posts"}],"about":[{"href":"https:\/\/regiaonews.net.br\/2022\/wp-json\/wp\/v2\/types\/post"}],"author":[{"embeddable":true,"href":"https:\/\/regiaonews.net.br\/2022\/wp-json\/wp\/v2\/users\/2"}],"replies":[{"embeddable":true,"href":"https:\/\/regiaonews.net.br\/2022\/wp-json\/wp\/v2\/comments?post=104741"}],"version-history":[{"count":1,"href":"https:\/\/regiaonews.net.br\/2022\/wp-json\/wp\/v2\/posts\/104741\/revisions"}],"predecessor-version":[{"id":104743,"href":"https:\/\/regiaonews.net.br\/2022\/wp-json\/wp\/v2\/posts\/104741\/revisions\/104743"}],"wp:featuredmedia":[{"embeddable":true,"href":"https:\/\/regiaonews.net.br\/2022\/wp-json\/wp\/v2\/media\/104742"}],"wp:attachment":[{"href":"https:\/\/regiaonews.net.br\/2022\/wp-json\/wp\/v2\/media?parent=104741"}],"wp:term":[{"taxonomy":"category","embeddable":true,"href":"https:\/\/regiaonews.net.br\/2022\/wp-json\/wp\/v2\/categories?post=104741"},{"taxonomy":"post_tag","embeddable":true,"href":"https:\/\/regiaonews.net.br\/2022\/wp-json\/wp\/v2\/tags?post=104741"}],"curies":[{"name":"wp","href":"https:\/\/api.w.org\/{rel}","templated":true}]}}