{"id":104730,"date":"2024-05-09T13:31:05","date_gmt":"2024-05-09T16:31:05","guid":{"rendered":"https:\/\/regiaonews.net.br\/2022\/?p=104730"},"modified":"2024-05-09T13:31:05","modified_gmt":"2024-05-09T16:31:05","slug":"ipem-sp-fiscaliza-taximetros-usados-nos-taxis-de-barretos","status":"publish","type":"post","link":"https:\/\/regiaonews.net.br\/2022\/2024\/05\/09\/ipem-sp-fiscaliza-taximetros-usados-nos-taxis-de-barretos\/","title":{"rendered":"Ipem-SP fiscaliza tax\u00edmetros usados nos t\u00e1xis de Barretos"},"content":{"rendered":"<p>Os 106 taxistas de Barretos que atuam em Barretos est\u00e3o passando por uma verifica\u00e7\u00e3o dos tax\u00edmetros realizada pela equipe do Ipem (Instituto de Pesos e Medidas do Estado de S\u00e3o Paulo) entre segunda (6) e sexta-feira (10), no primeiro plant\u00e3o do ano, na sede do Sindicato dos Taxistas de Barretos e regi\u00e3o, localizado na avenida 57 n\u00ba 567, no bairro Mar\u00edlia. Al\u00e9m de apresentarem a documenta\u00e7\u00e3o e o recolhimento de uma taxa de R$ 52,18, cada taxista trafega com o seu ve\u00edculo na Via da Comitivas, saindo da avenida Rio Dalva operando na bandeira 1 que tem valor de R$ 3,60 o km rodado e a bandeira 2 R$ 4,40 o km rodado com a presen\u00e7a do t\u00e9cnico em metrologia do Ipem, para ver se o equipamento est\u00e1 fazendo a cobran\u00e7a correta do km rodado. \u201c\u00c9 feita uma verifica\u00e7\u00e3o dos tax\u00edmetros para ver se o equipamento est\u00e1 lesando o consumidor ou o pr\u00f3prio taxista. A gente trabalha verificando os dois lados, com o objetivo de comprovar que ningu\u00e9m est\u00e1 sendo lesado\u201d, explicou Daniel.<br \/>\nSegundo o especialista do Ipem, na verifica\u00e7\u00e3o dos tax\u00edmetros, 99% dos motoristas s\u00e3o aprovados nessas verifica\u00e7\u00e3o. \u201cAqui em Barretos, como em Rio Preto, o pessoal trabalha certinho. Estando correto, a gente coloca o selo do Inmetro\u201d, afirmou.<br \/>\nO presidente do Sindicato dos Taxistas, J\u00falio C\u00e9sar J\u00fanior, afirmou que 50% dos profissionais que atuam em Barretos j\u00e1 passaram pela verifica\u00e7\u00e3o do Ipem. \u201c\u00c9 obrigat\u00f3rio o uso do tax\u00edmetro, mas \u00e0s vezes t\u00eam corridas que s\u00e3o combinadas com o usu\u00e1rio. A Lei Federal estabelece que cidade com mais de 40 mil habitantes \u00e9 obrigat\u00f3rio o uso do tax\u00edmetro\u201d, afirmou.<br \/>\nSegundo o presidente do Sindicato, a categoria est\u00e1 reivindicando um reajuste no valor das bandeiras cobradas em Barretos que est\u00e1 sem reajuste desde 2015. \u201cEu como representante da diretoria do Sindicato, estou fazendo um pedido da atualiza\u00e7\u00e3o desses valores que est\u00e1 h\u00e1 quase 10 anos sem reajuste\u201d,\u00a0disse.<\/p>\n","protected":false},"excerpt":{"rendered":"<p>Os 106 taxistas de Barretos que atuam em Barretos est\u00e3o<\/p>\n","protected":false},"author":2,"featured_media":104731,"comment_status":"open","ping_status":"open","sticky":false,"template":"","format":"standard","meta":{"footnotes":""},"categories":[14,3],"tags":[],"class_list":["post-104730","post","type-post","status-publish","format-standard","has-post-thumbnail","hentry","category-barretos","category-geral"],"yoast_head":"<!-- This site is optimized with the Yoast SEO plugin v27.4 - https:\/\/yoast.com\/product\/yoast-seo-wordpress\/ -->\n<title>Ipem-SP fiscaliza tax\u00edmetros usados nos t\u00e1xis de Barretos - Regi\u00e3o News<\/title>\n<meta name=\"robots\" content=\"index, follow, max-snippet:-1, max-image-preview:large, max-video-preview:-1\" \/>\n<link rel=\"canonical\" href=\"https:\/\/regiaonews.net.br\/2022\/2024\/05\/09\/ipem-sp-fiscaliza-taximetros-usados-nos-taxis-de-barretos\/\" \/>\n<meta property=\"og:locale\" content=\"pt_BR\" \/>\n<meta property=\"og:type\" content=\"article\" \/>\n<meta property=\"og:title\" content=\"Ipem-SP fiscaliza tax\u00edmetros usados nos t\u00e1xis de Barretos - Regi\u00e3o News\" \/>\n<meta property=\"og:description\" content=\"Os 106 taxistas de Barretos que atuam em Barretos est\u00e3o\" \/>\n<meta property=\"og:url\" content=\"https:\/\/regiaonews.net.br\/2022\/2024\/05\/09\/ipem-sp-fiscaliza-taximetros-usados-nos-taxis-de-barretos\/\" \/>\n<meta property=\"og:site_name\" content=\"Regi\u00e3o News\" \/>\n<meta property=\"article:published_time\" content=\"2024-05-09T16:31:05+00:00\" \/>\n<meta property=\"og:image\" content=\"https:\/\/regiaonews.net.br\/2022\/wp-content\/uploads\/2024\/05\/Imagem-do-WhatsApp-de-2024-05-09-as-10.30.04_457f9ee6.jpg\" \/>\n\t<meta property=\"og:image:width\" content=\"1600\" \/>\n\t<meta property=\"og:image:height\" content=\"1069\" \/>\n\t<meta property=\"og:image:type\" content=\"image\/jpeg\" \/>\n<meta name=\"author\" content=\"Roberto\" \/>\n<meta name=\"twitter:card\" content=\"summary_large_image\" \/>\n<meta name=\"twitter:label1\" content=\"Escrito por\" \/>\n\t<meta name=\"twitter:data1\" content=\"Roberto\" \/>\n\t<meta name=\"twitter:label2\" content=\"Est. tempo de leitura\" \/>\n\t<meta name=\"twitter:data2\" content=\"2 minutos\" \/>\n<script type=\"application\/ld+json\" class=\"yoast-schema-graph\">{\"@context\":\"https:\\\/\\\/schema.org\",\"@graph\":[{\"@type\":\"Article\",\"@id\":\"https:\\\/\\\/regiaonews.net.br\\\/2022\\\/2024\\\/05\\\/09\\\/ipem-sp-fiscaliza-taximetros-usados-nos-taxis-de-barretos\\\/#article\",\"isPartOf\":{\"@id\":\"https:\\\/\\\/regiaonews.net.br\\\/2022\\\/2024\\\/05\\\/09\\\/ipem-sp-fiscaliza-taximetros-usados-nos-taxis-de-barretos\\\/\"},\"author\":{\"name\":\"Roberto\",\"@id\":\"https:\\\/\\\/regiaonews.net.br\\\/2022\\\/#\\\/schema\\\/person\\\/2d205a608a5aa97ac279d7a5e6d89ad8\"},\"headline\":\"Ipem-SP fiscaliza tax\u00edmetros usados nos t\u00e1xis de Barretos\",\"datePublished\":\"2024-05-09T16:31:05+00:00\",\"mainEntityOfPage\":{\"@id\":\"https:\\\/\\\/regiaonews.net.br\\\/2022\\\/2024\\\/05\\\/09\\\/ipem-sp-fiscaliza-taximetros-usados-nos-taxis-de-barretos\\\/\"},\"wordCount\":343,\"commentCount\":0,\"publisher\":{\"@id\":\"https:\\\/\\\/regiaonews.net.br\\\/2022\\\/#organization\"},\"image\":{\"@id\":\"https:\\\/\\\/regiaonews.net.br\\\/2022\\\/2024\\\/05\\\/09\\\/ipem-sp-fiscaliza-taximetros-usados-nos-taxis-de-barretos\\\/#primaryimage\"},\"thumbnailUrl\":\"https:\\\/\\\/regiaonews.net.br\\\/2022\\\/wp-content\\\/uploads\\\/2024\\\/05\\\/Imagem-do-WhatsApp-de-2024-05-09-as-10.30.04_457f9ee6.jpg\",\"articleSection\":[\"Barretos\",\"Geral\"],\"inLanguage\":\"pt-BR\",\"potentialAction\":[{\"@type\":\"CommentAction\",\"name\":\"Comment\",\"target\":[\"https:\\\/\\\/regiaonews.net.br\\\/2022\\\/2024\\\/05\\\/09\\\/ipem-sp-fiscaliza-taximetros-usados-nos-taxis-de-barretos\\\/#respond\"]}]},{\"@type\":\"WebPage\",\"@id\":\"https:\\\/\\\/regiaonews.net.br\\\/2022\\\/2024\\\/05\\\/09\\\/ipem-sp-fiscaliza-taximetros-usados-nos-taxis-de-barretos\\\/\",\"url\":\"https:\\\/\\\/regiaonews.net.br\\\/2022\\\/2024\\\/05\\\/09\\\/ipem-sp-fiscaliza-taximetros-usados-nos-taxis-de-barretos\\\/\",\"name\":\"Ipem-SP fiscaliza tax\u00edmetros usados nos t\u00e1xis de Barretos - Regi\u00e3o News\",\"isPartOf\":{\"@id\":\"https:\\\/\\\/regiaonews.net.br\\\/2022\\\/#website\"},\"primaryImageOfPage\":{\"@id\":\"https:\\\/\\\/regiaonews.net.br\\\/2022\\\/2024\\\/05\\\/09\\\/ipem-sp-fiscaliza-taximetros-usados-nos-taxis-de-barretos\\\/#primaryimage\"},\"image\":{\"@id\":\"https:\\\/\\\/regiaonews.net.br\\\/2022\\\/2024\\\/05\\\/09\\\/ipem-sp-fiscaliza-taximetros-usados-nos-taxis-de-barretos\\\/#primaryimage\"},\"thumbnailUrl\":\"https:\\\/\\\/regiaonews.net.br\\\/2022\\\/wp-content\\\/uploads\\\/2024\\\/05\\\/Imagem-do-WhatsApp-de-2024-05-09-as-10.30.04_457f9ee6.jpg\",\"datePublished\":\"2024-05-09T16:31:05+00:00\",\"breadcrumb\":{\"@id\":\"https:\\\/\\\/regiaonews.net.br\\\/2022\\\/2024\\\/05\\\/09\\\/ipem-sp-fiscaliza-taximetros-usados-nos-taxis-de-barretos\\\/#breadcrumb\"},\"inLanguage\":\"pt-BR\",\"potentialAction\":[{\"@type\":\"ReadAction\",\"target\":[\"https:\\\/\\\/regiaonews.net.br\\\/2022\\\/2024\\\/05\\\/09\\\/ipem-sp-fiscaliza-taximetros-usados-nos-taxis-de-barretos\\\/\"]}]},{\"@type\":\"ImageObject\",\"inLanguage\":\"pt-BR\",\"@id\":\"https:\\\/\\\/regiaonews.net.br\\\/2022\\\/2024\\\/05\\\/09\\\/ipem-sp-fiscaliza-taximetros-usados-nos-taxis-de-barretos\\\/#primaryimage\",\"url\":\"https:\\\/\\\/regiaonews.net.br\\\/2022\\\/wp-content\\\/uploads\\\/2024\\\/05\\\/Imagem-do-WhatsApp-de-2024-05-09-as-10.30.04_457f9ee6.jpg\",\"contentUrl\":\"https:\\\/\\\/regiaonews.net.br\\\/2022\\\/wp-content\\\/uploads\\\/2024\\\/05\\\/Imagem-do-WhatsApp-de-2024-05-09-as-10.30.04_457f9ee6.jpg\",\"width\":1600,\"height\":1069},{\"@type\":\"BreadcrumbList\",\"@id\":\"https:\\\/\\\/regiaonews.net.br\\\/2022\\\/2024\\\/05\\\/09\\\/ipem-sp-fiscaliza-taximetros-usados-nos-taxis-de-barretos\\\/#breadcrumb\",\"itemListElement\":[{\"@type\":\"ListItem\",\"position\":1,\"name\":\"In\u00edcio\",\"item\":\"https:\\\/\\\/regiaonews.net.br\\\/2022\\\/\"},{\"@type\":\"ListItem\",\"position\":2,\"name\":\"Ipem-SP fiscaliza tax\u00edmetros usados nos t\u00e1xis de Barretos\"}]},{\"@type\":\"WebSite\",\"@id\":\"https:\\\/\\\/regiaonews.net.br\\\/2022\\\/#website\",\"url\":\"https:\\\/\\\/regiaonews.net.br\\\/2022\\\/\",\"name\":\"Regi\u00e3o News\",\"description\":\"Site de Not\u00edcias de Barretos e regi\u00e3o\",\"publisher\":{\"@id\":\"https:\\\/\\\/regiaonews.net.br\\\/2022\\\/#organization\"},\"potentialAction\":[{\"@type\":\"SearchAction\",\"target\":{\"@type\":\"EntryPoint\",\"urlTemplate\":\"https:\\\/\\\/regiaonews.net.br\\\/2022\\\/?s={search_term_string}\"},\"query-input\":{\"@type\":\"PropertyValueSpecification\",\"valueRequired\":true,\"valueName\":\"search_term_string\"}}],\"inLanguage\":\"pt-BR\"},{\"@type\":\"Organization\",\"@id\":\"https:\\\/\\\/regiaonews.net.br\\\/2022\\\/#organization\",\"name\":\"Regi\u00e3o News\",\"url\":\"https:\\\/\\\/regiaonews.net.br\\\/2022\\\/\",\"logo\":{\"@type\":\"ImageObject\",\"inLanguage\":\"pt-BR\",\"@id\":\"https:\\\/\\\/regiaonews.net.br\\\/2022\\\/#\\\/schema\\\/logo\\\/image\\\/\",\"url\":\"https:\\\/\\\/regiaonews.net.br\\\/2022\\\/wp-content\\\/uploads\\\/2026\\\/03\\\/regiao-13-anos-scaled.jpg\",\"contentUrl\":\"https:\\\/\\\/regiaonews.net.br\\\/2022\\\/wp-content\\\/uploads\\\/2026\\\/03\\\/regiao-13-anos-scaled.jpg\",\"width\":2560,\"height\":635,\"caption\":\"Regi\u00e3o News\"},\"image\":{\"@id\":\"https:\\\/\\\/regiaonews.net.br\\\/2022\\\/#\\\/schema\\\/logo\\\/image\\\/\"}},{\"@type\":\"Person\",\"@id\":\"https:\\\/\\\/regiaonews.net.br\\\/2022\\\/#\\\/schema\\\/person\\\/2d205a608a5aa97ac279d7a5e6d89ad8\",\"name\":\"Roberto\",\"image\":{\"@type\":\"ImageObject\",\"inLanguage\":\"pt-BR\",\"@id\":\"https:\\\/\\\/secure.gravatar.com\\\/avatar\\\/42749d8b712ff9d59ca93dc150494e5b55a44134482993f5baeb97e61b7ecc89?s=96&d=mm&r=g\",\"url\":\"https:\\\/\\\/secure.gravatar.com\\\/avatar\\\/42749d8b712ff9d59ca93dc150494e5b55a44134482993f5baeb97e61b7ecc89?s=96&d=mm&r=g\",\"contentUrl\":\"https:\\\/\\\/secure.gravatar.com\\\/avatar\\\/42749d8b712ff9d59ca93dc150494e5b55a44134482993f5baeb97e61b7ecc89?s=96&d=mm&r=g\",\"caption\":\"Roberto\"},\"url\":\"https:\\\/\\\/regiaonews.net.br\\\/2022\\\/author\\\/roberto\\\/\"}]}<\/script>\n<!-- \/ Yoast SEO plugin. -->","yoast_head_json":{"title":"Ipem-SP fiscaliza tax\u00edmetros usados nos t\u00e1xis de Barretos - Regi\u00e3o News","robots":{"index":"index","follow":"follow","max-snippet":"max-snippet:-1","max-image-preview":"max-image-preview:large","max-video-preview":"max-video-preview:-1"},"canonical":"https:\/\/regiaonews.net.br\/2022\/2024\/05\/09\/ipem-sp-fiscaliza-taximetros-usados-nos-taxis-de-barretos\/","og_locale":"pt_BR","og_type":"article","og_title":"Ipem-SP fiscaliza tax\u00edmetros usados nos t\u00e1xis de Barretos - Regi\u00e3o News","og_description":"Os 106 taxistas de Barretos que atuam em Barretos est\u00e3o","og_url":"https:\/\/regiaonews.net.br\/2022\/2024\/05\/09\/ipem-sp-fiscaliza-taximetros-usados-nos-taxis-de-barretos\/","og_site_name":"Regi\u00e3o News","article_published_time":"2024-05-09T16:31:05+00:00","og_image":[{"width":1600,"height":1069,"url":"https:\/\/regiaonews.net.br\/2022\/wp-content\/uploads\/2024\/05\/Imagem-do-WhatsApp-de-2024-05-09-as-10.30.04_457f9ee6.jpg","type":"image\/jpeg"}],"author":"Roberto","twitter_card":"summary_large_image","twitter_misc":{"Escrito por":"Roberto","Est. tempo de leitura":"2 minutos"},"schema":{"@context":"https:\/\/schema.org","@graph":[{"@type":"Article","@id":"https:\/\/regiaonews.net.br\/2022\/2024\/05\/09\/ipem-sp-fiscaliza-taximetros-usados-nos-taxis-de-barretos\/#article","isPartOf":{"@id":"https:\/\/regiaonews.net.br\/2022\/2024\/05\/09\/ipem-sp-fiscaliza-taximetros-usados-nos-taxis-de-barretos\/"},"author":{"name":"Roberto","@id":"https:\/\/regiaonews.net.br\/2022\/#\/schema\/person\/2d205a608a5aa97ac279d7a5e6d89ad8"},"headline":"Ipem-SP fiscaliza tax\u00edmetros usados nos t\u00e1xis de Barretos","datePublished":"2024-05-09T16:31:05+00:00","mainEntityOfPage":{"@id":"https:\/\/regiaonews.net.br\/2022\/2024\/05\/09\/ipem-sp-fiscaliza-taximetros-usados-nos-taxis-de-barretos\/"},"wordCount":343,"commentCount":0,"publisher":{"@id":"https:\/\/regiaonews.net.br\/2022\/#organization"},"image":{"@id":"https:\/\/regiaonews.net.br\/2022\/2024\/05\/09\/ipem-sp-fiscaliza-taximetros-usados-nos-taxis-de-barretos\/#primaryimage"},"thumbnailUrl":"https:\/\/regiaonews.net.br\/2022\/wp-content\/uploads\/2024\/05\/Imagem-do-WhatsApp-de-2024-05-09-as-10.30.04_457f9ee6.jpg","articleSection":["Barretos","Geral"],"inLanguage":"pt-BR","potentialAction":[{"@type":"CommentAction","name":"Comment","target":["https:\/\/regiaonews.net.br\/2022\/2024\/05\/09\/ipem-sp-fiscaliza-taximetros-usados-nos-taxis-de-barretos\/#respond"]}]},{"@type":"WebPage","@id":"https:\/\/regiaonews.net.br\/2022\/2024\/05\/09\/ipem-sp-fiscaliza-taximetros-usados-nos-taxis-de-barretos\/","url":"https:\/\/regiaonews.net.br\/2022\/2024\/05\/09\/ipem-sp-fiscaliza-taximetros-usados-nos-taxis-de-barretos\/","name":"Ipem-SP fiscaliza tax\u00edmetros usados nos t\u00e1xis de Barretos - Regi\u00e3o News","isPartOf":{"@id":"https:\/\/regiaonews.net.br\/2022\/#website"},"primaryImageOfPage":{"@id":"https:\/\/regiaonews.net.br\/2022\/2024\/05\/09\/ipem-sp-fiscaliza-taximetros-usados-nos-taxis-de-barretos\/#primaryimage"},"image":{"@id":"https:\/\/regiaonews.net.br\/2022\/2024\/05\/09\/ipem-sp-fiscaliza-taximetros-usados-nos-taxis-de-barretos\/#primaryimage"},"thumbnailUrl":"https:\/\/regiaonews.net.br\/2022\/wp-content\/uploads\/2024\/05\/Imagem-do-WhatsApp-de-2024-05-09-as-10.30.04_457f9ee6.jpg","datePublished":"2024-05-09T16:31:05+00:00","breadcrumb":{"@id":"https:\/\/regiaonews.net.br\/2022\/2024\/05\/09\/ipem-sp-fiscaliza-taximetros-usados-nos-taxis-de-barretos\/#breadcrumb"},"inLanguage":"pt-BR","potentialAction":[{"@type":"ReadAction","target":["https:\/\/regiaonews.net.br\/2022\/2024\/05\/09\/ipem-sp-fiscaliza-taximetros-usados-nos-taxis-de-barretos\/"]}]},{"@type":"ImageObject","inLanguage":"pt-BR","@id":"https:\/\/regiaonews.net.br\/2022\/2024\/05\/09\/ipem-sp-fiscaliza-taximetros-usados-nos-taxis-de-barretos\/#primaryimage","url":"https:\/\/regiaonews.net.br\/2022\/wp-content\/uploads\/2024\/05\/Imagem-do-WhatsApp-de-2024-05-09-as-10.30.04_457f9ee6.jpg","contentUrl":"https:\/\/regiaonews.net.br\/2022\/wp-content\/uploads\/2024\/05\/Imagem-do-WhatsApp-de-2024-05-09-as-10.30.04_457f9ee6.jpg","width":1600,"height":1069},{"@type":"BreadcrumbList","@id":"https:\/\/regiaonews.net.br\/2022\/2024\/05\/09\/ipem-sp-fiscaliza-taximetros-usados-nos-taxis-de-barretos\/#breadcrumb","itemListElement":[{"@type":"ListItem","position":1,"name":"In\u00edcio","item":"https:\/\/regiaonews.net.br\/2022\/"},{"@type":"ListItem","position":2,"name":"Ipem-SP fiscaliza tax\u00edmetros usados nos t\u00e1xis de Barretos"}]},{"@type":"WebSite","@id":"https:\/\/regiaonews.net.br\/2022\/#website","url":"https:\/\/regiaonews.net.br\/2022\/","name":"Regi\u00e3o News","description":"Site de Not\u00edcias de Barretos e regi\u00e3o","publisher":{"@id":"https:\/\/regiaonews.net.br\/2022\/#organization"},"potentialAction":[{"@type":"SearchAction","target":{"@type":"EntryPoint","urlTemplate":"https:\/\/regiaonews.net.br\/2022\/?s={search_term_string}"},"query-input":{"@type":"PropertyValueSpecification","valueRequired":true,"valueName":"search_term_string"}}],"inLanguage":"pt-BR"},{"@type":"Organization","@id":"https:\/\/regiaonews.net.br\/2022\/#organization","name":"Regi\u00e3o News","url":"https:\/\/regiaonews.net.br\/2022\/","logo":{"@type":"ImageObject","inLanguage":"pt-BR","@id":"https:\/\/regiaonews.net.br\/2022\/#\/schema\/logo\/image\/","url":"https:\/\/regiaonews.net.br\/2022\/wp-content\/uploads\/2026\/03\/regiao-13-anos-scaled.jpg","contentUrl":"https:\/\/regiaonews.net.br\/2022\/wp-content\/uploads\/2026\/03\/regiao-13-anos-scaled.jpg","width":2560,"height":635,"caption":"Regi\u00e3o News"},"image":{"@id":"https:\/\/regiaonews.net.br\/2022\/#\/schema\/logo\/image\/"}},{"@type":"Person","@id":"https:\/\/regiaonews.net.br\/2022\/#\/schema\/person\/2d205a608a5aa97ac279d7a5e6d89ad8","name":"Roberto","image":{"@type":"ImageObject","inLanguage":"pt-BR","@id":"https:\/\/secure.gravatar.com\/avatar\/42749d8b712ff9d59ca93dc150494e5b55a44134482993f5baeb97e61b7ecc89?s=96&d=mm&r=g","url":"https:\/\/secure.gravatar.com\/avatar\/42749d8b712ff9d59ca93dc150494e5b55a44134482993f5baeb97e61b7ecc89?s=96&d=mm&r=g","contentUrl":"https:\/\/secure.gravatar.com\/avatar\/42749d8b712ff9d59ca93dc150494e5b55a44134482993f5baeb97e61b7ecc89?s=96&d=mm&r=g","caption":"Roberto"},"url":"https:\/\/regiaonews.net.br\/2022\/author\/roberto\/"}]}},"publishpress_future_action":{"enabled":false,"date":"2026-05-03 02:12:05","action":"change-status","newStatus":"draft","terms":[],"taxonomy":"category","extraData":[]},"publishpress_future_workflow_manual_trigger":{"enabledWorkflows":[]},"_links":{"self":[{"href":"https:\/\/regiaonews.net.br\/2022\/wp-json\/wp\/v2\/posts\/104730","targetHints":{"allow":["GET"]}}],"collection":[{"href":"https:\/\/regiaonews.net.br\/2022\/wp-json\/wp\/v2\/posts"}],"about":[{"href":"https:\/\/regiaonews.net.br\/2022\/wp-json\/wp\/v2\/types\/post"}],"author":[{"embeddable":true,"href":"https:\/\/regiaonews.net.br\/2022\/wp-json\/wp\/v2\/users\/2"}],"replies":[{"embeddable":true,"href":"https:\/\/regiaonews.net.br\/2022\/wp-json\/wp\/v2\/comments?post=104730"}],"version-history":[{"count":1,"href":"https:\/\/regiaonews.net.br\/2022\/wp-json\/wp\/v2\/posts\/104730\/revisions"}],"predecessor-version":[{"id":104732,"href":"https:\/\/regiaonews.net.br\/2022\/wp-json\/wp\/v2\/posts\/104730\/revisions\/104732"}],"wp:featuredmedia":[{"embeddable":true,"href":"https:\/\/regiaonews.net.br\/2022\/wp-json\/wp\/v2\/media\/104731"}],"wp:attachment":[{"href":"https:\/\/regiaonews.net.br\/2022\/wp-json\/wp\/v2\/media?parent=104730"}],"wp:term":[{"taxonomy":"category","embeddable":true,"href":"https:\/\/regiaonews.net.br\/2022\/wp-json\/wp\/v2\/categories?post=104730"},{"taxonomy":"post_tag","embeddable":true,"href":"https:\/\/regiaonews.net.br\/2022\/wp-json\/wp\/v2\/tags?post=104730"}],"curies":[{"name":"wp","href":"https:\/\/api.w.org\/{rel}","templated":true}]}}