{"id":104700,"date":"2024-05-08T18:58:43","date_gmt":"2024-05-08T21:58:43","guid":{"rendered":"https:\/\/regiaonews.net.br\/2022\/?p=104700"},"modified":"2024-05-08T18:58:43","modified_gmt":"2024-05-08T21:58:43","slug":"recem-nascido-entubado-e-resgatado-pelo-aguia-no-rio-grande-do-sul","status":"publish","type":"post","link":"https:\/\/regiaonews.net.br\/2022\/2024\/05\/08\/recem-nascido-entubado-e-resgatado-pelo-aguia-no-rio-grande-do-sul\/","title":{"rendered":"Rec\u00e9m-nascido entubado \u00e9 resgatado pelo \u00c1guia no Rio Grande do Sul"},"content":{"rendered":"<div class=\"col-lg-12 mt-4\">\n<h3><\/h3>\n<\/div>\n<div class=\"col-lg-12 mt-2\">\n<h5>Profissionais que est\u00e3o ajudando v\u00edtimas das chuvas auxiliaram outras cinco pessoas<\/h5>\n<\/div>\n<div class=\"col-lg-12\">\n<p class=\"diasemana\">Quarta-feira, 08\/05\/2024 14:57<\/p>\n<\/div>\n<div class=\"col-lg-12\">\n<p class=\"autor\">Por Assessoria de Imprensa e Comunica\u00e7\u00e3o da Secretaria da Seguran\u00e7a P\u00fablica<\/p>\n<\/div>\n<div class=\"col-lg-12 mt-3\">\n<div>\n<div>Um beb\u00ea foi salvo pelos profissionais que atuam no helic\u00f3ptero \u00c1guia, da Pol\u00edcia Militar, no Rio Grande do Sul, nesta quarta-feira (8). Os militares realizaram a remo\u00e7\u00e3o da crian\u00e7a no final da manh\u00e3 de hoje de um hospital em Sapucaia do Sul para Porto Alegre, capital do estado.<\/div>\n<div><\/div>\n<div>A aeronave fez o transporte do beb\u00ea em uma incubadora. Enfermeiros do Samu deram o apoio para fazer o deslocamento do rec\u00e9m-nascido at\u00e9 o helic\u00f3ptero. Por causa da gravidade e sensibilidade do caso, foi fundamental a utiliza\u00e7\u00e3o do \u00c1guia 33, que conta com a UTI aerom\u00e9dica, para remo\u00e7\u00e3o do beb\u00ea entubado.<\/div>\n<div><\/div>\n<div>Esse foi mais um resgate realizado pelos profissionais paulistas que est\u00e3o no sul do pa\u00eds ajudando as v\u00edtimas das chuvas.<\/div>\n<div><\/div>\n<div>O \u00c1guia 33 est\u00e1 no Rio Grande do Sul desde o \u00faltimo s\u00e1bado (4) para ajudar na remo\u00e7\u00e3o e resgate de pessoas em situa\u00e7\u00e3o de risco devido aos temporais que atingiram o estado. A aeronave funciona como uma &#8220;UTI a\u00e9rea&#8221;, j\u00e1 que possui v\u00e1rios equipamentos hospitalares e at\u00e9 itens para realiza\u00e7\u00e3o de interven\u00e7\u00f5es cir\u00fargicas.<\/div>\n<div><\/div>\n<div><b>Outros socorros<\/b><\/div>\n<div><\/div>\n<div>Ainda hoje, os policiais resgataram mais cinco pessoas que precisavam de ajuda m\u00e9dica no estado. Um homem que n\u00e3o podia se locomover por estar com uma perna machucada foi retirado do local pelo helic\u00f3ptero \u00c1guia, e uma paciente, que estava internada, foi transferida para receber atendimento em outro hospital, em Porto Alegre.<\/div>\n<div><\/div>\n<div>O major do Comando de Avia\u00e7\u00e3o da PM, Joscil\u00eanio Fernandes, estava pela regi\u00e3o quando a equipe foi chamada para o resgate de uma fam\u00edlia, em que o pai havia machucado a perna ao ajudar a retirar outras pessoas da \u00e1rea de risco. A \u00e1rea era aberta, e os policiais conseguiram retirar as quatro pessoas em seguran\u00e7a. &#8220;Ser capacitado para ajudar o pr\u00f3ximo n\u00e3o tem pre\u00e7o&#8221;, disse.<\/div>\n<div><\/div>\n<div>Em outra a\u00e7\u00e3o em que o \u00c1guia foi acionado, o helic\u00f3ptero ajudou no transporte de uma paciente que estava internada com infarto agudo do mioc\u00e1rdio. A mulher precisou receber atendimento em outra unidade e foi levada de aeronave at\u00e9 o hospital em Porto Alegre.<\/div>\n<\/div>\n<\/div>\n","protected":false},"excerpt":{"rendered":"<p>Profissionais que est\u00e3o ajudando v\u00edtimas das chuvas auxiliaram outras cinco<\/p>\n","protected":false},"author":2,"featured_media":104701,"comment_status":"open","ping_status":"open","sticky":false,"template":"","format":"standard","meta":{"footnotes":""},"categories":[24],"tags":[],"class_list":["post-104700","post","type-post","status-publish","format-standard","has-post-thumbnail","hentry","category-brasil"],"yoast_head":"<!-- This site is optimized with the Yoast SEO plugin v27.4 - https:\/\/yoast.com\/product\/yoast-seo-wordpress\/ -->\n<title>Rec\u00e9m-nascido entubado \u00e9 resgatado pelo \u00c1guia no Rio Grande do Sul - Regi\u00e3o News<\/title>\n<meta name=\"robots\" content=\"index, follow, max-snippet:-1, max-image-preview:large, max-video-preview:-1\" \/>\n<link rel=\"canonical\" href=\"https:\/\/regiaonews.net.br\/2022\/2024\/05\/08\/recem-nascido-entubado-e-resgatado-pelo-aguia-no-rio-grande-do-sul\/\" \/>\n<meta property=\"og:locale\" content=\"pt_BR\" \/>\n<meta property=\"og:type\" content=\"article\" \/>\n<meta property=\"og:title\" content=\"Rec\u00e9m-nascido entubado \u00e9 resgatado pelo \u00c1guia no Rio Grande do Sul - Regi\u00e3o News\" \/>\n<meta property=\"og:description\" content=\"Profissionais que est\u00e3o ajudando v\u00edtimas das chuvas auxiliaram outras cinco\" \/>\n<meta property=\"og:url\" content=\"https:\/\/regiaonews.net.br\/2022\/2024\/05\/08\/recem-nascido-entubado-e-resgatado-pelo-aguia-no-rio-grande-do-sul\/\" \/>\n<meta property=\"og:site_name\" content=\"Regi\u00e3o News\" \/>\n<meta property=\"article:published_time\" content=\"2024-05-08T21:58:43+00:00\" \/>\n<meta property=\"og:image\" content=\"https:\/\/regiaonews.net.br\/2022\/wp-content\/uploads\/2024\/05\/00054478.jpg\" \/>\n\t<meta property=\"og:image:width\" content=\"390\" \/>\n\t<meta property=\"og:image:height\" content=\"374\" \/>\n\t<meta property=\"og:image:type\" content=\"image\/jpeg\" \/>\n<meta name=\"author\" content=\"Roberto\" \/>\n<meta name=\"twitter:card\" content=\"summary_large_image\" \/>\n<meta name=\"twitter:label1\" content=\"Escrito por\" \/>\n\t<meta name=\"twitter:data1\" content=\"Roberto\" \/>\n\t<meta name=\"twitter:label2\" content=\"Est. tempo de leitura\" \/>\n\t<meta name=\"twitter:data2\" content=\"3 minutos\" \/>\n<script type=\"application\/ld+json\" class=\"yoast-schema-graph\">{\"@context\":\"https:\\\/\\\/schema.org\",\"@graph\":[{\"@type\":\"Article\",\"@id\":\"https:\\\/\\\/regiaonews.net.br\\\/2022\\\/2024\\\/05\\\/08\\\/recem-nascido-entubado-e-resgatado-pelo-aguia-no-rio-grande-do-sul\\\/#article\",\"isPartOf\":{\"@id\":\"https:\\\/\\\/regiaonews.net.br\\\/2022\\\/2024\\\/05\\\/08\\\/recem-nascido-entubado-e-resgatado-pelo-aguia-no-rio-grande-do-sul\\\/\"},\"author\":{\"name\":\"Roberto\",\"@id\":\"https:\\\/\\\/regiaonews.net.br\\\/2022\\\/#\\\/schema\\\/person\\\/2d205a608a5aa97ac279d7a5e6d89ad8\"},\"headline\":\"Rec\u00e9m-nascido entubado \u00e9 resgatado pelo \u00c1guia no Rio Grande do Sul\",\"datePublished\":\"2024-05-08T21:58:43+00:00\",\"mainEntityOfPage\":{\"@id\":\"https:\\\/\\\/regiaonews.net.br\\\/2022\\\/2024\\\/05\\\/08\\\/recem-nascido-entubado-e-resgatado-pelo-aguia-no-rio-grande-do-sul\\\/\"},\"wordCount\":406,\"commentCount\":0,\"publisher\":{\"@id\":\"https:\\\/\\\/regiaonews.net.br\\\/2022\\\/#organization\"},\"image\":{\"@id\":\"https:\\\/\\\/regiaonews.net.br\\\/2022\\\/2024\\\/05\\\/08\\\/recem-nascido-entubado-e-resgatado-pelo-aguia-no-rio-grande-do-sul\\\/#primaryimage\"},\"thumbnailUrl\":\"https:\\\/\\\/regiaonews.net.br\\\/2022\\\/wp-content\\\/uploads\\\/2024\\\/05\\\/00054478.jpg\",\"articleSection\":[\"Brasil\"],\"inLanguage\":\"pt-BR\",\"potentialAction\":[{\"@type\":\"CommentAction\",\"name\":\"Comment\",\"target\":[\"https:\\\/\\\/regiaonews.net.br\\\/2022\\\/2024\\\/05\\\/08\\\/recem-nascido-entubado-e-resgatado-pelo-aguia-no-rio-grande-do-sul\\\/#respond\"]}]},{\"@type\":\"WebPage\",\"@id\":\"https:\\\/\\\/regiaonews.net.br\\\/2022\\\/2024\\\/05\\\/08\\\/recem-nascido-entubado-e-resgatado-pelo-aguia-no-rio-grande-do-sul\\\/\",\"url\":\"https:\\\/\\\/regiaonews.net.br\\\/2022\\\/2024\\\/05\\\/08\\\/recem-nascido-entubado-e-resgatado-pelo-aguia-no-rio-grande-do-sul\\\/\",\"name\":\"Rec\u00e9m-nascido entubado \u00e9 resgatado pelo \u00c1guia no Rio Grande do Sul - Regi\u00e3o News\",\"isPartOf\":{\"@id\":\"https:\\\/\\\/regiaonews.net.br\\\/2022\\\/#website\"},\"primaryImageOfPage\":{\"@id\":\"https:\\\/\\\/regiaonews.net.br\\\/2022\\\/2024\\\/05\\\/08\\\/recem-nascido-entubado-e-resgatado-pelo-aguia-no-rio-grande-do-sul\\\/#primaryimage\"},\"image\":{\"@id\":\"https:\\\/\\\/regiaonews.net.br\\\/2022\\\/2024\\\/05\\\/08\\\/recem-nascido-entubado-e-resgatado-pelo-aguia-no-rio-grande-do-sul\\\/#primaryimage\"},\"thumbnailUrl\":\"https:\\\/\\\/regiaonews.net.br\\\/2022\\\/wp-content\\\/uploads\\\/2024\\\/05\\\/00054478.jpg\",\"datePublished\":\"2024-05-08T21:58:43+00:00\",\"breadcrumb\":{\"@id\":\"https:\\\/\\\/regiaonews.net.br\\\/2022\\\/2024\\\/05\\\/08\\\/recem-nascido-entubado-e-resgatado-pelo-aguia-no-rio-grande-do-sul\\\/#breadcrumb\"},\"inLanguage\":\"pt-BR\",\"potentialAction\":[{\"@type\":\"ReadAction\",\"target\":[\"https:\\\/\\\/regiaonews.net.br\\\/2022\\\/2024\\\/05\\\/08\\\/recem-nascido-entubado-e-resgatado-pelo-aguia-no-rio-grande-do-sul\\\/\"]}]},{\"@type\":\"ImageObject\",\"inLanguage\":\"pt-BR\",\"@id\":\"https:\\\/\\\/regiaonews.net.br\\\/2022\\\/2024\\\/05\\\/08\\\/recem-nascido-entubado-e-resgatado-pelo-aguia-no-rio-grande-do-sul\\\/#primaryimage\",\"url\":\"https:\\\/\\\/regiaonews.net.br\\\/2022\\\/wp-content\\\/uploads\\\/2024\\\/05\\\/00054478.jpg\",\"contentUrl\":\"https:\\\/\\\/regiaonews.net.br\\\/2022\\\/wp-content\\\/uploads\\\/2024\\\/05\\\/00054478.jpg\",\"width\":390,\"height\":374},{\"@type\":\"BreadcrumbList\",\"@id\":\"https:\\\/\\\/regiaonews.net.br\\\/2022\\\/2024\\\/05\\\/08\\\/recem-nascido-entubado-e-resgatado-pelo-aguia-no-rio-grande-do-sul\\\/#breadcrumb\",\"itemListElement\":[{\"@type\":\"ListItem\",\"position\":1,\"name\":\"In\u00edcio\",\"item\":\"https:\\\/\\\/regiaonews.net.br\\\/2022\\\/\"},{\"@type\":\"ListItem\",\"position\":2,\"name\":\"Rec\u00e9m-nascido entubado \u00e9 resgatado pelo \u00c1guia no Rio Grande do Sul\"}]},{\"@type\":\"WebSite\",\"@id\":\"https:\\\/\\\/regiaonews.net.br\\\/2022\\\/#website\",\"url\":\"https:\\\/\\\/regiaonews.net.br\\\/2022\\\/\",\"name\":\"Regi\u00e3o News\",\"description\":\"Site de Not\u00edcias de Barretos e regi\u00e3o\",\"publisher\":{\"@id\":\"https:\\\/\\\/regiaonews.net.br\\\/2022\\\/#organization\"},\"potentialAction\":[{\"@type\":\"SearchAction\",\"target\":{\"@type\":\"EntryPoint\",\"urlTemplate\":\"https:\\\/\\\/regiaonews.net.br\\\/2022\\\/?s={search_term_string}\"},\"query-input\":{\"@type\":\"PropertyValueSpecification\",\"valueRequired\":true,\"valueName\":\"search_term_string\"}}],\"inLanguage\":\"pt-BR\"},{\"@type\":\"Organization\",\"@id\":\"https:\\\/\\\/regiaonews.net.br\\\/2022\\\/#organization\",\"name\":\"Regi\u00e3o News\",\"url\":\"https:\\\/\\\/regiaonews.net.br\\\/2022\\\/\",\"logo\":{\"@type\":\"ImageObject\",\"inLanguage\":\"pt-BR\",\"@id\":\"https:\\\/\\\/regiaonews.net.br\\\/2022\\\/#\\\/schema\\\/logo\\\/image\\\/\",\"url\":\"https:\\\/\\\/regiaonews.net.br\\\/2022\\\/wp-content\\\/uploads\\\/2026\\\/03\\\/regiao-13-anos-scaled.jpg\",\"contentUrl\":\"https:\\\/\\\/regiaonews.net.br\\\/2022\\\/wp-content\\\/uploads\\\/2026\\\/03\\\/regiao-13-anos-scaled.jpg\",\"width\":2560,\"height\":635,\"caption\":\"Regi\u00e3o News\"},\"image\":{\"@id\":\"https:\\\/\\\/regiaonews.net.br\\\/2022\\\/#\\\/schema\\\/logo\\\/image\\\/\"}},{\"@type\":\"Person\",\"@id\":\"https:\\\/\\\/regiaonews.net.br\\\/2022\\\/#\\\/schema\\\/person\\\/2d205a608a5aa97ac279d7a5e6d89ad8\",\"name\":\"Roberto\",\"image\":{\"@type\":\"ImageObject\",\"inLanguage\":\"pt-BR\",\"@id\":\"https:\\\/\\\/secure.gravatar.com\\\/avatar\\\/42749d8b712ff9d59ca93dc150494e5b55a44134482993f5baeb97e61b7ecc89?s=96&d=mm&r=g\",\"url\":\"https:\\\/\\\/secure.gravatar.com\\\/avatar\\\/42749d8b712ff9d59ca93dc150494e5b55a44134482993f5baeb97e61b7ecc89?s=96&d=mm&r=g\",\"contentUrl\":\"https:\\\/\\\/secure.gravatar.com\\\/avatar\\\/42749d8b712ff9d59ca93dc150494e5b55a44134482993f5baeb97e61b7ecc89?s=96&d=mm&r=g\",\"caption\":\"Roberto\"},\"url\":\"https:\\\/\\\/regiaonews.net.br\\\/2022\\\/author\\\/roberto\\\/\"}]}<\/script>\n<!-- \/ Yoast SEO plugin. -->","yoast_head_json":{"title":"Rec\u00e9m-nascido entubado \u00e9 resgatado pelo \u00c1guia no Rio Grande do Sul - Regi\u00e3o News","robots":{"index":"index","follow":"follow","max-snippet":"max-snippet:-1","max-image-preview":"max-image-preview:large","max-video-preview":"max-video-preview:-1"},"canonical":"https:\/\/regiaonews.net.br\/2022\/2024\/05\/08\/recem-nascido-entubado-e-resgatado-pelo-aguia-no-rio-grande-do-sul\/","og_locale":"pt_BR","og_type":"article","og_title":"Rec\u00e9m-nascido entubado \u00e9 resgatado pelo \u00c1guia no Rio Grande do Sul - Regi\u00e3o News","og_description":"Profissionais que est\u00e3o ajudando v\u00edtimas das chuvas auxiliaram outras cinco","og_url":"https:\/\/regiaonews.net.br\/2022\/2024\/05\/08\/recem-nascido-entubado-e-resgatado-pelo-aguia-no-rio-grande-do-sul\/","og_site_name":"Regi\u00e3o News","article_published_time":"2024-05-08T21:58:43+00:00","og_image":[{"width":390,"height":374,"url":"https:\/\/regiaonews.net.br\/2022\/wp-content\/uploads\/2024\/05\/00054478.jpg","type":"image\/jpeg"}],"author":"Roberto","twitter_card":"summary_large_image","twitter_misc":{"Escrito por":"Roberto","Est. tempo de leitura":"3 minutos"},"schema":{"@context":"https:\/\/schema.org","@graph":[{"@type":"Article","@id":"https:\/\/regiaonews.net.br\/2022\/2024\/05\/08\/recem-nascido-entubado-e-resgatado-pelo-aguia-no-rio-grande-do-sul\/#article","isPartOf":{"@id":"https:\/\/regiaonews.net.br\/2022\/2024\/05\/08\/recem-nascido-entubado-e-resgatado-pelo-aguia-no-rio-grande-do-sul\/"},"author":{"name":"Roberto","@id":"https:\/\/regiaonews.net.br\/2022\/#\/schema\/person\/2d205a608a5aa97ac279d7a5e6d89ad8"},"headline":"Rec\u00e9m-nascido entubado \u00e9 resgatado pelo \u00c1guia no Rio Grande do Sul","datePublished":"2024-05-08T21:58:43+00:00","mainEntityOfPage":{"@id":"https:\/\/regiaonews.net.br\/2022\/2024\/05\/08\/recem-nascido-entubado-e-resgatado-pelo-aguia-no-rio-grande-do-sul\/"},"wordCount":406,"commentCount":0,"publisher":{"@id":"https:\/\/regiaonews.net.br\/2022\/#organization"},"image":{"@id":"https:\/\/regiaonews.net.br\/2022\/2024\/05\/08\/recem-nascido-entubado-e-resgatado-pelo-aguia-no-rio-grande-do-sul\/#primaryimage"},"thumbnailUrl":"https:\/\/regiaonews.net.br\/2022\/wp-content\/uploads\/2024\/05\/00054478.jpg","articleSection":["Brasil"],"inLanguage":"pt-BR","potentialAction":[{"@type":"CommentAction","name":"Comment","target":["https:\/\/regiaonews.net.br\/2022\/2024\/05\/08\/recem-nascido-entubado-e-resgatado-pelo-aguia-no-rio-grande-do-sul\/#respond"]}]},{"@type":"WebPage","@id":"https:\/\/regiaonews.net.br\/2022\/2024\/05\/08\/recem-nascido-entubado-e-resgatado-pelo-aguia-no-rio-grande-do-sul\/","url":"https:\/\/regiaonews.net.br\/2022\/2024\/05\/08\/recem-nascido-entubado-e-resgatado-pelo-aguia-no-rio-grande-do-sul\/","name":"Rec\u00e9m-nascido entubado \u00e9 resgatado pelo \u00c1guia no Rio Grande do Sul - Regi\u00e3o News","isPartOf":{"@id":"https:\/\/regiaonews.net.br\/2022\/#website"},"primaryImageOfPage":{"@id":"https:\/\/regiaonews.net.br\/2022\/2024\/05\/08\/recem-nascido-entubado-e-resgatado-pelo-aguia-no-rio-grande-do-sul\/#primaryimage"},"image":{"@id":"https:\/\/regiaonews.net.br\/2022\/2024\/05\/08\/recem-nascido-entubado-e-resgatado-pelo-aguia-no-rio-grande-do-sul\/#primaryimage"},"thumbnailUrl":"https:\/\/regiaonews.net.br\/2022\/wp-content\/uploads\/2024\/05\/00054478.jpg","datePublished":"2024-05-08T21:58:43+00:00","breadcrumb":{"@id":"https:\/\/regiaonews.net.br\/2022\/2024\/05\/08\/recem-nascido-entubado-e-resgatado-pelo-aguia-no-rio-grande-do-sul\/#breadcrumb"},"inLanguage":"pt-BR","potentialAction":[{"@type":"ReadAction","target":["https:\/\/regiaonews.net.br\/2022\/2024\/05\/08\/recem-nascido-entubado-e-resgatado-pelo-aguia-no-rio-grande-do-sul\/"]}]},{"@type":"ImageObject","inLanguage":"pt-BR","@id":"https:\/\/regiaonews.net.br\/2022\/2024\/05\/08\/recem-nascido-entubado-e-resgatado-pelo-aguia-no-rio-grande-do-sul\/#primaryimage","url":"https:\/\/regiaonews.net.br\/2022\/wp-content\/uploads\/2024\/05\/00054478.jpg","contentUrl":"https:\/\/regiaonews.net.br\/2022\/wp-content\/uploads\/2024\/05\/00054478.jpg","width":390,"height":374},{"@type":"BreadcrumbList","@id":"https:\/\/regiaonews.net.br\/2022\/2024\/05\/08\/recem-nascido-entubado-e-resgatado-pelo-aguia-no-rio-grande-do-sul\/#breadcrumb","itemListElement":[{"@type":"ListItem","position":1,"name":"In\u00edcio","item":"https:\/\/regiaonews.net.br\/2022\/"},{"@type":"ListItem","position":2,"name":"Rec\u00e9m-nascido entubado \u00e9 resgatado pelo \u00c1guia no Rio Grande do Sul"}]},{"@type":"WebSite","@id":"https:\/\/regiaonews.net.br\/2022\/#website","url":"https:\/\/regiaonews.net.br\/2022\/","name":"Regi\u00e3o News","description":"Site de Not\u00edcias de Barretos e regi\u00e3o","publisher":{"@id":"https:\/\/regiaonews.net.br\/2022\/#organization"},"potentialAction":[{"@type":"SearchAction","target":{"@type":"EntryPoint","urlTemplate":"https:\/\/regiaonews.net.br\/2022\/?s={search_term_string}"},"query-input":{"@type":"PropertyValueSpecification","valueRequired":true,"valueName":"search_term_string"}}],"inLanguage":"pt-BR"},{"@type":"Organization","@id":"https:\/\/regiaonews.net.br\/2022\/#organization","name":"Regi\u00e3o News","url":"https:\/\/regiaonews.net.br\/2022\/","logo":{"@type":"ImageObject","inLanguage":"pt-BR","@id":"https:\/\/regiaonews.net.br\/2022\/#\/schema\/logo\/image\/","url":"https:\/\/regiaonews.net.br\/2022\/wp-content\/uploads\/2026\/03\/regiao-13-anos-scaled.jpg","contentUrl":"https:\/\/regiaonews.net.br\/2022\/wp-content\/uploads\/2026\/03\/regiao-13-anos-scaled.jpg","width":2560,"height":635,"caption":"Regi\u00e3o News"},"image":{"@id":"https:\/\/regiaonews.net.br\/2022\/#\/schema\/logo\/image\/"}},{"@type":"Person","@id":"https:\/\/regiaonews.net.br\/2022\/#\/schema\/person\/2d205a608a5aa97ac279d7a5e6d89ad8","name":"Roberto","image":{"@type":"ImageObject","inLanguage":"pt-BR","@id":"https:\/\/secure.gravatar.com\/avatar\/42749d8b712ff9d59ca93dc150494e5b55a44134482993f5baeb97e61b7ecc89?s=96&d=mm&r=g","url":"https:\/\/secure.gravatar.com\/avatar\/42749d8b712ff9d59ca93dc150494e5b55a44134482993f5baeb97e61b7ecc89?s=96&d=mm&r=g","contentUrl":"https:\/\/secure.gravatar.com\/avatar\/42749d8b712ff9d59ca93dc150494e5b55a44134482993f5baeb97e61b7ecc89?s=96&d=mm&r=g","caption":"Roberto"},"url":"https:\/\/regiaonews.net.br\/2022\/author\/roberto\/"}]}},"publishpress_future_action":{"enabled":false,"date":"2026-05-03 02:12:04","action":"change-status","newStatus":"draft","terms":[],"taxonomy":"category","extraData":[]},"publishpress_future_workflow_manual_trigger":{"enabledWorkflows":[]},"_links":{"self":[{"href":"https:\/\/regiaonews.net.br\/2022\/wp-json\/wp\/v2\/posts\/104700","targetHints":{"allow":["GET"]}}],"collection":[{"href":"https:\/\/regiaonews.net.br\/2022\/wp-json\/wp\/v2\/posts"}],"about":[{"href":"https:\/\/regiaonews.net.br\/2022\/wp-json\/wp\/v2\/types\/post"}],"author":[{"embeddable":true,"href":"https:\/\/regiaonews.net.br\/2022\/wp-json\/wp\/v2\/users\/2"}],"replies":[{"embeddable":true,"href":"https:\/\/regiaonews.net.br\/2022\/wp-json\/wp\/v2\/comments?post=104700"}],"version-history":[{"count":1,"href":"https:\/\/regiaonews.net.br\/2022\/wp-json\/wp\/v2\/posts\/104700\/revisions"}],"predecessor-version":[{"id":104702,"href":"https:\/\/regiaonews.net.br\/2022\/wp-json\/wp\/v2\/posts\/104700\/revisions\/104702"}],"wp:featuredmedia":[{"embeddable":true,"href":"https:\/\/regiaonews.net.br\/2022\/wp-json\/wp\/v2\/media\/104701"}],"wp:attachment":[{"href":"https:\/\/regiaonews.net.br\/2022\/wp-json\/wp\/v2\/media?parent=104700"}],"wp:term":[{"taxonomy":"category","embeddable":true,"href":"https:\/\/regiaonews.net.br\/2022\/wp-json\/wp\/v2\/categories?post=104700"},{"taxonomy":"post_tag","embeddable":true,"href":"https:\/\/regiaonews.net.br\/2022\/wp-json\/wp\/v2\/tags?post=104700"}],"curies":[{"name":"wp","href":"https:\/\/api.w.org\/{rel}","templated":true}]}}