{"id":104682,"date":"2024-05-08T16:30:12","date_gmt":"2024-05-08T19:30:12","guid":{"rendered":"https:\/\/regiaonews.net.br\/2022\/?p=104682"},"modified":"2024-05-08T16:30:12","modified_gmt":"2024-05-08T19:30:12","slug":"hoje-e-ultimo-dia-para-regularizar-ou-transferir-titulo-de-eleitor","status":"publish","type":"post","link":"https:\/\/regiaonews.net.br\/2022\/2024\/05\/08\/hoje-e-ultimo-dia-para-regularizar-ou-transferir-titulo-de-eleitor\/","title":{"rendered":"Hoje \u00e9 \u00faltimo dia para regularizar ou transferir t\u00edtulo de eleitor"},"content":{"rendered":"<div class=\"row\">\n<h3 class=\"col-10 offset-1 animated fadeInDown dealy-900 display-8 display-md-8 alt-font font-italic my-1 text-center\" style=\"text-align: center;\">Podem votar jovens que teham completados 16 anos at\u00e9 16 de outubro<\/h3>\n<p>Esta quarta-feira (8) \u00e9 o \u00faltimo dia para regularizar a situa\u00e7\u00e3o do t\u00edtulo de eleitor ou tirar o documento pela primeira vez a tempo de votar nas elei\u00e7\u00f5es municipais de outubro. Encerrado o prazo, o cadastro eleitoral \u00e9 fechado, sendo reaberto somente depois do pleito.<img decoding=\"async\" src=\"https:\/\/agenciabrasil.ebc.com.br\/ebc.png?id=1593955&amp;o=node\" \/><img decoding=\"async\" src=\"https:\/\/agenciabrasil.ebc.com.br\/ebc.gif?id=1593955&amp;o=node\" \/><\/p>\n<p>Est\u00e3o aptos a votar nas elei\u00e7\u00f5es deste ano todos que tenham completado 16 anos at\u00e9 6 de outubro, data do primeiro turno. Segundo a Justi\u00e7a Eleitoral, isso equivale a mais de 152 milh\u00f5es de brasileiros. Eventual segundo turno, em cidades com mais de 200 mil habitantes, est\u00e1 marcado para 27 de outubro.<\/p>\n<p>Encerra-se nesta quarta tamb\u00e9m o prazo para a transfer\u00eancia do domic\u00edlio eleitoral, caso o eleitor tenha mudado de endere\u00e7o, indo morar em outro munic\u00edpio, por exemplo. Vale lembrar que, neste ano, devido ao car\u00e1ter local das elei\u00e7\u00f5es, n\u00e3o h\u00e1 possibilidade de voto em tr\u00e2nsito.<\/p>\n<p>Quem precisa cadastrar a biometria junto \u00e0 Justi\u00e7a Eleitoral tamb\u00e9m tem nesta quarta a \u00faltima oportunidade para realizar o procedimento. \u00c9 poss\u00edvel ainda somente atualizar informa\u00e7\u00f5es cadastrais, se necess\u00e1rio.<\/p>\n<p>A data final de 8 de maio para altera\u00e7\u00f5es nos t\u00edtulos eleitorais est\u00e1 prevista na Lei das Elei\u00e7\u00f5es, que determina o fechamento do cadastro eleitoral 150 dias antes da data de vota\u00e7\u00e3o. O acesso ao sistema somente dever\u00e1 voltar em 5 de novembro.<\/p>\n<p>Neste ano, os eleitores v\u00e3o votar para os cargos de prefeito, vice-prefeito e vereador.<\/p>\n<h2>Primeiro t\u00edtulo e biometria<\/h2>\n<p>Quem vai tirar o seu primeiro t\u00edtulo de eleitor precisa necessariamente comparecer a um cart\u00f3rio eleitoral para se alistar. Qualquer pessoa que tenha 16 anos na data da vota\u00e7\u00e3o pode solicitar o documento que a qualifica a votar.<\/p>\n<p>Tamb\u00e9m precisam comparecer ao cart\u00f3rio eleitoral mais pr\u00f3ximo os eleitores que ainda n\u00e3o possuem o cadastro de biometria.<\/p>\n<p>\u00c9 necess\u00e1rio levar um documento de identifica\u00e7\u00e3o, preferencialmente com foto, que pode ser o registro geral (RG) ou a Carteira Nacional de Habilita\u00e7\u00e3o (CNH), por exemplo. S\u00e3o aceitas certid\u00e3o de nascimento ou de casamento.<\/p>\n<p>Podem ser solicitados comprovantes de resid\u00eancia. No caso de homens que solicitam o primeiro t\u00edtulo no ano em que completam 19 anos, \u00e9 preciso apresentar certificado de quita\u00e7\u00e3o militar.<\/p>\n<p>De acordo com a Constitui\u00e7\u00e3o, o alistamento e o voto s\u00e3o obrigat\u00f3rios a partir dos 18 anos de idade, e facultativos aos jovens de 16 e 17 anos, aos maiores de 70 anos e \u00e0s pessoas analfabetas.<\/p>\n<h2>Transfer\u00eancia de domic\u00edlio<\/h2>\n<p>Para a transfer\u00eancia de domic\u00edlio eleitoral, \u00e9 necess\u00e1rio comprovar v\u00ednculo com a localidade em que o eleitor pretende votar. \u201cOs v\u00ednculos podem ser residencial, afetivo, familiar, profissional, comunit\u00e1rio ou de outra natureza que justifique a escolha da localidade\u201d, informa a Justi\u00e7a Eleitoral.<\/p>\n<p>O procedimento, nesse caso, pode ser feito pela internet, por meio da plataforma T\u00edtulo Net.<\/p>\n<p>Para requerer a transfer\u00eancia, \u00e9 necess\u00e1rio que o eleitor resida h\u00e1 pelo menos tr\u00eas meses no novo munic\u00edpio e j\u00e1 tenha transcorrido, no m\u00ednimo, um ano da data do alistamento eleitoral ou da \u00faltima transfer\u00eancia do t\u00edtulo &#8211; est\u00e3o isentos dessa condi\u00e7\u00e3o os servidores civis e militares, bem como seus familiares, que tenham se mudado em fun\u00e7\u00e3o de transfer\u00eancia ou remo\u00e7\u00e3o.<\/p>\n<\/div>\n","protected":false},"excerpt":{"rendered":"<p>Podem votar jovens que teham completados 16 anos at\u00e9 16<\/p>\n","protected":false},"author":2,"featured_media":104683,"comment_status":"open","ping_status":"open","sticky":false,"template":"","format":"standard","meta":{"footnotes":""},"categories":[24,3],"tags":[],"class_list":["post-104682","post","type-post","status-publish","format-standard","has-post-thumbnail","hentry","category-brasil","category-geral"],"yoast_head":"<!-- This site is optimized with the Yoast SEO plugin v27.4 - https:\/\/yoast.com\/product\/yoast-seo-wordpress\/ -->\n<title>Hoje \u00e9 \u00faltimo dia para regularizar ou transferir t\u00edtulo de eleitor - Regi\u00e3o News<\/title>\n<meta name=\"robots\" content=\"index, follow, max-snippet:-1, max-image-preview:large, max-video-preview:-1\" \/>\n<link rel=\"canonical\" href=\"https:\/\/regiaonews.net.br\/2022\/2024\/05\/08\/hoje-e-ultimo-dia-para-regularizar-ou-transferir-titulo-de-eleitor\/\" \/>\n<meta property=\"og:locale\" content=\"pt_BR\" \/>\n<meta property=\"og:type\" content=\"article\" \/>\n<meta property=\"og:title\" content=\"Hoje \u00e9 \u00faltimo dia para regularizar ou transferir t\u00edtulo de eleitor - Regi\u00e3o News\" \/>\n<meta property=\"og:description\" content=\"Podem votar jovens que teham completados 16 anos at\u00e9 16\" \/>\n<meta property=\"og:url\" content=\"https:\/\/regiaonews.net.br\/2022\/2024\/05\/08\/hoje-e-ultimo-dia-para-regularizar-ou-transferir-titulo-de-eleitor\/\" \/>\n<meta property=\"og:site_name\" content=\"Regi\u00e3o News\" \/>\n<meta property=\"article:published_time\" content=\"2024-05-08T19:30:12+00:00\" \/>\n<meta property=\"og:image\" content=\"https:\/\/regiaonews.net.br\/2022\/wp-content\/uploads\/2024\/05\/titulo_de_eleitor.webp\" \/>\n\t<meta property=\"og:image:width\" content=\"1170\" \/>\n\t<meta property=\"og:image:height\" content=\"700\" \/>\n\t<meta property=\"og:image:type\" content=\"image\/webp\" \/>\n<meta name=\"author\" content=\"Roberto\" \/>\n<meta name=\"twitter:card\" content=\"summary_large_image\" \/>\n<meta name=\"twitter:label1\" content=\"Escrito por\" \/>\n\t<meta name=\"twitter:data1\" content=\"Roberto\" \/>\n\t<meta name=\"twitter:label2\" content=\"Est. tempo de leitura\" \/>\n\t<meta name=\"twitter:data2\" content=\"4 minutos\" \/>\n<script type=\"application\/ld+json\" class=\"yoast-schema-graph\">{\"@context\":\"https:\\\/\\\/schema.org\",\"@graph\":[{\"@type\":\"Article\",\"@id\":\"https:\\\/\\\/regiaonews.net.br\\\/2022\\\/2024\\\/05\\\/08\\\/hoje-e-ultimo-dia-para-regularizar-ou-transferir-titulo-de-eleitor\\\/#article\",\"isPartOf\":{\"@id\":\"https:\\\/\\\/regiaonews.net.br\\\/2022\\\/2024\\\/05\\\/08\\\/hoje-e-ultimo-dia-para-regularizar-ou-transferir-titulo-de-eleitor\\\/\"},\"author\":{\"name\":\"Roberto\",\"@id\":\"https:\\\/\\\/regiaonews.net.br\\\/2022\\\/#\\\/schema\\\/person\\\/2d205a608a5aa97ac279d7a5e6d89ad8\"},\"headline\":\"Hoje \u00e9 \u00faltimo dia para regularizar ou transferir t\u00edtulo de eleitor\",\"datePublished\":\"2024-05-08T19:30:12+00:00\",\"mainEntityOfPage\":{\"@id\":\"https:\\\/\\\/regiaonews.net.br\\\/2022\\\/2024\\\/05\\\/08\\\/hoje-e-ultimo-dia-para-regularizar-ou-transferir-titulo-de-eleitor\\\/\"},\"wordCount\":573,\"commentCount\":0,\"publisher\":{\"@id\":\"https:\\\/\\\/regiaonews.net.br\\\/2022\\\/#organization\"},\"image\":{\"@id\":\"https:\\\/\\\/regiaonews.net.br\\\/2022\\\/2024\\\/05\\\/08\\\/hoje-e-ultimo-dia-para-regularizar-ou-transferir-titulo-de-eleitor\\\/#primaryimage\"},\"thumbnailUrl\":\"https:\\\/\\\/regiaonews.net.br\\\/2022\\\/wp-content\\\/uploads\\\/2024\\\/05\\\/titulo_de_eleitor.webp\",\"articleSection\":[\"Brasil\",\"Geral\"],\"inLanguage\":\"pt-BR\",\"potentialAction\":[{\"@type\":\"CommentAction\",\"name\":\"Comment\",\"target\":[\"https:\\\/\\\/regiaonews.net.br\\\/2022\\\/2024\\\/05\\\/08\\\/hoje-e-ultimo-dia-para-regularizar-ou-transferir-titulo-de-eleitor\\\/#respond\"]}]},{\"@type\":\"WebPage\",\"@id\":\"https:\\\/\\\/regiaonews.net.br\\\/2022\\\/2024\\\/05\\\/08\\\/hoje-e-ultimo-dia-para-regularizar-ou-transferir-titulo-de-eleitor\\\/\",\"url\":\"https:\\\/\\\/regiaonews.net.br\\\/2022\\\/2024\\\/05\\\/08\\\/hoje-e-ultimo-dia-para-regularizar-ou-transferir-titulo-de-eleitor\\\/\",\"name\":\"Hoje \u00e9 \u00faltimo dia para regularizar ou transferir t\u00edtulo de eleitor - Regi\u00e3o News\",\"isPartOf\":{\"@id\":\"https:\\\/\\\/regiaonews.net.br\\\/2022\\\/#website\"},\"primaryImageOfPage\":{\"@id\":\"https:\\\/\\\/regiaonews.net.br\\\/2022\\\/2024\\\/05\\\/08\\\/hoje-e-ultimo-dia-para-regularizar-ou-transferir-titulo-de-eleitor\\\/#primaryimage\"},\"image\":{\"@id\":\"https:\\\/\\\/regiaonews.net.br\\\/2022\\\/2024\\\/05\\\/08\\\/hoje-e-ultimo-dia-para-regularizar-ou-transferir-titulo-de-eleitor\\\/#primaryimage\"},\"thumbnailUrl\":\"https:\\\/\\\/regiaonews.net.br\\\/2022\\\/wp-content\\\/uploads\\\/2024\\\/05\\\/titulo_de_eleitor.webp\",\"datePublished\":\"2024-05-08T19:30:12+00:00\",\"breadcrumb\":{\"@id\":\"https:\\\/\\\/regiaonews.net.br\\\/2022\\\/2024\\\/05\\\/08\\\/hoje-e-ultimo-dia-para-regularizar-ou-transferir-titulo-de-eleitor\\\/#breadcrumb\"},\"inLanguage\":\"pt-BR\",\"potentialAction\":[{\"@type\":\"ReadAction\",\"target\":[\"https:\\\/\\\/regiaonews.net.br\\\/2022\\\/2024\\\/05\\\/08\\\/hoje-e-ultimo-dia-para-regularizar-ou-transferir-titulo-de-eleitor\\\/\"]}]},{\"@type\":\"ImageObject\",\"inLanguage\":\"pt-BR\",\"@id\":\"https:\\\/\\\/regiaonews.net.br\\\/2022\\\/2024\\\/05\\\/08\\\/hoje-e-ultimo-dia-para-regularizar-ou-transferir-titulo-de-eleitor\\\/#primaryimage\",\"url\":\"https:\\\/\\\/regiaonews.net.br\\\/2022\\\/wp-content\\\/uploads\\\/2024\\\/05\\\/titulo_de_eleitor.webp\",\"contentUrl\":\"https:\\\/\\\/regiaonews.net.br\\\/2022\\\/wp-content\\\/uploads\\\/2024\\\/05\\\/titulo_de_eleitor.webp\",\"width\":1170,\"height\":700},{\"@type\":\"BreadcrumbList\",\"@id\":\"https:\\\/\\\/regiaonews.net.br\\\/2022\\\/2024\\\/05\\\/08\\\/hoje-e-ultimo-dia-para-regularizar-ou-transferir-titulo-de-eleitor\\\/#breadcrumb\",\"itemListElement\":[{\"@type\":\"ListItem\",\"position\":1,\"name\":\"In\u00edcio\",\"item\":\"https:\\\/\\\/regiaonews.net.br\\\/2022\\\/\"},{\"@type\":\"ListItem\",\"position\":2,\"name\":\"Hoje \u00e9 \u00faltimo dia para regularizar ou transferir t\u00edtulo de eleitor\"}]},{\"@type\":\"WebSite\",\"@id\":\"https:\\\/\\\/regiaonews.net.br\\\/2022\\\/#website\",\"url\":\"https:\\\/\\\/regiaonews.net.br\\\/2022\\\/\",\"name\":\"Regi\u00e3o News\",\"description\":\"Site de Not\u00edcias de Barretos e regi\u00e3o\",\"publisher\":{\"@id\":\"https:\\\/\\\/regiaonews.net.br\\\/2022\\\/#organization\"},\"potentialAction\":[{\"@type\":\"SearchAction\",\"target\":{\"@type\":\"EntryPoint\",\"urlTemplate\":\"https:\\\/\\\/regiaonews.net.br\\\/2022\\\/?s={search_term_string}\"},\"query-input\":{\"@type\":\"PropertyValueSpecification\",\"valueRequired\":true,\"valueName\":\"search_term_string\"}}],\"inLanguage\":\"pt-BR\"},{\"@type\":\"Organization\",\"@id\":\"https:\\\/\\\/regiaonews.net.br\\\/2022\\\/#organization\",\"name\":\"Regi\u00e3o News\",\"url\":\"https:\\\/\\\/regiaonews.net.br\\\/2022\\\/\",\"logo\":{\"@type\":\"ImageObject\",\"inLanguage\":\"pt-BR\",\"@id\":\"https:\\\/\\\/regiaonews.net.br\\\/2022\\\/#\\\/schema\\\/logo\\\/image\\\/\",\"url\":\"https:\\\/\\\/regiaonews.net.br\\\/2022\\\/wp-content\\\/uploads\\\/2026\\\/03\\\/regiao-13-anos-scaled.jpg\",\"contentUrl\":\"https:\\\/\\\/regiaonews.net.br\\\/2022\\\/wp-content\\\/uploads\\\/2026\\\/03\\\/regiao-13-anos-scaled.jpg\",\"width\":2560,\"height\":635,\"caption\":\"Regi\u00e3o News\"},\"image\":{\"@id\":\"https:\\\/\\\/regiaonews.net.br\\\/2022\\\/#\\\/schema\\\/logo\\\/image\\\/\"}},{\"@type\":\"Person\",\"@id\":\"https:\\\/\\\/regiaonews.net.br\\\/2022\\\/#\\\/schema\\\/person\\\/2d205a608a5aa97ac279d7a5e6d89ad8\",\"name\":\"Roberto\",\"image\":{\"@type\":\"ImageObject\",\"inLanguage\":\"pt-BR\",\"@id\":\"https:\\\/\\\/secure.gravatar.com\\\/avatar\\\/42749d8b712ff9d59ca93dc150494e5b55a44134482993f5baeb97e61b7ecc89?s=96&d=mm&r=g\",\"url\":\"https:\\\/\\\/secure.gravatar.com\\\/avatar\\\/42749d8b712ff9d59ca93dc150494e5b55a44134482993f5baeb97e61b7ecc89?s=96&d=mm&r=g\",\"contentUrl\":\"https:\\\/\\\/secure.gravatar.com\\\/avatar\\\/42749d8b712ff9d59ca93dc150494e5b55a44134482993f5baeb97e61b7ecc89?s=96&d=mm&r=g\",\"caption\":\"Roberto\"},\"url\":\"https:\\\/\\\/regiaonews.net.br\\\/2022\\\/author\\\/roberto\\\/\"}]}<\/script>\n<!-- \/ Yoast SEO plugin. -->","yoast_head_json":{"title":"Hoje \u00e9 \u00faltimo dia para regularizar ou transferir t\u00edtulo de eleitor - Regi\u00e3o News","robots":{"index":"index","follow":"follow","max-snippet":"max-snippet:-1","max-image-preview":"max-image-preview:large","max-video-preview":"max-video-preview:-1"},"canonical":"https:\/\/regiaonews.net.br\/2022\/2024\/05\/08\/hoje-e-ultimo-dia-para-regularizar-ou-transferir-titulo-de-eleitor\/","og_locale":"pt_BR","og_type":"article","og_title":"Hoje \u00e9 \u00faltimo dia para regularizar ou transferir t\u00edtulo de eleitor - Regi\u00e3o News","og_description":"Podem votar jovens que teham completados 16 anos at\u00e9 16","og_url":"https:\/\/regiaonews.net.br\/2022\/2024\/05\/08\/hoje-e-ultimo-dia-para-regularizar-ou-transferir-titulo-de-eleitor\/","og_site_name":"Regi\u00e3o News","article_published_time":"2024-05-08T19:30:12+00:00","og_image":[{"width":1170,"height":700,"url":"https:\/\/regiaonews.net.br\/2022\/wp-content\/uploads\/2024\/05\/titulo_de_eleitor.webp","type":"image\/webp"}],"author":"Roberto","twitter_card":"summary_large_image","twitter_misc":{"Escrito por":"Roberto","Est. tempo de leitura":"4 minutos"},"schema":{"@context":"https:\/\/schema.org","@graph":[{"@type":"Article","@id":"https:\/\/regiaonews.net.br\/2022\/2024\/05\/08\/hoje-e-ultimo-dia-para-regularizar-ou-transferir-titulo-de-eleitor\/#article","isPartOf":{"@id":"https:\/\/regiaonews.net.br\/2022\/2024\/05\/08\/hoje-e-ultimo-dia-para-regularizar-ou-transferir-titulo-de-eleitor\/"},"author":{"name":"Roberto","@id":"https:\/\/regiaonews.net.br\/2022\/#\/schema\/person\/2d205a608a5aa97ac279d7a5e6d89ad8"},"headline":"Hoje \u00e9 \u00faltimo dia para regularizar ou transferir t\u00edtulo de eleitor","datePublished":"2024-05-08T19:30:12+00:00","mainEntityOfPage":{"@id":"https:\/\/regiaonews.net.br\/2022\/2024\/05\/08\/hoje-e-ultimo-dia-para-regularizar-ou-transferir-titulo-de-eleitor\/"},"wordCount":573,"commentCount":0,"publisher":{"@id":"https:\/\/regiaonews.net.br\/2022\/#organization"},"image":{"@id":"https:\/\/regiaonews.net.br\/2022\/2024\/05\/08\/hoje-e-ultimo-dia-para-regularizar-ou-transferir-titulo-de-eleitor\/#primaryimage"},"thumbnailUrl":"https:\/\/regiaonews.net.br\/2022\/wp-content\/uploads\/2024\/05\/titulo_de_eleitor.webp","articleSection":["Brasil","Geral"],"inLanguage":"pt-BR","potentialAction":[{"@type":"CommentAction","name":"Comment","target":["https:\/\/regiaonews.net.br\/2022\/2024\/05\/08\/hoje-e-ultimo-dia-para-regularizar-ou-transferir-titulo-de-eleitor\/#respond"]}]},{"@type":"WebPage","@id":"https:\/\/regiaonews.net.br\/2022\/2024\/05\/08\/hoje-e-ultimo-dia-para-regularizar-ou-transferir-titulo-de-eleitor\/","url":"https:\/\/regiaonews.net.br\/2022\/2024\/05\/08\/hoje-e-ultimo-dia-para-regularizar-ou-transferir-titulo-de-eleitor\/","name":"Hoje \u00e9 \u00faltimo dia para regularizar ou transferir t\u00edtulo de eleitor - Regi\u00e3o News","isPartOf":{"@id":"https:\/\/regiaonews.net.br\/2022\/#website"},"primaryImageOfPage":{"@id":"https:\/\/regiaonews.net.br\/2022\/2024\/05\/08\/hoje-e-ultimo-dia-para-regularizar-ou-transferir-titulo-de-eleitor\/#primaryimage"},"image":{"@id":"https:\/\/regiaonews.net.br\/2022\/2024\/05\/08\/hoje-e-ultimo-dia-para-regularizar-ou-transferir-titulo-de-eleitor\/#primaryimage"},"thumbnailUrl":"https:\/\/regiaonews.net.br\/2022\/wp-content\/uploads\/2024\/05\/titulo_de_eleitor.webp","datePublished":"2024-05-08T19:30:12+00:00","breadcrumb":{"@id":"https:\/\/regiaonews.net.br\/2022\/2024\/05\/08\/hoje-e-ultimo-dia-para-regularizar-ou-transferir-titulo-de-eleitor\/#breadcrumb"},"inLanguage":"pt-BR","potentialAction":[{"@type":"ReadAction","target":["https:\/\/regiaonews.net.br\/2022\/2024\/05\/08\/hoje-e-ultimo-dia-para-regularizar-ou-transferir-titulo-de-eleitor\/"]}]},{"@type":"ImageObject","inLanguage":"pt-BR","@id":"https:\/\/regiaonews.net.br\/2022\/2024\/05\/08\/hoje-e-ultimo-dia-para-regularizar-ou-transferir-titulo-de-eleitor\/#primaryimage","url":"https:\/\/regiaonews.net.br\/2022\/wp-content\/uploads\/2024\/05\/titulo_de_eleitor.webp","contentUrl":"https:\/\/regiaonews.net.br\/2022\/wp-content\/uploads\/2024\/05\/titulo_de_eleitor.webp","width":1170,"height":700},{"@type":"BreadcrumbList","@id":"https:\/\/regiaonews.net.br\/2022\/2024\/05\/08\/hoje-e-ultimo-dia-para-regularizar-ou-transferir-titulo-de-eleitor\/#breadcrumb","itemListElement":[{"@type":"ListItem","position":1,"name":"In\u00edcio","item":"https:\/\/regiaonews.net.br\/2022\/"},{"@type":"ListItem","position":2,"name":"Hoje \u00e9 \u00faltimo dia para regularizar ou transferir t\u00edtulo de eleitor"}]},{"@type":"WebSite","@id":"https:\/\/regiaonews.net.br\/2022\/#website","url":"https:\/\/regiaonews.net.br\/2022\/","name":"Regi\u00e3o News","description":"Site de Not\u00edcias de Barretos e regi\u00e3o","publisher":{"@id":"https:\/\/regiaonews.net.br\/2022\/#organization"},"potentialAction":[{"@type":"SearchAction","target":{"@type":"EntryPoint","urlTemplate":"https:\/\/regiaonews.net.br\/2022\/?s={search_term_string}"},"query-input":{"@type":"PropertyValueSpecification","valueRequired":true,"valueName":"search_term_string"}}],"inLanguage":"pt-BR"},{"@type":"Organization","@id":"https:\/\/regiaonews.net.br\/2022\/#organization","name":"Regi\u00e3o News","url":"https:\/\/regiaonews.net.br\/2022\/","logo":{"@type":"ImageObject","inLanguage":"pt-BR","@id":"https:\/\/regiaonews.net.br\/2022\/#\/schema\/logo\/image\/","url":"https:\/\/regiaonews.net.br\/2022\/wp-content\/uploads\/2026\/03\/regiao-13-anos-scaled.jpg","contentUrl":"https:\/\/regiaonews.net.br\/2022\/wp-content\/uploads\/2026\/03\/regiao-13-anos-scaled.jpg","width":2560,"height":635,"caption":"Regi\u00e3o News"},"image":{"@id":"https:\/\/regiaonews.net.br\/2022\/#\/schema\/logo\/image\/"}},{"@type":"Person","@id":"https:\/\/regiaonews.net.br\/2022\/#\/schema\/person\/2d205a608a5aa97ac279d7a5e6d89ad8","name":"Roberto","image":{"@type":"ImageObject","inLanguage":"pt-BR","@id":"https:\/\/secure.gravatar.com\/avatar\/42749d8b712ff9d59ca93dc150494e5b55a44134482993f5baeb97e61b7ecc89?s=96&d=mm&r=g","url":"https:\/\/secure.gravatar.com\/avatar\/42749d8b712ff9d59ca93dc150494e5b55a44134482993f5baeb97e61b7ecc89?s=96&d=mm&r=g","contentUrl":"https:\/\/secure.gravatar.com\/avatar\/42749d8b712ff9d59ca93dc150494e5b55a44134482993f5baeb97e61b7ecc89?s=96&d=mm&r=g","caption":"Roberto"},"url":"https:\/\/regiaonews.net.br\/2022\/author\/roberto\/"}]}},"publishpress_future_action":{"enabled":false,"date":"2026-05-03 04:16:01","action":"change-status","newStatus":"draft","terms":[],"taxonomy":"category","extraData":[]},"publishpress_future_workflow_manual_trigger":{"enabledWorkflows":[]},"_links":{"self":[{"href":"https:\/\/regiaonews.net.br\/2022\/wp-json\/wp\/v2\/posts\/104682","targetHints":{"allow":["GET"]}}],"collection":[{"href":"https:\/\/regiaonews.net.br\/2022\/wp-json\/wp\/v2\/posts"}],"about":[{"href":"https:\/\/regiaonews.net.br\/2022\/wp-json\/wp\/v2\/types\/post"}],"author":[{"embeddable":true,"href":"https:\/\/regiaonews.net.br\/2022\/wp-json\/wp\/v2\/users\/2"}],"replies":[{"embeddable":true,"href":"https:\/\/regiaonews.net.br\/2022\/wp-json\/wp\/v2\/comments?post=104682"}],"version-history":[{"count":1,"href":"https:\/\/regiaonews.net.br\/2022\/wp-json\/wp\/v2\/posts\/104682\/revisions"}],"predecessor-version":[{"id":104684,"href":"https:\/\/regiaonews.net.br\/2022\/wp-json\/wp\/v2\/posts\/104682\/revisions\/104684"}],"wp:featuredmedia":[{"embeddable":true,"href":"https:\/\/regiaonews.net.br\/2022\/wp-json\/wp\/v2\/media\/104683"}],"wp:attachment":[{"href":"https:\/\/regiaonews.net.br\/2022\/wp-json\/wp\/v2\/media?parent=104682"}],"wp:term":[{"taxonomy":"category","embeddable":true,"href":"https:\/\/regiaonews.net.br\/2022\/wp-json\/wp\/v2\/categories?post=104682"},{"taxonomy":"post_tag","embeddable":true,"href":"https:\/\/regiaonews.net.br\/2022\/wp-json\/wp\/v2\/tags?post=104682"}],"curies":[{"name":"wp","href":"https:\/\/api.w.org\/{rel}","templated":true}]}}