{"id":104652,"date":"2024-05-07T19:13:51","date_gmt":"2024-05-07T22:13:51","guid":{"rendered":"https:\/\/regiaonews.net.br\/2022\/?p=104652"},"modified":"2024-05-07T19:13:51","modified_gmt":"2024-05-07T22:13:51","slug":"maio-laranja-alunos-da-rede-municipal-de-ensino-participam-de-formacao-sobre-combate-a-exploracao-e-abuso-sexual-infantil","status":"publish","type":"post","link":"https:\/\/regiaonews.net.br\/2022\/2024\/05\/07\/maio-laranja-alunos-da-rede-municipal-de-ensino-participam-de-formacao-sobre-combate-a-exploracao-e-abuso-sexual-infantil\/","title":{"rendered":"Maio Laranja: Alunos da Rede Municipal de Ensino participam de forma\u00e7\u00e3o sobre combate \u00e0 explora\u00e7\u00e3o e abuso sexual infantil"},"content":{"rendered":"<p>Capacita\u00e7\u00e3o tem objetivo de tornar os estudantes multiplicadores do que aprenderam sobre o tema<\/p>\n<p>A Campanha Maio Laranja, de combate \u00e0 explora\u00e7\u00e3o e abuso sexual infantil, foi lan\u00e7ada pela Prefeitura nesta segunda-feira, 6 de maio, na Casa da Juventude, com a programa\u00e7\u00e3o \u201cBarretos Faz Bonito!\u201d.<br \/>\nNo primeiro dia da a\u00e7\u00e3o, alunos dos nonos anos da E.M. Prof. Giuseppe Carn\u00edmeo e da E.M. S\u00e3o Francisco participaram de uma capacita\u00e7\u00e3o sobre o tema. Na ocasi\u00e3o, os estudantes aprenderam sobre a hist\u00f3ria da Campanha Maio Laranja, a import\u00e2ncia dessa data, o que \u00e9 abuso e explora\u00e7\u00e3o sexual, como identificar o abusador, como se prevenir e os canais de den\u00fancia existentes.<br \/>\n\u201cO objetivo dessa forma\u00e7\u00e3o \u00e9 capacitar os alunos para que multipliquem o que aprenderam para suas escolas e fam\u00edlias, tornando-se assim jovens protagonistas\u201d, contou a coordenadora pedag\u00f3gica da Secretaria Municipal de Educa\u00e7\u00e3o, Minisa Nogueira Napolitano.<br \/>\nNo pr\u00f3ximo dia 13, segunda-feira, as formadoras ir\u00e3o at\u00e9 as escolas participantes para auxiliarem os alunos na multiplica\u00e7\u00e3o da forma\u00e7\u00e3o que receberam para toda a escola.<br \/>\nConcurso de desenhos<br \/>\nOs alunos tamb\u00e9m participar\u00e3o de um concurso de desenhos relacionados ao tema e concorrer\u00e3o a pr\u00eamios. Depois da produ\u00e7\u00e3o, os trabalhos ficar\u00e3o expostos no North Shopping Barretos, onde a popula\u00e7\u00e3o poder\u00e1 participar da vota\u00e7\u00e3o entre os dias 14 e 16. No dia 17 de maio, ser\u00e3o divulgados os resultados e realizada a entrega das premia\u00e7\u00f5es.<br \/>\nConscientiza\u00e7\u00e3o<br \/>\nAt\u00e9 o dia 17, a Secretaria Municipal de Assist\u00eancia Social e Desenvolvimento Humano realizar\u00e1 uma sequ\u00eancia de a\u00e7\u00f5es na cidade, voltadas para a conscientiza\u00e7\u00e3o de crian\u00e7as, adolescentes, estudantes universit\u00e1rios, pessoas idosas e fam\u00edlias assistidas nos Centros de Refer\u00eancia em Assist\u00eancia Social (CRAS), Centro de Refer\u00eancia Especializado de Assist\u00eancia Social (CREAS) e Centro de Refer\u00eancia e Atendimento \u00e0 Mulher (CRAM).<br \/>\nO lan\u00e7amento da programa\u00e7\u00e3o foi conduzido pela secret\u00e1ria municipal de Assist\u00eancia Social e Desenvolvimento Humano, Vit\u00f3ria Saretta, e os eventos contam com a participa\u00e7\u00e3o do Conselho Tutelar, Delegacia da Mulher (DDM), Minist\u00e9rio P\u00fablico, Defensoria P\u00fablica, North Shopping Barretos, Unifeb, Conselho Municipal dos Direitos da Mulher (COMDIM), Casa da Juventude, Instituto O Amor e das Secretarias de Cultura e da Educa\u00e7\u00e3o.<\/p>\n<p>Programa\u00e7\u00e3o \u201cBarretos Faz Bonito!\u201d<br \/>\nDia 13 \u2013 Apresenta\u00e7\u00e3o dos alunos nas escolas<br \/>\nLocal: E.M. S\u00e3o Francisco e E.M. Prof. Giuseppe Carn\u00edmeo<\/p>\n<p>Dia 14 \u2013 Palestra \u201cPreven\u00e7\u00e3o contra o abuso e explora\u00e7\u00e3o de crian\u00e7as\u201d<br \/>\nLocal: Anfiteatro da Unifeb<br \/>\nP\u00fablico: Pessoas idosas do CCI e p\u00fablico em geral<br \/>\nHor\u00e1rio: 8h30<\/p>\n<p>Dia 15 &#8211; &#8220;Mesa Redonda sobre a Rede de Prote\u00e7\u00e3o Social Especial contra abuso sexual e explora\u00e7\u00e3o Infantil&#8221;<br \/>\nLocal: N\u00facleo Jur\u00eddico da Unifeb<br \/>\nP\u00fablico: alunos do Curso de Psicologia e Pedagogia<br \/>\nHor\u00e1rio: 19h30<\/p>\n<p>Dia 16 \u2013 Oficinas Multidisciplinares com a Defensoria P\u00fablica<br \/>\nLocal: Casa da Mulher<br \/>\nP\u00fablico: Servi\u00e7o de Prote\u00e7\u00e3o e Atendimento Integral \u00e0 Fam\u00edlia (PAIF)<br \/>\n8h30 e 14h &#8211; P\u00fablico: CRAS I, II, III e IV e fam\u00edlias do CRAM<\/p>\n<p>Dia 17 \u2013 Encerramento e premia\u00e7\u00e3o do Concurso de desenhos<br \/>\nLocal: Casa da Juventude<br \/>\nHor\u00e1rio: 8h<br \/>\nAberto ao p\u00fablico em geral<\/p>\n","protected":false},"excerpt":{"rendered":"<p>Capacita\u00e7\u00e3o tem objetivo de tornar os estudantes multiplicadores do que<\/p>\n","protected":false},"author":2,"featured_media":104653,"comment_status":"open","ping_status":"open","sticky":false,"template":"","format":"standard","meta":{"footnotes":""},"categories":[14,25],"tags":[],"class_list":["post-104652","post","type-post","status-publish","format-standard","has-post-thumbnail","hentry","category-barretos","category-cidades"],"yoast_head":"<!-- This site is optimized with the Yoast SEO plugin v27.4 - https:\/\/yoast.com\/product\/yoast-seo-wordpress\/ -->\n<title>Maio Laranja: Alunos da Rede Municipal de Ensino participam de forma\u00e7\u00e3o sobre combate \u00e0 explora\u00e7\u00e3o e abuso sexual infantil - Regi\u00e3o News<\/title>\n<meta name=\"robots\" content=\"index, follow, max-snippet:-1, max-image-preview:large, max-video-preview:-1\" \/>\n<link rel=\"canonical\" href=\"https:\/\/regiaonews.net.br\/2022\/2024\/05\/07\/maio-laranja-alunos-da-rede-municipal-de-ensino-participam-de-formacao-sobre-combate-a-exploracao-e-abuso-sexual-infantil\/\" \/>\n<meta property=\"og:locale\" content=\"pt_BR\" \/>\n<meta property=\"og:type\" content=\"article\" \/>\n<meta property=\"og:title\" content=\"Maio Laranja: Alunos da Rede Municipal de Ensino participam de forma\u00e7\u00e3o sobre combate \u00e0 explora\u00e7\u00e3o e abuso sexual infantil - Regi\u00e3o News\" \/>\n<meta property=\"og:description\" content=\"Capacita\u00e7\u00e3o tem objetivo de tornar os estudantes multiplicadores do que\" \/>\n<meta property=\"og:url\" content=\"https:\/\/regiaonews.net.br\/2022\/2024\/05\/07\/maio-laranja-alunos-da-rede-municipal-de-ensino-participam-de-formacao-sobre-combate-a-exploracao-e-abuso-sexual-infantil\/\" \/>\n<meta property=\"og:site_name\" content=\"Regi\u00e3o News\" \/>\n<meta property=\"article:published_time\" content=\"2024-05-07T22:13:51+00:00\" \/>\n<meta property=\"og:image\" content=\"https:\/\/regiaonews.net.br\/2022\/wp-content\/uploads\/2024\/05\/WhatsApp-Image-2024-05-07-at-16.48.33.jpeg\" \/>\n\t<meta property=\"og:image:width\" content=\"1600\" \/>\n\t<meta property=\"og:image:height\" content=\"1200\" \/>\n\t<meta property=\"og:image:type\" content=\"image\/jpeg\" \/>\n<meta name=\"author\" content=\"Roberto\" \/>\n<meta name=\"twitter:card\" content=\"summary_large_image\" \/>\n<meta name=\"twitter:label1\" content=\"Escrito por\" \/>\n\t<meta name=\"twitter:data1\" content=\"Roberto\" \/>\n\t<meta name=\"twitter:label2\" content=\"Est. tempo de leitura\" \/>\n\t<meta name=\"twitter:data2\" content=\"3 minutos\" \/>\n<script type=\"application\/ld+json\" class=\"yoast-schema-graph\">{\"@context\":\"https:\\\/\\\/schema.org\",\"@graph\":[{\"@type\":\"Article\",\"@id\":\"https:\\\/\\\/regiaonews.net.br\\\/2022\\\/2024\\\/05\\\/07\\\/maio-laranja-alunos-da-rede-municipal-de-ensino-participam-de-formacao-sobre-combate-a-exploracao-e-abuso-sexual-infantil\\\/#article\",\"isPartOf\":{\"@id\":\"https:\\\/\\\/regiaonews.net.br\\\/2022\\\/2024\\\/05\\\/07\\\/maio-laranja-alunos-da-rede-municipal-de-ensino-participam-de-formacao-sobre-combate-a-exploracao-e-abuso-sexual-infantil\\\/\"},\"author\":{\"name\":\"Roberto\",\"@id\":\"https:\\\/\\\/regiaonews.net.br\\\/2022\\\/#\\\/schema\\\/person\\\/2d205a608a5aa97ac279d7a5e6d89ad8\"},\"headline\":\"Maio Laranja: Alunos da Rede Municipal de Ensino participam de forma\u00e7\u00e3o sobre combate \u00e0 explora\u00e7\u00e3o e abuso sexual infantil\",\"datePublished\":\"2024-05-07T22:13:51+00:00\",\"mainEntityOfPage\":{\"@id\":\"https:\\\/\\\/regiaonews.net.br\\\/2022\\\/2024\\\/05\\\/07\\\/maio-laranja-alunos-da-rede-municipal-de-ensino-participam-de-formacao-sobre-combate-a-exploracao-e-abuso-sexual-infantil\\\/\"},\"wordCount\":570,\"commentCount\":0,\"publisher\":{\"@id\":\"https:\\\/\\\/regiaonews.net.br\\\/2022\\\/#organization\"},\"image\":{\"@id\":\"https:\\\/\\\/regiaonews.net.br\\\/2022\\\/2024\\\/05\\\/07\\\/maio-laranja-alunos-da-rede-municipal-de-ensino-participam-de-formacao-sobre-combate-a-exploracao-e-abuso-sexual-infantil\\\/#primaryimage\"},\"thumbnailUrl\":\"https:\\\/\\\/regiaonews.net.br\\\/2022\\\/wp-content\\\/uploads\\\/2024\\\/05\\\/WhatsApp-Image-2024-05-07-at-16.48.33.jpeg\",\"articleSection\":[\"Barretos\",\"Cidades\"],\"inLanguage\":\"pt-BR\",\"potentialAction\":[{\"@type\":\"CommentAction\",\"name\":\"Comment\",\"target\":[\"https:\\\/\\\/regiaonews.net.br\\\/2022\\\/2024\\\/05\\\/07\\\/maio-laranja-alunos-da-rede-municipal-de-ensino-participam-de-formacao-sobre-combate-a-exploracao-e-abuso-sexual-infantil\\\/#respond\"]}]},{\"@type\":\"WebPage\",\"@id\":\"https:\\\/\\\/regiaonews.net.br\\\/2022\\\/2024\\\/05\\\/07\\\/maio-laranja-alunos-da-rede-municipal-de-ensino-participam-de-formacao-sobre-combate-a-exploracao-e-abuso-sexual-infantil\\\/\",\"url\":\"https:\\\/\\\/regiaonews.net.br\\\/2022\\\/2024\\\/05\\\/07\\\/maio-laranja-alunos-da-rede-municipal-de-ensino-participam-de-formacao-sobre-combate-a-exploracao-e-abuso-sexual-infantil\\\/\",\"name\":\"Maio Laranja: Alunos da Rede Municipal de Ensino participam de forma\u00e7\u00e3o sobre combate \u00e0 explora\u00e7\u00e3o e abuso sexual infantil - Regi\u00e3o News\",\"isPartOf\":{\"@id\":\"https:\\\/\\\/regiaonews.net.br\\\/2022\\\/#website\"},\"primaryImageOfPage\":{\"@id\":\"https:\\\/\\\/regiaonews.net.br\\\/2022\\\/2024\\\/05\\\/07\\\/maio-laranja-alunos-da-rede-municipal-de-ensino-participam-de-formacao-sobre-combate-a-exploracao-e-abuso-sexual-infantil\\\/#primaryimage\"},\"image\":{\"@id\":\"https:\\\/\\\/regiaonews.net.br\\\/2022\\\/2024\\\/05\\\/07\\\/maio-laranja-alunos-da-rede-municipal-de-ensino-participam-de-formacao-sobre-combate-a-exploracao-e-abuso-sexual-infantil\\\/#primaryimage\"},\"thumbnailUrl\":\"https:\\\/\\\/regiaonews.net.br\\\/2022\\\/wp-content\\\/uploads\\\/2024\\\/05\\\/WhatsApp-Image-2024-05-07-at-16.48.33.jpeg\",\"datePublished\":\"2024-05-07T22:13:51+00:00\",\"breadcrumb\":{\"@id\":\"https:\\\/\\\/regiaonews.net.br\\\/2022\\\/2024\\\/05\\\/07\\\/maio-laranja-alunos-da-rede-municipal-de-ensino-participam-de-formacao-sobre-combate-a-exploracao-e-abuso-sexual-infantil\\\/#breadcrumb\"},\"inLanguage\":\"pt-BR\",\"potentialAction\":[{\"@type\":\"ReadAction\",\"target\":[\"https:\\\/\\\/regiaonews.net.br\\\/2022\\\/2024\\\/05\\\/07\\\/maio-laranja-alunos-da-rede-municipal-de-ensino-participam-de-formacao-sobre-combate-a-exploracao-e-abuso-sexual-infantil\\\/\"]}]},{\"@type\":\"ImageObject\",\"inLanguage\":\"pt-BR\",\"@id\":\"https:\\\/\\\/regiaonews.net.br\\\/2022\\\/2024\\\/05\\\/07\\\/maio-laranja-alunos-da-rede-municipal-de-ensino-participam-de-formacao-sobre-combate-a-exploracao-e-abuso-sexual-infantil\\\/#primaryimage\",\"url\":\"https:\\\/\\\/regiaonews.net.br\\\/2022\\\/wp-content\\\/uploads\\\/2024\\\/05\\\/WhatsApp-Image-2024-05-07-at-16.48.33.jpeg\",\"contentUrl\":\"https:\\\/\\\/regiaonews.net.br\\\/2022\\\/wp-content\\\/uploads\\\/2024\\\/05\\\/WhatsApp-Image-2024-05-07-at-16.48.33.jpeg\",\"width\":1600,\"height\":1200},{\"@type\":\"BreadcrumbList\",\"@id\":\"https:\\\/\\\/regiaonews.net.br\\\/2022\\\/2024\\\/05\\\/07\\\/maio-laranja-alunos-da-rede-municipal-de-ensino-participam-de-formacao-sobre-combate-a-exploracao-e-abuso-sexual-infantil\\\/#breadcrumb\",\"itemListElement\":[{\"@type\":\"ListItem\",\"position\":1,\"name\":\"In\u00edcio\",\"item\":\"https:\\\/\\\/regiaonews.net.br\\\/2022\\\/\"},{\"@type\":\"ListItem\",\"position\":2,\"name\":\"Maio Laranja: Alunos da Rede Municipal de Ensino participam de forma\u00e7\u00e3o sobre combate \u00e0 explora\u00e7\u00e3o e abuso sexual infantil\"}]},{\"@type\":\"WebSite\",\"@id\":\"https:\\\/\\\/regiaonews.net.br\\\/2022\\\/#website\",\"url\":\"https:\\\/\\\/regiaonews.net.br\\\/2022\\\/\",\"name\":\"Regi\u00e3o News\",\"description\":\"Site de Not\u00edcias de Barretos e regi\u00e3o\",\"publisher\":{\"@id\":\"https:\\\/\\\/regiaonews.net.br\\\/2022\\\/#organization\"},\"potentialAction\":[{\"@type\":\"SearchAction\",\"target\":{\"@type\":\"EntryPoint\",\"urlTemplate\":\"https:\\\/\\\/regiaonews.net.br\\\/2022\\\/?s={search_term_string}\"},\"query-input\":{\"@type\":\"PropertyValueSpecification\",\"valueRequired\":true,\"valueName\":\"search_term_string\"}}],\"inLanguage\":\"pt-BR\"},{\"@type\":\"Organization\",\"@id\":\"https:\\\/\\\/regiaonews.net.br\\\/2022\\\/#organization\",\"name\":\"Regi\u00e3o News\",\"url\":\"https:\\\/\\\/regiaonews.net.br\\\/2022\\\/\",\"logo\":{\"@type\":\"ImageObject\",\"inLanguage\":\"pt-BR\",\"@id\":\"https:\\\/\\\/regiaonews.net.br\\\/2022\\\/#\\\/schema\\\/logo\\\/image\\\/\",\"url\":\"https:\\\/\\\/regiaonews.net.br\\\/2022\\\/wp-content\\\/uploads\\\/2026\\\/03\\\/regiao-13-anos-scaled.jpg\",\"contentUrl\":\"https:\\\/\\\/regiaonews.net.br\\\/2022\\\/wp-content\\\/uploads\\\/2026\\\/03\\\/regiao-13-anos-scaled.jpg\",\"width\":2560,\"height\":635,\"caption\":\"Regi\u00e3o News\"},\"image\":{\"@id\":\"https:\\\/\\\/regiaonews.net.br\\\/2022\\\/#\\\/schema\\\/logo\\\/image\\\/\"}},{\"@type\":\"Person\",\"@id\":\"https:\\\/\\\/regiaonews.net.br\\\/2022\\\/#\\\/schema\\\/person\\\/2d205a608a5aa97ac279d7a5e6d89ad8\",\"name\":\"Roberto\",\"image\":{\"@type\":\"ImageObject\",\"inLanguage\":\"pt-BR\",\"@id\":\"https:\\\/\\\/secure.gravatar.com\\\/avatar\\\/42749d8b712ff9d59ca93dc150494e5b55a44134482993f5baeb97e61b7ecc89?s=96&d=mm&r=g\",\"url\":\"https:\\\/\\\/secure.gravatar.com\\\/avatar\\\/42749d8b712ff9d59ca93dc150494e5b55a44134482993f5baeb97e61b7ecc89?s=96&d=mm&r=g\",\"contentUrl\":\"https:\\\/\\\/secure.gravatar.com\\\/avatar\\\/42749d8b712ff9d59ca93dc150494e5b55a44134482993f5baeb97e61b7ecc89?s=96&d=mm&r=g\",\"caption\":\"Roberto\"},\"url\":\"https:\\\/\\\/regiaonews.net.br\\\/2022\\\/author\\\/roberto\\\/\"}]}<\/script>\n<!-- \/ Yoast SEO plugin. -->","yoast_head_json":{"title":"Maio Laranja: Alunos da Rede Municipal de Ensino participam de forma\u00e7\u00e3o sobre combate \u00e0 explora\u00e7\u00e3o e abuso sexual infantil - Regi\u00e3o News","robots":{"index":"index","follow":"follow","max-snippet":"max-snippet:-1","max-image-preview":"max-image-preview:large","max-video-preview":"max-video-preview:-1"},"canonical":"https:\/\/regiaonews.net.br\/2022\/2024\/05\/07\/maio-laranja-alunos-da-rede-municipal-de-ensino-participam-de-formacao-sobre-combate-a-exploracao-e-abuso-sexual-infantil\/","og_locale":"pt_BR","og_type":"article","og_title":"Maio Laranja: Alunos da Rede Municipal de Ensino participam de forma\u00e7\u00e3o sobre combate \u00e0 explora\u00e7\u00e3o e abuso sexual infantil - Regi\u00e3o News","og_description":"Capacita\u00e7\u00e3o tem objetivo de tornar os estudantes multiplicadores do que","og_url":"https:\/\/regiaonews.net.br\/2022\/2024\/05\/07\/maio-laranja-alunos-da-rede-municipal-de-ensino-participam-de-formacao-sobre-combate-a-exploracao-e-abuso-sexual-infantil\/","og_site_name":"Regi\u00e3o News","article_published_time":"2024-05-07T22:13:51+00:00","og_image":[{"width":1600,"height":1200,"url":"https:\/\/regiaonews.net.br\/2022\/wp-content\/uploads\/2024\/05\/WhatsApp-Image-2024-05-07-at-16.48.33.jpeg","type":"image\/jpeg"}],"author":"Roberto","twitter_card":"summary_large_image","twitter_misc":{"Escrito por":"Roberto","Est. tempo de leitura":"3 minutos"},"schema":{"@context":"https:\/\/schema.org","@graph":[{"@type":"Article","@id":"https:\/\/regiaonews.net.br\/2022\/2024\/05\/07\/maio-laranja-alunos-da-rede-municipal-de-ensino-participam-de-formacao-sobre-combate-a-exploracao-e-abuso-sexual-infantil\/#article","isPartOf":{"@id":"https:\/\/regiaonews.net.br\/2022\/2024\/05\/07\/maio-laranja-alunos-da-rede-municipal-de-ensino-participam-de-formacao-sobre-combate-a-exploracao-e-abuso-sexual-infantil\/"},"author":{"name":"Roberto","@id":"https:\/\/regiaonews.net.br\/2022\/#\/schema\/person\/2d205a608a5aa97ac279d7a5e6d89ad8"},"headline":"Maio Laranja: Alunos da Rede Municipal de Ensino participam de forma\u00e7\u00e3o sobre combate \u00e0 explora\u00e7\u00e3o e abuso sexual infantil","datePublished":"2024-05-07T22:13:51+00:00","mainEntityOfPage":{"@id":"https:\/\/regiaonews.net.br\/2022\/2024\/05\/07\/maio-laranja-alunos-da-rede-municipal-de-ensino-participam-de-formacao-sobre-combate-a-exploracao-e-abuso-sexual-infantil\/"},"wordCount":570,"commentCount":0,"publisher":{"@id":"https:\/\/regiaonews.net.br\/2022\/#organization"},"image":{"@id":"https:\/\/regiaonews.net.br\/2022\/2024\/05\/07\/maio-laranja-alunos-da-rede-municipal-de-ensino-participam-de-formacao-sobre-combate-a-exploracao-e-abuso-sexual-infantil\/#primaryimage"},"thumbnailUrl":"https:\/\/regiaonews.net.br\/2022\/wp-content\/uploads\/2024\/05\/WhatsApp-Image-2024-05-07-at-16.48.33.jpeg","articleSection":["Barretos","Cidades"],"inLanguage":"pt-BR","potentialAction":[{"@type":"CommentAction","name":"Comment","target":["https:\/\/regiaonews.net.br\/2022\/2024\/05\/07\/maio-laranja-alunos-da-rede-municipal-de-ensino-participam-de-formacao-sobre-combate-a-exploracao-e-abuso-sexual-infantil\/#respond"]}]},{"@type":"WebPage","@id":"https:\/\/regiaonews.net.br\/2022\/2024\/05\/07\/maio-laranja-alunos-da-rede-municipal-de-ensino-participam-de-formacao-sobre-combate-a-exploracao-e-abuso-sexual-infantil\/","url":"https:\/\/regiaonews.net.br\/2022\/2024\/05\/07\/maio-laranja-alunos-da-rede-municipal-de-ensino-participam-de-formacao-sobre-combate-a-exploracao-e-abuso-sexual-infantil\/","name":"Maio Laranja: Alunos da Rede Municipal de Ensino participam de forma\u00e7\u00e3o sobre combate \u00e0 explora\u00e7\u00e3o e abuso sexual infantil - Regi\u00e3o News","isPartOf":{"@id":"https:\/\/regiaonews.net.br\/2022\/#website"},"primaryImageOfPage":{"@id":"https:\/\/regiaonews.net.br\/2022\/2024\/05\/07\/maio-laranja-alunos-da-rede-municipal-de-ensino-participam-de-formacao-sobre-combate-a-exploracao-e-abuso-sexual-infantil\/#primaryimage"},"image":{"@id":"https:\/\/regiaonews.net.br\/2022\/2024\/05\/07\/maio-laranja-alunos-da-rede-municipal-de-ensino-participam-de-formacao-sobre-combate-a-exploracao-e-abuso-sexual-infantil\/#primaryimage"},"thumbnailUrl":"https:\/\/regiaonews.net.br\/2022\/wp-content\/uploads\/2024\/05\/WhatsApp-Image-2024-05-07-at-16.48.33.jpeg","datePublished":"2024-05-07T22:13:51+00:00","breadcrumb":{"@id":"https:\/\/regiaonews.net.br\/2022\/2024\/05\/07\/maio-laranja-alunos-da-rede-municipal-de-ensino-participam-de-formacao-sobre-combate-a-exploracao-e-abuso-sexual-infantil\/#breadcrumb"},"inLanguage":"pt-BR","potentialAction":[{"@type":"ReadAction","target":["https:\/\/regiaonews.net.br\/2022\/2024\/05\/07\/maio-laranja-alunos-da-rede-municipal-de-ensino-participam-de-formacao-sobre-combate-a-exploracao-e-abuso-sexual-infantil\/"]}]},{"@type":"ImageObject","inLanguage":"pt-BR","@id":"https:\/\/regiaonews.net.br\/2022\/2024\/05\/07\/maio-laranja-alunos-da-rede-municipal-de-ensino-participam-de-formacao-sobre-combate-a-exploracao-e-abuso-sexual-infantil\/#primaryimage","url":"https:\/\/regiaonews.net.br\/2022\/wp-content\/uploads\/2024\/05\/WhatsApp-Image-2024-05-07-at-16.48.33.jpeg","contentUrl":"https:\/\/regiaonews.net.br\/2022\/wp-content\/uploads\/2024\/05\/WhatsApp-Image-2024-05-07-at-16.48.33.jpeg","width":1600,"height":1200},{"@type":"BreadcrumbList","@id":"https:\/\/regiaonews.net.br\/2022\/2024\/05\/07\/maio-laranja-alunos-da-rede-municipal-de-ensino-participam-de-formacao-sobre-combate-a-exploracao-e-abuso-sexual-infantil\/#breadcrumb","itemListElement":[{"@type":"ListItem","position":1,"name":"In\u00edcio","item":"https:\/\/regiaonews.net.br\/2022\/"},{"@type":"ListItem","position":2,"name":"Maio Laranja: Alunos da Rede Municipal de Ensino participam de forma\u00e7\u00e3o sobre combate \u00e0 explora\u00e7\u00e3o e abuso sexual infantil"}]},{"@type":"WebSite","@id":"https:\/\/regiaonews.net.br\/2022\/#website","url":"https:\/\/regiaonews.net.br\/2022\/","name":"Regi\u00e3o News","description":"Site de Not\u00edcias de Barretos e regi\u00e3o","publisher":{"@id":"https:\/\/regiaonews.net.br\/2022\/#organization"},"potentialAction":[{"@type":"SearchAction","target":{"@type":"EntryPoint","urlTemplate":"https:\/\/regiaonews.net.br\/2022\/?s={search_term_string}"},"query-input":{"@type":"PropertyValueSpecification","valueRequired":true,"valueName":"search_term_string"}}],"inLanguage":"pt-BR"},{"@type":"Organization","@id":"https:\/\/regiaonews.net.br\/2022\/#organization","name":"Regi\u00e3o News","url":"https:\/\/regiaonews.net.br\/2022\/","logo":{"@type":"ImageObject","inLanguage":"pt-BR","@id":"https:\/\/regiaonews.net.br\/2022\/#\/schema\/logo\/image\/","url":"https:\/\/regiaonews.net.br\/2022\/wp-content\/uploads\/2026\/03\/regiao-13-anos-scaled.jpg","contentUrl":"https:\/\/regiaonews.net.br\/2022\/wp-content\/uploads\/2026\/03\/regiao-13-anos-scaled.jpg","width":2560,"height":635,"caption":"Regi\u00e3o News"},"image":{"@id":"https:\/\/regiaonews.net.br\/2022\/#\/schema\/logo\/image\/"}},{"@type":"Person","@id":"https:\/\/regiaonews.net.br\/2022\/#\/schema\/person\/2d205a608a5aa97ac279d7a5e6d89ad8","name":"Roberto","image":{"@type":"ImageObject","inLanguage":"pt-BR","@id":"https:\/\/secure.gravatar.com\/avatar\/42749d8b712ff9d59ca93dc150494e5b55a44134482993f5baeb97e61b7ecc89?s=96&d=mm&r=g","url":"https:\/\/secure.gravatar.com\/avatar\/42749d8b712ff9d59ca93dc150494e5b55a44134482993f5baeb97e61b7ecc89?s=96&d=mm&r=g","contentUrl":"https:\/\/secure.gravatar.com\/avatar\/42749d8b712ff9d59ca93dc150494e5b55a44134482993f5baeb97e61b7ecc89?s=96&d=mm&r=g","caption":"Roberto"},"url":"https:\/\/regiaonews.net.br\/2022\/author\/roberto\/"}]}},"publishpress_future_action":{"enabled":false,"date":"2026-05-03 02:11:26","action":"change-status","newStatus":"draft","terms":[],"taxonomy":"category","extraData":[]},"publishpress_future_workflow_manual_trigger":{"enabledWorkflows":[]},"_links":{"self":[{"href":"https:\/\/regiaonews.net.br\/2022\/wp-json\/wp\/v2\/posts\/104652","targetHints":{"allow":["GET"]}}],"collection":[{"href":"https:\/\/regiaonews.net.br\/2022\/wp-json\/wp\/v2\/posts"}],"about":[{"href":"https:\/\/regiaonews.net.br\/2022\/wp-json\/wp\/v2\/types\/post"}],"author":[{"embeddable":true,"href":"https:\/\/regiaonews.net.br\/2022\/wp-json\/wp\/v2\/users\/2"}],"replies":[{"embeddable":true,"href":"https:\/\/regiaonews.net.br\/2022\/wp-json\/wp\/v2\/comments?post=104652"}],"version-history":[{"count":1,"href":"https:\/\/regiaonews.net.br\/2022\/wp-json\/wp\/v2\/posts\/104652\/revisions"}],"predecessor-version":[{"id":104654,"href":"https:\/\/regiaonews.net.br\/2022\/wp-json\/wp\/v2\/posts\/104652\/revisions\/104654"}],"wp:featuredmedia":[{"embeddable":true,"href":"https:\/\/regiaonews.net.br\/2022\/wp-json\/wp\/v2\/media\/104653"}],"wp:attachment":[{"href":"https:\/\/regiaonews.net.br\/2022\/wp-json\/wp\/v2\/media?parent=104652"}],"wp:term":[{"taxonomy":"category","embeddable":true,"href":"https:\/\/regiaonews.net.br\/2022\/wp-json\/wp\/v2\/categories?post=104652"},{"taxonomy":"post_tag","embeddable":true,"href":"https:\/\/regiaonews.net.br\/2022\/wp-json\/wp\/v2\/tags?post=104652"}],"curies":[{"name":"wp","href":"https:\/\/api.w.org\/{rel}","templated":true}]}}