{"id":104595,"date":"2024-05-06T19:26:04","date_gmt":"2024-05-06T22:26:04","guid":{"rendered":"https:\/\/regiaonews.net.br\/2022\/?p=104595"},"modified":"2024-05-06T20:18:19","modified_gmt":"2024-05-06T23:18:19","slug":"cpfl-paulista-realiza-operacao-especial-para-organizar-fios-em-postes-em-barretos","status":"publish","type":"post","link":"https:\/\/regiaonews.net.br\/2022\/2024\/05\/06\/cpfl-paulista-realiza-operacao-especial-para-organizar-fios-em-postes-em-barretos\/","title":{"rendered":"CPFL Paulista realiza opera\u00e7\u00e3o especial para organizar fios em postes, em Barretos"},"content":{"rendered":"<p>A a\u00e7\u00e3o do tempo ou ve\u00edculos com alturas maiores que as permitidas pelas leis de tr\u00e2nsito podem arrebentar os fios de energia ou de telefonia. Para evitar cabos soltos pelas ruas, a CPFL Paulista tem feito um trabalho constante para organizar os postes junto \u00e0s empresas de telecomunica\u00e7\u00f5es, j\u00e1 que estas s\u00e3o, por normas regulamentadas, respons\u00e1veis por seus cabos de telefonia.<br \/>\nEm 2022, a CPFL Paulista emitiu cerca de 80 mil notifica\u00e7\u00f5es \u00e0s operadoras de telefonia, internet e TV a cabo. Em 2023, o n\u00famero foi de 312 mil. Somente em Barretos, em 2023, foram aplicadas mais de 12,8 mil notifica\u00e7\u00f5es \u00e0s empresas com irregularidades em seus cabos de telefonia, um n\u00famero 890% maior que o registrado em todo 2022.<br \/>\nAl\u00e9m das notifica\u00e7\u00f5es, a CPFL Paulista retirou, em 2023, mais de 3 toneladas de cabos na cidade de empresas que n\u00e3o cumpriram com a determina\u00e7\u00e3o do \u00f3rg\u00e3o regulador, ap\u00f3s notifica\u00e7\u00f5es. De janeiro a mar\u00e7o deste ano, o volume foi de 2,8 toneladas. &#8220;Essa a\u00e7\u00e3o vai ao encontro do nosso compromisso com a seguran\u00e7a da popula\u00e7\u00e3o, por isso temos nos esfor\u00e7ado para eliminar cabos soltos ou ca\u00eddos em toda a nossa \u00e1rea de atua\u00e7\u00e3o\u201d, afirma Kleber de Almeida Ara\u00fajo, consultor de relacionamento da CPFL Paulista.<br \/>\nA CPFL Paulista orienta seus clientes que, ao identificarem algum cabo rompido ou ca\u00eddo no ch\u00e3o, entrem em contato com o servi\u00e7o emergencial pelo telefone 0800 010 1010 (liga\u00e7\u00e3o gratuita). Quando a concession\u00e1ria toma ci\u00eancia de irregularidades na rede de telecomunica\u00e7\u00f5es, que trazem risco a popula\u00e7\u00e3o e a rede el\u00e9trica a CPFL, faz a corre\u00e7\u00e3o em car\u00e1ter emergencial. Al\u00e9m disso, sempre notifica \u00e0s empresas de telecomunica\u00e7\u00e3o para que regularizem a situa\u00e7\u00e3o de seus ativos conforme determina a Resolu\u00e7\u00e3o Conjunta n\u00ba 004\/2014-ANEEL\/ANATEL e Resolu\u00e7\u00e3o Normativa Aneel N\u00ba 1.044\/2022.<br \/>\nImportante destacar que os cabos de energia el\u00e9trica, estes de responsabilidade da CPFL Paulista, respeitam a NBR 15214\/2005, ficando instalados acima do cabeamento de telecomunica\u00e7\u00f5es e jamais enrolados ou pendurados nos postes.<\/p>\n","protected":false},"excerpt":{"rendered":"<p>A a\u00e7\u00e3o do tempo ou ve\u00edculos com alturas maiores que<\/p>\n","protected":false},"author":2,"featured_media":7363,"comment_status":"open","ping_status":"open","sticky":false,"template":"","format":"standard","meta":{"footnotes":""},"categories":[14,25,1],"tags":[],"class_list":["post-104595","post","type-post","status-publish","format-standard","has-post-thumbnail","hentry","category-barretos","category-cidades","category-indefinido"],"yoast_head":"<!-- This site is optimized with the Yoast SEO plugin v27.4 - https:\/\/yoast.com\/product\/yoast-seo-wordpress\/ -->\n<title>CPFL Paulista realiza opera\u00e7\u00e3o especial para organizar fios em postes, em Barretos - Regi\u00e3o News<\/title>\n<meta name=\"robots\" content=\"index, follow, max-snippet:-1, max-image-preview:large, max-video-preview:-1\" \/>\n<link rel=\"canonical\" href=\"https:\/\/regiaonews.net.br\/2022\/2024\/05\/06\/cpfl-paulista-realiza-operacao-especial-para-organizar-fios-em-postes-em-barretos\/\" \/>\n<meta property=\"og:locale\" content=\"pt_BR\" \/>\n<meta property=\"og:type\" content=\"article\" \/>\n<meta property=\"og:title\" content=\"CPFL Paulista realiza opera\u00e7\u00e3o especial para organizar fios em postes, em Barretos - Regi\u00e3o News\" \/>\n<meta property=\"og:description\" content=\"A a\u00e7\u00e3o do tempo ou ve\u00edculos com alturas maiores que\" \/>\n<meta property=\"og:url\" content=\"https:\/\/regiaonews.net.br\/2022\/2024\/05\/06\/cpfl-paulista-realiza-operacao-especial-para-organizar-fios-em-postes-em-barretos\/\" \/>\n<meta property=\"og:site_name\" content=\"Regi\u00e3o News\" \/>\n<meta property=\"article:published_time\" content=\"2024-05-06T22:26:04+00:00\" \/>\n<meta property=\"article:modified_time\" content=\"2024-05-06T23:18:19+00:00\" \/>\n<meta property=\"og:image\" content=\"https:\/\/regiaonews.net.br\/2022\/wp-content\/uploads\/2017\/08\/subesta\u00e7\u00e3o-cpfl.jpg\" \/>\n\t<meta property=\"og:image:width\" content=\"1032\" \/>\n\t<meta property=\"og:image:height\" content=\"581\" \/>\n\t<meta property=\"og:image:type\" content=\"image\/jpeg\" \/>\n<meta name=\"author\" content=\"Roberto\" \/>\n<meta name=\"twitter:card\" content=\"summary_large_image\" \/>\n<meta name=\"twitter:label1\" content=\"Escrito por\" \/>\n\t<meta name=\"twitter:data1\" content=\"Roberto\" \/>\n\t<meta name=\"twitter:label2\" content=\"Est. tempo de leitura\" \/>\n\t<meta name=\"twitter:data2\" content=\"2 minutos\" \/>\n<script type=\"application\/ld+json\" class=\"yoast-schema-graph\">{\"@context\":\"https:\\\/\\\/schema.org\",\"@graph\":[{\"@type\":\"Article\",\"@id\":\"https:\\\/\\\/regiaonews.net.br\\\/2022\\\/2024\\\/05\\\/06\\\/cpfl-paulista-realiza-operacao-especial-para-organizar-fios-em-postes-em-barretos\\\/#article\",\"isPartOf\":{\"@id\":\"https:\\\/\\\/regiaonews.net.br\\\/2022\\\/2024\\\/05\\\/06\\\/cpfl-paulista-realiza-operacao-especial-para-organizar-fios-em-postes-em-barretos\\\/\"},\"author\":{\"name\":\"Roberto\",\"@id\":\"https:\\\/\\\/regiaonews.net.br\\\/2022\\\/#\\\/schema\\\/person\\\/2d205a608a5aa97ac279d7a5e6d89ad8\"},\"headline\":\"CPFL Paulista realiza opera\u00e7\u00e3o especial para organizar fios em postes, em Barretos\",\"datePublished\":\"2024-05-06T22:26:04+00:00\",\"dateModified\":\"2024-05-06T23:18:19+00:00\",\"mainEntityOfPage\":{\"@id\":\"https:\\\/\\\/regiaonews.net.br\\\/2022\\\/2024\\\/05\\\/06\\\/cpfl-paulista-realiza-operacao-especial-para-organizar-fios-em-postes-em-barretos\\\/\"},\"wordCount\":364,\"commentCount\":0,\"publisher\":{\"@id\":\"https:\\\/\\\/regiaonews.net.br\\\/2022\\\/#organization\"},\"image\":{\"@id\":\"https:\\\/\\\/regiaonews.net.br\\\/2022\\\/2024\\\/05\\\/06\\\/cpfl-paulista-realiza-operacao-especial-para-organizar-fios-em-postes-em-barretos\\\/#primaryimage\"},\"thumbnailUrl\":\"https:\\\/\\\/regiaonews.net.br\\\/2022\\\/wp-content\\\/uploads\\\/2017\\\/08\\\/subesta\u00e7\u00e3o-cpfl.jpg\",\"articleSection\":[\"Barretos\",\"Cidades\",\"Indefinido\"],\"inLanguage\":\"pt-BR\",\"potentialAction\":[{\"@type\":\"CommentAction\",\"name\":\"Comment\",\"target\":[\"https:\\\/\\\/regiaonews.net.br\\\/2022\\\/2024\\\/05\\\/06\\\/cpfl-paulista-realiza-operacao-especial-para-organizar-fios-em-postes-em-barretos\\\/#respond\"]}]},{\"@type\":\"WebPage\",\"@id\":\"https:\\\/\\\/regiaonews.net.br\\\/2022\\\/2024\\\/05\\\/06\\\/cpfl-paulista-realiza-operacao-especial-para-organizar-fios-em-postes-em-barretos\\\/\",\"url\":\"https:\\\/\\\/regiaonews.net.br\\\/2022\\\/2024\\\/05\\\/06\\\/cpfl-paulista-realiza-operacao-especial-para-organizar-fios-em-postes-em-barretos\\\/\",\"name\":\"CPFL Paulista realiza opera\u00e7\u00e3o especial para organizar fios em postes, em Barretos - Regi\u00e3o News\",\"isPartOf\":{\"@id\":\"https:\\\/\\\/regiaonews.net.br\\\/2022\\\/#website\"},\"primaryImageOfPage\":{\"@id\":\"https:\\\/\\\/regiaonews.net.br\\\/2022\\\/2024\\\/05\\\/06\\\/cpfl-paulista-realiza-operacao-especial-para-organizar-fios-em-postes-em-barretos\\\/#primaryimage\"},\"image\":{\"@id\":\"https:\\\/\\\/regiaonews.net.br\\\/2022\\\/2024\\\/05\\\/06\\\/cpfl-paulista-realiza-operacao-especial-para-organizar-fios-em-postes-em-barretos\\\/#primaryimage\"},\"thumbnailUrl\":\"https:\\\/\\\/regiaonews.net.br\\\/2022\\\/wp-content\\\/uploads\\\/2017\\\/08\\\/subesta\u00e7\u00e3o-cpfl.jpg\",\"datePublished\":\"2024-05-06T22:26:04+00:00\",\"dateModified\":\"2024-05-06T23:18:19+00:00\",\"breadcrumb\":{\"@id\":\"https:\\\/\\\/regiaonews.net.br\\\/2022\\\/2024\\\/05\\\/06\\\/cpfl-paulista-realiza-operacao-especial-para-organizar-fios-em-postes-em-barretos\\\/#breadcrumb\"},\"inLanguage\":\"pt-BR\",\"potentialAction\":[{\"@type\":\"ReadAction\",\"target\":[\"https:\\\/\\\/regiaonews.net.br\\\/2022\\\/2024\\\/05\\\/06\\\/cpfl-paulista-realiza-operacao-especial-para-organizar-fios-em-postes-em-barretos\\\/\"]}]},{\"@type\":\"ImageObject\",\"inLanguage\":\"pt-BR\",\"@id\":\"https:\\\/\\\/regiaonews.net.br\\\/2022\\\/2024\\\/05\\\/06\\\/cpfl-paulista-realiza-operacao-especial-para-organizar-fios-em-postes-em-barretos\\\/#primaryimage\",\"url\":\"https:\\\/\\\/regiaonews.net.br\\\/2022\\\/wp-content\\\/uploads\\\/2017\\\/08\\\/subesta\u00e7\u00e3o-cpfl.jpg\",\"contentUrl\":\"https:\\\/\\\/regiaonews.net.br\\\/2022\\\/wp-content\\\/uploads\\\/2017\\\/08\\\/subesta\u00e7\u00e3o-cpfl.jpg\",\"width\":1032,\"height\":581},{\"@type\":\"BreadcrumbList\",\"@id\":\"https:\\\/\\\/regiaonews.net.br\\\/2022\\\/2024\\\/05\\\/06\\\/cpfl-paulista-realiza-operacao-especial-para-organizar-fios-em-postes-em-barretos\\\/#breadcrumb\",\"itemListElement\":[{\"@type\":\"ListItem\",\"position\":1,\"name\":\"In\u00edcio\",\"item\":\"https:\\\/\\\/regiaonews.net.br\\\/2022\\\/\"},{\"@type\":\"ListItem\",\"position\":2,\"name\":\"CPFL Paulista realiza opera\u00e7\u00e3o especial para organizar fios em postes, em Barretos\"}]},{\"@type\":\"WebSite\",\"@id\":\"https:\\\/\\\/regiaonews.net.br\\\/2022\\\/#website\",\"url\":\"https:\\\/\\\/regiaonews.net.br\\\/2022\\\/\",\"name\":\"Regi\u00e3o News\",\"description\":\"Site de Not\u00edcias de Barretos e regi\u00e3o\",\"publisher\":{\"@id\":\"https:\\\/\\\/regiaonews.net.br\\\/2022\\\/#organization\"},\"potentialAction\":[{\"@type\":\"SearchAction\",\"target\":{\"@type\":\"EntryPoint\",\"urlTemplate\":\"https:\\\/\\\/regiaonews.net.br\\\/2022\\\/?s={search_term_string}\"},\"query-input\":{\"@type\":\"PropertyValueSpecification\",\"valueRequired\":true,\"valueName\":\"search_term_string\"}}],\"inLanguage\":\"pt-BR\"},{\"@type\":\"Organization\",\"@id\":\"https:\\\/\\\/regiaonews.net.br\\\/2022\\\/#organization\",\"name\":\"Regi\u00e3o News\",\"url\":\"https:\\\/\\\/regiaonews.net.br\\\/2022\\\/\",\"logo\":{\"@type\":\"ImageObject\",\"inLanguage\":\"pt-BR\",\"@id\":\"https:\\\/\\\/regiaonews.net.br\\\/2022\\\/#\\\/schema\\\/logo\\\/image\\\/\",\"url\":\"https:\\\/\\\/regiaonews.net.br\\\/2022\\\/wp-content\\\/uploads\\\/2026\\\/03\\\/regiao-13-anos-scaled.jpg\",\"contentUrl\":\"https:\\\/\\\/regiaonews.net.br\\\/2022\\\/wp-content\\\/uploads\\\/2026\\\/03\\\/regiao-13-anos-scaled.jpg\",\"width\":2560,\"height\":635,\"caption\":\"Regi\u00e3o News\"},\"image\":{\"@id\":\"https:\\\/\\\/regiaonews.net.br\\\/2022\\\/#\\\/schema\\\/logo\\\/image\\\/\"}},{\"@type\":\"Person\",\"@id\":\"https:\\\/\\\/regiaonews.net.br\\\/2022\\\/#\\\/schema\\\/person\\\/2d205a608a5aa97ac279d7a5e6d89ad8\",\"name\":\"Roberto\",\"image\":{\"@type\":\"ImageObject\",\"inLanguage\":\"pt-BR\",\"@id\":\"https:\\\/\\\/secure.gravatar.com\\\/avatar\\\/42749d8b712ff9d59ca93dc150494e5b55a44134482993f5baeb97e61b7ecc89?s=96&d=mm&r=g\",\"url\":\"https:\\\/\\\/secure.gravatar.com\\\/avatar\\\/42749d8b712ff9d59ca93dc150494e5b55a44134482993f5baeb97e61b7ecc89?s=96&d=mm&r=g\",\"contentUrl\":\"https:\\\/\\\/secure.gravatar.com\\\/avatar\\\/42749d8b712ff9d59ca93dc150494e5b55a44134482993f5baeb97e61b7ecc89?s=96&d=mm&r=g\",\"caption\":\"Roberto\"},\"url\":\"https:\\\/\\\/regiaonews.net.br\\\/2022\\\/author\\\/roberto\\\/\"}]}<\/script>\n<!-- \/ Yoast SEO plugin. -->","yoast_head_json":{"title":"CPFL Paulista realiza opera\u00e7\u00e3o especial para organizar fios em postes, em Barretos - Regi\u00e3o News","robots":{"index":"index","follow":"follow","max-snippet":"max-snippet:-1","max-image-preview":"max-image-preview:large","max-video-preview":"max-video-preview:-1"},"canonical":"https:\/\/regiaonews.net.br\/2022\/2024\/05\/06\/cpfl-paulista-realiza-operacao-especial-para-organizar-fios-em-postes-em-barretos\/","og_locale":"pt_BR","og_type":"article","og_title":"CPFL Paulista realiza opera\u00e7\u00e3o especial para organizar fios em postes, em Barretos - Regi\u00e3o News","og_description":"A a\u00e7\u00e3o do tempo ou ve\u00edculos com alturas maiores que","og_url":"https:\/\/regiaonews.net.br\/2022\/2024\/05\/06\/cpfl-paulista-realiza-operacao-especial-para-organizar-fios-em-postes-em-barretos\/","og_site_name":"Regi\u00e3o News","article_published_time":"2024-05-06T22:26:04+00:00","article_modified_time":"2024-05-06T23:18:19+00:00","og_image":[{"width":1032,"height":581,"url":"https:\/\/regiaonews.net.br\/2022\/wp-content\/uploads\/2017\/08\/subesta\u00e7\u00e3o-cpfl.jpg","type":"image\/jpeg"}],"author":"Roberto","twitter_card":"summary_large_image","twitter_misc":{"Escrito por":"Roberto","Est. tempo de leitura":"2 minutos"},"schema":{"@context":"https:\/\/schema.org","@graph":[{"@type":"Article","@id":"https:\/\/regiaonews.net.br\/2022\/2024\/05\/06\/cpfl-paulista-realiza-operacao-especial-para-organizar-fios-em-postes-em-barretos\/#article","isPartOf":{"@id":"https:\/\/regiaonews.net.br\/2022\/2024\/05\/06\/cpfl-paulista-realiza-operacao-especial-para-organizar-fios-em-postes-em-barretos\/"},"author":{"name":"Roberto","@id":"https:\/\/regiaonews.net.br\/2022\/#\/schema\/person\/2d205a608a5aa97ac279d7a5e6d89ad8"},"headline":"CPFL Paulista realiza opera\u00e7\u00e3o especial para organizar fios em postes, em Barretos","datePublished":"2024-05-06T22:26:04+00:00","dateModified":"2024-05-06T23:18:19+00:00","mainEntityOfPage":{"@id":"https:\/\/regiaonews.net.br\/2022\/2024\/05\/06\/cpfl-paulista-realiza-operacao-especial-para-organizar-fios-em-postes-em-barretos\/"},"wordCount":364,"commentCount":0,"publisher":{"@id":"https:\/\/regiaonews.net.br\/2022\/#organization"},"image":{"@id":"https:\/\/regiaonews.net.br\/2022\/2024\/05\/06\/cpfl-paulista-realiza-operacao-especial-para-organizar-fios-em-postes-em-barretos\/#primaryimage"},"thumbnailUrl":"https:\/\/regiaonews.net.br\/2022\/wp-content\/uploads\/2017\/08\/subesta\u00e7\u00e3o-cpfl.jpg","articleSection":["Barretos","Cidades","Indefinido"],"inLanguage":"pt-BR","potentialAction":[{"@type":"CommentAction","name":"Comment","target":["https:\/\/regiaonews.net.br\/2022\/2024\/05\/06\/cpfl-paulista-realiza-operacao-especial-para-organizar-fios-em-postes-em-barretos\/#respond"]}]},{"@type":"WebPage","@id":"https:\/\/regiaonews.net.br\/2022\/2024\/05\/06\/cpfl-paulista-realiza-operacao-especial-para-organizar-fios-em-postes-em-barretos\/","url":"https:\/\/regiaonews.net.br\/2022\/2024\/05\/06\/cpfl-paulista-realiza-operacao-especial-para-organizar-fios-em-postes-em-barretos\/","name":"CPFL Paulista realiza opera\u00e7\u00e3o especial para organizar fios em postes, em Barretos - Regi\u00e3o News","isPartOf":{"@id":"https:\/\/regiaonews.net.br\/2022\/#website"},"primaryImageOfPage":{"@id":"https:\/\/regiaonews.net.br\/2022\/2024\/05\/06\/cpfl-paulista-realiza-operacao-especial-para-organizar-fios-em-postes-em-barretos\/#primaryimage"},"image":{"@id":"https:\/\/regiaonews.net.br\/2022\/2024\/05\/06\/cpfl-paulista-realiza-operacao-especial-para-organizar-fios-em-postes-em-barretos\/#primaryimage"},"thumbnailUrl":"https:\/\/regiaonews.net.br\/2022\/wp-content\/uploads\/2017\/08\/subesta\u00e7\u00e3o-cpfl.jpg","datePublished":"2024-05-06T22:26:04+00:00","dateModified":"2024-05-06T23:18:19+00:00","breadcrumb":{"@id":"https:\/\/regiaonews.net.br\/2022\/2024\/05\/06\/cpfl-paulista-realiza-operacao-especial-para-organizar-fios-em-postes-em-barretos\/#breadcrumb"},"inLanguage":"pt-BR","potentialAction":[{"@type":"ReadAction","target":["https:\/\/regiaonews.net.br\/2022\/2024\/05\/06\/cpfl-paulista-realiza-operacao-especial-para-organizar-fios-em-postes-em-barretos\/"]}]},{"@type":"ImageObject","inLanguage":"pt-BR","@id":"https:\/\/regiaonews.net.br\/2022\/2024\/05\/06\/cpfl-paulista-realiza-operacao-especial-para-organizar-fios-em-postes-em-barretos\/#primaryimage","url":"https:\/\/regiaonews.net.br\/2022\/wp-content\/uploads\/2017\/08\/subesta\u00e7\u00e3o-cpfl.jpg","contentUrl":"https:\/\/regiaonews.net.br\/2022\/wp-content\/uploads\/2017\/08\/subesta\u00e7\u00e3o-cpfl.jpg","width":1032,"height":581},{"@type":"BreadcrumbList","@id":"https:\/\/regiaonews.net.br\/2022\/2024\/05\/06\/cpfl-paulista-realiza-operacao-especial-para-organizar-fios-em-postes-em-barretos\/#breadcrumb","itemListElement":[{"@type":"ListItem","position":1,"name":"In\u00edcio","item":"https:\/\/regiaonews.net.br\/2022\/"},{"@type":"ListItem","position":2,"name":"CPFL Paulista realiza opera\u00e7\u00e3o especial para organizar fios em postes, em Barretos"}]},{"@type":"WebSite","@id":"https:\/\/regiaonews.net.br\/2022\/#website","url":"https:\/\/regiaonews.net.br\/2022\/","name":"Regi\u00e3o News","description":"Site de Not\u00edcias de Barretos e regi\u00e3o","publisher":{"@id":"https:\/\/regiaonews.net.br\/2022\/#organization"},"potentialAction":[{"@type":"SearchAction","target":{"@type":"EntryPoint","urlTemplate":"https:\/\/regiaonews.net.br\/2022\/?s={search_term_string}"},"query-input":{"@type":"PropertyValueSpecification","valueRequired":true,"valueName":"search_term_string"}}],"inLanguage":"pt-BR"},{"@type":"Organization","@id":"https:\/\/regiaonews.net.br\/2022\/#organization","name":"Regi\u00e3o News","url":"https:\/\/regiaonews.net.br\/2022\/","logo":{"@type":"ImageObject","inLanguage":"pt-BR","@id":"https:\/\/regiaonews.net.br\/2022\/#\/schema\/logo\/image\/","url":"https:\/\/regiaonews.net.br\/2022\/wp-content\/uploads\/2026\/03\/regiao-13-anos-scaled.jpg","contentUrl":"https:\/\/regiaonews.net.br\/2022\/wp-content\/uploads\/2026\/03\/regiao-13-anos-scaled.jpg","width":2560,"height":635,"caption":"Regi\u00e3o News"},"image":{"@id":"https:\/\/regiaonews.net.br\/2022\/#\/schema\/logo\/image\/"}},{"@type":"Person","@id":"https:\/\/regiaonews.net.br\/2022\/#\/schema\/person\/2d205a608a5aa97ac279d7a5e6d89ad8","name":"Roberto","image":{"@type":"ImageObject","inLanguage":"pt-BR","@id":"https:\/\/secure.gravatar.com\/avatar\/42749d8b712ff9d59ca93dc150494e5b55a44134482993f5baeb97e61b7ecc89?s=96&d=mm&r=g","url":"https:\/\/secure.gravatar.com\/avatar\/42749d8b712ff9d59ca93dc150494e5b55a44134482993f5baeb97e61b7ecc89?s=96&d=mm&r=g","contentUrl":"https:\/\/secure.gravatar.com\/avatar\/42749d8b712ff9d59ca93dc150494e5b55a44134482993f5baeb97e61b7ecc89?s=96&d=mm&r=g","caption":"Roberto"},"url":"https:\/\/regiaonews.net.br\/2022\/author\/roberto\/"}]}},"publishpress_future_action":{"enabled":false,"date":"2026-05-03 03:44:33","action":"change-status","newStatus":"draft","terms":[],"taxonomy":"category","extraData":[]},"publishpress_future_workflow_manual_trigger":{"enabledWorkflows":[]},"_links":{"self":[{"href":"https:\/\/regiaonews.net.br\/2022\/wp-json\/wp\/v2\/posts\/104595","targetHints":{"allow":["GET"]}}],"collection":[{"href":"https:\/\/regiaonews.net.br\/2022\/wp-json\/wp\/v2\/posts"}],"about":[{"href":"https:\/\/regiaonews.net.br\/2022\/wp-json\/wp\/v2\/types\/post"}],"author":[{"embeddable":true,"href":"https:\/\/regiaonews.net.br\/2022\/wp-json\/wp\/v2\/users\/2"}],"replies":[{"embeddable":true,"href":"https:\/\/regiaonews.net.br\/2022\/wp-json\/wp\/v2\/comments?post=104595"}],"version-history":[{"count":1,"href":"https:\/\/regiaonews.net.br\/2022\/wp-json\/wp\/v2\/posts\/104595\/revisions"}],"predecessor-version":[{"id":104596,"href":"https:\/\/regiaonews.net.br\/2022\/wp-json\/wp\/v2\/posts\/104595\/revisions\/104596"}],"wp:featuredmedia":[{"embeddable":true,"href":"https:\/\/regiaonews.net.br\/2022\/wp-json\/wp\/v2\/media\/7363"}],"wp:attachment":[{"href":"https:\/\/regiaonews.net.br\/2022\/wp-json\/wp\/v2\/media?parent=104595"}],"wp:term":[{"taxonomy":"category","embeddable":true,"href":"https:\/\/regiaonews.net.br\/2022\/wp-json\/wp\/v2\/categories?post=104595"},{"taxonomy":"post_tag","embeddable":true,"href":"https:\/\/regiaonews.net.br\/2022\/wp-json\/wp\/v2\/tags?post=104595"}],"curies":[{"name":"wp","href":"https:\/\/api.w.org\/{rel}","templated":true}]}}