{"id":104586,"date":"2024-05-06T19:19:43","date_gmt":"2024-05-06T22:19:43","guid":{"rendered":"https:\/\/regiaonews.net.br\/2022\/?p=104586"},"modified":"2024-05-06T19:19:43","modified_gmt":"2024-05-06T22:19:43","slug":"rota-da-capelas-ja-tem-praca-e-tres-portais-na-1a-etapa-do-trajeto-i","status":"publish","type":"post","link":"https:\/\/regiaonews.net.br\/2022\/2024\/05\/06\/rota-da-capelas-ja-tem-praca-e-tres-portais-na-1a-etapa-do-trajeto-i\/","title":{"rendered":"Rota da Capelas j\u00e1 tem pra\u00e7a e tr\u00eas portais na 1\u00aa etapa do trajeto I"},"content":{"rendered":"<p>Os ciclistas iniciaram a alguns anos, um projeto de recupera\u00e7\u00e3o de capelas na zona rural de Barretos, com a reforma e implanta\u00e7\u00e3o de melhorias nas capelas de Alberto Moreira e Adolfo Pinto. A ideia foi crescendo e ganhando forma, se tornando um trajeto por v\u00e1rias estradas rurais da cidade com um percurso total de 168 km, que em todo o percurso tem 11 capelas na zona rural e o ponto de sa\u00edda na Minibas\u00edlica de Barretos. \u201cNo come\u00e7o eu dizia que era um sonho imposs\u00edvel e hoje \u00e9 ainda muito dif\u00edcil. Mas num futuro n\u00e3o t\u00e3o distante, ser\u00e1 um sonho para que todos possamos sonharmos juntos\u201d, afirmou Marcelo De Santis, o coordenador do Bonde do Tigr\u00e3o.<br \/>\nSegundo ele, a primeira etapa da Rota das Capelas trouxe bastante benfeitorias para a cidade e zona rural, entre elas, com recursos vindos do Dedatur para implanta\u00e7\u00e3o dos portais e da Pra\u00e7a no Marco Zero. \u201cAgora n\u00f3s temos uma pracinha aqui na Avenida Ant\u00f4nio Frederico Ozanan com a rua 40, no bairro Mar\u00edlia temos o marco inicial de onde sa\u00edmos para fazer esse trajeto. A gente acredita neste turismo, que nesta primeira etapa ganhou ilumina\u00e7\u00e3o entre a Cidade de Maria e Alberto Moreira, al\u00e9m de implanta\u00e7\u00e3o de portais nas entradas dos distritos de Alberto Moreira e Adolfo Pinto com estes recursos do Dedatur\u201d, afirmou Marcelo, que destacou que as capelas est\u00e3o recebendo internet, bebedouro e reformas com recursos da iniciativa privada.<br \/>\nO ciclista Guilherme Augusto Borges Martins, que pratica o esporte h\u00e1 mais de 10 anos, disse que a Rota da Capelas tem in\u00edcio no Marco Zero na Pra\u00e7a da Rota da Capelas pr\u00f3ximo \u00e0 na Minibas\u00edlica, j\u00e1 est\u00e1 sendo realizado por grupos de ciclistas de Barretos e de v\u00e1rias cidades da regi\u00e3o. \u201cA nossa rota tem um total de 168 km e nem todos os ciclistas conseguem fazer a volta toda em um dia, e criamos uma rota com 95 km, onde faz o percurso at\u00e9 a capela da Contendas e retorna a Minibas\u00edlica. A segunda etapa, pode ser conclu\u00edda no dia seguinte\u201d, explicou Guilherme.<br \/>\nDe acordo com ciclista, o percurso tem regi\u00f5es de subidas e tem uma altimetria de 1.600 metros. \u201cA rota n\u00e3o \u00e9 s\u00f3 para o ciclismo, mas tamb\u00e9m para o pessoal que anda de moto, de jeep, as comitivas e para os peregrinos que andam a p\u00e9. No futuro pretendemos instalar em todas as capelas para atender essas pessoas com pontos de apoio. A nossa ideia \u00e9 criar um atrativo tur\u00edstico que ir\u00e1 atrair turistas o ano todo e n\u00e3o s\u00f3 em uma data espec\u00edfica\u201d, explicou Guilherme.<\/p>\n","protected":false},"excerpt":{"rendered":"<p>Os ciclistas iniciaram a alguns anos, um projeto de recupera\u00e7\u00e3o<\/p>\n","protected":false},"author":2,"featured_media":104587,"comment_status":"open","ping_status":"open","sticky":false,"template":"","format":"standard","meta":{"footnotes":""},"categories":[14,25],"tags":[],"class_list":["post-104586","post","type-post","status-publish","format-standard","has-post-thumbnail","hentry","category-barretos","category-cidades"],"yoast_head":"<!-- This site is optimized with the Yoast SEO plugin v27.4 - https:\/\/yoast.com\/product\/yoast-seo-wordpress\/ -->\n<title>Rota da Capelas j\u00e1 tem pra\u00e7a e tr\u00eas portais na 1\u00aa etapa do trajeto I - Regi\u00e3o News<\/title>\n<meta name=\"robots\" content=\"index, follow, max-snippet:-1, max-image-preview:large, max-video-preview:-1\" \/>\n<link rel=\"canonical\" href=\"https:\/\/regiaonews.net.br\/2022\/2024\/05\/06\/rota-da-capelas-ja-tem-praca-e-tres-portais-na-1a-etapa-do-trajeto-i\/\" \/>\n<meta property=\"og:locale\" content=\"pt_BR\" \/>\n<meta property=\"og:type\" content=\"article\" \/>\n<meta property=\"og:title\" content=\"Rota da Capelas j\u00e1 tem pra\u00e7a e tr\u00eas portais na 1\u00aa etapa do trajeto I - Regi\u00e3o News\" \/>\n<meta property=\"og:description\" content=\"Os ciclistas iniciaram a alguns anos, um projeto de recupera\u00e7\u00e3o\" \/>\n<meta property=\"og:url\" content=\"https:\/\/regiaonews.net.br\/2022\/2024\/05\/06\/rota-da-capelas-ja-tem-praca-e-tres-portais-na-1a-etapa-do-trajeto-i\/\" \/>\n<meta property=\"og:site_name\" content=\"Regi\u00e3o News\" \/>\n<meta property=\"article:published_time\" content=\"2024-05-06T22:19:43+00:00\" \/>\n<meta property=\"og:image\" content=\"https:\/\/regiaonews.net.br\/2022\/wp-content\/uploads\/2024\/05\/WhatsApp-Image-2024-05-06-at-17.13.07.jpeg\" \/>\n\t<meta property=\"og:image:width\" content=\"1280\" \/>\n\t<meta property=\"og:image:height\" content=\"963\" \/>\n\t<meta property=\"og:image:type\" content=\"image\/jpeg\" \/>\n<meta name=\"author\" content=\"Roberto\" \/>\n<meta name=\"twitter:card\" content=\"summary_large_image\" \/>\n<meta name=\"twitter:label1\" content=\"Escrito por\" \/>\n\t<meta name=\"twitter:data1\" content=\"Roberto\" \/>\n\t<meta name=\"twitter:label2\" content=\"Est. tempo de leitura\" \/>\n\t<meta name=\"twitter:data2\" content=\"3 minutos\" \/>\n<script type=\"application\/ld+json\" class=\"yoast-schema-graph\">{\"@context\":\"https:\\\/\\\/schema.org\",\"@graph\":[{\"@type\":\"Article\",\"@id\":\"https:\\\/\\\/regiaonews.net.br\\\/2022\\\/2024\\\/05\\\/06\\\/rota-da-capelas-ja-tem-praca-e-tres-portais-na-1a-etapa-do-trajeto-i\\\/#article\",\"isPartOf\":{\"@id\":\"https:\\\/\\\/regiaonews.net.br\\\/2022\\\/2024\\\/05\\\/06\\\/rota-da-capelas-ja-tem-praca-e-tres-portais-na-1a-etapa-do-trajeto-i\\\/\"},\"author\":{\"name\":\"Roberto\",\"@id\":\"https:\\\/\\\/regiaonews.net.br\\\/2022\\\/#\\\/schema\\\/person\\\/2d205a608a5aa97ac279d7a5e6d89ad8\"},\"headline\":\"Rota da Capelas j\u00e1 tem pra\u00e7a e tr\u00eas portais na 1\u00aa etapa do trajeto I\",\"datePublished\":\"2024-05-06T22:19:43+00:00\",\"mainEntityOfPage\":{\"@id\":\"https:\\\/\\\/regiaonews.net.br\\\/2022\\\/2024\\\/05\\\/06\\\/rota-da-capelas-ja-tem-praca-e-tres-portais-na-1a-etapa-do-trajeto-i\\\/\"},\"wordCount\":468,\"commentCount\":0,\"publisher\":{\"@id\":\"https:\\\/\\\/regiaonews.net.br\\\/2022\\\/#organization\"},\"image\":{\"@id\":\"https:\\\/\\\/regiaonews.net.br\\\/2022\\\/2024\\\/05\\\/06\\\/rota-da-capelas-ja-tem-praca-e-tres-portais-na-1a-etapa-do-trajeto-i\\\/#primaryimage\"},\"thumbnailUrl\":\"https:\\\/\\\/regiaonews.net.br\\\/2022\\\/wp-content\\\/uploads\\\/2024\\\/05\\\/WhatsApp-Image-2024-05-06-at-17.13.07.jpeg\",\"articleSection\":[\"Barretos\",\"Cidades\"],\"inLanguage\":\"pt-BR\",\"potentialAction\":[{\"@type\":\"CommentAction\",\"name\":\"Comment\",\"target\":[\"https:\\\/\\\/regiaonews.net.br\\\/2022\\\/2024\\\/05\\\/06\\\/rota-da-capelas-ja-tem-praca-e-tres-portais-na-1a-etapa-do-trajeto-i\\\/#respond\"]}]},{\"@type\":\"WebPage\",\"@id\":\"https:\\\/\\\/regiaonews.net.br\\\/2022\\\/2024\\\/05\\\/06\\\/rota-da-capelas-ja-tem-praca-e-tres-portais-na-1a-etapa-do-trajeto-i\\\/\",\"url\":\"https:\\\/\\\/regiaonews.net.br\\\/2022\\\/2024\\\/05\\\/06\\\/rota-da-capelas-ja-tem-praca-e-tres-portais-na-1a-etapa-do-trajeto-i\\\/\",\"name\":\"Rota da Capelas j\u00e1 tem pra\u00e7a e tr\u00eas portais na 1\u00aa etapa do trajeto I - Regi\u00e3o News\",\"isPartOf\":{\"@id\":\"https:\\\/\\\/regiaonews.net.br\\\/2022\\\/#website\"},\"primaryImageOfPage\":{\"@id\":\"https:\\\/\\\/regiaonews.net.br\\\/2022\\\/2024\\\/05\\\/06\\\/rota-da-capelas-ja-tem-praca-e-tres-portais-na-1a-etapa-do-trajeto-i\\\/#primaryimage\"},\"image\":{\"@id\":\"https:\\\/\\\/regiaonews.net.br\\\/2022\\\/2024\\\/05\\\/06\\\/rota-da-capelas-ja-tem-praca-e-tres-portais-na-1a-etapa-do-trajeto-i\\\/#primaryimage\"},\"thumbnailUrl\":\"https:\\\/\\\/regiaonews.net.br\\\/2022\\\/wp-content\\\/uploads\\\/2024\\\/05\\\/WhatsApp-Image-2024-05-06-at-17.13.07.jpeg\",\"datePublished\":\"2024-05-06T22:19:43+00:00\",\"breadcrumb\":{\"@id\":\"https:\\\/\\\/regiaonews.net.br\\\/2022\\\/2024\\\/05\\\/06\\\/rota-da-capelas-ja-tem-praca-e-tres-portais-na-1a-etapa-do-trajeto-i\\\/#breadcrumb\"},\"inLanguage\":\"pt-BR\",\"potentialAction\":[{\"@type\":\"ReadAction\",\"target\":[\"https:\\\/\\\/regiaonews.net.br\\\/2022\\\/2024\\\/05\\\/06\\\/rota-da-capelas-ja-tem-praca-e-tres-portais-na-1a-etapa-do-trajeto-i\\\/\"]}]},{\"@type\":\"ImageObject\",\"inLanguage\":\"pt-BR\",\"@id\":\"https:\\\/\\\/regiaonews.net.br\\\/2022\\\/2024\\\/05\\\/06\\\/rota-da-capelas-ja-tem-praca-e-tres-portais-na-1a-etapa-do-trajeto-i\\\/#primaryimage\",\"url\":\"https:\\\/\\\/regiaonews.net.br\\\/2022\\\/wp-content\\\/uploads\\\/2024\\\/05\\\/WhatsApp-Image-2024-05-06-at-17.13.07.jpeg\",\"contentUrl\":\"https:\\\/\\\/regiaonews.net.br\\\/2022\\\/wp-content\\\/uploads\\\/2024\\\/05\\\/WhatsApp-Image-2024-05-06-at-17.13.07.jpeg\",\"width\":1280,\"height\":963},{\"@type\":\"BreadcrumbList\",\"@id\":\"https:\\\/\\\/regiaonews.net.br\\\/2022\\\/2024\\\/05\\\/06\\\/rota-da-capelas-ja-tem-praca-e-tres-portais-na-1a-etapa-do-trajeto-i\\\/#breadcrumb\",\"itemListElement\":[{\"@type\":\"ListItem\",\"position\":1,\"name\":\"In\u00edcio\",\"item\":\"https:\\\/\\\/regiaonews.net.br\\\/2022\\\/\"},{\"@type\":\"ListItem\",\"position\":2,\"name\":\"Rota da Capelas j\u00e1 tem pra\u00e7a e tr\u00eas portais na 1\u00aa etapa do trajeto I\"}]},{\"@type\":\"WebSite\",\"@id\":\"https:\\\/\\\/regiaonews.net.br\\\/2022\\\/#website\",\"url\":\"https:\\\/\\\/regiaonews.net.br\\\/2022\\\/\",\"name\":\"Regi\u00e3o News\",\"description\":\"Site de Not\u00edcias de Barretos e regi\u00e3o\",\"publisher\":{\"@id\":\"https:\\\/\\\/regiaonews.net.br\\\/2022\\\/#organization\"},\"potentialAction\":[{\"@type\":\"SearchAction\",\"target\":{\"@type\":\"EntryPoint\",\"urlTemplate\":\"https:\\\/\\\/regiaonews.net.br\\\/2022\\\/?s={search_term_string}\"},\"query-input\":{\"@type\":\"PropertyValueSpecification\",\"valueRequired\":true,\"valueName\":\"search_term_string\"}}],\"inLanguage\":\"pt-BR\"},{\"@type\":\"Organization\",\"@id\":\"https:\\\/\\\/regiaonews.net.br\\\/2022\\\/#organization\",\"name\":\"Regi\u00e3o News\",\"url\":\"https:\\\/\\\/regiaonews.net.br\\\/2022\\\/\",\"logo\":{\"@type\":\"ImageObject\",\"inLanguage\":\"pt-BR\",\"@id\":\"https:\\\/\\\/regiaonews.net.br\\\/2022\\\/#\\\/schema\\\/logo\\\/image\\\/\",\"url\":\"https:\\\/\\\/regiaonews.net.br\\\/2022\\\/wp-content\\\/uploads\\\/2026\\\/03\\\/regiao-13-anos-scaled.jpg\",\"contentUrl\":\"https:\\\/\\\/regiaonews.net.br\\\/2022\\\/wp-content\\\/uploads\\\/2026\\\/03\\\/regiao-13-anos-scaled.jpg\",\"width\":2560,\"height\":635,\"caption\":\"Regi\u00e3o News\"},\"image\":{\"@id\":\"https:\\\/\\\/regiaonews.net.br\\\/2022\\\/#\\\/schema\\\/logo\\\/image\\\/\"}},{\"@type\":\"Person\",\"@id\":\"https:\\\/\\\/regiaonews.net.br\\\/2022\\\/#\\\/schema\\\/person\\\/2d205a608a5aa97ac279d7a5e6d89ad8\",\"name\":\"Roberto\",\"image\":{\"@type\":\"ImageObject\",\"inLanguage\":\"pt-BR\",\"@id\":\"https:\\\/\\\/secure.gravatar.com\\\/avatar\\\/42749d8b712ff9d59ca93dc150494e5b55a44134482993f5baeb97e61b7ecc89?s=96&d=mm&r=g\",\"url\":\"https:\\\/\\\/secure.gravatar.com\\\/avatar\\\/42749d8b712ff9d59ca93dc150494e5b55a44134482993f5baeb97e61b7ecc89?s=96&d=mm&r=g\",\"contentUrl\":\"https:\\\/\\\/secure.gravatar.com\\\/avatar\\\/42749d8b712ff9d59ca93dc150494e5b55a44134482993f5baeb97e61b7ecc89?s=96&d=mm&r=g\",\"caption\":\"Roberto\"},\"url\":\"https:\\\/\\\/regiaonews.net.br\\\/2022\\\/author\\\/roberto\\\/\"}]}<\/script>\n<!-- \/ Yoast SEO plugin. -->","yoast_head_json":{"title":"Rota da Capelas j\u00e1 tem pra\u00e7a e tr\u00eas portais na 1\u00aa etapa do trajeto I - Regi\u00e3o News","robots":{"index":"index","follow":"follow","max-snippet":"max-snippet:-1","max-image-preview":"max-image-preview:large","max-video-preview":"max-video-preview:-1"},"canonical":"https:\/\/regiaonews.net.br\/2022\/2024\/05\/06\/rota-da-capelas-ja-tem-praca-e-tres-portais-na-1a-etapa-do-trajeto-i\/","og_locale":"pt_BR","og_type":"article","og_title":"Rota da Capelas j\u00e1 tem pra\u00e7a e tr\u00eas portais na 1\u00aa etapa do trajeto I - Regi\u00e3o News","og_description":"Os ciclistas iniciaram a alguns anos, um projeto de recupera\u00e7\u00e3o","og_url":"https:\/\/regiaonews.net.br\/2022\/2024\/05\/06\/rota-da-capelas-ja-tem-praca-e-tres-portais-na-1a-etapa-do-trajeto-i\/","og_site_name":"Regi\u00e3o News","article_published_time":"2024-05-06T22:19:43+00:00","og_image":[{"width":1280,"height":963,"url":"https:\/\/regiaonews.net.br\/2022\/wp-content\/uploads\/2024\/05\/WhatsApp-Image-2024-05-06-at-17.13.07.jpeg","type":"image\/jpeg"}],"author":"Roberto","twitter_card":"summary_large_image","twitter_misc":{"Escrito por":"Roberto","Est. tempo de leitura":"3 minutos"},"schema":{"@context":"https:\/\/schema.org","@graph":[{"@type":"Article","@id":"https:\/\/regiaonews.net.br\/2022\/2024\/05\/06\/rota-da-capelas-ja-tem-praca-e-tres-portais-na-1a-etapa-do-trajeto-i\/#article","isPartOf":{"@id":"https:\/\/regiaonews.net.br\/2022\/2024\/05\/06\/rota-da-capelas-ja-tem-praca-e-tres-portais-na-1a-etapa-do-trajeto-i\/"},"author":{"name":"Roberto","@id":"https:\/\/regiaonews.net.br\/2022\/#\/schema\/person\/2d205a608a5aa97ac279d7a5e6d89ad8"},"headline":"Rota da Capelas j\u00e1 tem pra\u00e7a e tr\u00eas portais na 1\u00aa etapa do trajeto I","datePublished":"2024-05-06T22:19:43+00:00","mainEntityOfPage":{"@id":"https:\/\/regiaonews.net.br\/2022\/2024\/05\/06\/rota-da-capelas-ja-tem-praca-e-tres-portais-na-1a-etapa-do-trajeto-i\/"},"wordCount":468,"commentCount":0,"publisher":{"@id":"https:\/\/regiaonews.net.br\/2022\/#organization"},"image":{"@id":"https:\/\/regiaonews.net.br\/2022\/2024\/05\/06\/rota-da-capelas-ja-tem-praca-e-tres-portais-na-1a-etapa-do-trajeto-i\/#primaryimage"},"thumbnailUrl":"https:\/\/regiaonews.net.br\/2022\/wp-content\/uploads\/2024\/05\/WhatsApp-Image-2024-05-06-at-17.13.07.jpeg","articleSection":["Barretos","Cidades"],"inLanguage":"pt-BR","potentialAction":[{"@type":"CommentAction","name":"Comment","target":["https:\/\/regiaonews.net.br\/2022\/2024\/05\/06\/rota-da-capelas-ja-tem-praca-e-tres-portais-na-1a-etapa-do-trajeto-i\/#respond"]}]},{"@type":"WebPage","@id":"https:\/\/regiaonews.net.br\/2022\/2024\/05\/06\/rota-da-capelas-ja-tem-praca-e-tres-portais-na-1a-etapa-do-trajeto-i\/","url":"https:\/\/regiaonews.net.br\/2022\/2024\/05\/06\/rota-da-capelas-ja-tem-praca-e-tres-portais-na-1a-etapa-do-trajeto-i\/","name":"Rota da Capelas j\u00e1 tem pra\u00e7a e tr\u00eas portais na 1\u00aa etapa do trajeto I - Regi\u00e3o News","isPartOf":{"@id":"https:\/\/regiaonews.net.br\/2022\/#website"},"primaryImageOfPage":{"@id":"https:\/\/regiaonews.net.br\/2022\/2024\/05\/06\/rota-da-capelas-ja-tem-praca-e-tres-portais-na-1a-etapa-do-trajeto-i\/#primaryimage"},"image":{"@id":"https:\/\/regiaonews.net.br\/2022\/2024\/05\/06\/rota-da-capelas-ja-tem-praca-e-tres-portais-na-1a-etapa-do-trajeto-i\/#primaryimage"},"thumbnailUrl":"https:\/\/regiaonews.net.br\/2022\/wp-content\/uploads\/2024\/05\/WhatsApp-Image-2024-05-06-at-17.13.07.jpeg","datePublished":"2024-05-06T22:19:43+00:00","breadcrumb":{"@id":"https:\/\/regiaonews.net.br\/2022\/2024\/05\/06\/rota-da-capelas-ja-tem-praca-e-tres-portais-na-1a-etapa-do-trajeto-i\/#breadcrumb"},"inLanguage":"pt-BR","potentialAction":[{"@type":"ReadAction","target":["https:\/\/regiaonews.net.br\/2022\/2024\/05\/06\/rota-da-capelas-ja-tem-praca-e-tres-portais-na-1a-etapa-do-trajeto-i\/"]}]},{"@type":"ImageObject","inLanguage":"pt-BR","@id":"https:\/\/regiaonews.net.br\/2022\/2024\/05\/06\/rota-da-capelas-ja-tem-praca-e-tres-portais-na-1a-etapa-do-trajeto-i\/#primaryimage","url":"https:\/\/regiaonews.net.br\/2022\/wp-content\/uploads\/2024\/05\/WhatsApp-Image-2024-05-06-at-17.13.07.jpeg","contentUrl":"https:\/\/regiaonews.net.br\/2022\/wp-content\/uploads\/2024\/05\/WhatsApp-Image-2024-05-06-at-17.13.07.jpeg","width":1280,"height":963},{"@type":"BreadcrumbList","@id":"https:\/\/regiaonews.net.br\/2022\/2024\/05\/06\/rota-da-capelas-ja-tem-praca-e-tres-portais-na-1a-etapa-do-trajeto-i\/#breadcrumb","itemListElement":[{"@type":"ListItem","position":1,"name":"In\u00edcio","item":"https:\/\/regiaonews.net.br\/2022\/"},{"@type":"ListItem","position":2,"name":"Rota da Capelas j\u00e1 tem pra\u00e7a e tr\u00eas portais na 1\u00aa etapa do trajeto I"}]},{"@type":"WebSite","@id":"https:\/\/regiaonews.net.br\/2022\/#website","url":"https:\/\/regiaonews.net.br\/2022\/","name":"Regi\u00e3o News","description":"Site de Not\u00edcias de Barretos e regi\u00e3o","publisher":{"@id":"https:\/\/regiaonews.net.br\/2022\/#organization"},"potentialAction":[{"@type":"SearchAction","target":{"@type":"EntryPoint","urlTemplate":"https:\/\/regiaonews.net.br\/2022\/?s={search_term_string}"},"query-input":{"@type":"PropertyValueSpecification","valueRequired":true,"valueName":"search_term_string"}}],"inLanguage":"pt-BR"},{"@type":"Organization","@id":"https:\/\/regiaonews.net.br\/2022\/#organization","name":"Regi\u00e3o News","url":"https:\/\/regiaonews.net.br\/2022\/","logo":{"@type":"ImageObject","inLanguage":"pt-BR","@id":"https:\/\/regiaonews.net.br\/2022\/#\/schema\/logo\/image\/","url":"https:\/\/regiaonews.net.br\/2022\/wp-content\/uploads\/2026\/03\/regiao-13-anos-scaled.jpg","contentUrl":"https:\/\/regiaonews.net.br\/2022\/wp-content\/uploads\/2026\/03\/regiao-13-anos-scaled.jpg","width":2560,"height":635,"caption":"Regi\u00e3o News"},"image":{"@id":"https:\/\/regiaonews.net.br\/2022\/#\/schema\/logo\/image\/"}},{"@type":"Person","@id":"https:\/\/regiaonews.net.br\/2022\/#\/schema\/person\/2d205a608a5aa97ac279d7a5e6d89ad8","name":"Roberto","image":{"@type":"ImageObject","inLanguage":"pt-BR","@id":"https:\/\/secure.gravatar.com\/avatar\/42749d8b712ff9d59ca93dc150494e5b55a44134482993f5baeb97e61b7ecc89?s=96&d=mm&r=g","url":"https:\/\/secure.gravatar.com\/avatar\/42749d8b712ff9d59ca93dc150494e5b55a44134482993f5baeb97e61b7ecc89?s=96&d=mm&r=g","contentUrl":"https:\/\/secure.gravatar.com\/avatar\/42749d8b712ff9d59ca93dc150494e5b55a44134482993f5baeb97e61b7ecc89?s=96&d=mm&r=g","caption":"Roberto"},"url":"https:\/\/regiaonews.net.br\/2022\/author\/roberto\/"}]}},"publishpress_future_action":{"enabled":false,"date":"2026-05-03 08:48:46","action":"change-status","newStatus":"draft","terms":[],"taxonomy":"category","extraData":[]},"publishpress_future_workflow_manual_trigger":{"enabledWorkflows":[]},"_links":{"self":[{"href":"https:\/\/regiaonews.net.br\/2022\/wp-json\/wp\/v2\/posts\/104586","targetHints":{"allow":["GET"]}}],"collection":[{"href":"https:\/\/regiaonews.net.br\/2022\/wp-json\/wp\/v2\/posts"}],"about":[{"href":"https:\/\/regiaonews.net.br\/2022\/wp-json\/wp\/v2\/types\/post"}],"author":[{"embeddable":true,"href":"https:\/\/regiaonews.net.br\/2022\/wp-json\/wp\/v2\/users\/2"}],"replies":[{"embeddable":true,"href":"https:\/\/regiaonews.net.br\/2022\/wp-json\/wp\/v2\/comments?post=104586"}],"version-history":[{"count":1,"href":"https:\/\/regiaonews.net.br\/2022\/wp-json\/wp\/v2\/posts\/104586\/revisions"}],"predecessor-version":[{"id":104588,"href":"https:\/\/regiaonews.net.br\/2022\/wp-json\/wp\/v2\/posts\/104586\/revisions\/104588"}],"wp:featuredmedia":[{"embeddable":true,"href":"https:\/\/regiaonews.net.br\/2022\/wp-json\/wp\/v2\/media\/104587"}],"wp:attachment":[{"href":"https:\/\/regiaonews.net.br\/2022\/wp-json\/wp\/v2\/media?parent=104586"}],"wp:term":[{"taxonomy":"category","embeddable":true,"href":"https:\/\/regiaonews.net.br\/2022\/wp-json\/wp\/v2\/categories?post=104586"},{"taxonomy":"post_tag","embeddable":true,"href":"https:\/\/regiaonews.net.br\/2022\/wp-json\/wp\/v2\/tags?post=104586"}],"curies":[{"name":"wp","href":"https:\/\/api.w.org\/{rel}","templated":true}]}}