{"id":104577,"date":"2024-05-06T14:08:16","date_gmt":"2024-05-06T17:08:16","guid":{"rendered":"https:\/\/regiaonews.net.br\/2022\/?p=104577"},"modified":"2024-05-06T14:08:16","modified_gmt":"2024-05-06T17:08:16","slug":"barretos-recebe-circuito-sesc-das-artes-2024-com-atracoes-artisticas-e-divertidas-para-toda-a-familia","status":"publish","type":"post","link":"https:\/\/regiaonews.net.br\/2022\/2024\/05\/06\/barretos-recebe-circuito-sesc-das-artes-2024-com-atracoes-artisticas-e-divertidas-para-toda-a-familia\/","title":{"rendered":"Barretos recebe Circuito Sesc das Artes 2024 com atra\u00e7\u00f5es art\u00edsticas e divertidas para toda a fam\u00edlia"},"content":{"rendered":"<h3 style=\"text-align: center;\">A iniciativa \u00e9 uma parceria entre a Prefeitura de Barretos e o Sesc Ribeir\u00e3o Preto<\/h3>\n<p>\u201cArte na rua para todas as pessoas\u201d \u00e9 o prop\u00f3sito do Circuito Sesc das Artes, que traz uma extensa programa\u00e7\u00e3o nas \u00e1reas de m\u00fasica, teatro, dan\u00e7a, circo, cinema, literatura, artes visuais e tecnologias. Em Barretos, o evento ser\u00e1 realizado no dia 11 de maio, s\u00e1bado, na Pra\u00e7a da Primavera, das 16h \u00e0s 20h.<\/p>\n<p>O Circuito ocupa espa\u00e7os p\u00fablicos que tradicionalmente s\u00e3o pontos de encontro no munic\u00edpio, convidando a popula\u00e7\u00e3o a vivenciar um dia diferente e com novas experi\u00eancias. A tarde promete muita divers\u00e3o. Quem est\u00e1 de passagem para e aproveita, e quem mora nas redondezas tamb\u00e9m se junta \u00e0 plateia para assistir as apresenta\u00e7\u00f5es, entrar no clima e participar das dan\u00e7as.<\/p>\n<p>O projeto \u00e9 realizado em v\u00e1rias cidades pelo Sesc SP em parceria com as prefeituras municipais. Em Barretos, por meio do do Sesc Ribeir\u00e3o Preto. O circuito busca promover a divulga\u00e7\u00e3o e circula\u00e7\u00e3o das atividades art\u00edsticas em todo o Estado de S\u00e3o Paulo, movimentando a Cultura e Economia Criativa dos munic\u00edpios.<\/p>\n<p>Confira as atra\u00e7\u00f5es:<br \/>\n\u201cGinga\u201d \u2013 Espet\u00e1culo que combina m\u00fasica, equilibrismo, acrobacia e humor;<\/p>\n<p>\u201cJam Dancing\u201d &#8211; Exibem dan\u00e7a e figurinos customizados dispon\u00edveis para quem quiser entrar no clima da apresenta\u00e7\u00e3o;<\/p>\n<p>\u201cBrincando de Contar no Circo da Lua\u201d \u2013 Leitura divertida com v\u00e1rios livros de literatura infanto-juvenil;<\/p>\n<p>\u201cDj Cad\u00fa Araujo\u201d \u2013 Atuante na \u00e1rea de Hip-hop e DJ h\u00e1 mais de 20 anos;<\/p>\n<p>\u201cNoite de brinquedo no terreiro de Yay\u00e1\u201d \u2013 Pe\u00e7a de teatro do grupo Cl\u00e3 do Jabuti, ambientada em meio \u00e0 folia do reisado (Festa tradicional do Cariri cearense) .<\/p>\n<p>Servi\u00e7o:<br \/>\nAssunto: Circuito Sesc das Artes 2024.<br \/>\nData: S\u00e1bado, dia 11\/05.<br \/>\nLocal: Pra\u00e7a da Primavera, na Rua 16 \u2013 Centro.<br \/>\nHor\u00e1rio: Das 16 \u00e0s 20h.<\/p>\n","protected":false},"excerpt":{"rendered":"<p>A iniciativa \u00e9 uma parceria entre a Prefeitura de Barretos<\/p>\n","protected":false},"author":2,"featured_media":104578,"comment_status":"open","ping_status":"open","sticky":false,"template":"","format":"standard","meta":{"footnotes":""},"categories":[14,3],"tags":[],"class_list":["post-104577","post","type-post","status-publish","format-standard","has-post-thumbnail","hentry","category-barretos","category-geral"],"yoast_head":"<!-- This site is optimized with the Yoast SEO plugin v27.4 - https:\/\/yoast.com\/product\/yoast-seo-wordpress\/ -->\n<title>Barretos recebe Circuito Sesc das Artes 2024 com atra\u00e7\u00f5es art\u00edsticas e divertidas para toda a fam\u00edlia - Regi\u00e3o News<\/title>\n<meta name=\"robots\" content=\"index, follow, max-snippet:-1, max-image-preview:large, max-video-preview:-1\" \/>\n<link rel=\"canonical\" href=\"https:\/\/regiaonews.net.br\/2022\/2024\/05\/06\/barretos-recebe-circuito-sesc-das-artes-2024-com-atracoes-artisticas-e-divertidas-para-toda-a-familia\/\" \/>\n<meta property=\"og:locale\" content=\"pt_BR\" \/>\n<meta property=\"og:type\" content=\"article\" \/>\n<meta property=\"og:title\" content=\"Barretos recebe Circuito Sesc das Artes 2024 com atra\u00e7\u00f5es art\u00edsticas e divertidas para toda a fam\u00edlia - Regi\u00e3o News\" \/>\n<meta property=\"og:description\" content=\"A iniciativa \u00e9 uma parceria entre a Prefeitura de Barretos\" \/>\n<meta property=\"og:url\" content=\"https:\/\/regiaonews.net.br\/2022\/2024\/05\/06\/barretos-recebe-circuito-sesc-das-artes-2024-com-atracoes-artisticas-e-divertidas-para-toda-a-familia\/\" \/>\n<meta property=\"og:site_name\" content=\"Regi\u00e3o News\" \/>\n<meta property=\"article:published_time\" content=\"2024-05-06T17:08:16+00:00\" \/>\n<meta property=\"og:image\" content=\"https:\/\/regiaonews.net.br\/2022\/wp-content\/uploads\/2024\/05\/Imagem-do-WhatsApp-de-2024-05-06-as-10.46.48_9239d542.jpg\" \/>\n\t<meta property=\"og:image:width\" content=\"1600\" \/>\n\t<meta property=\"og:image:height\" content=\"1600\" \/>\n\t<meta property=\"og:image:type\" content=\"image\/jpeg\" \/>\n<meta name=\"author\" content=\"Roberto\" \/>\n<meta name=\"twitter:card\" content=\"summary_large_image\" \/>\n<meta name=\"twitter:label1\" content=\"Escrito por\" \/>\n\t<meta name=\"twitter:data1\" content=\"Roberto\" \/>\n\t<meta name=\"twitter:label2\" content=\"Est. tempo de leitura\" \/>\n\t<meta name=\"twitter:data2\" content=\"2 minutos\" \/>\n<script type=\"application\/ld+json\" class=\"yoast-schema-graph\">{\"@context\":\"https:\\\/\\\/schema.org\",\"@graph\":[{\"@type\":\"Article\",\"@id\":\"https:\\\/\\\/regiaonews.net.br\\\/2022\\\/2024\\\/05\\\/06\\\/barretos-recebe-circuito-sesc-das-artes-2024-com-atracoes-artisticas-e-divertidas-para-toda-a-familia\\\/#article\",\"isPartOf\":{\"@id\":\"https:\\\/\\\/regiaonews.net.br\\\/2022\\\/2024\\\/05\\\/06\\\/barretos-recebe-circuito-sesc-das-artes-2024-com-atracoes-artisticas-e-divertidas-para-toda-a-familia\\\/\"},\"author\":{\"name\":\"Roberto\",\"@id\":\"https:\\\/\\\/regiaonews.net.br\\\/2022\\\/#\\\/schema\\\/person\\\/2d205a608a5aa97ac279d7a5e6d89ad8\"},\"headline\":\"Barretos recebe Circuito Sesc das Artes 2024 com atra\u00e7\u00f5es art\u00edsticas e divertidas para toda a fam\u00edlia\",\"datePublished\":\"2024-05-06T17:08:16+00:00\",\"mainEntityOfPage\":{\"@id\":\"https:\\\/\\\/regiaonews.net.br\\\/2022\\\/2024\\\/05\\\/06\\\/barretos-recebe-circuito-sesc-das-artes-2024-com-atracoes-artisticas-e-divertidas-para-toda-a-familia\\\/\"},\"wordCount\":330,\"commentCount\":0,\"publisher\":{\"@id\":\"https:\\\/\\\/regiaonews.net.br\\\/2022\\\/#organization\"},\"image\":{\"@id\":\"https:\\\/\\\/regiaonews.net.br\\\/2022\\\/2024\\\/05\\\/06\\\/barretos-recebe-circuito-sesc-das-artes-2024-com-atracoes-artisticas-e-divertidas-para-toda-a-familia\\\/#primaryimage\"},\"thumbnailUrl\":\"https:\\\/\\\/regiaonews.net.br\\\/2022\\\/wp-content\\\/uploads\\\/2024\\\/05\\\/Imagem-do-WhatsApp-de-2024-05-06-as-10.46.48_9239d542.jpg\",\"articleSection\":[\"Barretos\",\"Geral\"],\"inLanguage\":\"pt-BR\",\"potentialAction\":[{\"@type\":\"CommentAction\",\"name\":\"Comment\",\"target\":[\"https:\\\/\\\/regiaonews.net.br\\\/2022\\\/2024\\\/05\\\/06\\\/barretos-recebe-circuito-sesc-das-artes-2024-com-atracoes-artisticas-e-divertidas-para-toda-a-familia\\\/#respond\"]}]},{\"@type\":\"WebPage\",\"@id\":\"https:\\\/\\\/regiaonews.net.br\\\/2022\\\/2024\\\/05\\\/06\\\/barretos-recebe-circuito-sesc-das-artes-2024-com-atracoes-artisticas-e-divertidas-para-toda-a-familia\\\/\",\"url\":\"https:\\\/\\\/regiaonews.net.br\\\/2022\\\/2024\\\/05\\\/06\\\/barretos-recebe-circuito-sesc-das-artes-2024-com-atracoes-artisticas-e-divertidas-para-toda-a-familia\\\/\",\"name\":\"Barretos recebe Circuito Sesc das Artes 2024 com atra\u00e7\u00f5es art\u00edsticas e divertidas para toda a fam\u00edlia - Regi\u00e3o News\",\"isPartOf\":{\"@id\":\"https:\\\/\\\/regiaonews.net.br\\\/2022\\\/#website\"},\"primaryImageOfPage\":{\"@id\":\"https:\\\/\\\/regiaonews.net.br\\\/2022\\\/2024\\\/05\\\/06\\\/barretos-recebe-circuito-sesc-das-artes-2024-com-atracoes-artisticas-e-divertidas-para-toda-a-familia\\\/#primaryimage\"},\"image\":{\"@id\":\"https:\\\/\\\/regiaonews.net.br\\\/2022\\\/2024\\\/05\\\/06\\\/barretos-recebe-circuito-sesc-das-artes-2024-com-atracoes-artisticas-e-divertidas-para-toda-a-familia\\\/#primaryimage\"},\"thumbnailUrl\":\"https:\\\/\\\/regiaonews.net.br\\\/2022\\\/wp-content\\\/uploads\\\/2024\\\/05\\\/Imagem-do-WhatsApp-de-2024-05-06-as-10.46.48_9239d542.jpg\",\"datePublished\":\"2024-05-06T17:08:16+00:00\",\"breadcrumb\":{\"@id\":\"https:\\\/\\\/regiaonews.net.br\\\/2022\\\/2024\\\/05\\\/06\\\/barretos-recebe-circuito-sesc-das-artes-2024-com-atracoes-artisticas-e-divertidas-para-toda-a-familia\\\/#breadcrumb\"},\"inLanguage\":\"pt-BR\",\"potentialAction\":[{\"@type\":\"ReadAction\",\"target\":[\"https:\\\/\\\/regiaonews.net.br\\\/2022\\\/2024\\\/05\\\/06\\\/barretos-recebe-circuito-sesc-das-artes-2024-com-atracoes-artisticas-e-divertidas-para-toda-a-familia\\\/\"]}]},{\"@type\":\"ImageObject\",\"inLanguage\":\"pt-BR\",\"@id\":\"https:\\\/\\\/regiaonews.net.br\\\/2022\\\/2024\\\/05\\\/06\\\/barretos-recebe-circuito-sesc-das-artes-2024-com-atracoes-artisticas-e-divertidas-para-toda-a-familia\\\/#primaryimage\",\"url\":\"https:\\\/\\\/regiaonews.net.br\\\/2022\\\/wp-content\\\/uploads\\\/2024\\\/05\\\/Imagem-do-WhatsApp-de-2024-05-06-as-10.46.48_9239d542.jpg\",\"contentUrl\":\"https:\\\/\\\/regiaonews.net.br\\\/2022\\\/wp-content\\\/uploads\\\/2024\\\/05\\\/Imagem-do-WhatsApp-de-2024-05-06-as-10.46.48_9239d542.jpg\",\"width\":1600,\"height\":1600},{\"@type\":\"BreadcrumbList\",\"@id\":\"https:\\\/\\\/regiaonews.net.br\\\/2022\\\/2024\\\/05\\\/06\\\/barretos-recebe-circuito-sesc-das-artes-2024-com-atracoes-artisticas-e-divertidas-para-toda-a-familia\\\/#breadcrumb\",\"itemListElement\":[{\"@type\":\"ListItem\",\"position\":1,\"name\":\"In\u00edcio\",\"item\":\"https:\\\/\\\/regiaonews.net.br\\\/2022\\\/\"},{\"@type\":\"ListItem\",\"position\":2,\"name\":\"Barretos recebe Circuito Sesc das Artes 2024 com atra\u00e7\u00f5es art\u00edsticas e divertidas para toda a fam\u00edlia\"}]},{\"@type\":\"WebSite\",\"@id\":\"https:\\\/\\\/regiaonews.net.br\\\/2022\\\/#website\",\"url\":\"https:\\\/\\\/regiaonews.net.br\\\/2022\\\/\",\"name\":\"Regi\u00e3o News\",\"description\":\"Site de Not\u00edcias de Barretos e regi\u00e3o\",\"publisher\":{\"@id\":\"https:\\\/\\\/regiaonews.net.br\\\/2022\\\/#organization\"},\"potentialAction\":[{\"@type\":\"SearchAction\",\"target\":{\"@type\":\"EntryPoint\",\"urlTemplate\":\"https:\\\/\\\/regiaonews.net.br\\\/2022\\\/?s={search_term_string}\"},\"query-input\":{\"@type\":\"PropertyValueSpecification\",\"valueRequired\":true,\"valueName\":\"search_term_string\"}}],\"inLanguage\":\"pt-BR\"},{\"@type\":\"Organization\",\"@id\":\"https:\\\/\\\/regiaonews.net.br\\\/2022\\\/#organization\",\"name\":\"Regi\u00e3o News\",\"url\":\"https:\\\/\\\/regiaonews.net.br\\\/2022\\\/\",\"logo\":{\"@type\":\"ImageObject\",\"inLanguage\":\"pt-BR\",\"@id\":\"https:\\\/\\\/regiaonews.net.br\\\/2022\\\/#\\\/schema\\\/logo\\\/image\\\/\",\"url\":\"https:\\\/\\\/regiaonews.net.br\\\/2022\\\/wp-content\\\/uploads\\\/2026\\\/03\\\/regiao-13-anos-scaled.jpg\",\"contentUrl\":\"https:\\\/\\\/regiaonews.net.br\\\/2022\\\/wp-content\\\/uploads\\\/2026\\\/03\\\/regiao-13-anos-scaled.jpg\",\"width\":2560,\"height\":635,\"caption\":\"Regi\u00e3o News\"},\"image\":{\"@id\":\"https:\\\/\\\/regiaonews.net.br\\\/2022\\\/#\\\/schema\\\/logo\\\/image\\\/\"}},{\"@type\":\"Person\",\"@id\":\"https:\\\/\\\/regiaonews.net.br\\\/2022\\\/#\\\/schema\\\/person\\\/2d205a608a5aa97ac279d7a5e6d89ad8\",\"name\":\"Roberto\",\"image\":{\"@type\":\"ImageObject\",\"inLanguage\":\"pt-BR\",\"@id\":\"https:\\\/\\\/secure.gravatar.com\\\/avatar\\\/42749d8b712ff9d59ca93dc150494e5b55a44134482993f5baeb97e61b7ecc89?s=96&d=mm&r=g\",\"url\":\"https:\\\/\\\/secure.gravatar.com\\\/avatar\\\/42749d8b712ff9d59ca93dc150494e5b55a44134482993f5baeb97e61b7ecc89?s=96&d=mm&r=g\",\"contentUrl\":\"https:\\\/\\\/secure.gravatar.com\\\/avatar\\\/42749d8b712ff9d59ca93dc150494e5b55a44134482993f5baeb97e61b7ecc89?s=96&d=mm&r=g\",\"caption\":\"Roberto\"},\"url\":\"https:\\\/\\\/regiaonews.net.br\\\/2022\\\/author\\\/roberto\\\/\"}]}<\/script>\n<!-- \/ Yoast SEO plugin. -->","yoast_head_json":{"title":"Barretos recebe Circuito Sesc das Artes 2024 com atra\u00e7\u00f5es art\u00edsticas e divertidas para toda a fam\u00edlia - Regi\u00e3o News","robots":{"index":"index","follow":"follow","max-snippet":"max-snippet:-1","max-image-preview":"max-image-preview:large","max-video-preview":"max-video-preview:-1"},"canonical":"https:\/\/regiaonews.net.br\/2022\/2024\/05\/06\/barretos-recebe-circuito-sesc-das-artes-2024-com-atracoes-artisticas-e-divertidas-para-toda-a-familia\/","og_locale":"pt_BR","og_type":"article","og_title":"Barretos recebe Circuito Sesc das Artes 2024 com atra\u00e7\u00f5es art\u00edsticas e divertidas para toda a fam\u00edlia - Regi\u00e3o News","og_description":"A iniciativa \u00e9 uma parceria entre a Prefeitura de Barretos","og_url":"https:\/\/regiaonews.net.br\/2022\/2024\/05\/06\/barretos-recebe-circuito-sesc-das-artes-2024-com-atracoes-artisticas-e-divertidas-para-toda-a-familia\/","og_site_name":"Regi\u00e3o News","article_published_time":"2024-05-06T17:08:16+00:00","og_image":[{"width":1600,"height":1600,"url":"https:\/\/regiaonews.net.br\/2022\/wp-content\/uploads\/2024\/05\/Imagem-do-WhatsApp-de-2024-05-06-as-10.46.48_9239d542.jpg","type":"image\/jpeg"}],"author":"Roberto","twitter_card":"summary_large_image","twitter_misc":{"Escrito por":"Roberto","Est. tempo de leitura":"2 minutos"},"schema":{"@context":"https:\/\/schema.org","@graph":[{"@type":"Article","@id":"https:\/\/regiaonews.net.br\/2022\/2024\/05\/06\/barretos-recebe-circuito-sesc-das-artes-2024-com-atracoes-artisticas-e-divertidas-para-toda-a-familia\/#article","isPartOf":{"@id":"https:\/\/regiaonews.net.br\/2022\/2024\/05\/06\/barretos-recebe-circuito-sesc-das-artes-2024-com-atracoes-artisticas-e-divertidas-para-toda-a-familia\/"},"author":{"name":"Roberto","@id":"https:\/\/regiaonews.net.br\/2022\/#\/schema\/person\/2d205a608a5aa97ac279d7a5e6d89ad8"},"headline":"Barretos recebe Circuito Sesc das Artes 2024 com atra\u00e7\u00f5es art\u00edsticas e divertidas para toda a fam\u00edlia","datePublished":"2024-05-06T17:08:16+00:00","mainEntityOfPage":{"@id":"https:\/\/regiaonews.net.br\/2022\/2024\/05\/06\/barretos-recebe-circuito-sesc-das-artes-2024-com-atracoes-artisticas-e-divertidas-para-toda-a-familia\/"},"wordCount":330,"commentCount":0,"publisher":{"@id":"https:\/\/regiaonews.net.br\/2022\/#organization"},"image":{"@id":"https:\/\/regiaonews.net.br\/2022\/2024\/05\/06\/barretos-recebe-circuito-sesc-das-artes-2024-com-atracoes-artisticas-e-divertidas-para-toda-a-familia\/#primaryimage"},"thumbnailUrl":"https:\/\/regiaonews.net.br\/2022\/wp-content\/uploads\/2024\/05\/Imagem-do-WhatsApp-de-2024-05-06-as-10.46.48_9239d542.jpg","articleSection":["Barretos","Geral"],"inLanguage":"pt-BR","potentialAction":[{"@type":"CommentAction","name":"Comment","target":["https:\/\/regiaonews.net.br\/2022\/2024\/05\/06\/barretos-recebe-circuito-sesc-das-artes-2024-com-atracoes-artisticas-e-divertidas-para-toda-a-familia\/#respond"]}]},{"@type":"WebPage","@id":"https:\/\/regiaonews.net.br\/2022\/2024\/05\/06\/barretos-recebe-circuito-sesc-das-artes-2024-com-atracoes-artisticas-e-divertidas-para-toda-a-familia\/","url":"https:\/\/regiaonews.net.br\/2022\/2024\/05\/06\/barretos-recebe-circuito-sesc-das-artes-2024-com-atracoes-artisticas-e-divertidas-para-toda-a-familia\/","name":"Barretos recebe Circuito Sesc das Artes 2024 com atra\u00e7\u00f5es art\u00edsticas e divertidas para toda a fam\u00edlia - Regi\u00e3o News","isPartOf":{"@id":"https:\/\/regiaonews.net.br\/2022\/#website"},"primaryImageOfPage":{"@id":"https:\/\/regiaonews.net.br\/2022\/2024\/05\/06\/barretos-recebe-circuito-sesc-das-artes-2024-com-atracoes-artisticas-e-divertidas-para-toda-a-familia\/#primaryimage"},"image":{"@id":"https:\/\/regiaonews.net.br\/2022\/2024\/05\/06\/barretos-recebe-circuito-sesc-das-artes-2024-com-atracoes-artisticas-e-divertidas-para-toda-a-familia\/#primaryimage"},"thumbnailUrl":"https:\/\/regiaonews.net.br\/2022\/wp-content\/uploads\/2024\/05\/Imagem-do-WhatsApp-de-2024-05-06-as-10.46.48_9239d542.jpg","datePublished":"2024-05-06T17:08:16+00:00","breadcrumb":{"@id":"https:\/\/regiaonews.net.br\/2022\/2024\/05\/06\/barretos-recebe-circuito-sesc-das-artes-2024-com-atracoes-artisticas-e-divertidas-para-toda-a-familia\/#breadcrumb"},"inLanguage":"pt-BR","potentialAction":[{"@type":"ReadAction","target":["https:\/\/regiaonews.net.br\/2022\/2024\/05\/06\/barretos-recebe-circuito-sesc-das-artes-2024-com-atracoes-artisticas-e-divertidas-para-toda-a-familia\/"]}]},{"@type":"ImageObject","inLanguage":"pt-BR","@id":"https:\/\/regiaonews.net.br\/2022\/2024\/05\/06\/barretos-recebe-circuito-sesc-das-artes-2024-com-atracoes-artisticas-e-divertidas-para-toda-a-familia\/#primaryimage","url":"https:\/\/regiaonews.net.br\/2022\/wp-content\/uploads\/2024\/05\/Imagem-do-WhatsApp-de-2024-05-06-as-10.46.48_9239d542.jpg","contentUrl":"https:\/\/regiaonews.net.br\/2022\/wp-content\/uploads\/2024\/05\/Imagem-do-WhatsApp-de-2024-05-06-as-10.46.48_9239d542.jpg","width":1600,"height":1600},{"@type":"BreadcrumbList","@id":"https:\/\/regiaonews.net.br\/2022\/2024\/05\/06\/barretos-recebe-circuito-sesc-das-artes-2024-com-atracoes-artisticas-e-divertidas-para-toda-a-familia\/#breadcrumb","itemListElement":[{"@type":"ListItem","position":1,"name":"In\u00edcio","item":"https:\/\/regiaonews.net.br\/2022\/"},{"@type":"ListItem","position":2,"name":"Barretos recebe Circuito Sesc das Artes 2024 com atra\u00e7\u00f5es art\u00edsticas e divertidas para toda a fam\u00edlia"}]},{"@type":"WebSite","@id":"https:\/\/regiaonews.net.br\/2022\/#website","url":"https:\/\/regiaonews.net.br\/2022\/","name":"Regi\u00e3o News","description":"Site de Not\u00edcias de Barretos e regi\u00e3o","publisher":{"@id":"https:\/\/regiaonews.net.br\/2022\/#organization"},"potentialAction":[{"@type":"SearchAction","target":{"@type":"EntryPoint","urlTemplate":"https:\/\/regiaonews.net.br\/2022\/?s={search_term_string}"},"query-input":{"@type":"PropertyValueSpecification","valueRequired":true,"valueName":"search_term_string"}}],"inLanguage":"pt-BR"},{"@type":"Organization","@id":"https:\/\/regiaonews.net.br\/2022\/#organization","name":"Regi\u00e3o News","url":"https:\/\/regiaonews.net.br\/2022\/","logo":{"@type":"ImageObject","inLanguage":"pt-BR","@id":"https:\/\/regiaonews.net.br\/2022\/#\/schema\/logo\/image\/","url":"https:\/\/regiaonews.net.br\/2022\/wp-content\/uploads\/2026\/03\/regiao-13-anos-scaled.jpg","contentUrl":"https:\/\/regiaonews.net.br\/2022\/wp-content\/uploads\/2026\/03\/regiao-13-anos-scaled.jpg","width":2560,"height":635,"caption":"Regi\u00e3o News"},"image":{"@id":"https:\/\/regiaonews.net.br\/2022\/#\/schema\/logo\/image\/"}},{"@type":"Person","@id":"https:\/\/regiaonews.net.br\/2022\/#\/schema\/person\/2d205a608a5aa97ac279d7a5e6d89ad8","name":"Roberto","image":{"@type":"ImageObject","inLanguage":"pt-BR","@id":"https:\/\/secure.gravatar.com\/avatar\/42749d8b712ff9d59ca93dc150494e5b55a44134482993f5baeb97e61b7ecc89?s=96&d=mm&r=g","url":"https:\/\/secure.gravatar.com\/avatar\/42749d8b712ff9d59ca93dc150494e5b55a44134482993f5baeb97e61b7ecc89?s=96&d=mm&r=g","contentUrl":"https:\/\/secure.gravatar.com\/avatar\/42749d8b712ff9d59ca93dc150494e5b55a44134482993f5baeb97e61b7ecc89?s=96&d=mm&r=g","caption":"Roberto"},"url":"https:\/\/regiaonews.net.br\/2022\/author\/roberto\/"}]}},"publishpress_future_action":{"enabled":false,"date":"2026-05-03 12:34:46","action":"change-status","newStatus":"draft","terms":[],"taxonomy":"category","extraData":[]},"publishpress_future_workflow_manual_trigger":{"enabledWorkflows":[]},"_links":{"self":[{"href":"https:\/\/regiaonews.net.br\/2022\/wp-json\/wp\/v2\/posts\/104577","targetHints":{"allow":["GET"]}}],"collection":[{"href":"https:\/\/regiaonews.net.br\/2022\/wp-json\/wp\/v2\/posts"}],"about":[{"href":"https:\/\/regiaonews.net.br\/2022\/wp-json\/wp\/v2\/types\/post"}],"author":[{"embeddable":true,"href":"https:\/\/regiaonews.net.br\/2022\/wp-json\/wp\/v2\/users\/2"}],"replies":[{"embeddable":true,"href":"https:\/\/regiaonews.net.br\/2022\/wp-json\/wp\/v2\/comments?post=104577"}],"version-history":[{"count":1,"href":"https:\/\/regiaonews.net.br\/2022\/wp-json\/wp\/v2\/posts\/104577\/revisions"}],"predecessor-version":[{"id":104579,"href":"https:\/\/regiaonews.net.br\/2022\/wp-json\/wp\/v2\/posts\/104577\/revisions\/104579"}],"wp:featuredmedia":[{"embeddable":true,"href":"https:\/\/regiaonews.net.br\/2022\/wp-json\/wp\/v2\/media\/104578"}],"wp:attachment":[{"href":"https:\/\/regiaonews.net.br\/2022\/wp-json\/wp\/v2\/media?parent=104577"}],"wp:term":[{"taxonomy":"category","embeddable":true,"href":"https:\/\/regiaonews.net.br\/2022\/wp-json\/wp\/v2\/categories?post=104577"},{"taxonomy":"post_tag","embeddable":true,"href":"https:\/\/regiaonews.net.br\/2022\/wp-json\/wp\/v2\/tags?post=104577"}],"curies":[{"name":"wp","href":"https:\/\/api.w.org\/{rel}","templated":true}]}}