{"id":104539,"date":"2024-05-04T19:19:32","date_gmt":"2024-05-04T22:19:32","guid":{"rendered":"https:\/\/regiaonews.net.br\/2022\/?p=104539"},"modified":"2024-05-04T19:19:32","modified_gmt":"2024-05-04T22:19:32","slug":"governo-de-sp-nomeia-4-mil-aprovados-em-concurso-da-policia-civil","status":"publish","type":"post","link":"https:\/\/regiaonews.net.br\/2022\/2024\/05\/04\/governo-de-sp-nomeia-4-mil-aprovados-em-concurso-da-policia-civil\/","title":{"rendered":"Governo de SP nomeia 4 mil aprovados em concurso da Pol\u00edcia Civil"},"content":{"rendered":"<p>&nbsp;<\/p>\n<div class=\"col-lg-12 mt-3\">\n<div>\n<div>O Governo de S\u00e3o Paulo vai publicar nesta sexta-feira (3), no Di\u00e1rio Oficial do Estado, a convoca\u00e7\u00e3o de mais de 4 mil aprovados em concurso para vagas na Pol\u00edcia Civil. A medida assinada pelo governador Tarc\u00edsio de Freitas viabiliza a maior nomea\u00e7\u00e3o da hist\u00f3ria para os quadros da institui\u00e7\u00e3o.<\/div>\n<div><\/div>\n<div>\u201cS\u00e3o milhares de novos profissionais que v\u00e3o compor o nosso time nas for\u00e7as de seguran\u00e7a e estar\u00e3o presentes nas delegacias da capital, do interior e do litoral. Algo que era requerido pela sociedade h\u00e1 muito tempo e que agora vai fazer a diferen\u00e7a para proteger nossa popula\u00e7\u00e3o e refor\u00e7ar o combate permanente ao crime em S\u00e3o Paulo\u201d, afirmou o governador.<\/div>\n<div><\/div>\n<div>A decis\u00e3o contempla os candidatos aprovados no concurso de 2022, al\u00e9m de todos os remanescentes. A medida prev\u00ea a forma\u00e7\u00e3o e contrata\u00e7\u00e3o de 2.208 escriv\u00e3es, 1.260 investigadores, 353 delegados e 196 m\u00e9dicos-legistas. O total de 4.017 candidatos convocados \u00e9 36,7% maior do que o previsto nos editais dos processos seletivos.<\/div>\n<div><\/div>\n<div>De acordo com a Secretaria da Seguran\u00e7a P\u00fablica, a posse dos candidatos em seus cargos deve ocorrer em at\u00e9 15 dias ap\u00f3s as nomea\u00e7\u00f5es. Os convocados passar\u00e3o por cursos de forma\u00e7\u00e3o na Academia de Pol\u00edcia \u2013 os per\u00edodos s\u00e3o de cinco meses para os delegados e de tr\u00eas meses para as outras carreiras.<\/div>\n<div><\/div>\n<div>O Governo de S\u00e3o Paulo tamb\u00e9m d\u00e1 andamento a concursos para o preenchimento de outras 3,5 mil vagas, com 3.135 postos da Pol\u00edcia Civil e 365 da T\u00e9cnico-Cient\u00edfica. Os editais desses processos seletivos foram lan\u00e7ados pela atual gest\u00e3o estadual.<\/div>\n<div><\/div>\n<div>A perspectiva da Secretaria de Seguran\u00e7a P\u00fablica \u00e9 de um aumento de cerca de 30% nos efetivos das pol\u00edcias Civil e T\u00e9cnico-Cientifica. As nomea\u00e7\u00f5es e os novos concursos refor\u00e7am o compromisso do Governo de S\u00e3o Paulo com a valoriza\u00e7\u00e3o das carreiras policiais \u2013 em 2023, o Estado concedeu o maior reajuste salarial da hist\u00f3ria em um primeiro ano de gest\u00e3o para os profissionais das for\u00e7as de seguran\u00e7a.<\/div>\n<div><\/div>\n<div>Al\u00e9m disto, nestes 17 meses investimos cerca de R$ 180 milh\u00f5es de verbas estaduais nas Pol\u00edcias Civil e T\u00e9cnico-Cient\u00edfica, al\u00e9m de outros R$ 121,4 milh\u00f5es de emendas parlamentares e outras fontes. Tais montantes s\u00e3o destinado a constru\u00e7\u00e3o de unidades, aquisi\u00e7\u00e3o de equipamentos e viaturas.<\/div>\n<\/div>\n<\/div>\n","protected":false},"excerpt":{"rendered":"<p>&nbsp; O Governo de S\u00e3o Paulo vai publicar nesta sexta-feira<\/p>\n","protected":false},"author":2,"featured_media":104540,"comment_status":"open","ping_status":"open","sticky":false,"template":"","format":"standard","meta":{"footnotes":""},"categories":[7,23],"tags":[],"class_list":["post-104539","post","type-post","status-publish","format-standard","has-post-thumbnail","hentry","category-estado-de-sao-paulo","category-policia"],"yoast_head":"<!-- This site is optimized with the Yoast SEO plugin v27.4 - https:\/\/yoast.com\/product\/yoast-seo-wordpress\/ -->\n<title>Governo de SP nomeia 4 mil aprovados em concurso da Pol\u00edcia Civil - Regi\u00e3o News<\/title>\n<meta name=\"robots\" content=\"index, follow, max-snippet:-1, max-image-preview:large, max-video-preview:-1\" \/>\n<link rel=\"canonical\" href=\"https:\/\/regiaonews.net.br\/2022\/2024\/05\/04\/governo-de-sp-nomeia-4-mil-aprovados-em-concurso-da-policia-civil\/\" \/>\n<meta property=\"og:locale\" content=\"pt_BR\" \/>\n<meta property=\"og:type\" content=\"article\" \/>\n<meta property=\"og:title\" content=\"Governo de SP nomeia 4 mil aprovados em concurso da Pol\u00edcia Civil - Regi\u00e3o News\" \/>\n<meta property=\"og:description\" content=\"&nbsp; O Governo de S\u00e3o Paulo vai publicar nesta sexta-feira\" \/>\n<meta property=\"og:url\" content=\"https:\/\/regiaonews.net.br\/2022\/2024\/05\/04\/governo-de-sp-nomeia-4-mil-aprovados-em-concurso-da-policia-civil\/\" \/>\n<meta property=\"og:site_name\" content=\"Regi\u00e3o News\" \/>\n<meta property=\"article:published_time\" content=\"2024-05-04T22:19:32+00:00\" \/>\n<meta property=\"og:image\" content=\"https:\/\/regiaonews.net.br\/2022\/wp-content\/uploads\/2024\/05\/00054349.jpeg\" \/>\n\t<meta property=\"og:image:width\" content=\"1600\" \/>\n\t<meta property=\"og:image:height\" content=\"1200\" \/>\n\t<meta property=\"og:image:type\" content=\"image\/jpeg\" \/>\n<meta name=\"author\" content=\"Roberto\" \/>\n<meta name=\"twitter:card\" content=\"summary_large_image\" \/>\n<meta name=\"twitter:label1\" content=\"Escrito por\" \/>\n\t<meta name=\"twitter:data1\" content=\"Roberto\" \/>\n\t<meta name=\"twitter:label2\" content=\"Est. tempo de leitura\" \/>\n\t<meta name=\"twitter:data2\" content=\"3 minutos\" \/>\n<script type=\"application\/ld+json\" class=\"yoast-schema-graph\">{\"@context\":\"https:\\\/\\\/schema.org\",\"@graph\":[{\"@type\":\"Article\",\"@id\":\"https:\\\/\\\/regiaonews.net.br\\\/2022\\\/2024\\\/05\\\/04\\\/governo-de-sp-nomeia-4-mil-aprovados-em-concurso-da-policia-civil\\\/#article\",\"isPartOf\":{\"@id\":\"https:\\\/\\\/regiaonews.net.br\\\/2022\\\/2024\\\/05\\\/04\\\/governo-de-sp-nomeia-4-mil-aprovados-em-concurso-da-policia-civil\\\/\"},\"author\":{\"name\":\"Roberto\",\"@id\":\"https:\\\/\\\/regiaonews.net.br\\\/2022\\\/#\\\/schema\\\/person\\\/2d205a608a5aa97ac279d7a5e6d89ad8\"},\"headline\":\"Governo de SP nomeia 4 mil aprovados em concurso da Pol\u00edcia Civil\",\"datePublished\":\"2024-05-04T22:19:32+00:00\",\"mainEntityOfPage\":{\"@id\":\"https:\\\/\\\/regiaonews.net.br\\\/2022\\\/2024\\\/05\\\/04\\\/governo-de-sp-nomeia-4-mil-aprovados-em-concurso-da-policia-civil\\\/\"},\"wordCount\":415,\"commentCount\":0,\"publisher\":{\"@id\":\"https:\\\/\\\/regiaonews.net.br\\\/2022\\\/#organization\"},\"image\":{\"@id\":\"https:\\\/\\\/regiaonews.net.br\\\/2022\\\/2024\\\/05\\\/04\\\/governo-de-sp-nomeia-4-mil-aprovados-em-concurso-da-policia-civil\\\/#primaryimage\"},\"thumbnailUrl\":\"https:\\\/\\\/regiaonews.net.br\\\/2022\\\/wp-content\\\/uploads\\\/2024\\\/05\\\/00054349.jpeg\",\"articleSection\":[\"Estado de S\u00e3o Paulo\",\"Policia\"],\"inLanguage\":\"pt-BR\",\"potentialAction\":[{\"@type\":\"CommentAction\",\"name\":\"Comment\",\"target\":[\"https:\\\/\\\/regiaonews.net.br\\\/2022\\\/2024\\\/05\\\/04\\\/governo-de-sp-nomeia-4-mil-aprovados-em-concurso-da-policia-civil\\\/#respond\"]}]},{\"@type\":\"WebPage\",\"@id\":\"https:\\\/\\\/regiaonews.net.br\\\/2022\\\/2024\\\/05\\\/04\\\/governo-de-sp-nomeia-4-mil-aprovados-em-concurso-da-policia-civil\\\/\",\"url\":\"https:\\\/\\\/regiaonews.net.br\\\/2022\\\/2024\\\/05\\\/04\\\/governo-de-sp-nomeia-4-mil-aprovados-em-concurso-da-policia-civil\\\/\",\"name\":\"Governo de SP nomeia 4 mil aprovados em concurso da Pol\u00edcia Civil - Regi\u00e3o News\",\"isPartOf\":{\"@id\":\"https:\\\/\\\/regiaonews.net.br\\\/2022\\\/#website\"},\"primaryImageOfPage\":{\"@id\":\"https:\\\/\\\/regiaonews.net.br\\\/2022\\\/2024\\\/05\\\/04\\\/governo-de-sp-nomeia-4-mil-aprovados-em-concurso-da-policia-civil\\\/#primaryimage\"},\"image\":{\"@id\":\"https:\\\/\\\/regiaonews.net.br\\\/2022\\\/2024\\\/05\\\/04\\\/governo-de-sp-nomeia-4-mil-aprovados-em-concurso-da-policia-civil\\\/#primaryimage\"},\"thumbnailUrl\":\"https:\\\/\\\/regiaonews.net.br\\\/2022\\\/wp-content\\\/uploads\\\/2024\\\/05\\\/00054349.jpeg\",\"datePublished\":\"2024-05-04T22:19:32+00:00\",\"breadcrumb\":{\"@id\":\"https:\\\/\\\/regiaonews.net.br\\\/2022\\\/2024\\\/05\\\/04\\\/governo-de-sp-nomeia-4-mil-aprovados-em-concurso-da-policia-civil\\\/#breadcrumb\"},\"inLanguage\":\"pt-BR\",\"potentialAction\":[{\"@type\":\"ReadAction\",\"target\":[\"https:\\\/\\\/regiaonews.net.br\\\/2022\\\/2024\\\/05\\\/04\\\/governo-de-sp-nomeia-4-mil-aprovados-em-concurso-da-policia-civil\\\/\"]}]},{\"@type\":\"ImageObject\",\"inLanguage\":\"pt-BR\",\"@id\":\"https:\\\/\\\/regiaonews.net.br\\\/2022\\\/2024\\\/05\\\/04\\\/governo-de-sp-nomeia-4-mil-aprovados-em-concurso-da-policia-civil\\\/#primaryimage\",\"url\":\"https:\\\/\\\/regiaonews.net.br\\\/2022\\\/wp-content\\\/uploads\\\/2024\\\/05\\\/00054349.jpeg\",\"contentUrl\":\"https:\\\/\\\/regiaonews.net.br\\\/2022\\\/wp-content\\\/uploads\\\/2024\\\/05\\\/00054349.jpeg\",\"width\":1600,\"height\":1200},{\"@type\":\"BreadcrumbList\",\"@id\":\"https:\\\/\\\/regiaonews.net.br\\\/2022\\\/2024\\\/05\\\/04\\\/governo-de-sp-nomeia-4-mil-aprovados-em-concurso-da-policia-civil\\\/#breadcrumb\",\"itemListElement\":[{\"@type\":\"ListItem\",\"position\":1,\"name\":\"In\u00edcio\",\"item\":\"https:\\\/\\\/regiaonews.net.br\\\/2022\\\/\"},{\"@type\":\"ListItem\",\"position\":2,\"name\":\"Governo de SP nomeia 4 mil aprovados em concurso da Pol\u00edcia Civil\"}]},{\"@type\":\"WebSite\",\"@id\":\"https:\\\/\\\/regiaonews.net.br\\\/2022\\\/#website\",\"url\":\"https:\\\/\\\/regiaonews.net.br\\\/2022\\\/\",\"name\":\"Regi\u00e3o News\",\"description\":\"Site de Not\u00edcias de Barretos e regi\u00e3o\",\"publisher\":{\"@id\":\"https:\\\/\\\/regiaonews.net.br\\\/2022\\\/#organization\"},\"potentialAction\":[{\"@type\":\"SearchAction\",\"target\":{\"@type\":\"EntryPoint\",\"urlTemplate\":\"https:\\\/\\\/regiaonews.net.br\\\/2022\\\/?s={search_term_string}\"},\"query-input\":{\"@type\":\"PropertyValueSpecification\",\"valueRequired\":true,\"valueName\":\"search_term_string\"}}],\"inLanguage\":\"pt-BR\"},{\"@type\":\"Organization\",\"@id\":\"https:\\\/\\\/regiaonews.net.br\\\/2022\\\/#organization\",\"name\":\"Regi\u00e3o News\",\"url\":\"https:\\\/\\\/regiaonews.net.br\\\/2022\\\/\",\"logo\":{\"@type\":\"ImageObject\",\"inLanguage\":\"pt-BR\",\"@id\":\"https:\\\/\\\/regiaonews.net.br\\\/2022\\\/#\\\/schema\\\/logo\\\/image\\\/\",\"url\":\"https:\\\/\\\/regiaonews.net.br\\\/2022\\\/wp-content\\\/uploads\\\/2026\\\/03\\\/regiao-13-anos-scaled.jpg\",\"contentUrl\":\"https:\\\/\\\/regiaonews.net.br\\\/2022\\\/wp-content\\\/uploads\\\/2026\\\/03\\\/regiao-13-anos-scaled.jpg\",\"width\":2560,\"height\":635,\"caption\":\"Regi\u00e3o News\"},\"image\":{\"@id\":\"https:\\\/\\\/regiaonews.net.br\\\/2022\\\/#\\\/schema\\\/logo\\\/image\\\/\"}},{\"@type\":\"Person\",\"@id\":\"https:\\\/\\\/regiaonews.net.br\\\/2022\\\/#\\\/schema\\\/person\\\/2d205a608a5aa97ac279d7a5e6d89ad8\",\"name\":\"Roberto\",\"image\":{\"@type\":\"ImageObject\",\"inLanguage\":\"pt-BR\",\"@id\":\"https:\\\/\\\/secure.gravatar.com\\\/avatar\\\/42749d8b712ff9d59ca93dc150494e5b55a44134482993f5baeb97e61b7ecc89?s=96&d=mm&r=g\",\"url\":\"https:\\\/\\\/secure.gravatar.com\\\/avatar\\\/42749d8b712ff9d59ca93dc150494e5b55a44134482993f5baeb97e61b7ecc89?s=96&d=mm&r=g\",\"contentUrl\":\"https:\\\/\\\/secure.gravatar.com\\\/avatar\\\/42749d8b712ff9d59ca93dc150494e5b55a44134482993f5baeb97e61b7ecc89?s=96&d=mm&r=g\",\"caption\":\"Roberto\"},\"url\":\"https:\\\/\\\/regiaonews.net.br\\\/2022\\\/author\\\/roberto\\\/\"}]}<\/script>\n<!-- \/ Yoast SEO plugin. -->","yoast_head_json":{"title":"Governo de SP nomeia 4 mil aprovados em concurso da Pol\u00edcia Civil - Regi\u00e3o News","robots":{"index":"index","follow":"follow","max-snippet":"max-snippet:-1","max-image-preview":"max-image-preview:large","max-video-preview":"max-video-preview:-1"},"canonical":"https:\/\/regiaonews.net.br\/2022\/2024\/05\/04\/governo-de-sp-nomeia-4-mil-aprovados-em-concurso-da-policia-civil\/","og_locale":"pt_BR","og_type":"article","og_title":"Governo de SP nomeia 4 mil aprovados em concurso da Pol\u00edcia Civil - Regi\u00e3o News","og_description":"&nbsp; O Governo de S\u00e3o Paulo vai publicar nesta sexta-feira","og_url":"https:\/\/regiaonews.net.br\/2022\/2024\/05\/04\/governo-de-sp-nomeia-4-mil-aprovados-em-concurso-da-policia-civil\/","og_site_name":"Regi\u00e3o News","article_published_time":"2024-05-04T22:19:32+00:00","og_image":[{"width":1600,"height":1200,"url":"https:\/\/regiaonews.net.br\/2022\/wp-content\/uploads\/2024\/05\/00054349.jpeg","type":"image\/jpeg"}],"author":"Roberto","twitter_card":"summary_large_image","twitter_misc":{"Escrito por":"Roberto","Est. tempo de leitura":"3 minutos"},"schema":{"@context":"https:\/\/schema.org","@graph":[{"@type":"Article","@id":"https:\/\/regiaonews.net.br\/2022\/2024\/05\/04\/governo-de-sp-nomeia-4-mil-aprovados-em-concurso-da-policia-civil\/#article","isPartOf":{"@id":"https:\/\/regiaonews.net.br\/2022\/2024\/05\/04\/governo-de-sp-nomeia-4-mil-aprovados-em-concurso-da-policia-civil\/"},"author":{"name":"Roberto","@id":"https:\/\/regiaonews.net.br\/2022\/#\/schema\/person\/2d205a608a5aa97ac279d7a5e6d89ad8"},"headline":"Governo de SP nomeia 4 mil aprovados em concurso da Pol\u00edcia Civil","datePublished":"2024-05-04T22:19:32+00:00","mainEntityOfPage":{"@id":"https:\/\/regiaonews.net.br\/2022\/2024\/05\/04\/governo-de-sp-nomeia-4-mil-aprovados-em-concurso-da-policia-civil\/"},"wordCount":415,"commentCount":0,"publisher":{"@id":"https:\/\/regiaonews.net.br\/2022\/#organization"},"image":{"@id":"https:\/\/regiaonews.net.br\/2022\/2024\/05\/04\/governo-de-sp-nomeia-4-mil-aprovados-em-concurso-da-policia-civil\/#primaryimage"},"thumbnailUrl":"https:\/\/regiaonews.net.br\/2022\/wp-content\/uploads\/2024\/05\/00054349.jpeg","articleSection":["Estado de S\u00e3o Paulo","Policia"],"inLanguage":"pt-BR","potentialAction":[{"@type":"CommentAction","name":"Comment","target":["https:\/\/regiaonews.net.br\/2022\/2024\/05\/04\/governo-de-sp-nomeia-4-mil-aprovados-em-concurso-da-policia-civil\/#respond"]}]},{"@type":"WebPage","@id":"https:\/\/regiaonews.net.br\/2022\/2024\/05\/04\/governo-de-sp-nomeia-4-mil-aprovados-em-concurso-da-policia-civil\/","url":"https:\/\/regiaonews.net.br\/2022\/2024\/05\/04\/governo-de-sp-nomeia-4-mil-aprovados-em-concurso-da-policia-civil\/","name":"Governo de SP nomeia 4 mil aprovados em concurso da Pol\u00edcia Civil - Regi\u00e3o News","isPartOf":{"@id":"https:\/\/regiaonews.net.br\/2022\/#website"},"primaryImageOfPage":{"@id":"https:\/\/regiaonews.net.br\/2022\/2024\/05\/04\/governo-de-sp-nomeia-4-mil-aprovados-em-concurso-da-policia-civil\/#primaryimage"},"image":{"@id":"https:\/\/regiaonews.net.br\/2022\/2024\/05\/04\/governo-de-sp-nomeia-4-mil-aprovados-em-concurso-da-policia-civil\/#primaryimage"},"thumbnailUrl":"https:\/\/regiaonews.net.br\/2022\/wp-content\/uploads\/2024\/05\/00054349.jpeg","datePublished":"2024-05-04T22:19:32+00:00","breadcrumb":{"@id":"https:\/\/regiaonews.net.br\/2022\/2024\/05\/04\/governo-de-sp-nomeia-4-mil-aprovados-em-concurso-da-policia-civil\/#breadcrumb"},"inLanguage":"pt-BR","potentialAction":[{"@type":"ReadAction","target":["https:\/\/regiaonews.net.br\/2022\/2024\/05\/04\/governo-de-sp-nomeia-4-mil-aprovados-em-concurso-da-policia-civil\/"]}]},{"@type":"ImageObject","inLanguage":"pt-BR","@id":"https:\/\/regiaonews.net.br\/2022\/2024\/05\/04\/governo-de-sp-nomeia-4-mil-aprovados-em-concurso-da-policia-civil\/#primaryimage","url":"https:\/\/regiaonews.net.br\/2022\/wp-content\/uploads\/2024\/05\/00054349.jpeg","contentUrl":"https:\/\/regiaonews.net.br\/2022\/wp-content\/uploads\/2024\/05\/00054349.jpeg","width":1600,"height":1200},{"@type":"BreadcrumbList","@id":"https:\/\/regiaonews.net.br\/2022\/2024\/05\/04\/governo-de-sp-nomeia-4-mil-aprovados-em-concurso-da-policia-civil\/#breadcrumb","itemListElement":[{"@type":"ListItem","position":1,"name":"In\u00edcio","item":"https:\/\/regiaonews.net.br\/2022\/"},{"@type":"ListItem","position":2,"name":"Governo de SP nomeia 4 mil aprovados em concurso da Pol\u00edcia Civil"}]},{"@type":"WebSite","@id":"https:\/\/regiaonews.net.br\/2022\/#website","url":"https:\/\/regiaonews.net.br\/2022\/","name":"Regi\u00e3o News","description":"Site de Not\u00edcias de Barretos e regi\u00e3o","publisher":{"@id":"https:\/\/regiaonews.net.br\/2022\/#organization"},"potentialAction":[{"@type":"SearchAction","target":{"@type":"EntryPoint","urlTemplate":"https:\/\/regiaonews.net.br\/2022\/?s={search_term_string}"},"query-input":{"@type":"PropertyValueSpecification","valueRequired":true,"valueName":"search_term_string"}}],"inLanguage":"pt-BR"},{"@type":"Organization","@id":"https:\/\/regiaonews.net.br\/2022\/#organization","name":"Regi\u00e3o News","url":"https:\/\/regiaonews.net.br\/2022\/","logo":{"@type":"ImageObject","inLanguage":"pt-BR","@id":"https:\/\/regiaonews.net.br\/2022\/#\/schema\/logo\/image\/","url":"https:\/\/regiaonews.net.br\/2022\/wp-content\/uploads\/2026\/03\/regiao-13-anos-scaled.jpg","contentUrl":"https:\/\/regiaonews.net.br\/2022\/wp-content\/uploads\/2026\/03\/regiao-13-anos-scaled.jpg","width":2560,"height":635,"caption":"Regi\u00e3o News"},"image":{"@id":"https:\/\/regiaonews.net.br\/2022\/#\/schema\/logo\/image\/"}},{"@type":"Person","@id":"https:\/\/regiaonews.net.br\/2022\/#\/schema\/person\/2d205a608a5aa97ac279d7a5e6d89ad8","name":"Roberto","image":{"@type":"ImageObject","inLanguage":"pt-BR","@id":"https:\/\/secure.gravatar.com\/avatar\/42749d8b712ff9d59ca93dc150494e5b55a44134482993f5baeb97e61b7ecc89?s=96&d=mm&r=g","url":"https:\/\/secure.gravatar.com\/avatar\/42749d8b712ff9d59ca93dc150494e5b55a44134482993f5baeb97e61b7ecc89?s=96&d=mm&r=g","contentUrl":"https:\/\/secure.gravatar.com\/avatar\/42749d8b712ff9d59ca93dc150494e5b55a44134482993f5baeb97e61b7ecc89?s=96&d=mm&r=g","caption":"Roberto"},"url":"https:\/\/regiaonews.net.br\/2022\/author\/roberto\/"}]}},"publishpress_future_action":{"enabled":false,"date":"2026-05-03 10:53:08","action":"change-status","newStatus":"draft","terms":[],"taxonomy":"category","extraData":[]},"publishpress_future_workflow_manual_trigger":{"enabledWorkflows":[]},"_links":{"self":[{"href":"https:\/\/regiaonews.net.br\/2022\/wp-json\/wp\/v2\/posts\/104539","targetHints":{"allow":["GET"]}}],"collection":[{"href":"https:\/\/regiaonews.net.br\/2022\/wp-json\/wp\/v2\/posts"}],"about":[{"href":"https:\/\/regiaonews.net.br\/2022\/wp-json\/wp\/v2\/types\/post"}],"author":[{"embeddable":true,"href":"https:\/\/regiaonews.net.br\/2022\/wp-json\/wp\/v2\/users\/2"}],"replies":[{"embeddable":true,"href":"https:\/\/regiaonews.net.br\/2022\/wp-json\/wp\/v2\/comments?post=104539"}],"version-history":[{"count":1,"href":"https:\/\/regiaonews.net.br\/2022\/wp-json\/wp\/v2\/posts\/104539\/revisions"}],"predecessor-version":[{"id":104541,"href":"https:\/\/regiaonews.net.br\/2022\/wp-json\/wp\/v2\/posts\/104539\/revisions\/104541"}],"wp:featuredmedia":[{"embeddable":true,"href":"https:\/\/regiaonews.net.br\/2022\/wp-json\/wp\/v2\/media\/104540"}],"wp:attachment":[{"href":"https:\/\/regiaonews.net.br\/2022\/wp-json\/wp\/v2\/media?parent=104539"}],"wp:term":[{"taxonomy":"category","embeddable":true,"href":"https:\/\/regiaonews.net.br\/2022\/wp-json\/wp\/v2\/categories?post=104539"},{"taxonomy":"post_tag","embeddable":true,"href":"https:\/\/regiaonews.net.br\/2022\/wp-json\/wp\/v2\/tags?post=104539"}],"curies":[{"name":"wp","href":"https:\/\/api.w.org\/{rel}","templated":true}]}}