{"id":104532,"date":"2024-05-04T18:55:28","date_gmt":"2024-05-04T21:55:28","guid":{"rendered":"https:\/\/regiaonews.net.br\/2022\/?p=104532"},"modified":"2024-05-04T19:00:23","modified_gmt":"2024-05-04T22:00:23","slug":"rio-branco-fura-a-retranca-da-francana-e-abre-vantagem-na-decisao-da-a4","status":"publish","type":"post","link":"https:\/\/regiaonews.net.br\/2022\/2024\/05\/04\/rio-branco-fura-a-retranca-da-francana-e-abre-vantagem-na-decisao-da-a4\/","title":{"rendered":"Rio Branco fura a retranca da Francana e abre vantagem na decis\u00e3o da A4"},"content":{"rendered":"<h2><\/h2>\n<section class=\"noticias\">\n<div class=\"galeria\">\n<div id=\"cpBody_panelPrincipal\" class=\"item destaque\">\n<div id=\"cpBody_panelBg\" class=\"item-bg\">Foto &#8211; Alexandre Batttibugi\/Ag\u00eancia Paulist\u00e3o<\/div>\n<p>&nbsp;<\/p>\n<\/div>\n<\/div>\n<\/section>\n<div class=\"row col-equal-h clear\">\n<div class=\"post col-md-9 col-sm-12\">\n<p>O Rio Branco deu um grande passo para conquistar o t\u00edtulo do Paulista A4 Sicredi. Com gols de Gustavo Brand\u00e3o e Wagninho, consegui furar a retranca da Francana que n\u00e3o tomou gol nas quartas e semifinal da S\u00e9rie A4. O\u00a0 time da casa venceu a Francana por 2 a 0 neste s\u00e1bado, na primeira partida da final, em partida realizada no est\u00e1dio D\u00e9cio Vitta, em Americana.<\/p>\n<p>Com o placar, o Rio Branco pode at\u00e9 perder por um gol de diferen\u00e7a na partida de volta, marcado para o dia 12 de maio (domingo), \u00e0s 10h30, em Franca. Por ter feito melhor campanha na somat\u00f3ria das fases at\u00e9 aqui, a Francana fica com o t\u00edtulo se vencer pela mesma diferen\u00e7a de gols ou mais. Vale lembrar que os dois times conquistaram o acesso para a S\u00e9rie A3.<\/p>\n<p>O jogo de volta, que marca a defini\u00e7\u00e3o do campe\u00e3o, est\u00e1 marcado para o dia 12 de maio (domingo), \u00e0s 10h30, em Franca.<\/p>\n<\/div>\n<\/div>\n","protected":false},"excerpt":{"rendered":"<p>Foto &#8211; Alexandre Batttibugi\/Ag\u00eancia Paulist\u00e3o &nbsp; O Rio Branco deu<\/p>\n","protected":false},"author":2,"featured_media":104535,"comment_status":"open","ping_status":"open","sticky":false,"template":"","format":"standard","meta":{"footnotes":""},"categories":[183,21],"tags":[],"class_list":["post-104532","post","type-post","status-publish","format-standard","has-post-thumbnail","hentry","category-campeonato-paulista","category-esporte"],"yoast_head":"<!-- This site is optimized with the Yoast SEO plugin v27.4 - https:\/\/yoast.com\/product\/yoast-seo-wordpress\/ -->\n<title>Rio Branco fura a retranca da Francana e abre vantagem na decis\u00e3o da A4 - Regi\u00e3o News<\/title>\n<meta name=\"robots\" content=\"index, follow, max-snippet:-1, max-image-preview:large, max-video-preview:-1\" \/>\n<link rel=\"canonical\" href=\"https:\/\/regiaonews.net.br\/2022\/2024\/05\/04\/rio-branco-fura-a-retranca-da-francana-e-abre-vantagem-na-decisao-da-a4\/\" \/>\n<meta property=\"og:locale\" content=\"pt_BR\" \/>\n<meta property=\"og:type\" content=\"article\" \/>\n<meta property=\"og:title\" content=\"Rio Branco fura a retranca da Francana e abre vantagem na decis\u00e3o da A4 - Regi\u00e3o News\" \/>\n<meta property=\"og:description\" content=\"Foto &#8211; Alexandre Batttibugi\/Ag\u00eancia Paulist\u00e3o &nbsp; O Rio Branco deu\" \/>\n<meta property=\"og:url\" content=\"https:\/\/regiaonews.net.br\/2022\/2024\/05\/04\/rio-branco-fura-a-retranca-da-francana-e-abre-vantagem-na-decisao-da-a4\/\" \/>\n<meta property=\"og:site_name\" content=\"Regi\u00e3o News\" \/>\n<meta property=\"article:published_time\" content=\"2024-05-04T21:55:28+00:00\" \/>\n<meta property=\"article:modified_time\" content=\"2024-05-04T22:00:23+00:00\" \/>\n<meta property=\"og:image\" content=\"https:\/\/regiaonews.net.br\/2022\/wp-content\/uploads\/2024\/05\/668_riobranco.png\" \/>\n\t<meta property=\"og:image:width\" content=\"583\" \/>\n\t<meta property=\"og:image:height\" content=\"586\" \/>\n\t<meta property=\"og:image:type\" content=\"image\/png\" \/>\n<meta name=\"author\" content=\"Roberto\" \/>\n<meta name=\"twitter:card\" content=\"summary_large_image\" \/>\n<meta name=\"twitter:label1\" content=\"Escrito por\" \/>\n\t<meta name=\"twitter:data1\" content=\"Roberto\" \/>\n\t<meta name=\"twitter:label2\" content=\"Est. tempo de leitura\" \/>\n\t<meta name=\"twitter:data2\" content=\"2 minutos\" \/>\n<script type=\"application\/ld+json\" class=\"yoast-schema-graph\">{\"@context\":\"https:\\\/\\\/schema.org\",\"@graph\":[{\"@type\":\"Article\",\"@id\":\"https:\\\/\\\/regiaonews.net.br\\\/2022\\\/2024\\\/05\\\/04\\\/rio-branco-fura-a-retranca-da-francana-e-abre-vantagem-na-decisao-da-a4\\\/#article\",\"isPartOf\":{\"@id\":\"https:\\\/\\\/regiaonews.net.br\\\/2022\\\/2024\\\/05\\\/04\\\/rio-branco-fura-a-retranca-da-francana-e-abre-vantagem-na-decisao-da-a4\\\/\"},\"author\":{\"name\":\"Roberto\",\"@id\":\"https:\\\/\\\/regiaonews.net.br\\\/2022\\\/#\\\/schema\\\/person\\\/2d205a608a5aa97ac279d7a5e6d89ad8\"},\"headline\":\"Rio Branco fura a retranca da Francana e abre vantagem na decis\u00e3o da A4\",\"datePublished\":\"2024-05-04T21:55:28+00:00\",\"dateModified\":\"2024-05-04T22:00:23+00:00\",\"mainEntityOfPage\":{\"@id\":\"https:\\\/\\\/regiaonews.net.br\\\/2022\\\/2024\\\/05\\\/04\\\/rio-branco-fura-a-retranca-da-francana-e-abre-vantagem-na-decisao-da-a4\\\/\"},\"wordCount\":192,\"commentCount\":0,\"publisher\":{\"@id\":\"https:\\\/\\\/regiaonews.net.br\\\/2022\\\/#organization\"},\"image\":{\"@id\":\"https:\\\/\\\/regiaonews.net.br\\\/2022\\\/2024\\\/05\\\/04\\\/rio-branco-fura-a-retranca-da-francana-e-abre-vantagem-na-decisao-da-a4\\\/#primaryimage\"},\"thumbnailUrl\":\"https:\\\/\\\/regiaonews.net.br\\\/2022\\\/wp-content\\\/uploads\\\/2024\\\/05\\\/668_riobranco.png\",\"articleSection\":[\"Campeonato Paulista\",\"Esporte\"],\"inLanguage\":\"pt-BR\",\"potentialAction\":[{\"@type\":\"CommentAction\",\"name\":\"Comment\",\"target\":[\"https:\\\/\\\/regiaonews.net.br\\\/2022\\\/2024\\\/05\\\/04\\\/rio-branco-fura-a-retranca-da-francana-e-abre-vantagem-na-decisao-da-a4\\\/#respond\"]}]},{\"@type\":\"WebPage\",\"@id\":\"https:\\\/\\\/regiaonews.net.br\\\/2022\\\/2024\\\/05\\\/04\\\/rio-branco-fura-a-retranca-da-francana-e-abre-vantagem-na-decisao-da-a4\\\/\",\"url\":\"https:\\\/\\\/regiaonews.net.br\\\/2022\\\/2024\\\/05\\\/04\\\/rio-branco-fura-a-retranca-da-francana-e-abre-vantagem-na-decisao-da-a4\\\/\",\"name\":\"Rio Branco fura a retranca da Francana e abre vantagem na decis\u00e3o da A4 - Regi\u00e3o News\",\"isPartOf\":{\"@id\":\"https:\\\/\\\/regiaonews.net.br\\\/2022\\\/#website\"},\"primaryImageOfPage\":{\"@id\":\"https:\\\/\\\/regiaonews.net.br\\\/2022\\\/2024\\\/05\\\/04\\\/rio-branco-fura-a-retranca-da-francana-e-abre-vantagem-na-decisao-da-a4\\\/#primaryimage\"},\"image\":{\"@id\":\"https:\\\/\\\/regiaonews.net.br\\\/2022\\\/2024\\\/05\\\/04\\\/rio-branco-fura-a-retranca-da-francana-e-abre-vantagem-na-decisao-da-a4\\\/#primaryimage\"},\"thumbnailUrl\":\"https:\\\/\\\/regiaonews.net.br\\\/2022\\\/wp-content\\\/uploads\\\/2024\\\/05\\\/668_riobranco.png\",\"datePublished\":\"2024-05-04T21:55:28+00:00\",\"dateModified\":\"2024-05-04T22:00:23+00:00\",\"breadcrumb\":{\"@id\":\"https:\\\/\\\/regiaonews.net.br\\\/2022\\\/2024\\\/05\\\/04\\\/rio-branco-fura-a-retranca-da-francana-e-abre-vantagem-na-decisao-da-a4\\\/#breadcrumb\"},\"inLanguage\":\"pt-BR\",\"potentialAction\":[{\"@type\":\"ReadAction\",\"target\":[\"https:\\\/\\\/regiaonews.net.br\\\/2022\\\/2024\\\/05\\\/04\\\/rio-branco-fura-a-retranca-da-francana-e-abre-vantagem-na-decisao-da-a4\\\/\"]}]},{\"@type\":\"ImageObject\",\"inLanguage\":\"pt-BR\",\"@id\":\"https:\\\/\\\/regiaonews.net.br\\\/2022\\\/2024\\\/05\\\/04\\\/rio-branco-fura-a-retranca-da-francana-e-abre-vantagem-na-decisao-da-a4\\\/#primaryimage\",\"url\":\"https:\\\/\\\/regiaonews.net.br\\\/2022\\\/wp-content\\\/uploads\\\/2024\\\/05\\\/668_riobranco.png\",\"contentUrl\":\"https:\\\/\\\/regiaonews.net.br\\\/2022\\\/wp-content\\\/uploads\\\/2024\\\/05\\\/668_riobranco.png\",\"width\":583,\"height\":586},{\"@type\":\"BreadcrumbList\",\"@id\":\"https:\\\/\\\/regiaonews.net.br\\\/2022\\\/2024\\\/05\\\/04\\\/rio-branco-fura-a-retranca-da-francana-e-abre-vantagem-na-decisao-da-a4\\\/#breadcrumb\",\"itemListElement\":[{\"@type\":\"ListItem\",\"position\":1,\"name\":\"In\u00edcio\",\"item\":\"https:\\\/\\\/regiaonews.net.br\\\/2022\\\/\"},{\"@type\":\"ListItem\",\"position\":2,\"name\":\"Rio Branco fura a retranca da Francana e abre vantagem na decis\u00e3o da A4\"}]},{\"@type\":\"WebSite\",\"@id\":\"https:\\\/\\\/regiaonews.net.br\\\/2022\\\/#website\",\"url\":\"https:\\\/\\\/regiaonews.net.br\\\/2022\\\/\",\"name\":\"Regi\u00e3o News\",\"description\":\"Site de Not\u00edcias de Barretos e regi\u00e3o\",\"publisher\":{\"@id\":\"https:\\\/\\\/regiaonews.net.br\\\/2022\\\/#organization\"},\"potentialAction\":[{\"@type\":\"SearchAction\",\"target\":{\"@type\":\"EntryPoint\",\"urlTemplate\":\"https:\\\/\\\/regiaonews.net.br\\\/2022\\\/?s={search_term_string}\"},\"query-input\":{\"@type\":\"PropertyValueSpecification\",\"valueRequired\":true,\"valueName\":\"search_term_string\"}}],\"inLanguage\":\"pt-BR\"},{\"@type\":\"Organization\",\"@id\":\"https:\\\/\\\/regiaonews.net.br\\\/2022\\\/#organization\",\"name\":\"Regi\u00e3o News\",\"url\":\"https:\\\/\\\/regiaonews.net.br\\\/2022\\\/\",\"logo\":{\"@type\":\"ImageObject\",\"inLanguage\":\"pt-BR\",\"@id\":\"https:\\\/\\\/regiaonews.net.br\\\/2022\\\/#\\\/schema\\\/logo\\\/image\\\/\",\"url\":\"https:\\\/\\\/regiaonews.net.br\\\/2022\\\/wp-content\\\/uploads\\\/2026\\\/03\\\/regiao-13-anos-scaled.jpg\",\"contentUrl\":\"https:\\\/\\\/regiaonews.net.br\\\/2022\\\/wp-content\\\/uploads\\\/2026\\\/03\\\/regiao-13-anos-scaled.jpg\",\"width\":2560,\"height\":635,\"caption\":\"Regi\u00e3o News\"},\"image\":{\"@id\":\"https:\\\/\\\/regiaonews.net.br\\\/2022\\\/#\\\/schema\\\/logo\\\/image\\\/\"}},{\"@type\":\"Person\",\"@id\":\"https:\\\/\\\/regiaonews.net.br\\\/2022\\\/#\\\/schema\\\/person\\\/2d205a608a5aa97ac279d7a5e6d89ad8\",\"name\":\"Roberto\",\"image\":{\"@type\":\"ImageObject\",\"inLanguage\":\"pt-BR\",\"@id\":\"https:\\\/\\\/secure.gravatar.com\\\/avatar\\\/42749d8b712ff9d59ca93dc150494e5b55a44134482993f5baeb97e61b7ecc89?s=96&d=mm&r=g\",\"url\":\"https:\\\/\\\/secure.gravatar.com\\\/avatar\\\/42749d8b712ff9d59ca93dc150494e5b55a44134482993f5baeb97e61b7ecc89?s=96&d=mm&r=g\",\"contentUrl\":\"https:\\\/\\\/secure.gravatar.com\\\/avatar\\\/42749d8b712ff9d59ca93dc150494e5b55a44134482993f5baeb97e61b7ecc89?s=96&d=mm&r=g\",\"caption\":\"Roberto\"},\"url\":\"https:\\\/\\\/regiaonews.net.br\\\/2022\\\/author\\\/roberto\\\/\"}]}<\/script>\n<!-- \/ Yoast SEO plugin. -->","yoast_head_json":{"title":"Rio Branco fura a retranca da Francana e abre vantagem na decis\u00e3o da A4 - Regi\u00e3o News","robots":{"index":"index","follow":"follow","max-snippet":"max-snippet:-1","max-image-preview":"max-image-preview:large","max-video-preview":"max-video-preview:-1"},"canonical":"https:\/\/regiaonews.net.br\/2022\/2024\/05\/04\/rio-branco-fura-a-retranca-da-francana-e-abre-vantagem-na-decisao-da-a4\/","og_locale":"pt_BR","og_type":"article","og_title":"Rio Branco fura a retranca da Francana e abre vantagem na decis\u00e3o da A4 - Regi\u00e3o News","og_description":"Foto &#8211; Alexandre Batttibugi\/Ag\u00eancia Paulist\u00e3o &nbsp; O Rio Branco deu","og_url":"https:\/\/regiaonews.net.br\/2022\/2024\/05\/04\/rio-branco-fura-a-retranca-da-francana-e-abre-vantagem-na-decisao-da-a4\/","og_site_name":"Regi\u00e3o News","article_published_time":"2024-05-04T21:55:28+00:00","article_modified_time":"2024-05-04T22:00:23+00:00","og_image":[{"width":583,"height":586,"url":"https:\/\/regiaonews.net.br\/2022\/wp-content\/uploads\/2024\/05\/668_riobranco.png","type":"image\/png"}],"author":"Roberto","twitter_card":"summary_large_image","twitter_misc":{"Escrito por":"Roberto","Est. tempo de leitura":"2 minutos"},"schema":{"@context":"https:\/\/schema.org","@graph":[{"@type":"Article","@id":"https:\/\/regiaonews.net.br\/2022\/2024\/05\/04\/rio-branco-fura-a-retranca-da-francana-e-abre-vantagem-na-decisao-da-a4\/#article","isPartOf":{"@id":"https:\/\/regiaonews.net.br\/2022\/2024\/05\/04\/rio-branco-fura-a-retranca-da-francana-e-abre-vantagem-na-decisao-da-a4\/"},"author":{"name":"Roberto","@id":"https:\/\/regiaonews.net.br\/2022\/#\/schema\/person\/2d205a608a5aa97ac279d7a5e6d89ad8"},"headline":"Rio Branco fura a retranca da Francana e abre vantagem na decis\u00e3o da A4","datePublished":"2024-05-04T21:55:28+00:00","dateModified":"2024-05-04T22:00:23+00:00","mainEntityOfPage":{"@id":"https:\/\/regiaonews.net.br\/2022\/2024\/05\/04\/rio-branco-fura-a-retranca-da-francana-e-abre-vantagem-na-decisao-da-a4\/"},"wordCount":192,"commentCount":0,"publisher":{"@id":"https:\/\/regiaonews.net.br\/2022\/#organization"},"image":{"@id":"https:\/\/regiaonews.net.br\/2022\/2024\/05\/04\/rio-branco-fura-a-retranca-da-francana-e-abre-vantagem-na-decisao-da-a4\/#primaryimage"},"thumbnailUrl":"https:\/\/regiaonews.net.br\/2022\/wp-content\/uploads\/2024\/05\/668_riobranco.png","articleSection":["Campeonato Paulista","Esporte"],"inLanguage":"pt-BR","potentialAction":[{"@type":"CommentAction","name":"Comment","target":["https:\/\/regiaonews.net.br\/2022\/2024\/05\/04\/rio-branco-fura-a-retranca-da-francana-e-abre-vantagem-na-decisao-da-a4\/#respond"]}]},{"@type":"WebPage","@id":"https:\/\/regiaonews.net.br\/2022\/2024\/05\/04\/rio-branco-fura-a-retranca-da-francana-e-abre-vantagem-na-decisao-da-a4\/","url":"https:\/\/regiaonews.net.br\/2022\/2024\/05\/04\/rio-branco-fura-a-retranca-da-francana-e-abre-vantagem-na-decisao-da-a4\/","name":"Rio Branco fura a retranca da Francana e abre vantagem na decis\u00e3o da A4 - Regi\u00e3o News","isPartOf":{"@id":"https:\/\/regiaonews.net.br\/2022\/#website"},"primaryImageOfPage":{"@id":"https:\/\/regiaonews.net.br\/2022\/2024\/05\/04\/rio-branco-fura-a-retranca-da-francana-e-abre-vantagem-na-decisao-da-a4\/#primaryimage"},"image":{"@id":"https:\/\/regiaonews.net.br\/2022\/2024\/05\/04\/rio-branco-fura-a-retranca-da-francana-e-abre-vantagem-na-decisao-da-a4\/#primaryimage"},"thumbnailUrl":"https:\/\/regiaonews.net.br\/2022\/wp-content\/uploads\/2024\/05\/668_riobranco.png","datePublished":"2024-05-04T21:55:28+00:00","dateModified":"2024-05-04T22:00:23+00:00","breadcrumb":{"@id":"https:\/\/regiaonews.net.br\/2022\/2024\/05\/04\/rio-branco-fura-a-retranca-da-francana-e-abre-vantagem-na-decisao-da-a4\/#breadcrumb"},"inLanguage":"pt-BR","potentialAction":[{"@type":"ReadAction","target":["https:\/\/regiaonews.net.br\/2022\/2024\/05\/04\/rio-branco-fura-a-retranca-da-francana-e-abre-vantagem-na-decisao-da-a4\/"]}]},{"@type":"ImageObject","inLanguage":"pt-BR","@id":"https:\/\/regiaonews.net.br\/2022\/2024\/05\/04\/rio-branco-fura-a-retranca-da-francana-e-abre-vantagem-na-decisao-da-a4\/#primaryimage","url":"https:\/\/regiaonews.net.br\/2022\/wp-content\/uploads\/2024\/05\/668_riobranco.png","contentUrl":"https:\/\/regiaonews.net.br\/2022\/wp-content\/uploads\/2024\/05\/668_riobranco.png","width":583,"height":586},{"@type":"BreadcrumbList","@id":"https:\/\/regiaonews.net.br\/2022\/2024\/05\/04\/rio-branco-fura-a-retranca-da-francana-e-abre-vantagem-na-decisao-da-a4\/#breadcrumb","itemListElement":[{"@type":"ListItem","position":1,"name":"In\u00edcio","item":"https:\/\/regiaonews.net.br\/2022\/"},{"@type":"ListItem","position":2,"name":"Rio Branco fura a retranca da Francana e abre vantagem na decis\u00e3o da A4"}]},{"@type":"WebSite","@id":"https:\/\/regiaonews.net.br\/2022\/#website","url":"https:\/\/regiaonews.net.br\/2022\/","name":"Regi\u00e3o News","description":"Site de Not\u00edcias de Barretos e regi\u00e3o","publisher":{"@id":"https:\/\/regiaonews.net.br\/2022\/#organization"},"potentialAction":[{"@type":"SearchAction","target":{"@type":"EntryPoint","urlTemplate":"https:\/\/regiaonews.net.br\/2022\/?s={search_term_string}"},"query-input":{"@type":"PropertyValueSpecification","valueRequired":true,"valueName":"search_term_string"}}],"inLanguage":"pt-BR"},{"@type":"Organization","@id":"https:\/\/regiaonews.net.br\/2022\/#organization","name":"Regi\u00e3o News","url":"https:\/\/regiaonews.net.br\/2022\/","logo":{"@type":"ImageObject","inLanguage":"pt-BR","@id":"https:\/\/regiaonews.net.br\/2022\/#\/schema\/logo\/image\/","url":"https:\/\/regiaonews.net.br\/2022\/wp-content\/uploads\/2026\/03\/regiao-13-anos-scaled.jpg","contentUrl":"https:\/\/regiaonews.net.br\/2022\/wp-content\/uploads\/2026\/03\/regiao-13-anos-scaled.jpg","width":2560,"height":635,"caption":"Regi\u00e3o News"},"image":{"@id":"https:\/\/regiaonews.net.br\/2022\/#\/schema\/logo\/image\/"}},{"@type":"Person","@id":"https:\/\/regiaonews.net.br\/2022\/#\/schema\/person\/2d205a608a5aa97ac279d7a5e6d89ad8","name":"Roberto","image":{"@type":"ImageObject","inLanguage":"pt-BR","@id":"https:\/\/secure.gravatar.com\/avatar\/42749d8b712ff9d59ca93dc150494e5b55a44134482993f5baeb97e61b7ecc89?s=96&d=mm&r=g","url":"https:\/\/secure.gravatar.com\/avatar\/42749d8b712ff9d59ca93dc150494e5b55a44134482993f5baeb97e61b7ecc89?s=96&d=mm&r=g","contentUrl":"https:\/\/secure.gravatar.com\/avatar\/42749d8b712ff9d59ca93dc150494e5b55a44134482993f5baeb97e61b7ecc89?s=96&d=mm&r=g","caption":"Roberto"},"url":"https:\/\/regiaonews.net.br\/2022\/author\/roberto\/"}]}},"publishpress_future_action":{"enabled":false,"date":"2026-05-03 12:34:46","action":"change-status","newStatus":"draft","terms":[],"taxonomy":"category","extraData":[]},"publishpress_future_workflow_manual_trigger":{"enabledWorkflows":[]},"_links":{"self":[{"href":"https:\/\/regiaonews.net.br\/2022\/wp-json\/wp\/v2\/posts\/104532","targetHints":{"allow":["GET"]}}],"collection":[{"href":"https:\/\/regiaonews.net.br\/2022\/wp-json\/wp\/v2\/posts"}],"about":[{"href":"https:\/\/regiaonews.net.br\/2022\/wp-json\/wp\/v2\/types\/post"}],"author":[{"embeddable":true,"href":"https:\/\/regiaonews.net.br\/2022\/wp-json\/wp\/v2\/users\/2"}],"replies":[{"embeddable":true,"href":"https:\/\/regiaonews.net.br\/2022\/wp-json\/wp\/v2\/comments?post=104532"}],"version-history":[{"count":4,"href":"https:\/\/regiaonews.net.br\/2022\/wp-json\/wp\/v2\/posts\/104532\/revisions"}],"predecessor-version":[{"id":104538,"href":"https:\/\/regiaonews.net.br\/2022\/wp-json\/wp\/v2\/posts\/104532\/revisions\/104538"}],"wp:featuredmedia":[{"embeddable":true,"href":"https:\/\/regiaonews.net.br\/2022\/wp-json\/wp\/v2\/media\/104535"}],"wp:attachment":[{"href":"https:\/\/regiaonews.net.br\/2022\/wp-json\/wp\/v2\/media?parent=104532"}],"wp:term":[{"taxonomy":"category","embeddable":true,"href":"https:\/\/regiaonews.net.br\/2022\/wp-json\/wp\/v2\/categories?post=104532"},{"taxonomy":"post_tag","embeddable":true,"href":"https:\/\/regiaonews.net.br\/2022\/wp-json\/wp\/v2\/tags?post=104532"}],"curies":[{"name":"wp","href":"https:\/\/api.w.org\/{rel}","templated":true}]}}