{"id":104520,"date":"2024-05-04T11:59:07","date_gmt":"2024-05-04T14:59:07","guid":{"rendered":"https:\/\/regiaonews.net.br\/2022\/?p=104520"},"modified":"2024-05-04T11:59:07","modified_gmt":"2024-05-04T14:59:07","slug":"governo-anuncia-fundo-para-indenizar-produtores-em-novos-casos-de-febre-aftosa","status":"publish","type":"post","link":"https:\/\/regiaonews.net.br\/2022\/2024\/05\/04\/governo-anuncia-fundo-para-indenizar-produtores-em-novos-casos-de-febre-aftosa\/","title":{"rendered":"Governo anuncia Fundo para indenizar produtores em novos casos de Febre Aftosa"},"content":{"rendered":"<p>&nbsp;<\/p>\n<p>Foto \u2013 Lideran\u00e7as da agricultura durante evento na Agrishow<\/p>\n<p>A Coordenadoria de Defesa Agropecu\u00e1ria (CDA) da Secretaria de Agricultura de S\u00e3o Paulo apresentou durante a 29\u00aa Agrishow, o Fundesa-PEC, que \u00e9 um fundo complementar indenizat\u00f3rio criado para o pagamento de ressarcimento ao produtor, caso haja focos de Febre Aftosa em decorr\u00eancia da retirada da vacina\u00e7\u00e3o contra a doen\u00e7a, que entrou em vigor em 2024. \u201cAtendemos demandas do setor e chegamos a uma decis\u00e3o que consideramos justa para as contribui\u00e7\u00f5es para o fundo que garante a integridade do patrim\u00f4nio da pecu\u00e1ria paulista\u201d, anunciou Luiz Henrique Barrochelo, m\u00e9dico veterin\u00e1rio e coordenador da Defesa Agropecu\u00e1ria durante sua apresenta\u00e7\u00e3o.<br \/>\nSegundo o coordenador, o produtor, que a partir de maio de 2024 n\u00e3o precisa mais vacinar seu rebanho contra a Febre Aftosa, passar\u00e1 a contribuir com uma taxa a cada campanha de atualiza\u00e7\u00e3o. De acordo com a minuta do projeto de lei, o produtor passar\u00e1 a pagar 0,0028 UFESPS, o que em 2024, corresponde ao valor de R$ 0,99 centavos por cada animal declarado.<br \/>\n\u201cO antigo FUNDEPEC foi essencial para que tiv\u00e9ssemos o aporte e as experi\u00eancias necess\u00e1rias tanto para a retirada da vacina, quanto para a nova forma de arrecada\u00e7\u00e3o que vai dar seguran\u00e7a ao pecuarista, pois nossa maior preocupa\u00e7\u00e3o \u00e9 a produ\u00e7\u00e3o da pecu\u00e1ria que a partir de agora, passa a estar coberta\u201d, destacou o barretense Cyro Ferreira Penna J\u00fanior, que \u00e9 diretor do Sindicato Rural do Vale do Rio Grande, que na ocasi\u00e3o, falou em nome da FAESP\/FUNDEPEC.<br \/>\nJ\u00e1 o secret\u00e1rio de agricultura e abastecimento do Estado de S\u00e3o Paulo, Guilherme Piai, parabenizou todos os envolvidos e colocou o governo de S\u00e3o Paulo \u00e0 disposi\u00e7\u00e3o do setor. \u201c\u00c9 um dos setores que mais produz no Estado de S\u00e3o Paulo e que com certeza, tem o apoio incondicional do Governo\u201d, encerrou.<\/p>\n","protected":false},"excerpt":{"rendered":"<p>&nbsp; Foto \u2013 Lideran\u00e7as da agricultura durante evento na Agrishow<\/p>\n","protected":false},"author":2,"featured_media":104521,"comment_status":"open","ping_status":"open","sticky":false,"template":"","format":"standard","meta":{"footnotes":""},"categories":[25,32],"tags":[],"class_list":["post-104520","post","type-post","status-publish","format-standard","has-post-thumbnail","hentry","category-cidades","category-ribeirao-preto"],"yoast_head":"<!-- This site is optimized with the Yoast SEO plugin v27.4 - https:\/\/yoast.com\/product\/yoast-seo-wordpress\/ -->\n<title>Governo anuncia Fundo para indenizar produtores em novos casos de Febre Aftosa - Regi\u00e3o News<\/title>\n<meta name=\"robots\" content=\"index, follow, max-snippet:-1, max-image-preview:large, max-video-preview:-1\" \/>\n<link rel=\"canonical\" href=\"https:\/\/regiaonews.net.br\/2022\/2024\/05\/04\/governo-anuncia-fundo-para-indenizar-produtores-em-novos-casos-de-febre-aftosa\/\" \/>\n<meta property=\"og:locale\" content=\"pt_BR\" \/>\n<meta property=\"og:type\" content=\"article\" \/>\n<meta property=\"og:title\" content=\"Governo anuncia Fundo para indenizar produtores em novos casos de Febre Aftosa - Regi\u00e3o News\" \/>\n<meta property=\"og:description\" content=\"&nbsp; Foto \u2013 Lideran\u00e7as da agricultura durante evento na Agrishow\" \/>\n<meta property=\"og:url\" content=\"https:\/\/regiaonews.net.br\/2022\/2024\/05\/04\/governo-anuncia-fundo-para-indenizar-produtores-em-novos-casos-de-febre-aftosa\/\" \/>\n<meta property=\"og:site_name\" content=\"Regi\u00e3o News\" \/>\n<meta property=\"article:published_time\" content=\"2024-05-04T14:59:07+00:00\" \/>\n<meta property=\"og:image\" content=\"https:\/\/regiaonews.net.br\/2022\/wp-content\/uploads\/2024\/05\/WhatsApp-Image-2024-05-04-at-09.38.49.jpeg\" \/>\n\t<meta property=\"og:image:width\" content=\"1600\" \/>\n\t<meta property=\"og:image:height\" content=\"1066\" \/>\n\t<meta property=\"og:image:type\" content=\"image\/jpeg\" \/>\n<meta name=\"author\" content=\"Roberto\" \/>\n<meta name=\"twitter:card\" content=\"summary_large_image\" \/>\n<meta name=\"twitter:label1\" content=\"Escrito por\" \/>\n\t<meta name=\"twitter:data1\" content=\"Roberto\" \/>\n\t<meta name=\"twitter:label2\" content=\"Est. tempo de leitura\" \/>\n\t<meta name=\"twitter:data2\" content=\"2 minutos\" \/>\n<script type=\"application\/ld+json\" class=\"yoast-schema-graph\">{\"@context\":\"https:\\\/\\\/schema.org\",\"@graph\":[{\"@type\":\"Article\",\"@id\":\"https:\\\/\\\/regiaonews.net.br\\\/2022\\\/2024\\\/05\\\/04\\\/governo-anuncia-fundo-para-indenizar-produtores-em-novos-casos-de-febre-aftosa\\\/#article\",\"isPartOf\":{\"@id\":\"https:\\\/\\\/regiaonews.net.br\\\/2022\\\/2024\\\/05\\\/04\\\/governo-anuncia-fundo-para-indenizar-produtores-em-novos-casos-de-febre-aftosa\\\/\"},\"author\":{\"name\":\"Roberto\",\"@id\":\"https:\\\/\\\/regiaonews.net.br\\\/2022\\\/#\\\/schema\\\/person\\\/2d205a608a5aa97ac279d7a5e6d89ad8\"},\"headline\":\"Governo anuncia Fundo para indenizar produtores em novos casos de Febre Aftosa\",\"datePublished\":\"2024-05-04T14:59:07+00:00\",\"mainEntityOfPage\":{\"@id\":\"https:\\\/\\\/regiaonews.net.br\\\/2022\\\/2024\\\/05\\\/04\\\/governo-anuncia-fundo-para-indenizar-produtores-em-novos-casos-de-febre-aftosa\\\/\"},\"wordCount\":332,\"commentCount\":0,\"publisher\":{\"@id\":\"https:\\\/\\\/regiaonews.net.br\\\/2022\\\/#organization\"},\"image\":{\"@id\":\"https:\\\/\\\/regiaonews.net.br\\\/2022\\\/2024\\\/05\\\/04\\\/governo-anuncia-fundo-para-indenizar-produtores-em-novos-casos-de-febre-aftosa\\\/#primaryimage\"},\"thumbnailUrl\":\"https:\\\/\\\/regiaonews.net.br\\\/2022\\\/wp-content\\\/uploads\\\/2024\\\/05\\\/WhatsApp-Image-2024-05-04-at-09.38.49.jpeg\",\"articleSection\":[\"Cidades\",\"Ribeir\u00e3o Preto\"],\"inLanguage\":\"pt-BR\",\"potentialAction\":[{\"@type\":\"CommentAction\",\"name\":\"Comment\",\"target\":[\"https:\\\/\\\/regiaonews.net.br\\\/2022\\\/2024\\\/05\\\/04\\\/governo-anuncia-fundo-para-indenizar-produtores-em-novos-casos-de-febre-aftosa\\\/#respond\"]}]},{\"@type\":\"WebPage\",\"@id\":\"https:\\\/\\\/regiaonews.net.br\\\/2022\\\/2024\\\/05\\\/04\\\/governo-anuncia-fundo-para-indenizar-produtores-em-novos-casos-de-febre-aftosa\\\/\",\"url\":\"https:\\\/\\\/regiaonews.net.br\\\/2022\\\/2024\\\/05\\\/04\\\/governo-anuncia-fundo-para-indenizar-produtores-em-novos-casos-de-febre-aftosa\\\/\",\"name\":\"Governo anuncia Fundo para indenizar produtores em novos casos de Febre Aftosa - Regi\u00e3o News\",\"isPartOf\":{\"@id\":\"https:\\\/\\\/regiaonews.net.br\\\/2022\\\/#website\"},\"primaryImageOfPage\":{\"@id\":\"https:\\\/\\\/regiaonews.net.br\\\/2022\\\/2024\\\/05\\\/04\\\/governo-anuncia-fundo-para-indenizar-produtores-em-novos-casos-de-febre-aftosa\\\/#primaryimage\"},\"image\":{\"@id\":\"https:\\\/\\\/regiaonews.net.br\\\/2022\\\/2024\\\/05\\\/04\\\/governo-anuncia-fundo-para-indenizar-produtores-em-novos-casos-de-febre-aftosa\\\/#primaryimage\"},\"thumbnailUrl\":\"https:\\\/\\\/regiaonews.net.br\\\/2022\\\/wp-content\\\/uploads\\\/2024\\\/05\\\/WhatsApp-Image-2024-05-04-at-09.38.49.jpeg\",\"datePublished\":\"2024-05-04T14:59:07+00:00\",\"breadcrumb\":{\"@id\":\"https:\\\/\\\/regiaonews.net.br\\\/2022\\\/2024\\\/05\\\/04\\\/governo-anuncia-fundo-para-indenizar-produtores-em-novos-casos-de-febre-aftosa\\\/#breadcrumb\"},\"inLanguage\":\"pt-BR\",\"potentialAction\":[{\"@type\":\"ReadAction\",\"target\":[\"https:\\\/\\\/regiaonews.net.br\\\/2022\\\/2024\\\/05\\\/04\\\/governo-anuncia-fundo-para-indenizar-produtores-em-novos-casos-de-febre-aftosa\\\/\"]}]},{\"@type\":\"ImageObject\",\"inLanguage\":\"pt-BR\",\"@id\":\"https:\\\/\\\/regiaonews.net.br\\\/2022\\\/2024\\\/05\\\/04\\\/governo-anuncia-fundo-para-indenizar-produtores-em-novos-casos-de-febre-aftosa\\\/#primaryimage\",\"url\":\"https:\\\/\\\/regiaonews.net.br\\\/2022\\\/wp-content\\\/uploads\\\/2024\\\/05\\\/WhatsApp-Image-2024-05-04-at-09.38.49.jpeg\",\"contentUrl\":\"https:\\\/\\\/regiaonews.net.br\\\/2022\\\/wp-content\\\/uploads\\\/2024\\\/05\\\/WhatsApp-Image-2024-05-04-at-09.38.49.jpeg\",\"width\":1600,\"height\":1066},{\"@type\":\"BreadcrumbList\",\"@id\":\"https:\\\/\\\/regiaonews.net.br\\\/2022\\\/2024\\\/05\\\/04\\\/governo-anuncia-fundo-para-indenizar-produtores-em-novos-casos-de-febre-aftosa\\\/#breadcrumb\",\"itemListElement\":[{\"@type\":\"ListItem\",\"position\":1,\"name\":\"In\u00edcio\",\"item\":\"https:\\\/\\\/regiaonews.net.br\\\/2022\\\/\"},{\"@type\":\"ListItem\",\"position\":2,\"name\":\"Governo anuncia Fundo para indenizar produtores em novos casos de Febre Aftosa\"}]},{\"@type\":\"WebSite\",\"@id\":\"https:\\\/\\\/regiaonews.net.br\\\/2022\\\/#website\",\"url\":\"https:\\\/\\\/regiaonews.net.br\\\/2022\\\/\",\"name\":\"Regi\u00e3o News\",\"description\":\"Site de Not\u00edcias de Barretos e regi\u00e3o\",\"publisher\":{\"@id\":\"https:\\\/\\\/regiaonews.net.br\\\/2022\\\/#organization\"},\"potentialAction\":[{\"@type\":\"SearchAction\",\"target\":{\"@type\":\"EntryPoint\",\"urlTemplate\":\"https:\\\/\\\/regiaonews.net.br\\\/2022\\\/?s={search_term_string}\"},\"query-input\":{\"@type\":\"PropertyValueSpecification\",\"valueRequired\":true,\"valueName\":\"search_term_string\"}}],\"inLanguage\":\"pt-BR\"},{\"@type\":\"Organization\",\"@id\":\"https:\\\/\\\/regiaonews.net.br\\\/2022\\\/#organization\",\"name\":\"Regi\u00e3o News\",\"url\":\"https:\\\/\\\/regiaonews.net.br\\\/2022\\\/\",\"logo\":{\"@type\":\"ImageObject\",\"inLanguage\":\"pt-BR\",\"@id\":\"https:\\\/\\\/regiaonews.net.br\\\/2022\\\/#\\\/schema\\\/logo\\\/image\\\/\",\"url\":\"https:\\\/\\\/regiaonews.net.br\\\/2022\\\/wp-content\\\/uploads\\\/2026\\\/03\\\/regiao-13-anos-scaled.jpg\",\"contentUrl\":\"https:\\\/\\\/regiaonews.net.br\\\/2022\\\/wp-content\\\/uploads\\\/2026\\\/03\\\/regiao-13-anos-scaled.jpg\",\"width\":2560,\"height\":635,\"caption\":\"Regi\u00e3o News\"},\"image\":{\"@id\":\"https:\\\/\\\/regiaonews.net.br\\\/2022\\\/#\\\/schema\\\/logo\\\/image\\\/\"}},{\"@type\":\"Person\",\"@id\":\"https:\\\/\\\/regiaonews.net.br\\\/2022\\\/#\\\/schema\\\/person\\\/2d205a608a5aa97ac279d7a5e6d89ad8\",\"name\":\"Roberto\",\"image\":{\"@type\":\"ImageObject\",\"inLanguage\":\"pt-BR\",\"@id\":\"https:\\\/\\\/secure.gravatar.com\\\/avatar\\\/42749d8b712ff9d59ca93dc150494e5b55a44134482993f5baeb97e61b7ecc89?s=96&d=mm&r=g\",\"url\":\"https:\\\/\\\/secure.gravatar.com\\\/avatar\\\/42749d8b712ff9d59ca93dc150494e5b55a44134482993f5baeb97e61b7ecc89?s=96&d=mm&r=g\",\"contentUrl\":\"https:\\\/\\\/secure.gravatar.com\\\/avatar\\\/42749d8b712ff9d59ca93dc150494e5b55a44134482993f5baeb97e61b7ecc89?s=96&d=mm&r=g\",\"caption\":\"Roberto\"},\"url\":\"https:\\\/\\\/regiaonews.net.br\\\/2022\\\/author\\\/roberto\\\/\"}]}<\/script>\n<!-- \/ Yoast SEO plugin. -->","yoast_head_json":{"title":"Governo anuncia Fundo para indenizar produtores em novos casos de Febre Aftosa - Regi\u00e3o News","robots":{"index":"index","follow":"follow","max-snippet":"max-snippet:-1","max-image-preview":"max-image-preview:large","max-video-preview":"max-video-preview:-1"},"canonical":"https:\/\/regiaonews.net.br\/2022\/2024\/05\/04\/governo-anuncia-fundo-para-indenizar-produtores-em-novos-casos-de-febre-aftosa\/","og_locale":"pt_BR","og_type":"article","og_title":"Governo anuncia Fundo para indenizar produtores em novos casos de Febre Aftosa - Regi\u00e3o News","og_description":"&nbsp; Foto \u2013 Lideran\u00e7as da agricultura durante evento na Agrishow","og_url":"https:\/\/regiaonews.net.br\/2022\/2024\/05\/04\/governo-anuncia-fundo-para-indenizar-produtores-em-novos-casos-de-febre-aftosa\/","og_site_name":"Regi\u00e3o News","article_published_time":"2024-05-04T14:59:07+00:00","og_image":[{"width":1600,"height":1066,"url":"https:\/\/regiaonews.net.br\/2022\/wp-content\/uploads\/2024\/05\/WhatsApp-Image-2024-05-04-at-09.38.49.jpeg","type":"image\/jpeg"}],"author":"Roberto","twitter_card":"summary_large_image","twitter_misc":{"Escrito por":"Roberto","Est. tempo de leitura":"2 minutos"},"schema":{"@context":"https:\/\/schema.org","@graph":[{"@type":"Article","@id":"https:\/\/regiaonews.net.br\/2022\/2024\/05\/04\/governo-anuncia-fundo-para-indenizar-produtores-em-novos-casos-de-febre-aftosa\/#article","isPartOf":{"@id":"https:\/\/regiaonews.net.br\/2022\/2024\/05\/04\/governo-anuncia-fundo-para-indenizar-produtores-em-novos-casos-de-febre-aftosa\/"},"author":{"name":"Roberto","@id":"https:\/\/regiaonews.net.br\/2022\/#\/schema\/person\/2d205a608a5aa97ac279d7a5e6d89ad8"},"headline":"Governo anuncia Fundo para indenizar produtores em novos casos de Febre Aftosa","datePublished":"2024-05-04T14:59:07+00:00","mainEntityOfPage":{"@id":"https:\/\/regiaonews.net.br\/2022\/2024\/05\/04\/governo-anuncia-fundo-para-indenizar-produtores-em-novos-casos-de-febre-aftosa\/"},"wordCount":332,"commentCount":0,"publisher":{"@id":"https:\/\/regiaonews.net.br\/2022\/#organization"},"image":{"@id":"https:\/\/regiaonews.net.br\/2022\/2024\/05\/04\/governo-anuncia-fundo-para-indenizar-produtores-em-novos-casos-de-febre-aftosa\/#primaryimage"},"thumbnailUrl":"https:\/\/regiaonews.net.br\/2022\/wp-content\/uploads\/2024\/05\/WhatsApp-Image-2024-05-04-at-09.38.49.jpeg","articleSection":["Cidades","Ribeir\u00e3o Preto"],"inLanguage":"pt-BR","potentialAction":[{"@type":"CommentAction","name":"Comment","target":["https:\/\/regiaonews.net.br\/2022\/2024\/05\/04\/governo-anuncia-fundo-para-indenizar-produtores-em-novos-casos-de-febre-aftosa\/#respond"]}]},{"@type":"WebPage","@id":"https:\/\/regiaonews.net.br\/2022\/2024\/05\/04\/governo-anuncia-fundo-para-indenizar-produtores-em-novos-casos-de-febre-aftosa\/","url":"https:\/\/regiaonews.net.br\/2022\/2024\/05\/04\/governo-anuncia-fundo-para-indenizar-produtores-em-novos-casos-de-febre-aftosa\/","name":"Governo anuncia Fundo para indenizar produtores em novos casos de Febre Aftosa - Regi\u00e3o News","isPartOf":{"@id":"https:\/\/regiaonews.net.br\/2022\/#website"},"primaryImageOfPage":{"@id":"https:\/\/regiaonews.net.br\/2022\/2024\/05\/04\/governo-anuncia-fundo-para-indenizar-produtores-em-novos-casos-de-febre-aftosa\/#primaryimage"},"image":{"@id":"https:\/\/regiaonews.net.br\/2022\/2024\/05\/04\/governo-anuncia-fundo-para-indenizar-produtores-em-novos-casos-de-febre-aftosa\/#primaryimage"},"thumbnailUrl":"https:\/\/regiaonews.net.br\/2022\/wp-content\/uploads\/2024\/05\/WhatsApp-Image-2024-05-04-at-09.38.49.jpeg","datePublished":"2024-05-04T14:59:07+00:00","breadcrumb":{"@id":"https:\/\/regiaonews.net.br\/2022\/2024\/05\/04\/governo-anuncia-fundo-para-indenizar-produtores-em-novos-casos-de-febre-aftosa\/#breadcrumb"},"inLanguage":"pt-BR","potentialAction":[{"@type":"ReadAction","target":["https:\/\/regiaonews.net.br\/2022\/2024\/05\/04\/governo-anuncia-fundo-para-indenizar-produtores-em-novos-casos-de-febre-aftosa\/"]}]},{"@type":"ImageObject","inLanguage":"pt-BR","@id":"https:\/\/regiaonews.net.br\/2022\/2024\/05\/04\/governo-anuncia-fundo-para-indenizar-produtores-em-novos-casos-de-febre-aftosa\/#primaryimage","url":"https:\/\/regiaonews.net.br\/2022\/wp-content\/uploads\/2024\/05\/WhatsApp-Image-2024-05-04-at-09.38.49.jpeg","contentUrl":"https:\/\/regiaonews.net.br\/2022\/wp-content\/uploads\/2024\/05\/WhatsApp-Image-2024-05-04-at-09.38.49.jpeg","width":1600,"height":1066},{"@type":"BreadcrumbList","@id":"https:\/\/regiaonews.net.br\/2022\/2024\/05\/04\/governo-anuncia-fundo-para-indenizar-produtores-em-novos-casos-de-febre-aftosa\/#breadcrumb","itemListElement":[{"@type":"ListItem","position":1,"name":"In\u00edcio","item":"https:\/\/regiaonews.net.br\/2022\/"},{"@type":"ListItem","position":2,"name":"Governo anuncia Fundo para indenizar produtores em novos casos de Febre Aftosa"}]},{"@type":"WebSite","@id":"https:\/\/regiaonews.net.br\/2022\/#website","url":"https:\/\/regiaonews.net.br\/2022\/","name":"Regi\u00e3o News","description":"Site de Not\u00edcias de Barretos e regi\u00e3o","publisher":{"@id":"https:\/\/regiaonews.net.br\/2022\/#organization"},"potentialAction":[{"@type":"SearchAction","target":{"@type":"EntryPoint","urlTemplate":"https:\/\/regiaonews.net.br\/2022\/?s={search_term_string}"},"query-input":{"@type":"PropertyValueSpecification","valueRequired":true,"valueName":"search_term_string"}}],"inLanguage":"pt-BR"},{"@type":"Organization","@id":"https:\/\/regiaonews.net.br\/2022\/#organization","name":"Regi\u00e3o News","url":"https:\/\/regiaonews.net.br\/2022\/","logo":{"@type":"ImageObject","inLanguage":"pt-BR","@id":"https:\/\/regiaonews.net.br\/2022\/#\/schema\/logo\/image\/","url":"https:\/\/regiaonews.net.br\/2022\/wp-content\/uploads\/2026\/03\/regiao-13-anos-scaled.jpg","contentUrl":"https:\/\/regiaonews.net.br\/2022\/wp-content\/uploads\/2026\/03\/regiao-13-anos-scaled.jpg","width":2560,"height":635,"caption":"Regi\u00e3o News"},"image":{"@id":"https:\/\/regiaonews.net.br\/2022\/#\/schema\/logo\/image\/"}},{"@type":"Person","@id":"https:\/\/regiaonews.net.br\/2022\/#\/schema\/person\/2d205a608a5aa97ac279d7a5e6d89ad8","name":"Roberto","image":{"@type":"ImageObject","inLanguage":"pt-BR","@id":"https:\/\/secure.gravatar.com\/avatar\/42749d8b712ff9d59ca93dc150494e5b55a44134482993f5baeb97e61b7ecc89?s=96&d=mm&r=g","url":"https:\/\/secure.gravatar.com\/avatar\/42749d8b712ff9d59ca93dc150494e5b55a44134482993f5baeb97e61b7ecc89?s=96&d=mm&r=g","contentUrl":"https:\/\/secure.gravatar.com\/avatar\/42749d8b712ff9d59ca93dc150494e5b55a44134482993f5baeb97e61b7ecc89?s=96&d=mm&r=g","caption":"Roberto"},"url":"https:\/\/regiaonews.net.br\/2022\/author\/roberto\/"}]}},"publishpress_future_action":{"enabled":false,"date":"2026-05-03 18:57:49","action":"change-status","newStatus":"draft","terms":[],"taxonomy":"category","extraData":[]},"publishpress_future_workflow_manual_trigger":{"enabledWorkflows":[]},"_links":{"self":[{"href":"https:\/\/regiaonews.net.br\/2022\/wp-json\/wp\/v2\/posts\/104520","targetHints":{"allow":["GET"]}}],"collection":[{"href":"https:\/\/regiaonews.net.br\/2022\/wp-json\/wp\/v2\/posts"}],"about":[{"href":"https:\/\/regiaonews.net.br\/2022\/wp-json\/wp\/v2\/types\/post"}],"author":[{"embeddable":true,"href":"https:\/\/regiaonews.net.br\/2022\/wp-json\/wp\/v2\/users\/2"}],"replies":[{"embeddable":true,"href":"https:\/\/regiaonews.net.br\/2022\/wp-json\/wp\/v2\/comments?post=104520"}],"version-history":[{"count":1,"href":"https:\/\/regiaonews.net.br\/2022\/wp-json\/wp\/v2\/posts\/104520\/revisions"}],"predecessor-version":[{"id":104522,"href":"https:\/\/regiaonews.net.br\/2022\/wp-json\/wp\/v2\/posts\/104520\/revisions\/104522"}],"wp:featuredmedia":[{"embeddable":true,"href":"https:\/\/regiaonews.net.br\/2022\/wp-json\/wp\/v2\/media\/104521"}],"wp:attachment":[{"href":"https:\/\/regiaonews.net.br\/2022\/wp-json\/wp\/v2\/media?parent=104520"}],"wp:term":[{"taxonomy":"category","embeddable":true,"href":"https:\/\/regiaonews.net.br\/2022\/wp-json\/wp\/v2\/categories?post=104520"},{"taxonomy":"post_tag","embeddable":true,"href":"https:\/\/regiaonews.net.br\/2022\/wp-json\/wp\/v2\/tags?post=104520"}],"curies":[{"name":"wp","href":"https:\/\/api.w.org\/{rel}","templated":true}]}}